{"id":230029,"date":"2021-09-16T17:18:41","date_gmt":"2021-09-16T22:18:41","guid":{"rendered":"https:\/\/www.fiscalia.gov.co\/colombia\/?p=230029"},"modified":"2021-09-22T17:17:34","modified_gmt":"2021-09-22T22:17:34","slug":"judicializados-presuntos-responsables-de-llevarse-de-un-hospital-en-acacias-un-equipo-biomedico-para-atender-pacientes-afectados-por-el-coronavirus","status":"publish","type":"post","link":"https:\/\/www.fiscalia.gov.co\/colombia\/noticias\/judicializados-presuntos-responsables-de-llevarse-de-un-hospital-en-acacias-un-equipo-biomedico-para-atender-pacientes-afectados-por-el-coronavirus\/","title":{"rendered":"Judicializados presuntos responsables de llevarse de un hospital en Acacias, un equipo biom\u00e9dico para atender pacientes afectados por el Coronavirus"},"content":{"rendered":"<blockquote class=\"td_quote_box td_box_center\">\n<h4 style=\"text-align: left;\"><strong><i>Los hechos se presentaron en abril de 2020, en plena emergencia por la pandemia.<\/i><\/strong><\/h4>\n<\/blockquote>\n<p>La contundencia del material probatorio presentado por un fiscal de la Seccional Meta permiti\u00f3 que un juez de control de garant\u00edas de Acacias impusiera\u00a0<b>medida privativa de la libertad a dos personas<\/b>, presuntamente, responsables de apoderarse de un equipo biom\u00e9dico para la atenci\u00f3n de pacientes afectados por la pandemia.<\/p>\n<p>Se trata del entonces enfermero jefe del centro asistencial\u00a0<b>Rigoberto Rojas Cantor<\/b>; y\u00a0de\u00a0<b>Juan Diego P\u00e9rez Cruz<\/b>, amigo del primero.<\/p>\n<p>Seg\u00fan la investigaci\u00f3n,\u00a0la madrugada del\u00a09 de\u00a0abril de 2020, en plena emergencia por la pandemia, al parecer, Rojas Cantor\u00a0<a href=\"https:\/\/www.fiscalia.gov.co\/colombia\/seccionales\/imputada-exfuncionaria-de-la-corporacion-autonoma-regional-de-caldas-por-peculado-por-apropiacion\/\" target=\"_blank\" rel=\"noopener noreferrer\" data-saferedirecturl=\"https:\/\/www.google.com\/url?q=https:\/\/www.fiscalia.gov.co\/colombia\/seccionales\/imputada-exfuncionaria-de-la-corporacion-autonoma-regional-de-caldas-por-peculado-por-apropiacion\/&amp;source=gmail&amp;ust=1631912716220000&amp;usg=AFQjCNF4VO-x4U5C6_d4SevFQuw4dhxaZw\">sac\u00f3 de manera irregular el \u00fanico\u00a0equipo biom\u00e9dico,\u00a0\u00a0tipo ventilador mec\u00e1nico, que exist\u00eda en el hospital<\/a>\u00a0para\u00a0atender pacientes con patolog\u00edas respiratorias o afectados por el Coronavirus.<\/p>\n<p>Se pudo constatar que dicho equipo fue adquirido por el hospital en 2016, gracias a una donaci\u00f3n de la alcald\u00eda local, siendo su valor estimado en, aproximadamente, 36 millones de pesos.<\/p>\n<p>Labores de polic\u00eda judicial evidenciaron c\u00f3mo Rojas Cantor habr\u00eda acudido a los servicios de una reconocida empresa de encomiendas para enviar el instrumento cient\u00edfico a Bogot\u00e1, donde\u00a0<b>P\u00e9rez Cruz\u00a0<\/b>deb\u00eda reclamarlo y, al parecer, mantenerlo oculto en su casa.<\/p>\n<p>El trabajo conjunto adelantado por la Fiscal\u00eda General de la Naci\u00f3n y la Polic\u00eda Nacional permiti\u00f3 recaudar grabaciones de c\u00e1maras de video ubicadas en el centro asistencial que recopilar testimonios que, sumados a labores de campo, ayudaron a recuperar el equipo m\u00e9dico antes de que fuera recogido en la capital del pa\u00eds.<\/p>\n<p>En el marco de la investigaci\u00f3n fue posible establecer la plena identificaci\u00f3n y ubicaci\u00f3n de los presuntos responsables, quienes fueron detenidos en Villavicencio y judicializados ante el\u00a0Juzgado Primero Penal Municipal con funci\u00f3n de control de garant\u00edas de Acacias (Meta).<\/p>\n<p>Rojas Cantor fue imputado como presunto responsable del delito de\u00a0<b>peculado por apropiaci\u00f3n en calidad\u00a0<\/b>de<b>\u00a0<\/b>coautor; y P\u00e9rez Cruz lo fue como coautor a t\u00edtulo de interviniente. El primero acept\u00f3 su responsabilidad en el delito atribuido; mientras que el segundo la rechaz\u00f3.<\/p>\n<p>Por estos hechos el juez impuso a P\u00e9rez Cruz detenci\u00f3n\u00a0carcelaria, mientras que para Rojas Cantor<b>\u00a0domiciliaria<\/b>.<\/p>\n<p>La Fiscal\u00eda indaga por la posible participaci\u00f3n de otras personas en estos hechos irregulares.<\/p>\n<p><b>La Fiscal\u00eda habla con resultados.<\/b><b><\/b><\/p>\n<p>&nbsp;<\/p>\n<p><b>PYMP\/MAGA\/LABB\/MRC.<\/b><\/p>\n<p><span lang=\"ES\">\u00a0<\/span><\/p>\n<p><em><span lang=\"ES\">La informaci\u00f3n contenida en este bolet\u00edn de prensa corresponde a la narraci\u00f3n de los hechos noticiosos objetivos, suministrados por los funcionarios encargados de adelantar las investigaciones penales al interior de la Fiscal\u00eda General de la Naci\u00f3n. Para el momento de la divulgaci\u00f3n de este comunicado, la situaci\u00f3n jur\u00eddica de la(s) persona(s) relacionada(s) se encuentra pendiente de resolver por la autoridad judicial competente, siempre bajo los preceptos de la presunci\u00f3n de inocencia, consagrados en el art\u00edculo 29 de la Constituci\u00f3n Pol\u00edtica y el art\u00edculo 7\u00ba de la Ley 906 de 2004.<\/span><\/em><b><\/b><\/p>\n\n<div class=\"twitter-share\"><a href=\"https:\/\/twitter.com\/intent\/tweet?via=fiscaliacol\" class=\"twitter-share-button\">Tweet<\/a><\/div>\n","protected":false},"excerpt":{"rendered":"<p>Los hechos se presentaron en abril de 2020, en plena emergencia por la pandemia. La contundencia del material probatorio presentado por un fiscal de la Seccional Meta permiti\u00f3 que un juez de control de garant\u00edas de Acacias impusiera\u00a0medida privativa de la libertad a dos personas, presuntamente, responsables de apoderarse de un equipo biom\u00e9dico para la [&hellip;]<\/p>\n","protected":false},"author":175,"featured_media":0,"comment_status":"closed","ping_status":"open","sticky":false,"template":"","format":"video","meta":{"_price":"","_stock":"","_tribe_ticket_header":"","_tribe_default_ticket_provider":"","_tribe_ticket_capacity":"0","_ticket_start_date":"","_ticket_end_date":"","_tribe_ticket_show_description":"","_tribe_ticket_show_not_going":false,"_tribe_ticket_use_global_stock":"","_tribe_ticket_global_stock_level":"","_global_stock_mode":"","_global_stock_cap":"","_tribe_rsvp_for_event":"","_tribe_ticket_going_count":"","_tribe_ticket_not_going_count":"","_tribe_tickets_list":"[]","_tribe_ticket_has_attendee_info_fields":false,"tdm_status":"","tdm_grid_status":"","footnotes":""},"categories":[24097,1,688],"tags":[24478,28763,28761,24189,8303,25071,28762,1229],"class_list":{"0":"post-230029","1":"post","2":"type-post","3":"status-publish","4":"format-video","6":"category-corrupcion","7":"category-noticias","8":"category-seccional-villavicencio","9":"tag-domiciliaria","10":"tag-enfermero-jefe","11":"tag-equipo-biomedico-tipo-ventilador-mecanico-de-transporte","12":"tag-fiscal-francisco-barbosa-delgado","13":"tag-hospital","14":"tag-intramural","15":"tag-patologias-respiratorias-y-de-covid","16":"tag-peculado-por-apropiacion","17":"post_format-post-format-video"},"yoast_head":"<!-- This site is optimized with the Yoast SEO plugin v24.3 - https:\/\/yoast.com\/wordpress\/plugins\/seo\/ -->\n<title>Fiscal\u00eda General de la Naci\u00f3n<\/title>\n<meta name=\"description\" content=\"P\u00e1gina oficial de la Fiscal\u00eda General de la Naci\u00f3n \u2013 Colombia. Garantizamos el acceso efectivo a la justicia, la verdad y la reparaci\u00f3n de las v\u00edctimas de los delitos.\" \/>\n<meta name=\"robots\" content=\"noindex, follow\" \/>\n<meta property=\"og:locale\" content=\"es_ES\" \/>\n<meta property=\"og:type\" content=\"article\" \/>\n<meta property=\"og:title\" content=\"Fiscal\u00eda General de la Naci\u00f3n\" \/>\n<meta property=\"og:description\" content=\"P\u00e1gina oficial de la Fiscal\u00eda General de la Naci\u00f3n \u2013 Colombia. Garantizamos el acceso efectivo a la justicia, la verdad y la reparaci\u00f3n de las v\u00edctimas de los delitos.\" \/>\n<meta property=\"og:url\" content=\"https:\/\/www.fiscalia.gov.co\/colombia\/noticias\/judicializados-presuntos-responsables-de-llevarse-de-un-hospital-en-acacias-un-equipo-biomedico-para-atender-pacientes-afectados-por-el-coronavirus\/\" \/>\n<meta property=\"og:site_name\" content=\"Fiscal\u00eda General de la Naci\u00f3n\" \/>\n<meta property=\"article:publisher\" content=\"https:\/\/www.facebook.com\/FiscaliaCol\" \/>\n<meta property=\"article:published_time\" content=\"2021-09-16T22:18:41+00:00\" \/>\n<meta property=\"article:modified_time\" content=\"2021-09-22T22:17:34+00:00\" \/>\n<meta name=\"author\" content=\"Katherine Loaiza Mart\u00ednez\" \/>\n<meta name=\"twitter:card\" content=\"summary_large_image\" \/>\n<meta name=\"twitter:creator\" content=\"@FiscaliaCol\" \/>\n<meta name=\"twitter:site\" content=\"@FiscaliaCol\" \/>\n<meta name=\"twitter:label1\" content=\"Escrito por\" \/>\n\t<meta name=\"twitter:data1\" content=\"Katherine Loaiza Mart\u00ednez\" \/>\n\t<meta name=\"twitter:label2\" content=\"Tiempo de lectura\" \/>\n\t<meta name=\"twitter:data2\" content=\"3 minutos\" \/>\n<script type=\"application\/ld+json\" class=\"yoast-schema-graph\">{\"@context\":\"https:\/\/schema.org\",\"@graph\":[{\"@type\":\"Article\",\"@id\":\"https:\/\/www.fiscalia.gov.co\/colombia\/noticias\/judicializados-presuntos-responsables-de-llevarse-de-un-hospital-en-acacias-un-equipo-biomedico-para-atender-pacientes-afectados-por-el-coronavirus\/#article\",\"isPartOf\":{\"@id\":\"https:\/\/www.fiscalia.gov.co\/colombia\/noticias\/judicializados-presuntos-responsables-de-llevarse-de-un-hospital-en-acacias-un-equipo-biomedico-para-atender-pacientes-afectados-por-el-coronavirus\/\"},\"author\":{\"name\":\"Katherine Loaiza Mart\u00ednez\",\"@id\":\"https:\/\/www.fiscalia.gov.co\/colombia\/#\/schema\/person\/2e76b9aba5ecf875ed565ce4de0e0415\"},\"headline\":\"Judicializados presuntos responsables de llevarse de un hospital en Acacias, un equipo biom\u00e9dico para atender pacientes afectados por el Coronavirus\",\"datePublished\":\"2021-09-16T22:18:41+00:00\",\"dateModified\":\"2021-09-22T22:17:34+00:00\",\"mainEntityOfPage\":{\"@id\":\"https:\/\/www.fiscalia.gov.co\/colombia\/noticias\/judicializados-presuntos-responsables-de-llevarse-de-un-hospital-en-acacias-un-equipo-biomedico-para-atender-pacientes-afectados-por-el-coronavirus\/\"},\"wordCount\":533,\"publisher\":{\"@id\":\"https:\/\/www.fiscalia.gov.co\/colombia\/#organization\"},\"keywords\":[\"domiciliaria\",\"enfermero jefe\",\"equipo biom\u00e9dico tipo ventilador mec\u00e1nico de transporte\",\"Fiscal Francisco Barbosa Delgado\",\"Hospital\",\"intramural\",\"patolog\u00edas respiratorias y de covid\",\"Peculado por apropiaci\u00f3n\"],\"articleSection\":[\"Corrupci\u00f3n\",\"Noticias\",\"Seccional Villavicencio\"],\"inLanguage\":\"es-CO\"},{\"@type\":\"WebPage\",\"@id\":\"https:\/\/www.fiscalia.gov.co\/colombia\/noticias\/judicializados-presuntos-responsables-de-llevarse-de-un-hospital-en-acacias-un-equipo-biomedico-para-atender-pacientes-afectados-por-el-coronavirus\/\",\"url\":\"https:\/\/www.fiscalia.gov.co\/colombia\/noticias\/judicializados-presuntos-responsables-de-llevarse-de-un-hospital-en-acacias-un-equipo-biomedico-para-atender-pacientes-afectados-por-el-coronavirus\/\",\"name\":\"Fiscal\u00eda General de la Naci\u00f3n\",\"isPartOf\":{\"@id\":\"https:\/\/www.fiscalia.gov.co\/colombia\/#website\"},\"datePublished\":\"2021-09-16T22:18:41+00:00\",\"dateModified\":\"2021-09-22T22:17:34+00:00\",\"description\":\"P\u00e1gina oficial de la Fiscal\u00eda General de la Naci\u00f3n \u2013 Colombia. Garantizamos el acceso efectivo a la justicia, la verdad y la reparaci\u00f3n de las v\u00edctimas de los delitos.\",\"breadcrumb\":{\"@id\":\"https:\/\/www.fiscalia.gov.co\/colombia\/noticias\/judicializados-presuntos-responsables-de-llevarse-de-un-hospital-en-acacias-un-equipo-biomedico-para-atender-pacientes-afectados-por-el-coronavirus\/#breadcrumb\"},\"inLanguage\":\"es-CO\",\"potentialAction\":[{\"@type\":\"ReadAction\",\"target\":[\"https:\/\/www.fiscalia.gov.co\/colombia\/noticias\/judicializados-presuntos-responsables-de-llevarse-de-un-hospital-en-acacias-un-equipo-biomedico-para-atender-pacientes-afectados-por-el-coronavirus\/\"]}]},{\"@type\":\"BreadcrumbList\",\"@id\":\"https:\/\/www.fiscalia.gov.co\/colombia\/noticias\/judicializados-presuntos-responsables-de-llevarse-de-un-hospital-en-acacias-un-equipo-biomedico-para-atender-pacientes-afectados-por-el-coronavirus\/#breadcrumb\",\"itemListElement\":[{\"@type\":\"ListItem\",\"position\":1,\"name\":\"Home\",\"item\":\"https:\/\/www.fiscalia.gov.co\/colombia\/\"},{\"@type\":\"ListItem\",\"position\":2,\"name\":\"Judicializados presuntos responsables de llevarse de un hospital en Acacias, un equipo biom\u00e9dico para atender pacientes afectados por el Coronavirus\"}]},{\"@type\":\"WebSite\",\"@id\":\"https:\/\/www.fiscalia.gov.co\/colombia\/#website\",\"url\":\"https:\/\/www.fiscalia.gov.co\/colombia\/\",\"name\":\"Fiscal\u00eda General de la Naci\u00f3n\",\"description\":\"P\u00e1gina oficial de la Fiscal\u00eda General de la Naci\u00f3n \u2013 Colombia. Garantizamos el acceso efectivo a la justicia, la verdad y la reparaci\u00f3n de las v\u00edctimas de los delitos.\",\"publisher\":{\"@id\":\"https:\/\/www.fiscalia.gov.co\/colombia\/#organization\"},\"potentialAction\":[{\"@type\":\"SearchAction\",\"target\":{\"@type\":\"EntryPoint\",\"urlTemplate\":\"https:\/\/www.fiscalia.gov.co\/colombia\/?s={search_term_string}\"},\"query-input\":{\"@type\":\"PropertyValueSpecification\",\"valueRequired\":true,\"valueName\":\"search_term_string\"}}],\"inLanguage\":\"es-CO\"},{\"@type\":\"Organization\",\"@id\":\"https:\/\/www.fiscalia.gov.co\/colombia\/#organization\",\"name\":\"Fiscal\u00eda General de la Naci\u00f3n\",\"url\":\"https:\/\/www.fiscalia.gov.co\/colombia\/\",\"logo\":{\"@type\":\"ImageObject\",\"inLanguage\":\"es-CO\",\"@id\":\"https:\/\/www.fiscalia.gov.co\/colombia\/#\/schema\/logo\/image\/\",\"url\":\"https:\/\/www.fiscalia.gov.co\/colombia\/wp-content\/uploads\/LogoHorizontal_1.jpg\",\"contentUrl\":\"https:\/\/www.fiscalia.gov.co\/colombia\/wp-content\/uploads\/LogoHorizontal_1.jpg\",\"width\":300,\"height\":90,\"caption\":\"Fiscal\u00eda General de la Naci\u00f3n\"},\"image\":{\"@id\":\"https:\/\/www.fiscalia.gov.co\/colombia\/#\/schema\/logo\/image\/\"},\"sameAs\":[\"https:\/\/www.facebook.com\/FiscaliaCol\",\"https:\/\/x.com\/FiscaliaCol\",\"https:\/\/www.instagram.com\/fiscaliacol\",\"https:\/\/www.linkedin.com\/company\/fiscalia-general-de-la-naci-n\/\",\"https:\/\/youtube.com\/@fiscaliageneraldelanacion-4668?si=6nN79nyQICPU5iTh\"]},{\"@type\":\"Person\",\"@id\":\"https:\/\/www.fiscalia.gov.co\/colombia\/#\/schema\/person\/2e76b9aba5ecf875ed565ce4de0e0415\",\"name\":\"Katherine Loaiza Mart\u00ednez\",\"image\":{\"@type\":\"ImageObject\",\"inLanguage\":\"es-CO\",\"@id\":\"https:\/\/www.fiscalia.gov.co\/colombia\/#\/schema\/person\/image\/\",\"url\":\"https:\/\/secure.gravatar.com\/avatar\/ab775a2f394c1b83b6d6f78680e57b50?s=96&d=mm&r=g\",\"contentUrl\":\"https:\/\/secure.gravatar.com\/avatar\/ab775a2f394c1b83b6d6f78680e57b50?s=96&d=mm&r=g\",\"caption\":\"Katherine Loaiza Mart\u00ednez\"},\"url\":\"https:\/\/www.fiscalia.gov.co\/colombia\/author\/kloaiza\/\"}]}<\/script>\n<!-- \/ Yoast SEO plugin. -->","yoast_head_json":{"title":"Fiscal\u00eda General de la Naci\u00f3n","description":"P\u00e1gina oficial de la Fiscal\u00eda General de la Naci\u00f3n \u2013 Colombia. Garantizamos el acceso efectivo a la justicia, la verdad y la reparaci\u00f3n de las v\u00edctimas de los delitos.","robots":{"index":"noindex","follow":"follow"},"og_locale":"es_ES","og_type":"article","og_title":"Fiscal\u00eda General de la Naci\u00f3n","og_description":"P\u00e1gina oficial de la Fiscal\u00eda General de la Naci\u00f3n \u2013 Colombia. Garantizamos el acceso efectivo a la justicia, la verdad y la reparaci\u00f3n de las v\u00edctimas de los delitos.","og_url":"https:\/\/www.fiscalia.gov.co\/colombia\/noticias\/judicializados-presuntos-responsables-de-llevarse-de-un-hospital-en-acacias-un-equipo-biomedico-para-atender-pacientes-afectados-por-el-coronavirus\/","og_site_name":"Fiscal\u00eda General de la Naci\u00f3n","article_publisher":"https:\/\/www.facebook.com\/FiscaliaCol","article_published_time":"2021-09-16T22:18:41+00:00","article_modified_time":"2021-09-22T22:17:34+00:00","author":"Katherine Loaiza Mart\u00ednez","twitter_card":"summary_large_image","twitter_creator":"@FiscaliaCol","twitter_site":"@FiscaliaCol","twitter_misc":{"Escrito por":"Katherine Loaiza Mart\u00ednez","Tiempo de lectura":"3 minutos"},"schema":{"@context":"https:\/\/schema.org","@graph":[{"@type":"Article","@id":"https:\/\/www.fiscalia.gov.co\/colombia\/noticias\/judicializados-presuntos-responsables-de-llevarse-de-un-hospital-en-acacias-un-equipo-biomedico-para-atender-pacientes-afectados-por-el-coronavirus\/#article","isPartOf":{"@id":"https:\/\/www.fiscalia.gov.co\/colombia\/noticias\/judicializados-presuntos-responsables-de-llevarse-de-un-hospital-en-acacias-un-equipo-biomedico-para-atender-pacientes-afectados-por-el-coronavirus\/"},"author":{"name":"Katherine Loaiza Mart\u00ednez","@id":"https:\/\/www.fiscalia.gov.co\/colombia\/#\/schema\/person\/2e76b9aba5ecf875ed565ce4de0e0415"},"headline":"Judicializados presuntos responsables de llevarse de un hospital en Acacias, un equipo biom\u00e9dico para atender pacientes afectados por el Coronavirus","datePublished":"2021-09-16T22:18:41+00:00","dateModified":"2021-09-22T22:17:34+00:00","mainEntityOfPage":{"@id":"https:\/\/www.fiscalia.gov.co\/colombia\/noticias\/judicializados-presuntos-responsables-de-llevarse-de-un-hospital-en-acacias-un-equipo-biomedico-para-atender-pacientes-afectados-por-el-coronavirus\/"},"wordCount":533,"publisher":{"@id":"https:\/\/www.fiscalia.gov.co\/colombia\/#organization"},"keywords":["domiciliaria","enfermero jefe","equipo biom\u00e9dico tipo ventilador mec\u00e1nico de transporte","Fiscal Francisco Barbosa Delgado","Hospital","intramural","patolog\u00edas respiratorias y de covid","Peculado por apropiaci\u00f3n"],"articleSection":["Corrupci\u00f3n","Noticias","Seccional Villavicencio"],"inLanguage":"es-CO"},{"@type":"WebPage","@id":"https:\/\/www.fiscalia.gov.co\/colombia\/noticias\/judicializados-presuntos-responsables-de-llevarse-de-un-hospital-en-acacias-un-equipo-biomedico-para-atender-pacientes-afectados-por-el-coronavirus\/","url":"https:\/\/www.fiscalia.gov.co\/colombia\/noticias\/judicializados-presuntos-responsables-de-llevarse-de-un-hospital-en-acacias-un-equipo-biomedico-para-atender-pacientes-afectados-por-el-coronavirus\/","name":"Fiscal\u00eda General de la Naci\u00f3n","isPartOf":{"@id":"https:\/\/www.fiscalia.gov.co\/colombia\/#website"},"datePublished":"2021-09-16T22:18:41+00:00","dateModified":"2021-09-22T22:17:34+00:00","description":"P\u00e1gina oficial de la Fiscal\u00eda General de la Naci\u00f3n \u2013 Colombia. Garantizamos el acceso efectivo a la justicia, la verdad y la reparaci\u00f3n de las v\u00edctimas de los delitos.","breadcrumb":{"@id":"https:\/\/www.fiscalia.gov.co\/colombia\/noticias\/judicializados-presuntos-responsables-de-llevarse-de-un-hospital-en-acacias-un-equipo-biomedico-para-atender-pacientes-afectados-por-el-coronavirus\/#breadcrumb"},"inLanguage":"es-CO","potentialAction":[{"@type":"ReadAction","target":["https:\/\/www.fiscalia.gov.co\/colombia\/noticias\/judicializados-presuntos-responsables-de-llevarse-de-un-hospital-en-acacias-un-equipo-biomedico-para-atender-pacientes-afectados-por-el-coronavirus\/"]}]},{"@type":"BreadcrumbList","@id":"https:\/\/www.fiscalia.gov.co\/colombia\/noticias\/judicializados-presuntos-responsables-de-llevarse-de-un-hospital-en-acacias-un-equipo-biomedico-para-atender-pacientes-afectados-por-el-coronavirus\/#breadcrumb","itemListElement":[{"@type":"ListItem","position":1,"name":"Home","item":"https:\/\/www.fiscalia.gov.co\/colombia\/"},{"@type":"ListItem","position":2,"name":"Judicializados presuntos responsables de llevarse de un hospital en Acacias, un equipo biom\u00e9dico para atender pacientes afectados por el Coronavirus"}]},{"@type":"WebSite","@id":"https:\/\/www.fiscalia.gov.co\/colombia\/#website","url":"https:\/\/www.fiscalia.gov.co\/colombia\/","name":"Fiscal\u00eda General de la Naci\u00f3n","description":"P\u00e1gina oficial de la Fiscal\u00eda General de la Naci\u00f3n \u2013 Colombia. Garantizamos el acceso efectivo a la justicia, la verdad y la reparaci\u00f3n de las v\u00edctimas de los delitos.","publisher":{"@id":"https:\/\/www.fiscalia.gov.co\/colombia\/#organization"},"potentialAction":[{"@type":"SearchAction","target":{"@type":"EntryPoint","urlTemplate":"https:\/\/www.fiscalia.gov.co\/colombia\/?s={search_term_string}"},"query-input":{"@type":"PropertyValueSpecification","valueRequired":true,"valueName":"search_term_string"}}],"inLanguage":"es-CO"},{"@type":"Organization","@id":"https:\/\/www.fiscalia.gov.co\/colombia\/#organization","name":"Fiscal\u00eda General de la Naci\u00f3n","url":"https:\/\/www.fiscalia.gov.co\/colombia\/","logo":{"@type":"ImageObject","inLanguage":"es-CO","@id":"https:\/\/www.fiscalia.gov.co\/colombia\/#\/schema\/logo\/image\/","url":"https:\/\/www.fiscalia.gov.co\/colombia\/wp-content\/uploads\/LogoHorizontal_1.jpg","contentUrl":"https:\/\/www.fiscalia.gov.co\/colombia\/wp-content\/uploads\/LogoHorizontal_1.jpg","width":300,"height":90,"caption":"Fiscal\u00eda General de la Naci\u00f3n"},"image":{"@id":"https:\/\/www.fiscalia.gov.co\/colombia\/#\/schema\/logo\/image\/"},"sameAs":["https:\/\/www.facebook.com\/FiscaliaCol","https:\/\/x.com\/FiscaliaCol","https:\/\/www.instagram.com\/fiscaliacol","https:\/\/www.linkedin.com\/company\/fiscalia-general-de-la-naci-n\/","https:\/\/youtube.com\/@fiscaliageneraldelanacion-4668?si=6nN79nyQICPU5iTh"]},{"@type":"Person","@id":"https:\/\/www.fiscalia.gov.co\/colombia\/#\/schema\/person\/2e76b9aba5ecf875ed565ce4de0e0415","name":"Katherine Loaiza Mart\u00ednez","image":{"@type":"ImageObject","inLanguage":"es-CO","@id":"https:\/\/www.fiscalia.gov.co\/colombia\/#\/schema\/person\/image\/","url":"https:\/\/secure.gravatar.com\/avatar\/ab775a2f394c1b83b6d6f78680e57b50?s=96&d=mm&r=g","contentUrl":"https:\/\/secure.gravatar.com\/avatar\/ab775a2f394c1b83b6d6f78680e57b50?s=96&d=mm&r=g","caption":"Katherine Loaiza Mart\u00ednez"},"url":"https:\/\/www.fiscalia.gov.co\/colombia\/author\/kloaiza\/"}]}},"_links":{"self":[{"href":"https:\/\/www.fiscalia.gov.co\/colombia\/wp-json\/wp\/v2\/posts\/230029","targetHints":{"allow":["GET"]}}],"collection":[{"href":"https:\/\/www.fiscalia.gov.co\/colombia\/wp-json\/wp\/v2\/posts"}],"about":[{"href":"https:\/\/www.fiscalia.gov.co\/colombia\/wp-json\/wp\/v2\/types\/post"}],"author":[{"embeddable":true,"href":"https:\/\/www.fiscalia.gov.co\/colombia\/wp-json\/wp\/v2\/users\/175"}],"replies":[{"embeddable":true,"href":"https:\/\/www.fiscalia.gov.co\/colombia\/wp-json\/wp\/v2\/comments?post=230029"}],"version-history":[{"count":2,"href":"https:\/\/www.fiscalia.gov.co\/colombia\/wp-json\/wp\/v2\/posts\/230029\/revisions"}],"predecessor-version":[{"id":230472,"href":"https:\/\/www.fiscalia.gov.co\/colombia\/wp-json\/wp\/v2\/posts\/230029\/revisions\/230472"}],"wp:attachment":[{"href":"https:\/\/www.fiscalia.gov.co\/colombia\/wp-json\/wp\/v2\/media?parent=230029"}],"wp:term":[{"taxonomy":"category","embeddable":true,"href":"https:\/\/www.fiscalia.gov.co\/colombia\/wp-json\/wp\/v2\/categories?post=230029"},{"taxonomy":"post_tag","embeddable":true,"href":"https:\/\/www.fiscalia.gov.co\/colombia\/wp-json\/wp\/v2\/tags?post=230029"}],"curies":[{"name":"wp","href":"https:\/\/api.w.org\/{rel}","templated":true}]}}