{"id":229896,"date":"2021-09-15T13:48:39","date_gmt":"2021-09-15T18:48:39","guid":{"rendered":"https:\/\/www.fiscalia.gov.co\/colombia\/?p=229896"},"modified":"2022-02-04T14:58:33","modified_gmt":"2022-02-04T19:58:33","slug":"la-fiscalia-realizara-una-jornada-de-atencion-a-ciudadanos-en-chaparral-tolima","status":"publish","type":"post","link":"https:\/\/www.fiscalia.gov.co\/colombia\/noticias\/la-fiscalia-realizara-una-jornada-de-atencion-a-ciudadanos-en-chaparral-tolima\/","title":{"rendered":"La Fiscal\u00eda realizar\u00e1 una jornada de atenci\u00f3n a ciudadanos en Chaparral (Tolima)"},"content":{"rendered":"<p style=\"font-weight: 400;\"><strong><em>Orientaci\u00f3n y recepci\u00f3n de quejas, peticiones, reclamos y denuncias ser\u00e1n los servicios que ofrecer\u00e1 la Fiscal\u00eda del 16 al 17 de septiembre, en el Sur del Tolima.<\/em><\/strong><\/p>\n<p style=\"font-weight: 400;\">Con el fin de brindarle mayor acceso a la justicia a la ciudadan\u00eda haciendo presencia en los territorios, la Seccional Tolima de la Fiscal\u00eda General de la Naci\u00f3n realizar\u00e1 este 16 y 17 de septiembre una\u00a0<a href=\"https:\/\/www.fiscalia.gov.co\/colombia\/seccionales\/fiscalia-realizara-primera-jornada-de-atencion-a-usuarios-en-mariquita-tolima\/\" data-saferedirecturl=\"https:\/\/www.google.com\/url?q=https:\/\/www.fiscalia.gov.co\/colombia\/seccionales\/fiscalia-realizara-primera-jornada-de-atencion-a-usuarios-en-mariquita-tolima\/&amp;source=gmail&amp;ust=1631817118359000&amp;usg=AFQjCNEMPa5WlAsnrZ6F8y48Y25rv4CpxQ\">jornada de atenci\u00f3n e informaci\u00f3n en\u00a0Chaparral (Tolima)<\/a>,\u00a0dirigida\u00a0a los habitantes tanto de esta\u00a0localidad\u00a0como de los\u00a0municipios\u00a0aleda\u00f1os.<\/p>\n<p style=\"font-weight: 400;\">Los miembros de la Polic\u00eda Judicial CTI y fiscales de la unidad local, con el apoyo de un equipo especial del Nivel Central, estar\u00e1n dispuestos a recibir las denuncias, al tiempo que van a brindar orientaci\u00f3n e informaci\u00f3n durante toda\u00a0la\u00a0actividad.<\/p>\n<p style=\"font-weight: 400;\">La jornada se llevar\u00e1 a cabo entre las 8:00 de la ma\u00f1ana y las 12:00 del mediod\u00eda y entre la 1:00 y las 5:00 de la tarde,\u00a0en la sede de la entidad ubicada en la calle 7\u00b0 con carrera 7\u00b0, esquina.<\/p>\n<p style=\"font-weight: 400;\">Los servicios\u00a0que\u00a0se ofrecer\u00e1n son:<\/p>\n<ul>\n<li style=\"font-weight: 400;\">Denuncia (formal o de manera an\u00f3nima)<\/li>\n<li style=\"font-weight: 400;\">Actos urgentes<\/li>\n<li style=\"font-weight: 400;\">Peticiones, quejas, reclamos y sugerencias<\/li>\n<li style=\"font-weight: 400;\">Orientaci\u00f3n sobre rutas de atenci\u00f3n a v\u00edctimas<\/li>\n<\/ul>\n<p style=\"font-weight: 400;\">\n<p style=\"font-weight: 400;\">El viernes 17, en horas de la ma\u00f1ana, el programa de prevenci\u00f3n del delito Futuro Colombia, de la Fiscal\u00eda,\u00a0contar\u00e1 con la representaci\u00f3n de diferentes despachos de la Alcald\u00eda Municipal, la Polic\u00eda y el Ej\u00e9rcito Nacional, los cuales har\u00e1n presencia en el parque principal para ofrecer una amplia oferta de servicios interinstitucionales.<\/p>\n<p style=\"font-weight: 400;\">\n<p style=\"font-weight: 400;\">La Fiscal\u00eda habla con resultados.<\/p>\n<p style=\"font-weight: 400;\">\n<p style=\"font-weight: 400;\">PAAM\/CFG\/GGM<\/p>\n\n<div class=\"twitter-share\"><a href=\"https:\/\/twitter.com\/intent\/tweet?via=fiscaliacol\" class=\"twitter-share-button\">Tweet<\/a><\/div>\n","protected":false},"excerpt":{"rendered":"<p>Orientaci\u00f3n y recepci\u00f3n de quejas, peticiones, reclamos y denuncias ser\u00e1n los servicios que ofrecer\u00e1 la Fiscal\u00eda del 16 al 17 de septiembre, en el Sur del Tolima. Con el fin [&hellip;]<\/p>\n","protected":false},"author":175,"featured_media":0,"comment_status":"closed","ping_status":"open","sticky":false,"template":"","format":"standard","meta":{"tdm_status":"","tdm_grid_status":"","footnotes":""},"categories":[1,30299,329],"tags":[13919,28750,617,25444,1288,24189,1047,4011,26265,28749,26268,14841,11101,26236],"class_list":["post-229896","post","type-post","status-publish","format-standard","category-noticias","category-ruta-esclarecimiento-itinerante","category-seccional-ibague","tag-actos-urgentes","tag-alcaldia-de-chaparral","tag-atencion-a-victimas","tag-chaparral","tag-denuncia","tag-fiscal-francisco-barbosa-delgado","tag-fiscalia-general-de-la-nacion","tag-futuro-colombia","tag-jornada-de-atencion-a-usuarios","tag-oferta-interinstitucional","tag-orientacion","tag-pqrs","tag-seguridad-ciudadana","tag-sur-del-tolima"],"yoast_head":"<!-- This site is optimized with the Yoast SEO plugin v24.3 - https:\/\/yoast.com\/wordpress\/plugins\/seo\/ -->\n<title>Fiscal\u00eda General de la Naci\u00f3n<\/title>\n<meta name=\"description\" content=\"P\u00e1gina oficial de la Fiscal\u00eda General de la Naci\u00f3n \u2013 Colombia. Garantizamos el acceso efectivo a la justicia, la verdad y la reparaci\u00f3n de las v\u00edctimas de los delitos.\" \/>\n<meta name=\"robots\" content=\"noindex, follow\" \/>\n<meta property=\"og:locale\" content=\"es_ES\" \/>\n<meta property=\"og:type\" content=\"article\" \/>\n<meta property=\"og:title\" content=\"Fiscal\u00eda General de la Naci\u00f3n\" \/>\n<meta property=\"og:description\" content=\"P\u00e1gina oficial de la Fiscal\u00eda General de la Naci\u00f3n \u2013 Colombia. Garantizamos el acceso efectivo a la justicia, la verdad y la reparaci\u00f3n de las v\u00edctimas de los delitos.\" \/>\n<meta property=\"og:url\" content=\"https:\/\/www.fiscalia.gov.co\/colombia\/noticias\/la-fiscalia-realizara-una-jornada-de-atencion-a-ciudadanos-en-chaparral-tolima\/\" \/>\n<meta property=\"og:site_name\" content=\"Fiscal\u00eda General de la Naci\u00f3n\" \/>\n<meta property=\"article:publisher\" content=\"https:\/\/www.facebook.com\/FiscaliaCol\" \/>\n<meta property=\"article:published_time\" content=\"2021-09-15T18:48:39+00:00\" \/>\n<meta property=\"article:modified_time\" content=\"2022-02-04T19:58:33+00:00\" \/>\n<meta name=\"author\" content=\"Katherine Loaiza Mart\u00ednez\" \/>\n<meta name=\"twitter:card\" content=\"summary_large_image\" \/>\n<meta name=\"twitter:creator\" content=\"@FiscaliaCol\" \/>\n<meta name=\"twitter:site\" content=\"@FiscaliaCol\" \/>\n<meta name=\"twitter:label1\" content=\"Escrito por\" \/>\n\t<meta name=\"twitter:data1\" content=\"Katherine Loaiza Mart\u00ednez\" \/>\n\t<meta name=\"twitter:label2\" content=\"Tiempo de lectura\" \/>\n\t<meta name=\"twitter:data2\" content=\"1 minuto\" \/>\n<script type=\"application\/ld+json\" class=\"yoast-schema-graph\">{\"@context\":\"https:\/\/schema.org\",\"@graph\":[{\"@type\":\"Article\",\"@id\":\"https:\/\/www.fiscalia.gov.co\/colombia\/noticias\/la-fiscalia-realizara-una-jornada-de-atencion-a-ciudadanos-en-chaparral-tolima\/#article\",\"isPartOf\":{\"@id\":\"https:\/\/www.fiscalia.gov.co\/colombia\/noticias\/la-fiscalia-realizara-una-jornada-de-atencion-a-ciudadanos-en-chaparral-tolima\/\"},\"author\":{\"name\":\"Katherine Loaiza Mart\u00ednez\",\"@id\":\"https:\/\/www.fiscalia.gov.co\/colombia\/#\/schema\/person\/2e76b9aba5ecf875ed565ce4de0e0415\"},\"headline\":\"La Fiscal\u00eda realizar\u00e1 una jornada de atenci\u00f3n a ciudadanos en Chaparral (Tolima)\",\"datePublished\":\"2021-09-15T18:48:39+00:00\",\"dateModified\":\"2022-02-04T19:58:33+00:00\",\"mainEntityOfPage\":{\"@id\":\"https:\/\/www.fiscalia.gov.co\/colombia\/noticias\/la-fiscalia-realizara-una-jornada-de-atencion-a-ciudadanos-en-chaparral-tolima\/\"},\"wordCount\":287,\"publisher\":{\"@id\":\"https:\/\/www.fiscalia.gov.co\/colombia\/#organization\"},\"keywords\":[\"Actos urgentes\",\"Alcald\u00eda de Chaparral\",\"Atenci\u00f3n a v\u00edctimas\",\"Chaparral\",\"Denuncia\",\"Fiscal Francisco Barbosa Delgado\",\"Fiscal\u00eda General de la Naci\u00f3n\",\"Futuro Colombia\",\"jornada de atenci\u00f3n a usuarios\",\"oferta interinstitucional\",\"orientaci\u00f3n\",\"PQRS\",\"Seguridad ciudadana\",\"Sur del Tolima\"],\"articleSection\":[\"Noticias\",\"Ruta Esclarecimiento Itinerante\",\"Seccional Ibagu\u00e9\"],\"inLanguage\":\"es-CO\"},{\"@type\":\"WebPage\",\"@id\":\"https:\/\/www.fiscalia.gov.co\/colombia\/noticias\/la-fiscalia-realizara-una-jornada-de-atencion-a-ciudadanos-en-chaparral-tolima\/\",\"url\":\"https:\/\/www.fiscalia.gov.co\/colombia\/noticias\/la-fiscalia-realizara-una-jornada-de-atencion-a-ciudadanos-en-chaparral-tolima\/\",\"name\":\"Fiscal\u00eda General de la Naci\u00f3n\",\"isPartOf\":{\"@id\":\"https:\/\/www.fiscalia.gov.co\/colombia\/#website\"},\"datePublished\":\"2021-09-15T18:48:39+00:00\",\"dateModified\":\"2022-02-04T19:58:33+00:00\",\"description\":\"P\u00e1gina oficial de la Fiscal\u00eda General de la Naci\u00f3n \u2013 Colombia. Garantizamos el acceso efectivo a la justicia, la verdad y la reparaci\u00f3n de las v\u00edctimas de los delitos.\",\"breadcrumb\":{\"@id\":\"https:\/\/www.fiscalia.gov.co\/colombia\/noticias\/la-fiscalia-realizara-una-jornada-de-atencion-a-ciudadanos-en-chaparral-tolima\/#breadcrumb\"},\"inLanguage\":\"es-CO\",\"potentialAction\":[{\"@type\":\"ReadAction\",\"target\":[\"https:\/\/www.fiscalia.gov.co\/colombia\/noticias\/la-fiscalia-realizara-una-jornada-de-atencion-a-ciudadanos-en-chaparral-tolima\/\"]}]},{\"@type\":\"BreadcrumbList\",\"@id\":\"https:\/\/www.fiscalia.gov.co\/colombia\/noticias\/la-fiscalia-realizara-una-jornada-de-atencion-a-ciudadanos-en-chaparral-tolima\/#breadcrumb\",\"itemListElement\":[{\"@type\":\"ListItem\",\"position\":1,\"name\":\"Home\",\"item\":\"https:\/\/www.fiscalia.gov.co\/colombia\/\"},{\"@type\":\"ListItem\",\"position\":2,\"name\":\"La Fiscal\u00eda realizar\u00e1 una jornada de atenci\u00f3n a ciudadanos en Chaparral (Tolima)\"}]},{\"@type\":\"WebSite\",\"@id\":\"https:\/\/www.fiscalia.gov.co\/colombia\/#website\",\"url\":\"https:\/\/www.fiscalia.gov.co\/colombia\/\",\"name\":\"Fiscal\u00eda General de la Naci\u00f3n\",\"description\":\"P\u00e1gina oficial de la Fiscal\u00eda General de la Naci\u00f3n \u2013 Colombia. Garantizamos el acceso efectivo a la justicia, la verdad y la reparaci\u00f3n de las v\u00edctimas de los delitos.\",\"publisher\":{\"@id\":\"https:\/\/www.fiscalia.gov.co\/colombia\/#organization\"},\"potentialAction\":[{\"@type\":\"SearchAction\",\"target\":{\"@type\":\"EntryPoint\",\"urlTemplate\":\"https:\/\/www.fiscalia.gov.co\/colombia\/?s={search_term_string}\"},\"query-input\":{\"@type\":\"PropertyValueSpecification\",\"valueRequired\":true,\"valueName\":\"search_term_string\"}}],\"inLanguage\":\"es-CO\"},{\"@type\":\"Organization\",\"@id\":\"https:\/\/www.fiscalia.gov.co\/colombia\/#organization\",\"name\":\"Fiscal\u00eda General de la Naci\u00f3n\",\"url\":\"https:\/\/www.fiscalia.gov.co\/colombia\/\",\"logo\":{\"@type\":\"ImageObject\",\"inLanguage\":\"es-CO\",\"@id\":\"https:\/\/www.fiscalia.gov.co\/colombia\/#\/schema\/logo\/image\/\",\"url\":\"https:\/\/www.fiscalia.gov.co\/colombia\/wp-content\/uploads\/LogoHorizontal_1.jpg\",\"contentUrl\":\"https:\/\/www.fiscalia.gov.co\/colombia\/wp-content\/uploads\/LogoHorizontal_1.jpg\",\"width\":300,\"height\":90,\"caption\":\"Fiscal\u00eda General de la Naci\u00f3n\"},\"image\":{\"@id\":\"https:\/\/www.fiscalia.gov.co\/colombia\/#\/schema\/logo\/image\/\"},\"sameAs\":[\"https:\/\/www.facebook.com\/FiscaliaCol\",\"https:\/\/x.com\/FiscaliaCol\",\"https:\/\/www.instagram.com\/fiscaliacol\",\"https:\/\/www.linkedin.com\/company\/fiscalia-general-de-la-naci-n\/\",\"https:\/\/youtube.com\/@fiscaliageneraldelanacion-4668?si=6nN79nyQICPU5iTh\"]},{\"@type\":\"Person\",\"@id\":\"https:\/\/www.fiscalia.gov.co\/colombia\/#\/schema\/person\/2e76b9aba5ecf875ed565ce4de0e0415\",\"name\":\"Katherine Loaiza Mart\u00ednez\",\"image\":{\"@type\":\"ImageObject\",\"inLanguage\":\"es-CO\",\"@id\":\"https:\/\/www.fiscalia.gov.co\/colombia\/#\/schema\/person\/image\/\",\"url\":\"https:\/\/secure.gravatar.com\/avatar\/ab775a2f394c1b83b6d6f78680e57b50?s=96&d=mm&r=g\",\"contentUrl\":\"https:\/\/secure.gravatar.com\/avatar\/ab775a2f394c1b83b6d6f78680e57b50?s=96&d=mm&r=g\",\"caption\":\"Katherine Loaiza Mart\u00ednez\"},\"url\":\"https:\/\/www.fiscalia.gov.co\/colombia\/author\/kloaiza\/\"}]}<\/script>\n<!-- \/ Yoast SEO plugin. -->","yoast_head_json":{"title":"Fiscal\u00eda General de la Naci\u00f3n","description":"P\u00e1gina oficial de la Fiscal\u00eda General de la Naci\u00f3n \u2013 Colombia. Garantizamos el acceso efectivo a la justicia, la verdad y la reparaci\u00f3n de las v\u00edctimas de los delitos.","robots":{"index":"noindex","follow":"follow"},"og_locale":"es_ES","og_type":"article","og_title":"Fiscal\u00eda General de la Naci\u00f3n","og_description":"P\u00e1gina oficial de la Fiscal\u00eda General de la Naci\u00f3n \u2013 Colombia. Garantizamos el acceso efectivo a la justicia, la verdad y la reparaci\u00f3n de las v\u00edctimas de los delitos.","og_url":"https:\/\/www.fiscalia.gov.co\/colombia\/noticias\/la-fiscalia-realizara-una-jornada-de-atencion-a-ciudadanos-en-chaparral-tolima\/","og_site_name":"Fiscal\u00eda General de la Naci\u00f3n","article_publisher":"https:\/\/www.facebook.com\/FiscaliaCol","article_published_time":"2021-09-15T18:48:39+00:00","article_modified_time":"2022-02-04T19:58:33+00:00","author":"Katherine Loaiza Mart\u00ednez","twitter_card":"summary_large_image","twitter_creator":"@FiscaliaCol","twitter_site":"@FiscaliaCol","twitter_misc":{"Escrito por":"Katherine Loaiza Mart\u00ednez","Tiempo de lectura":"1 minuto"},"schema":{"@context":"https:\/\/schema.org","@graph":[{"@type":"Article","@id":"https:\/\/www.fiscalia.gov.co\/colombia\/noticias\/la-fiscalia-realizara-una-jornada-de-atencion-a-ciudadanos-en-chaparral-tolima\/#article","isPartOf":{"@id":"https:\/\/www.fiscalia.gov.co\/colombia\/noticias\/la-fiscalia-realizara-una-jornada-de-atencion-a-ciudadanos-en-chaparral-tolima\/"},"author":{"name":"Katherine Loaiza Mart\u00ednez","@id":"https:\/\/www.fiscalia.gov.co\/colombia\/#\/schema\/person\/2e76b9aba5ecf875ed565ce4de0e0415"},"headline":"La Fiscal\u00eda realizar\u00e1 una jornada de atenci\u00f3n a ciudadanos en Chaparral (Tolima)","datePublished":"2021-09-15T18:48:39+00:00","dateModified":"2022-02-04T19:58:33+00:00","mainEntityOfPage":{"@id":"https:\/\/www.fiscalia.gov.co\/colombia\/noticias\/la-fiscalia-realizara-una-jornada-de-atencion-a-ciudadanos-en-chaparral-tolima\/"},"wordCount":287,"publisher":{"@id":"https:\/\/www.fiscalia.gov.co\/colombia\/#organization"},"keywords":["Actos urgentes","Alcald\u00eda de Chaparral","Atenci\u00f3n a v\u00edctimas","Chaparral","Denuncia","Fiscal Francisco Barbosa Delgado","Fiscal\u00eda General de la Naci\u00f3n","Futuro Colombia","jornada de atenci\u00f3n a usuarios","oferta interinstitucional","orientaci\u00f3n","PQRS","Seguridad ciudadana","Sur del Tolima"],"articleSection":["Noticias","Ruta Esclarecimiento Itinerante","Seccional Ibagu\u00e9"],"inLanguage":"es-CO"},{"@type":"WebPage","@id":"https:\/\/www.fiscalia.gov.co\/colombia\/noticias\/la-fiscalia-realizara-una-jornada-de-atencion-a-ciudadanos-en-chaparral-tolima\/","url":"https:\/\/www.fiscalia.gov.co\/colombia\/noticias\/la-fiscalia-realizara-una-jornada-de-atencion-a-ciudadanos-en-chaparral-tolima\/","name":"Fiscal\u00eda General de la Naci\u00f3n","isPartOf":{"@id":"https:\/\/www.fiscalia.gov.co\/colombia\/#website"},"datePublished":"2021-09-15T18:48:39+00:00","dateModified":"2022-02-04T19:58:33+00:00","description":"P\u00e1gina oficial de la Fiscal\u00eda General de la Naci\u00f3n \u2013 Colombia. Garantizamos el acceso efectivo a la justicia, la verdad y la reparaci\u00f3n de las v\u00edctimas de los delitos.","breadcrumb":{"@id":"https:\/\/www.fiscalia.gov.co\/colombia\/noticias\/la-fiscalia-realizara-una-jornada-de-atencion-a-ciudadanos-en-chaparral-tolima\/#breadcrumb"},"inLanguage":"es-CO","potentialAction":[{"@type":"ReadAction","target":["https:\/\/www.fiscalia.gov.co\/colombia\/noticias\/la-fiscalia-realizara-una-jornada-de-atencion-a-ciudadanos-en-chaparral-tolima\/"]}]},{"@type":"BreadcrumbList","@id":"https:\/\/www.fiscalia.gov.co\/colombia\/noticias\/la-fiscalia-realizara-una-jornada-de-atencion-a-ciudadanos-en-chaparral-tolima\/#breadcrumb","itemListElement":[{"@type":"ListItem","position":1,"name":"Home","item":"https:\/\/www.fiscalia.gov.co\/colombia\/"},{"@type":"ListItem","position":2,"name":"La Fiscal\u00eda realizar\u00e1 una jornada de atenci\u00f3n a ciudadanos en Chaparral (Tolima)"}]},{"@type":"WebSite","@id":"https:\/\/www.fiscalia.gov.co\/colombia\/#website","url":"https:\/\/www.fiscalia.gov.co\/colombia\/","name":"Fiscal\u00eda General de la Naci\u00f3n","description":"P\u00e1gina oficial de la Fiscal\u00eda General de la Naci\u00f3n \u2013 Colombia. Garantizamos el acceso efectivo a la justicia, la verdad y la reparaci\u00f3n de las v\u00edctimas de los delitos.","publisher":{"@id":"https:\/\/www.fiscalia.gov.co\/colombia\/#organization"},"potentialAction":[{"@type":"SearchAction","target":{"@type":"EntryPoint","urlTemplate":"https:\/\/www.fiscalia.gov.co\/colombia\/?s={search_term_string}"},"query-input":{"@type":"PropertyValueSpecification","valueRequired":true,"valueName":"search_term_string"}}],"inLanguage":"es-CO"},{"@type":"Organization","@id":"https:\/\/www.fiscalia.gov.co\/colombia\/#organization","name":"Fiscal\u00eda General de la Naci\u00f3n","url":"https:\/\/www.fiscalia.gov.co\/colombia\/","logo":{"@type":"ImageObject","inLanguage":"es-CO","@id":"https:\/\/www.fiscalia.gov.co\/colombia\/#\/schema\/logo\/image\/","url":"https:\/\/www.fiscalia.gov.co\/colombia\/wp-content\/uploads\/LogoHorizontal_1.jpg","contentUrl":"https:\/\/www.fiscalia.gov.co\/colombia\/wp-content\/uploads\/LogoHorizontal_1.jpg","width":300,"height":90,"caption":"Fiscal\u00eda General de la Naci\u00f3n"},"image":{"@id":"https:\/\/www.fiscalia.gov.co\/colombia\/#\/schema\/logo\/image\/"},"sameAs":["https:\/\/www.facebook.com\/FiscaliaCol","https:\/\/x.com\/FiscaliaCol","https:\/\/www.instagram.com\/fiscaliacol","https:\/\/www.linkedin.com\/company\/fiscalia-general-de-la-naci-n\/","https:\/\/youtube.com\/@fiscaliageneraldelanacion-4668?si=6nN79nyQICPU5iTh"]},{"@type":"Person","@id":"https:\/\/www.fiscalia.gov.co\/colombia\/#\/schema\/person\/2e76b9aba5ecf875ed565ce4de0e0415","name":"Katherine Loaiza Mart\u00ednez","image":{"@type":"ImageObject","inLanguage":"es-CO","@id":"https:\/\/www.fiscalia.gov.co\/colombia\/#\/schema\/person\/image\/","url":"https:\/\/secure.gravatar.com\/avatar\/ab775a2f394c1b83b6d6f78680e57b50?s=96&d=mm&r=g","contentUrl":"https:\/\/secure.gravatar.com\/avatar\/ab775a2f394c1b83b6d6f78680e57b50?s=96&d=mm&r=g","caption":"Katherine Loaiza Mart\u00ednez"},"url":"https:\/\/www.fiscalia.gov.co\/colombia\/author\/kloaiza\/"}]}},"_links":{"self":[{"href":"https:\/\/www.fiscalia.gov.co\/colombia\/wp-json\/wp\/v2\/posts\/229896","targetHints":{"allow":["GET"]}}],"collection":[{"href":"https:\/\/www.fiscalia.gov.co\/colombia\/wp-json\/wp\/v2\/posts"}],"about":[{"href":"https:\/\/www.fiscalia.gov.co\/colombia\/wp-json\/wp\/v2\/types\/post"}],"author":[{"embeddable":true,"href":"https:\/\/www.fiscalia.gov.co\/colombia\/wp-json\/wp\/v2\/users\/175"}],"replies":[{"embeddable":true,"href":"https:\/\/www.fiscalia.gov.co\/colombia\/wp-json\/wp\/v2\/comments?post=229896"}],"version-history":[{"count":1,"href":"https:\/\/www.fiscalia.gov.co\/colombia\/wp-json\/wp\/v2\/posts\/229896\/revisions"}],"predecessor-version":[{"id":229897,"href":"https:\/\/www.fiscalia.gov.co\/colombia\/wp-json\/wp\/v2\/posts\/229896\/revisions\/229897"}],"wp:attachment":[{"href":"https:\/\/www.fiscalia.gov.co\/colombia\/wp-json\/wp\/v2\/media?parent=229896"}],"wp:term":[{"taxonomy":"category","embeddable":true,"href":"https:\/\/www.fiscalia.gov.co\/colombia\/wp-json\/wp\/v2\/categories?post=229896"},{"taxonomy":"post_tag","embeddable":true,"href":"https:\/\/www.fiscalia.gov.co\/colombia\/wp-json\/wp\/v2\/tags?post=229896"}],"curies":[{"name":"wp","href":"https:\/\/api.w.org\/{rel}","templated":true}]}}