{"id":229787,"date":"2021-09-14T11:47:04","date_gmt":"2021-09-14T16:47:04","guid":{"rendered":"https:\/\/www.fiscalia.gov.co\/colombia\/?p=229787"},"modified":"2021-09-14T11:47:04","modified_gmt":"2021-09-14T16:47:04","slug":"judicializado-presunto-integrante-del-grupo-delincuencial-los-nachos-dedicado-al-microtrafico-en-la-comuna-uno-de-cucuta-norte-de-santander","status":"publish","type":"post","link":"https:\/\/www.fiscalia.gov.co\/colombia\/noticias\/judicializado-presunto-integrante-del-grupo-delincuencial-los-nachos-dedicado-al-microtrafico-en-la-comuna-uno-de-cucuta-norte-de-santander\/","title":{"rendered":"Judicializado presunto integrante del grupo delincuencial Los Nachos, dedicado al microtr\u00e1fico en la comuna uno de C\u00facuta (Norte de Santander)"},"content":{"rendered":"<div>\n<p>En audiencias preliminares ante un juez con funciones de control de garant\u00edas de Santiago (Norte de Santander), <b>la Fiscal\u00eda<\/b>\u00a0imput\u00f3 cargos a\u00a0John Alexis Valencia Forero, alias John Trampas,\u00a0por su presunta responsabilidad en los delitos de concierto para delinquir agravado y\u00a0<a href=\"https:\/\/www.fiscalia.gov.co\/colombia\/noticias\/capturado-alias-yeyo-uno-de-los-mas-buscados-por-trafico-de-estupefacientes-en-pequenas-dosis-en-cucuta-norte-de-santander\/\" target=\"_blank\" rel=\"noopener noreferrer\" data-saferedirecturl=\"https:\/\/www.google.com\/url?q=https:\/\/www.fiscalia.gov.co\/colombia\/noticias\/capturado-alias-yeyo-uno-de-los-mas-buscados-por-trafico-de-estupefacientes-en-pequenas-dosis-en-cucuta-norte-de-santander\/&amp;source=gmail&amp;ust=1631723919682000&amp;usg=AFQjCNECglvK3tpLLKuGSz7WEnjlLE92gA\">tr\u00e1fico,<\/a>\u00a0fabricaci\u00f3n o porte de estupefacientes agravado.<\/p>\n<\/div>\n<div>\n<div lang=\"ES-CO\">\n<figure id=\"attachment_229788\" aria-describedby=\"caption-attachment-229788\" style=\"width: 1280px\" class=\"wp-caption aligncenter\"><img loading=\"lazy\" decoding=\"async\" class=\"size-full wp-image-229788\" src=\"https:\/\/www.fiscalia.gov.co\/colombia\/wp-content\/uploads\/Alias-John-Trampas-presunto-integrante-del-Grupo-de-delincuencia-Com\u00fan-Organizado-Los-Nachos-dedicados-al-tr\u00e1fico-de-sustancias-estupefacientes-en-peque\u00f1as-cantidades.jpg\" alt=\"\" width=\"1280\" height=\"849\" srcset=\"https:\/\/www.fiscalia.gov.co\/colombia\/wp-content\/uploads\/Alias-John-Trampas-presunto-integrante-del-Grupo-de-delincuencia-Com\u00fan-Organizado-Los-Nachos-dedicados-al-tr\u00e1fico-de-sustancias-estupefacientes-en-peque\u00f1as-cantidades.jpg 1280w, https:\/\/www.fiscalia.gov.co\/colombia\/wp-content\/uploads\/Alias-John-Trampas-presunto-integrante-del-Grupo-de-delincuencia-Com\u00fan-Organizado-Los-Nachos-dedicados-al-tr\u00e1fico-de-sustancias-estupefacientes-en-peque\u00f1as-cantidades-300x199.jpg 300w, https:\/\/www.fiscalia.gov.co\/colombia\/wp-content\/uploads\/Alias-John-Trampas-presunto-integrante-del-Grupo-de-delincuencia-Com\u00fan-Organizado-Los-Nachos-dedicados-al-tr\u00e1fico-de-sustancias-estupefacientes-en-peque\u00f1as-cantidades-1024x679.jpg 1024w, https:\/\/www.fiscalia.gov.co\/colombia\/wp-content\/uploads\/Alias-John-Trampas-presunto-integrante-del-Grupo-de-delincuencia-Com\u00fan-Organizado-Los-Nachos-dedicados-al-tr\u00e1fico-de-sustancias-estupefacientes-en-peque\u00f1as-cantidades-768x509.jpg 768w, https:\/\/www.fiscalia.gov.co\/colombia\/wp-content\/uploads\/Alias-John-Trampas-presunto-integrante-del-Grupo-de-delincuencia-Com\u00fan-Organizado-Los-Nachos-dedicados-al-tr\u00e1fico-de-sustancias-estupefacientes-en-peque\u00f1as-cantidades-696x462.jpg 696w, https:\/\/www.fiscalia.gov.co\/colombia\/wp-content\/uploads\/Alias-John-Trampas-presunto-integrante-del-Grupo-de-delincuencia-Com\u00fan-Organizado-Los-Nachos-dedicados-al-tr\u00e1fico-de-sustancias-estupefacientes-en-peque\u00f1as-cantidades-1068x708.jpg 1068w, https:\/\/www.fiscalia.gov.co\/colombia\/wp-content\/uploads\/Alias-John-Trampas-presunto-integrante-del-Grupo-de-delincuencia-Com\u00fan-Organizado-Los-Nachos-dedicados-al-tr\u00e1fico-de-sustancias-estupefacientes-en-peque\u00f1as-cantidades-633x420.jpg 633w\" sizes=\"auto, (max-width: 1280px) 100vw, 1280px\" \/><figcaption id=\"caption-attachment-229788\" class=\"wp-caption-text\">Alias John Trampas, presunto integrantes Los Nachos, dedicados al tr\u00e1fico de sustancias estupefacientes en peque\u00f1as cantidades<\/figcaption><\/figure>\n<p>El hombre, quien no acept\u00f3 cargos fue privado de la libertad en establecimiento carcelario\u00a0de C\u00facuta (Norte de Santander).<\/p>\n<p>De acuerdo con las indagaciones adelantadas por la Fiscal\u00eda, el procesado presuntamente ser\u00eda integrante del grupo de delincuencia com\u00fan organizado conocido como\u00a0<a>Los Nachos<\/a>,\u00a0dedicados a la comercializaci\u00f3n de estupefacientes\u00a0en peque\u00f1as dosis\u00a0en los barrios que conforman la comuna uno de C\u00facuta.<\/p>\n<p>Por estas acciones delictivas, Valencia Forero fue\u00a0capturado este\u00a010 de septiembre\u00a0en v\u00eda p\u00fablica de esta ciudad, por uniformados de la Polic\u00eda Nacional.<\/p>\n<p>Es de resaltar que, en septiembre de 2019, por los mismos hechos el ente acusador logr\u00f3 la\u00a0<span lang=\"ES-TRAD\">captura de otros 11 integrantes de dicho grupo delincuencial,\u00a0quienes se encuentran privados de la libertad en la c\u00e1rcel Modelo de esta ciudad; seis de ellos con condenas de 55 meses de prisi\u00f3n tras preacuerdo con la Fiscal\u00eda.<\/span><\/p>\n<p><span lang=\"ES\">La Fiscal\u00eda hace p\u00fablica esta informaci\u00f3n por razones de inter\u00e9s general.<\/span><\/p>\n<p>MPHA\/DATO\/MG<\/p>\n<p><i>La informaci\u00f3n contenida en este bolet\u00edn de prensa corresponde a la narraci\u00f3n de los hechos noticiosos objetivos, suministrados por los funcionarios encargados de adelantar las investigaciones penales al interior de la Fiscal\u00eda General de la Naci\u00f3n. Para el momento de la divulgaci\u00f3n de este comunicado, la situaci\u00f3n jur\u00eddica de la(s) persona(s) relacionada(s) se encuentra pendiente de resolver por la autoridad judicial competente, siempre bajo los preceptos de la presunci\u00f3n de inocencia, consagrados en el art\u00edculo 29 de la Constituci\u00f3n Pol\u00edtica y el art\u00edculo 7\u00ba de la Ley 906 de 2004.<\/i><\/p>\n<\/div>\n<\/div>\n\n<div class=\"twitter-share\"><a href=\"https:\/\/twitter.com\/intent\/tweet?via=fiscaliacol\" class=\"twitter-share-button\">Tweet<\/a><\/div>\n","protected":false},"excerpt":{"rendered":"<p>En audiencias preliminares ante un juez con funciones de control de garant\u00edas de Santiago (Norte de Santander), la Fiscal\u00eda\u00a0imput\u00f3 cargos a\u00a0John Alexis Valencia Forero, alias John Trampas,\u00a0por su presunta responsabilidad en los delitos de concierto para delinquir agravado y\u00a0tr\u00e1fico,\u00a0fabricaci\u00f3n o porte de estupefacientes agravado. El hombre, quien no acept\u00f3 cargos fue privado de la libertad [&hellip;]<\/p>\n","protected":false},"author":175,"featured_media":0,"comment_status":"closed","ping_status":"open","sticky":false,"template":"","format":"standard","meta":{"tdm_status":"","tdm_grid_status":"","footnotes":""},"categories":[1,326,24099],"tags":[14550,24401,24189,24247,674,1015],"class_list":{"0":"post-229787","1":"post","2":"type-post","3":"status-publish","4":"format-standard","6":"category-noticias","7":"category-seccional-cucuta","8":"category-seguridad-territorial","9":"tag-carcel","10":"tag-fiscal-barbosa-delgado","11":"tag-fiscal-francisco-barbosa-delgado","12":"tag-grupo-delincuencial","13":"tag-microtrafico","14":"tag-poblacion-vulnerable"},"yoast_head":"<!-- This site is optimized with the Yoast SEO plugin v24.3 - https:\/\/yoast.com\/wordpress\/plugins\/seo\/ -->\n<title>Fiscal\u00eda General de la Naci\u00f3n<\/title>\n<meta name=\"description\" content=\"P\u00e1gina oficial de la Fiscal\u00eda General de la Naci\u00f3n \u2013 Colombia. Garantizamos el acceso efectivo a la justicia, la verdad y la reparaci\u00f3n de las v\u00edctimas de los delitos.\" \/>\n<meta name=\"robots\" content=\"noindex, follow\" \/>\n<meta property=\"og:locale\" content=\"es_ES\" \/>\n<meta property=\"og:type\" content=\"article\" \/>\n<meta property=\"og:title\" content=\"Fiscal\u00eda General de la Naci\u00f3n\" \/>\n<meta property=\"og:description\" content=\"P\u00e1gina oficial de la Fiscal\u00eda General de la Naci\u00f3n \u2013 Colombia. Garantizamos el acceso efectivo a la justicia, la verdad y la reparaci\u00f3n de las v\u00edctimas de los delitos.\" \/>\n<meta property=\"og:url\" content=\"https:\/\/www.fiscalia.gov.co\/colombia\/noticias\/judicializado-presunto-integrante-del-grupo-delincuencial-los-nachos-dedicado-al-microtrafico-en-la-comuna-uno-de-cucuta-norte-de-santander\/\" \/>\n<meta property=\"og:site_name\" content=\"Fiscal\u00eda General de la Naci\u00f3n\" \/>\n<meta property=\"article:publisher\" content=\"https:\/\/www.facebook.com\/FiscaliaCol\" \/>\n<meta property=\"article:published_time\" content=\"2021-09-14T16:47:04+00:00\" \/>\n<meta name=\"author\" content=\"Katherine Loaiza Mart\u00ednez\" \/>\n<meta name=\"twitter:card\" content=\"summary_large_image\" \/>\n<meta name=\"twitter:creator\" content=\"@FiscaliaCol\" \/>\n<meta name=\"twitter:site\" content=\"@FiscaliaCol\" \/>\n<meta name=\"twitter:label1\" content=\"Escrito por\" \/>\n\t<meta name=\"twitter:data1\" content=\"Katherine Loaiza Mart\u00ednez\" \/>\n\t<meta name=\"twitter:label2\" content=\"Tiempo de lectura\" \/>\n\t<meta name=\"twitter:data2\" content=\"2 minutos\" \/>\n<script type=\"application\/ld+json\" class=\"yoast-schema-graph\">{\"@context\":\"https:\/\/schema.org\",\"@graph\":[{\"@type\":\"Article\",\"@id\":\"https:\/\/www.fiscalia.gov.co\/colombia\/noticias\/judicializado-presunto-integrante-del-grupo-delincuencial-los-nachos-dedicado-al-microtrafico-en-la-comuna-uno-de-cucuta-norte-de-santander\/#article\",\"isPartOf\":{\"@id\":\"https:\/\/www.fiscalia.gov.co\/colombia\/noticias\/judicializado-presunto-integrante-del-grupo-delincuencial-los-nachos-dedicado-al-microtrafico-en-la-comuna-uno-de-cucuta-norte-de-santander\/\"},\"author\":{\"name\":\"Katherine Loaiza Mart\u00ednez\",\"@id\":\"https:\/\/www.fiscalia.gov.co\/colombia\/#\/schema\/person\/2e76b9aba5ecf875ed565ce4de0e0415\"},\"headline\":\"Judicializado presunto integrante del grupo delincuencial Los Nachos, dedicado al microtr\u00e1fico en la comuna uno de C\u00facuta (Norte de Santander)\",\"datePublished\":\"2021-09-14T16:47:04+00:00\",\"dateModified\":\"2021-09-14T16:47:04+00:00\",\"mainEntityOfPage\":{\"@id\":\"https:\/\/www.fiscalia.gov.co\/colombia\/noticias\/judicializado-presunto-integrante-del-grupo-delincuencial-los-nachos-dedicado-al-microtrafico-en-la-comuna-uno-de-cucuta-norte-de-santander\/\"},\"wordCount\":370,\"publisher\":{\"@id\":\"https:\/\/www.fiscalia.gov.co\/colombia\/#organization\"},\"keywords\":[\"C\u00e1rcel\",\"Fiscal Barbosa Delgado\",\"Fiscal Francisco Barbosa Delgado\",\"grupo delincuencial\",\"Microtr\u00e1fico\",\"Poblaci\u00f3n vulnerable\"],\"articleSection\":[\"Noticias\",\"Seccional C\u00facuta\",\"Seguridad territorial\"],\"inLanguage\":\"es-CO\"},{\"@type\":\"WebPage\",\"@id\":\"https:\/\/www.fiscalia.gov.co\/colombia\/noticias\/judicializado-presunto-integrante-del-grupo-delincuencial-los-nachos-dedicado-al-microtrafico-en-la-comuna-uno-de-cucuta-norte-de-santander\/\",\"url\":\"https:\/\/www.fiscalia.gov.co\/colombia\/noticias\/judicializado-presunto-integrante-del-grupo-delincuencial-los-nachos-dedicado-al-microtrafico-en-la-comuna-uno-de-cucuta-norte-de-santander\/\",\"name\":\"Fiscal\u00eda General de la Naci\u00f3n\",\"isPartOf\":{\"@id\":\"https:\/\/www.fiscalia.gov.co\/colombia\/#website\"},\"datePublished\":\"2021-09-14T16:47:04+00:00\",\"dateModified\":\"2021-09-14T16:47:04+00:00\",\"description\":\"P\u00e1gina oficial de la Fiscal\u00eda General de la Naci\u00f3n \u2013 Colombia. Garantizamos el acceso efectivo a la justicia, la verdad y la reparaci\u00f3n de las v\u00edctimas de los delitos.\",\"breadcrumb\":{\"@id\":\"https:\/\/www.fiscalia.gov.co\/colombia\/noticias\/judicializado-presunto-integrante-del-grupo-delincuencial-los-nachos-dedicado-al-microtrafico-en-la-comuna-uno-de-cucuta-norte-de-santander\/#breadcrumb\"},\"inLanguage\":\"es-CO\",\"potentialAction\":[{\"@type\":\"ReadAction\",\"target\":[\"https:\/\/www.fiscalia.gov.co\/colombia\/noticias\/judicializado-presunto-integrante-del-grupo-delincuencial-los-nachos-dedicado-al-microtrafico-en-la-comuna-uno-de-cucuta-norte-de-santander\/\"]}]},{\"@type\":\"BreadcrumbList\",\"@id\":\"https:\/\/www.fiscalia.gov.co\/colombia\/noticias\/judicializado-presunto-integrante-del-grupo-delincuencial-los-nachos-dedicado-al-microtrafico-en-la-comuna-uno-de-cucuta-norte-de-santander\/#breadcrumb\",\"itemListElement\":[{\"@type\":\"ListItem\",\"position\":1,\"name\":\"Home\",\"item\":\"https:\/\/www.fiscalia.gov.co\/colombia\/\"},{\"@type\":\"ListItem\",\"position\":2,\"name\":\"Judicializado presunto integrante del grupo delincuencial Los Nachos, dedicado al microtr\u00e1fico en la comuna uno de C\u00facuta (Norte de Santander)\"}]},{\"@type\":\"WebSite\",\"@id\":\"https:\/\/www.fiscalia.gov.co\/colombia\/#website\",\"url\":\"https:\/\/www.fiscalia.gov.co\/colombia\/\",\"name\":\"Fiscal\u00eda General de la Naci\u00f3n\",\"description\":\"P\u00e1gina oficial de la Fiscal\u00eda General de la Naci\u00f3n \u2013 Colombia. Garantizamos el acceso efectivo a la justicia, la verdad y la reparaci\u00f3n de las v\u00edctimas de los delitos.\",\"publisher\":{\"@id\":\"https:\/\/www.fiscalia.gov.co\/colombia\/#organization\"},\"potentialAction\":[{\"@type\":\"SearchAction\",\"target\":{\"@type\":\"EntryPoint\",\"urlTemplate\":\"https:\/\/www.fiscalia.gov.co\/colombia\/?s={search_term_string}\"},\"query-input\":{\"@type\":\"PropertyValueSpecification\",\"valueRequired\":true,\"valueName\":\"search_term_string\"}}],\"inLanguage\":\"es-CO\"},{\"@type\":\"Organization\",\"@id\":\"https:\/\/www.fiscalia.gov.co\/colombia\/#organization\",\"name\":\"Fiscal\u00eda General de la Naci\u00f3n\",\"url\":\"https:\/\/www.fiscalia.gov.co\/colombia\/\",\"logo\":{\"@type\":\"ImageObject\",\"inLanguage\":\"es-CO\",\"@id\":\"https:\/\/www.fiscalia.gov.co\/colombia\/#\/schema\/logo\/image\/\",\"url\":\"https:\/\/www.fiscalia.gov.co\/colombia\/wp-content\/uploads\/LogoHorizontal_1.jpg\",\"contentUrl\":\"https:\/\/www.fiscalia.gov.co\/colombia\/wp-content\/uploads\/LogoHorizontal_1.jpg\",\"width\":300,\"height\":90,\"caption\":\"Fiscal\u00eda General de la Naci\u00f3n\"},\"image\":{\"@id\":\"https:\/\/www.fiscalia.gov.co\/colombia\/#\/schema\/logo\/image\/\"},\"sameAs\":[\"https:\/\/www.facebook.com\/FiscaliaCol\",\"https:\/\/x.com\/FiscaliaCol\",\"https:\/\/www.instagram.com\/fiscaliacol\",\"https:\/\/www.linkedin.com\/company\/fiscalia-general-de-la-naci-n\/\",\"https:\/\/youtube.com\/@fiscaliageneraldelanacion-4668?si=6nN79nyQICPU5iTh\"]},{\"@type\":\"Person\",\"@id\":\"https:\/\/www.fiscalia.gov.co\/colombia\/#\/schema\/person\/2e76b9aba5ecf875ed565ce4de0e0415\",\"name\":\"Katherine Loaiza Mart\u00ednez\",\"image\":{\"@type\":\"ImageObject\",\"inLanguage\":\"es-CO\",\"@id\":\"https:\/\/www.fiscalia.gov.co\/colombia\/#\/schema\/person\/image\/\",\"url\":\"https:\/\/secure.gravatar.com\/avatar\/ab775a2f394c1b83b6d6f78680e57b50?s=96&d=mm&r=g\",\"contentUrl\":\"https:\/\/secure.gravatar.com\/avatar\/ab775a2f394c1b83b6d6f78680e57b50?s=96&d=mm&r=g\",\"caption\":\"Katherine Loaiza Mart\u00ednez\"},\"url\":\"https:\/\/www.fiscalia.gov.co\/colombia\/author\/kloaiza\/\"}]}<\/script>\n<!-- \/ Yoast SEO plugin. -->","yoast_head_json":{"title":"Fiscal\u00eda General de la Naci\u00f3n","description":"P\u00e1gina oficial de la Fiscal\u00eda General de la Naci\u00f3n \u2013 Colombia. Garantizamos el acceso efectivo a la justicia, la verdad y la reparaci\u00f3n de las v\u00edctimas de los delitos.","robots":{"index":"noindex","follow":"follow"},"og_locale":"es_ES","og_type":"article","og_title":"Fiscal\u00eda General de la Naci\u00f3n","og_description":"P\u00e1gina oficial de la Fiscal\u00eda General de la Naci\u00f3n \u2013 Colombia. Garantizamos el acceso efectivo a la justicia, la verdad y la reparaci\u00f3n de las v\u00edctimas de los delitos.","og_url":"https:\/\/www.fiscalia.gov.co\/colombia\/noticias\/judicializado-presunto-integrante-del-grupo-delincuencial-los-nachos-dedicado-al-microtrafico-en-la-comuna-uno-de-cucuta-norte-de-santander\/","og_site_name":"Fiscal\u00eda General de la Naci\u00f3n","article_publisher":"https:\/\/www.facebook.com\/FiscaliaCol","article_published_time":"2021-09-14T16:47:04+00:00","author":"Katherine Loaiza Mart\u00ednez","twitter_card":"summary_large_image","twitter_creator":"@FiscaliaCol","twitter_site":"@FiscaliaCol","twitter_misc":{"Escrito por":"Katherine Loaiza Mart\u00ednez","Tiempo de lectura":"2 minutos"},"schema":{"@context":"https:\/\/schema.org","@graph":[{"@type":"Article","@id":"https:\/\/www.fiscalia.gov.co\/colombia\/noticias\/judicializado-presunto-integrante-del-grupo-delincuencial-los-nachos-dedicado-al-microtrafico-en-la-comuna-uno-de-cucuta-norte-de-santander\/#article","isPartOf":{"@id":"https:\/\/www.fiscalia.gov.co\/colombia\/noticias\/judicializado-presunto-integrante-del-grupo-delincuencial-los-nachos-dedicado-al-microtrafico-en-la-comuna-uno-de-cucuta-norte-de-santander\/"},"author":{"name":"Katherine Loaiza Mart\u00ednez","@id":"https:\/\/www.fiscalia.gov.co\/colombia\/#\/schema\/person\/2e76b9aba5ecf875ed565ce4de0e0415"},"headline":"Judicializado presunto integrante del grupo delincuencial Los Nachos, dedicado al microtr\u00e1fico en la comuna uno de C\u00facuta (Norte de Santander)","datePublished":"2021-09-14T16:47:04+00:00","dateModified":"2021-09-14T16:47:04+00:00","mainEntityOfPage":{"@id":"https:\/\/www.fiscalia.gov.co\/colombia\/noticias\/judicializado-presunto-integrante-del-grupo-delincuencial-los-nachos-dedicado-al-microtrafico-en-la-comuna-uno-de-cucuta-norte-de-santander\/"},"wordCount":370,"publisher":{"@id":"https:\/\/www.fiscalia.gov.co\/colombia\/#organization"},"keywords":["C\u00e1rcel","Fiscal Barbosa Delgado","Fiscal Francisco Barbosa Delgado","grupo delincuencial","Microtr\u00e1fico","Poblaci\u00f3n vulnerable"],"articleSection":["Noticias","Seccional C\u00facuta","Seguridad territorial"],"inLanguage":"es-CO"},{"@type":"WebPage","@id":"https:\/\/www.fiscalia.gov.co\/colombia\/noticias\/judicializado-presunto-integrante-del-grupo-delincuencial-los-nachos-dedicado-al-microtrafico-en-la-comuna-uno-de-cucuta-norte-de-santander\/","url":"https:\/\/www.fiscalia.gov.co\/colombia\/noticias\/judicializado-presunto-integrante-del-grupo-delincuencial-los-nachos-dedicado-al-microtrafico-en-la-comuna-uno-de-cucuta-norte-de-santander\/","name":"Fiscal\u00eda General de la Naci\u00f3n","isPartOf":{"@id":"https:\/\/www.fiscalia.gov.co\/colombia\/#website"},"datePublished":"2021-09-14T16:47:04+00:00","dateModified":"2021-09-14T16:47:04+00:00","description":"P\u00e1gina oficial de la Fiscal\u00eda General de la Naci\u00f3n \u2013 Colombia. Garantizamos el acceso efectivo a la justicia, la verdad y la reparaci\u00f3n de las v\u00edctimas de los delitos.","breadcrumb":{"@id":"https:\/\/www.fiscalia.gov.co\/colombia\/noticias\/judicializado-presunto-integrante-del-grupo-delincuencial-los-nachos-dedicado-al-microtrafico-en-la-comuna-uno-de-cucuta-norte-de-santander\/#breadcrumb"},"inLanguage":"es-CO","potentialAction":[{"@type":"ReadAction","target":["https:\/\/www.fiscalia.gov.co\/colombia\/noticias\/judicializado-presunto-integrante-del-grupo-delincuencial-los-nachos-dedicado-al-microtrafico-en-la-comuna-uno-de-cucuta-norte-de-santander\/"]}]},{"@type":"BreadcrumbList","@id":"https:\/\/www.fiscalia.gov.co\/colombia\/noticias\/judicializado-presunto-integrante-del-grupo-delincuencial-los-nachos-dedicado-al-microtrafico-en-la-comuna-uno-de-cucuta-norte-de-santander\/#breadcrumb","itemListElement":[{"@type":"ListItem","position":1,"name":"Home","item":"https:\/\/www.fiscalia.gov.co\/colombia\/"},{"@type":"ListItem","position":2,"name":"Judicializado presunto integrante del grupo delincuencial Los Nachos, dedicado al microtr\u00e1fico en la comuna uno de C\u00facuta (Norte de Santander)"}]},{"@type":"WebSite","@id":"https:\/\/www.fiscalia.gov.co\/colombia\/#website","url":"https:\/\/www.fiscalia.gov.co\/colombia\/","name":"Fiscal\u00eda General de la Naci\u00f3n","description":"P\u00e1gina oficial de la Fiscal\u00eda General de la Naci\u00f3n \u2013 Colombia. Garantizamos el acceso efectivo a la justicia, la verdad y la reparaci\u00f3n de las v\u00edctimas de los delitos.","publisher":{"@id":"https:\/\/www.fiscalia.gov.co\/colombia\/#organization"},"potentialAction":[{"@type":"SearchAction","target":{"@type":"EntryPoint","urlTemplate":"https:\/\/www.fiscalia.gov.co\/colombia\/?s={search_term_string}"},"query-input":{"@type":"PropertyValueSpecification","valueRequired":true,"valueName":"search_term_string"}}],"inLanguage":"es-CO"},{"@type":"Organization","@id":"https:\/\/www.fiscalia.gov.co\/colombia\/#organization","name":"Fiscal\u00eda General de la Naci\u00f3n","url":"https:\/\/www.fiscalia.gov.co\/colombia\/","logo":{"@type":"ImageObject","inLanguage":"es-CO","@id":"https:\/\/www.fiscalia.gov.co\/colombia\/#\/schema\/logo\/image\/","url":"https:\/\/www.fiscalia.gov.co\/colombia\/wp-content\/uploads\/LogoHorizontal_1.jpg","contentUrl":"https:\/\/www.fiscalia.gov.co\/colombia\/wp-content\/uploads\/LogoHorizontal_1.jpg","width":300,"height":90,"caption":"Fiscal\u00eda General de la Naci\u00f3n"},"image":{"@id":"https:\/\/www.fiscalia.gov.co\/colombia\/#\/schema\/logo\/image\/"},"sameAs":["https:\/\/www.facebook.com\/FiscaliaCol","https:\/\/x.com\/FiscaliaCol","https:\/\/www.instagram.com\/fiscaliacol","https:\/\/www.linkedin.com\/company\/fiscalia-general-de-la-naci-n\/","https:\/\/youtube.com\/@fiscaliageneraldelanacion-4668?si=6nN79nyQICPU5iTh"]},{"@type":"Person","@id":"https:\/\/www.fiscalia.gov.co\/colombia\/#\/schema\/person\/2e76b9aba5ecf875ed565ce4de0e0415","name":"Katherine Loaiza Mart\u00ednez","image":{"@type":"ImageObject","inLanguage":"es-CO","@id":"https:\/\/www.fiscalia.gov.co\/colombia\/#\/schema\/person\/image\/","url":"https:\/\/secure.gravatar.com\/avatar\/ab775a2f394c1b83b6d6f78680e57b50?s=96&d=mm&r=g","contentUrl":"https:\/\/secure.gravatar.com\/avatar\/ab775a2f394c1b83b6d6f78680e57b50?s=96&d=mm&r=g","caption":"Katherine Loaiza Mart\u00ednez"},"url":"https:\/\/www.fiscalia.gov.co\/colombia\/author\/kloaiza\/"}]}},"_links":{"self":[{"href":"https:\/\/www.fiscalia.gov.co\/colombia\/wp-json\/wp\/v2\/posts\/229787","targetHints":{"allow":["GET"]}}],"collection":[{"href":"https:\/\/www.fiscalia.gov.co\/colombia\/wp-json\/wp\/v2\/posts"}],"about":[{"href":"https:\/\/www.fiscalia.gov.co\/colombia\/wp-json\/wp\/v2\/types\/post"}],"author":[{"embeddable":true,"href":"https:\/\/www.fiscalia.gov.co\/colombia\/wp-json\/wp\/v2\/users\/175"}],"replies":[{"embeddable":true,"href":"https:\/\/www.fiscalia.gov.co\/colombia\/wp-json\/wp\/v2\/comments?post=229787"}],"version-history":[{"count":1,"href":"https:\/\/www.fiscalia.gov.co\/colombia\/wp-json\/wp\/v2\/posts\/229787\/revisions"}],"predecessor-version":[{"id":229789,"href":"https:\/\/www.fiscalia.gov.co\/colombia\/wp-json\/wp\/v2\/posts\/229787\/revisions\/229789"}],"wp:attachment":[{"href":"https:\/\/www.fiscalia.gov.co\/colombia\/wp-json\/wp\/v2\/media?parent=229787"}],"wp:term":[{"taxonomy":"category","embeddable":true,"href":"https:\/\/www.fiscalia.gov.co\/colombia\/wp-json\/wp\/v2\/categories?post=229787"},{"taxonomy":"post_tag","embeddable":true,"href":"https:\/\/www.fiscalia.gov.co\/colombia\/wp-json\/wp\/v2\/tags?post=229787"}],"curies":[{"name":"wp","href":"https:\/\/api.w.org\/{rel}","templated":true}]}}