{"id":229734,"date":"2021-09-14T07:52:48","date_gmt":"2021-09-14T12:52:48","guid":{"rendered":"https:\/\/www.fiscalia.gov.co\/colombia\/?p=229734"},"modified":"2021-09-14T07:52:48","modified_gmt":"2021-09-14T12:52:48","slug":"dos-hombres-enviados-a-la-carcel-por-supuesto-suministro-de-sustancias-alucinogenas-a-menores-de-edad-en-mitu","status":"publish","type":"post","link":"https:\/\/www.fiscalia.gov.co\/colombia\/noticias\/dos-hombres-enviados-a-la-carcel-por-supuesto-suministro-de-sustancias-alucinogenas-a-menores-de-edad-en-mitu\/","title":{"rendered":"Dos hombres enviados a la c\u00e1rcel por supuesto suministro de sustancias alucin\u00f3genas a menores de edad en Mit\u00fa\u00a0"},"content":{"rendered":"<div><span lang=\"ES-MX\">Como <\/span><span lang=\"ES\">Ricki Willin Ardila Monta\u00f1a y Sergio Jes\u00fas Mu\u00f1oz L\u00f3pez fueron identificados los dos hombres a quienes un juez, por solicitud de la\u00a0<b>Fiscal\u00eda General de la Naci\u00f3n<\/b>, les impuso\u00a0<b>medida de aseguramiento<\/b>\u00a0en centro carcelario, como presuntos responsables del delito de\u00a0<\/span><a href=\"https:\/\/www.fiscalia.gov.co\/colombia\/noticias\/judicializados-10-presuntos-integrantes-los-rojos-banda-dedicada-a-la-distribucion-de-estupefacientes-en-3-comunas-de-pasto\/\" target=\"_blank\" rel=\"noopener noreferrer\" data-saferedirecturl=\"https:\/\/www.google.com\/url?q=https:\/\/www.fiscalia.gov.co\/colombia\/noticias\/judicializados-10-presuntos-integrantes-los-rojos-banda-dedicada-a-la-distribucion-de-estupefacientes-en-3-comunas-de-pasto\/&amp;source=gmail&amp;ust=1631659279756000&amp;usg=AFQjCNGeEmtzhDsLPXVxrbJ5VCpqhTOrEA\"><b><span lang=\"ES\">suministro de sustancias psicoactivas a menores<\/span><\/b><\/a><b><span lang=\"ES\">.<u><\/u>\u00a0<\/span><\/b><\/div>\n<div>\n<figure id=\"attachment_229735\" aria-describedby=\"caption-attachment-229735\" style=\"width: 852px\" class=\"wp-caption aligncenter\"><img loading=\"lazy\" decoding=\"async\" class=\"size-full wp-image-229735\" src=\"https:\/\/www.fiscalia.gov.co\/colombia\/wp-content\/uploads\/Ricki-Willin-Ardila-Monta\u00f1a-Sergio-Jes\u00fas-Mu\u00f1oz-L\u00f3pez-Mit\u00fa-estupefacientes.jpeg\" alt=\"\" width=\"852\" height=\"600\" srcset=\"https:\/\/www.fiscalia.gov.co\/colombia\/wp-content\/uploads\/Ricki-Willin-Ardila-Monta\u00f1a-Sergio-Jes\u00fas-Mu\u00f1oz-L\u00f3pez-Mit\u00fa-estupefacientes.jpeg 852w, https:\/\/www.fiscalia.gov.co\/colombia\/wp-content\/uploads\/Ricki-Willin-Ardila-Monta\u00f1a-Sergio-Jes\u00fas-Mu\u00f1oz-L\u00f3pez-Mit\u00fa-estupefacientes-300x211.jpeg 300w, https:\/\/www.fiscalia.gov.co\/colombia\/wp-content\/uploads\/Ricki-Willin-Ardila-Monta\u00f1a-Sergio-Jes\u00fas-Mu\u00f1oz-L\u00f3pez-Mit\u00fa-estupefacientes-768x541.jpeg 768w, https:\/\/www.fiscalia.gov.co\/colombia\/wp-content\/uploads\/Ricki-Willin-Ardila-Monta\u00f1a-Sergio-Jes\u00fas-Mu\u00f1oz-L\u00f3pez-Mit\u00fa-estupefacientes-696x490.jpeg 696w, https:\/\/www.fiscalia.gov.co\/colombia\/wp-content\/uploads\/Ricki-Willin-Ardila-Monta\u00f1a-Sergio-Jes\u00fas-Mu\u00f1oz-L\u00f3pez-Mit\u00fa-estupefacientes-596x420.jpeg 596w, https:\/\/www.fiscalia.gov.co\/colombia\/wp-content\/uploads\/Ricki-Willin-Ardila-Monta\u00f1a-Sergio-Jes\u00fas-Mu\u00f1oz-L\u00f3pez-Mit\u00fa-estupefacientes-100x70.jpeg 100w\" sizes=\"auto, (max-width: 852px) 100vw, 852px\" \/><figcaption id=\"caption-attachment-229735\" class=\"wp-caption-text\">Ricki Willin Ardila Monta\u00f1a y Sergio Jes\u00fas Mu\u00f1oz L\u00f3pez fueron capturados por suministro de estupefacientes a menores de edad en Mit\u00fa.<\/figcaption><\/figure>\n<p><span lang=\"ES\">Los dos capturados fueron sorprendidos por una patrulla de la Polic\u00eda que hac\u00eda vigilancia el 28 de agosto \u00faltimo, en un sector conocido como Bosque de Murillo, en Mit\u00fa (Vaup\u00e9s), donde en un veh\u00edculo, (tipo motocarro) estaban en compa\u00f1\u00eda de dos\u00a0<b>menores de 15 y 16 a\u00f1os<\/b>\u00a0fumando. Sin embargo, cuando fueron requeridos por los uniformados, los menores se asustaron y arrojaron fuera del veh\u00edculo la sustancia il\u00edcita.<u><\/u>\u00a0<u><\/u><\/span><\/p>\n<p><span lang=\"ES\">Al adelantar el procedimiento de identificaci\u00f3n de la sustancia, con el apoyo de un canino entrenado, se evidenci\u00f3 que se trataba de\u00a0<b>marihuana<\/b>, por lo que de inmediato procedi\u00f3 con la\u00a0<b>captura en flagrancia<\/b>\u00a0de los adultos, mientras que los menores fueron entregados a sus padres, luego de un chequeo m\u00e9dico por parte de\u00a0<b>Medicina Legal.<\/b><u><\/u>\u00a0<u><\/u><\/span><\/p>\n<p><span lang=\"ES\">Ninguno de los procesados acept\u00f3 cargos.<u><\/u>\u00a0<u><\/u><\/span><\/p>\n<p><span lang=\"ES\"><u><\/u>\u00a0<u><\/u><\/span><\/p>\n<p><span lang=\"ES-MX\">La Fiscal\u00eda habla con resultados.<\/span><span lang=\"ES\"><u><\/u>\u00a0<u><\/u><\/span><\/p>\n<p><span lang=\"ES-MX\">\u00a0<\/span><span lang=\"ES\"><u><\/u>\u00a0<u><\/u><\/span><\/p>\n<p><span lang=\"ES-MX\">LAZL\/DLBM\/LFRR<\/span><span lang=\"ES\"><u><\/u>\u00a0<u><\/u><\/span><\/p>\n<p><span lang=\"ES-CO\">\u00a0<\/span><span lang=\"ES\"><u><\/u>\u00a0<u><\/u><\/span><\/p>\n<p><i><span lang=\"ES-MX\">La informaci\u00f3n contenida en este bolet\u00edn de prensa corresponde a la narraci\u00f3n de los hechos noticiosos objetivos, suministrados por los funcionarios encargados de adelantar las investigaciones penales al interior de la Fiscal\u00eda General de la Naci\u00f3n. Para el momento de la divulgaci\u00f3n de este comunicado, la situaci\u00f3n jur\u00eddica de la(s) persona(s) relacionada(s) se encuentra pendiente de resolver por la autoridad judicial competente, siempre bajo los preceptos de la presunci\u00f3n de inocencia, consagrados en el art\u00edculo 29 de la Constituci\u00f3n Pol\u00edtica y el art\u00edculo 7\u00ba de la Ley 906 de 2004.<\/span><\/i><span lang=\"ES\"><u><\/u>\u00a0<u><\/u><\/span><\/p>\n<\/div>\n\n<div class=\"twitter-share\"><a href=\"https:\/\/twitter.com\/intent\/tweet?via=fiscaliacol\" class=\"twitter-share-button\">Tweet<\/a><\/div>\n","protected":false},"excerpt":{"rendered":"<p>Como Ricki Willin Ardila Monta\u00f1a y Sergio Jes\u00fas Mu\u00f1oz L\u00f3pez fueron identificados los dos hombres a quienes un juez, por solicitud de la\u00a0Fiscal\u00eda General de la Naci\u00f3n, les impuso\u00a0medida de [&hellip;]<\/p>\n","protected":false},"author":175,"featured_media":0,"comment_status":"closed","ping_status":"open","sticky":false,"template":"","format":"standard","meta":{"tdm_status":"","tdm_grid_status":"","footnotes":""},"categories":[1,24155,24103],"tags":[924,14550,24401,24189,1047,1185,28718],"class_list":["post-229734","post","type-post","status-publish","format-standard","category-noticias","category-seccional-mitu","category-trafico-de-estupefacientes","tag-captura","tag-carcel","tag-fiscal-barbosa-delgado","tag-fiscal-francisco-barbosa-delgado","tag-fiscalia-general-de-la-nacion","tag-medida-de-aseguramiento","tag-suministro-de-alucinogenos-a-menores"],"yoast_head":"<!-- This site is optimized with the Yoast SEO plugin v24.3 - https:\/\/yoast.com\/wordpress\/plugins\/seo\/ -->\n<title>Fiscal\u00eda General de la Naci\u00f3n<\/title>\n<meta name=\"description\" content=\"P\u00e1gina oficial de la Fiscal\u00eda General de la Naci\u00f3n \u2013 Colombia. Garantizamos el acceso efectivo a la justicia, la verdad y la reparaci\u00f3n de las v\u00edctimas de los delitos.\" \/>\n<meta name=\"robots\" content=\"noindex, follow\" \/>\n<meta property=\"og:locale\" content=\"es_ES\" \/>\n<meta property=\"og:type\" content=\"article\" \/>\n<meta property=\"og:title\" content=\"Fiscal\u00eda General de la Naci\u00f3n\" \/>\n<meta property=\"og:description\" content=\"P\u00e1gina oficial de la Fiscal\u00eda General de la Naci\u00f3n \u2013 Colombia. Garantizamos el acceso efectivo a la justicia, la verdad y la reparaci\u00f3n de las v\u00edctimas de los delitos.\" \/>\n<meta property=\"og:url\" content=\"https:\/\/www.fiscalia.gov.co\/colombia\/noticias\/dos-hombres-enviados-a-la-carcel-por-supuesto-suministro-de-sustancias-alucinogenas-a-menores-de-edad-en-mitu\/\" \/>\n<meta property=\"og:site_name\" content=\"Fiscal\u00eda General de la Naci\u00f3n\" \/>\n<meta property=\"article:publisher\" content=\"https:\/\/www.facebook.com\/FiscaliaCol\" \/>\n<meta property=\"article:published_time\" content=\"2021-09-14T12:52:48+00:00\" \/>\n<meta name=\"author\" content=\"Katherine Loaiza Mart\u00ednez\" \/>\n<meta name=\"twitter:card\" content=\"summary_large_image\" \/>\n<meta name=\"twitter:creator\" content=\"@FiscaliaCol\" \/>\n<meta name=\"twitter:site\" content=\"@FiscaliaCol\" \/>\n<meta name=\"twitter:label1\" content=\"Escrito por\" \/>\n\t<meta name=\"twitter:data1\" content=\"Katherine Loaiza Mart\u00ednez\" \/>\n\t<meta name=\"twitter:label2\" content=\"Tiempo de lectura\" \/>\n\t<meta name=\"twitter:data2\" content=\"2 minutos\" \/>\n<script type=\"application\/ld+json\" class=\"yoast-schema-graph\">{\"@context\":\"https:\/\/schema.org\",\"@graph\":[{\"@type\":\"Article\",\"@id\":\"https:\/\/www.fiscalia.gov.co\/colombia\/noticias\/dos-hombres-enviados-a-la-carcel-por-supuesto-suministro-de-sustancias-alucinogenas-a-menores-de-edad-en-mitu\/#article\",\"isPartOf\":{\"@id\":\"https:\/\/www.fiscalia.gov.co\/colombia\/noticias\/dos-hombres-enviados-a-la-carcel-por-supuesto-suministro-de-sustancias-alucinogenas-a-menores-de-edad-en-mitu\/\"},\"author\":{\"name\":\"Katherine Loaiza Mart\u00ednez\",\"@id\":\"https:\/\/www.fiscalia.gov.co\/colombia\/#\/schema\/person\/2e76b9aba5ecf875ed565ce4de0e0415\"},\"headline\":\"Dos hombres enviados a la c\u00e1rcel por supuesto suministro de sustancias alucin\u00f3genas a menores de edad en Mit\u00fa\u00a0\",\"datePublished\":\"2021-09-14T12:52:48+00:00\",\"dateModified\":\"2021-09-14T12:52:48+00:00\",\"mainEntityOfPage\":{\"@id\":\"https:\/\/www.fiscalia.gov.co\/colombia\/noticias\/dos-hombres-enviados-a-la-carcel-por-supuesto-suministro-de-sustancias-alucinogenas-a-menores-de-edad-en-mitu\/\"},\"wordCount\":354,\"publisher\":{\"@id\":\"https:\/\/www.fiscalia.gov.co\/colombia\/#organization\"},\"keywords\":[\"Captura\",\"C\u00e1rcel\",\"Fiscal Barbosa Delgado\",\"Fiscal Francisco Barbosa Delgado\",\"Fiscal\u00eda General de la Naci\u00f3n\",\"Medida de aseguramiento\",\"suministro de alucin\u00f3genos a menores\"],\"articleSection\":[\"Noticias\",\"Seccional Mit\u00fa\",\"Tr\u00e1fico de estupefacientes\"],\"inLanguage\":\"es-CO\"},{\"@type\":\"WebPage\",\"@id\":\"https:\/\/www.fiscalia.gov.co\/colombia\/noticias\/dos-hombres-enviados-a-la-carcel-por-supuesto-suministro-de-sustancias-alucinogenas-a-menores-de-edad-en-mitu\/\",\"url\":\"https:\/\/www.fiscalia.gov.co\/colombia\/noticias\/dos-hombres-enviados-a-la-carcel-por-supuesto-suministro-de-sustancias-alucinogenas-a-menores-de-edad-en-mitu\/\",\"name\":\"Fiscal\u00eda General de la Naci\u00f3n\",\"isPartOf\":{\"@id\":\"https:\/\/www.fiscalia.gov.co\/colombia\/#website\"},\"datePublished\":\"2021-09-14T12:52:48+00:00\",\"dateModified\":\"2021-09-14T12:52:48+00:00\",\"description\":\"P\u00e1gina oficial de la Fiscal\u00eda General de la Naci\u00f3n \u2013 Colombia. Garantizamos el acceso efectivo a la justicia, la verdad y la reparaci\u00f3n de las v\u00edctimas de los delitos.\",\"breadcrumb\":{\"@id\":\"https:\/\/www.fiscalia.gov.co\/colombia\/noticias\/dos-hombres-enviados-a-la-carcel-por-supuesto-suministro-de-sustancias-alucinogenas-a-menores-de-edad-en-mitu\/#breadcrumb\"},\"inLanguage\":\"es-CO\",\"potentialAction\":[{\"@type\":\"ReadAction\",\"target\":[\"https:\/\/www.fiscalia.gov.co\/colombia\/noticias\/dos-hombres-enviados-a-la-carcel-por-supuesto-suministro-de-sustancias-alucinogenas-a-menores-de-edad-en-mitu\/\"]}]},{\"@type\":\"BreadcrumbList\",\"@id\":\"https:\/\/www.fiscalia.gov.co\/colombia\/noticias\/dos-hombres-enviados-a-la-carcel-por-supuesto-suministro-de-sustancias-alucinogenas-a-menores-de-edad-en-mitu\/#breadcrumb\",\"itemListElement\":[{\"@type\":\"ListItem\",\"position\":1,\"name\":\"Home\",\"item\":\"https:\/\/www.fiscalia.gov.co\/colombia\/\"},{\"@type\":\"ListItem\",\"position\":2,\"name\":\"Dos hombres enviados a la c\u00e1rcel por supuesto suministro de sustancias alucin\u00f3genas a menores de edad en Mit\u00fa\u00a0\"}]},{\"@type\":\"WebSite\",\"@id\":\"https:\/\/www.fiscalia.gov.co\/colombia\/#website\",\"url\":\"https:\/\/www.fiscalia.gov.co\/colombia\/\",\"name\":\"Fiscal\u00eda General de la Naci\u00f3n\",\"description\":\"P\u00e1gina oficial de la Fiscal\u00eda General de la Naci\u00f3n \u2013 Colombia. Garantizamos el acceso efectivo a la justicia, la verdad y la reparaci\u00f3n de las v\u00edctimas de los delitos.\",\"publisher\":{\"@id\":\"https:\/\/www.fiscalia.gov.co\/colombia\/#organization\"},\"potentialAction\":[{\"@type\":\"SearchAction\",\"target\":{\"@type\":\"EntryPoint\",\"urlTemplate\":\"https:\/\/www.fiscalia.gov.co\/colombia\/?s={search_term_string}\"},\"query-input\":{\"@type\":\"PropertyValueSpecification\",\"valueRequired\":true,\"valueName\":\"search_term_string\"}}],\"inLanguage\":\"es-CO\"},{\"@type\":\"Organization\",\"@id\":\"https:\/\/www.fiscalia.gov.co\/colombia\/#organization\",\"name\":\"Fiscal\u00eda General de la Naci\u00f3n\",\"url\":\"https:\/\/www.fiscalia.gov.co\/colombia\/\",\"logo\":{\"@type\":\"ImageObject\",\"inLanguage\":\"es-CO\",\"@id\":\"https:\/\/www.fiscalia.gov.co\/colombia\/#\/schema\/logo\/image\/\",\"url\":\"https:\/\/www.fiscalia.gov.co\/colombia\/wp-content\/uploads\/LogoHorizontal_1.jpg\",\"contentUrl\":\"https:\/\/www.fiscalia.gov.co\/colombia\/wp-content\/uploads\/LogoHorizontal_1.jpg\",\"width\":300,\"height\":90,\"caption\":\"Fiscal\u00eda General de la Naci\u00f3n\"},\"image\":{\"@id\":\"https:\/\/www.fiscalia.gov.co\/colombia\/#\/schema\/logo\/image\/\"},\"sameAs\":[\"https:\/\/www.facebook.com\/FiscaliaCol\",\"https:\/\/x.com\/FiscaliaCol\",\"https:\/\/www.instagram.com\/fiscaliacol\",\"https:\/\/www.linkedin.com\/company\/fiscalia-general-de-la-naci-n\/\",\"https:\/\/youtube.com\/@fiscaliageneraldelanacion-4668?si=6nN79nyQICPU5iTh\"]},{\"@type\":\"Person\",\"@id\":\"https:\/\/www.fiscalia.gov.co\/colombia\/#\/schema\/person\/2e76b9aba5ecf875ed565ce4de0e0415\",\"name\":\"Katherine Loaiza Mart\u00ednez\",\"image\":{\"@type\":\"ImageObject\",\"inLanguage\":\"es-CO\",\"@id\":\"https:\/\/www.fiscalia.gov.co\/colombia\/#\/schema\/person\/image\/\",\"url\":\"https:\/\/secure.gravatar.com\/avatar\/ab775a2f394c1b83b6d6f78680e57b50?s=96&d=mm&r=g\",\"contentUrl\":\"https:\/\/secure.gravatar.com\/avatar\/ab775a2f394c1b83b6d6f78680e57b50?s=96&d=mm&r=g\",\"caption\":\"Katherine Loaiza Mart\u00ednez\"},\"url\":\"https:\/\/www.fiscalia.gov.co\/colombia\/author\/kloaiza\/\"}]}<\/script>\n<!-- \/ Yoast SEO plugin. -->","yoast_head_json":{"title":"Fiscal\u00eda General de la Naci\u00f3n","description":"P\u00e1gina oficial de la Fiscal\u00eda General de la Naci\u00f3n \u2013 Colombia. Garantizamos el acceso efectivo a la justicia, la verdad y la reparaci\u00f3n de las v\u00edctimas de los delitos.","robots":{"index":"noindex","follow":"follow"},"og_locale":"es_ES","og_type":"article","og_title":"Fiscal\u00eda General de la Naci\u00f3n","og_description":"P\u00e1gina oficial de la Fiscal\u00eda General de la Naci\u00f3n \u2013 Colombia. Garantizamos el acceso efectivo a la justicia, la verdad y la reparaci\u00f3n de las v\u00edctimas de los delitos.","og_url":"https:\/\/www.fiscalia.gov.co\/colombia\/noticias\/dos-hombres-enviados-a-la-carcel-por-supuesto-suministro-de-sustancias-alucinogenas-a-menores-de-edad-en-mitu\/","og_site_name":"Fiscal\u00eda General de la Naci\u00f3n","article_publisher":"https:\/\/www.facebook.com\/FiscaliaCol","article_published_time":"2021-09-14T12:52:48+00:00","author":"Katherine Loaiza Mart\u00ednez","twitter_card":"summary_large_image","twitter_creator":"@FiscaliaCol","twitter_site":"@FiscaliaCol","twitter_misc":{"Escrito por":"Katherine Loaiza Mart\u00ednez","Tiempo de lectura":"2 minutos"},"schema":{"@context":"https:\/\/schema.org","@graph":[{"@type":"Article","@id":"https:\/\/www.fiscalia.gov.co\/colombia\/noticias\/dos-hombres-enviados-a-la-carcel-por-supuesto-suministro-de-sustancias-alucinogenas-a-menores-de-edad-en-mitu\/#article","isPartOf":{"@id":"https:\/\/www.fiscalia.gov.co\/colombia\/noticias\/dos-hombres-enviados-a-la-carcel-por-supuesto-suministro-de-sustancias-alucinogenas-a-menores-de-edad-en-mitu\/"},"author":{"name":"Katherine Loaiza Mart\u00ednez","@id":"https:\/\/www.fiscalia.gov.co\/colombia\/#\/schema\/person\/2e76b9aba5ecf875ed565ce4de0e0415"},"headline":"Dos hombres enviados a la c\u00e1rcel por supuesto suministro de sustancias alucin\u00f3genas a menores de edad en Mit\u00fa\u00a0","datePublished":"2021-09-14T12:52:48+00:00","dateModified":"2021-09-14T12:52:48+00:00","mainEntityOfPage":{"@id":"https:\/\/www.fiscalia.gov.co\/colombia\/noticias\/dos-hombres-enviados-a-la-carcel-por-supuesto-suministro-de-sustancias-alucinogenas-a-menores-de-edad-en-mitu\/"},"wordCount":354,"publisher":{"@id":"https:\/\/www.fiscalia.gov.co\/colombia\/#organization"},"keywords":["Captura","C\u00e1rcel","Fiscal Barbosa Delgado","Fiscal Francisco Barbosa Delgado","Fiscal\u00eda General de la Naci\u00f3n","Medida de aseguramiento","suministro de alucin\u00f3genos a menores"],"articleSection":["Noticias","Seccional Mit\u00fa","Tr\u00e1fico de estupefacientes"],"inLanguage":"es-CO"},{"@type":"WebPage","@id":"https:\/\/www.fiscalia.gov.co\/colombia\/noticias\/dos-hombres-enviados-a-la-carcel-por-supuesto-suministro-de-sustancias-alucinogenas-a-menores-de-edad-en-mitu\/","url":"https:\/\/www.fiscalia.gov.co\/colombia\/noticias\/dos-hombres-enviados-a-la-carcel-por-supuesto-suministro-de-sustancias-alucinogenas-a-menores-de-edad-en-mitu\/","name":"Fiscal\u00eda General de la Naci\u00f3n","isPartOf":{"@id":"https:\/\/www.fiscalia.gov.co\/colombia\/#website"},"datePublished":"2021-09-14T12:52:48+00:00","dateModified":"2021-09-14T12:52:48+00:00","description":"P\u00e1gina oficial de la Fiscal\u00eda General de la Naci\u00f3n \u2013 Colombia. Garantizamos el acceso efectivo a la justicia, la verdad y la reparaci\u00f3n de las v\u00edctimas de los delitos.","breadcrumb":{"@id":"https:\/\/www.fiscalia.gov.co\/colombia\/noticias\/dos-hombres-enviados-a-la-carcel-por-supuesto-suministro-de-sustancias-alucinogenas-a-menores-de-edad-en-mitu\/#breadcrumb"},"inLanguage":"es-CO","potentialAction":[{"@type":"ReadAction","target":["https:\/\/www.fiscalia.gov.co\/colombia\/noticias\/dos-hombres-enviados-a-la-carcel-por-supuesto-suministro-de-sustancias-alucinogenas-a-menores-de-edad-en-mitu\/"]}]},{"@type":"BreadcrumbList","@id":"https:\/\/www.fiscalia.gov.co\/colombia\/noticias\/dos-hombres-enviados-a-la-carcel-por-supuesto-suministro-de-sustancias-alucinogenas-a-menores-de-edad-en-mitu\/#breadcrumb","itemListElement":[{"@type":"ListItem","position":1,"name":"Home","item":"https:\/\/www.fiscalia.gov.co\/colombia\/"},{"@type":"ListItem","position":2,"name":"Dos hombres enviados a la c\u00e1rcel por supuesto suministro de sustancias alucin\u00f3genas a menores de edad en Mit\u00fa\u00a0"}]},{"@type":"WebSite","@id":"https:\/\/www.fiscalia.gov.co\/colombia\/#website","url":"https:\/\/www.fiscalia.gov.co\/colombia\/","name":"Fiscal\u00eda General de la Naci\u00f3n","description":"P\u00e1gina oficial de la Fiscal\u00eda General de la Naci\u00f3n \u2013 Colombia. Garantizamos el acceso efectivo a la justicia, la verdad y la reparaci\u00f3n de las v\u00edctimas de los delitos.","publisher":{"@id":"https:\/\/www.fiscalia.gov.co\/colombia\/#organization"},"potentialAction":[{"@type":"SearchAction","target":{"@type":"EntryPoint","urlTemplate":"https:\/\/www.fiscalia.gov.co\/colombia\/?s={search_term_string}"},"query-input":{"@type":"PropertyValueSpecification","valueRequired":true,"valueName":"search_term_string"}}],"inLanguage":"es-CO"},{"@type":"Organization","@id":"https:\/\/www.fiscalia.gov.co\/colombia\/#organization","name":"Fiscal\u00eda General de la Naci\u00f3n","url":"https:\/\/www.fiscalia.gov.co\/colombia\/","logo":{"@type":"ImageObject","inLanguage":"es-CO","@id":"https:\/\/www.fiscalia.gov.co\/colombia\/#\/schema\/logo\/image\/","url":"https:\/\/www.fiscalia.gov.co\/colombia\/wp-content\/uploads\/LogoHorizontal_1.jpg","contentUrl":"https:\/\/www.fiscalia.gov.co\/colombia\/wp-content\/uploads\/LogoHorizontal_1.jpg","width":300,"height":90,"caption":"Fiscal\u00eda General de la Naci\u00f3n"},"image":{"@id":"https:\/\/www.fiscalia.gov.co\/colombia\/#\/schema\/logo\/image\/"},"sameAs":["https:\/\/www.facebook.com\/FiscaliaCol","https:\/\/x.com\/FiscaliaCol","https:\/\/www.instagram.com\/fiscaliacol","https:\/\/www.linkedin.com\/company\/fiscalia-general-de-la-naci-n\/","https:\/\/youtube.com\/@fiscaliageneraldelanacion-4668?si=6nN79nyQICPU5iTh"]},{"@type":"Person","@id":"https:\/\/www.fiscalia.gov.co\/colombia\/#\/schema\/person\/2e76b9aba5ecf875ed565ce4de0e0415","name":"Katherine Loaiza Mart\u00ednez","image":{"@type":"ImageObject","inLanguage":"es-CO","@id":"https:\/\/www.fiscalia.gov.co\/colombia\/#\/schema\/person\/image\/","url":"https:\/\/secure.gravatar.com\/avatar\/ab775a2f394c1b83b6d6f78680e57b50?s=96&d=mm&r=g","contentUrl":"https:\/\/secure.gravatar.com\/avatar\/ab775a2f394c1b83b6d6f78680e57b50?s=96&d=mm&r=g","caption":"Katherine Loaiza Mart\u00ednez"},"url":"https:\/\/www.fiscalia.gov.co\/colombia\/author\/kloaiza\/"}]}},"_links":{"self":[{"href":"https:\/\/www.fiscalia.gov.co\/colombia\/wp-json\/wp\/v2\/posts\/229734","targetHints":{"allow":["GET"]}}],"collection":[{"href":"https:\/\/www.fiscalia.gov.co\/colombia\/wp-json\/wp\/v2\/posts"}],"about":[{"href":"https:\/\/www.fiscalia.gov.co\/colombia\/wp-json\/wp\/v2\/types\/post"}],"author":[{"embeddable":true,"href":"https:\/\/www.fiscalia.gov.co\/colombia\/wp-json\/wp\/v2\/users\/175"}],"replies":[{"embeddable":true,"href":"https:\/\/www.fiscalia.gov.co\/colombia\/wp-json\/wp\/v2\/comments?post=229734"}],"version-history":[{"count":1,"href":"https:\/\/www.fiscalia.gov.co\/colombia\/wp-json\/wp\/v2\/posts\/229734\/revisions"}],"predecessor-version":[{"id":229736,"href":"https:\/\/www.fiscalia.gov.co\/colombia\/wp-json\/wp\/v2\/posts\/229734\/revisions\/229736"}],"wp:attachment":[{"href":"https:\/\/www.fiscalia.gov.co\/colombia\/wp-json\/wp\/v2\/media?parent=229734"}],"wp:term":[{"taxonomy":"category","embeddable":true,"href":"https:\/\/www.fiscalia.gov.co\/colombia\/wp-json\/wp\/v2\/categories?post=229734"},{"taxonomy":"post_tag","embeddable":true,"href":"https:\/\/www.fiscalia.gov.co\/colombia\/wp-json\/wp\/v2\/tags?post=229734"}],"curies":[{"name":"wp","href":"https:\/\/api.w.org\/{rel}","templated":true}]}}