{"id":229625,"date":"2021-09-13T09:52:49","date_gmt":"2021-09-13T14:52:49","guid":{"rendered":"https:\/\/www.fiscalia.gov.co\/colombia\/?p=229625"},"modified":"2021-09-13T17:36:11","modified_gmt":"2021-09-13T22:36:11","slug":"capturan-a-un-hombre-para-que-cumpla-medida-de-aseguramiento-por-delitos-sexuales-en-contra-de-adolescente-que-quedo-embarazada","status":"publish","type":"post","link":"https:\/\/www.fiscalia.gov.co\/colombia\/noticias\/capturan-a-un-hombre-para-que-cumpla-medida-de-aseguramiento-por-delitos-sexuales-en-contra-de-adolescente-que-quedo-embarazada\/","title":{"rendered":"Capturan a un hombre para que cumpla medida de aseguramiento por delitos sexuales en contra de adolescente que qued\u00f3 embarazada"},"content":{"rendered":"<p style=\"font-weight: 400;\">Luis Daniel Tangarife S\u00e1nchez fue capturado por investigadores del CTI de la Fiscal\u00eda de la Unidad Local de Fresno, (Tolima), en conjunto con la Polic\u00eda Nacional, para que cumpla medida de aseguramiento en establecimiento carcelario por el delito de\u00a0<a href=\"https:\/\/www.fiscalia.gov.co\/colombia\/seccionales\/a-la-carcel-una-pareja-por-presunto-acceso-carnal-violento-agravado-contra-una-nina-de-9-anos\/\" data-saferedirecturl=\"https:\/\/www.google.com\/url?q=https:\/\/www.fiscalia.gov.co\/colombia\/seccionales\/a-la-carcel-una-pareja-por-presunto-acceso-carnal-violento-agravado-contra-una-nina-de-9-anos\/&amp;source=gmail&amp;ust=1631628319291000&amp;usg=AFQjCNFD4g_eimqUBGo9Yh6l08fLhBRA7Q\">acceso carnal violento agravado<\/a>.<\/p>\n<figure id=\"attachment_229626\" aria-describedby=\"caption-attachment-229626\" style=\"width: 226px\" class=\"wp-caption alignleft\"><img loading=\"lazy\" decoding=\"async\" class=\"wp-image-229626 size-medium\" src=\"https:\/\/www.fiscalia.gov.co\/colombia\/wp-content\/uploads\/asegurado-por-abuso-de-adlescente-a-quien-embaraz\u00f3-fresno-herveo-226x300.jpeg\" alt=\"\" width=\"226\" height=\"300\" srcset=\"https:\/\/www.fiscalia.gov.co\/colombia\/wp-content\/uploads\/asegurado-por-abuso-de-adlescente-a-quien-embaraz\u00f3-fresno-herveo-226x300.jpeg 226w, https:\/\/www.fiscalia.gov.co\/colombia\/wp-content\/uploads\/asegurado-por-abuso-de-adlescente-a-quien-embaraz\u00f3-fresno-herveo-316x420.jpeg 316w, https:\/\/www.fiscalia.gov.co\/colombia\/wp-content\/uploads\/asegurado-por-abuso-de-adlescente-a-quien-embaraz\u00f3-fresno-herveo.jpeg 648w\" sizes=\"auto, (max-width: 226px) 100vw, 226px\" \/><figcaption id=\"caption-attachment-229626\" class=\"wp-caption-text\">Luis Daniel Tangarife S\u00e1nchez fue capturado por investigadores del CTI de la Fiscal\u00eda de la Unidad Local de Fresno (Tolima), en conjunto con la Polic\u00eda Nacional para cumplir medida de aseguramiento intramuros.<\/figcaption><\/figure>\n<p style=\"font-weight: 400;\">Esta captura se llev\u00f3 a cabo en el municipio tolimense de Herveo, en cumplimiento a la orden de un juzgado con funciones de control de garant\u00edas de Ibagu\u00e9, tras ser imputado en ausencia\u00a0(contumacia)\u00a0en marzo de 2021, pues pese a que el ente acusado lo notific\u00f3 sobre esta diligencia, no se present\u00f3.<\/p>\n<p style=\"font-weight: 400;\">Los hechos por los que fue privado de la libertad ocurrieron en junio de 2020, en zona rural de la capital tolimense, cuando el indiciado presuntamente abus\u00f3 de manera violenta de una adolescente de 16 a\u00f1os.<\/p>\n<p style=\"font-weight: 400;\">Producto del abuso la menor qued\u00f3 en estado de embarazo.<\/p>\n<p style=\"font-weight: 400;\">El hombre fue dejado a disposici\u00f3n de la autoridad solicitante para darle cumplimiento a la medida impuesta.<\/p>\n<p style=\"font-weight: 400;\">La Fiscal\u00eda habla con resultados.<\/p>\n<p style=\"font-weight: 400;\">PAAM\/CFG\/GGM<\/p>\n<p style=\"font-weight: 400;\">\n\n<div class=\"twitter-share\"><a href=\"https:\/\/twitter.com\/intent\/tweet?via=fiscaliacol\" class=\"twitter-share-button\">Tweet<\/a><\/div>\n","protected":false},"excerpt":{"rendered":"<p>Luis Daniel Tangarife S\u00e1nchez fue capturado por investigadores del CTI de la Fiscal\u00eda de la Unidad Local de Fresno, (Tolima), en conjunto con la Polic\u00eda Nacional, para que cumpla medida [&hellip;]<\/p>\n","protected":false},"author":175,"featured_media":0,"comment_status":"closed","ping_status":"open","sticky":false,"template":"","format":"standard","meta":{"tdm_status":"","tdm_grid_status":"","footnotes":""},"categories":[1,329,24127],"tags":[11535,704,45,2369,26618,24401,24189,1047,23935,25297,1185,558,1176,25283],"class_list":["post-229625","post","type-post","status-publish","format-standard","category-noticias","category-seccional-ibague","category-violencia-sexual-e-intrafamiliar","tag-acceso-carnal-violento-agravado","tag-adolescente","tag-cti","tag-de4litos-sexuales","tag-estado-de-embarazo","tag-fiscal-barbosa-delgado","tag-fiscal-francisco-barbosa-delgado","tag-fiscalia-general-de-la-nacion","tag-fresno","tag-herveo","tag-medida-de-aseguramiento","tag-policia-nacional","tag-violencia-de-genero","tag-zona-rural-de-ibague"],"yoast_head":"<!-- This site is optimized with the Yoast SEO plugin v24.3 - https:\/\/yoast.com\/wordpress\/plugins\/seo\/ -->\n<title>Fiscal\u00eda General de la Naci\u00f3n<\/title>\n<meta name=\"description\" content=\"P\u00e1gina oficial de la Fiscal\u00eda General de la Naci\u00f3n \u2013 Colombia. Garantizamos el acceso efectivo a la justicia, la verdad y la reparaci\u00f3n de las v\u00edctimas de los delitos.\" \/>\n<meta name=\"robots\" content=\"noindex, follow\" \/>\n<meta property=\"og:locale\" content=\"es_ES\" \/>\n<meta property=\"og:type\" content=\"article\" \/>\n<meta property=\"og:title\" content=\"Fiscal\u00eda General de la Naci\u00f3n\" \/>\n<meta property=\"og:description\" content=\"P\u00e1gina oficial de la Fiscal\u00eda General de la Naci\u00f3n \u2013 Colombia. Garantizamos el acceso efectivo a la justicia, la verdad y la reparaci\u00f3n de las v\u00edctimas de los delitos.\" \/>\n<meta property=\"og:url\" content=\"https:\/\/www.fiscalia.gov.co\/colombia\/noticias\/capturan-a-un-hombre-para-que-cumpla-medida-de-aseguramiento-por-delitos-sexuales-en-contra-de-adolescente-que-quedo-embarazada\/\" \/>\n<meta property=\"og:site_name\" content=\"Fiscal\u00eda General de la Naci\u00f3n\" \/>\n<meta property=\"article:publisher\" content=\"https:\/\/www.facebook.com\/FiscaliaCol\" \/>\n<meta property=\"article:published_time\" content=\"2021-09-13T14:52:49+00:00\" \/>\n<meta property=\"article:modified_time\" content=\"2021-09-13T22:36:11+00:00\" \/>\n<meta name=\"author\" content=\"Katherine Loaiza Mart\u00ednez\" \/>\n<meta name=\"twitter:card\" content=\"summary_large_image\" \/>\n<meta name=\"twitter:creator\" content=\"@FiscaliaCol\" \/>\n<meta name=\"twitter:site\" content=\"@FiscaliaCol\" \/>\n<meta name=\"twitter:label1\" content=\"Escrito por\" \/>\n\t<meta name=\"twitter:data1\" content=\"Katherine Loaiza Mart\u00ednez\" \/>\n\t<meta name=\"twitter:label2\" content=\"Tiempo de lectura\" \/>\n\t<meta name=\"twitter:data2\" content=\"1 minuto\" \/>\n<script type=\"application\/ld+json\" class=\"yoast-schema-graph\">{\"@context\":\"https:\/\/schema.org\",\"@graph\":[{\"@type\":\"Article\",\"@id\":\"https:\/\/www.fiscalia.gov.co\/colombia\/noticias\/capturan-a-un-hombre-para-que-cumpla-medida-de-aseguramiento-por-delitos-sexuales-en-contra-de-adolescente-que-quedo-embarazada\/#article\",\"isPartOf\":{\"@id\":\"https:\/\/www.fiscalia.gov.co\/colombia\/noticias\/capturan-a-un-hombre-para-que-cumpla-medida-de-aseguramiento-por-delitos-sexuales-en-contra-de-adolescente-que-quedo-embarazada\/\"},\"author\":{\"name\":\"Katherine Loaiza Mart\u00ednez\",\"@id\":\"https:\/\/www.fiscalia.gov.co\/colombia\/#\/schema\/person\/2e76b9aba5ecf875ed565ce4de0e0415\"},\"headline\":\"Capturan a un hombre para que cumpla medida de aseguramiento por delitos sexuales en contra de adolescente que qued\u00f3 embarazada\",\"datePublished\":\"2021-09-13T14:52:49+00:00\",\"dateModified\":\"2021-09-13T22:36:11+00:00\",\"mainEntityOfPage\":{\"@id\":\"https:\/\/www.fiscalia.gov.co\/colombia\/noticias\/capturan-a-un-hombre-para-que-cumpla-medida-de-aseguramiento-por-delitos-sexuales-en-contra-de-adolescente-que-quedo-embarazada\/\"},\"wordCount\":233,\"publisher\":{\"@id\":\"https:\/\/www.fiscalia.gov.co\/colombia\/#organization\"},\"keywords\":[\"acceso carnal violento agravado\",\"Adolescente\",\"CTI\",\"Delitos sexuales\",\"estado de embarazo\",\"Fiscal Barbosa Delgado\",\"Fiscal Francisco Barbosa Delgado\",\"Fiscal\u00eda General de la Naci\u00f3n\",\"Fresno\",\"Herveo\",\"Medida de aseguramiento\",\"Polic\u00eda Nacional\",\"Violencia de g\u00e9nero\",\"zona rural de Ibagu\u00e9\"],\"articleSection\":[\"Noticias\",\"Seccional Ibagu\u00e9\",\"Violencia sexual e intrafamiliar\"],\"inLanguage\":\"es-CO\"},{\"@type\":\"WebPage\",\"@id\":\"https:\/\/www.fiscalia.gov.co\/colombia\/noticias\/capturan-a-un-hombre-para-que-cumpla-medida-de-aseguramiento-por-delitos-sexuales-en-contra-de-adolescente-que-quedo-embarazada\/\",\"url\":\"https:\/\/www.fiscalia.gov.co\/colombia\/noticias\/capturan-a-un-hombre-para-que-cumpla-medida-de-aseguramiento-por-delitos-sexuales-en-contra-de-adolescente-que-quedo-embarazada\/\",\"name\":\"Fiscal\u00eda General de la Naci\u00f3n\",\"isPartOf\":{\"@id\":\"https:\/\/www.fiscalia.gov.co\/colombia\/#website\"},\"datePublished\":\"2021-09-13T14:52:49+00:00\",\"dateModified\":\"2021-09-13T22:36:11+00:00\",\"description\":\"P\u00e1gina oficial de la Fiscal\u00eda General de la Naci\u00f3n \u2013 Colombia. Garantizamos el acceso efectivo a la justicia, la verdad y la reparaci\u00f3n de las v\u00edctimas de los delitos.\",\"breadcrumb\":{\"@id\":\"https:\/\/www.fiscalia.gov.co\/colombia\/noticias\/capturan-a-un-hombre-para-que-cumpla-medida-de-aseguramiento-por-delitos-sexuales-en-contra-de-adolescente-que-quedo-embarazada\/#breadcrumb\"},\"inLanguage\":\"es-CO\",\"potentialAction\":[{\"@type\":\"ReadAction\",\"target\":[\"https:\/\/www.fiscalia.gov.co\/colombia\/noticias\/capturan-a-un-hombre-para-que-cumpla-medida-de-aseguramiento-por-delitos-sexuales-en-contra-de-adolescente-que-quedo-embarazada\/\"]}]},{\"@type\":\"BreadcrumbList\",\"@id\":\"https:\/\/www.fiscalia.gov.co\/colombia\/noticias\/capturan-a-un-hombre-para-que-cumpla-medida-de-aseguramiento-por-delitos-sexuales-en-contra-de-adolescente-que-quedo-embarazada\/#breadcrumb\",\"itemListElement\":[{\"@type\":\"ListItem\",\"position\":1,\"name\":\"Home\",\"item\":\"https:\/\/www.fiscalia.gov.co\/colombia\/\"},{\"@type\":\"ListItem\",\"position\":2,\"name\":\"Capturan a un hombre para que cumpla medida de aseguramiento por delitos sexuales en contra de adolescente que qued\u00f3 embarazada\"}]},{\"@type\":\"WebSite\",\"@id\":\"https:\/\/www.fiscalia.gov.co\/colombia\/#website\",\"url\":\"https:\/\/www.fiscalia.gov.co\/colombia\/\",\"name\":\"Fiscal\u00eda General de la Naci\u00f3n\",\"description\":\"P\u00e1gina oficial de la Fiscal\u00eda General de la Naci\u00f3n \u2013 Colombia. Garantizamos el acceso efectivo a la justicia, la verdad y la reparaci\u00f3n de las v\u00edctimas de los delitos.\",\"publisher\":{\"@id\":\"https:\/\/www.fiscalia.gov.co\/colombia\/#organization\"},\"potentialAction\":[{\"@type\":\"SearchAction\",\"target\":{\"@type\":\"EntryPoint\",\"urlTemplate\":\"https:\/\/www.fiscalia.gov.co\/colombia\/?s={search_term_string}\"},\"query-input\":{\"@type\":\"PropertyValueSpecification\",\"valueRequired\":true,\"valueName\":\"search_term_string\"}}],\"inLanguage\":\"es-CO\"},{\"@type\":\"Organization\",\"@id\":\"https:\/\/www.fiscalia.gov.co\/colombia\/#organization\",\"name\":\"Fiscal\u00eda General de la Naci\u00f3n\",\"url\":\"https:\/\/www.fiscalia.gov.co\/colombia\/\",\"logo\":{\"@type\":\"ImageObject\",\"inLanguage\":\"es-CO\",\"@id\":\"https:\/\/www.fiscalia.gov.co\/colombia\/#\/schema\/logo\/image\/\",\"url\":\"https:\/\/www.fiscalia.gov.co\/colombia\/wp-content\/uploads\/LogoHorizontal_1.jpg\",\"contentUrl\":\"https:\/\/www.fiscalia.gov.co\/colombia\/wp-content\/uploads\/LogoHorizontal_1.jpg\",\"width\":300,\"height\":90,\"caption\":\"Fiscal\u00eda General de la Naci\u00f3n\"},\"image\":{\"@id\":\"https:\/\/www.fiscalia.gov.co\/colombia\/#\/schema\/logo\/image\/\"},\"sameAs\":[\"https:\/\/www.facebook.com\/FiscaliaCol\",\"https:\/\/x.com\/FiscaliaCol\",\"https:\/\/www.instagram.com\/fiscaliacol\",\"https:\/\/www.linkedin.com\/company\/fiscalia-general-de-la-naci-n\/\",\"https:\/\/youtube.com\/@fiscaliageneraldelanacion-4668?si=6nN79nyQICPU5iTh\"]},{\"@type\":\"Person\",\"@id\":\"https:\/\/www.fiscalia.gov.co\/colombia\/#\/schema\/person\/2e76b9aba5ecf875ed565ce4de0e0415\",\"name\":\"Katherine Loaiza Mart\u00ednez\",\"image\":{\"@type\":\"ImageObject\",\"inLanguage\":\"es-CO\",\"@id\":\"https:\/\/www.fiscalia.gov.co\/colombia\/#\/schema\/person\/image\/\",\"url\":\"https:\/\/secure.gravatar.com\/avatar\/ab775a2f394c1b83b6d6f78680e57b50?s=96&d=mm&r=g\",\"contentUrl\":\"https:\/\/secure.gravatar.com\/avatar\/ab775a2f394c1b83b6d6f78680e57b50?s=96&d=mm&r=g\",\"caption\":\"Katherine Loaiza Mart\u00ednez\"},\"url\":\"https:\/\/www.fiscalia.gov.co\/colombia\/author\/kloaiza\/\"}]}<\/script>\n<!-- \/ Yoast SEO plugin. -->","yoast_head_json":{"title":"Fiscal\u00eda General de la Naci\u00f3n","description":"P\u00e1gina oficial de la Fiscal\u00eda General de la Naci\u00f3n \u2013 Colombia. Garantizamos el acceso efectivo a la justicia, la verdad y la reparaci\u00f3n de las v\u00edctimas de los delitos.","robots":{"index":"noindex","follow":"follow"},"og_locale":"es_ES","og_type":"article","og_title":"Fiscal\u00eda General de la Naci\u00f3n","og_description":"P\u00e1gina oficial de la Fiscal\u00eda General de la Naci\u00f3n \u2013 Colombia. Garantizamos el acceso efectivo a la justicia, la verdad y la reparaci\u00f3n de las v\u00edctimas de los delitos.","og_url":"https:\/\/www.fiscalia.gov.co\/colombia\/noticias\/capturan-a-un-hombre-para-que-cumpla-medida-de-aseguramiento-por-delitos-sexuales-en-contra-de-adolescente-que-quedo-embarazada\/","og_site_name":"Fiscal\u00eda General de la Naci\u00f3n","article_publisher":"https:\/\/www.facebook.com\/FiscaliaCol","article_published_time":"2021-09-13T14:52:49+00:00","article_modified_time":"2021-09-13T22:36:11+00:00","author":"Katherine Loaiza Mart\u00ednez","twitter_card":"summary_large_image","twitter_creator":"@FiscaliaCol","twitter_site":"@FiscaliaCol","twitter_misc":{"Escrito por":"Katherine Loaiza Mart\u00ednez","Tiempo de lectura":"1 minuto"},"schema":{"@context":"https:\/\/schema.org","@graph":[{"@type":"Article","@id":"https:\/\/www.fiscalia.gov.co\/colombia\/noticias\/capturan-a-un-hombre-para-que-cumpla-medida-de-aseguramiento-por-delitos-sexuales-en-contra-de-adolescente-que-quedo-embarazada\/#article","isPartOf":{"@id":"https:\/\/www.fiscalia.gov.co\/colombia\/noticias\/capturan-a-un-hombre-para-que-cumpla-medida-de-aseguramiento-por-delitos-sexuales-en-contra-de-adolescente-que-quedo-embarazada\/"},"author":{"name":"Katherine Loaiza Mart\u00ednez","@id":"https:\/\/www.fiscalia.gov.co\/colombia\/#\/schema\/person\/2e76b9aba5ecf875ed565ce4de0e0415"},"headline":"Capturan a un hombre para que cumpla medida de aseguramiento por delitos sexuales en contra de adolescente que qued\u00f3 embarazada","datePublished":"2021-09-13T14:52:49+00:00","dateModified":"2021-09-13T22:36:11+00:00","mainEntityOfPage":{"@id":"https:\/\/www.fiscalia.gov.co\/colombia\/noticias\/capturan-a-un-hombre-para-que-cumpla-medida-de-aseguramiento-por-delitos-sexuales-en-contra-de-adolescente-que-quedo-embarazada\/"},"wordCount":233,"publisher":{"@id":"https:\/\/www.fiscalia.gov.co\/colombia\/#organization"},"keywords":["acceso carnal violento agravado","Adolescente","CTI","Delitos sexuales","estado de embarazo","Fiscal Barbosa Delgado","Fiscal Francisco Barbosa Delgado","Fiscal\u00eda General de la Naci\u00f3n","Fresno","Herveo","Medida de aseguramiento","Polic\u00eda Nacional","Violencia de g\u00e9nero","zona rural de Ibagu\u00e9"],"articleSection":["Noticias","Seccional Ibagu\u00e9","Violencia sexual e intrafamiliar"],"inLanguage":"es-CO"},{"@type":"WebPage","@id":"https:\/\/www.fiscalia.gov.co\/colombia\/noticias\/capturan-a-un-hombre-para-que-cumpla-medida-de-aseguramiento-por-delitos-sexuales-en-contra-de-adolescente-que-quedo-embarazada\/","url":"https:\/\/www.fiscalia.gov.co\/colombia\/noticias\/capturan-a-un-hombre-para-que-cumpla-medida-de-aseguramiento-por-delitos-sexuales-en-contra-de-adolescente-que-quedo-embarazada\/","name":"Fiscal\u00eda General de la Naci\u00f3n","isPartOf":{"@id":"https:\/\/www.fiscalia.gov.co\/colombia\/#website"},"datePublished":"2021-09-13T14:52:49+00:00","dateModified":"2021-09-13T22:36:11+00:00","description":"P\u00e1gina oficial de la Fiscal\u00eda General de la Naci\u00f3n \u2013 Colombia. Garantizamos el acceso efectivo a la justicia, la verdad y la reparaci\u00f3n de las v\u00edctimas de los delitos.","breadcrumb":{"@id":"https:\/\/www.fiscalia.gov.co\/colombia\/noticias\/capturan-a-un-hombre-para-que-cumpla-medida-de-aseguramiento-por-delitos-sexuales-en-contra-de-adolescente-que-quedo-embarazada\/#breadcrumb"},"inLanguage":"es-CO","potentialAction":[{"@type":"ReadAction","target":["https:\/\/www.fiscalia.gov.co\/colombia\/noticias\/capturan-a-un-hombre-para-que-cumpla-medida-de-aseguramiento-por-delitos-sexuales-en-contra-de-adolescente-que-quedo-embarazada\/"]}]},{"@type":"BreadcrumbList","@id":"https:\/\/www.fiscalia.gov.co\/colombia\/noticias\/capturan-a-un-hombre-para-que-cumpla-medida-de-aseguramiento-por-delitos-sexuales-en-contra-de-adolescente-que-quedo-embarazada\/#breadcrumb","itemListElement":[{"@type":"ListItem","position":1,"name":"Home","item":"https:\/\/www.fiscalia.gov.co\/colombia\/"},{"@type":"ListItem","position":2,"name":"Capturan a un hombre para que cumpla medida de aseguramiento por delitos sexuales en contra de adolescente que qued\u00f3 embarazada"}]},{"@type":"WebSite","@id":"https:\/\/www.fiscalia.gov.co\/colombia\/#website","url":"https:\/\/www.fiscalia.gov.co\/colombia\/","name":"Fiscal\u00eda General de la Naci\u00f3n","description":"P\u00e1gina oficial de la Fiscal\u00eda General de la Naci\u00f3n \u2013 Colombia. Garantizamos el acceso efectivo a la justicia, la verdad y la reparaci\u00f3n de las v\u00edctimas de los delitos.","publisher":{"@id":"https:\/\/www.fiscalia.gov.co\/colombia\/#organization"},"potentialAction":[{"@type":"SearchAction","target":{"@type":"EntryPoint","urlTemplate":"https:\/\/www.fiscalia.gov.co\/colombia\/?s={search_term_string}"},"query-input":{"@type":"PropertyValueSpecification","valueRequired":true,"valueName":"search_term_string"}}],"inLanguage":"es-CO"},{"@type":"Organization","@id":"https:\/\/www.fiscalia.gov.co\/colombia\/#organization","name":"Fiscal\u00eda General de la Naci\u00f3n","url":"https:\/\/www.fiscalia.gov.co\/colombia\/","logo":{"@type":"ImageObject","inLanguage":"es-CO","@id":"https:\/\/www.fiscalia.gov.co\/colombia\/#\/schema\/logo\/image\/","url":"https:\/\/www.fiscalia.gov.co\/colombia\/wp-content\/uploads\/LogoHorizontal_1.jpg","contentUrl":"https:\/\/www.fiscalia.gov.co\/colombia\/wp-content\/uploads\/LogoHorizontal_1.jpg","width":300,"height":90,"caption":"Fiscal\u00eda General de la Naci\u00f3n"},"image":{"@id":"https:\/\/www.fiscalia.gov.co\/colombia\/#\/schema\/logo\/image\/"},"sameAs":["https:\/\/www.facebook.com\/FiscaliaCol","https:\/\/x.com\/FiscaliaCol","https:\/\/www.instagram.com\/fiscaliacol","https:\/\/www.linkedin.com\/company\/fiscalia-general-de-la-naci-n\/","https:\/\/youtube.com\/@fiscaliageneraldelanacion-4668?si=6nN79nyQICPU5iTh"]},{"@type":"Person","@id":"https:\/\/www.fiscalia.gov.co\/colombia\/#\/schema\/person\/2e76b9aba5ecf875ed565ce4de0e0415","name":"Katherine Loaiza Mart\u00ednez","image":{"@type":"ImageObject","inLanguage":"es-CO","@id":"https:\/\/www.fiscalia.gov.co\/colombia\/#\/schema\/person\/image\/","url":"https:\/\/secure.gravatar.com\/avatar\/ab775a2f394c1b83b6d6f78680e57b50?s=96&d=mm&r=g","contentUrl":"https:\/\/secure.gravatar.com\/avatar\/ab775a2f394c1b83b6d6f78680e57b50?s=96&d=mm&r=g","caption":"Katherine Loaiza Mart\u00ednez"},"url":"https:\/\/www.fiscalia.gov.co\/colombia\/author\/kloaiza\/"}]}},"_links":{"self":[{"href":"https:\/\/www.fiscalia.gov.co\/colombia\/wp-json\/wp\/v2\/posts\/229625","targetHints":{"allow":["GET"]}}],"collection":[{"href":"https:\/\/www.fiscalia.gov.co\/colombia\/wp-json\/wp\/v2\/posts"}],"about":[{"href":"https:\/\/www.fiscalia.gov.co\/colombia\/wp-json\/wp\/v2\/types\/post"}],"author":[{"embeddable":true,"href":"https:\/\/www.fiscalia.gov.co\/colombia\/wp-json\/wp\/v2\/users\/175"}],"replies":[{"embeddable":true,"href":"https:\/\/www.fiscalia.gov.co\/colombia\/wp-json\/wp\/v2\/comments?post=229625"}],"version-history":[{"count":2,"href":"https:\/\/www.fiscalia.gov.co\/colombia\/wp-json\/wp\/v2\/posts\/229625\/revisions"}],"predecessor-version":[{"id":229705,"href":"https:\/\/www.fiscalia.gov.co\/colombia\/wp-json\/wp\/v2\/posts\/229625\/revisions\/229705"}],"wp:attachment":[{"href":"https:\/\/www.fiscalia.gov.co\/colombia\/wp-json\/wp\/v2\/media?parent=229625"}],"wp:term":[{"taxonomy":"category","embeddable":true,"href":"https:\/\/www.fiscalia.gov.co\/colombia\/wp-json\/wp\/v2\/categories?post=229625"},{"taxonomy":"post_tag","embeddable":true,"href":"https:\/\/www.fiscalia.gov.co\/colombia\/wp-json\/wp\/v2\/tags?post=229625"}],"curies":[{"name":"wp","href":"https:\/\/api.w.org\/{rel}","templated":true}]}}