{"id":229481,"date":"2021-09-10T14:54:02","date_gmt":"2021-09-10T19:54:02","guid":{"rendered":"https:\/\/www.fiscalia.gov.co\/colombia\/?p=229481"},"modified":"2021-09-10T14:54:02","modified_gmt":"2021-09-10T19:54:02","slug":"privadas-de-la-libertad-seis-personas-por-delitos-contra-la-vida-la-integridad-personal-y-patrimonio-economico-en-huila","status":"publish","type":"post","link":"https:\/\/www.fiscalia.gov.co\/colombia\/noticias\/privadas-de-la-libertad-seis-personas-por-delitos-contra-la-vida-la-integridad-personal-y-patrimonio-economico-en-huila\/","title":{"rendered":"Privadas de la libertad seis personas por delitos contra la vida,\u00a0\u00a0la integridad personal\u00a0\u00a0y patrimonio\u00a0\u00a0econ\u00f3mico en Huila\u00a0"},"content":{"rendered":"<p style=\"font-weight: 400;\">A trav\u00e9s de distintos fiscales adscritos a la Seccional Huila, fueron judicializadas seis personas por delitos como <strong>homicidio, tentativa de homicidio y hurto<\/strong>, que ocurrieron ocurrieron en Neiva, La Plata y Pitalito durante 2020 y en lo que va corrido de este a\u00f1o.<\/p>\n<p style=\"font-weight: 400;\">Un juez con funci\u00f3n de control de garant\u00edas acogi\u00f3 la petici\u00f3n del ente acusador e impuso\u00a0<strong>medida de aseguramiento privativa de la libertad en centro carcelario<\/strong>\u00a0contra\u00a0los presuntos implicados tras sus capturas ejecutadas por CTI (uno de los casos) y la Polic\u00eda Nacional, en los municipios mencionados.<\/p>\n<p style=\"font-weight: 400;\">El ente acusador, imput\u00f3 a los capturados de acuerdo a sus presuntas responsabilidades individuales, por delitos\u00a0<strong>como\u00a0<a href=\"https:\/\/www.fiscalia.gov.co\/colombia\/noticias\/fiscalia-impone-medida-de-aseguramiento-contra-alias-macaco-por-homicidios-secuestros-desapariciones-forzadas-desplazamientos-y-otros-delitos\/\" data-saferedirecturl=\"https:\/\/www.google.com\/url?q=https:\/\/www.fiscalia.gov.co\/colombia\/noticias\/fiscalia-impone-medida-de-aseguramiento-contra-alias-macaco-por-homicidios-secuestros-desapariciones-forzadas-desplazamientos-y-otros-delitos\/&amp;source=gmail&amp;ust=1631371607804000&amp;usg=AFQjCNGBT61r4KHqL78x9U4gae8Z5oWdDA\">homicidio<\/a>\u00a0agravado, homicidio en modalidad de tentativa, fabricaci\u00f3n, tr\u00e1fico, porte o tenencia de armas de fuego, accesorios partes o municiones y hurto calificado y agravado.\u00a0\u00a0Ninguno acept\u00f3 cargos<\/strong>.<\/p>\n<p style=\"font-weight: 400;\"><strong>Hechos contra la vida\u00a0\u00a0<\/strong><\/p>\n<p style=\"font-weight: 400;\">&#8211;\u00a0\u00a0\u00a0\u00a0\u00a0El pasado 26 de abril, en el centro poblado de Monserrate, en La Plata (Huila), se encontraban en una residencia ingiriendo licor varias personas, entre ellos el imputado Jos\u00e9 Iv\u00e1n Mu\u00f1oz y el hoy occiso, Raimundo Pajoi, quienes, al parecer,\u00a0<strong>sostuvieron una ri\u00f1a<\/strong>.<\/p>\n<p style=\"font-weight: 400;\"><img loading=\"lazy\" decoding=\"async\" class=\"aligncenter size-full wp-image-229482\" src=\"https:\/\/www.fiscalia.gov.co\/colombia\/wp-content\/uploads\/Jos\u00e9-Iv\u00e1n-Mu\u00f1oz.jpeg\" alt=\"\" width=\"1280\" height=\"768\" srcset=\"https:\/\/www.fiscalia.gov.co\/colombia\/wp-content\/uploads\/Jos\u00e9-Iv\u00e1n-Mu\u00f1oz.jpeg 1280w, https:\/\/www.fiscalia.gov.co\/colombia\/wp-content\/uploads\/Jos\u00e9-Iv\u00e1n-Mu\u00f1oz-300x180.jpeg 300w, https:\/\/www.fiscalia.gov.co\/colombia\/wp-content\/uploads\/Jos\u00e9-Iv\u00e1n-Mu\u00f1oz-1024x614.jpeg 1024w, https:\/\/www.fiscalia.gov.co\/colombia\/wp-content\/uploads\/Jos\u00e9-Iv\u00e1n-Mu\u00f1oz-768x461.jpeg 768w, https:\/\/www.fiscalia.gov.co\/colombia\/wp-content\/uploads\/Jos\u00e9-Iv\u00e1n-Mu\u00f1oz-696x418.jpeg 696w, https:\/\/www.fiscalia.gov.co\/colombia\/wp-content\/uploads\/Jos\u00e9-Iv\u00e1n-Mu\u00f1oz-1068x641.jpeg 1068w, https:\/\/www.fiscalia.gov.co\/colombia\/wp-content\/uploads\/Jos\u00e9-Iv\u00e1n-Mu\u00f1oz-700x420.jpeg 700w\" sizes=\"auto, (max-width: 1280px) 100vw, 1280px\" \/><\/p>\n<p style=\"font-weight: 400;\">Posteriormente, las dem\u00e1s personas que depart\u00edan en la vivienda habr\u00edan abandonado la misma, situaci\u00f3n que habr\u00eda aprovechado Mu\u00f1oz\u00a0\u00a0para, presuntamente,\u00a0<strong>lesionar a la v\u00edctima<\/strong>\u00a0quien se encontraba en estado de embriaguez y se habr\u00eda quedado dormida.<\/p>\n<p style=\"font-weight: 400;\">Seg\u00fan se pudo establecer, el afectado\u00a0<strong>fue intervenido quir\u00fargicamente y falleci\u00f3 a causa de las heridas que recibi\u00f3 con arma cortopunzante<\/strong>.<\/p>\n<p style=\"font-weight: 400;\">&#8211;\u00a0\u00a0\u00a0\u00a0\u00a0El pasado 13 de marzo, Maicol Yorbin Buend\u00eda Serrano habr\u00eda llegado en una motocicleta al barrio Las Am\u00e9ricas en Neiva (Huila), y al parecer,\u00a0<strong>desenfund\u00f3 arma de fuego<\/strong>\u00a0en contra de un hombre impact\u00e1ndolo en el t\u00f3rax, la pelvis y el muslo. Tras los hechos se presume emprendi\u00f3 la huida.<\/p>\n<p style=\"font-weight: 400;\"><img loading=\"lazy\" decoding=\"async\" class=\"aligncenter size-full wp-image-229484\" src=\"https:\/\/www.fiscalia.gov.co\/colombia\/wp-content\/uploads\/Maicol-Yorbin-Buend\u00eda-Serrano.jpeg\" alt=\"\" width=\"1280\" height=\"720\" srcset=\"https:\/\/www.fiscalia.gov.co\/colombia\/wp-content\/uploads\/Maicol-Yorbin-Buend\u00eda-Serrano.jpeg 1280w, https:\/\/www.fiscalia.gov.co\/colombia\/wp-content\/uploads\/Maicol-Yorbin-Buend\u00eda-Serrano-300x169.jpeg 300w, https:\/\/www.fiscalia.gov.co\/colombia\/wp-content\/uploads\/Maicol-Yorbin-Buend\u00eda-Serrano-1024x576.jpeg 1024w, https:\/\/www.fiscalia.gov.co\/colombia\/wp-content\/uploads\/Maicol-Yorbin-Buend\u00eda-Serrano-768x432.jpeg 768w, https:\/\/www.fiscalia.gov.co\/colombia\/wp-content\/uploads\/Maicol-Yorbin-Buend\u00eda-Serrano-696x392.jpeg 696w, https:\/\/www.fiscalia.gov.co\/colombia\/wp-content\/uploads\/Maicol-Yorbin-Buend\u00eda-Serrano-1068x601.jpeg 1068w, https:\/\/www.fiscalia.gov.co\/colombia\/wp-content\/uploads\/Maicol-Yorbin-Buend\u00eda-Serrano-747x420.jpeg 747w\" sizes=\"auto, (max-width: 1280px) 100vw, 1280px\" \/><\/p>\n<p style=\"font-weight: 400;\">El intento de homicidio se registr\u00f3 en presencia de la madre de la v\u00edctima, quien vio cuando su hijo perdi\u00f3 el conocimiento, tras lo cual fue trasladado al Hospital Universitario donde\u00a0<strong>lograron salvarle la vida<\/strong>.<\/p>\n<p style=\"font-weight: 400;\">&#8211;\u00a0\u00a0\u00a0\u00a0\u00a0El 10 de octubre de 2020, en el barrio Sim\u00f3n Bol\u00edvar de Pitalito (Huila), la v\u00edctima se encontraba\u00a0\u00a0departiendo licor\u00a0\u00a0en la residencia de unos amigos. All\u00ed lleg\u00f3 el hoy judicializado, identificado como Leider Abraham Carrero Molina, y sin mediar palabra\u00a0<strong>le dispar\u00f3 en cuatro oportunidades<\/strong>\u00a0y luego emprendi\u00f3 la huida en la motocicleta en la que se movilizaba como parrillero.<\/p>\n<p><img loading=\"lazy\" decoding=\"async\" class=\"aligncenter size-full wp-image-229489\" src=\"https:\/\/www.fiscalia.gov.co\/colombia\/wp-content\/uploads\/Leider-Abraham-Carrero-Molina.jpeg\" alt=\"\" width=\"1280\" height=\"896\" srcset=\"https:\/\/www.fiscalia.gov.co\/colombia\/wp-content\/uploads\/Leider-Abraham-Carrero-Molina.jpeg 1280w, https:\/\/www.fiscalia.gov.co\/colombia\/wp-content\/uploads\/Leider-Abraham-Carrero-Molina-300x210.jpeg 300w, https:\/\/www.fiscalia.gov.co\/colombia\/wp-content\/uploads\/Leider-Abraham-Carrero-Molina-1024x717.jpeg 1024w, https:\/\/www.fiscalia.gov.co\/colombia\/wp-content\/uploads\/Leider-Abraham-Carrero-Molina-768x538.jpeg 768w, https:\/\/www.fiscalia.gov.co\/colombia\/wp-content\/uploads\/Leider-Abraham-Carrero-Molina-696x487.jpeg 696w, https:\/\/www.fiscalia.gov.co\/colombia\/wp-content\/uploads\/Leider-Abraham-Carrero-Molina-1068x748.jpeg 1068w, https:\/\/www.fiscalia.gov.co\/colombia\/wp-content\/uploads\/Leider-Abraham-Carrero-Molina-600x420.jpeg 600w, https:\/\/www.fiscalia.gov.co\/colombia\/wp-content\/uploads\/Leider-Abraham-Carrero-Molina-100x70.jpeg 100w\" sizes=\"auto, (max-width: 1280px) 100vw, 1280px\" \/><\/p>\n<p style=\"font-weight: 400;\">El imputado fue identificado como\u00a0<strong>el novio de la hermana de la v\u00edctima<\/strong>\u00a0y, al parecer,\u00a0<strong>lo hab\u00eda amenazado de muerte<\/strong>\u00a0porque la familia no aceptaba la relaci\u00f3n sentimental. La v\u00edctima recibi\u00f3\u00a0<strong>incapacidad m\u00e9dico legal de 55 d\u00edas\u00a0<\/strong>\u00a0y qued\u00f3 con secuelas de deformidad f\u00edsica permanente.<\/p>\n<p style=\"font-weight: 400;\">&#8211; Luis Fernando Perdomo Vargas, Eivin Nicol\u00e1s Carvajal y Duv\u00e1n Felipe Castro Cardozo son investigados porque, al parecer, participaron en el apu\u00f1alamiento\u00a0<strong>en el t\u00f3rax\u00a0\u00a0<\/strong>a un hombre identificado como Jordan Alexis Trillos C\u00f3rdoba, caus\u00e1ndole la muerte.<\/p>\n<p><img loading=\"lazy\" decoding=\"async\" class=\"aligncenter size-full wp-image-229490\" src=\"https:\/\/www.fiscalia.gov.co\/colombia\/wp-content\/uploads\/Duv\u00e1n-Felipe-Castro-Cardozo-Eivin-Nicol\u00e1s-Carvajal-y-Luis-Fernando-Perdomo-Vargas.jpeg\" alt=\"\" width=\"1280\" height=\"720\" srcset=\"https:\/\/www.fiscalia.gov.co\/colombia\/wp-content\/uploads\/Duv\u00e1n-Felipe-Castro-Cardozo-Eivin-Nicol\u00e1s-Carvajal-y-Luis-Fernando-Perdomo-Vargas.jpeg 1280w, https:\/\/www.fiscalia.gov.co\/colombia\/wp-content\/uploads\/Duv\u00e1n-Felipe-Castro-Cardozo-Eivin-Nicol\u00e1s-Carvajal-y-Luis-Fernando-Perdomo-Vargas-300x169.jpeg 300w, https:\/\/www.fiscalia.gov.co\/colombia\/wp-content\/uploads\/Duv\u00e1n-Felipe-Castro-Cardozo-Eivin-Nicol\u00e1s-Carvajal-y-Luis-Fernando-Perdomo-Vargas-1024x576.jpeg 1024w, https:\/\/www.fiscalia.gov.co\/colombia\/wp-content\/uploads\/Duv\u00e1n-Felipe-Castro-Cardozo-Eivin-Nicol\u00e1s-Carvajal-y-Luis-Fernando-Perdomo-Vargas-768x432.jpeg 768w, https:\/\/www.fiscalia.gov.co\/colombia\/wp-content\/uploads\/Duv\u00e1n-Felipe-Castro-Cardozo-Eivin-Nicol\u00e1s-Carvajal-y-Luis-Fernando-Perdomo-Vargas-696x392.jpeg 696w, https:\/\/www.fiscalia.gov.co\/colombia\/wp-content\/uploads\/Duv\u00e1n-Felipe-Castro-Cardozo-Eivin-Nicol\u00e1s-Carvajal-y-Luis-Fernando-Perdomo-Vargas-1068x601.jpeg 1068w, https:\/\/www.fiscalia.gov.co\/colombia\/wp-content\/uploads\/Duv\u00e1n-Felipe-Castro-Cardozo-Eivin-Nicol\u00e1s-Carvajal-y-Luis-Fernando-Perdomo-Vargas-747x420.jpeg 747w\" sizes=\"auto, (max-width: 1280px) 100vw, 1280px\" \/><\/p>\n<p style=\"font-weight: 400;\">Los hechos ocurrieron el 5 de septiembre pasado, en el barrio Luis Carlos Gal\u00e1n en Neiva (Huila), donde al parecer tambi\u00e9n\u00a0empujaron al suelo a una mujer, compa\u00f1era sentimental de la v\u00edctima mortal, y\u00a0<strong>le hurtaron la moto<\/strong>\u00a0en la que se movilizaba con el hoy occiso.\u00a0\u00a0Los hombres fueron capturados en flagrancia ante los se\u00f1alamientos de la mujer que presenci\u00f3 el homicidio. La Fiscal\u00eda les imput\u00f3 cargos por\u00a0<strong>homicidio agravado en concurso con hurto calificado y agravado<\/strong>.<\/p>\n<p style=\"font-weight: 400;\">\u00a0La Fiscal\u00eda habla con resultados.<\/p>\n<p style=\"font-weight: 400;\"><strong>\u00a0<\/strong><\/p>\n<p style=\"font-weight: 400;\">LMGM\/CFG\/DSPB<\/p>\n<p style=\"font-weight: 400;\"><em>La informaci\u00f3n contenida en este bolet\u00edn de prensa corresponde a la narraci\u00f3n de los hechos noticiosos objetivos, suministrados por los funcionarios encargados de adelantar las investigaciones penales al interior de la Fiscal\u00eda General de la Naci\u00f3n. Para el momento de la divulgaci\u00f3n de este comunicado, la situaci\u00f3n jur\u00eddica de la(s) persona(s) relacionada(s) se encuentra pendiente de resolver por la autoridad judicial competente, siempre bajo los preceptos de la presunci\u00f3n de inocencia, consagrados en el art\u00edculo 29 de la Constituci\u00f3n Pol\u00edtica y el art\u00edculo 7\u00ba de la Ley 906 de 2004.<\/em><\/p>\n<p style=\"font-weight: 400;\"><strong>\u00a0\u00a0\u00a0\u00a0\u00a0\u00a0<\/strong><\/p>\n<p style=\"font-weight: 400;\"><strong>Tambi\u00e9n le puede interesar:<\/strong><strong>\u00a0\u00a0<a href=\"https:\/\/www.fiscalia.gov.co\/colombia\/noticias\/a-la-carcel-presunto-coautor-del-homicidio-de-dos-caballistas-en-pitalito-huila\/\" data-saferedirecturl=\"https:\/\/www.google.com\/url?q=https:\/\/www.fiscalia.gov.co\/colombia\/noticias\/a-la-carcel-presunto-coautor-del-homicidio-de-dos-caballistas-en-pitalito-huila\/&amp;source=gmail&amp;ust=1631371607804000&amp;usg=AFQjCNGCZQxjsZcnWT8X9dQmXwQZjPSJuw\">A la c\u00e1rcel presunto coautor del homicidio de dos caballistas en Pitalito (Huila)<\/a>\u00a0<\/strong><strong>\u00a0<\/strong><\/p>\n<p style=\"font-weight: 400;\">\n\n<div class=\"twitter-share\"><a href=\"https:\/\/twitter.com\/intent\/tweet?via=fiscaliacol\" class=\"twitter-share-button\">Tweet<\/a><\/div>\n","protected":false},"excerpt":{"rendered":"<p>A trav\u00e9s de distintos fiscales adscritos a la Seccional Huila, fueron judicializadas seis personas por delitos como homicidio, tentativa de homicidio y hurto, que ocurrieron ocurrieron en Neiva, La Plata y Pitalito durante 2020 y en lo que va corrido de este a\u00f1o. Un juez con funci\u00f3n de control de garant\u00edas acogi\u00f3 la petici\u00f3n del [&hellip;]<\/p>\n","protected":false},"author":175,"featured_media":0,"comment_status":"closed","ping_status":"open","sticky":false,"template":"","format":"standard","meta":{"tdm_status":"","tdm_grid_status":"","footnotes":""},"categories":[1,333,24099],"tags":[409,16,23960,23888,23833,2723,933,4348,11101],"class_list":{"0":"post-229481","1":"post","2":"type-post","3":"status-publish","4":"format-standard","6":"category-noticias","7":"category-seccional-neiva","8":"category-seguridad-territorial","9":"tag-homicidio","10":"tag-huila","11":"tag-hurto","12":"tag-la-plata","13":"tag-neiva","14":"tag-pitalito","15":"tag-porte-ilegal-de-armas","16":"tag-rina","17":"tag-seguridad-ciudadana"},"yoast_head":"<!-- This site is optimized with the Yoast SEO plugin v24.3 - https:\/\/yoast.com\/wordpress\/plugins\/seo\/ -->\n<title>Fiscal\u00eda General de la Naci\u00f3n<\/title>\n<meta name=\"description\" content=\"P\u00e1gina oficial de la Fiscal\u00eda General de la Naci\u00f3n \u2013 Colombia. Garantizamos el acceso efectivo a la justicia, la verdad y la reparaci\u00f3n de las v\u00edctimas de los delitos.\" \/>\n<meta name=\"robots\" content=\"noindex, follow\" \/>\n<meta property=\"og:locale\" content=\"es_ES\" \/>\n<meta property=\"og:type\" content=\"article\" \/>\n<meta property=\"og:title\" content=\"Fiscal\u00eda General de la Naci\u00f3n\" \/>\n<meta property=\"og:description\" content=\"P\u00e1gina oficial de la Fiscal\u00eda General de la Naci\u00f3n \u2013 Colombia. Garantizamos el acceso efectivo a la justicia, la verdad y la reparaci\u00f3n de las v\u00edctimas de los delitos.\" \/>\n<meta property=\"og:url\" content=\"https:\/\/www.fiscalia.gov.co\/colombia\/noticias\/privadas-de-la-libertad-seis-personas-por-delitos-contra-la-vida-la-integridad-personal-y-patrimonio-economico-en-huila\/\" \/>\n<meta property=\"og:site_name\" content=\"Fiscal\u00eda General de la Naci\u00f3n\" \/>\n<meta property=\"article:publisher\" content=\"https:\/\/www.facebook.com\/FiscaliaCol\" \/>\n<meta property=\"article:published_time\" content=\"2021-09-10T19:54:02+00:00\" \/>\n<meta property=\"og:image\" content=\"https:\/\/www.fiscalia.gov.co\/colombia\/wp-content\/uploads\/Leider-Abraham-Carrero-Molina.jpeg\" \/>\n<meta name=\"author\" content=\"Katherine Loaiza Mart\u00ednez\" \/>\n<meta name=\"twitter:card\" content=\"summary_large_image\" \/>\n<meta name=\"twitter:creator\" content=\"@FiscaliaCol\" \/>\n<meta name=\"twitter:site\" content=\"@FiscaliaCol\" \/>\n<meta name=\"twitter:label1\" content=\"Escrito por\" \/>\n\t<meta name=\"twitter:data1\" content=\"Katherine Loaiza Mart\u00ednez\" \/>\n\t<meta name=\"twitter:label2\" content=\"Tiempo de lectura\" \/>\n\t<meta name=\"twitter:data2\" content=\"4 minutos\" \/>\n<script type=\"application\/ld+json\" class=\"yoast-schema-graph\">{\"@context\":\"https:\/\/schema.org\",\"@graph\":[{\"@type\":\"Article\",\"@id\":\"https:\/\/www.fiscalia.gov.co\/colombia\/noticias\/privadas-de-la-libertad-seis-personas-por-delitos-contra-la-vida-la-integridad-personal-y-patrimonio-economico-en-huila\/#article\",\"isPartOf\":{\"@id\":\"https:\/\/www.fiscalia.gov.co\/colombia\/noticias\/privadas-de-la-libertad-seis-personas-por-delitos-contra-la-vida-la-integridad-personal-y-patrimonio-economico-en-huila\/\"},\"author\":{\"name\":\"Katherine Loaiza Mart\u00ednez\",\"@id\":\"https:\/\/www.fiscalia.gov.co\/colombia\/#\/schema\/person\/2e76b9aba5ecf875ed565ce4de0e0415\"},\"headline\":\"Privadas de la libertad seis personas por delitos contra la vida,\u00a0\u00a0la integridad personal\u00a0\u00a0y patrimonio\u00a0\u00a0econ\u00f3mico en Huila\u00a0\",\"datePublished\":\"2021-09-10T19:54:02+00:00\",\"dateModified\":\"2021-09-10T19:54:02+00:00\",\"mainEntityOfPage\":{\"@id\":\"https:\/\/www.fiscalia.gov.co\/colombia\/noticias\/privadas-de-la-libertad-seis-personas-por-delitos-contra-la-vida-la-integridad-personal-y-patrimonio-economico-en-huila\/\"},\"wordCount\":742,\"publisher\":{\"@id\":\"https:\/\/www.fiscalia.gov.co\/colombia\/#organization\"},\"image\":{\"@id\":\"https:\/\/www.fiscalia.gov.co\/colombia\/noticias\/privadas-de-la-libertad-seis-personas-por-delitos-contra-la-vida-la-integridad-personal-y-patrimonio-economico-en-huila\/#primaryimage\"},\"thumbnailUrl\":\"https:\/\/www.fiscalia.gov.co\/colombia\/wp-content\/uploads\/Leider-Abraham-Carrero-Molina.jpeg\",\"keywords\":[\"Homicidio\",\"Huila\",\"Hurto\",\"La Plata\",\"Neiva\",\"Pitalito\",\"Porte ilegal de armas\",\"Ri\u00f1a\",\"Seguridad ciudadana\"],\"articleSection\":[\"Noticias\",\"Seccional Neiva\",\"Seguridad territorial\"],\"inLanguage\":\"es-CO\"},{\"@type\":\"WebPage\",\"@id\":\"https:\/\/www.fiscalia.gov.co\/colombia\/noticias\/privadas-de-la-libertad-seis-personas-por-delitos-contra-la-vida-la-integridad-personal-y-patrimonio-economico-en-huila\/\",\"url\":\"https:\/\/www.fiscalia.gov.co\/colombia\/noticias\/privadas-de-la-libertad-seis-personas-por-delitos-contra-la-vida-la-integridad-personal-y-patrimonio-economico-en-huila\/\",\"name\":\"Fiscal\u00eda General de la Naci\u00f3n\",\"isPartOf\":{\"@id\":\"https:\/\/www.fiscalia.gov.co\/colombia\/#website\"},\"primaryImageOfPage\":{\"@id\":\"https:\/\/www.fiscalia.gov.co\/colombia\/noticias\/privadas-de-la-libertad-seis-personas-por-delitos-contra-la-vida-la-integridad-personal-y-patrimonio-economico-en-huila\/#primaryimage\"},\"image\":{\"@id\":\"https:\/\/www.fiscalia.gov.co\/colombia\/noticias\/privadas-de-la-libertad-seis-personas-por-delitos-contra-la-vida-la-integridad-personal-y-patrimonio-economico-en-huila\/#primaryimage\"},\"thumbnailUrl\":\"https:\/\/www.fiscalia.gov.co\/colombia\/wp-content\/uploads\/Leider-Abraham-Carrero-Molina.jpeg\",\"datePublished\":\"2021-09-10T19:54:02+00:00\",\"dateModified\":\"2021-09-10T19:54:02+00:00\",\"description\":\"P\u00e1gina oficial de la Fiscal\u00eda General de la Naci\u00f3n \u2013 Colombia. Garantizamos el acceso efectivo a la justicia, la verdad y la reparaci\u00f3n de las v\u00edctimas de los delitos.\",\"breadcrumb\":{\"@id\":\"https:\/\/www.fiscalia.gov.co\/colombia\/noticias\/privadas-de-la-libertad-seis-personas-por-delitos-contra-la-vida-la-integridad-personal-y-patrimonio-economico-en-huila\/#breadcrumb\"},\"inLanguage\":\"es-CO\",\"potentialAction\":[{\"@type\":\"ReadAction\",\"target\":[\"https:\/\/www.fiscalia.gov.co\/colombia\/noticias\/privadas-de-la-libertad-seis-personas-por-delitos-contra-la-vida-la-integridad-personal-y-patrimonio-economico-en-huila\/\"]}]},{\"@type\":\"ImageObject\",\"inLanguage\":\"es-CO\",\"@id\":\"https:\/\/www.fiscalia.gov.co\/colombia\/noticias\/privadas-de-la-libertad-seis-personas-por-delitos-contra-la-vida-la-integridad-personal-y-patrimonio-economico-en-huila\/#primaryimage\",\"url\":\"https:\/\/www.fiscalia.gov.co\/colombia\/wp-content\/uploads\/Leider-Abraham-Carrero-Molina.jpeg\",\"contentUrl\":\"https:\/\/www.fiscalia.gov.co\/colombia\/wp-content\/uploads\/Leider-Abraham-Carrero-Molina.jpeg\",\"width\":1280,\"height\":896},{\"@type\":\"BreadcrumbList\",\"@id\":\"https:\/\/www.fiscalia.gov.co\/colombia\/noticias\/privadas-de-la-libertad-seis-personas-por-delitos-contra-la-vida-la-integridad-personal-y-patrimonio-economico-en-huila\/#breadcrumb\",\"itemListElement\":[{\"@type\":\"ListItem\",\"position\":1,\"name\":\"Home\",\"item\":\"https:\/\/www.fiscalia.gov.co\/colombia\/\"},{\"@type\":\"ListItem\",\"position\":2,\"name\":\"Privadas de la libertad seis personas por delitos contra la vida,\u00a0\u00a0la integridad personal\u00a0\u00a0y patrimonio\u00a0\u00a0econ\u00f3mico en Huila\u00a0\"}]},{\"@type\":\"WebSite\",\"@id\":\"https:\/\/www.fiscalia.gov.co\/colombia\/#website\",\"url\":\"https:\/\/www.fiscalia.gov.co\/colombia\/\",\"name\":\"Fiscal\u00eda General de la Naci\u00f3n\",\"description\":\"P\u00e1gina oficial de la Fiscal\u00eda General de la Naci\u00f3n \u2013 Colombia. Garantizamos el acceso efectivo a la justicia, la verdad y la reparaci\u00f3n de las v\u00edctimas de los delitos.\",\"publisher\":{\"@id\":\"https:\/\/www.fiscalia.gov.co\/colombia\/#organization\"},\"potentialAction\":[{\"@type\":\"SearchAction\",\"target\":{\"@type\":\"EntryPoint\",\"urlTemplate\":\"https:\/\/www.fiscalia.gov.co\/colombia\/?s={search_term_string}\"},\"query-input\":{\"@type\":\"PropertyValueSpecification\",\"valueRequired\":true,\"valueName\":\"search_term_string\"}}],\"inLanguage\":\"es-CO\"},{\"@type\":\"Organization\",\"@id\":\"https:\/\/www.fiscalia.gov.co\/colombia\/#organization\",\"name\":\"Fiscal\u00eda General de la Naci\u00f3n\",\"url\":\"https:\/\/www.fiscalia.gov.co\/colombia\/\",\"logo\":{\"@type\":\"ImageObject\",\"inLanguage\":\"es-CO\",\"@id\":\"https:\/\/www.fiscalia.gov.co\/colombia\/#\/schema\/logo\/image\/\",\"url\":\"https:\/\/www.fiscalia.gov.co\/colombia\/wp-content\/uploads\/LogoHorizontal_1.jpg\",\"contentUrl\":\"https:\/\/www.fiscalia.gov.co\/colombia\/wp-content\/uploads\/LogoHorizontal_1.jpg\",\"width\":300,\"height\":90,\"caption\":\"Fiscal\u00eda General de la Naci\u00f3n\"},\"image\":{\"@id\":\"https:\/\/www.fiscalia.gov.co\/colombia\/#\/schema\/logo\/image\/\"},\"sameAs\":[\"https:\/\/www.facebook.com\/FiscaliaCol\",\"https:\/\/x.com\/FiscaliaCol\",\"https:\/\/www.instagram.com\/fiscaliacol\",\"https:\/\/www.linkedin.com\/company\/fiscalia-general-de-la-naci-n\/\",\"https:\/\/youtube.com\/@fiscaliageneraldelanacion-4668?si=6nN79nyQICPU5iTh\"]},{\"@type\":\"Person\",\"@id\":\"https:\/\/www.fiscalia.gov.co\/colombia\/#\/schema\/person\/2e76b9aba5ecf875ed565ce4de0e0415\",\"name\":\"Katherine Loaiza Mart\u00ednez\",\"image\":{\"@type\":\"ImageObject\",\"inLanguage\":\"es-CO\",\"@id\":\"https:\/\/www.fiscalia.gov.co\/colombia\/#\/schema\/person\/image\/\",\"url\":\"https:\/\/secure.gravatar.com\/avatar\/ab775a2f394c1b83b6d6f78680e57b50?s=96&d=mm&r=g\",\"contentUrl\":\"https:\/\/secure.gravatar.com\/avatar\/ab775a2f394c1b83b6d6f78680e57b50?s=96&d=mm&r=g\",\"caption\":\"Katherine Loaiza Mart\u00ednez\"},\"url\":\"https:\/\/www.fiscalia.gov.co\/colombia\/author\/kloaiza\/\"}]}<\/script>\n<!-- \/ Yoast SEO plugin. -->","yoast_head_json":{"title":"Fiscal\u00eda General de la Naci\u00f3n","description":"P\u00e1gina oficial de la Fiscal\u00eda General de la Naci\u00f3n \u2013 Colombia. Garantizamos el acceso efectivo a la justicia, la verdad y la reparaci\u00f3n de las v\u00edctimas de los delitos.","robots":{"index":"noindex","follow":"follow"},"og_locale":"es_ES","og_type":"article","og_title":"Fiscal\u00eda General de la Naci\u00f3n","og_description":"P\u00e1gina oficial de la Fiscal\u00eda General de la Naci\u00f3n \u2013 Colombia. Garantizamos el acceso efectivo a la justicia, la verdad y la reparaci\u00f3n de las v\u00edctimas de los delitos.","og_url":"https:\/\/www.fiscalia.gov.co\/colombia\/noticias\/privadas-de-la-libertad-seis-personas-por-delitos-contra-la-vida-la-integridad-personal-y-patrimonio-economico-en-huila\/","og_site_name":"Fiscal\u00eda General de la Naci\u00f3n","article_publisher":"https:\/\/www.facebook.com\/FiscaliaCol","article_published_time":"2021-09-10T19:54:02+00:00","og_image":[{"url":"https:\/\/www.fiscalia.gov.co\/colombia\/wp-content\/uploads\/Leider-Abraham-Carrero-Molina.jpeg","type":"","width":"","height":""}],"author":"Katherine Loaiza Mart\u00ednez","twitter_card":"summary_large_image","twitter_creator":"@FiscaliaCol","twitter_site":"@FiscaliaCol","twitter_misc":{"Escrito por":"Katherine Loaiza Mart\u00ednez","Tiempo de lectura":"4 minutos"},"schema":{"@context":"https:\/\/schema.org","@graph":[{"@type":"Article","@id":"https:\/\/www.fiscalia.gov.co\/colombia\/noticias\/privadas-de-la-libertad-seis-personas-por-delitos-contra-la-vida-la-integridad-personal-y-patrimonio-economico-en-huila\/#article","isPartOf":{"@id":"https:\/\/www.fiscalia.gov.co\/colombia\/noticias\/privadas-de-la-libertad-seis-personas-por-delitos-contra-la-vida-la-integridad-personal-y-patrimonio-economico-en-huila\/"},"author":{"name":"Katherine Loaiza Mart\u00ednez","@id":"https:\/\/www.fiscalia.gov.co\/colombia\/#\/schema\/person\/2e76b9aba5ecf875ed565ce4de0e0415"},"headline":"Privadas de la libertad seis personas por delitos contra la vida,\u00a0\u00a0la integridad personal\u00a0\u00a0y patrimonio\u00a0\u00a0econ\u00f3mico en Huila\u00a0","datePublished":"2021-09-10T19:54:02+00:00","dateModified":"2021-09-10T19:54:02+00:00","mainEntityOfPage":{"@id":"https:\/\/www.fiscalia.gov.co\/colombia\/noticias\/privadas-de-la-libertad-seis-personas-por-delitos-contra-la-vida-la-integridad-personal-y-patrimonio-economico-en-huila\/"},"wordCount":742,"publisher":{"@id":"https:\/\/www.fiscalia.gov.co\/colombia\/#organization"},"image":{"@id":"https:\/\/www.fiscalia.gov.co\/colombia\/noticias\/privadas-de-la-libertad-seis-personas-por-delitos-contra-la-vida-la-integridad-personal-y-patrimonio-economico-en-huila\/#primaryimage"},"thumbnailUrl":"https:\/\/www.fiscalia.gov.co\/colombia\/wp-content\/uploads\/Leider-Abraham-Carrero-Molina.jpeg","keywords":["Homicidio","Huila","Hurto","La Plata","Neiva","Pitalito","Porte ilegal de armas","Ri\u00f1a","Seguridad ciudadana"],"articleSection":["Noticias","Seccional Neiva","Seguridad territorial"],"inLanguage":"es-CO"},{"@type":"WebPage","@id":"https:\/\/www.fiscalia.gov.co\/colombia\/noticias\/privadas-de-la-libertad-seis-personas-por-delitos-contra-la-vida-la-integridad-personal-y-patrimonio-economico-en-huila\/","url":"https:\/\/www.fiscalia.gov.co\/colombia\/noticias\/privadas-de-la-libertad-seis-personas-por-delitos-contra-la-vida-la-integridad-personal-y-patrimonio-economico-en-huila\/","name":"Fiscal\u00eda General de la Naci\u00f3n","isPartOf":{"@id":"https:\/\/www.fiscalia.gov.co\/colombia\/#website"},"primaryImageOfPage":{"@id":"https:\/\/www.fiscalia.gov.co\/colombia\/noticias\/privadas-de-la-libertad-seis-personas-por-delitos-contra-la-vida-la-integridad-personal-y-patrimonio-economico-en-huila\/#primaryimage"},"image":{"@id":"https:\/\/www.fiscalia.gov.co\/colombia\/noticias\/privadas-de-la-libertad-seis-personas-por-delitos-contra-la-vida-la-integridad-personal-y-patrimonio-economico-en-huila\/#primaryimage"},"thumbnailUrl":"https:\/\/www.fiscalia.gov.co\/colombia\/wp-content\/uploads\/Leider-Abraham-Carrero-Molina.jpeg","datePublished":"2021-09-10T19:54:02+00:00","dateModified":"2021-09-10T19:54:02+00:00","description":"P\u00e1gina oficial de la Fiscal\u00eda General de la Naci\u00f3n \u2013 Colombia. Garantizamos el acceso efectivo a la justicia, la verdad y la reparaci\u00f3n de las v\u00edctimas de los delitos.","breadcrumb":{"@id":"https:\/\/www.fiscalia.gov.co\/colombia\/noticias\/privadas-de-la-libertad-seis-personas-por-delitos-contra-la-vida-la-integridad-personal-y-patrimonio-economico-en-huila\/#breadcrumb"},"inLanguage":"es-CO","potentialAction":[{"@type":"ReadAction","target":["https:\/\/www.fiscalia.gov.co\/colombia\/noticias\/privadas-de-la-libertad-seis-personas-por-delitos-contra-la-vida-la-integridad-personal-y-patrimonio-economico-en-huila\/"]}]},{"@type":"ImageObject","inLanguage":"es-CO","@id":"https:\/\/www.fiscalia.gov.co\/colombia\/noticias\/privadas-de-la-libertad-seis-personas-por-delitos-contra-la-vida-la-integridad-personal-y-patrimonio-economico-en-huila\/#primaryimage","url":"https:\/\/www.fiscalia.gov.co\/colombia\/wp-content\/uploads\/Leider-Abraham-Carrero-Molina.jpeg","contentUrl":"https:\/\/www.fiscalia.gov.co\/colombia\/wp-content\/uploads\/Leider-Abraham-Carrero-Molina.jpeg","width":1280,"height":896},{"@type":"BreadcrumbList","@id":"https:\/\/www.fiscalia.gov.co\/colombia\/noticias\/privadas-de-la-libertad-seis-personas-por-delitos-contra-la-vida-la-integridad-personal-y-patrimonio-economico-en-huila\/#breadcrumb","itemListElement":[{"@type":"ListItem","position":1,"name":"Home","item":"https:\/\/www.fiscalia.gov.co\/colombia\/"},{"@type":"ListItem","position":2,"name":"Privadas de la libertad seis personas por delitos contra la vida,\u00a0\u00a0la integridad personal\u00a0\u00a0y patrimonio\u00a0\u00a0econ\u00f3mico en Huila\u00a0"}]},{"@type":"WebSite","@id":"https:\/\/www.fiscalia.gov.co\/colombia\/#website","url":"https:\/\/www.fiscalia.gov.co\/colombia\/","name":"Fiscal\u00eda General de la Naci\u00f3n","description":"P\u00e1gina oficial de la Fiscal\u00eda General de la Naci\u00f3n \u2013 Colombia. Garantizamos el acceso efectivo a la justicia, la verdad y la reparaci\u00f3n de las v\u00edctimas de los delitos.","publisher":{"@id":"https:\/\/www.fiscalia.gov.co\/colombia\/#organization"},"potentialAction":[{"@type":"SearchAction","target":{"@type":"EntryPoint","urlTemplate":"https:\/\/www.fiscalia.gov.co\/colombia\/?s={search_term_string}"},"query-input":{"@type":"PropertyValueSpecification","valueRequired":true,"valueName":"search_term_string"}}],"inLanguage":"es-CO"},{"@type":"Organization","@id":"https:\/\/www.fiscalia.gov.co\/colombia\/#organization","name":"Fiscal\u00eda General de la Naci\u00f3n","url":"https:\/\/www.fiscalia.gov.co\/colombia\/","logo":{"@type":"ImageObject","inLanguage":"es-CO","@id":"https:\/\/www.fiscalia.gov.co\/colombia\/#\/schema\/logo\/image\/","url":"https:\/\/www.fiscalia.gov.co\/colombia\/wp-content\/uploads\/LogoHorizontal_1.jpg","contentUrl":"https:\/\/www.fiscalia.gov.co\/colombia\/wp-content\/uploads\/LogoHorizontal_1.jpg","width":300,"height":90,"caption":"Fiscal\u00eda General de la Naci\u00f3n"},"image":{"@id":"https:\/\/www.fiscalia.gov.co\/colombia\/#\/schema\/logo\/image\/"},"sameAs":["https:\/\/www.facebook.com\/FiscaliaCol","https:\/\/x.com\/FiscaliaCol","https:\/\/www.instagram.com\/fiscaliacol","https:\/\/www.linkedin.com\/company\/fiscalia-general-de-la-naci-n\/","https:\/\/youtube.com\/@fiscaliageneraldelanacion-4668?si=6nN79nyQICPU5iTh"]},{"@type":"Person","@id":"https:\/\/www.fiscalia.gov.co\/colombia\/#\/schema\/person\/2e76b9aba5ecf875ed565ce4de0e0415","name":"Katherine Loaiza Mart\u00ednez","image":{"@type":"ImageObject","inLanguage":"es-CO","@id":"https:\/\/www.fiscalia.gov.co\/colombia\/#\/schema\/person\/image\/","url":"https:\/\/secure.gravatar.com\/avatar\/ab775a2f394c1b83b6d6f78680e57b50?s=96&d=mm&r=g","contentUrl":"https:\/\/secure.gravatar.com\/avatar\/ab775a2f394c1b83b6d6f78680e57b50?s=96&d=mm&r=g","caption":"Katherine Loaiza Mart\u00ednez"},"url":"https:\/\/www.fiscalia.gov.co\/colombia\/author\/kloaiza\/"}]}},"_links":{"self":[{"href":"https:\/\/www.fiscalia.gov.co\/colombia\/wp-json\/wp\/v2\/posts\/229481","targetHints":{"allow":["GET"]}}],"collection":[{"href":"https:\/\/www.fiscalia.gov.co\/colombia\/wp-json\/wp\/v2\/posts"}],"about":[{"href":"https:\/\/www.fiscalia.gov.co\/colombia\/wp-json\/wp\/v2\/types\/post"}],"author":[{"embeddable":true,"href":"https:\/\/www.fiscalia.gov.co\/colombia\/wp-json\/wp\/v2\/users\/175"}],"replies":[{"embeddable":true,"href":"https:\/\/www.fiscalia.gov.co\/colombia\/wp-json\/wp\/v2\/comments?post=229481"}],"version-history":[{"count":2,"href":"https:\/\/www.fiscalia.gov.co\/colombia\/wp-json\/wp\/v2\/posts\/229481\/revisions"}],"predecessor-version":[{"id":229491,"href":"https:\/\/www.fiscalia.gov.co\/colombia\/wp-json\/wp\/v2\/posts\/229481\/revisions\/229491"}],"wp:attachment":[{"href":"https:\/\/www.fiscalia.gov.co\/colombia\/wp-json\/wp\/v2\/media?parent=229481"}],"wp:term":[{"taxonomy":"category","embeddable":true,"href":"https:\/\/www.fiscalia.gov.co\/colombia\/wp-json\/wp\/v2\/categories?post=229481"},{"taxonomy":"post_tag","embeddable":true,"href":"https:\/\/www.fiscalia.gov.co\/colombia\/wp-json\/wp\/v2\/tags?post=229481"}],"curies":[{"name":"wp","href":"https:\/\/api.w.org\/{rel}","templated":true}]}}