{"id":229479,"date":"2021-09-10T10:07:00","date_gmt":"2021-09-10T15:07:00","guid":{"rendered":"https:\/\/www.fiscalia.gov.co\/colombia\/?p=229479"},"modified":"2021-09-16T15:31:42","modified_gmt":"2021-09-16T20:31:42","slug":"judicializado-patrullero-de-la-policia-que-habria-exigido-dinero-a-un-condenado-para-no-reportarlo-por-supuesto-incumplimiento-de-la-prision-domiciliaria","status":"publish","type":"post","link":"https:\/\/www.fiscalia.gov.co\/colombia\/noticias\/judicializado-patrullero-de-la-policia-que-habria-exigido-dinero-a-un-condenado-para-no-reportarlo-por-supuesto-incumplimiento-de-la-prision-domiciliaria\/","title":{"rendered":"Judicializado patrullero de la Polic\u00eda que habr\u00eda exigido dinero a un condenado, para no reportarlo por supuesto incumplimiento de la prisi\u00f3n domiciliaria"},"content":{"rendered":"<blockquote class=\"td_quote_box td_box_center\">\n<h4 style=\"text-align: left;\"><strong><em>El uniformado, en compa\u00f1\u00eda de otro polic\u00eda, habr\u00eda amenazado a la esposa de la v\u00edctima para que retirara la queja que hab\u00eda formulado por los supuestos actos de corrupci\u00f3n.<\/em><\/strong><\/h4>\n<\/blockquote>\n<p><span lang=\"ES-TRAD\">Un fiscal de la Direcci\u00f3n Especializada contra la Corrupci\u00f3n judicializ\u00f3 al patrullero de la Polic\u00eda Nacional Wilson Dar\u00edo Castro Pantoja, por incurrir presuntamente en los delitos de\u00a0<b>concusi\u00f3n<\/b>\u00a0en concurso homog\u00e9neo y sucesivo, y\u00a0<b>amenazas a testigo.\u00a0<\/b><\/span><\/p>\n<p><span lang=\"ES-TRAD\">El material probatorio y evidencia f\u00edsica recopilados indicar\u00edan que, el 7 de junio de 2019, el uniformado, adscrito al\u00a0<b>Departamento de Polic\u00eda de Nari\u00f1o<\/b>, y otro patrullero le habr\u00edan exigido a un hombre $600.000 a cambio de no reportarlo ante las autoridades judiciales, debido a que al parecer estaba incumpliendo la prisi\u00f3n domiciliaria.\u00a0<\/span><\/p>\n<p><span lang=\"ES-TRAD\">Seg\u00fan lo establecido, ese d\u00eda, la v\u00edctima y su pareja se transportaban en una camioneta por la v\u00eda que conduce del municipio de\u00a0<b>Tumaco (Nari\u00f1o)<\/b>\u00a0al corregimiento de Llorente, a la altura del barrio La Carbonera, cuando fueron abordados por los uniformados, quienes tras una requisa y percatarse de la posible restricci\u00f3n que pesaba sobre el afectado, al parecer le pidieron el dinero, del cual, seg\u00fan la v\u00edctima, pudo entregar solo $300.000.\u00a0<\/span><span lang=\"ES-TRAD\">\u00a0<\/span><\/p>\n<p><span lang=\"ES-TRAD\">No obstante, en la investigaci\u00f3n se determin\u00f3 que los policiales habr\u00edan abordado nuevamente a la v\u00edctima el 16 de julio de 2019, mientras estaba en su puesto de venta de frutas en el barrio Caldas del municipio de Tumaco. Al ser conocedores de su situaci\u00f3n, aparentemente le exigieron $200.000 m\u00e1s, pero como el hombre se neg\u00f3 a pagar, lo capturaron por el delito de\u00a0<b>fuga de presos.\u00a0<\/b><\/span><\/p>\n<p><span lang=\"ES-TRAD\">El hombre, si bien fue condenado a 94 meses de prisi\u00f3n domiciliaria por el delito de porte ilegal de armas de fuego, ten\u00eda\u00a0<b>permiso de trabajo<\/b>. Por ello, no prosper\u00f3 la captura y no le fueron revocados los beneficios otorgados por el juez de ejecuci\u00f3n de penas.\u00a0<\/span><\/p>\n<p><span lang=\"ES-TRAD\">Posteriormente, luego de que la compa\u00f1era sentimental del condenado instaur\u00f3 la queja del comportamiento de los funcionarios en la Estaci\u00f3n de Polic\u00eda de Tumaco, estos la habr\u00edan amenazado, por medio de llamadas y continuos mensajes de texto intimidantes a su celular, con el fin de presionarla para que la retirara.\u00a0<\/span><\/p>\n<p><span lang=\"ES-TRAD\">Por estos hechos, el patrullero Castro Pantoja, de 33 a\u00f1os, fue capturado por servidores del\u00a0<b>Cuerpo T\u00e9cnico de Investigaci\u00f3n (CTI)\u00a0<\/b>en horas de la ma\u00f1ana, este 7 de septiembre, cuando sali\u00f3 de su trabajo en la guardia de la Estaci\u00f3n de Polic\u00eda del municipio de\u00a0<b>Gualmat\u00e1n (Nari\u00f1o).<\/b>\u00a0<\/span><span lang=\"ES-TRAD\">\u00a0<\/span><\/p>\n<p><span lang=\"ES-TRAD\">Tras la imputaci\u00f3n de cargos por parte del ente acusador, el Juzgado Tercero Penal Municipal de Pasto (Nari\u00f1o), con funci\u00f3n de control de garant\u00edas, le impuso\u00a0<b>medida de aseguramiento en la c\u00e1rcel de Pasto\u00a0<\/b>al investigado, quien no acept\u00f3 su responsabilidad en los presuntos hechos de corrupci\u00f3n.\u00a0<\/span><\/p>\n<p><span lang=\"ES-TRAD\">Esta informaci\u00f3n se publica por razones de inter\u00e9s general.\u00a0<\/span><\/p>\n<p><b><span lang=\"ES-TRAD\">La Fiscal\u00eda General de la Naci\u00f3n habla con resultados.\u00a0<\/span><\/b><\/p>\n<p align=\"center\"><b><span lang=\"ES-TRAD\">\u00a0<\/span><\/b><\/p>\n<p><span lang=\"ES-TRAD\">DLBM\/EAC\/MRC\u00a0<\/span><\/p>\n<p><span lang=\"ES-TRAD\">\u00a0<\/span><\/p>\n<p><span lang=\"ES-TRAD\"><b>Le puede interesar:<\/b>\u00a0<\/span><u><span lang=\"ES-CO\"><a href=\"https:\/\/www.fiscalia.gov.co\/colombia\/noticias\/judicializan-a-inspector-de-policia-de-valledupar-por-presuntos-actos-de-corrupcion-en-valledupar\/\" target=\"_blank\" rel=\"noopener noreferrer\" data-saferedirecturl=\"https:\/\/www.google.com\/url?q=https:\/\/www.fiscalia.gov.co\/colombia\/noticias\/judicializan-a-inspector-de-policia-de-valledupar-por-presuntos-actos-de-corrupcion-en-valledupar\/&amp;source=gmail&amp;ust=1631372668287000&amp;usg=AFQjCNHZmZuP9JZPD3pKGd1mSdpQVQkohA\">Judicializan a inspector de Polic\u00eda de Valledupar por presuntos actos de corrupci\u00f3n en Valledupar<\/a><\/span><\/u><\/p>\n<p>&nbsp;<\/p>\n<p><i><span lang=\"ES\">La informaci\u00f3n contenida en este bolet\u00edn de prensa corresponde a la narraci\u00f3n de los hechos noticiosos objetivos, suministrados por los funcionarios encargados de adelantar las investigaciones penales al interior de la Fiscal\u00eda General de la Naci\u00f3n. Para el momento de la divulgaci\u00f3n de este comunicado, la situaci\u00f3n jur\u00eddica de la(s) persona(s) relacionada(s) se encuentra pendiente de resolver por la autoridad judicial competente, siempre bajo los preceptos de la presunci\u00f3n de inocencia, consagrados en el art\u00edculo 29 de la Constituci\u00f3n Pol\u00edtica y el art\u00edculo 7\u00ba de la Ley 906 de 2004.<\/span><\/i><span lang=\"ES\">\u00a0<\/span><span lang=\"ES\"><i>\u00a0<\/i><\/span><\/p>\n\n<div class=\"twitter-share\"><a href=\"https:\/\/twitter.com\/intent\/tweet?via=fiscaliacol\" class=\"twitter-share-button\">Tweet<\/a><\/div>\n","protected":false},"excerpt":{"rendered":"<p>El uniformado, en compa\u00f1\u00eda de otro polic\u00eda, habr\u00eda amenazado a la esposa de la v\u00edctima para que retirara la queja que hab\u00eda formulado por los supuestos actos de corrupci\u00f3n. Un [&hellip;]<\/p>\n","protected":false},"author":175,"featured_media":0,"comment_status":"closed","ping_status":"open","sticky":false,"template":"","format":"video","meta":{"tdm_status":"","tdm_grid_status":"","footnotes":""},"categories":[24097,1,334],"tags":[3119,2431,28682,27811,24189,24187,1047,14260,23867],"class_list":["post-229479","post","type-post","status-publish","format-video","category-corrupcion","category-noticias","category-seccional-pasto","tag-amenazas","tag-condenado","tag-corrupcion-concusion","tag-exigencia-economica","tag-fiscal-francisco-barbosa-delgado","tag-fiscalia-colombia","tag-fiscalia-general-de-la-nacion","tag-prision-domiciliaria","tag-tumaco","post_format-post-format-video"],"yoast_head":"<!-- This site is optimized with the Yoast SEO plugin v24.3 - https:\/\/yoast.com\/wordpress\/plugins\/seo\/ -->\n<title>Fiscal\u00eda General de la Naci\u00f3n<\/title>\n<meta name=\"description\" content=\"P\u00e1gina oficial de la Fiscal\u00eda General de la Naci\u00f3n \u2013 Colombia. Garantizamos el acceso efectivo a la justicia, la verdad y la reparaci\u00f3n de las v\u00edctimas de los delitos.\" \/>\n<meta name=\"robots\" content=\"noindex, follow\" \/>\n<meta property=\"og:locale\" content=\"es_ES\" \/>\n<meta property=\"og:type\" content=\"article\" \/>\n<meta property=\"og:title\" content=\"Fiscal\u00eda General de la Naci\u00f3n\" \/>\n<meta property=\"og:description\" content=\"P\u00e1gina oficial de la Fiscal\u00eda General de la Naci\u00f3n \u2013 Colombia. Garantizamos el acceso efectivo a la justicia, la verdad y la reparaci\u00f3n de las v\u00edctimas de los delitos.\" \/>\n<meta property=\"og:url\" content=\"https:\/\/www.fiscalia.gov.co\/colombia\/noticias\/judicializado-patrullero-de-la-policia-que-habria-exigido-dinero-a-un-condenado-para-no-reportarlo-por-supuesto-incumplimiento-de-la-prision-domiciliaria\/\" \/>\n<meta property=\"og:site_name\" content=\"Fiscal\u00eda General de la Naci\u00f3n\" \/>\n<meta property=\"article:publisher\" content=\"https:\/\/www.facebook.com\/FiscaliaCol\" \/>\n<meta property=\"article:published_time\" content=\"2021-09-10T15:07:00+00:00\" \/>\n<meta property=\"article:modified_time\" content=\"2021-09-16T20:31:42+00:00\" \/>\n<meta name=\"author\" content=\"Katherine Loaiza Mart\u00ednez\" \/>\n<meta name=\"twitter:card\" content=\"summary_large_image\" \/>\n<meta name=\"twitter:creator\" content=\"@FiscaliaCol\" \/>\n<meta name=\"twitter:site\" content=\"@FiscaliaCol\" \/>\n<meta name=\"twitter:label1\" content=\"Escrito por\" \/>\n\t<meta name=\"twitter:data1\" content=\"Katherine Loaiza Mart\u00ednez\" \/>\n\t<meta name=\"twitter:label2\" content=\"Tiempo de lectura\" \/>\n\t<meta name=\"twitter:data2\" content=\"3 minutos\" \/>\n<script type=\"application\/ld+json\" class=\"yoast-schema-graph\">{\"@context\":\"https:\/\/schema.org\",\"@graph\":[{\"@type\":\"Article\",\"@id\":\"https:\/\/www.fiscalia.gov.co\/colombia\/noticias\/judicializado-patrullero-de-la-policia-que-habria-exigido-dinero-a-un-condenado-para-no-reportarlo-por-supuesto-incumplimiento-de-la-prision-domiciliaria\/#article\",\"isPartOf\":{\"@id\":\"https:\/\/www.fiscalia.gov.co\/colombia\/noticias\/judicializado-patrullero-de-la-policia-que-habria-exigido-dinero-a-un-condenado-para-no-reportarlo-por-supuesto-incumplimiento-de-la-prision-domiciliaria\/\"},\"author\":{\"name\":\"Katherine Loaiza Mart\u00ednez\",\"@id\":\"https:\/\/www.fiscalia.gov.co\/colombia\/#\/schema\/person\/2e76b9aba5ecf875ed565ce4de0e0415\"},\"headline\":\"Judicializado patrullero de la Polic\u00eda que habr\u00eda exigido dinero a un condenado, para no reportarlo por supuesto incumplimiento de la prisi\u00f3n domiciliaria\",\"datePublished\":\"2021-09-10T15:07:00+00:00\",\"dateModified\":\"2021-09-16T20:31:42+00:00\",\"mainEntityOfPage\":{\"@id\":\"https:\/\/www.fiscalia.gov.co\/colombia\/noticias\/judicializado-patrullero-de-la-policia-que-habria-exigido-dinero-a-un-condenado-para-no-reportarlo-por-supuesto-incumplimiento-de-la-prision-domiciliaria\/\"},\"wordCount\":663,\"publisher\":{\"@id\":\"https:\/\/www.fiscalia.gov.co\/colombia\/#organization\"},\"keywords\":[\"Amenazas\",\"Condenado\",\"corrupci\u00f3n concusi\u00f3n\",\"exigencia econ\u00f3mica\",\"Fiscal Francisco Barbosa Delgado\",\"Fiscal\u00eda Colombia\",\"Fiscal\u00eda General de la Naci\u00f3n\",\"prisi\u00f3n domiciliaria\",\"Tumaco\"],\"articleSection\":[\"Corrupci\u00f3n\",\"Noticias\",\"Seccional Pasto\"],\"inLanguage\":\"es-CO\"},{\"@type\":\"WebPage\",\"@id\":\"https:\/\/www.fiscalia.gov.co\/colombia\/noticias\/judicializado-patrullero-de-la-policia-que-habria-exigido-dinero-a-un-condenado-para-no-reportarlo-por-supuesto-incumplimiento-de-la-prision-domiciliaria\/\",\"url\":\"https:\/\/www.fiscalia.gov.co\/colombia\/noticias\/judicializado-patrullero-de-la-policia-que-habria-exigido-dinero-a-un-condenado-para-no-reportarlo-por-supuesto-incumplimiento-de-la-prision-domiciliaria\/\",\"name\":\"Fiscal\u00eda General de la Naci\u00f3n\",\"isPartOf\":{\"@id\":\"https:\/\/www.fiscalia.gov.co\/colombia\/#website\"},\"datePublished\":\"2021-09-10T15:07:00+00:00\",\"dateModified\":\"2021-09-16T20:31:42+00:00\",\"description\":\"P\u00e1gina oficial de la Fiscal\u00eda General de la Naci\u00f3n \u2013 Colombia. Garantizamos el acceso efectivo a la justicia, la verdad y la reparaci\u00f3n de las v\u00edctimas de los delitos.\",\"breadcrumb\":{\"@id\":\"https:\/\/www.fiscalia.gov.co\/colombia\/noticias\/judicializado-patrullero-de-la-policia-que-habria-exigido-dinero-a-un-condenado-para-no-reportarlo-por-supuesto-incumplimiento-de-la-prision-domiciliaria\/#breadcrumb\"},\"inLanguage\":\"es-CO\",\"potentialAction\":[{\"@type\":\"ReadAction\",\"target\":[\"https:\/\/www.fiscalia.gov.co\/colombia\/noticias\/judicializado-patrullero-de-la-policia-que-habria-exigido-dinero-a-un-condenado-para-no-reportarlo-por-supuesto-incumplimiento-de-la-prision-domiciliaria\/\"]}]},{\"@type\":\"BreadcrumbList\",\"@id\":\"https:\/\/www.fiscalia.gov.co\/colombia\/noticias\/judicializado-patrullero-de-la-policia-que-habria-exigido-dinero-a-un-condenado-para-no-reportarlo-por-supuesto-incumplimiento-de-la-prision-domiciliaria\/#breadcrumb\",\"itemListElement\":[{\"@type\":\"ListItem\",\"position\":1,\"name\":\"Home\",\"item\":\"https:\/\/www.fiscalia.gov.co\/colombia\/\"},{\"@type\":\"ListItem\",\"position\":2,\"name\":\"Judicializado patrullero de la Polic\u00eda que habr\u00eda exigido dinero a un condenado, para no reportarlo por supuesto incumplimiento de la prisi\u00f3n domiciliaria\"}]},{\"@type\":\"WebSite\",\"@id\":\"https:\/\/www.fiscalia.gov.co\/colombia\/#website\",\"url\":\"https:\/\/www.fiscalia.gov.co\/colombia\/\",\"name\":\"Fiscal\u00eda General de la Naci\u00f3n\",\"description\":\"P\u00e1gina oficial de la Fiscal\u00eda General de la Naci\u00f3n \u2013 Colombia. Garantizamos el acceso efectivo a la justicia, la verdad y la reparaci\u00f3n de las v\u00edctimas de los delitos.\",\"publisher\":{\"@id\":\"https:\/\/www.fiscalia.gov.co\/colombia\/#organization\"},\"potentialAction\":[{\"@type\":\"SearchAction\",\"target\":{\"@type\":\"EntryPoint\",\"urlTemplate\":\"https:\/\/www.fiscalia.gov.co\/colombia\/?s={search_term_string}\"},\"query-input\":{\"@type\":\"PropertyValueSpecification\",\"valueRequired\":true,\"valueName\":\"search_term_string\"}}],\"inLanguage\":\"es-CO\"},{\"@type\":\"Organization\",\"@id\":\"https:\/\/www.fiscalia.gov.co\/colombia\/#organization\",\"name\":\"Fiscal\u00eda General de la Naci\u00f3n\",\"url\":\"https:\/\/www.fiscalia.gov.co\/colombia\/\",\"logo\":{\"@type\":\"ImageObject\",\"inLanguage\":\"es-CO\",\"@id\":\"https:\/\/www.fiscalia.gov.co\/colombia\/#\/schema\/logo\/image\/\",\"url\":\"https:\/\/www.fiscalia.gov.co\/colombia\/wp-content\/uploads\/LogoHorizontal_1.jpg\",\"contentUrl\":\"https:\/\/www.fiscalia.gov.co\/colombia\/wp-content\/uploads\/LogoHorizontal_1.jpg\",\"width\":300,\"height\":90,\"caption\":\"Fiscal\u00eda General de la Naci\u00f3n\"},\"image\":{\"@id\":\"https:\/\/www.fiscalia.gov.co\/colombia\/#\/schema\/logo\/image\/\"},\"sameAs\":[\"https:\/\/www.facebook.com\/FiscaliaCol\",\"https:\/\/x.com\/FiscaliaCol\",\"https:\/\/www.instagram.com\/fiscaliacol\",\"https:\/\/www.linkedin.com\/company\/fiscalia-general-de-la-naci-n\/\",\"https:\/\/youtube.com\/@fiscaliageneraldelanacion-4668?si=6nN79nyQICPU5iTh\"]},{\"@type\":\"Person\",\"@id\":\"https:\/\/www.fiscalia.gov.co\/colombia\/#\/schema\/person\/2e76b9aba5ecf875ed565ce4de0e0415\",\"name\":\"Katherine Loaiza Mart\u00ednez\",\"image\":{\"@type\":\"ImageObject\",\"inLanguage\":\"es-CO\",\"@id\":\"https:\/\/www.fiscalia.gov.co\/colombia\/#\/schema\/person\/image\/\",\"url\":\"https:\/\/secure.gravatar.com\/avatar\/ab775a2f394c1b83b6d6f78680e57b50?s=96&d=mm&r=g\",\"contentUrl\":\"https:\/\/secure.gravatar.com\/avatar\/ab775a2f394c1b83b6d6f78680e57b50?s=96&d=mm&r=g\",\"caption\":\"Katherine Loaiza Mart\u00ednez\"},\"url\":\"https:\/\/www.fiscalia.gov.co\/colombia\/author\/kloaiza\/\"}]}<\/script>\n<!-- \/ Yoast SEO plugin. -->","yoast_head_json":{"title":"Fiscal\u00eda General de la Naci\u00f3n","description":"P\u00e1gina oficial de la Fiscal\u00eda General de la Naci\u00f3n \u2013 Colombia. Garantizamos el acceso efectivo a la justicia, la verdad y la reparaci\u00f3n de las v\u00edctimas de los delitos.","robots":{"index":"noindex","follow":"follow"},"og_locale":"es_ES","og_type":"article","og_title":"Fiscal\u00eda General de la Naci\u00f3n","og_description":"P\u00e1gina oficial de la Fiscal\u00eda General de la Naci\u00f3n \u2013 Colombia. Garantizamos el acceso efectivo a la justicia, la verdad y la reparaci\u00f3n de las v\u00edctimas de los delitos.","og_url":"https:\/\/www.fiscalia.gov.co\/colombia\/noticias\/judicializado-patrullero-de-la-policia-que-habria-exigido-dinero-a-un-condenado-para-no-reportarlo-por-supuesto-incumplimiento-de-la-prision-domiciliaria\/","og_site_name":"Fiscal\u00eda General de la Naci\u00f3n","article_publisher":"https:\/\/www.facebook.com\/FiscaliaCol","article_published_time":"2021-09-10T15:07:00+00:00","article_modified_time":"2021-09-16T20:31:42+00:00","author":"Katherine Loaiza Mart\u00ednez","twitter_card":"summary_large_image","twitter_creator":"@FiscaliaCol","twitter_site":"@FiscaliaCol","twitter_misc":{"Escrito por":"Katherine Loaiza Mart\u00ednez","Tiempo de lectura":"3 minutos"},"schema":{"@context":"https:\/\/schema.org","@graph":[{"@type":"Article","@id":"https:\/\/www.fiscalia.gov.co\/colombia\/noticias\/judicializado-patrullero-de-la-policia-que-habria-exigido-dinero-a-un-condenado-para-no-reportarlo-por-supuesto-incumplimiento-de-la-prision-domiciliaria\/#article","isPartOf":{"@id":"https:\/\/www.fiscalia.gov.co\/colombia\/noticias\/judicializado-patrullero-de-la-policia-que-habria-exigido-dinero-a-un-condenado-para-no-reportarlo-por-supuesto-incumplimiento-de-la-prision-domiciliaria\/"},"author":{"name":"Katherine Loaiza Mart\u00ednez","@id":"https:\/\/www.fiscalia.gov.co\/colombia\/#\/schema\/person\/2e76b9aba5ecf875ed565ce4de0e0415"},"headline":"Judicializado patrullero de la Polic\u00eda que habr\u00eda exigido dinero a un condenado, para no reportarlo por supuesto incumplimiento de la prisi\u00f3n domiciliaria","datePublished":"2021-09-10T15:07:00+00:00","dateModified":"2021-09-16T20:31:42+00:00","mainEntityOfPage":{"@id":"https:\/\/www.fiscalia.gov.co\/colombia\/noticias\/judicializado-patrullero-de-la-policia-que-habria-exigido-dinero-a-un-condenado-para-no-reportarlo-por-supuesto-incumplimiento-de-la-prision-domiciliaria\/"},"wordCount":663,"publisher":{"@id":"https:\/\/www.fiscalia.gov.co\/colombia\/#organization"},"keywords":["Amenazas","Condenado","corrupci\u00f3n concusi\u00f3n","exigencia econ\u00f3mica","Fiscal Francisco Barbosa Delgado","Fiscal\u00eda Colombia","Fiscal\u00eda General de la Naci\u00f3n","prisi\u00f3n domiciliaria","Tumaco"],"articleSection":["Corrupci\u00f3n","Noticias","Seccional Pasto"],"inLanguage":"es-CO"},{"@type":"WebPage","@id":"https:\/\/www.fiscalia.gov.co\/colombia\/noticias\/judicializado-patrullero-de-la-policia-que-habria-exigido-dinero-a-un-condenado-para-no-reportarlo-por-supuesto-incumplimiento-de-la-prision-domiciliaria\/","url":"https:\/\/www.fiscalia.gov.co\/colombia\/noticias\/judicializado-patrullero-de-la-policia-que-habria-exigido-dinero-a-un-condenado-para-no-reportarlo-por-supuesto-incumplimiento-de-la-prision-domiciliaria\/","name":"Fiscal\u00eda General de la Naci\u00f3n","isPartOf":{"@id":"https:\/\/www.fiscalia.gov.co\/colombia\/#website"},"datePublished":"2021-09-10T15:07:00+00:00","dateModified":"2021-09-16T20:31:42+00:00","description":"P\u00e1gina oficial de la Fiscal\u00eda General de la Naci\u00f3n \u2013 Colombia. Garantizamos el acceso efectivo a la justicia, la verdad y la reparaci\u00f3n de las v\u00edctimas de los delitos.","breadcrumb":{"@id":"https:\/\/www.fiscalia.gov.co\/colombia\/noticias\/judicializado-patrullero-de-la-policia-que-habria-exigido-dinero-a-un-condenado-para-no-reportarlo-por-supuesto-incumplimiento-de-la-prision-domiciliaria\/#breadcrumb"},"inLanguage":"es-CO","potentialAction":[{"@type":"ReadAction","target":["https:\/\/www.fiscalia.gov.co\/colombia\/noticias\/judicializado-patrullero-de-la-policia-que-habria-exigido-dinero-a-un-condenado-para-no-reportarlo-por-supuesto-incumplimiento-de-la-prision-domiciliaria\/"]}]},{"@type":"BreadcrumbList","@id":"https:\/\/www.fiscalia.gov.co\/colombia\/noticias\/judicializado-patrullero-de-la-policia-que-habria-exigido-dinero-a-un-condenado-para-no-reportarlo-por-supuesto-incumplimiento-de-la-prision-domiciliaria\/#breadcrumb","itemListElement":[{"@type":"ListItem","position":1,"name":"Home","item":"https:\/\/www.fiscalia.gov.co\/colombia\/"},{"@type":"ListItem","position":2,"name":"Judicializado patrullero de la Polic\u00eda que habr\u00eda exigido dinero a un condenado, para no reportarlo por supuesto incumplimiento de la prisi\u00f3n domiciliaria"}]},{"@type":"WebSite","@id":"https:\/\/www.fiscalia.gov.co\/colombia\/#website","url":"https:\/\/www.fiscalia.gov.co\/colombia\/","name":"Fiscal\u00eda General de la Naci\u00f3n","description":"P\u00e1gina oficial de la Fiscal\u00eda General de la Naci\u00f3n \u2013 Colombia. Garantizamos el acceso efectivo a la justicia, la verdad y la reparaci\u00f3n de las v\u00edctimas de los delitos.","publisher":{"@id":"https:\/\/www.fiscalia.gov.co\/colombia\/#organization"},"potentialAction":[{"@type":"SearchAction","target":{"@type":"EntryPoint","urlTemplate":"https:\/\/www.fiscalia.gov.co\/colombia\/?s={search_term_string}"},"query-input":{"@type":"PropertyValueSpecification","valueRequired":true,"valueName":"search_term_string"}}],"inLanguage":"es-CO"},{"@type":"Organization","@id":"https:\/\/www.fiscalia.gov.co\/colombia\/#organization","name":"Fiscal\u00eda General de la Naci\u00f3n","url":"https:\/\/www.fiscalia.gov.co\/colombia\/","logo":{"@type":"ImageObject","inLanguage":"es-CO","@id":"https:\/\/www.fiscalia.gov.co\/colombia\/#\/schema\/logo\/image\/","url":"https:\/\/www.fiscalia.gov.co\/colombia\/wp-content\/uploads\/LogoHorizontal_1.jpg","contentUrl":"https:\/\/www.fiscalia.gov.co\/colombia\/wp-content\/uploads\/LogoHorizontal_1.jpg","width":300,"height":90,"caption":"Fiscal\u00eda General de la Naci\u00f3n"},"image":{"@id":"https:\/\/www.fiscalia.gov.co\/colombia\/#\/schema\/logo\/image\/"},"sameAs":["https:\/\/www.facebook.com\/FiscaliaCol","https:\/\/x.com\/FiscaliaCol","https:\/\/www.instagram.com\/fiscaliacol","https:\/\/www.linkedin.com\/company\/fiscalia-general-de-la-naci-n\/","https:\/\/youtube.com\/@fiscaliageneraldelanacion-4668?si=6nN79nyQICPU5iTh"]},{"@type":"Person","@id":"https:\/\/www.fiscalia.gov.co\/colombia\/#\/schema\/person\/2e76b9aba5ecf875ed565ce4de0e0415","name":"Katherine Loaiza Mart\u00ednez","image":{"@type":"ImageObject","inLanguage":"es-CO","@id":"https:\/\/www.fiscalia.gov.co\/colombia\/#\/schema\/person\/image\/","url":"https:\/\/secure.gravatar.com\/avatar\/ab775a2f394c1b83b6d6f78680e57b50?s=96&d=mm&r=g","contentUrl":"https:\/\/secure.gravatar.com\/avatar\/ab775a2f394c1b83b6d6f78680e57b50?s=96&d=mm&r=g","caption":"Katherine Loaiza Mart\u00ednez"},"url":"https:\/\/www.fiscalia.gov.co\/colombia\/author\/kloaiza\/"}]}},"_links":{"self":[{"href":"https:\/\/www.fiscalia.gov.co\/colombia\/wp-json\/wp\/v2\/posts\/229479","targetHints":{"allow":["GET"]}}],"collection":[{"href":"https:\/\/www.fiscalia.gov.co\/colombia\/wp-json\/wp\/v2\/posts"}],"about":[{"href":"https:\/\/www.fiscalia.gov.co\/colombia\/wp-json\/wp\/v2\/types\/post"}],"author":[{"embeddable":true,"href":"https:\/\/www.fiscalia.gov.co\/colombia\/wp-json\/wp\/v2\/users\/175"}],"replies":[{"embeddable":true,"href":"https:\/\/www.fiscalia.gov.co\/colombia\/wp-json\/wp\/v2\/comments?post=229479"}],"version-history":[{"count":2,"href":"https:\/\/www.fiscalia.gov.co\/colombia\/wp-json\/wp\/v2\/posts\/229479\/revisions"}],"predecessor-version":[{"id":229991,"href":"https:\/\/www.fiscalia.gov.co\/colombia\/wp-json\/wp\/v2\/posts\/229479\/revisions\/229991"}],"wp:attachment":[{"href":"https:\/\/www.fiscalia.gov.co\/colombia\/wp-json\/wp\/v2\/media?parent=229479"}],"wp:term":[{"taxonomy":"category","embeddable":true,"href":"https:\/\/www.fiscalia.gov.co\/colombia\/wp-json\/wp\/v2\/categories?post=229479"},{"taxonomy":"post_tag","embeddable":true,"href":"https:\/\/www.fiscalia.gov.co\/colombia\/wp-json\/wp\/v2\/tags?post=229479"}],"curies":[{"name":"wp","href":"https:\/\/api.w.org\/{rel}","templated":true}]}}