{"id":229266,"date":"2021-09-08T13:14:55","date_gmt":"2021-09-08T18:14:55","guid":{"rendered":"https:\/\/www.fiscalia.gov.co\/colombia\/?p=229266"},"modified":"2021-09-08T13:14:55","modified_gmt":"2021-09-08T18:14:55","slug":"judicializados-dos-hombres-que-transportaban-mas-de-una-tonelada-de-marihuana-en-vias-del-tolima","status":"publish","type":"post","link":"https:\/\/www.fiscalia.gov.co\/colombia\/noticias\/judicializados-dos-hombres-que-transportaban-mas-de-una-tonelada-de-marihuana-en-vias-del-tolima\/","title":{"rendered":"Judicializados dos hombres que transportaban m\u00e1s de una tonelada de marihuana en v\u00edas del Tolima"},"content":{"rendered":"<p style=\"font-weight: 400;\">En el marco de la\u00a0<strong>estrategia de Investigaci\u00f3n Integral Regional, Regi\u00f3n Andina,<\/strong>\u00a0la\u00a0<strong>Fiscal\u00eda General de la Naci\u00f3n<\/strong>\u00a0judicializ\u00f3 a dos personas que fueron capturadas en el\u00a0<strong>CAI de Boquer\u00f3n<\/strong>\u00a0en la v\u00eda que comunica a\u00a0<strong>Ibagu\u00e9 con Cajamarca (Tolima),<\/strong>\u00a0cuando transportaba en un cami\u00f3n\u00a0<strong>una tonelada y 122 kilos de marihuana.\u00a0<\/strong><\/p>\n<figure id=\"attachment_229267\" aria-describedby=\"caption-attachment-229267\" style=\"width: 1280px\" class=\"wp-caption aligncenter\"><img loading=\"lazy\" decoding=\"async\" class=\"size-full wp-image-229267\" src=\"https:\/\/www.fiscalia.gov.co\/colombia\/wp-content\/uploads\/Jos\u00e9-Lizardo-Rojas-Ramos2.jpeg\" alt=\"\" width=\"1280\" height=\"720\" srcset=\"https:\/\/www.fiscalia.gov.co\/colombia\/wp-content\/uploads\/Jos\u00e9-Lizardo-Rojas-Ramos2.jpeg 1280w, https:\/\/www.fiscalia.gov.co\/colombia\/wp-content\/uploads\/Jos\u00e9-Lizardo-Rojas-Ramos2-300x169.jpeg 300w, https:\/\/www.fiscalia.gov.co\/colombia\/wp-content\/uploads\/Jos\u00e9-Lizardo-Rojas-Ramos2-1024x576.jpeg 1024w, https:\/\/www.fiscalia.gov.co\/colombia\/wp-content\/uploads\/Jos\u00e9-Lizardo-Rojas-Ramos2-768x432.jpeg 768w, https:\/\/www.fiscalia.gov.co\/colombia\/wp-content\/uploads\/Jos\u00e9-Lizardo-Rojas-Ramos2-696x392.jpeg 696w, https:\/\/www.fiscalia.gov.co\/colombia\/wp-content\/uploads\/Jos\u00e9-Lizardo-Rojas-Ramos2-1068x601.jpeg 1068w, https:\/\/www.fiscalia.gov.co\/colombia\/wp-content\/uploads\/Jos\u00e9-Lizardo-Rojas-Ramos2-747x420.jpeg 747w\" sizes=\"auto, (max-width: 1280px) 100vw, 1280px\" \/><figcaption id=\"caption-attachment-229267\" class=\"wp-caption-text\">Jos\u00e9 Lizardo Rojas Ramos conduc\u00eda el cami\u00f3n donde fue hallada m\u00e1s de una tonelada de marihuana.<\/figcaption><\/figure>\n<p style=\"font-weight: 400;\">A los detenidos, identificados\u00a0 como\u00a0<strong>Jos\u00e9 Lizardo Rojas Ramos<\/strong>, conductor del cami\u00f3n, y\u00a0<strong>Yimi Andr\u00e9s Morales Losada<\/strong>\u00a0 les fue legalizada la captura. Al primero, la Fiscal\u00eda le imput\u00f3 el delito de tr\u00e1fico de estupefacientes agravado y fue cobijado con medida de aseguramiento en centro carcelario. Mientras que\u00a0 Morales Losada qued\u00f3 en libertad pero sigue vinculado al proceso.<\/p>\n<p style=\"font-weight: 400;\">En el veh\u00edculo, un cami\u00f3n que transportaba aceite legal y que, al parecer,\u00a0 cubr\u00eda la ruta\u00a0<strong>Cali (Valle del Cauca) \u2013 Bogot\u00e1<\/strong>, fueron hallados en una inspecci\u00f3n que le hizo la Polic\u00eda Antinarc\u00f3ticos\u00a0<strong>33 bultos de colores<\/strong>, los que conten\u00edan una sustancia similar a la marihuana, que posteriormente al someterla a un an\u00e1lisis de PIPH dio positivo.<\/p>\n<p style=\"font-weight: 400;\">En cuanto al veh\u00edculo,\u00a0<strong>el Juzgado impuso medidas cautelares<\/strong>\u00a0de incautaci\u00f3n con fines de comiso y suspensi\u00f3n del poder dispositivo de dominio a los veh\u00edculos, un tracto cami\u00f3n color verde modelo 1998 y un tr\u00e1iler modelo 2005.<\/p>\n<p style=\"font-weight: 400;\">La\u00a0<strong>Fiscal\u00eda General de la Naci\u00f3n<\/strong>\u00a0habla con resultados.<\/p>\n<p style=\"font-weight: 400;\">\n<p style=\"font-weight: 400;\"><strong>Tambi\u00e9n le puede interesar:<\/strong><\/p>\n<p style=\"font-weight: 400;\"><a href=\"https:\/\/www.fiscalia.gov.co\/colombia\/seccionales\/a-la-carcel-el-conductor-de-un-camion-por-presunto-transporte-de-mas-de-una-tonelada-de-marihuana\/\" data-saferedirecturl=\"https:\/\/www.google.com\/url?q=https:\/\/www.fiscalia.gov.co\/colombia\/seccionales\/a-la-carcel-el-conductor-de-un-camion-por-presunto-transporte-de-mas-de-una-tonelada-de-marihuana\/&amp;source=gmail&amp;ust=1631203942549000&amp;usg=AFQjCNHsXwIFUwASMTFfZXmxiecBzXU-Pg\">A la c\u00e1rcel el conductor de un cami\u00f3n por presunto transporte de m\u00e1s de una tonelada de marihuana<\/a><\/p>\n\n<div class=\"twitter-share\"><a href=\"https:\/\/twitter.com\/intent\/tweet?via=fiscaliacol\" class=\"twitter-share-button\">Tweet<\/a><\/div>\n","protected":false},"excerpt":{"rendered":"<p>En el marco de la\u00a0estrategia de Investigaci\u00f3n Integral Regional, Regi\u00f3n Andina,\u00a0la\u00a0Fiscal\u00eda General de la Naci\u00f3n\u00a0judicializ\u00f3 a dos personas que fueron capturadas en el\u00a0CAI de Boquer\u00f3n\u00a0en la v\u00eda que comunica a\u00a0Ibagu\u00e9 [&hellip;]<\/p>\n","protected":false},"author":175,"featured_media":0,"comment_status":"closed","ping_status":"open","sticky":false,"template":"","format":"standard","meta":{"tdm_status":"","tdm_grid_status":"","footnotes":""},"categories":[1,329,24103],"tags":[28658,28662,28663,28656,24401,24188,1047,28659,28657,28660,28661],"class_list":["post-229266","post","type-post","status-publish","format-standard","category-noticias","category-seccional-ibague","category-trafico-de-estupefacientes","tag-cai-de-boqueron","tag-cali-valle-del-cauca-bogota","tag-el-juzgado-impuso-medidas-cautelares","tag-estrategia-de-investigacion-integral-regional","tag-fiscal-barbosa-delgado","tag-fiscal-francisco-barbosa","tag-fiscalia-general-de-la-nacion","tag-ibague-con-cajamarca-tolima","tag-region-andina","tag-una-tonelada-y-122-kilos-de-marihuana-jose-lizardo-rojas-ramos","tag-yimi-andres-morales-losada"],"yoast_head":"<!-- This site is optimized with the Yoast SEO plugin v24.3 - https:\/\/yoast.com\/wordpress\/plugins\/seo\/ -->\n<title>Fiscal\u00eda General de la Naci\u00f3n<\/title>\n<meta name=\"description\" content=\"P\u00e1gina oficial de la Fiscal\u00eda General de la Naci\u00f3n \u2013 Colombia. Garantizamos el acceso efectivo a la justicia, la verdad y la reparaci\u00f3n de las v\u00edctimas de los delitos.\" \/>\n<meta name=\"robots\" content=\"noindex, follow\" \/>\n<meta property=\"og:locale\" content=\"es_ES\" \/>\n<meta property=\"og:type\" content=\"article\" \/>\n<meta property=\"og:title\" content=\"Fiscal\u00eda General de la Naci\u00f3n\" \/>\n<meta property=\"og:description\" content=\"P\u00e1gina oficial de la Fiscal\u00eda General de la Naci\u00f3n \u2013 Colombia. Garantizamos el acceso efectivo a la justicia, la verdad y la reparaci\u00f3n de las v\u00edctimas de los delitos.\" \/>\n<meta property=\"og:url\" content=\"https:\/\/www.fiscalia.gov.co\/colombia\/noticias\/judicializados-dos-hombres-que-transportaban-mas-de-una-tonelada-de-marihuana-en-vias-del-tolima\/\" \/>\n<meta property=\"og:site_name\" content=\"Fiscal\u00eda General de la Naci\u00f3n\" \/>\n<meta property=\"article:publisher\" content=\"https:\/\/www.facebook.com\/FiscaliaCol\" \/>\n<meta property=\"article:published_time\" content=\"2021-09-08T18:14:55+00:00\" \/>\n<meta name=\"author\" content=\"Katherine Loaiza Mart\u00ednez\" \/>\n<meta name=\"twitter:card\" content=\"summary_large_image\" \/>\n<meta name=\"twitter:creator\" content=\"@FiscaliaCol\" \/>\n<meta name=\"twitter:site\" content=\"@FiscaliaCol\" \/>\n<meta name=\"twitter:label1\" content=\"Escrito por\" \/>\n\t<meta name=\"twitter:data1\" content=\"Katherine Loaiza Mart\u00ednez\" \/>\n\t<meta name=\"twitter:label2\" content=\"Tiempo de lectura\" \/>\n\t<meta name=\"twitter:data2\" content=\"1 minuto\" \/>\n<script type=\"application\/ld+json\" class=\"yoast-schema-graph\">{\"@context\":\"https:\/\/schema.org\",\"@graph\":[{\"@type\":\"Article\",\"@id\":\"https:\/\/www.fiscalia.gov.co\/colombia\/noticias\/judicializados-dos-hombres-que-transportaban-mas-de-una-tonelada-de-marihuana-en-vias-del-tolima\/#article\",\"isPartOf\":{\"@id\":\"https:\/\/www.fiscalia.gov.co\/colombia\/noticias\/judicializados-dos-hombres-que-transportaban-mas-de-una-tonelada-de-marihuana-en-vias-del-tolima\/\"},\"author\":{\"name\":\"Katherine Loaiza Mart\u00ednez\",\"@id\":\"https:\/\/www.fiscalia.gov.co\/colombia\/#\/schema\/person\/2e76b9aba5ecf875ed565ce4de0e0415\"},\"headline\":\"Judicializados dos hombres que transportaban m\u00e1s de una tonelada de marihuana en v\u00edas del Tolima\",\"datePublished\":\"2021-09-08T18:14:55+00:00\",\"dateModified\":\"2021-09-08T18:14:55+00:00\",\"mainEntityOfPage\":{\"@id\":\"https:\/\/www.fiscalia.gov.co\/colombia\/noticias\/judicializados-dos-hombres-que-transportaban-mas-de-una-tonelada-de-marihuana-en-vias-del-tolima\/\"},\"wordCount\":303,\"publisher\":{\"@id\":\"https:\/\/www.fiscalia.gov.co\/colombia\/#organization\"},\"keywords\":[\"CAI de Boquer\u00f3n\",\"Cali (Valle del Cauca) \u2013 Bogot\u00e1\",\"el Juzgado impuso medidas cautelares\",\"Estrategia de Investigaci\u00f3n Integral Regional\",\"Fiscal Barbosa Delgado\",\"Fiscal Francisco Barbosa\",\"Fiscal\u00eda General de la Naci\u00f3n\",\"Ibagu\u00e9 con Cajamarca (Tolima)\",\"Regi\u00f3n Andina\",\"una tonelada y 122 kilos de marihuana.\u00a0 Jos\u00e9 Lizardo Rojas Ramos\",\"Yimi Andr\u00e9s Morales Losada\"],\"articleSection\":[\"Noticias\",\"Seccional Ibagu\u00e9\",\"Tr\u00e1fico de estupefacientes\"],\"inLanguage\":\"es-CO\"},{\"@type\":\"WebPage\",\"@id\":\"https:\/\/www.fiscalia.gov.co\/colombia\/noticias\/judicializados-dos-hombres-que-transportaban-mas-de-una-tonelada-de-marihuana-en-vias-del-tolima\/\",\"url\":\"https:\/\/www.fiscalia.gov.co\/colombia\/noticias\/judicializados-dos-hombres-que-transportaban-mas-de-una-tonelada-de-marihuana-en-vias-del-tolima\/\",\"name\":\"Fiscal\u00eda General de la Naci\u00f3n\",\"isPartOf\":{\"@id\":\"https:\/\/www.fiscalia.gov.co\/colombia\/#website\"},\"datePublished\":\"2021-09-08T18:14:55+00:00\",\"dateModified\":\"2021-09-08T18:14:55+00:00\",\"description\":\"P\u00e1gina oficial de la Fiscal\u00eda General de la Naci\u00f3n \u2013 Colombia. Garantizamos el acceso efectivo a la justicia, la verdad y la reparaci\u00f3n de las v\u00edctimas de los delitos.\",\"breadcrumb\":{\"@id\":\"https:\/\/www.fiscalia.gov.co\/colombia\/noticias\/judicializados-dos-hombres-que-transportaban-mas-de-una-tonelada-de-marihuana-en-vias-del-tolima\/#breadcrumb\"},\"inLanguage\":\"es-CO\",\"potentialAction\":[{\"@type\":\"ReadAction\",\"target\":[\"https:\/\/www.fiscalia.gov.co\/colombia\/noticias\/judicializados-dos-hombres-que-transportaban-mas-de-una-tonelada-de-marihuana-en-vias-del-tolima\/\"]}]},{\"@type\":\"BreadcrumbList\",\"@id\":\"https:\/\/www.fiscalia.gov.co\/colombia\/noticias\/judicializados-dos-hombres-que-transportaban-mas-de-una-tonelada-de-marihuana-en-vias-del-tolima\/#breadcrumb\",\"itemListElement\":[{\"@type\":\"ListItem\",\"position\":1,\"name\":\"Home\",\"item\":\"https:\/\/www.fiscalia.gov.co\/colombia\/\"},{\"@type\":\"ListItem\",\"position\":2,\"name\":\"Judicializados dos hombres que transportaban m\u00e1s de una tonelada de marihuana en v\u00edas del Tolima\"}]},{\"@type\":\"WebSite\",\"@id\":\"https:\/\/www.fiscalia.gov.co\/colombia\/#website\",\"url\":\"https:\/\/www.fiscalia.gov.co\/colombia\/\",\"name\":\"Fiscal\u00eda General de la Naci\u00f3n\",\"description\":\"P\u00e1gina oficial de la Fiscal\u00eda General de la Naci\u00f3n \u2013 Colombia. Garantizamos el acceso efectivo a la justicia, la verdad y la reparaci\u00f3n de las v\u00edctimas de los delitos.\",\"publisher\":{\"@id\":\"https:\/\/www.fiscalia.gov.co\/colombia\/#organization\"},\"potentialAction\":[{\"@type\":\"SearchAction\",\"target\":{\"@type\":\"EntryPoint\",\"urlTemplate\":\"https:\/\/www.fiscalia.gov.co\/colombia\/?s={search_term_string}\"},\"query-input\":{\"@type\":\"PropertyValueSpecification\",\"valueRequired\":true,\"valueName\":\"search_term_string\"}}],\"inLanguage\":\"es-CO\"},{\"@type\":\"Organization\",\"@id\":\"https:\/\/www.fiscalia.gov.co\/colombia\/#organization\",\"name\":\"Fiscal\u00eda General de la Naci\u00f3n\",\"url\":\"https:\/\/www.fiscalia.gov.co\/colombia\/\",\"logo\":{\"@type\":\"ImageObject\",\"inLanguage\":\"es-CO\",\"@id\":\"https:\/\/www.fiscalia.gov.co\/colombia\/#\/schema\/logo\/image\/\",\"url\":\"https:\/\/www.fiscalia.gov.co\/colombia\/wp-content\/uploads\/LogoHorizontal_1.jpg\",\"contentUrl\":\"https:\/\/www.fiscalia.gov.co\/colombia\/wp-content\/uploads\/LogoHorizontal_1.jpg\",\"width\":300,\"height\":90,\"caption\":\"Fiscal\u00eda General de la Naci\u00f3n\"},\"image\":{\"@id\":\"https:\/\/www.fiscalia.gov.co\/colombia\/#\/schema\/logo\/image\/\"},\"sameAs\":[\"https:\/\/www.facebook.com\/FiscaliaCol\",\"https:\/\/x.com\/FiscaliaCol\",\"https:\/\/www.instagram.com\/fiscaliacol\",\"https:\/\/www.linkedin.com\/company\/fiscalia-general-de-la-naci-n\/\",\"https:\/\/youtube.com\/@fiscaliageneraldelanacion-4668?si=6nN79nyQICPU5iTh\"]},{\"@type\":\"Person\",\"@id\":\"https:\/\/www.fiscalia.gov.co\/colombia\/#\/schema\/person\/2e76b9aba5ecf875ed565ce4de0e0415\",\"name\":\"Katherine Loaiza Mart\u00ednez\",\"image\":{\"@type\":\"ImageObject\",\"inLanguage\":\"es-CO\",\"@id\":\"https:\/\/www.fiscalia.gov.co\/colombia\/#\/schema\/person\/image\/\",\"url\":\"https:\/\/secure.gravatar.com\/avatar\/ab775a2f394c1b83b6d6f78680e57b50?s=96&d=mm&r=g\",\"contentUrl\":\"https:\/\/secure.gravatar.com\/avatar\/ab775a2f394c1b83b6d6f78680e57b50?s=96&d=mm&r=g\",\"caption\":\"Katherine Loaiza Mart\u00ednez\"},\"url\":\"https:\/\/www.fiscalia.gov.co\/colombia\/author\/kloaiza\/\"}]}<\/script>\n<!-- \/ Yoast SEO plugin. -->","yoast_head_json":{"title":"Fiscal\u00eda General de la Naci\u00f3n","description":"P\u00e1gina oficial de la Fiscal\u00eda General de la Naci\u00f3n \u2013 Colombia. Garantizamos el acceso efectivo a la justicia, la verdad y la reparaci\u00f3n de las v\u00edctimas de los delitos.","robots":{"index":"noindex","follow":"follow"},"og_locale":"es_ES","og_type":"article","og_title":"Fiscal\u00eda General de la Naci\u00f3n","og_description":"P\u00e1gina oficial de la Fiscal\u00eda General de la Naci\u00f3n \u2013 Colombia. Garantizamos el acceso efectivo a la justicia, la verdad y la reparaci\u00f3n de las v\u00edctimas de los delitos.","og_url":"https:\/\/www.fiscalia.gov.co\/colombia\/noticias\/judicializados-dos-hombres-que-transportaban-mas-de-una-tonelada-de-marihuana-en-vias-del-tolima\/","og_site_name":"Fiscal\u00eda General de la Naci\u00f3n","article_publisher":"https:\/\/www.facebook.com\/FiscaliaCol","article_published_time":"2021-09-08T18:14:55+00:00","author":"Katherine Loaiza Mart\u00ednez","twitter_card":"summary_large_image","twitter_creator":"@FiscaliaCol","twitter_site":"@FiscaliaCol","twitter_misc":{"Escrito por":"Katherine Loaiza Mart\u00ednez","Tiempo de lectura":"1 minuto"},"schema":{"@context":"https:\/\/schema.org","@graph":[{"@type":"Article","@id":"https:\/\/www.fiscalia.gov.co\/colombia\/noticias\/judicializados-dos-hombres-que-transportaban-mas-de-una-tonelada-de-marihuana-en-vias-del-tolima\/#article","isPartOf":{"@id":"https:\/\/www.fiscalia.gov.co\/colombia\/noticias\/judicializados-dos-hombres-que-transportaban-mas-de-una-tonelada-de-marihuana-en-vias-del-tolima\/"},"author":{"name":"Katherine Loaiza Mart\u00ednez","@id":"https:\/\/www.fiscalia.gov.co\/colombia\/#\/schema\/person\/2e76b9aba5ecf875ed565ce4de0e0415"},"headline":"Judicializados dos hombres que transportaban m\u00e1s de una tonelada de marihuana en v\u00edas del Tolima","datePublished":"2021-09-08T18:14:55+00:00","dateModified":"2021-09-08T18:14:55+00:00","mainEntityOfPage":{"@id":"https:\/\/www.fiscalia.gov.co\/colombia\/noticias\/judicializados-dos-hombres-que-transportaban-mas-de-una-tonelada-de-marihuana-en-vias-del-tolima\/"},"wordCount":303,"publisher":{"@id":"https:\/\/www.fiscalia.gov.co\/colombia\/#organization"},"keywords":["CAI de Boquer\u00f3n","Cali (Valle del Cauca) \u2013 Bogot\u00e1","el Juzgado impuso medidas cautelares","Estrategia de Investigaci\u00f3n Integral Regional","Fiscal Barbosa Delgado","Fiscal Francisco Barbosa","Fiscal\u00eda General de la Naci\u00f3n","Ibagu\u00e9 con Cajamarca (Tolima)","Regi\u00f3n Andina","una tonelada y 122 kilos de marihuana.\u00a0 Jos\u00e9 Lizardo Rojas Ramos","Yimi Andr\u00e9s Morales Losada"],"articleSection":["Noticias","Seccional Ibagu\u00e9","Tr\u00e1fico de estupefacientes"],"inLanguage":"es-CO"},{"@type":"WebPage","@id":"https:\/\/www.fiscalia.gov.co\/colombia\/noticias\/judicializados-dos-hombres-que-transportaban-mas-de-una-tonelada-de-marihuana-en-vias-del-tolima\/","url":"https:\/\/www.fiscalia.gov.co\/colombia\/noticias\/judicializados-dos-hombres-que-transportaban-mas-de-una-tonelada-de-marihuana-en-vias-del-tolima\/","name":"Fiscal\u00eda General de la Naci\u00f3n","isPartOf":{"@id":"https:\/\/www.fiscalia.gov.co\/colombia\/#website"},"datePublished":"2021-09-08T18:14:55+00:00","dateModified":"2021-09-08T18:14:55+00:00","description":"P\u00e1gina oficial de la Fiscal\u00eda General de la Naci\u00f3n \u2013 Colombia. Garantizamos el acceso efectivo a la justicia, la verdad y la reparaci\u00f3n de las v\u00edctimas de los delitos.","breadcrumb":{"@id":"https:\/\/www.fiscalia.gov.co\/colombia\/noticias\/judicializados-dos-hombres-que-transportaban-mas-de-una-tonelada-de-marihuana-en-vias-del-tolima\/#breadcrumb"},"inLanguage":"es-CO","potentialAction":[{"@type":"ReadAction","target":["https:\/\/www.fiscalia.gov.co\/colombia\/noticias\/judicializados-dos-hombres-que-transportaban-mas-de-una-tonelada-de-marihuana-en-vias-del-tolima\/"]}]},{"@type":"BreadcrumbList","@id":"https:\/\/www.fiscalia.gov.co\/colombia\/noticias\/judicializados-dos-hombres-que-transportaban-mas-de-una-tonelada-de-marihuana-en-vias-del-tolima\/#breadcrumb","itemListElement":[{"@type":"ListItem","position":1,"name":"Home","item":"https:\/\/www.fiscalia.gov.co\/colombia\/"},{"@type":"ListItem","position":2,"name":"Judicializados dos hombres que transportaban m\u00e1s de una tonelada de marihuana en v\u00edas del Tolima"}]},{"@type":"WebSite","@id":"https:\/\/www.fiscalia.gov.co\/colombia\/#website","url":"https:\/\/www.fiscalia.gov.co\/colombia\/","name":"Fiscal\u00eda General de la Naci\u00f3n","description":"P\u00e1gina oficial de la Fiscal\u00eda General de la Naci\u00f3n \u2013 Colombia. Garantizamos el acceso efectivo a la justicia, la verdad y la reparaci\u00f3n de las v\u00edctimas de los delitos.","publisher":{"@id":"https:\/\/www.fiscalia.gov.co\/colombia\/#organization"},"potentialAction":[{"@type":"SearchAction","target":{"@type":"EntryPoint","urlTemplate":"https:\/\/www.fiscalia.gov.co\/colombia\/?s={search_term_string}"},"query-input":{"@type":"PropertyValueSpecification","valueRequired":true,"valueName":"search_term_string"}}],"inLanguage":"es-CO"},{"@type":"Organization","@id":"https:\/\/www.fiscalia.gov.co\/colombia\/#organization","name":"Fiscal\u00eda General de la Naci\u00f3n","url":"https:\/\/www.fiscalia.gov.co\/colombia\/","logo":{"@type":"ImageObject","inLanguage":"es-CO","@id":"https:\/\/www.fiscalia.gov.co\/colombia\/#\/schema\/logo\/image\/","url":"https:\/\/www.fiscalia.gov.co\/colombia\/wp-content\/uploads\/LogoHorizontal_1.jpg","contentUrl":"https:\/\/www.fiscalia.gov.co\/colombia\/wp-content\/uploads\/LogoHorizontal_1.jpg","width":300,"height":90,"caption":"Fiscal\u00eda General de la Naci\u00f3n"},"image":{"@id":"https:\/\/www.fiscalia.gov.co\/colombia\/#\/schema\/logo\/image\/"},"sameAs":["https:\/\/www.facebook.com\/FiscaliaCol","https:\/\/x.com\/FiscaliaCol","https:\/\/www.instagram.com\/fiscaliacol","https:\/\/www.linkedin.com\/company\/fiscalia-general-de-la-naci-n\/","https:\/\/youtube.com\/@fiscaliageneraldelanacion-4668?si=6nN79nyQICPU5iTh"]},{"@type":"Person","@id":"https:\/\/www.fiscalia.gov.co\/colombia\/#\/schema\/person\/2e76b9aba5ecf875ed565ce4de0e0415","name":"Katherine Loaiza Mart\u00ednez","image":{"@type":"ImageObject","inLanguage":"es-CO","@id":"https:\/\/www.fiscalia.gov.co\/colombia\/#\/schema\/person\/image\/","url":"https:\/\/secure.gravatar.com\/avatar\/ab775a2f394c1b83b6d6f78680e57b50?s=96&d=mm&r=g","contentUrl":"https:\/\/secure.gravatar.com\/avatar\/ab775a2f394c1b83b6d6f78680e57b50?s=96&d=mm&r=g","caption":"Katherine Loaiza Mart\u00ednez"},"url":"https:\/\/www.fiscalia.gov.co\/colombia\/author\/kloaiza\/"}]}},"_links":{"self":[{"href":"https:\/\/www.fiscalia.gov.co\/colombia\/wp-json\/wp\/v2\/posts\/229266","targetHints":{"allow":["GET"]}}],"collection":[{"href":"https:\/\/www.fiscalia.gov.co\/colombia\/wp-json\/wp\/v2\/posts"}],"about":[{"href":"https:\/\/www.fiscalia.gov.co\/colombia\/wp-json\/wp\/v2\/types\/post"}],"author":[{"embeddable":true,"href":"https:\/\/www.fiscalia.gov.co\/colombia\/wp-json\/wp\/v2\/users\/175"}],"replies":[{"embeddable":true,"href":"https:\/\/www.fiscalia.gov.co\/colombia\/wp-json\/wp\/v2\/comments?post=229266"}],"version-history":[{"count":1,"href":"https:\/\/www.fiscalia.gov.co\/colombia\/wp-json\/wp\/v2\/posts\/229266\/revisions"}],"predecessor-version":[{"id":229268,"href":"https:\/\/www.fiscalia.gov.co\/colombia\/wp-json\/wp\/v2\/posts\/229266\/revisions\/229268"}],"wp:attachment":[{"href":"https:\/\/www.fiscalia.gov.co\/colombia\/wp-json\/wp\/v2\/media?parent=229266"}],"wp:term":[{"taxonomy":"category","embeddable":true,"href":"https:\/\/www.fiscalia.gov.co\/colombia\/wp-json\/wp\/v2\/categories?post=229266"},{"taxonomy":"post_tag","embeddable":true,"href":"https:\/\/www.fiscalia.gov.co\/colombia\/wp-json\/wp\/v2\/tags?post=229266"}],"curies":[{"name":"wp","href":"https:\/\/api.w.org\/{rel}","templated":true}]}}