{"id":229212,"date":"2021-09-08T09:06:17","date_gmt":"2021-09-08T14:06:17","guid":{"rendered":"https:\/\/www.fiscalia.gov.co\/colombia\/?p=229212"},"modified":"2021-09-13T17:02:31","modified_gmt":"2021-09-13T22:02:31","slug":"fiscalia-impone-medida-de-aseguramiento-contra-alias-macaco-por-homicidios-secuestros-desapariciones-forzadas-desplazamientos-y-otros-delitos","status":"publish","type":"post","link":"https:\/\/www.fiscalia.gov.co\/colombia\/noticias\/fiscalia-impone-medida-de-aseguramiento-contra-alias-macaco-por-homicidios-secuestros-desapariciones-forzadas-desplazamientos-y-otros-delitos\/","title":{"rendered":"Fiscal\u00eda impone medida de aseguramiento contra alias Macaco por homicidios, secuestros, desapariciones forzadas, desplazamientos y otros delitos"},"content":{"rendered":"<blockquote class=\"td_quote_box td_box_center\">\n<h4 style=\"text-align: left;\"><strong><em>El procesado, en su condici\u00f3n de cabecilla del entonces Bloque Central Bol\u00edvar de las AUC, acept\u00f3 12 hechos criminales. Entre los asesinatos que se le atribuye est\u00e1 el de una religiosa en Tumaco (Nari\u00f1o).<\/em><\/strong><\/h4>\n<\/blockquote>\n<p>&nbsp;<\/p>\n<p>Un fiscal de la Direcci\u00f3n Especializada contra las Violaciones a los Derechos Humanos impuso medida de aseguramiento en centro carcelario al exjefe paramilitar Carlos Mario Jim\u00e9nez Naranjo, alias Macaco, por su presunta responsabilidad en 12 hechos criminales distintos ocurridos entre 2000 y 2004, en Caquet\u00e1, Nari\u00f1o, Putumayo y Santander.<\/p>\n<p>Los elementos de prueba dan cuenta de 33 v\u00edctimas, 13 de ellas habr\u00edan sido asesinadas por oponerse al actuar il\u00edcito de las estructuras a cargo de Jim\u00e9nez Naranjo, no acceder el pago de extorsiones o porque las se\u00f1alaron de ser supuestos auxiliadores de otros grupos armados.<\/p>\n<p>Uno de los homicidios en los que estar\u00eda involucrado alias Macaco es el de la religiosa Yolanda Cer\u00f3n Delgado, ocurrido el 19 de septiembre de 2001, en Tumaco (Nari\u00f1o). Los m\u00f3viles estar\u00edan asociados con las denuncias nacionales e internacionales que hizo la mujer sobre el accionar violento de los paramilitares y el apoyo que, al parecer, recib\u00edan de algunas autoridades en esa zona del pa\u00eds.<\/p>\n<p>Tambi\u00e9n habr\u00eda participado en la muerte del profesor Reyes D\u00edaz Tirado, sucedida el 21 de octubre de 2001, en el corregimiento San Ignacio del Op\u00f3n en Land\u00e1zuri (Santander); y la desaparici\u00f3n forzada de Juvenal Celis, exintegrante de la Uni\u00f3n Patri\u00f3tica, quien fue interceptado por hombres armados el 30 de junio de 2002, en Florencia (Caquet\u00e1).<\/p>\n<p>Asimismo, se identificaron casos en los que, supuestamente, fueron intimidados contratistas de diferentes entidades, tenderos, comerciantes y trabajadores de Ecopetrol, y obligados a entregar el 10% de los contratos que obten\u00edan.<\/p>\n<p>El procesado, en su condici\u00f3n de m\u00e1ximo cabecilla del Bloque Central Bol\u00edvar de las extintas AUC, acept\u00f3 su responsabilidad en las conductas que se le atribuyen, relacionadas con los delitos de homicidio agravado, homicidio en persona protegida, desaparici\u00f3n forzada, secuestro simple, desplazamiento forzado, hurto calificado y extorsi\u00f3n agravada.<\/p>\n<p>La Fiscal\u00eda declar\u00f3 los hechos identificados como delitos de lesa humanidad, ante la sistematicidad, amenaza y temor al que fue sometida la poblaci\u00f3n civil, entre otras afectaciones a los derechos humanos de personas ajenas al conflicto armado.<\/p>\n<p>Esta investigaci\u00f3n se sigue dentro de los par\u00e1metros de la Ley 600 de 2000 (anterior Sistema Penal). Carlos Mario Jim\u00e9nez Naranjo deber\u00e1 cumplir la medida en la c\u00e1rcel La Picota de Bogot\u00e1, donde permanece privado de la libertad por otro proceso que se le sigue, en el que reconoci\u00f3 162 cr\u00edmenes.<\/p>\n<p>JARG\/DJR\/DECVDH\/MCRC\/<\/p>\n<p>&nbsp;<\/p>\n<p><strong>La Fiscal\u00eda habla con resultados<\/strong><\/p>\n<p>&nbsp;<\/p>\n<p>&nbsp;<\/p>\n\n<div class=\"twitter-share\"><a href=\"https:\/\/twitter.com\/intent\/tweet?via=fiscaliacol\" class=\"twitter-share-button\">Tweet<\/a><\/div>\n","protected":false},"excerpt":{"rendered":"<p>El procesado, en su condici\u00f3n de cabecilla del entonces Bloque Central Bol\u00edvar de las AUC, acept\u00f3 12 hechos criminales. Entre los asesinatos que se le atribuye est\u00e1 el de una religiosa en Tumaco (Nari\u00f1o). &nbsp; Un fiscal de la Direcci\u00f3n Especializada contra las Violaciones a los Derechos Humanos impuso medida de aseguramiento en centro carcelario [&hellip;]<\/p>\n","protected":false},"author":175,"featured_media":0,"comment_status":"closed","ping_status":"open","sticky":false,"template":"","format":"video","meta":{"tdm_status":"","tdm_grid_status":"","footnotes":""},"categories":[24102,1],"tags":[10412,24401,24189],"class_list":{"0":"post-229212","1":"post","2":"type-post","3":"status-publish","4":"format-video","6":"category-derechos-humanos","7":"category-noticias","8":"tag-alias-macaco","9":"tag-fiscal-barbosa-delgado","10":"tag-fiscal-francisco-barbosa-delgado","11":"post_format-post-format-video"},"yoast_head":"<!-- This site is optimized with the Yoast SEO plugin v24.3 - https:\/\/yoast.com\/wordpress\/plugins\/seo\/ -->\n<title>Fiscal\u00eda General de la Naci\u00f3n<\/title>\n<meta name=\"description\" content=\"P\u00e1gina oficial de la Fiscal\u00eda General de la Naci\u00f3n \u2013 Colombia. Garantizamos el acceso efectivo a la justicia, la verdad y la reparaci\u00f3n de las v\u00edctimas de los delitos.\" \/>\n<meta name=\"robots\" content=\"noindex, follow\" \/>\n<meta property=\"og:locale\" content=\"es_ES\" \/>\n<meta property=\"og:type\" content=\"article\" \/>\n<meta property=\"og:title\" content=\"Fiscal\u00eda General de la Naci\u00f3n\" \/>\n<meta property=\"og:description\" content=\"P\u00e1gina oficial de la Fiscal\u00eda General de la Naci\u00f3n \u2013 Colombia. Garantizamos el acceso efectivo a la justicia, la verdad y la reparaci\u00f3n de las v\u00edctimas de los delitos.\" \/>\n<meta property=\"og:url\" content=\"https:\/\/www.fiscalia.gov.co\/colombia\/noticias\/fiscalia-impone-medida-de-aseguramiento-contra-alias-macaco-por-homicidios-secuestros-desapariciones-forzadas-desplazamientos-y-otros-delitos\/\" \/>\n<meta property=\"og:site_name\" content=\"Fiscal\u00eda General de la Naci\u00f3n\" \/>\n<meta property=\"article:publisher\" content=\"https:\/\/www.facebook.com\/FiscaliaCol\" \/>\n<meta property=\"article:published_time\" content=\"2021-09-08T14:06:17+00:00\" \/>\n<meta property=\"article:modified_time\" content=\"2021-09-13T22:02:31+00:00\" \/>\n<meta name=\"author\" content=\"Katherine Loaiza Mart\u00ednez\" \/>\n<meta name=\"twitter:card\" content=\"summary_large_image\" \/>\n<meta name=\"twitter:creator\" content=\"@FiscaliaCol\" \/>\n<meta name=\"twitter:site\" content=\"@FiscaliaCol\" \/>\n<meta name=\"twitter:label1\" content=\"Escrito por\" \/>\n\t<meta name=\"twitter:data1\" content=\"Katherine Loaiza Mart\u00ednez\" \/>\n\t<meta name=\"twitter:label2\" content=\"Tiempo de lectura\" \/>\n\t<meta name=\"twitter:data2\" content=\"2 minutos\" \/>\n<script type=\"application\/ld+json\" class=\"yoast-schema-graph\">{\"@context\":\"https:\/\/schema.org\",\"@graph\":[{\"@type\":\"Article\",\"@id\":\"https:\/\/www.fiscalia.gov.co\/colombia\/noticias\/fiscalia-impone-medida-de-aseguramiento-contra-alias-macaco-por-homicidios-secuestros-desapariciones-forzadas-desplazamientos-y-otros-delitos\/#article\",\"isPartOf\":{\"@id\":\"https:\/\/www.fiscalia.gov.co\/colombia\/noticias\/fiscalia-impone-medida-de-aseguramiento-contra-alias-macaco-por-homicidios-secuestros-desapariciones-forzadas-desplazamientos-y-otros-delitos\/\"},\"author\":{\"name\":\"Katherine Loaiza Mart\u00ednez\",\"@id\":\"https:\/\/www.fiscalia.gov.co\/colombia\/#\/schema\/person\/2e76b9aba5ecf875ed565ce4de0e0415\"},\"headline\":\"Fiscal\u00eda impone medida de aseguramiento contra alias Macaco por homicidios, secuestros, desapariciones forzadas, desplazamientos y otros delitos\",\"datePublished\":\"2021-09-08T14:06:17+00:00\",\"dateModified\":\"2021-09-13T22:02:31+00:00\",\"mainEntityOfPage\":{\"@id\":\"https:\/\/www.fiscalia.gov.co\/colombia\/noticias\/fiscalia-impone-medida-de-aseguramiento-contra-alias-macaco-por-homicidios-secuestros-desapariciones-forzadas-desplazamientos-y-otros-delitos\/\"},\"wordCount\":471,\"publisher\":{\"@id\":\"https:\/\/www.fiscalia.gov.co\/colombia\/#organization\"},\"keywords\":[\"Alias Macaco\",\"Fiscal Barbosa Delgado\",\"Fiscal Francisco Barbosa Delgado\"],\"articleSection\":[\"Derechos Humanos\",\"Noticias\"],\"inLanguage\":\"es-CO\"},{\"@type\":\"WebPage\",\"@id\":\"https:\/\/www.fiscalia.gov.co\/colombia\/noticias\/fiscalia-impone-medida-de-aseguramiento-contra-alias-macaco-por-homicidios-secuestros-desapariciones-forzadas-desplazamientos-y-otros-delitos\/\",\"url\":\"https:\/\/www.fiscalia.gov.co\/colombia\/noticias\/fiscalia-impone-medida-de-aseguramiento-contra-alias-macaco-por-homicidios-secuestros-desapariciones-forzadas-desplazamientos-y-otros-delitos\/\",\"name\":\"Fiscal\u00eda General de la Naci\u00f3n\",\"isPartOf\":{\"@id\":\"https:\/\/www.fiscalia.gov.co\/colombia\/#website\"},\"datePublished\":\"2021-09-08T14:06:17+00:00\",\"dateModified\":\"2021-09-13T22:02:31+00:00\",\"description\":\"P\u00e1gina oficial de la Fiscal\u00eda General de la Naci\u00f3n \u2013 Colombia. Garantizamos el acceso efectivo a la justicia, la verdad y la reparaci\u00f3n de las v\u00edctimas de los delitos.\",\"breadcrumb\":{\"@id\":\"https:\/\/www.fiscalia.gov.co\/colombia\/noticias\/fiscalia-impone-medida-de-aseguramiento-contra-alias-macaco-por-homicidios-secuestros-desapariciones-forzadas-desplazamientos-y-otros-delitos\/#breadcrumb\"},\"inLanguage\":\"es-CO\",\"potentialAction\":[{\"@type\":\"ReadAction\",\"target\":[\"https:\/\/www.fiscalia.gov.co\/colombia\/noticias\/fiscalia-impone-medida-de-aseguramiento-contra-alias-macaco-por-homicidios-secuestros-desapariciones-forzadas-desplazamientos-y-otros-delitos\/\"]}]},{\"@type\":\"BreadcrumbList\",\"@id\":\"https:\/\/www.fiscalia.gov.co\/colombia\/noticias\/fiscalia-impone-medida-de-aseguramiento-contra-alias-macaco-por-homicidios-secuestros-desapariciones-forzadas-desplazamientos-y-otros-delitos\/#breadcrumb\",\"itemListElement\":[{\"@type\":\"ListItem\",\"position\":1,\"name\":\"Home\",\"item\":\"https:\/\/www.fiscalia.gov.co\/colombia\/\"},{\"@type\":\"ListItem\",\"position\":2,\"name\":\"Fiscal\u00eda impone medida de aseguramiento contra alias Macaco por homicidios, secuestros, desapariciones forzadas, desplazamientos y otros delitos\"}]},{\"@type\":\"WebSite\",\"@id\":\"https:\/\/www.fiscalia.gov.co\/colombia\/#website\",\"url\":\"https:\/\/www.fiscalia.gov.co\/colombia\/\",\"name\":\"Fiscal\u00eda General de la Naci\u00f3n\",\"description\":\"P\u00e1gina oficial de la Fiscal\u00eda General de la Naci\u00f3n \u2013 Colombia. Garantizamos el acceso efectivo a la justicia, la verdad y la reparaci\u00f3n de las v\u00edctimas de los delitos.\",\"publisher\":{\"@id\":\"https:\/\/www.fiscalia.gov.co\/colombia\/#organization\"},\"potentialAction\":[{\"@type\":\"SearchAction\",\"target\":{\"@type\":\"EntryPoint\",\"urlTemplate\":\"https:\/\/www.fiscalia.gov.co\/colombia\/?s={search_term_string}\"},\"query-input\":{\"@type\":\"PropertyValueSpecification\",\"valueRequired\":true,\"valueName\":\"search_term_string\"}}],\"inLanguage\":\"es-CO\"},{\"@type\":\"Organization\",\"@id\":\"https:\/\/www.fiscalia.gov.co\/colombia\/#organization\",\"name\":\"Fiscal\u00eda General de la Naci\u00f3n\",\"url\":\"https:\/\/www.fiscalia.gov.co\/colombia\/\",\"logo\":{\"@type\":\"ImageObject\",\"inLanguage\":\"es-CO\",\"@id\":\"https:\/\/www.fiscalia.gov.co\/colombia\/#\/schema\/logo\/image\/\",\"url\":\"https:\/\/www.fiscalia.gov.co\/colombia\/wp-content\/uploads\/LogoHorizontal_1.jpg\",\"contentUrl\":\"https:\/\/www.fiscalia.gov.co\/colombia\/wp-content\/uploads\/LogoHorizontal_1.jpg\",\"width\":300,\"height\":90,\"caption\":\"Fiscal\u00eda General de la Naci\u00f3n\"},\"image\":{\"@id\":\"https:\/\/www.fiscalia.gov.co\/colombia\/#\/schema\/logo\/image\/\"},\"sameAs\":[\"https:\/\/www.facebook.com\/FiscaliaCol\",\"https:\/\/x.com\/FiscaliaCol\",\"https:\/\/www.instagram.com\/fiscaliacol\",\"https:\/\/www.linkedin.com\/company\/fiscalia-general-de-la-naci-n\/\",\"https:\/\/youtube.com\/@fiscaliageneraldelanacion-4668?si=6nN79nyQICPU5iTh\"]},{\"@type\":\"Person\",\"@id\":\"https:\/\/www.fiscalia.gov.co\/colombia\/#\/schema\/person\/2e76b9aba5ecf875ed565ce4de0e0415\",\"name\":\"Katherine Loaiza Mart\u00ednez\",\"image\":{\"@type\":\"ImageObject\",\"inLanguage\":\"es-CO\",\"@id\":\"https:\/\/www.fiscalia.gov.co\/colombia\/#\/schema\/person\/image\/\",\"url\":\"https:\/\/secure.gravatar.com\/avatar\/ab775a2f394c1b83b6d6f78680e57b50?s=96&d=mm&r=g\",\"contentUrl\":\"https:\/\/secure.gravatar.com\/avatar\/ab775a2f394c1b83b6d6f78680e57b50?s=96&d=mm&r=g\",\"caption\":\"Katherine Loaiza Mart\u00ednez\"},\"url\":\"https:\/\/www.fiscalia.gov.co\/colombia\/author\/kloaiza\/\"}]}<\/script>\n<!-- \/ Yoast SEO plugin. -->","yoast_head_json":{"title":"Fiscal\u00eda General de la Naci\u00f3n","description":"P\u00e1gina oficial de la Fiscal\u00eda General de la Naci\u00f3n \u2013 Colombia. Garantizamos el acceso efectivo a la justicia, la verdad y la reparaci\u00f3n de las v\u00edctimas de los delitos.","robots":{"index":"noindex","follow":"follow"},"og_locale":"es_ES","og_type":"article","og_title":"Fiscal\u00eda General de la Naci\u00f3n","og_description":"P\u00e1gina oficial de la Fiscal\u00eda General de la Naci\u00f3n \u2013 Colombia. Garantizamos el acceso efectivo a la justicia, la verdad y la reparaci\u00f3n de las v\u00edctimas de los delitos.","og_url":"https:\/\/www.fiscalia.gov.co\/colombia\/noticias\/fiscalia-impone-medida-de-aseguramiento-contra-alias-macaco-por-homicidios-secuestros-desapariciones-forzadas-desplazamientos-y-otros-delitos\/","og_site_name":"Fiscal\u00eda General de la Naci\u00f3n","article_publisher":"https:\/\/www.facebook.com\/FiscaliaCol","article_published_time":"2021-09-08T14:06:17+00:00","article_modified_time":"2021-09-13T22:02:31+00:00","author":"Katherine Loaiza Mart\u00ednez","twitter_card":"summary_large_image","twitter_creator":"@FiscaliaCol","twitter_site":"@FiscaliaCol","twitter_misc":{"Escrito por":"Katherine Loaiza Mart\u00ednez","Tiempo de lectura":"2 minutos"},"schema":{"@context":"https:\/\/schema.org","@graph":[{"@type":"Article","@id":"https:\/\/www.fiscalia.gov.co\/colombia\/noticias\/fiscalia-impone-medida-de-aseguramiento-contra-alias-macaco-por-homicidios-secuestros-desapariciones-forzadas-desplazamientos-y-otros-delitos\/#article","isPartOf":{"@id":"https:\/\/www.fiscalia.gov.co\/colombia\/noticias\/fiscalia-impone-medida-de-aseguramiento-contra-alias-macaco-por-homicidios-secuestros-desapariciones-forzadas-desplazamientos-y-otros-delitos\/"},"author":{"name":"Katherine Loaiza Mart\u00ednez","@id":"https:\/\/www.fiscalia.gov.co\/colombia\/#\/schema\/person\/2e76b9aba5ecf875ed565ce4de0e0415"},"headline":"Fiscal\u00eda impone medida de aseguramiento contra alias Macaco por homicidios, secuestros, desapariciones forzadas, desplazamientos y otros delitos","datePublished":"2021-09-08T14:06:17+00:00","dateModified":"2021-09-13T22:02:31+00:00","mainEntityOfPage":{"@id":"https:\/\/www.fiscalia.gov.co\/colombia\/noticias\/fiscalia-impone-medida-de-aseguramiento-contra-alias-macaco-por-homicidios-secuestros-desapariciones-forzadas-desplazamientos-y-otros-delitos\/"},"wordCount":471,"publisher":{"@id":"https:\/\/www.fiscalia.gov.co\/colombia\/#organization"},"keywords":["Alias Macaco","Fiscal Barbosa Delgado","Fiscal Francisco Barbosa Delgado"],"articleSection":["Derechos Humanos","Noticias"],"inLanguage":"es-CO"},{"@type":"WebPage","@id":"https:\/\/www.fiscalia.gov.co\/colombia\/noticias\/fiscalia-impone-medida-de-aseguramiento-contra-alias-macaco-por-homicidios-secuestros-desapariciones-forzadas-desplazamientos-y-otros-delitos\/","url":"https:\/\/www.fiscalia.gov.co\/colombia\/noticias\/fiscalia-impone-medida-de-aseguramiento-contra-alias-macaco-por-homicidios-secuestros-desapariciones-forzadas-desplazamientos-y-otros-delitos\/","name":"Fiscal\u00eda General de la Naci\u00f3n","isPartOf":{"@id":"https:\/\/www.fiscalia.gov.co\/colombia\/#website"},"datePublished":"2021-09-08T14:06:17+00:00","dateModified":"2021-09-13T22:02:31+00:00","description":"P\u00e1gina oficial de la Fiscal\u00eda General de la Naci\u00f3n \u2013 Colombia. Garantizamos el acceso efectivo a la justicia, la verdad y la reparaci\u00f3n de las v\u00edctimas de los delitos.","breadcrumb":{"@id":"https:\/\/www.fiscalia.gov.co\/colombia\/noticias\/fiscalia-impone-medida-de-aseguramiento-contra-alias-macaco-por-homicidios-secuestros-desapariciones-forzadas-desplazamientos-y-otros-delitos\/#breadcrumb"},"inLanguage":"es-CO","potentialAction":[{"@type":"ReadAction","target":["https:\/\/www.fiscalia.gov.co\/colombia\/noticias\/fiscalia-impone-medida-de-aseguramiento-contra-alias-macaco-por-homicidios-secuestros-desapariciones-forzadas-desplazamientos-y-otros-delitos\/"]}]},{"@type":"BreadcrumbList","@id":"https:\/\/www.fiscalia.gov.co\/colombia\/noticias\/fiscalia-impone-medida-de-aseguramiento-contra-alias-macaco-por-homicidios-secuestros-desapariciones-forzadas-desplazamientos-y-otros-delitos\/#breadcrumb","itemListElement":[{"@type":"ListItem","position":1,"name":"Home","item":"https:\/\/www.fiscalia.gov.co\/colombia\/"},{"@type":"ListItem","position":2,"name":"Fiscal\u00eda impone medida de aseguramiento contra alias Macaco por homicidios, secuestros, desapariciones forzadas, desplazamientos y otros delitos"}]},{"@type":"WebSite","@id":"https:\/\/www.fiscalia.gov.co\/colombia\/#website","url":"https:\/\/www.fiscalia.gov.co\/colombia\/","name":"Fiscal\u00eda General de la Naci\u00f3n","description":"P\u00e1gina oficial de la Fiscal\u00eda General de la Naci\u00f3n \u2013 Colombia. Garantizamos el acceso efectivo a la justicia, la verdad y la reparaci\u00f3n de las v\u00edctimas de los delitos.","publisher":{"@id":"https:\/\/www.fiscalia.gov.co\/colombia\/#organization"},"potentialAction":[{"@type":"SearchAction","target":{"@type":"EntryPoint","urlTemplate":"https:\/\/www.fiscalia.gov.co\/colombia\/?s={search_term_string}"},"query-input":{"@type":"PropertyValueSpecification","valueRequired":true,"valueName":"search_term_string"}}],"inLanguage":"es-CO"},{"@type":"Organization","@id":"https:\/\/www.fiscalia.gov.co\/colombia\/#organization","name":"Fiscal\u00eda General de la Naci\u00f3n","url":"https:\/\/www.fiscalia.gov.co\/colombia\/","logo":{"@type":"ImageObject","inLanguage":"es-CO","@id":"https:\/\/www.fiscalia.gov.co\/colombia\/#\/schema\/logo\/image\/","url":"https:\/\/www.fiscalia.gov.co\/colombia\/wp-content\/uploads\/LogoHorizontal_1.jpg","contentUrl":"https:\/\/www.fiscalia.gov.co\/colombia\/wp-content\/uploads\/LogoHorizontal_1.jpg","width":300,"height":90,"caption":"Fiscal\u00eda General de la Naci\u00f3n"},"image":{"@id":"https:\/\/www.fiscalia.gov.co\/colombia\/#\/schema\/logo\/image\/"},"sameAs":["https:\/\/www.facebook.com\/FiscaliaCol","https:\/\/x.com\/FiscaliaCol","https:\/\/www.instagram.com\/fiscaliacol","https:\/\/www.linkedin.com\/company\/fiscalia-general-de-la-naci-n\/","https:\/\/youtube.com\/@fiscaliageneraldelanacion-4668?si=6nN79nyQICPU5iTh"]},{"@type":"Person","@id":"https:\/\/www.fiscalia.gov.co\/colombia\/#\/schema\/person\/2e76b9aba5ecf875ed565ce4de0e0415","name":"Katherine Loaiza Mart\u00ednez","image":{"@type":"ImageObject","inLanguage":"es-CO","@id":"https:\/\/www.fiscalia.gov.co\/colombia\/#\/schema\/person\/image\/","url":"https:\/\/secure.gravatar.com\/avatar\/ab775a2f394c1b83b6d6f78680e57b50?s=96&d=mm&r=g","contentUrl":"https:\/\/secure.gravatar.com\/avatar\/ab775a2f394c1b83b6d6f78680e57b50?s=96&d=mm&r=g","caption":"Katherine Loaiza Mart\u00ednez"},"url":"https:\/\/www.fiscalia.gov.co\/colombia\/author\/kloaiza\/"}]}},"_links":{"self":[{"href":"https:\/\/www.fiscalia.gov.co\/colombia\/wp-json\/wp\/v2\/posts\/229212","targetHints":{"allow":["GET"]}}],"collection":[{"href":"https:\/\/www.fiscalia.gov.co\/colombia\/wp-json\/wp\/v2\/posts"}],"about":[{"href":"https:\/\/www.fiscalia.gov.co\/colombia\/wp-json\/wp\/v2\/types\/post"}],"author":[{"embeddable":true,"href":"https:\/\/www.fiscalia.gov.co\/colombia\/wp-json\/wp\/v2\/users\/175"}],"replies":[{"embeddable":true,"href":"https:\/\/www.fiscalia.gov.co\/colombia\/wp-json\/wp\/v2\/comments?post=229212"}],"version-history":[{"count":2,"href":"https:\/\/www.fiscalia.gov.co\/colombia\/wp-json\/wp\/v2\/posts\/229212\/revisions"}],"predecessor-version":[{"id":229704,"href":"https:\/\/www.fiscalia.gov.co\/colombia\/wp-json\/wp\/v2\/posts\/229212\/revisions\/229704"}],"wp:attachment":[{"href":"https:\/\/www.fiscalia.gov.co\/colombia\/wp-json\/wp\/v2\/media?parent=229212"}],"wp:term":[{"taxonomy":"category","embeddable":true,"href":"https:\/\/www.fiscalia.gov.co\/colombia\/wp-json\/wp\/v2\/categories?post=229212"},{"taxonomy":"post_tag","embeddable":true,"href":"https:\/\/www.fiscalia.gov.co\/colombia\/wp-json\/wp\/v2\/tags?post=229212"}],"curies":[{"name":"wp","href":"https:\/\/api.w.org\/{rel}","templated":true}]}}