{"id":229035,"date":"2021-09-06T18:28:20","date_gmt":"2021-09-06T23:28:20","guid":{"rendered":"https:\/\/www.fiscalia.gov.co\/colombia\/?p=229035"},"modified":"2021-09-06T18:29:43","modified_gmt":"2021-09-06T23:29:43","slug":"confirman-medida-de-aseguramiento-carcelaria-contra-sacerdote-privado-de-la-libertad-por-delitos-sexuales","status":"publish","type":"post","link":"https:\/\/www.fiscalia.gov.co\/colombia\/noticias\/confirman-medida-de-aseguramiento-carcelaria-contra-sacerdote-privado-de-la-libertad-por-delitos-sexuales\/","title":{"rendered":"Confirman medida de aseguramiento carcelaria contra sacerdote privado de la libertad por delitos sexuales"},"content":{"rendered":"<p>El Juzgado 8\u00b0 Penal del Circuito de Ibagu\u00e9 (Tolima), confirm\u00f3 la medida de aseguramiento intramuros contra el sacerdote <a href=\"https:\/\/www.fiscalia.gov.co\/colombia\/seccionales\/carcel-para-religioso-que-habria-abusado-sexualmente-de-tres-mujeres-en-ibague\/\" target=\"_blank\" rel=\"noopener noreferrer\" data-saferedirecturl=\"https:\/\/www.google.com\/url?q=https:\/\/www.fiscalia.gov.co\/colombia\/seccionales\/carcel-para-religioso-que-habria-abusado-sexualmente-de-tres-mujeres-en-ibague\/&amp;source=gmail&amp;ust=1631055300224000&amp;usg=AFQjCNGT35ccDFvWwNWj17Xjym7CosljSw\">Jos\u00e9 Fredy Mart\u00ednez Cruz<\/a>, quien se encuentra privado de la libertad por el presunto abuso sexual de tres mujeres.<\/p>\n<figure id=\"attachment_229036\" aria-describedby=\"caption-attachment-229036\" style=\"width: 1280px\" class=\"wp-caption aligncenter\"><img loading=\"lazy\" decoding=\"async\" class=\"size-full wp-image-229036\" src=\"https:\/\/www.fiscalia.gov.co\/colombia\/wp-content\/uploads\/sacerdote-abusapor-tolima-confirman-medida.jpeg\" alt=\"\" width=\"1280\" height=\"960\" srcset=\"https:\/\/www.fiscalia.gov.co\/colombia\/wp-content\/uploads\/sacerdote-abusapor-tolima-confirman-medida.jpeg 1280w, https:\/\/www.fiscalia.gov.co\/colombia\/wp-content\/uploads\/sacerdote-abusapor-tolima-confirman-medida-300x225.jpeg 300w, https:\/\/www.fiscalia.gov.co\/colombia\/wp-content\/uploads\/sacerdote-abusapor-tolima-confirman-medida-1024x768.jpeg 1024w, https:\/\/www.fiscalia.gov.co\/colombia\/wp-content\/uploads\/sacerdote-abusapor-tolima-confirman-medida-768x576.jpeg 768w, https:\/\/www.fiscalia.gov.co\/colombia\/wp-content\/uploads\/sacerdote-abusapor-tolima-confirman-medida-696x522.jpeg 696w, https:\/\/www.fiscalia.gov.co\/colombia\/wp-content\/uploads\/sacerdote-abusapor-tolima-confirman-medida-1068x801.jpeg 1068w, https:\/\/www.fiscalia.gov.co\/colombia\/wp-content\/uploads\/sacerdote-abusapor-tolima-confirman-medida-560x420.jpeg 560w, https:\/\/www.fiscalia.gov.co\/colombia\/wp-content\/uploads\/sacerdote-abusapor-tolima-confirman-medida-80x60.jpeg 80w, https:\/\/www.fiscalia.gov.co\/colombia\/wp-content\/uploads\/sacerdote-abusapor-tolima-confirman-medida-265x198.jpeg 265w\" sizes=\"auto, (max-width: 1280px) 100vw, 1280px\" \/><figcaption id=\"caption-attachment-229036\" class=\"wp-caption-text\">El sacerdote Jos\u00e9 Fredy Mart\u00ednez Cruz se encuentra privado de la libertad desde el 2 de julio de este a\u00f1o, por el presunto abuso sexual de tres mujeres.<\/figcaption><\/figure>\n<p><u><\/u><u><\/u>El procesado, que oficiaba como p\u00e1rroco principal en la iglesia de un corregimiento de Ibagu\u00e9 (Tolima), y era reconocido por sus misas de sanaci\u00f3n, permanecer\u00e1 en la C\u00e1rcel Coiba Picale\u00f1a de la ciudad.<\/p>\n<p>El juez\u00a0de conocimiento le concedi\u00f3 la raz\u00f3n al juez de garant\u00edas que otorg\u00f3 la medida inicial, al considerar que podr\u00eda haber continuidad de la actividad delictiva al tratarse de un concurso de conductas sexuales en el que hay varias v\u00edctimas implicadas.<\/p>\n<p>Cabe recordar que al religioso le fueron imputados, el pasado 2 de julio, tras su captura por funcionarios del CTI de la Seccional Tolima, los cargos\u00a0de acto sexual violento, acto sexual con persona puesta en incapacidad de resistir y acceso carnal con persona puesta en incapacidad de resistir, que no acept\u00f3 haber cometido.<\/p>\n<div class=\"gmail_quote\">\n<div dir=\"ltr\">\n<div dir=\"auto\">\n<div dir=\"auto\">\n<div>Las v\u00edctimas son tres mujeres que oscilaban entre los 19 y 22 a\u00f1os, quienes habr\u00edan sido violentadas sexualmente entre 2007 y 2013.<\/div>\n<div><\/div>\n<div>El hombre, de 49 a\u00f1os, lideraba un grupo de oraci\u00f3n y durante los momentos denominados de unci\u00f3n habr\u00edan sucedido estas agresiones sexuales, cuando las v\u00edctimas, al parecer, eran doblegadas por el hoy procesado.Se est\u00e1 a la espera de la audiencia de acusaci\u00f3n.La Fiscal\u00eda habla con resultados.<\/div>\n<div><\/div>\n<p lang=\"ES-CO\">PAAM\/CFG\/CGP<\/p>\n<div>\n<p><i><span class=\"il\">La<\/span>\u00a0<span class=\"il\">informaci\u00f3n<\/span>\u00a0<span class=\"il\">contenida<\/span>\u00a0en este bolet\u00edn de prensa corresponde a\u00a0<span class=\"il\">la<\/span>\u00a0narraci\u00f3n de los hechos noticiosos objetivos, suministrados por los funcionarios encargados de adelantar las investigaciones penales al interior de\u00a0<span class=\"il\">la<\/span>\u00a0Fiscal\u00eda General de\u00a0<span class=\"il\">la<\/span>\u00a0Naci\u00f3n. Para el momento de\u00a0<span class=\"il\">la<\/span>\u00a0divulgaci\u00f3n de este comunicado,\u00a0<span class=\"il\">la<\/span>\u00a0situaci\u00f3n jur\u00eddica de\u00a0<span class=\"il\">la<\/span>(s) persona(s) relacionada(s) se encuentra pendiente de resolver por\u00a0<span class=\"il\">la<\/span>\u00a0autoridad judicial competente, siempre bajo los preceptos de\u00a0<span class=\"il\">la<\/span>\u00a0presunci\u00f3n de inocencia, consagrados en el art\u00edculo 29 de\u00a0<span class=\"il\">la<\/span>\u00a0Constituci\u00f3n Pol\u00edtica y el art\u00edculo 7\u00ba de\u00a0<span class=\"il\">la<\/span>\u00a0Ley 906 de 2004.<\/i><\/p>\n<\/div>\n<\/div>\n<\/div>\n<\/div>\n<\/div>\n\n<div class=\"twitter-share\"><a href=\"https:\/\/twitter.com\/intent\/tweet?via=fiscaliacol\" class=\"twitter-share-button\">Tweet<\/a><\/div>\n","protected":false},"excerpt":{"rendered":"<p>El Juzgado 8\u00b0 Penal del Circuito de Ibagu\u00e9 (Tolima), confirm\u00f3 la medida de aseguramiento intramuros contra el sacerdote Jos\u00e9 Fredy Mart\u00ednez Cruz, quien se encuentra privado de la libertad por el presunto abuso sexual de tres mujeres. El procesado, que oficiaba como p\u00e1rroco principal en la iglesia de un corregimiento de Ibagu\u00e9 (Tolima), y era [&hellip;]<\/p>\n","protected":false},"author":175,"featured_media":0,"comment_status":"closed","ping_status":"open","sticky":false,"template":"","format":"standard","meta":{"tdm_status":"","tdm_grid_status":"","footnotes":""},"categories":[1,329,24127],"tags":[366,863,28632,2369,24401,24189,1047,23838,28634,28631,862,12189,28633,1176],"class_list":{"0":"post-229035","1":"post","2":"type-post","3":"status-publish","4":"format-standard","6":"category-noticias","7":"category-seccional-ibague","8":"category-violencia-sexual-e-intrafamiliar","9":"tag-acceso-carnal","10":"tag-actos-sexuales","11":"tag-corregimiento-de-villarrica","12":"tag-de4litos-sexuales","13":"tag-fiscal-barbosa-delgado","14":"tag-fiscal-francisco-barbosa-delgado","15":"tag-fiscalia-general-de-la-nacion","16":"tag-ibague","17":"tag-misas-de-sanacion","18":"tag-religioso","19":"tag-sacerdote","20":"tag-tolima","21":"tag-uncion","22":"tag-violencia-de-genero"},"yoast_head":"<!-- This site is optimized with the Yoast SEO plugin v24.3 - https:\/\/yoast.com\/wordpress\/plugins\/seo\/ -->\n<title>Fiscal\u00eda General de la Naci\u00f3n<\/title>\n<meta name=\"description\" content=\"P\u00e1gina oficial de la Fiscal\u00eda General de la Naci\u00f3n \u2013 Colombia. Garantizamos el acceso efectivo a la justicia, la verdad y la reparaci\u00f3n de las v\u00edctimas de los delitos.\" \/>\n<meta name=\"robots\" content=\"noindex, follow\" \/>\n<meta property=\"og:locale\" content=\"es_ES\" \/>\n<meta property=\"og:type\" content=\"article\" \/>\n<meta property=\"og:title\" content=\"Fiscal\u00eda General de la Naci\u00f3n\" \/>\n<meta property=\"og:description\" content=\"P\u00e1gina oficial de la Fiscal\u00eda General de la Naci\u00f3n \u2013 Colombia. Garantizamos el acceso efectivo a la justicia, la verdad y la reparaci\u00f3n de las v\u00edctimas de los delitos.\" \/>\n<meta property=\"og:url\" content=\"https:\/\/www.fiscalia.gov.co\/colombia\/noticias\/confirman-medida-de-aseguramiento-carcelaria-contra-sacerdote-privado-de-la-libertad-por-delitos-sexuales\/\" \/>\n<meta property=\"og:site_name\" content=\"Fiscal\u00eda General de la Naci\u00f3n\" \/>\n<meta property=\"article:publisher\" content=\"https:\/\/www.facebook.com\/FiscaliaCol\" \/>\n<meta property=\"article:published_time\" content=\"2021-09-06T23:28:20+00:00\" \/>\n<meta property=\"article:modified_time\" content=\"2021-09-06T23:29:43+00:00\" \/>\n<meta property=\"og:image\" content=\"https:\/\/www.fiscalia.gov.co\/colombia\/wp-content\/uploads\/sacerdote-abusapor-tolima-confirman-medida.jpeg\" \/>\n<meta name=\"author\" content=\"Katherine Loaiza Mart\u00ednez\" \/>\n<meta name=\"twitter:card\" content=\"summary_large_image\" \/>\n<meta name=\"twitter:creator\" content=\"@FiscaliaCol\" \/>\n<meta name=\"twitter:site\" content=\"@FiscaliaCol\" \/>\n<meta name=\"twitter:label1\" content=\"Escrito por\" \/>\n\t<meta name=\"twitter:data1\" content=\"Katherine Loaiza Mart\u00ednez\" \/>\n\t<meta name=\"twitter:label2\" content=\"Tiempo de lectura\" \/>\n\t<meta name=\"twitter:data2\" content=\"2 minutos\" \/>\n<script type=\"application\/ld+json\" class=\"yoast-schema-graph\">{\"@context\":\"https:\/\/schema.org\",\"@graph\":[{\"@type\":\"Article\",\"@id\":\"https:\/\/www.fiscalia.gov.co\/colombia\/noticias\/confirman-medida-de-aseguramiento-carcelaria-contra-sacerdote-privado-de-la-libertad-por-delitos-sexuales\/#article\",\"isPartOf\":{\"@id\":\"https:\/\/www.fiscalia.gov.co\/colombia\/noticias\/confirman-medida-de-aseguramiento-carcelaria-contra-sacerdote-privado-de-la-libertad-por-delitos-sexuales\/\"},\"author\":{\"name\":\"Katherine Loaiza Mart\u00ednez\",\"@id\":\"https:\/\/www.fiscalia.gov.co\/colombia\/#\/schema\/person\/2e76b9aba5ecf875ed565ce4de0e0415\"},\"headline\":\"Confirman medida de aseguramiento carcelaria contra sacerdote privado de la libertad por delitos sexuales\",\"datePublished\":\"2021-09-06T23:28:20+00:00\",\"dateModified\":\"2021-09-06T23:29:43+00:00\",\"mainEntityOfPage\":{\"@id\":\"https:\/\/www.fiscalia.gov.co\/colombia\/noticias\/confirman-medida-de-aseguramiento-carcelaria-contra-sacerdote-privado-de-la-libertad-por-delitos-sexuales\/\"},\"wordCount\":403,\"publisher\":{\"@id\":\"https:\/\/www.fiscalia.gov.co\/colombia\/#organization\"},\"image\":{\"@id\":\"https:\/\/www.fiscalia.gov.co\/colombia\/noticias\/confirman-medida-de-aseguramiento-carcelaria-contra-sacerdote-privado-de-la-libertad-por-delitos-sexuales\/#primaryimage\"},\"thumbnailUrl\":\"https:\/\/www.fiscalia.gov.co\/colombia\/wp-content\/uploads\/sacerdote-abusapor-tolima-confirman-medida.jpeg\",\"keywords\":[\"Acceso carnal\",\"Actos sexuales\",\"corregimiento de Villarrica\",\"Delitos sexuales\",\"Fiscal Barbosa Delgado\",\"Fiscal Francisco Barbosa Delgado\",\"Fiscal\u00eda General de la Naci\u00f3n\",\"Ibagu\u00e9\",\"misas de sanaci\u00f3n\",\"religioso\",\"Sacerdote\",\"Tolima\",\"unci\u00f3n\",\"Violencia de g\u00e9nero\"],\"articleSection\":[\"Noticias\",\"Seccional Ibagu\u00e9\",\"Violencia sexual e intrafamiliar\"],\"inLanguage\":\"es-CO\"},{\"@type\":\"WebPage\",\"@id\":\"https:\/\/www.fiscalia.gov.co\/colombia\/noticias\/confirman-medida-de-aseguramiento-carcelaria-contra-sacerdote-privado-de-la-libertad-por-delitos-sexuales\/\",\"url\":\"https:\/\/www.fiscalia.gov.co\/colombia\/noticias\/confirman-medida-de-aseguramiento-carcelaria-contra-sacerdote-privado-de-la-libertad-por-delitos-sexuales\/\",\"name\":\"Fiscal\u00eda General de la Naci\u00f3n\",\"isPartOf\":{\"@id\":\"https:\/\/www.fiscalia.gov.co\/colombia\/#website\"},\"primaryImageOfPage\":{\"@id\":\"https:\/\/www.fiscalia.gov.co\/colombia\/noticias\/confirman-medida-de-aseguramiento-carcelaria-contra-sacerdote-privado-de-la-libertad-por-delitos-sexuales\/#primaryimage\"},\"image\":{\"@id\":\"https:\/\/www.fiscalia.gov.co\/colombia\/noticias\/confirman-medida-de-aseguramiento-carcelaria-contra-sacerdote-privado-de-la-libertad-por-delitos-sexuales\/#primaryimage\"},\"thumbnailUrl\":\"https:\/\/www.fiscalia.gov.co\/colombia\/wp-content\/uploads\/sacerdote-abusapor-tolima-confirman-medida.jpeg\",\"datePublished\":\"2021-09-06T23:28:20+00:00\",\"dateModified\":\"2021-09-06T23:29:43+00:00\",\"description\":\"P\u00e1gina oficial de la Fiscal\u00eda General de la Naci\u00f3n \u2013 Colombia. Garantizamos el acceso efectivo a la justicia, la verdad y la reparaci\u00f3n de las v\u00edctimas de los delitos.\",\"breadcrumb\":{\"@id\":\"https:\/\/www.fiscalia.gov.co\/colombia\/noticias\/confirman-medida-de-aseguramiento-carcelaria-contra-sacerdote-privado-de-la-libertad-por-delitos-sexuales\/#breadcrumb\"},\"inLanguage\":\"es-CO\",\"potentialAction\":[{\"@type\":\"ReadAction\",\"target\":[\"https:\/\/www.fiscalia.gov.co\/colombia\/noticias\/confirman-medida-de-aseguramiento-carcelaria-contra-sacerdote-privado-de-la-libertad-por-delitos-sexuales\/\"]}]},{\"@type\":\"ImageObject\",\"inLanguage\":\"es-CO\",\"@id\":\"https:\/\/www.fiscalia.gov.co\/colombia\/noticias\/confirman-medida-de-aseguramiento-carcelaria-contra-sacerdote-privado-de-la-libertad-por-delitos-sexuales\/#primaryimage\",\"url\":\"https:\/\/www.fiscalia.gov.co\/colombia\/wp-content\/uploads\/sacerdote-abusapor-tolima-confirman-medida.jpeg\",\"contentUrl\":\"https:\/\/www.fiscalia.gov.co\/colombia\/wp-content\/uploads\/sacerdote-abusapor-tolima-confirman-medida.jpeg\",\"width\":1280,\"height\":960,\"caption\":\"El sacerdote Jos\u00e9 Fredy Mart\u00ednez Cruz se encuentra privado de la libertad desde el 2 de julio de este a\u00f1o, por el presunto abuso sexual de tres mujeres.\"},{\"@type\":\"BreadcrumbList\",\"@id\":\"https:\/\/www.fiscalia.gov.co\/colombia\/noticias\/confirman-medida-de-aseguramiento-carcelaria-contra-sacerdote-privado-de-la-libertad-por-delitos-sexuales\/#breadcrumb\",\"itemListElement\":[{\"@type\":\"ListItem\",\"position\":1,\"name\":\"Home\",\"item\":\"https:\/\/www.fiscalia.gov.co\/colombia\/\"},{\"@type\":\"ListItem\",\"position\":2,\"name\":\"Confirman medida de aseguramiento carcelaria contra sacerdote privado de la libertad por delitos sexuales\"}]},{\"@type\":\"WebSite\",\"@id\":\"https:\/\/www.fiscalia.gov.co\/colombia\/#website\",\"url\":\"https:\/\/www.fiscalia.gov.co\/colombia\/\",\"name\":\"Fiscal\u00eda General de la Naci\u00f3n\",\"description\":\"P\u00e1gina oficial de la Fiscal\u00eda General de la Naci\u00f3n \u2013 Colombia. Garantizamos el acceso efectivo a la justicia, la verdad y la reparaci\u00f3n de las v\u00edctimas de los delitos.\",\"publisher\":{\"@id\":\"https:\/\/www.fiscalia.gov.co\/colombia\/#organization\"},\"potentialAction\":[{\"@type\":\"SearchAction\",\"target\":{\"@type\":\"EntryPoint\",\"urlTemplate\":\"https:\/\/www.fiscalia.gov.co\/colombia\/?s={search_term_string}\"},\"query-input\":{\"@type\":\"PropertyValueSpecification\",\"valueRequired\":true,\"valueName\":\"search_term_string\"}}],\"inLanguage\":\"es-CO\"},{\"@type\":\"Organization\",\"@id\":\"https:\/\/www.fiscalia.gov.co\/colombia\/#organization\",\"name\":\"Fiscal\u00eda General de la Naci\u00f3n\",\"url\":\"https:\/\/www.fiscalia.gov.co\/colombia\/\",\"logo\":{\"@type\":\"ImageObject\",\"inLanguage\":\"es-CO\",\"@id\":\"https:\/\/www.fiscalia.gov.co\/colombia\/#\/schema\/logo\/image\/\",\"url\":\"https:\/\/www.fiscalia.gov.co\/colombia\/wp-content\/uploads\/LogoHorizontal_1.jpg\",\"contentUrl\":\"https:\/\/www.fiscalia.gov.co\/colombia\/wp-content\/uploads\/LogoHorizontal_1.jpg\",\"width\":300,\"height\":90,\"caption\":\"Fiscal\u00eda General de la Naci\u00f3n\"},\"image\":{\"@id\":\"https:\/\/www.fiscalia.gov.co\/colombia\/#\/schema\/logo\/image\/\"},\"sameAs\":[\"https:\/\/www.facebook.com\/FiscaliaCol\",\"https:\/\/x.com\/FiscaliaCol\",\"https:\/\/www.instagram.com\/fiscaliacol\",\"https:\/\/www.linkedin.com\/company\/fiscalia-general-de-la-naci-n\/\",\"https:\/\/youtube.com\/@fiscaliageneraldelanacion-4668?si=6nN79nyQICPU5iTh\"]},{\"@type\":\"Person\",\"@id\":\"https:\/\/www.fiscalia.gov.co\/colombia\/#\/schema\/person\/2e76b9aba5ecf875ed565ce4de0e0415\",\"name\":\"Katherine Loaiza Mart\u00ednez\",\"image\":{\"@type\":\"ImageObject\",\"inLanguage\":\"es-CO\",\"@id\":\"https:\/\/www.fiscalia.gov.co\/colombia\/#\/schema\/person\/image\/\",\"url\":\"https:\/\/secure.gravatar.com\/avatar\/ab775a2f394c1b83b6d6f78680e57b50?s=96&d=mm&r=g\",\"contentUrl\":\"https:\/\/secure.gravatar.com\/avatar\/ab775a2f394c1b83b6d6f78680e57b50?s=96&d=mm&r=g\",\"caption\":\"Katherine Loaiza Mart\u00ednez\"},\"url\":\"https:\/\/www.fiscalia.gov.co\/colombia\/author\/kloaiza\/\"}]}<\/script>\n<!-- \/ Yoast SEO plugin. -->","yoast_head_json":{"title":"Fiscal\u00eda General de la Naci\u00f3n","description":"P\u00e1gina oficial de la Fiscal\u00eda General de la Naci\u00f3n \u2013 Colombia. Garantizamos el acceso efectivo a la justicia, la verdad y la reparaci\u00f3n de las v\u00edctimas de los delitos.","robots":{"index":"noindex","follow":"follow"},"og_locale":"es_ES","og_type":"article","og_title":"Fiscal\u00eda General de la Naci\u00f3n","og_description":"P\u00e1gina oficial de la Fiscal\u00eda General de la Naci\u00f3n \u2013 Colombia. Garantizamos el acceso efectivo a la justicia, la verdad y la reparaci\u00f3n de las v\u00edctimas de los delitos.","og_url":"https:\/\/www.fiscalia.gov.co\/colombia\/noticias\/confirman-medida-de-aseguramiento-carcelaria-contra-sacerdote-privado-de-la-libertad-por-delitos-sexuales\/","og_site_name":"Fiscal\u00eda General de la Naci\u00f3n","article_publisher":"https:\/\/www.facebook.com\/FiscaliaCol","article_published_time":"2021-09-06T23:28:20+00:00","article_modified_time":"2021-09-06T23:29:43+00:00","og_image":[{"url":"https:\/\/www.fiscalia.gov.co\/colombia\/wp-content\/uploads\/sacerdote-abusapor-tolima-confirman-medida.jpeg","type":"","width":"","height":""}],"author":"Katherine Loaiza Mart\u00ednez","twitter_card":"summary_large_image","twitter_creator":"@FiscaliaCol","twitter_site":"@FiscaliaCol","twitter_misc":{"Escrito por":"Katherine Loaiza Mart\u00ednez","Tiempo de lectura":"2 minutos"},"schema":{"@context":"https:\/\/schema.org","@graph":[{"@type":"Article","@id":"https:\/\/www.fiscalia.gov.co\/colombia\/noticias\/confirman-medida-de-aseguramiento-carcelaria-contra-sacerdote-privado-de-la-libertad-por-delitos-sexuales\/#article","isPartOf":{"@id":"https:\/\/www.fiscalia.gov.co\/colombia\/noticias\/confirman-medida-de-aseguramiento-carcelaria-contra-sacerdote-privado-de-la-libertad-por-delitos-sexuales\/"},"author":{"name":"Katherine Loaiza Mart\u00ednez","@id":"https:\/\/www.fiscalia.gov.co\/colombia\/#\/schema\/person\/2e76b9aba5ecf875ed565ce4de0e0415"},"headline":"Confirman medida de aseguramiento carcelaria contra sacerdote privado de la libertad por delitos sexuales","datePublished":"2021-09-06T23:28:20+00:00","dateModified":"2021-09-06T23:29:43+00:00","mainEntityOfPage":{"@id":"https:\/\/www.fiscalia.gov.co\/colombia\/noticias\/confirman-medida-de-aseguramiento-carcelaria-contra-sacerdote-privado-de-la-libertad-por-delitos-sexuales\/"},"wordCount":403,"publisher":{"@id":"https:\/\/www.fiscalia.gov.co\/colombia\/#organization"},"image":{"@id":"https:\/\/www.fiscalia.gov.co\/colombia\/noticias\/confirman-medida-de-aseguramiento-carcelaria-contra-sacerdote-privado-de-la-libertad-por-delitos-sexuales\/#primaryimage"},"thumbnailUrl":"https:\/\/www.fiscalia.gov.co\/colombia\/wp-content\/uploads\/sacerdote-abusapor-tolima-confirman-medida.jpeg","keywords":["Acceso carnal","Actos sexuales","corregimiento de Villarrica","Delitos sexuales","Fiscal Barbosa Delgado","Fiscal Francisco Barbosa Delgado","Fiscal\u00eda General de la Naci\u00f3n","Ibagu\u00e9","misas de sanaci\u00f3n","religioso","Sacerdote","Tolima","unci\u00f3n","Violencia de g\u00e9nero"],"articleSection":["Noticias","Seccional Ibagu\u00e9","Violencia sexual e intrafamiliar"],"inLanguage":"es-CO"},{"@type":"WebPage","@id":"https:\/\/www.fiscalia.gov.co\/colombia\/noticias\/confirman-medida-de-aseguramiento-carcelaria-contra-sacerdote-privado-de-la-libertad-por-delitos-sexuales\/","url":"https:\/\/www.fiscalia.gov.co\/colombia\/noticias\/confirman-medida-de-aseguramiento-carcelaria-contra-sacerdote-privado-de-la-libertad-por-delitos-sexuales\/","name":"Fiscal\u00eda General de la Naci\u00f3n","isPartOf":{"@id":"https:\/\/www.fiscalia.gov.co\/colombia\/#website"},"primaryImageOfPage":{"@id":"https:\/\/www.fiscalia.gov.co\/colombia\/noticias\/confirman-medida-de-aseguramiento-carcelaria-contra-sacerdote-privado-de-la-libertad-por-delitos-sexuales\/#primaryimage"},"image":{"@id":"https:\/\/www.fiscalia.gov.co\/colombia\/noticias\/confirman-medida-de-aseguramiento-carcelaria-contra-sacerdote-privado-de-la-libertad-por-delitos-sexuales\/#primaryimage"},"thumbnailUrl":"https:\/\/www.fiscalia.gov.co\/colombia\/wp-content\/uploads\/sacerdote-abusapor-tolima-confirman-medida.jpeg","datePublished":"2021-09-06T23:28:20+00:00","dateModified":"2021-09-06T23:29:43+00:00","description":"P\u00e1gina oficial de la Fiscal\u00eda General de la Naci\u00f3n \u2013 Colombia. Garantizamos el acceso efectivo a la justicia, la verdad y la reparaci\u00f3n de las v\u00edctimas de los delitos.","breadcrumb":{"@id":"https:\/\/www.fiscalia.gov.co\/colombia\/noticias\/confirman-medida-de-aseguramiento-carcelaria-contra-sacerdote-privado-de-la-libertad-por-delitos-sexuales\/#breadcrumb"},"inLanguage":"es-CO","potentialAction":[{"@type":"ReadAction","target":["https:\/\/www.fiscalia.gov.co\/colombia\/noticias\/confirman-medida-de-aseguramiento-carcelaria-contra-sacerdote-privado-de-la-libertad-por-delitos-sexuales\/"]}]},{"@type":"ImageObject","inLanguage":"es-CO","@id":"https:\/\/www.fiscalia.gov.co\/colombia\/noticias\/confirman-medida-de-aseguramiento-carcelaria-contra-sacerdote-privado-de-la-libertad-por-delitos-sexuales\/#primaryimage","url":"https:\/\/www.fiscalia.gov.co\/colombia\/wp-content\/uploads\/sacerdote-abusapor-tolima-confirman-medida.jpeg","contentUrl":"https:\/\/www.fiscalia.gov.co\/colombia\/wp-content\/uploads\/sacerdote-abusapor-tolima-confirman-medida.jpeg","width":1280,"height":960,"caption":"El sacerdote Jos\u00e9 Fredy Mart\u00ednez Cruz se encuentra privado de la libertad desde el 2 de julio de este a\u00f1o, por el presunto abuso sexual de tres mujeres."},{"@type":"BreadcrumbList","@id":"https:\/\/www.fiscalia.gov.co\/colombia\/noticias\/confirman-medida-de-aseguramiento-carcelaria-contra-sacerdote-privado-de-la-libertad-por-delitos-sexuales\/#breadcrumb","itemListElement":[{"@type":"ListItem","position":1,"name":"Home","item":"https:\/\/www.fiscalia.gov.co\/colombia\/"},{"@type":"ListItem","position":2,"name":"Confirman medida de aseguramiento carcelaria contra sacerdote privado de la libertad por delitos sexuales"}]},{"@type":"WebSite","@id":"https:\/\/www.fiscalia.gov.co\/colombia\/#website","url":"https:\/\/www.fiscalia.gov.co\/colombia\/","name":"Fiscal\u00eda General de la Naci\u00f3n","description":"P\u00e1gina oficial de la Fiscal\u00eda General de la Naci\u00f3n \u2013 Colombia. Garantizamos el acceso efectivo a la justicia, la verdad y la reparaci\u00f3n de las v\u00edctimas de los delitos.","publisher":{"@id":"https:\/\/www.fiscalia.gov.co\/colombia\/#organization"},"potentialAction":[{"@type":"SearchAction","target":{"@type":"EntryPoint","urlTemplate":"https:\/\/www.fiscalia.gov.co\/colombia\/?s={search_term_string}"},"query-input":{"@type":"PropertyValueSpecification","valueRequired":true,"valueName":"search_term_string"}}],"inLanguage":"es-CO"},{"@type":"Organization","@id":"https:\/\/www.fiscalia.gov.co\/colombia\/#organization","name":"Fiscal\u00eda General de la Naci\u00f3n","url":"https:\/\/www.fiscalia.gov.co\/colombia\/","logo":{"@type":"ImageObject","inLanguage":"es-CO","@id":"https:\/\/www.fiscalia.gov.co\/colombia\/#\/schema\/logo\/image\/","url":"https:\/\/www.fiscalia.gov.co\/colombia\/wp-content\/uploads\/LogoHorizontal_1.jpg","contentUrl":"https:\/\/www.fiscalia.gov.co\/colombia\/wp-content\/uploads\/LogoHorizontal_1.jpg","width":300,"height":90,"caption":"Fiscal\u00eda General de la Naci\u00f3n"},"image":{"@id":"https:\/\/www.fiscalia.gov.co\/colombia\/#\/schema\/logo\/image\/"},"sameAs":["https:\/\/www.facebook.com\/FiscaliaCol","https:\/\/x.com\/FiscaliaCol","https:\/\/www.instagram.com\/fiscaliacol","https:\/\/www.linkedin.com\/company\/fiscalia-general-de-la-naci-n\/","https:\/\/youtube.com\/@fiscaliageneraldelanacion-4668?si=6nN79nyQICPU5iTh"]},{"@type":"Person","@id":"https:\/\/www.fiscalia.gov.co\/colombia\/#\/schema\/person\/2e76b9aba5ecf875ed565ce4de0e0415","name":"Katherine Loaiza Mart\u00ednez","image":{"@type":"ImageObject","inLanguage":"es-CO","@id":"https:\/\/www.fiscalia.gov.co\/colombia\/#\/schema\/person\/image\/","url":"https:\/\/secure.gravatar.com\/avatar\/ab775a2f394c1b83b6d6f78680e57b50?s=96&d=mm&r=g","contentUrl":"https:\/\/secure.gravatar.com\/avatar\/ab775a2f394c1b83b6d6f78680e57b50?s=96&d=mm&r=g","caption":"Katherine Loaiza Mart\u00ednez"},"url":"https:\/\/www.fiscalia.gov.co\/colombia\/author\/kloaiza\/"}]}},"_links":{"self":[{"href":"https:\/\/www.fiscalia.gov.co\/colombia\/wp-json\/wp\/v2\/posts\/229035","targetHints":{"allow":["GET"]}}],"collection":[{"href":"https:\/\/www.fiscalia.gov.co\/colombia\/wp-json\/wp\/v2\/posts"}],"about":[{"href":"https:\/\/www.fiscalia.gov.co\/colombia\/wp-json\/wp\/v2\/types\/post"}],"author":[{"embeddable":true,"href":"https:\/\/www.fiscalia.gov.co\/colombia\/wp-json\/wp\/v2\/users\/175"}],"replies":[{"embeddable":true,"href":"https:\/\/www.fiscalia.gov.co\/colombia\/wp-json\/wp\/v2\/comments?post=229035"}],"version-history":[{"count":4,"href":"https:\/\/www.fiscalia.gov.co\/colombia\/wp-json\/wp\/v2\/posts\/229035\/revisions"}],"predecessor-version":[{"id":229040,"href":"https:\/\/www.fiscalia.gov.co\/colombia\/wp-json\/wp\/v2\/posts\/229035\/revisions\/229040"}],"wp:attachment":[{"href":"https:\/\/www.fiscalia.gov.co\/colombia\/wp-json\/wp\/v2\/media?parent=229035"}],"wp:term":[{"taxonomy":"category","embeddable":true,"href":"https:\/\/www.fiscalia.gov.co\/colombia\/wp-json\/wp\/v2\/categories?post=229035"},{"taxonomy":"post_tag","embeddable":true,"href":"https:\/\/www.fiscalia.gov.co\/colombia\/wp-json\/wp\/v2\/tags?post=229035"}],"curies":[{"name":"wp","href":"https:\/\/api.w.org\/{rel}","templated":true}]}}