{"id":229017,"date":"2021-09-06T15:27:27","date_gmt":"2021-09-06T20:27:27","guid":{"rendered":"https:\/\/www.fiscalia.gov.co\/colombia\/?p=229017"},"modified":"2021-09-06T15:27:27","modified_gmt":"2021-09-06T20:27:27","slug":"juez-envia-a-prision-a-presunto-responsable-de-transportar-228-kilos-de-marihuana-ocultos-en-una-planta-electrica","status":"publish","type":"post","link":"https:\/\/www.fiscalia.gov.co\/colombia\/noticias\/juez-envia-a-prision-a-presunto-responsable-de-transportar-228-kilos-de-marihuana-ocultos-en-una-planta-electrica\/","title":{"rendered":"Juez env\u00eda a prisi\u00f3n a presunto responsable de transportar 228 kilos de marihuana ocultos en una planta el\u00e9ctrica"},"content":{"rendered":"<p>Un juez de control de garant\u00edas de\u00a0<span lang=\"ES\">Tulu\u00e1 (Valle del Cauca) impuso medida de aseguramiento en centro carcelario\u00a0<\/span>contra Yhon Fredy Estrada Mej\u00eda, presuntamente, responsable de transportar 228 kilos de marihuana ocultos en una planta el\u00e9ctrica.<\/p>\n<figure id=\"attachment_229020\" aria-describedby=\"caption-attachment-229020\" style=\"width: 1280px\" class=\"wp-caption aligncenter\"><img loading=\"lazy\" decoding=\"async\" class=\"size-full wp-image-229020\" src=\"https:\/\/www.fiscalia.gov.co\/colombia\/wp-content\/uploads\/Foto-1.-En-plan-el\u00e9ctrica-228-kilos-de-marihuana.Tulu\u00e1-Valle..jpg\" alt=\"\" width=\"1280\" height=\"960\" srcset=\"https:\/\/www.fiscalia.gov.co\/colombia\/wp-content\/uploads\/Foto-1.-En-plan-el\u00e9ctrica-228-kilos-de-marihuana.Tulu\u00e1-Valle..jpg 1280w, https:\/\/www.fiscalia.gov.co\/colombia\/wp-content\/uploads\/Foto-1.-En-plan-el\u00e9ctrica-228-kilos-de-marihuana.Tulu\u00e1-Valle.-300x225.jpg 300w, https:\/\/www.fiscalia.gov.co\/colombia\/wp-content\/uploads\/Foto-1.-En-plan-el\u00e9ctrica-228-kilos-de-marihuana.Tulu\u00e1-Valle.-1024x768.jpg 1024w, https:\/\/www.fiscalia.gov.co\/colombia\/wp-content\/uploads\/Foto-1.-En-plan-el\u00e9ctrica-228-kilos-de-marihuana.Tulu\u00e1-Valle.-768x576.jpg 768w, https:\/\/www.fiscalia.gov.co\/colombia\/wp-content\/uploads\/Foto-1.-En-plan-el\u00e9ctrica-228-kilos-de-marihuana.Tulu\u00e1-Valle.-696x522.jpg 696w, https:\/\/www.fiscalia.gov.co\/colombia\/wp-content\/uploads\/Foto-1.-En-plan-el\u00e9ctrica-228-kilos-de-marihuana.Tulu\u00e1-Valle.-1068x801.jpg 1068w, https:\/\/www.fiscalia.gov.co\/colombia\/wp-content\/uploads\/Foto-1.-En-plan-el\u00e9ctrica-228-kilos-de-marihuana.Tulu\u00e1-Valle.-560x420.jpg 560w, https:\/\/www.fiscalia.gov.co\/colombia\/wp-content\/uploads\/Foto-1.-En-plan-el\u00e9ctrica-228-kilos-de-marihuana.Tulu\u00e1-Valle.-80x60.jpg 80w, https:\/\/www.fiscalia.gov.co\/colombia\/wp-content\/uploads\/Foto-1.-En-plan-el\u00e9ctrica-228-kilos-de-marihuana.Tulu\u00e1-Valle.-265x198.jpg 265w\" sizes=\"auto, (max-width: 1280px) 100vw, 1280px\" \/><figcaption id=\"caption-attachment-229020\" class=\"wp-caption-text\">Por transportar 228 kilos de marihuana, fue judicializado Yhon \u00a0Fredy Estrada Mej\u00eda, conductor de un cami\u00f3n que transportaba una planta el\u00e9ctrica y en cuyo interior las autoridades hallaron 228 kilos de marihuana, en Tulu\u00e1 (Valle).<\/figcaption><\/figure>\n<p>Los hechos investigados sucedieron en Tulu\u00e1 el pasado 2 de septiembre. Seg\u00fan consta en el proceso, Estrada Mej\u00eda fue requerido por uniformados de la Polic\u00eda Nacional en un puesto de registro y control ubicado en inmediaciones del peaje La Uribe.<\/p>\n<p>Soldaduras nuevas y pintura reciente llam\u00f3 la atenci\u00f3n de los uniformados quienes tras un chequeo pormenorizado a la planta el\u00e9ctrica, que era transportada en el cami\u00f3n que conduc\u00eda el procesado, ubicaron el alcaloide.<\/p>\n<figure id=\"attachment_229021\" aria-describedby=\"caption-attachment-229021\" style=\"width: 1280px\" class=\"wp-caption aligncenter\"><img loading=\"lazy\" decoding=\"async\" class=\"size-full wp-image-229021\" src=\"https:\/\/www.fiscalia.gov.co\/colombia\/wp-content\/uploads\/Foto-2.-Hallan-228-kilos-de-marihuana-Tulu\u00e1-Valle..jpg\" alt=\"\" width=\"1280\" height=\"960\" srcset=\"https:\/\/www.fiscalia.gov.co\/colombia\/wp-content\/uploads\/Foto-2.-Hallan-228-kilos-de-marihuana-Tulu\u00e1-Valle..jpg 1280w, https:\/\/www.fiscalia.gov.co\/colombia\/wp-content\/uploads\/Foto-2.-Hallan-228-kilos-de-marihuana-Tulu\u00e1-Valle.-300x225.jpg 300w, https:\/\/www.fiscalia.gov.co\/colombia\/wp-content\/uploads\/Foto-2.-Hallan-228-kilos-de-marihuana-Tulu\u00e1-Valle.-1024x768.jpg 1024w, https:\/\/www.fiscalia.gov.co\/colombia\/wp-content\/uploads\/Foto-2.-Hallan-228-kilos-de-marihuana-Tulu\u00e1-Valle.-768x576.jpg 768w, https:\/\/www.fiscalia.gov.co\/colombia\/wp-content\/uploads\/Foto-2.-Hallan-228-kilos-de-marihuana-Tulu\u00e1-Valle.-696x522.jpg 696w, https:\/\/www.fiscalia.gov.co\/colombia\/wp-content\/uploads\/Foto-2.-Hallan-228-kilos-de-marihuana-Tulu\u00e1-Valle.-1068x801.jpg 1068w, https:\/\/www.fiscalia.gov.co\/colombia\/wp-content\/uploads\/Foto-2.-Hallan-228-kilos-de-marihuana-Tulu\u00e1-Valle.-560x420.jpg 560w, https:\/\/www.fiscalia.gov.co\/colombia\/wp-content\/uploads\/Foto-2.-Hallan-228-kilos-de-marihuana-Tulu\u00e1-Valle.-80x60.jpg 80w, https:\/\/www.fiscalia.gov.co\/colombia\/wp-content\/uploads\/Foto-2.-Hallan-228-kilos-de-marihuana-Tulu\u00e1-Valle.-265x198.jpg 265w\" sizes=\"auto, (max-width: 1280px) 100vw, 1280px\" \/><figcaption id=\"caption-attachment-229021\" class=\"wp-caption-text\">Los 228 kilos de marihuana estaban camuflados dentro de esta planta el\u00e9ctrica.<\/figcaption><\/figure>\n<p>Por estos hechos el conductor fue capturado en flagrancia e imputado como presunto responsable del delito de tr\u00e1fico, fabricaci\u00f3n o porte de\u00a0<a href=\"https:\/\/www.fiscalia.gov.co\/colombia\/noticias\/a-la-carcel-presunto-responsable-de-transportar-estupefacientes-en-un-vehiculo-de-servicio-publico\/\" target=\"_blank\" rel=\"noopener noreferrer\" data-saferedirecturl=\"https:\/\/www.google.com\/url?q=https:\/\/www.fiscalia.gov.co\/colombia\/noticias\/a-la-carcel-presunto-responsable-de-transportar-estupefacientes-en-un-vehiculo-de-servicio-publico\/&amp;source=gmail&amp;ust=1631041198937000&amp;usg=AFQjCNGJbXDaI1PRlzUtgubS6WQDgaMPoA\">estupefacientes<\/a>.<\/p>\n<p><b>La Fiscal\u00eda habla con resultados.<\/b><\/p>\n<p><b>\u00a0<\/b><\/p>\n<p><b>MAP\/MAGA\/<\/b><b><span lang=\"ES\">SMLR<\/span><\/b><\/p>\n<p>&nbsp;<\/p>\n<p><em><span lang=\"ES\">La informaci\u00f3n contenida en este bolet\u00edn de prensa corresponde a la narraci\u00f3n de los hechos noticiosos objetivos, suministrados por los funcionarios encargados de adelantar las investigaciones penales al interior de la Fiscal\u00eda General de la Naci\u00f3n. Para el momento de la divulgaci\u00f3n de este comunicado, la situaci\u00f3n jur\u00eddica de la(s) persona(s) relacionada(s) se encuentra pendiente de resolver por la autoridad judicial competente, siempre bajo los preceptos de la presunci\u00f3n de inocencia, consagrados en el art\u00edculo 29 de la Constituci\u00f3n Pol\u00edtica y el art\u00edculo 7\u00ba de la Ley 906 de 2004.<\/span><\/em><b><\/b><\/p>\n\n<div class=\"twitter-share\"><a href=\"https:\/\/twitter.com\/intent\/tweet?via=fiscaliacol\" class=\"twitter-share-button\">Tweet<\/a><\/div>\n","protected":false},"excerpt":{"rendered":"<p>Un juez de control de garant\u00edas de\u00a0Tulu\u00e1 (Valle del Cauca) impuso medida de aseguramiento en centro carcelario\u00a0contra Yhon Fredy Estrada Mej\u00eda, presuntamente, responsable de transportar 228 kilos de marihuana ocultos [&hellip;]<\/p>\n","protected":false},"author":175,"featured_media":0,"comment_status":"closed","ping_status":"open","sticky":false,"template":"","format":"standard","meta":{"tdm_status":"","tdm_grid_status":"","footnotes":""},"categories":[1,324,24103],"tags":[12424,24551,11533,24401,24189,78,24187,7169,1264,1185,28628,916],"class_list":["post-229017","post","type-post","status-publish","format-standard","category-noticias","category-seccional-cali","category-trafico-de-estupefacientes","tag-capturado","tag-centro-carcelario","tag-fabricacion-o-porte-de-estupefacientes","tag-fiscal-barbosa-delgado","tag-fiscal-francisco-barbosa-delgado","tag-fiscal-general-de-la-nacion","tag-fiscalia-colombia","tag-flagrancia","tag-marihuana","tag-medida-de-aseguramiento","tag-planta-electrica","tag-trafico"],"yoast_head":"<!-- This site is optimized with the Yoast SEO plugin v24.3 - https:\/\/yoast.com\/wordpress\/plugins\/seo\/ -->\n<title>Fiscal\u00eda General de la Naci\u00f3n<\/title>\n<meta name=\"description\" content=\"P\u00e1gina oficial de la Fiscal\u00eda General de la Naci\u00f3n \u2013 Colombia. Garantizamos el acceso efectivo a la justicia, la verdad y la reparaci\u00f3n de las v\u00edctimas de los delitos.\" \/>\n<meta name=\"robots\" content=\"noindex, follow\" \/>\n<meta property=\"og:locale\" content=\"es_ES\" \/>\n<meta property=\"og:type\" content=\"article\" \/>\n<meta property=\"og:title\" content=\"Fiscal\u00eda General de la Naci\u00f3n\" \/>\n<meta property=\"og:description\" content=\"P\u00e1gina oficial de la Fiscal\u00eda General de la Naci\u00f3n \u2013 Colombia. Garantizamos el acceso efectivo a la justicia, la verdad y la reparaci\u00f3n de las v\u00edctimas de los delitos.\" \/>\n<meta property=\"og:url\" content=\"https:\/\/www.fiscalia.gov.co\/colombia\/noticias\/juez-envia-a-prision-a-presunto-responsable-de-transportar-228-kilos-de-marihuana-ocultos-en-una-planta-electrica\/\" \/>\n<meta property=\"og:site_name\" content=\"Fiscal\u00eda General de la Naci\u00f3n\" \/>\n<meta property=\"article:publisher\" content=\"https:\/\/www.facebook.com\/FiscaliaCol\" \/>\n<meta property=\"article:published_time\" content=\"2021-09-06T20:27:27+00:00\" \/>\n<meta name=\"author\" content=\"Katherine Loaiza Mart\u00ednez\" \/>\n<meta name=\"twitter:card\" content=\"summary_large_image\" \/>\n<meta name=\"twitter:creator\" content=\"@FiscaliaCol\" \/>\n<meta name=\"twitter:site\" content=\"@FiscaliaCol\" \/>\n<meta name=\"twitter:label1\" content=\"Escrito por\" \/>\n\t<meta name=\"twitter:data1\" content=\"Katherine Loaiza Mart\u00ednez\" \/>\n\t<meta name=\"twitter:label2\" content=\"Tiempo de lectura\" \/>\n\t<meta name=\"twitter:data2\" content=\"2 minutos\" \/>\n<script type=\"application\/ld+json\" class=\"yoast-schema-graph\">{\"@context\":\"https:\/\/schema.org\",\"@graph\":[{\"@type\":\"Article\",\"@id\":\"https:\/\/www.fiscalia.gov.co\/colombia\/noticias\/juez-envia-a-prision-a-presunto-responsable-de-transportar-228-kilos-de-marihuana-ocultos-en-una-planta-electrica\/#article\",\"isPartOf\":{\"@id\":\"https:\/\/www.fiscalia.gov.co\/colombia\/noticias\/juez-envia-a-prision-a-presunto-responsable-de-transportar-228-kilos-de-marihuana-ocultos-en-una-planta-electrica\/\"},\"author\":{\"name\":\"Katherine Loaiza Mart\u00ednez\",\"@id\":\"https:\/\/www.fiscalia.gov.co\/colombia\/#\/schema\/person\/2e76b9aba5ecf875ed565ce4de0e0415\"},\"headline\":\"Juez env\u00eda a prisi\u00f3n a presunto responsable de transportar 228 kilos de marihuana ocultos en una planta el\u00e9ctrica\",\"datePublished\":\"2021-09-06T20:27:27+00:00\",\"dateModified\":\"2021-09-06T20:27:27+00:00\",\"mainEntityOfPage\":{\"@id\":\"https:\/\/www.fiscalia.gov.co\/colombia\/noticias\/juez-envia-a-prision-a-presunto-responsable-de-transportar-228-kilos-de-marihuana-ocultos-en-una-planta-electrica\/\"},\"wordCount\":336,\"publisher\":{\"@id\":\"https:\/\/www.fiscalia.gov.co\/colombia\/#organization\"},\"keywords\":[\"Capturado\",\"centro carcelario\",\"fabricaci\u00f3n o porte de estupefacientes\",\"Fiscal Barbosa Delgado\",\"Fiscal Francisco Barbosa Delgado\",\"Fiscal General de la Naci\u00f3n\",\"Fiscal\u00eda Colombia\",\"Flagrancia\",\"Marihuana\",\"Medida de aseguramiento\",\"planta el\u00e9ctrica\",\"Tr\u00e1fico\"],\"articleSection\":[\"Noticias\",\"Seccional Cali\",\"Tr\u00e1fico de estupefacientes\"],\"inLanguage\":\"es-CO\"},{\"@type\":\"WebPage\",\"@id\":\"https:\/\/www.fiscalia.gov.co\/colombia\/noticias\/juez-envia-a-prision-a-presunto-responsable-de-transportar-228-kilos-de-marihuana-ocultos-en-una-planta-electrica\/\",\"url\":\"https:\/\/www.fiscalia.gov.co\/colombia\/noticias\/juez-envia-a-prision-a-presunto-responsable-de-transportar-228-kilos-de-marihuana-ocultos-en-una-planta-electrica\/\",\"name\":\"Fiscal\u00eda General de la Naci\u00f3n\",\"isPartOf\":{\"@id\":\"https:\/\/www.fiscalia.gov.co\/colombia\/#website\"},\"datePublished\":\"2021-09-06T20:27:27+00:00\",\"dateModified\":\"2021-09-06T20:27:27+00:00\",\"description\":\"P\u00e1gina oficial de la Fiscal\u00eda General de la Naci\u00f3n \u2013 Colombia. Garantizamos el acceso efectivo a la justicia, la verdad y la reparaci\u00f3n de las v\u00edctimas de los delitos.\",\"breadcrumb\":{\"@id\":\"https:\/\/www.fiscalia.gov.co\/colombia\/noticias\/juez-envia-a-prision-a-presunto-responsable-de-transportar-228-kilos-de-marihuana-ocultos-en-una-planta-electrica\/#breadcrumb\"},\"inLanguage\":\"es-CO\",\"potentialAction\":[{\"@type\":\"ReadAction\",\"target\":[\"https:\/\/www.fiscalia.gov.co\/colombia\/noticias\/juez-envia-a-prision-a-presunto-responsable-de-transportar-228-kilos-de-marihuana-ocultos-en-una-planta-electrica\/\"]}]},{\"@type\":\"BreadcrumbList\",\"@id\":\"https:\/\/www.fiscalia.gov.co\/colombia\/noticias\/juez-envia-a-prision-a-presunto-responsable-de-transportar-228-kilos-de-marihuana-ocultos-en-una-planta-electrica\/#breadcrumb\",\"itemListElement\":[{\"@type\":\"ListItem\",\"position\":1,\"name\":\"Home\",\"item\":\"https:\/\/www.fiscalia.gov.co\/colombia\/\"},{\"@type\":\"ListItem\",\"position\":2,\"name\":\"Juez env\u00eda a prisi\u00f3n a presunto responsable de transportar 228 kilos de marihuana ocultos en una planta el\u00e9ctrica\"}]},{\"@type\":\"WebSite\",\"@id\":\"https:\/\/www.fiscalia.gov.co\/colombia\/#website\",\"url\":\"https:\/\/www.fiscalia.gov.co\/colombia\/\",\"name\":\"Fiscal\u00eda General de la Naci\u00f3n\",\"description\":\"P\u00e1gina oficial de la Fiscal\u00eda General de la Naci\u00f3n \u2013 Colombia. Garantizamos el acceso efectivo a la justicia, la verdad y la reparaci\u00f3n de las v\u00edctimas de los delitos.\",\"publisher\":{\"@id\":\"https:\/\/www.fiscalia.gov.co\/colombia\/#organization\"},\"potentialAction\":[{\"@type\":\"SearchAction\",\"target\":{\"@type\":\"EntryPoint\",\"urlTemplate\":\"https:\/\/www.fiscalia.gov.co\/colombia\/?s={search_term_string}\"},\"query-input\":{\"@type\":\"PropertyValueSpecification\",\"valueRequired\":true,\"valueName\":\"search_term_string\"}}],\"inLanguage\":\"es-CO\"},{\"@type\":\"Organization\",\"@id\":\"https:\/\/www.fiscalia.gov.co\/colombia\/#organization\",\"name\":\"Fiscal\u00eda General de la Naci\u00f3n\",\"url\":\"https:\/\/www.fiscalia.gov.co\/colombia\/\",\"logo\":{\"@type\":\"ImageObject\",\"inLanguage\":\"es-CO\",\"@id\":\"https:\/\/www.fiscalia.gov.co\/colombia\/#\/schema\/logo\/image\/\",\"url\":\"https:\/\/www.fiscalia.gov.co\/colombia\/wp-content\/uploads\/LogoHorizontal_1.jpg\",\"contentUrl\":\"https:\/\/www.fiscalia.gov.co\/colombia\/wp-content\/uploads\/LogoHorizontal_1.jpg\",\"width\":300,\"height\":90,\"caption\":\"Fiscal\u00eda General de la Naci\u00f3n\"},\"image\":{\"@id\":\"https:\/\/www.fiscalia.gov.co\/colombia\/#\/schema\/logo\/image\/\"},\"sameAs\":[\"https:\/\/www.facebook.com\/FiscaliaCol\",\"https:\/\/x.com\/FiscaliaCol\",\"https:\/\/www.instagram.com\/fiscaliacol\",\"https:\/\/www.linkedin.com\/company\/fiscalia-general-de-la-naci-n\/\",\"https:\/\/youtube.com\/@fiscaliageneraldelanacion-4668?si=6nN79nyQICPU5iTh\"]},{\"@type\":\"Person\",\"@id\":\"https:\/\/www.fiscalia.gov.co\/colombia\/#\/schema\/person\/2e76b9aba5ecf875ed565ce4de0e0415\",\"name\":\"Katherine Loaiza Mart\u00ednez\",\"image\":{\"@type\":\"ImageObject\",\"inLanguage\":\"es-CO\",\"@id\":\"https:\/\/www.fiscalia.gov.co\/colombia\/#\/schema\/person\/image\/\",\"url\":\"https:\/\/secure.gravatar.com\/avatar\/ab775a2f394c1b83b6d6f78680e57b50?s=96&d=mm&r=g\",\"contentUrl\":\"https:\/\/secure.gravatar.com\/avatar\/ab775a2f394c1b83b6d6f78680e57b50?s=96&d=mm&r=g\",\"caption\":\"Katherine Loaiza Mart\u00ednez\"},\"url\":\"https:\/\/www.fiscalia.gov.co\/colombia\/author\/kloaiza\/\"}]}<\/script>\n<!-- \/ Yoast SEO plugin. -->","yoast_head_json":{"title":"Fiscal\u00eda General de la Naci\u00f3n","description":"P\u00e1gina oficial de la Fiscal\u00eda General de la Naci\u00f3n \u2013 Colombia. Garantizamos el acceso efectivo a la justicia, la verdad y la reparaci\u00f3n de las v\u00edctimas de los delitos.","robots":{"index":"noindex","follow":"follow"},"og_locale":"es_ES","og_type":"article","og_title":"Fiscal\u00eda General de la Naci\u00f3n","og_description":"P\u00e1gina oficial de la Fiscal\u00eda General de la Naci\u00f3n \u2013 Colombia. Garantizamos el acceso efectivo a la justicia, la verdad y la reparaci\u00f3n de las v\u00edctimas de los delitos.","og_url":"https:\/\/www.fiscalia.gov.co\/colombia\/noticias\/juez-envia-a-prision-a-presunto-responsable-de-transportar-228-kilos-de-marihuana-ocultos-en-una-planta-electrica\/","og_site_name":"Fiscal\u00eda General de la Naci\u00f3n","article_publisher":"https:\/\/www.facebook.com\/FiscaliaCol","article_published_time":"2021-09-06T20:27:27+00:00","author":"Katherine Loaiza Mart\u00ednez","twitter_card":"summary_large_image","twitter_creator":"@FiscaliaCol","twitter_site":"@FiscaliaCol","twitter_misc":{"Escrito por":"Katherine Loaiza Mart\u00ednez","Tiempo de lectura":"2 minutos"},"schema":{"@context":"https:\/\/schema.org","@graph":[{"@type":"Article","@id":"https:\/\/www.fiscalia.gov.co\/colombia\/noticias\/juez-envia-a-prision-a-presunto-responsable-de-transportar-228-kilos-de-marihuana-ocultos-en-una-planta-electrica\/#article","isPartOf":{"@id":"https:\/\/www.fiscalia.gov.co\/colombia\/noticias\/juez-envia-a-prision-a-presunto-responsable-de-transportar-228-kilos-de-marihuana-ocultos-en-una-planta-electrica\/"},"author":{"name":"Katherine Loaiza Mart\u00ednez","@id":"https:\/\/www.fiscalia.gov.co\/colombia\/#\/schema\/person\/2e76b9aba5ecf875ed565ce4de0e0415"},"headline":"Juez env\u00eda a prisi\u00f3n a presunto responsable de transportar 228 kilos de marihuana ocultos en una planta el\u00e9ctrica","datePublished":"2021-09-06T20:27:27+00:00","dateModified":"2021-09-06T20:27:27+00:00","mainEntityOfPage":{"@id":"https:\/\/www.fiscalia.gov.co\/colombia\/noticias\/juez-envia-a-prision-a-presunto-responsable-de-transportar-228-kilos-de-marihuana-ocultos-en-una-planta-electrica\/"},"wordCount":336,"publisher":{"@id":"https:\/\/www.fiscalia.gov.co\/colombia\/#organization"},"keywords":["Capturado","centro carcelario","fabricaci\u00f3n o porte de estupefacientes","Fiscal Barbosa Delgado","Fiscal Francisco Barbosa Delgado","Fiscal General de la Naci\u00f3n","Fiscal\u00eda Colombia","Flagrancia","Marihuana","Medida de aseguramiento","planta el\u00e9ctrica","Tr\u00e1fico"],"articleSection":["Noticias","Seccional Cali","Tr\u00e1fico de estupefacientes"],"inLanguage":"es-CO"},{"@type":"WebPage","@id":"https:\/\/www.fiscalia.gov.co\/colombia\/noticias\/juez-envia-a-prision-a-presunto-responsable-de-transportar-228-kilos-de-marihuana-ocultos-en-una-planta-electrica\/","url":"https:\/\/www.fiscalia.gov.co\/colombia\/noticias\/juez-envia-a-prision-a-presunto-responsable-de-transportar-228-kilos-de-marihuana-ocultos-en-una-planta-electrica\/","name":"Fiscal\u00eda General de la Naci\u00f3n","isPartOf":{"@id":"https:\/\/www.fiscalia.gov.co\/colombia\/#website"},"datePublished":"2021-09-06T20:27:27+00:00","dateModified":"2021-09-06T20:27:27+00:00","description":"P\u00e1gina oficial de la Fiscal\u00eda General de la Naci\u00f3n \u2013 Colombia. Garantizamos el acceso efectivo a la justicia, la verdad y la reparaci\u00f3n de las v\u00edctimas de los delitos.","breadcrumb":{"@id":"https:\/\/www.fiscalia.gov.co\/colombia\/noticias\/juez-envia-a-prision-a-presunto-responsable-de-transportar-228-kilos-de-marihuana-ocultos-en-una-planta-electrica\/#breadcrumb"},"inLanguage":"es-CO","potentialAction":[{"@type":"ReadAction","target":["https:\/\/www.fiscalia.gov.co\/colombia\/noticias\/juez-envia-a-prision-a-presunto-responsable-de-transportar-228-kilos-de-marihuana-ocultos-en-una-planta-electrica\/"]}]},{"@type":"BreadcrumbList","@id":"https:\/\/www.fiscalia.gov.co\/colombia\/noticias\/juez-envia-a-prision-a-presunto-responsable-de-transportar-228-kilos-de-marihuana-ocultos-en-una-planta-electrica\/#breadcrumb","itemListElement":[{"@type":"ListItem","position":1,"name":"Home","item":"https:\/\/www.fiscalia.gov.co\/colombia\/"},{"@type":"ListItem","position":2,"name":"Juez env\u00eda a prisi\u00f3n a presunto responsable de transportar 228 kilos de marihuana ocultos en una planta el\u00e9ctrica"}]},{"@type":"WebSite","@id":"https:\/\/www.fiscalia.gov.co\/colombia\/#website","url":"https:\/\/www.fiscalia.gov.co\/colombia\/","name":"Fiscal\u00eda General de la Naci\u00f3n","description":"P\u00e1gina oficial de la Fiscal\u00eda General de la Naci\u00f3n \u2013 Colombia. Garantizamos el acceso efectivo a la justicia, la verdad y la reparaci\u00f3n de las v\u00edctimas de los delitos.","publisher":{"@id":"https:\/\/www.fiscalia.gov.co\/colombia\/#organization"},"potentialAction":[{"@type":"SearchAction","target":{"@type":"EntryPoint","urlTemplate":"https:\/\/www.fiscalia.gov.co\/colombia\/?s={search_term_string}"},"query-input":{"@type":"PropertyValueSpecification","valueRequired":true,"valueName":"search_term_string"}}],"inLanguage":"es-CO"},{"@type":"Organization","@id":"https:\/\/www.fiscalia.gov.co\/colombia\/#organization","name":"Fiscal\u00eda General de la Naci\u00f3n","url":"https:\/\/www.fiscalia.gov.co\/colombia\/","logo":{"@type":"ImageObject","inLanguage":"es-CO","@id":"https:\/\/www.fiscalia.gov.co\/colombia\/#\/schema\/logo\/image\/","url":"https:\/\/www.fiscalia.gov.co\/colombia\/wp-content\/uploads\/LogoHorizontal_1.jpg","contentUrl":"https:\/\/www.fiscalia.gov.co\/colombia\/wp-content\/uploads\/LogoHorizontal_1.jpg","width":300,"height":90,"caption":"Fiscal\u00eda General de la Naci\u00f3n"},"image":{"@id":"https:\/\/www.fiscalia.gov.co\/colombia\/#\/schema\/logo\/image\/"},"sameAs":["https:\/\/www.facebook.com\/FiscaliaCol","https:\/\/x.com\/FiscaliaCol","https:\/\/www.instagram.com\/fiscaliacol","https:\/\/www.linkedin.com\/company\/fiscalia-general-de-la-naci-n\/","https:\/\/youtube.com\/@fiscaliageneraldelanacion-4668?si=6nN79nyQICPU5iTh"]},{"@type":"Person","@id":"https:\/\/www.fiscalia.gov.co\/colombia\/#\/schema\/person\/2e76b9aba5ecf875ed565ce4de0e0415","name":"Katherine Loaiza Mart\u00ednez","image":{"@type":"ImageObject","inLanguage":"es-CO","@id":"https:\/\/www.fiscalia.gov.co\/colombia\/#\/schema\/person\/image\/","url":"https:\/\/secure.gravatar.com\/avatar\/ab775a2f394c1b83b6d6f78680e57b50?s=96&d=mm&r=g","contentUrl":"https:\/\/secure.gravatar.com\/avatar\/ab775a2f394c1b83b6d6f78680e57b50?s=96&d=mm&r=g","caption":"Katherine Loaiza Mart\u00ednez"},"url":"https:\/\/www.fiscalia.gov.co\/colombia\/author\/kloaiza\/"}]}},"_links":{"self":[{"href":"https:\/\/www.fiscalia.gov.co\/colombia\/wp-json\/wp\/v2\/posts\/229017","targetHints":{"allow":["GET"]}}],"collection":[{"href":"https:\/\/www.fiscalia.gov.co\/colombia\/wp-json\/wp\/v2\/posts"}],"about":[{"href":"https:\/\/www.fiscalia.gov.co\/colombia\/wp-json\/wp\/v2\/types\/post"}],"author":[{"embeddable":true,"href":"https:\/\/www.fiscalia.gov.co\/colombia\/wp-json\/wp\/v2\/users\/175"}],"replies":[{"embeddable":true,"href":"https:\/\/www.fiscalia.gov.co\/colombia\/wp-json\/wp\/v2\/comments?post=229017"}],"version-history":[{"count":1,"href":"https:\/\/www.fiscalia.gov.co\/colombia\/wp-json\/wp\/v2\/posts\/229017\/revisions"}],"predecessor-version":[{"id":229022,"href":"https:\/\/www.fiscalia.gov.co\/colombia\/wp-json\/wp\/v2\/posts\/229017\/revisions\/229022"}],"wp:attachment":[{"href":"https:\/\/www.fiscalia.gov.co\/colombia\/wp-json\/wp\/v2\/media?parent=229017"}],"wp:term":[{"taxonomy":"category","embeddable":true,"href":"https:\/\/www.fiscalia.gov.co\/colombia\/wp-json\/wp\/v2\/categories?post=229017"},{"taxonomy":"post_tag","embeddable":true,"href":"https:\/\/www.fiscalia.gov.co\/colombia\/wp-json\/wp\/v2\/tags?post=229017"}],"curies":[{"name":"wp","href":"https:\/\/api.w.org\/{rel}","templated":true}]}}