{"id":229011,"date":"2021-09-06T14:59:04","date_gmt":"2021-09-06T19:59:04","guid":{"rendered":"https:\/\/www.fiscalia.gov.co\/colombia\/?p=229011"},"modified":"2021-09-06T15:02:04","modified_gmt":"2021-09-06T20:02:04","slug":"judicializan-a-inspector-de-policia-de-valledupar-por-presuntos-actos-de-corrupcion-en-valledupar","status":"publish","type":"post","link":"https:\/\/www.fiscalia.gov.co\/colombia\/noticias\/judicializan-a-inspector-de-policia-de-valledupar-por-presuntos-actos-de-corrupcion-en-valledupar\/","title":{"rendered":"Judicializan a inspector de Polic\u00eda de Valledupar por presuntos actos de corrupci\u00f3n en Valledupar"},"content":{"rendered":"<p>Luego de avalar los argumentos de la Fiscal\u00eda, el juez con funciones de control de garant\u00edas, impuso <b>medida restrictiva de la libertad<\/b>\u00a0en su lugar de residencia \u00a0\u00a0en contra de Ra\u00fal Alberto Castro Pe\u00f1a, c\u00f3mo presunto responsable del delito de\u00a0<a href=\"https:\/\/www.fiscalia.gov.co\/colombia\/seccionales\/imputado-por-concusion-y-falsedad-funcionario-de-la-secretaria-de-transito-y-transporte-de-armenia\/\" target=\"_blank\" rel=\"noopener noreferrer\" data-saferedirecturl=\"https:\/\/www.google.com\/url?q=https:\/\/www.fiscalia.gov.co\/colombia\/seccionales\/imputado-por-concusion-y-falsedad-funcionario-de-la-secretaria-de-transito-y-transporte-de-armenia\/&amp;source=gmail&amp;ust=1631042473983000&amp;usg=AFQjCNE9023jthEke7PwBvUJpZDXnI6d6A\">concusi\u00f3n\u00a0 a t\u00edtulo de dolo en calidad de autor, en concurso homog\u00e9neo y sucesivo.<\/a><\/p>\n<div>\n<div dir=\"ltr\">\n<figure id=\"attachment_229012\" aria-describedby=\"caption-attachment-229012\" style=\"width: 635px\" class=\"wp-caption aligncenter\"><img loading=\"lazy\" decoding=\"async\" class=\"size-full wp-image-229012\" src=\"https:\/\/www.fiscalia.gov.co\/colombia\/wp-content\/uploads\/Ra\u00fal-Alberto-Castro-Pe\u00f1a-presunto-responsable-de-actos-de-corrupci\u00f3n.jpg\" alt=\"\" width=\"635\" height=\"693\" srcset=\"https:\/\/www.fiscalia.gov.co\/colombia\/wp-content\/uploads\/Ra\u00fal-Alberto-Castro-Pe\u00f1a-presunto-responsable-de-actos-de-corrupci\u00f3n.jpg 635w, https:\/\/www.fiscalia.gov.co\/colombia\/wp-content\/uploads\/Ra\u00fal-Alberto-Castro-Pe\u00f1a-presunto-responsable-de-actos-de-corrupci\u00f3n-275x300.jpg 275w, https:\/\/www.fiscalia.gov.co\/colombia\/wp-content\/uploads\/Ra\u00fal-Alberto-Castro-Pe\u00f1a-presunto-responsable-de-actos-de-corrupci\u00f3n-385x420.jpg 385w\" sizes=\"auto, (max-width: 635px) 100vw, 635px\" \/><figcaption id=\"caption-attachment-229012\" class=\"wp-caption-text\">Ra\u00fal Alberto Castro Pe\u00f1a, presunto responsable de actos de corrupci\u00f3n.<\/figcaption><\/figure>\n<p>Seg\u00fan la investigaci\u00f3n liderada por el ente acusador, Castro Pe\u00f1a habr\u00eda incurrido\u00a0<b>varias veces en actos de corrupci\u00f3n<\/b>\u00a0vali\u00e9ndose de su cargo como i<b>nspector de Polic\u00eda Urbano de Valledupar<\/b>\u00a0(Cesar).<\/p>\n<p>Tras las labores investigativas adelantadas, como entrevistas, inspecci\u00f3n a lugares de los hechos, identificaci\u00f3n e individualizaci\u00f3n, b\u00fasqueda selectiva en bases de datos, entre otras, se logr\u00f3\u00a0 evidenciar los presuntos actos de corrupci\u00f3n del funcionario.<\/p>\n<p>Seg\u00fan la investigaci\u00f3n el imputado\u00a0<b>habr\u00eda exigido cuantiosas sumas de dinero,<\/b>\u00a0a cambio de abstenerse de aplicar los procedimientos y sanciones en casos relacionados con la violaci\u00f3n de las medidas sanitarias contra el Covid 19.<\/p>\n<p>Lo anterior, debido a las construcciones de obras civiles sin los permisos respectivos y los desalojos de personas.<\/p>\n<p>La Fiscal\u00eda hace p\u00fablica esta informaci\u00f3n por razones de Inter\u00e9s general.<\/p>\n<p>EDH\/MG\/AAPF<\/p>\n<p><i>La informaci\u00f3n contenida en este bolet\u00edn de prensa corresponde a la narraci\u00f3n de los hechos noticiosos objetivos, suministrados por los funcionarios encargados de adelantar las investigaciones penales al interior de la Fiscal\u00eda General de la Naci\u00f3n. Para el momento de la divulgaci\u00f3n de este comunicado, la situaci\u00f3n jur\u00eddica de la(s) persona(s) relacionada(s) se encuentra pendiente de resolver por la autoridad judicial competente, siempre bajo los preceptos de la presunci\u00f3n de inocencia, consagrados en el art\u00edculo 29 de la Constituci\u00f3n Pol\u00edtica y el art\u00edculo 7\u00ba de la Ley 906 de 2004.<\/i><\/p>\n<\/div>\n<\/div>\n\n<div class=\"twitter-share\"><a href=\"https:\/\/twitter.com\/intent\/tweet?via=fiscaliacol\" class=\"twitter-share-button\">Tweet<\/a><\/div>\n","protected":false},"excerpt":{"rendered":"<p>Luego de avalar los argumentos de la Fiscal\u00eda, el juez con funciones de control de garant\u00edas, impuso medida restrictiva de la libertad\u00a0en su lugar de residencia \u00a0\u00a0en contra de Ra\u00fal [&hellip;]<\/p>\n","protected":false},"author":175,"featured_media":0,"comment_status":"closed","ping_status":"open","sticky":false,"template":"","format":"standard","meta":{"tdm_status":"","tdm_grid_status":"","footnotes":""},"categories":[1,342,24099],"tags":[23965,24401,24189,24965],"class_list":["post-229011","post","type-post","status-publish","format-standard","category-noticias","category-seccional-valledupar","category-seguridad-territorial","tag-concusion","tag-fiscal-barbosa-delgado","tag-fiscal-francisco-barbosa-delgado","tag-valledupar-cesar"],"yoast_head":"<!-- This site is optimized with the Yoast SEO plugin v24.3 - https:\/\/yoast.com\/wordpress\/plugins\/seo\/ -->\n<title>Fiscal\u00eda General de la Naci\u00f3n<\/title>\n<meta name=\"description\" content=\"P\u00e1gina oficial de la Fiscal\u00eda General de la Naci\u00f3n \u2013 Colombia. Garantizamos el acceso efectivo a la justicia, la verdad y la reparaci\u00f3n de las v\u00edctimas de los delitos.\" \/>\n<meta name=\"robots\" content=\"noindex, follow\" \/>\n<meta property=\"og:locale\" content=\"es_ES\" \/>\n<meta property=\"og:type\" content=\"article\" \/>\n<meta property=\"og:title\" content=\"Fiscal\u00eda General de la Naci\u00f3n\" \/>\n<meta property=\"og:description\" content=\"P\u00e1gina oficial de la Fiscal\u00eda General de la Naci\u00f3n \u2013 Colombia. Garantizamos el acceso efectivo a la justicia, la verdad y la reparaci\u00f3n de las v\u00edctimas de los delitos.\" \/>\n<meta property=\"og:url\" content=\"https:\/\/www.fiscalia.gov.co\/colombia\/noticias\/judicializan-a-inspector-de-policia-de-valledupar-por-presuntos-actos-de-corrupcion-en-valledupar\/\" \/>\n<meta property=\"og:site_name\" content=\"Fiscal\u00eda General de la Naci\u00f3n\" \/>\n<meta property=\"article:publisher\" content=\"https:\/\/www.facebook.com\/FiscaliaCol\" \/>\n<meta property=\"article:published_time\" content=\"2021-09-06T19:59:04+00:00\" \/>\n<meta property=\"article:modified_time\" content=\"2021-09-06T20:02:04+00:00\" \/>\n<meta name=\"author\" content=\"Katherine Loaiza Mart\u00ednez\" \/>\n<meta name=\"twitter:card\" content=\"summary_large_image\" \/>\n<meta name=\"twitter:creator\" content=\"@FiscaliaCol\" \/>\n<meta name=\"twitter:site\" content=\"@FiscaliaCol\" \/>\n<meta name=\"twitter:label1\" content=\"Escrito por\" \/>\n\t<meta name=\"twitter:data1\" content=\"Katherine Loaiza Mart\u00ednez\" \/>\n\t<meta name=\"twitter:label2\" content=\"Tiempo de lectura\" \/>\n\t<meta name=\"twitter:data2\" content=\"2 minutos\" \/>\n<script type=\"application\/ld+json\" class=\"yoast-schema-graph\">{\"@context\":\"https:\/\/schema.org\",\"@graph\":[{\"@type\":\"Article\",\"@id\":\"https:\/\/www.fiscalia.gov.co\/colombia\/noticias\/judicializan-a-inspector-de-policia-de-valledupar-por-presuntos-actos-de-corrupcion-en-valledupar\/#article\",\"isPartOf\":{\"@id\":\"https:\/\/www.fiscalia.gov.co\/colombia\/noticias\/judicializan-a-inspector-de-policia-de-valledupar-por-presuntos-actos-de-corrupcion-en-valledupar\/\"},\"author\":{\"name\":\"Katherine Loaiza Mart\u00ednez\",\"@id\":\"https:\/\/www.fiscalia.gov.co\/colombia\/#\/schema\/person\/2e76b9aba5ecf875ed565ce4de0e0415\"},\"headline\":\"Judicializan a inspector de Polic\u00eda de Valledupar por presuntos actos de corrupci\u00f3n en Valledupar\",\"datePublished\":\"2021-09-06T19:59:04+00:00\",\"dateModified\":\"2021-09-06T20:02:04+00:00\",\"mainEntityOfPage\":{\"@id\":\"https:\/\/www.fiscalia.gov.co\/colombia\/noticias\/judicializan-a-inspector-de-policia-de-valledupar-por-presuntos-actos-de-corrupcion-en-valledupar\/\"},\"wordCount\":350,\"publisher\":{\"@id\":\"https:\/\/www.fiscalia.gov.co\/colombia\/#organization\"},\"keywords\":[\"Concusi\u00f3n\",\"Fiscal Barbosa Delgado\",\"Fiscal Francisco Barbosa Delgado\",\"Valledupar (Cesar)\"],\"articleSection\":[\"Noticias\",\"Seccional Valledupar\",\"Seguridad territorial\"],\"inLanguage\":\"es-CO\"},{\"@type\":\"WebPage\",\"@id\":\"https:\/\/www.fiscalia.gov.co\/colombia\/noticias\/judicializan-a-inspector-de-policia-de-valledupar-por-presuntos-actos-de-corrupcion-en-valledupar\/\",\"url\":\"https:\/\/www.fiscalia.gov.co\/colombia\/noticias\/judicializan-a-inspector-de-policia-de-valledupar-por-presuntos-actos-de-corrupcion-en-valledupar\/\",\"name\":\"Fiscal\u00eda General de la Naci\u00f3n\",\"isPartOf\":{\"@id\":\"https:\/\/www.fiscalia.gov.co\/colombia\/#website\"},\"datePublished\":\"2021-09-06T19:59:04+00:00\",\"dateModified\":\"2021-09-06T20:02:04+00:00\",\"description\":\"P\u00e1gina oficial de la Fiscal\u00eda General de la Naci\u00f3n \u2013 Colombia. Garantizamos el acceso efectivo a la justicia, la verdad y la reparaci\u00f3n de las v\u00edctimas de los delitos.\",\"breadcrumb\":{\"@id\":\"https:\/\/www.fiscalia.gov.co\/colombia\/noticias\/judicializan-a-inspector-de-policia-de-valledupar-por-presuntos-actos-de-corrupcion-en-valledupar\/#breadcrumb\"},\"inLanguage\":\"es-CO\",\"potentialAction\":[{\"@type\":\"ReadAction\",\"target\":[\"https:\/\/www.fiscalia.gov.co\/colombia\/noticias\/judicializan-a-inspector-de-policia-de-valledupar-por-presuntos-actos-de-corrupcion-en-valledupar\/\"]}]},{\"@type\":\"BreadcrumbList\",\"@id\":\"https:\/\/www.fiscalia.gov.co\/colombia\/noticias\/judicializan-a-inspector-de-policia-de-valledupar-por-presuntos-actos-de-corrupcion-en-valledupar\/#breadcrumb\",\"itemListElement\":[{\"@type\":\"ListItem\",\"position\":1,\"name\":\"Home\",\"item\":\"https:\/\/www.fiscalia.gov.co\/colombia\/\"},{\"@type\":\"ListItem\",\"position\":2,\"name\":\"Judicializan a inspector de Polic\u00eda de Valledupar por presuntos actos de corrupci\u00f3n en Valledupar\"}]},{\"@type\":\"WebSite\",\"@id\":\"https:\/\/www.fiscalia.gov.co\/colombia\/#website\",\"url\":\"https:\/\/www.fiscalia.gov.co\/colombia\/\",\"name\":\"Fiscal\u00eda General de la Naci\u00f3n\",\"description\":\"P\u00e1gina oficial de la Fiscal\u00eda General de la Naci\u00f3n \u2013 Colombia. Garantizamos el acceso efectivo a la justicia, la verdad y la reparaci\u00f3n de las v\u00edctimas de los delitos.\",\"publisher\":{\"@id\":\"https:\/\/www.fiscalia.gov.co\/colombia\/#organization\"},\"potentialAction\":[{\"@type\":\"SearchAction\",\"target\":{\"@type\":\"EntryPoint\",\"urlTemplate\":\"https:\/\/www.fiscalia.gov.co\/colombia\/?s={search_term_string}\"},\"query-input\":{\"@type\":\"PropertyValueSpecification\",\"valueRequired\":true,\"valueName\":\"search_term_string\"}}],\"inLanguage\":\"es-CO\"},{\"@type\":\"Organization\",\"@id\":\"https:\/\/www.fiscalia.gov.co\/colombia\/#organization\",\"name\":\"Fiscal\u00eda General de la Naci\u00f3n\",\"url\":\"https:\/\/www.fiscalia.gov.co\/colombia\/\",\"logo\":{\"@type\":\"ImageObject\",\"inLanguage\":\"es-CO\",\"@id\":\"https:\/\/www.fiscalia.gov.co\/colombia\/#\/schema\/logo\/image\/\",\"url\":\"https:\/\/www.fiscalia.gov.co\/colombia\/wp-content\/uploads\/LogoHorizontal_1.jpg\",\"contentUrl\":\"https:\/\/www.fiscalia.gov.co\/colombia\/wp-content\/uploads\/LogoHorizontal_1.jpg\",\"width\":300,\"height\":90,\"caption\":\"Fiscal\u00eda General de la Naci\u00f3n\"},\"image\":{\"@id\":\"https:\/\/www.fiscalia.gov.co\/colombia\/#\/schema\/logo\/image\/\"},\"sameAs\":[\"https:\/\/www.facebook.com\/FiscaliaCol\",\"https:\/\/x.com\/FiscaliaCol\",\"https:\/\/www.instagram.com\/fiscaliacol\",\"https:\/\/www.linkedin.com\/company\/fiscalia-general-de-la-naci-n\/\",\"https:\/\/youtube.com\/@fiscaliageneraldelanacion-4668?si=6nN79nyQICPU5iTh\"]},{\"@type\":\"Person\",\"@id\":\"https:\/\/www.fiscalia.gov.co\/colombia\/#\/schema\/person\/2e76b9aba5ecf875ed565ce4de0e0415\",\"name\":\"Katherine Loaiza Mart\u00ednez\",\"image\":{\"@type\":\"ImageObject\",\"inLanguage\":\"es-CO\",\"@id\":\"https:\/\/www.fiscalia.gov.co\/colombia\/#\/schema\/person\/image\/\",\"url\":\"https:\/\/secure.gravatar.com\/avatar\/ab775a2f394c1b83b6d6f78680e57b50?s=96&d=mm&r=g\",\"contentUrl\":\"https:\/\/secure.gravatar.com\/avatar\/ab775a2f394c1b83b6d6f78680e57b50?s=96&d=mm&r=g\",\"caption\":\"Katherine Loaiza Mart\u00ednez\"},\"url\":\"https:\/\/www.fiscalia.gov.co\/colombia\/author\/kloaiza\/\"}]}<\/script>\n<!-- \/ Yoast SEO plugin. -->","yoast_head_json":{"title":"Fiscal\u00eda General de la Naci\u00f3n","description":"P\u00e1gina oficial de la Fiscal\u00eda General de la Naci\u00f3n \u2013 Colombia. Garantizamos el acceso efectivo a la justicia, la verdad y la reparaci\u00f3n de las v\u00edctimas de los delitos.","robots":{"index":"noindex","follow":"follow"},"og_locale":"es_ES","og_type":"article","og_title":"Fiscal\u00eda General de la Naci\u00f3n","og_description":"P\u00e1gina oficial de la Fiscal\u00eda General de la Naci\u00f3n \u2013 Colombia. Garantizamos el acceso efectivo a la justicia, la verdad y la reparaci\u00f3n de las v\u00edctimas de los delitos.","og_url":"https:\/\/www.fiscalia.gov.co\/colombia\/noticias\/judicializan-a-inspector-de-policia-de-valledupar-por-presuntos-actos-de-corrupcion-en-valledupar\/","og_site_name":"Fiscal\u00eda General de la Naci\u00f3n","article_publisher":"https:\/\/www.facebook.com\/FiscaliaCol","article_published_time":"2021-09-06T19:59:04+00:00","article_modified_time":"2021-09-06T20:02:04+00:00","author":"Katherine Loaiza Mart\u00ednez","twitter_card":"summary_large_image","twitter_creator":"@FiscaliaCol","twitter_site":"@FiscaliaCol","twitter_misc":{"Escrito por":"Katherine Loaiza Mart\u00ednez","Tiempo de lectura":"2 minutos"},"schema":{"@context":"https:\/\/schema.org","@graph":[{"@type":"Article","@id":"https:\/\/www.fiscalia.gov.co\/colombia\/noticias\/judicializan-a-inspector-de-policia-de-valledupar-por-presuntos-actos-de-corrupcion-en-valledupar\/#article","isPartOf":{"@id":"https:\/\/www.fiscalia.gov.co\/colombia\/noticias\/judicializan-a-inspector-de-policia-de-valledupar-por-presuntos-actos-de-corrupcion-en-valledupar\/"},"author":{"name":"Katherine Loaiza Mart\u00ednez","@id":"https:\/\/www.fiscalia.gov.co\/colombia\/#\/schema\/person\/2e76b9aba5ecf875ed565ce4de0e0415"},"headline":"Judicializan a inspector de Polic\u00eda de Valledupar por presuntos actos de corrupci\u00f3n en Valledupar","datePublished":"2021-09-06T19:59:04+00:00","dateModified":"2021-09-06T20:02:04+00:00","mainEntityOfPage":{"@id":"https:\/\/www.fiscalia.gov.co\/colombia\/noticias\/judicializan-a-inspector-de-policia-de-valledupar-por-presuntos-actos-de-corrupcion-en-valledupar\/"},"wordCount":350,"publisher":{"@id":"https:\/\/www.fiscalia.gov.co\/colombia\/#organization"},"keywords":["Concusi\u00f3n","Fiscal Barbosa Delgado","Fiscal Francisco Barbosa Delgado","Valledupar (Cesar)"],"articleSection":["Noticias","Seccional Valledupar","Seguridad territorial"],"inLanguage":"es-CO"},{"@type":"WebPage","@id":"https:\/\/www.fiscalia.gov.co\/colombia\/noticias\/judicializan-a-inspector-de-policia-de-valledupar-por-presuntos-actos-de-corrupcion-en-valledupar\/","url":"https:\/\/www.fiscalia.gov.co\/colombia\/noticias\/judicializan-a-inspector-de-policia-de-valledupar-por-presuntos-actos-de-corrupcion-en-valledupar\/","name":"Fiscal\u00eda General de la Naci\u00f3n","isPartOf":{"@id":"https:\/\/www.fiscalia.gov.co\/colombia\/#website"},"datePublished":"2021-09-06T19:59:04+00:00","dateModified":"2021-09-06T20:02:04+00:00","description":"P\u00e1gina oficial de la Fiscal\u00eda General de la Naci\u00f3n \u2013 Colombia. Garantizamos el acceso efectivo a la justicia, la verdad y la reparaci\u00f3n de las v\u00edctimas de los delitos.","breadcrumb":{"@id":"https:\/\/www.fiscalia.gov.co\/colombia\/noticias\/judicializan-a-inspector-de-policia-de-valledupar-por-presuntos-actos-de-corrupcion-en-valledupar\/#breadcrumb"},"inLanguage":"es-CO","potentialAction":[{"@type":"ReadAction","target":["https:\/\/www.fiscalia.gov.co\/colombia\/noticias\/judicializan-a-inspector-de-policia-de-valledupar-por-presuntos-actos-de-corrupcion-en-valledupar\/"]}]},{"@type":"BreadcrumbList","@id":"https:\/\/www.fiscalia.gov.co\/colombia\/noticias\/judicializan-a-inspector-de-policia-de-valledupar-por-presuntos-actos-de-corrupcion-en-valledupar\/#breadcrumb","itemListElement":[{"@type":"ListItem","position":1,"name":"Home","item":"https:\/\/www.fiscalia.gov.co\/colombia\/"},{"@type":"ListItem","position":2,"name":"Judicializan a inspector de Polic\u00eda de Valledupar por presuntos actos de corrupci\u00f3n en Valledupar"}]},{"@type":"WebSite","@id":"https:\/\/www.fiscalia.gov.co\/colombia\/#website","url":"https:\/\/www.fiscalia.gov.co\/colombia\/","name":"Fiscal\u00eda General de la Naci\u00f3n","description":"P\u00e1gina oficial de la Fiscal\u00eda General de la Naci\u00f3n \u2013 Colombia. Garantizamos el acceso efectivo a la justicia, la verdad y la reparaci\u00f3n de las v\u00edctimas de los delitos.","publisher":{"@id":"https:\/\/www.fiscalia.gov.co\/colombia\/#organization"},"potentialAction":[{"@type":"SearchAction","target":{"@type":"EntryPoint","urlTemplate":"https:\/\/www.fiscalia.gov.co\/colombia\/?s={search_term_string}"},"query-input":{"@type":"PropertyValueSpecification","valueRequired":true,"valueName":"search_term_string"}}],"inLanguage":"es-CO"},{"@type":"Organization","@id":"https:\/\/www.fiscalia.gov.co\/colombia\/#organization","name":"Fiscal\u00eda General de la Naci\u00f3n","url":"https:\/\/www.fiscalia.gov.co\/colombia\/","logo":{"@type":"ImageObject","inLanguage":"es-CO","@id":"https:\/\/www.fiscalia.gov.co\/colombia\/#\/schema\/logo\/image\/","url":"https:\/\/www.fiscalia.gov.co\/colombia\/wp-content\/uploads\/LogoHorizontal_1.jpg","contentUrl":"https:\/\/www.fiscalia.gov.co\/colombia\/wp-content\/uploads\/LogoHorizontal_1.jpg","width":300,"height":90,"caption":"Fiscal\u00eda General de la Naci\u00f3n"},"image":{"@id":"https:\/\/www.fiscalia.gov.co\/colombia\/#\/schema\/logo\/image\/"},"sameAs":["https:\/\/www.facebook.com\/FiscaliaCol","https:\/\/x.com\/FiscaliaCol","https:\/\/www.instagram.com\/fiscaliacol","https:\/\/www.linkedin.com\/company\/fiscalia-general-de-la-naci-n\/","https:\/\/youtube.com\/@fiscaliageneraldelanacion-4668?si=6nN79nyQICPU5iTh"]},{"@type":"Person","@id":"https:\/\/www.fiscalia.gov.co\/colombia\/#\/schema\/person\/2e76b9aba5ecf875ed565ce4de0e0415","name":"Katherine Loaiza Mart\u00ednez","image":{"@type":"ImageObject","inLanguage":"es-CO","@id":"https:\/\/www.fiscalia.gov.co\/colombia\/#\/schema\/person\/image\/","url":"https:\/\/secure.gravatar.com\/avatar\/ab775a2f394c1b83b6d6f78680e57b50?s=96&d=mm&r=g","contentUrl":"https:\/\/secure.gravatar.com\/avatar\/ab775a2f394c1b83b6d6f78680e57b50?s=96&d=mm&r=g","caption":"Katherine Loaiza Mart\u00ednez"},"url":"https:\/\/www.fiscalia.gov.co\/colombia\/author\/kloaiza\/"}]}},"_links":{"self":[{"href":"https:\/\/www.fiscalia.gov.co\/colombia\/wp-json\/wp\/v2\/posts\/229011","targetHints":{"allow":["GET"]}}],"collection":[{"href":"https:\/\/www.fiscalia.gov.co\/colombia\/wp-json\/wp\/v2\/posts"}],"about":[{"href":"https:\/\/www.fiscalia.gov.co\/colombia\/wp-json\/wp\/v2\/types\/post"}],"author":[{"embeddable":true,"href":"https:\/\/www.fiscalia.gov.co\/colombia\/wp-json\/wp\/v2\/users\/175"}],"replies":[{"embeddable":true,"href":"https:\/\/www.fiscalia.gov.co\/colombia\/wp-json\/wp\/v2\/comments?post=229011"}],"version-history":[{"count":1,"href":"https:\/\/www.fiscalia.gov.co\/colombia\/wp-json\/wp\/v2\/posts\/229011\/revisions"}],"predecessor-version":[{"id":229013,"href":"https:\/\/www.fiscalia.gov.co\/colombia\/wp-json\/wp\/v2\/posts\/229011\/revisions\/229013"}],"wp:attachment":[{"href":"https:\/\/www.fiscalia.gov.co\/colombia\/wp-json\/wp\/v2\/media?parent=229011"}],"wp:term":[{"taxonomy":"category","embeddable":true,"href":"https:\/\/www.fiscalia.gov.co\/colombia\/wp-json\/wp\/v2\/categories?post=229011"},{"taxonomy":"post_tag","embeddable":true,"href":"https:\/\/www.fiscalia.gov.co\/colombia\/wp-json\/wp\/v2\/tags?post=229011"}],"curies":[{"name":"wp","href":"https:\/\/api.w.org\/{rel}","templated":true}]}}