{"id":229009,"date":"2021-09-06T14:25:21","date_gmt":"2021-09-06T19:25:21","guid":{"rendered":"https:\/\/www.fiscalia.gov.co\/colombia\/?p=229009"},"modified":"2021-09-06T14:25:21","modified_gmt":"2021-09-06T19:25:21","slug":"condenada-a-mas-de-cinco-anos-de-prision-a-una-mujer-que-extorsiono-a-varios-ciudadanos-del-municipio-de-tame-arauca","status":"publish","type":"post","link":"https:\/\/www.fiscalia.gov.co\/colombia\/noticias\/condenada-a-mas-de-cinco-anos-de-prision-a-una-mujer-que-extorsiono-a-varios-ciudadanos-del-municipio-de-tame-arauca\/","title":{"rendered":"Condenada a m\u00e1s de cinco a\u00f1os de prisi\u00f3n\u00a0a una mujer que extorsion\u00f3 a varios ciudadanos del municipio de Tame (Arauca)\u00a0"},"content":{"rendered":"<p>Luego de avalar el material recaudado por la\u00a0<b>Fiscal\u00eda General de la Naci\u00f3n,<\/b>\u00a0un juez con funciones conocimiento de Arauca (Arauca), conden\u00f3 a\u00a0cinco a\u00f1os y cuatro meses de prisi\u00f3n a\u00a0Camila Prada S\u00e1nchez por ser la responsable de los delitos de\u00a0<a href=\"https:\/\/www.fiscalia.gov.co\/colombia\/seccionales\/fiscalia-obtuvo-dos-sentencias-condenatorias-contra-un-hombre-por-secuestro-y-extorsion\/\" target=\"_blank\" rel=\"noopener noreferrer\" data-saferedirecturl=\"https:\/\/www.google.com\/url?q=https:\/\/www.fiscalia.gov.co\/colombia\/seccionales\/fiscalia-obtuvo-dos-sentencias-condenatorias-contra-un-hombre-por-secuestro-y-extorsion\/&amp;source=gmail&amp;ust=1631038128153000&amp;usg=AFQjCNEMvR6Dr0BZ7SU2ylWFHEOq4CdC9w\">extorsi\u00f3n<\/a>,\u00a0concierto para delinquir y lavado de activos.<\/p>\n<p>Los hechos investigados por una fiscal\u00eda especializada delegada ante el Gaula ocurrieron en el municipio de Tame (Arauca), durante el 2016, cuando la mujer recibi\u00f3 m\u00e1s de $ 6&#8217;000.000, a trav\u00e9s de empresas de giros nacionales.<\/p>\n<p>El material probatorio recopilado permiti\u00f3 establecer que la mujer hacia parte de un grupo delincuencial, dedicado a realizar extorsiones mediante la modalidad t<b>\u00edo &#8211; t\u00edo, la cual a trav\u00e9s de<\/b>\u00a0llamadas telef\u00f3nicas se hac\u00edan pasar por falsos polic\u00edas y exig\u00edan fuerte sumas de dineros a las v\u00edctimas, a cambio de que sus familiares no fueran involucrados en un proceso judicial.\u00a0La hoy condenada era quien recib\u00eda el dinero producto de la extorsi\u00f3n.<\/p>\n<p>La mujer, quien permanece privada de la libertad desde el 15 de noviembre de 2018, cuando el juez de control de garant\u00edas le dict\u00f3 medida de aseguramiento domiciliar\u00eda, ser\u00e1 trasladada al centro penitenciario que designe el Inpec.<\/p>\n<p>Adem\u00e1s, deber\u00e1 pagar una multa de 1250 salarios m\u00ednimos legales vigentes y la inhabilidad para ejercer funciones p\u00fablicas por el mismo tiempo de la condena.<\/p>\n<p>La Fiscal\u00eda hace p\u00fablica esta informaci\u00f3n por razones de inter\u00e9s general.<\/p>\n<p>MPHA\/APS\/MG<\/p>\n<p>&nbsp;<\/p>\n<p><i>La informaci\u00f3n contenida en este bolet\u00edn de prensa corresponde a la narraci\u00f3n de los hechos noticiosos objetivos, suministrados por los funcionarios encargados de adelantar las investigaciones penales al interior de la Fiscal\u00eda General de la Naci\u00f3n. Para el momento de la divulgaci\u00f3n de este comunicado, la situaci\u00f3n jur\u00eddica de la(s) persona(s) relacionada(s) se encuentra pendiente de resolver por la autoridad judicial competente, siempre bajo los preceptos de la presunci\u00f3n de inocencia, consagrados en el art\u00edculo 29 de la Constituci\u00f3n Pol\u00edtica y el art\u00edculo 7\u00ba de la Ley 906 de 2004.<\/i><\/p>\n<p><span lang=\"ES\">\u00a0<\/span><\/p>\n<p><b><span lang=\"ES\">\u00a0<\/span><\/b><\/p>\n<p><b><span lang=\"ES\">\u00a0<\/span><\/b><\/p>\n<p><b><span lang=\"ES\">\u00a0<\/span><\/b><\/p>\n\n<div class=\"twitter-share\"><a href=\"https:\/\/twitter.com\/intent\/tweet?via=fiscaliacol\" class=\"twitter-share-button\">Tweet<\/a><\/div>\n","protected":false},"excerpt":{"rendered":"<p>Luego de avalar el material recaudado por la\u00a0Fiscal\u00eda General de la Naci\u00f3n,\u00a0un juez con funciones conocimiento de Arauca (Arauca), conden\u00f3 a\u00a0cinco a\u00f1os y cuatro meses de prisi\u00f3n a\u00a0Camila Prada S\u00e1nchez por ser la responsable de los delitos de\u00a0extorsi\u00f3n,\u00a0concierto para delinquir y lavado de activos. Los hechos investigados por una fiscal\u00eda especializada delegada ante el Gaula [&hellip;]<\/p>\n","protected":false},"author":175,"featured_media":0,"comment_status":"closed","ping_status":"open","sticky":false,"template":"","format":"standard","meta":{"tdm_status":"","tdm_grid_status":"","footnotes":""},"categories":[24174,1,12632],"tags":[871,24401,24189,10084,975,26591],"class_list":{"0":"post-229009","1":"post","2":"type-post","3":"status-publish","4":"format-standard","6":"category-hay-justicia","7":"category-noticias","8":"category-seccional-arauca","9":"tag-extorion","10":"tag-fiscal-barbosa-delgado","11":"tag-fiscal-francisco-barbosa-delgado","12":"tag-seguridad","13":"tag-sentencia","14":"tag-vulnerabilidad"},"yoast_head":"<!-- This site is optimized with the Yoast SEO plugin v24.3 - https:\/\/yoast.com\/wordpress\/plugins\/seo\/ -->\n<title>Fiscal\u00eda General de la Naci\u00f3n<\/title>\n<meta name=\"description\" content=\"P\u00e1gina oficial de la Fiscal\u00eda General de la Naci\u00f3n \u2013 Colombia. Garantizamos el acceso efectivo a la justicia, la verdad y la reparaci\u00f3n de las v\u00edctimas de los delitos.\" \/>\n<meta name=\"robots\" content=\"noindex, follow\" \/>\n<meta property=\"og:locale\" content=\"es_ES\" \/>\n<meta property=\"og:type\" content=\"article\" \/>\n<meta property=\"og:title\" content=\"Fiscal\u00eda General de la Naci\u00f3n\" \/>\n<meta property=\"og:description\" content=\"P\u00e1gina oficial de la Fiscal\u00eda General de la Naci\u00f3n \u2013 Colombia. Garantizamos el acceso efectivo a la justicia, la verdad y la reparaci\u00f3n de las v\u00edctimas de los delitos.\" \/>\n<meta property=\"og:url\" content=\"https:\/\/www.fiscalia.gov.co\/colombia\/noticias\/condenada-a-mas-de-cinco-anos-de-prision-a-una-mujer-que-extorsiono-a-varios-ciudadanos-del-municipio-de-tame-arauca\/\" \/>\n<meta property=\"og:site_name\" content=\"Fiscal\u00eda General de la Naci\u00f3n\" \/>\n<meta property=\"article:publisher\" content=\"https:\/\/www.facebook.com\/FiscaliaCol\" \/>\n<meta property=\"article:published_time\" content=\"2021-09-06T19:25:21+00:00\" \/>\n<meta name=\"author\" content=\"Katherine Loaiza Mart\u00ednez\" \/>\n<meta name=\"twitter:card\" content=\"summary_large_image\" \/>\n<meta name=\"twitter:creator\" content=\"@FiscaliaCol\" \/>\n<meta name=\"twitter:site\" content=\"@FiscaliaCol\" \/>\n<meta name=\"twitter:label1\" content=\"Escrito por\" \/>\n\t<meta name=\"twitter:data1\" content=\"Katherine Loaiza Mart\u00ednez\" \/>\n\t<meta name=\"twitter:label2\" content=\"Tiempo de lectura\" \/>\n\t<meta name=\"twitter:data2\" content=\"2 minutos\" \/>\n<script type=\"application\/ld+json\" class=\"yoast-schema-graph\">{\"@context\":\"https:\/\/schema.org\",\"@graph\":[{\"@type\":\"Article\",\"@id\":\"https:\/\/www.fiscalia.gov.co\/colombia\/noticias\/condenada-a-mas-de-cinco-anos-de-prision-a-una-mujer-que-extorsiono-a-varios-ciudadanos-del-municipio-de-tame-arauca\/#article\",\"isPartOf\":{\"@id\":\"https:\/\/www.fiscalia.gov.co\/colombia\/noticias\/condenada-a-mas-de-cinco-anos-de-prision-a-una-mujer-que-extorsiono-a-varios-ciudadanos-del-municipio-de-tame-arauca\/\"},\"author\":{\"name\":\"Katherine Loaiza Mart\u00ednez\",\"@id\":\"https:\/\/www.fiscalia.gov.co\/colombia\/#\/schema\/person\/2e76b9aba5ecf875ed565ce4de0e0415\"},\"headline\":\"Condenada a m\u00e1s de cinco a\u00f1os de prisi\u00f3n\u00a0a una mujer que extorsion\u00f3 a varios ciudadanos del municipio de Tame (Arauca)\u00a0\",\"datePublished\":\"2021-09-06T19:25:21+00:00\",\"dateModified\":\"2021-09-06T19:25:21+00:00\",\"mainEntityOfPage\":{\"@id\":\"https:\/\/www.fiscalia.gov.co\/colombia\/noticias\/condenada-a-mas-de-cinco-anos-de-prision-a-una-mujer-que-extorsiono-a-varios-ciudadanos-del-municipio-de-tame-arauca\/\"},\"wordCount\":384,\"publisher\":{\"@id\":\"https:\/\/www.fiscalia.gov.co\/colombia\/#organization\"},\"keywords\":[\"Extorsi\u00f3n\",\"Fiscal Barbosa Delgado\",\"Fiscal Francisco Barbosa Delgado\",\"Seguridad\",\"Sentencia\",\"vulnerabilidad.\"],\"articleSection\":[\"Hay Justicia\",\"Noticias\",\"Seccional Arauca\"],\"inLanguage\":\"es-CO\"},{\"@type\":\"WebPage\",\"@id\":\"https:\/\/www.fiscalia.gov.co\/colombia\/noticias\/condenada-a-mas-de-cinco-anos-de-prision-a-una-mujer-que-extorsiono-a-varios-ciudadanos-del-municipio-de-tame-arauca\/\",\"url\":\"https:\/\/www.fiscalia.gov.co\/colombia\/noticias\/condenada-a-mas-de-cinco-anos-de-prision-a-una-mujer-que-extorsiono-a-varios-ciudadanos-del-municipio-de-tame-arauca\/\",\"name\":\"Fiscal\u00eda General de la Naci\u00f3n\",\"isPartOf\":{\"@id\":\"https:\/\/www.fiscalia.gov.co\/colombia\/#website\"},\"datePublished\":\"2021-09-06T19:25:21+00:00\",\"dateModified\":\"2021-09-06T19:25:21+00:00\",\"description\":\"P\u00e1gina oficial de la Fiscal\u00eda General de la Naci\u00f3n \u2013 Colombia. Garantizamos el acceso efectivo a la justicia, la verdad y la reparaci\u00f3n de las v\u00edctimas de los delitos.\",\"breadcrumb\":{\"@id\":\"https:\/\/www.fiscalia.gov.co\/colombia\/noticias\/condenada-a-mas-de-cinco-anos-de-prision-a-una-mujer-que-extorsiono-a-varios-ciudadanos-del-municipio-de-tame-arauca\/#breadcrumb\"},\"inLanguage\":\"es-CO\",\"potentialAction\":[{\"@type\":\"ReadAction\",\"target\":[\"https:\/\/www.fiscalia.gov.co\/colombia\/noticias\/condenada-a-mas-de-cinco-anos-de-prision-a-una-mujer-que-extorsiono-a-varios-ciudadanos-del-municipio-de-tame-arauca\/\"]}]},{\"@type\":\"BreadcrumbList\",\"@id\":\"https:\/\/www.fiscalia.gov.co\/colombia\/noticias\/condenada-a-mas-de-cinco-anos-de-prision-a-una-mujer-que-extorsiono-a-varios-ciudadanos-del-municipio-de-tame-arauca\/#breadcrumb\",\"itemListElement\":[{\"@type\":\"ListItem\",\"position\":1,\"name\":\"Home\",\"item\":\"https:\/\/www.fiscalia.gov.co\/colombia\/\"},{\"@type\":\"ListItem\",\"position\":2,\"name\":\"Condenada a m\u00e1s de cinco a\u00f1os de prisi\u00f3n\u00a0a una mujer que extorsion\u00f3 a varios ciudadanos del municipio de Tame (Arauca)\u00a0\"}]},{\"@type\":\"WebSite\",\"@id\":\"https:\/\/www.fiscalia.gov.co\/colombia\/#website\",\"url\":\"https:\/\/www.fiscalia.gov.co\/colombia\/\",\"name\":\"Fiscal\u00eda General de la Naci\u00f3n\",\"description\":\"P\u00e1gina oficial de la Fiscal\u00eda General de la Naci\u00f3n \u2013 Colombia. Garantizamos el acceso efectivo a la justicia, la verdad y la reparaci\u00f3n de las v\u00edctimas de los delitos.\",\"publisher\":{\"@id\":\"https:\/\/www.fiscalia.gov.co\/colombia\/#organization\"},\"potentialAction\":[{\"@type\":\"SearchAction\",\"target\":{\"@type\":\"EntryPoint\",\"urlTemplate\":\"https:\/\/www.fiscalia.gov.co\/colombia\/?s={search_term_string}\"},\"query-input\":{\"@type\":\"PropertyValueSpecification\",\"valueRequired\":true,\"valueName\":\"search_term_string\"}}],\"inLanguage\":\"es-CO\"},{\"@type\":\"Organization\",\"@id\":\"https:\/\/www.fiscalia.gov.co\/colombia\/#organization\",\"name\":\"Fiscal\u00eda General de la Naci\u00f3n\",\"url\":\"https:\/\/www.fiscalia.gov.co\/colombia\/\",\"logo\":{\"@type\":\"ImageObject\",\"inLanguage\":\"es-CO\",\"@id\":\"https:\/\/www.fiscalia.gov.co\/colombia\/#\/schema\/logo\/image\/\",\"url\":\"https:\/\/www.fiscalia.gov.co\/colombia\/wp-content\/uploads\/LogoHorizontal_1.jpg\",\"contentUrl\":\"https:\/\/www.fiscalia.gov.co\/colombia\/wp-content\/uploads\/LogoHorizontal_1.jpg\",\"width\":300,\"height\":90,\"caption\":\"Fiscal\u00eda General de la Naci\u00f3n\"},\"image\":{\"@id\":\"https:\/\/www.fiscalia.gov.co\/colombia\/#\/schema\/logo\/image\/\"},\"sameAs\":[\"https:\/\/www.facebook.com\/FiscaliaCol\",\"https:\/\/x.com\/FiscaliaCol\",\"https:\/\/www.instagram.com\/fiscaliacol\",\"https:\/\/www.linkedin.com\/company\/fiscalia-general-de-la-naci-n\/\",\"https:\/\/youtube.com\/@fiscaliageneraldelanacion-4668?si=6nN79nyQICPU5iTh\"]},{\"@type\":\"Person\",\"@id\":\"https:\/\/www.fiscalia.gov.co\/colombia\/#\/schema\/person\/2e76b9aba5ecf875ed565ce4de0e0415\",\"name\":\"Katherine Loaiza Mart\u00ednez\",\"image\":{\"@type\":\"ImageObject\",\"inLanguage\":\"es-CO\",\"@id\":\"https:\/\/www.fiscalia.gov.co\/colombia\/#\/schema\/person\/image\/\",\"url\":\"https:\/\/secure.gravatar.com\/avatar\/ab775a2f394c1b83b6d6f78680e57b50?s=96&d=mm&r=g\",\"contentUrl\":\"https:\/\/secure.gravatar.com\/avatar\/ab775a2f394c1b83b6d6f78680e57b50?s=96&d=mm&r=g\",\"caption\":\"Katherine Loaiza Mart\u00ednez\"},\"url\":\"https:\/\/www.fiscalia.gov.co\/colombia\/author\/kloaiza\/\"}]}<\/script>\n<!-- \/ Yoast SEO plugin. -->","yoast_head_json":{"title":"Fiscal\u00eda General de la Naci\u00f3n","description":"P\u00e1gina oficial de la Fiscal\u00eda General de la Naci\u00f3n \u2013 Colombia. Garantizamos el acceso efectivo a la justicia, la verdad y la reparaci\u00f3n de las v\u00edctimas de los delitos.","robots":{"index":"noindex","follow":"follow"},"og_locale":"es_ES","og_type":"article","og_title":"Fiscal\u00eda General de la Naci\u00f3n","og_description":"P\u00e1gina oficial de la Fiscal\u00eda General de la Naci\u00f3n \u2013 Colombia. Garantizamos el acceso efectivo a la justicia, la verdad y la reparaci\u00f3n de las v\u00edctimas de los delitos.","og_url":"https:\/\/www.fiscalia.gov.co\/colombia\/noticias\/condenada-a-mas-de-cinco-anos-de-prision-a-una-mujer-que-extorsiono-a-varios-ciudadanos-del-municipio-de-tame-arauca\/","og_site_name":"Fiscal\u00eda General de la Naci\u00f3n","article_publisher":"https:\/\/www.facebook.com\/FiscaliaCol","article_published_time":"2021-09-06T19:25:21+00:00","author":"Katherine Loaiza Mart\u00ednez","twitter_card":"summary_large_image","twitter_creator":"@FiscaliaCol","twitter_site":"@FiscaliaCol","twitter_misc":{"Escrito por":"Katherine Loaiza Mart\u00ednez","Tiempo de lectura":"2 minutos"},"schema":{"@context":"https:\/\/schema.org","@graph":[{"@type":"Article","@id":"https:\/\/www.fiscalia.gov.co\/colombia\/noticias\/condenada-a-mas-de-cinco-anos-de-prision-a-una-mujer-que-extorsiono-a-varios-ciudadanos-del-municipio-de-tame-arauca\/#article","isPartOf":{"@id":"https:\/\/www.fiscalia.gov.co\/colombia\/noticias\/condenada-a-mas-de-cinco-anos-de-prision-a-una-mujer-que-extorsiono-a-varios-ciudadanos-del-municipio-de-tame-arauca\/"},"author":{"name":"Katherine Loaiza Mart\u00ednez","@id":"https:\/\/www.fiscalia.gov.co\/colombia\/#\/schema\/person\/2e76b9aba5ecf875ed565ce4de0e0415"},"headline":"Condenada a m\u00e1s de cinco a\u00f1os de prisi\u00f3n\u00a0a una mujer que extorsion\u00f3 a varios ciudadanos del municipio de Tame (Arauca)\u00a0","datePublished":"2021-09-06T19:25:21+00:00","dateModified":"2021-09-06T19:25:21+00:00","mainEntityOfPage":{"@id":"https:\/\/www.fiscalia.gov.co\/colombia\/noticias\/condenada-a-mas-de-cinco-anos-de-prision-a-una-mujer-que-extorsiono-a-varios-ciudadanos-del-municipio-de-tame-arauca\/"},"wordCount":384,"publisher":{"@id":"https:\/\/www.fiscalia.gov.co\/colombia\/#organization"},"keywords":["Extorsi\u00f3n","Fiscal Barbosa Delgado","Fiscal Francisco Barbosa Delgado","Seguridad","Sentencia","vulnerabilidad."],"articleSection":["Hay Justicia","Noticias","Seccional Arauca"],"inLanguage":"es-CO"},{"@type":"WebPage","@id":"https:\/\/www.fiscalia.gov.co\/colombia\/noticias\/condenada-a-mas-de-cinco-anos-de-prision-a-una-mujer-que-extorsiono-a-varios-ciudadanos-del-municipio-de-tame-arauca\/","url":"https:\/\/www.fiscalia.gov.co\/colombia\/noticias\/condenada-a-mas-de-cinco-anos-de-prision-a-una-mujer-que-extorsiono-a-varios-ciudadanos-del-municipio-de-tame-arauca\/","name":"Fiscal\u00eda General de la Naci\u00f3n","isPartOf":{"@id":"https:\/\/www.fiscalia.gov.co\/colombia\/#website"},"datePublished":"2021-09-06T19:25:21+00:00","dateModified":"2021-09-06T19:25:21+00:00","description":"P\u00e1gina oficial de la Fiscal\u00eda General de la Naci\u00f3n \u2013 Colombia. Garantizamos el acceso efectivo a la justicia, la verdad y la reparaci\u00f3n de las v\u00edctimas de los delitos.","breadcrumb":{"@id":"https:\/\/www.fiscalia.gov.co\/colombia\/noticias\/condenada-a-mas-de-cinco-anos-de-prision-a-una-mujer-que-extorsiono-a-varios-ciudadanos-del-municipio-de-tame-arauca\/#breadcrumb"},"inLanguage":"es-CO","potentialAction":[{"@type":"ReadAction","target":["https:\/\/www.fiscalia.gov.co\/colombia\/noticias\/condenada-a-mas-de-cinco-anos-de-prision-a-una-mujer-que-extorsiono-a-varios-ciudadanos-del-municipio-de-tame-arauca\/"]}]},{"@type":"BreadcrumbList","@id":"https:\/\/www.fiscalia.gov.co\/colombia\/noticias\/condenada-a-mas-de-cinco-anos-de-prision-a-una-mujer-que-extorsiono-a-varios-ciudadanos-del-municipio-de-tame-arauca\/#breadcrumb","itemListElement":[{"@type":"ListItem","position":1,"name":"Home","item":"https:\/\/www.fiscalia.gov.co\/colombia\/"},{"@type":"ListItem","position":2,"name":"Condenada a m\u00e1s de cinco a\u00f1os de prisi\u00f3n\u00a0a una mujer que extorsion\u00f3 a varios ciudadanos del municipio de Tame (Arauca)\u00a0"}]},{"@type":"WebSite","@id":"https:\/\/www.fiscalia.gov.co\/colombia\/#website","url":"https:\/\/www.fiscalia.gov.co\/colombia\/","name":"Fiscal\u00eda General de la Naci\u00f3n","description":"P\u00e1gina oficial de la Fiscal\u00eda General de la Naci\u00f3n \u2013 Colombia. Garantizamos el acceso efectivo a la justicia, la verdad y la reparaci\u00f3n de las v\u00edctimas de los delitos.","publisher":{"@id":"https:\/\/www.fiscalia.gov.co\/colombia\/#organization"},"potentialAction":[{"@type":"SearchAction","target":{"@type":"EntryPoint","urlTemplate":"https:\/\/www.fiscalia.gov.co\/colombia\/?s={search_term_string}"},"query-input":{"@type":"PropertyValueSpecification","valueRequired":true,"valueName":"search_term_string"}}],"inLanguage":"es-CO"},{"@type":"Organization","@id":"https:\/\/www.fiscalia.gov.co\/colombia\/#organization","name":"Fiscal\u00eda General de la Naci\u00f3n","url":"https:\/\/www.fiscalia.gov.co\/colombia\/","logo":{"@type":"ImageObject","inLanguage":"es-CO","@id":"https:\/\/www.fiscalia.gov.co\/colombia\/#\/schema\/logo\/image\/","url":"https:\/\/www.fiscalia.gov.co\/colombia\/wp-content\/uploads\/LogoHorizontal_1.jpg","contentUrl":"https:\/\/www.fiscalia.gov.co\/colombia\/wp-content\/uploads\/LogoHorizontal_1.jpg","width":300,"height":90,"caption":"Fiscal\u00eda General de la Naci\u00f3n"},"image":{"@id":"https:\/\/www.fiscalia.gov.co\/colombia\/#\/schema\/logo\/image\/"},"sameAs":["https:\/\/www.facebook.com\/FiscaliaCol","https:\/\/x.com\/FiscaliaCol","https:\/\/www.instagram.com\/fiscaliacol","https:\/\/www.linkedin.com\/company\/fiscalia-general-de-la-naci-n\/","https:\/\/youtube.com\/@fiscaliageneraldelanacion-4668?si=6nN79nyQICPU5iTh"]},{"@type":"Person","@id":"https:\/\/www.fiscalia.gov.co\/colombia\/#\/schema\/person\/2e76b9aba5ecf875ed565ce4de0e0415","name":"Katherine Loaiza Mart\u00ednez","image":{"@type":"ImageObject","inLanguage":"es-CO","@id":"https:\/\/www.fiscalia.gov.co\/colombia\/#\/schema\/person\/image\/","url":"https:\/\/secure.gravatar.com\/avatar\/ab775a2f394c1b83b6d6f78680e57b50?s=96&d=mm&r=g","contentUrl":"https:\/\/secure.gravatar.com\/avatar\/ab775a2f394c1b83b6d6f78680e57b50?s=96&d=mm&r=g","caption":"Katherine Loaiza Mart\u00ednez"},"url":"https:\/\/www.fiscalia.gov.co\/colombia\/author\/kloaiza\/"}]}},"_links":{"self":[{"href":"https:\/\/www.fiscalia.gov.co\/colombia\/wp-json\/wp\/v2\/posts\/229009","targetHints":{"allow":["GET"]}}],"collection":[{"href":"https:\/\/www.fiscalia.gov.co\/colombia\/wp-json\/wp\/v2\/posts"}],"about":[{"href":"https:\/\/www.fiscalia.gov.co\/colombia\/wp-json\/wp\/v2\/types\/post"}],"author":[{"embeddable":true,"href":"https:\/\/www.fiscalia.gov.co\/colombia\/wp-json\/wp\/v2\/users\/175"}],"replies":[{"embeddable":true,"href":"https:\/\/www.fiscalia.gov.co\/colombia\/wp-json\/wp\/v2\/comments?post=229009"}],"version-history":[{"count":1,"href":"https:\/\/www.fiscalia.gov.co\/colombia\/wp-json\/wp\/v2\/posts\/229009\/revisions"}],"predecessor-version":[{"id":229010,"href":"https:\/\/www.fiscalia.gov.co\/colombia\/wp-json\/wp\/v2\/posts\/229009\/revisions\/229010"}],"wp:attachment":[{"href":"https:\/\/www.fiscalia.gov.co\/colombia\/wp-json\/wp\/v2\/media?parent=229009"}],"wp:term":[{"taxonomy":"category","embeddable":true,"href":"https:\/\/www.fiscalia.gov.co\/colombia\/wp-json\/wp\/v2\/categories?post=229009"},{"taxonomy":"post_tag","embeddable":true,"href":"https:\/\/www.fiscalia.gov.co\/colombia\/wp-json\/wp\/v2\/tags?post=229009"}],"curies":[{"name":"wp","href":"https:\/\/api.w.org\/{rel}","templated":true}]}}