{"id":228960,"date":"2021-09-07T09:18:33","date_gmt":"2021-09-07T14:18:33","guid":{"rendered":"https:\/\/www.fiscalia.gov.co\/colombia\/?p=228960"},"modified":"2021-09-07T09:18:33","modified_gmt":"2021-09-07T14:18:33","slug":"condenados-integrantes-de-disidencias-de-las-farc-y-de-los-caparros-estructuras-responsables-de-afectaciones-a-defensores-de-derechos-humanos-y-reincorporados","status":"publish","type":"post","link":"https:\/\/www.fiscalia.gov.co\/colombia\/noticias\/condenados-integrantes-de-disidencias-de-las-farc-y-de-los-caparros-estructuras-responsables-de-afectaciones-a-defensores-de-derechos-humanos-y-reincorporados\/","title":{"rendered":"Condenados integrantes de disidencias de las Farc y de Los Caparros, estructuras responsables de afectaciones a defensores de Derechos Humanos y reincorporados"},"content":{"rendered":"<div>\n<div dir=\"ltr\">\n<div dir=\"ltr\">\n<div dir=\"ltr\">\n<p><span lang=\"ES\">La Fiscal\u00eda General de la Naci\u00f3n, a trav\u00e9s de la Unidad Especial de Investigaci\u00f3n (UEI), en el marco de la estrategia investigativa para contribuir con el desmantelamiento de organizaciones criminales y la judicializaci\u00f3n por afectaciones contra defensores de derechos humanos y reincorporados, logr\u00f3 tres condenas contra integrantes de las\u00a0<b>estructuras disidentes de las Farc \u2018Dagoberto Ramos\u2019<\/b>\u00a0y\u00a0<b>\u2018Carolina Ram\u00edrez\u2019<\/b>, as\u00ed como de\u00a0<b>Los Caparros<\/b>, con injerencia en los departamentos de Cauca, Putumayo y Antioquia, respectivamente.\u00a0<\/span><span lang=\"ES\">\u00a0<\/span><span lang=\"ES\">Los afectados con las decisiones son:\u00a0\u00a0<\/span><\/p>\n<ul type=\"disc\">\n<li><b><span lang=\"ES\">Edwar Cantillo Cuero, integrante de la \u2018Dagoberto Ramos\u2019\u00a0<\/span><\/b><span lang=\"ES\">\u00a0<\/span><\/li>\n<\/ul>\n<p><span lang=\"ES\">Al establecer la responsabilidad del procesado, en calidad de coautor, en los delitos de\u00a0<b>lavado de activos,<\/b>\u00a0porte ilegal de armas de uso privativo de las fuerzas militares y de defensa personal; y tr\u00e1fico, fabricaci\u00f3n o porte de estupefacientes<b>\u00a0<\/b>que le endilg\u00f3 la Fiscal\u00eda, el Juzgado Tercero Penal del Circuito Especializado de Popay\u00e1n (Cauca), con funci\u00f3n de conocimiento, conden\u00f3 a\u00a0<b><a href=\"https:\/\/www.fiscalia.gov.co\/colombia\/seccionales\/judicializados-dos-presuntos-integrantes-de-la-estructura-delincuencial-dagoberto-ramos-en-el-cauca-que-tenian-en-su-poder-mas-de-700-kilos-de-marihuana-armas-y-explosivos\/\" target=\"_blank\" rel=\"noopener noreferrer\" data-saferedirecturl=\"https:\/\/www.google.com\/url?q=https:\/\/www.fiscalia.gov.co\/colombia\/seccionales\/judicializados-dos-presuntos-integrantes-de-la-estructura-delincuencial-dagoberto-ramos-en-el-cauca-que-tenian-en-su-poder-mas-de-700-kilos-de-marihuana-armas-y-explosivos\/&amp;source=gmail&amp;ust=1630941880807000&amp;usg=AFQjCNEa36WkKvoOzAxhviXU8ieuqPpq7Q\">Edwar Cantillo Cuero<\/a><\/b>, disidente de las Farc, a una pena de 84 meses de prisi\u00f3n.\u00a0<\/span><\/p>\n<figure id=\"attachment_228961\" aria-describedby=\"caption-attachment-228961\" style=\"width: 518px\" class=\"wp-caption aligncenter\"><img loading=\"lazy\" decoding=\"async\" class=\"size-full wp-image-228961\" src=\"https:\/\/www.fiscalia.gov.co\/colombia\/wp-content\/uploads\/Incautaci\u00f3n-disidencias-Dagoberto-Ramos-Edwar-Cantillo-Cuero.jpg.jpeg\" alt=\"\" width=\"518\" height=\"302\" srcset=\"https:\/\/www.fiscalia.gov.co\/colombia\/wp-content\/uploads\/Incautaci\u00f3n-disidencias-Dagoberto-Ramos-Edwar-Cantillo-Cuero.jpg.jpeg 518w, https:\/\/www.fiscalia.gov.co\/colombia\/wp-content\/uploads\/Incautaci\u00f3n-disidencias-Dagoberto-Ramos-Edwar-Cantillo-Cuero.jpg-300x175.jpeg 300w\" sizes=\"auto, (max-width: 518px) 100vw, 518px\" \/><figcaption id=\"caption-attachment-228961\" class=\"wp-caption-text\">Incautaci\u00f3n realizada a Edwar Cantillo Cuero y a otro integrante de la estructura disidente Dagoberto Ramos, en Cauca, en agosto de 2020.<\/figcaption><\/figure>\n<p><span lang=\"ES\">Cantillo Cuero fue capturado el 7 de agosto de 2020 en el\u00a0<b>corregimiento El Palo<\/b>\u00a0del municipio de Caloto (Cauca), donde se le incautaron\u00a0<b>774 kilos de marihuana<\/b>, diferente tipo de armamento, munici\u00f3n y\u00a0dinero en efectivo.\u00a0\u00a0<\/span><span lang=\"ES\">Con este resultado se logr\u00f3 la afectaci\u00f3n de las finanzas criminales del grupo disidente Dagoberto Ramos, contra el cual se adelantan diferentes investigaciones, al ser se\u00f1alado como responsable de 41 homicidios, 22 de ellos contra defensores de derechos humanos y 6 contra reincorporados; as\u00ed como por lo menos tres homicidios m\u00faltiples perpetrados en Cauca y Huila, en 2021.\u00a0<\/span><\/p>\n<ul>\n<li><b><span lang=\"ES\">Alias Bleiner, comandante de comisi\u00f3n armada del grupo residual Carolina Ram\u00edrez<\/span><\/b><b><span lang=\"ES\">\u00a0<\/span><\/b><\/li>\n<\/ul>\n<p><span lang=\"ES\">Por medio del proyecto investigativo en Putumayo, desarrollado para impactar la estructura disidente Carolina Ram\u00edrez, la Unidad Especial de Investigaci\u00f3n obtuvo la sentencia contra\u00a0<b>Janier Morales Tibacuy alias Bleiner<\/b>, quien en virtud de un preacuerdo acept\u00f3 su responsabilidad en los delitos de concierto para delinquir agravado con fines de cometer homicidio, extorsi\u00f3n y desplazamiento forzado, y fabricaci\u00f3n, tr\u00e1fico o porte de armas de fuego de uso privativo de las fuerzas militares. As\u00ed, el Juzgado Primero Penal del Circuito Especializado de Mocoa (Putumayo), con funci\u00f3n de conocimiento, conden\u00f3 al procesado a 100 meses de prisi\u00f3n.\u00a0<\/span><span lang=\"ES\">\u00a0<\/span><span lang=\"ES\">Morales Tibacuy fung\u00eda como comandante de la comisi\u00f3n armada del municipio de Puerto Legu\u00edzamo y riveras del R\u00edo Putumayo del grupo residual Carolina Ram\u00edrez, entre 2018 y 2020, con injerencia en ese departamento. \u00a0<\/span><span lang=\"ES\">\u00a0\u00a0<\/span><\/p>\n<ul>\n<li><b><span lang=\"ES\">Alias Mono Bal\u00edn, financiero de la subestructura Norberto Olivares de Los Caparros\u00a0<\/span><\/b><\/li>\n<\/ul>\n<p><span lang=\"ES\">El material probatorio recaudado por el ente acusador permiti\u00f3 que el Juzgado Cuarto Penal del Circuito Especializado de Antioquia emitiera sentencia condenatoria en contra de\u00a0<b>Rafael Jos\u00e9 Pulgar\u00edn Yepes, alias Mono Bal\u00edn o Matabrujas<\/b>, por el delito de concierto para delinquir agravado con fines de homicidio, desplazamiento forzado, tr\u00e1fico de estupefacientes y extorsi\u00f3n.\u00a0<\/span><\/p>\n<figure id=\"attachment_228962\" aria-describedby=\"caption-attachment-228962\" style=\"width: 715px\" class=\"wp-caption aligncenter\"><img loading=\"lazy\" decoding=\"async\" class=\"size-full wp-image-228962\" src=\"https:\/\/www.fiscalia.gov.co\/colombia\/wp-content\/uploads\/Alias-Mono-Bal\u00edn-Los-Caparros-homicidio-l\u00edder-Taraz\u00e1.jpg\" alt=\"\" width=\"715\" height=\"560\" srcset=\"https:\/\/www.fiscalia.gov.co\/colombia\/wp-content\/uploads\/Alias-Mono-Bal\u00edn-Los-Caparros-homicidio-l\u00edder-Taraz\u00e1.jpg 715w, https:\/\/www.fiscalia.gov.co\/colombia\/wp-content\/uploads\/Alias-Mono-Bal\u00edn-Los-Caparros-homicidio-l\u00edder-Taraz\u00e1-300x235.jpg 300w, https:\/\/www.fiscalia.gov.co\/colombia\/wp-content\/uploads\/Alias-Mono-Bal\u00edn-Los-Caparros-homicidio-l\u00edder-Taraz\u00e1-696x545.jpg 696w, https:\/\/www.fiscalia.gov.co\/colombia\/wp-content\/uploads\/Alias-Mono-Bal\u00edn-Los-Caparros-homicidio-l\u00edder-Taraz\u00e1-536x420.jpg 536w\" sizes=\"auto, (max-width: 715px) 100vw, 715px\" \/><figcaption id=\"caption-attachment-228962\" class=\"wp-caption-text\">Rafael Jos\u00e9 Pulgar\u00edn Yepes, alias Mono Bal\u00edn o Matabrujas, cabecilla de zona y financiero de la subestructura Norberto Olivares del grupo armado Los Caparros, en Antioquia.<\/figcaption><\/figure>\n<p><span lang=\"ES\">Alias Mono Bal\u00edn, quien era el cabecilla de zona y financiero de la subestructura Norberto Olivares del grupo armado Los Caparros, purgar\u00e1 73 meses de prisi\u00f3n.\u00a0<\/span><span lang=\"ES\">A esta estructura se le atribuye el homicidio del Norberto Alonso Guti\u00e9rrez Ram\u00edrez, presidente de la Junta de Acci\u00f3n Comunal (JAC) de la vereda La Envidia, en el corregimiento La Caucana del municipio de Taraz\u00e1 (Antioquia), en hechos ocurridos el 11 de septiembre de 2018.\u00a0<\/span><span lang=\"ES\">El trabajo adelantado por el equipo itinerante de Antioquia \u2013 C\u00f3rdoba de la UEI contribuy\u00f3 a la desarticulaci\u00f3n de la estructura criminal Los Caparros, con lo cual se redujo la tasa de homicidios en esas zonas del pa\u00eds. \u00a0<\/span><span lang=\"ES\">Esta informaci\u00f3n se publica por razones de inter\u00e9s general.\u00a0<\/span><span lang=\"ES\">\u00a0<\/span><b><span lang=\"ES\">La Fiscal\u00eda General de la Naci\u00f3n habla con resultados<\/span><\/b><span lang=\"ES\">.\u00a0<\/span><span lang=\"ES\">\u00a0<\/span><span lang=\"ES\">DLBM\/AA\/MRC.\u00a0<\/span><span lang=\"ES\">\u00a0<\/span><\/p>\n<p>&nbsp;<\/p>\n<\/div>\n<\/div>\n<\/div>\n<\/div>\n\n<div class=\"twitter-share\"><a href=\"https:\/\/twitter.com\/intent\/tweet?via=fiscaliacol\" class=\"twitter-share-button\">Tweet<\/a><\/div>\n","protected":false},"excerpt":{"rendered":"<p>La Fiscal\u00eda General de la Naci\u00f3n, a trav\u00e9s de la Unidad Especial de Investigaci\u00f3n (UEI), en el marco de la estrategia investigativa para contribuir con el desmantelamiento de organizaciones criminales y la judicializaci\u00f3n por afectaciones contra defensores de derechos humanos y reincorporados, logr\u00f3 tres condenas contra integrantes de las\u00a0estructuras disidentes de las Farc \u2018Dagoberto Ramos\u2019\u00a0y\u00a0\u2018Carolina [&hellip;]<\/p>\n","protected":false},"author":175,"featured_media":0,"comment_status":"closed","ping_status":"open","sticky":false,"template":"","format":"standard","meta":{"_price":"","_stock":"","_tribe_ticket_header":"","_tribe_default_ticket_provider":"","_tribe_ticket_capacity":"0","_ticket_start_date":"","_ticket_end_date":"","_tribe_ticket_show_description":"","_tribe_ticket_show_not_going":false,"_tribe_ticket_use_global_stock":"","_tribe_ticket_global_stock_level":"","_global_stock_mode":"","_global_stock_cap":"","_tribe_rsvp_for_event":"","_tribe_ticket_going_count":"","_tribe_ticket_not_going_count":"","_tribe_tickets_list":"[]","_tribe_ticket_has_attendee_info_fields":false,"tdm_status":"","tdm_grid_status":"","footnotes":""},"categories":[24098,24174,1],"tags":[7484,25457,24287,24187,1047,24448,24578],"class_list":{"0":"post-228960","1":"post","2":"type-post","3":"status-publish","4":"format-standard","6":"category-crimen-organizado","7":"category-hay-justicia","8":"category-noticias","9":"tag-crimen-organizado","10":"tag-defensores-dd-hh","11":"tag-disidencias-farc","12":"tag-fiscalia-colombia","13":"tag-fiscalia-general-de-la-nacion","14":"tag-hay-justicia","15":"tag-los-caparros"},"yoast_head":"<!-- This site is optimized with the Yoast SEO plugin v24.3 - https:\/\/yoast.com\/wordpress\/plugins\/seo\/ -->\n<title>Fiscal\u00eda General de la Naci\u00f3n<\/title>\n<meta name=\"description\" content=\"P\u00e1gina oficial de la Fiscal\u00eda General de la Naci\u00f3n \u2013 Colombia. Garantizamos el acceso efectivo a la justicia, la verdad y la reparaci\u00f3n de las v\u00edctimas de los delitos.\" \/>\n<meta name=\"robots\" content=\"noindex, follow\" \/>\n<meta property=\"og:locale\" content=\"es_ES\" \/>\n<meta property=\"og:type\" content=\"article\" \/>\n<meta property=\"og:title\" content=\"Fiscal\u00eda General de la Naci\u00f3n\" \/>\n<meta property=\"og:description\" content=\"P\u00e1gina oficial de la Fiscal\u00eda General de la Naci\u00f3n \u2013 Colombia. Garantizamos el acceso efectivo a la justicia, la verdad y la reparaci\u00f3n de las v\u00edctimas de los delitos.\" \/>\n<meta property=\"og:url\" content=\"https:\/\/www.fiscalia.gov.co\/colombia\/noticias\/condenados-integrantes-de-disidencias-de-las-farc-y-de-los-caparros-estructuras-responsables-de-afectaciones-a-defensores-de-derechos-humanos-y-reincorporados\/\" \/>\n<meta property=\"og:site_name\" content=\"Fiscal\u00eda General de la Naci\u00f3n\" \/>\n<meta property=\"article:publisher\" content=\"https:\/\/www.facebook.com\/FiscaliaCol\" \/>\n<meta property=\"article:published_time\" content=\"2021-09-07T14:18:33+00:00\" \/>\n<meta name=\"author\" content=\"Katherine Loaiza Mart\u00ednez\" \/>\n<meta name=\"twitter:card\" content=\"summary_large_image\" \/>\n<meta name=\"twitter:creator\" content=\"@FiscaliaCol\" \/>\n<meta name=\"twitter:site\" content=\"@FiscaliaCol\" \/>\n<meta name=\"twitter:label1\" content=\"Escrito por\" \/>\n\t<meta name=\"twitter:data1\" content=\"Katherine Loaiza Mart\u00ednez\" \/>\n\t<meta name=\"twitter:label2\" content=\"Tiempo de lectura\" \/>\n\t<meta name=\"twitter:data2\" content=\"3 minutos\" \/>\n<script type=\"application\/ld+json\" class=\"yoast-schema-graph\">{\"@context\":\"https:\/\/schema.org\",\"@graph\":[{\"@type\":\"Article\",\"@id\":\"https:\/\/www.fiscalia.gov.co\/colombia\/noticias\/condenados-integrantes-de-disidencias-de-las-farc-y-de-los-caparros-estructuras-responsables-de-afectaciones-a-defensores-de-derechos-humanos-y-reincorporados\/#article\",\"isPartOf\":{\"@id\":\"https:\/\/www.fiscalia.gov.co\/colombia\/noticias\/condenados-integrantes-de-disidencias-de-las-farc-y-de-los-caparros-estructuras-responsables-de-afectaciones-a-defensores-de-derechos-humanos-y-reincorporados\/\"},\"author\":{\"name\":\"Katherine Loaiza Mart\u00ednez\",\"@id\":\"https:\/\/www.fiscalia.gov.co\/colombia\/#\/schema\/person\/2e76b9aba5ecf875ed565ce4de0e0415\"},\"headline\":\"Condenados integrantes de disidencias de las Farc y de Los Caparros, estructuras responsables de afectaciones a defensores de Derechos Humanos y reincorporados\",\"datePublished\":\"2021-09-07T14:18:33+00:00\",\"dateModified\":\"2021-09-07T14:18:33+00:00\",\"mainEntityOfPage\":{\"@id\":\"https:\/\/www.fiscalia.gov.co\/colombia\/noticias\/condenados-integrantes-de-disidencias-de-las-farc-y-de-los-caparros-estructuras-responsables-de-afectaciones-a-defensores-de-derechos-humanos-y-reincorporados\/\"},\"wordCount\":711,\"publisher\":{\"@id\":\"https:\/\/www.fiscalia.gov.co\/colombia\/#organization\"},\"keywords\":[\"Crimen organizado\",\"defensores DD.HH.\",\"disidencias Farc\",\"Fiscal\u00eda Colombia\",\"Fiscal\u00eda General de la Naci\u00f3n\",\"Hay Justicia\",\"Los Caparros\"],\"articleSection\":[\"Crimen organizado\",\"Hay Justicia\",\"Noticias\"],\"inLanguage\":\"es-CO\"},{\"@type\":\"WebPage\",\"@id\":\"https:\/\/www.fiscalia.gov.co\/colombia\/noticias\/condenados-integrantes-de-disidencias-de-las-farc-y-de-los-caparros-estructuras-responsables-de-afectaciones-a-defensores-de-derechos-humanos-y-reincorporados\/\",\"url\":\"https:\/\/www.fiscalia.gov.co\/colombia\/noticias\/condenados-integrantes-de-disidencias-de-las-farc-y-de-los-caparros-estructuras-responsables-de-afectaciones-a-defensores-de-derechos-humanos-y-reincorporados\/\",\"name\":\"Fiscal\u00eda General de la Naci\u00f3n\",\"isPartOf\":{\"@id\":\"https:\/\/www.fiscalia.gov.co\/colombia\/#website\"},\"datePublished\":\"2021-09-07T14:18:33+00:00\",\"dateModified\":\"2021-09-07T14:18:33+00:00\",\"description\":\"P\u00e1gina oficial de la Fiscal\u00eda General de la Naci\u00f3n \u2013 Colombia. Garantizamos el acceso efectivo a la justicia, la verdad y la reparaci\u00f3n de las v\u00edctimas de los delitos.\",\"breadcrumb\":{\"@id\":\"https:\/\/www.fiscalia.gov.co\/colombia\/noticias\/condenados-integrantes-de-disidencias-de-las-farc-y-de-los-caparros-estructuras-responsables-de-afectaciones-a-defensores-de-derechos-humanos-y-reincorporados\/#breadcrumb\"},\"inLanguage\":\"es-CO\",\"potentialAction\":[{\"@type\":\"ReadAction\",\"target\":[\"https:\/\/www.fiscalia.gov.co\/colombia\/noticias\/condenados-integrantes-de-disidencias-de-las-farc-y-de-los-caparros-estructuras-responsables-de-afectaciones-a-defensores-de-derechos-humanos-y-reincorporados\/\"]}]},{\"@type\":\"BreadcrumbList\",\"@id\":\"https:\/\/www.fiscalia.gov.co\/colombia\/noticias\/condenados-integrantes-de-disidencias-de-las-farc-y-de-los-caparros-estructuras-responsables-de-afectaciones-a-defensores-de-derechos-humanos-y-reincorporados\/#breadcrumb\",\"itemListElement\":[{\"@type\":\"ListItem\",\"position\":1,\"name\":\"Home\",\"item\":\"https:\/\/www.fiscalia.gov.co\/colombia\/\"},{\"@type\":\"ListItem\",\"position\":2,\"name\":\"Condenados integrantes de disidencias de las Farc y de Los Caparros, estructuras responsables de afectaciones a defensores de Derechos Humanos y reincorporados\"}]},{\"@type\":\"WebSite\",\"@id\":\"https:\/\/www.fiscalia.gov.co\/colombia\/#website\",\"url\":\"https:\/\/www.fiscalia.gov.co\/colombia\/\",\"name\":\"Fiscal\u00eda General de la Naci\u00f3n\",\"description\":\"P\u00e1gina oficial de la Fiscal\u00eda General de la Naci\u00f3n \u2013 Colombia. Garantizamos el acceso efectivo a la justicia, la verdad y la reparaci\u00f3n de las v\u00edctimas de los delitos.\",\"publisher\":{\"@id\":\"https:\/\/www.fiscalia.gov.co\/colombia\/#organization\"},\"potentialAction\":[{\"@type\":\"SearchAction\",\"target\":{\"@type\":\"EntryPoint\",\"urlTemplate\":\"https:\/\/www.fiscalia.gov.co\/colombia\/?s={search_term_string}\"},\"query-input\":{\"@type\":\"PropertyValueSpecification\",\"valueRequired\":true,\"valueName\":\"search_term_string\"}}],\"inLanguage\":\"es-CO\"},{\"@type\":\"Organization\",\"@id\":\"https:\/\/www.fiscalia.gov.co\/colombia\/#organization\",\"name\":\"Fiscal\u00eda General de la Naci\u00f3n\",\"url\":\"https:\/\/www.fiscalia.gov.co\/colombia\/\",\"logo\":{\"@type\":\"ImageObject\",\"inLanguage\":\"es-CO\",\"@id\":\"https:\/\/www.fiscalia.gov.co\/colombia\/#\/schema\/logo\/image\/\",\"url\":\"https:\/\/www.fiscalia.gov.co\/colombia\/wp-content\/uploads\/LogoHorizontal_1.jpg\",\"contentUrl\":\"https:\/\/www.fiscalia.gov.co\/colombia\/wp-content\/uploads\/LogoHorizontal_1.jpg\",\"width\":300,\"height\":90,\"caption\":\"Fiscal\u00eda General de la Naci\u00f3n\"},\"image\":{\"@id\":\"https:\/\/www.fiscalia.gov.co\/colombia\/#\/schema\/logo\/image\/\"},\"sameAs\":[\"https:\/\/www.facebook.com\/FiscaliaCol\",\"https:\/\/x.com\/FiscaliaCol\",\"https:\/\/www.instagram.com\/fiscaliacol\",\"https:\/\/www.linkedin.com\/company\/fiscalia-general-de-la-naci-n\/\",\"https:\/\/youtube.com\/@fiscaliageneraldelanacion-4668?si=6nN79nyQICPU5iTh\"]},{\"@type\":\"Person\",\"@id\":\"https:\/\/www.fiscalia.gov.co\/colombia\/#\/schema\/person\/2e76b9aba5ecf875ed565ce4de0e0415\",\"name\":\"Katherine Loaiza Mart\u00ednez\",\"image\":{\"@type\":\"ImageObject\",\"inLanguage\":\"es-CO\",\"@id\":\"https:\/\/www.fiscalia.gov.co\/colombia\/#\/schema\/person\/image\/\",\"url\":\"https:\/\/secure.gravatar.com\/avatar\/ab775a2f394c1b83b6d6f78680e57b50?s=96&d=mm&r=g\",\"contentUrl\":\"https:\/\/secure.gravatar.com\/avatar\/ab775a2f394c1b83b6d6f78680e57b50?s=96&d=mm&r=g\",\"caption\":\"Katherine Loaiza Mart\u00ednez\"},\"url\":\"https:\/\/www.fiscalia.gov.co\/colombia\/author\/kloaiza\/\"}]}<\/script>\n<!-- \/ Yoast SEO plugin. -->","yoast_head_json":{"title":"Fiscal\u00eda General de la Naci\u00f3n","description":"P\u00e1gina oficial de la Fiscal\u00eda General de la Naci\u00f3n \u2013 Colombia. Garantizamos el acceso efectivo a la justicia, la verdad y la reparaci\u00f3n de las v\u00edctimas de los delitos.","robots":{"index":"noindex","follow":"follow"},"og_locale":"es_ES","og_type":"article","og_title":"Fiscal\u00eda General de la Naci\u00f3n","og_description":"P\u00e1gina oficial de la Fiscal\u00eda General de la Naci\u00f3n \u2013 Colombia. Garantizamos el acceso efectivo a la justicia, la verdad y la reparaci\u00f3n de las v\u00edctimas de los delitos.","og_url":"https:\/\/www.fiscalia.gov.co\/colombia\/noticias\/condenados-integrantes-de-disidencias-de-las-farc-y-de-los-caparros-estructuras-responsables-de-afectaciones-a-defensores-de-derechos-humanos-y-reincorporados\/","og_site_name":"Fiscal\u00eda General de la Naci\u00f3n","article_publisher":"https:\/\/www.facebook.com\/FiscaliaCol","article_published_time":"2021-09-07T14:18:33+00:00","author":"Katherine Loaiza Mart\u00ednez","twitter_card":"summary_large_image","twitter_creator":"@FiscaliaCol","twitter_site":"@FiscaliaCol","twitter_misc":{"Escrito por":"Katherine Loaiza Mart\u00ednez","Tiempo de lectura":"3 minutos"},"schema":{"@context":"https:\/\/schema.org","@graph":[{"@type":"Article","@id":"https:\/\/www.fiscalia.gov.co\/colombia\/noticias\/condenados-integrantes-de-disidencias-de-las-farc-y-de-los-caparros-estructuras-responsables-de-afectaciones-a-defensores-de-derechos-humanos-y-reincorporados\/#article","isPartOf":{"@id":"https:\/\/www.fiscalia.gov.co\/colombia\/noticias\/condenados-integrantes-de-disidencias-de-las-farc-y-de-los-caparros-estructuras-responsables-de-afectaciones-a-defensores-de-derechos-humanos-y-reincorporados\/"},"author":{"name":"Katherine Loaiza Mart\u00ednez","@id":"https:\/\/www.fiscalia.gov.co\/colombia\/#\/schema\/person\/2e76b9aba5ecf875ed565ce4de0e0415"},"headline":"Condenados integrantes de disidencias de las Farc y de Los Caparros, estructuras responsables de afectaciones a defensores de Derechos Humanos y reincorporados","datePublished":"2021-09-07T14:18:33+00:00","dateModified":"2021-09-07T14:18:33+00:00","mainEntityOfPage":{"@id":"https:\/\/www.fiscalia.gov.co\/colombia\/noticias\/condenados-integrantes-de-disidencias-de-las-farc-y-de-los-caparros-estructuras-responsables-de-afectaciones-a-defensores-de-derechos-humanos-y-reincorporados\/"},"wordCount":711,"publisher":{"@id":"https:\/\/www.fiscalia.gov.co\/colombia\/#organization"},"keywords":["Crimen organizado","defensores DD.HH.","disidencias Farc","Fiscal\u00eda Colombia","Fiscal\u00eda General de la Naci\u00f3n","Hay Justicia","Los Caparros"],"articleSection":["Crimen organizado","Hay Justicia","Noticias"],"inLanguage":"es-CO"},{"@type":"WebPage","@id":"https:\/\/www.fiscalia.gov.co\/colombia\/noticias\/condenados-integrantes-de-disidencias-de-las-farc-y-de-los-caparros-estructuras-responsables-de-afectaciones-a-defensores-de-derechos-humanos-y-reincorporados\/","url":"https:\/\/www.fiscalia.gov.co\/colombia\/noticias\/condenados-integrantes-de-disidencias-de-las-farc-y-de-los-caparros-estructuras-responsables-de-afectaciones-a-defensores-de-derechos-humanos-y-reincorporados\/","name":"Fiscal\u00eda General de la Naci\u00f3n","isPartOf":{"@id":"https:\/\/www.fiscalia.gov.co\/colombia\/#website"},"datePublished":"2021-09-07T14:18:33+00:00","dateModified":"2021-09-07T14:18:33+00:00","description":"P\u00e1gina oficial de la Fiscal\u00eda General de la Naci\u00f3n \u2013 Colombia. Garantizamos el acceso efectivo a la justicia, la verdad y la reparaci\u00f3n de las v\u00edctimas de los delitos.","breadcrumb":{"@id":"https:\/\/www.fiscalia.gov.co\/colombia\/noticias\/condenados-integrantes-de-disidencias-de-las-farc-y-de-los-caparros-estructuras-responsables-de-afectaciones-a-defensores-de-derechos-humanos-y-reincorporados\/#breadcrumb"},"inLanguage":"es-CO","potentialAction":[{"@type":"ReadAction","target":["https:\/\/www.fiscalia.gov.co\/colombia\/noticias\/condenados-integrantes-de-disidencias-de-las-farc-y-de-los-caparros-estructuras-responsables-de-afectaciones-a-defensores-de-derechos-humanos-y-reincorporados\/"]}]},{"@type":"BreadcrumbList","@id":"https:\/\/www.fiscalia.gov.co\/colombia\/noticias\/condenados-integrantes-de-disidencias-de-las-farc-y-de-los-caparros-estructuras-responsables-de-afectaciones-a-defensores-de-derechos-humanos-y-reincorporados\/#breadcrumb","itemListElement":[{"@type":"ListItem","position":1,"name":"Home","item":"https:\/\/www.fiscalia.gov.co\/colombia\/"},{"@type":"ListItem","position":2,"name":"Condenados integrantes de disidencias de las Farc y de Los Caparros, estructuras responsables de afectaciones a defensores de Derechos Humanos y reincorporados"}]},{"@type":"WebSite","@id":"https:\/\/www.fiscalia.gov.co\/colombia\/#website","url":"https:\/\/www.fiscalia.gov.co\/colombia\/","name":"Fiscal\u00eda General de la Naci\u00f3n","description":"P\u00e1gina oficial de la Fiscal\u00eda General de la Naci\u00f3n \u2013 Colombia. Garantizamos el acceso efectivo a la justicia, la verdad y la reparaci\u00f3n de las v\u00edctimas de los delitos.","publisher":{"@id":"https:\/\/www.fiscalia.gov.co\/colombia\/#organization"},"potentialAction":[{"@type":"SearchAction","target":{"@type":"EntryPoint","urlTemplate":"https:\/\/www.fiscalia.gov.co\/colombia\/?s={search_term_string}"},"query-input":{"@type":"PropertyValueSpecification","valueRequired":true,"valueName":"search_term_string"}}],"inLanguage":"es-CO"},{"@type":"Organization","@id":"https:\/\/www.fiscalia.gov.co\/colombia\/#organization","name":"Fiscal\u00eda General de la Naci\u00f3n","url":"https:\/\/www.fiscalia.gov.co\/colombia\/","logo":{"@type":"ImageObject","inLanguage":"es-CO","@id":"https:\/\/www.fiscalia.gov.co\/colombia\/#\/schema\/logo\/image\/","url":"https:\/\/www.fiscalia.gov.co\/colombia\/wp-content\/uploads\/LogoHorizontal_1.jpg","contentUrl":"https:\/\/www.fiscalia.gov.co\/colombia\/wp-content\/uploads\/LogoHorizontal_1.jpg","width":300,"height":90,"caption":"Fiscal\u00eda General de la Naci\u00f3n"},"image":{"@id":"https:\/\/www.fiscalia.gov.co\/colombia\/#\/schema\/logo\/image\/"},"sameAs":["https:\/\/www.facebook.com\/FiscaliaCol","https:\/\/x.com\/FiscaliaCol","https:\/\/www.instagram.com\/fiscaliacol","https:\/\/www.linkedin.com\/company\/fiscalia-general-de-la-naci-n\/","https:\/\/youtube.com\/@fiscaliageneraldelanacion-4668?si=6nN79nyQICPU5iTh"]},{"@type":"Person","@id":"https:\/\/www.fiscalia.gov.co\/colombia\/#\/schema\/person\/2e76b9aba5ecf875ed565ce4de0e0415","name":"Katherine Loaiza Mart\u00ednez","image":{"@type":"ImageObject","inLanguage":"es-CO","@id":"https:\/\/www.fiscalia.gov.co\/colombia\/#\/schema\/person\/image\/","url":"https:\/\/secure.gravatar.com\/avatar\/ab775a2f394c1b83b6d6f78680e57b50?s=96&d=mm&r=g","contentUrl":"https:\/\/secure.gravatar.com\/avatar\/ab775a2f394c1b83b6d6f78680e57b50?s=96&d=mm&r=g","caption":"Katherine Loaiza Mart\u00ednez"},"url":"https:\/\/www.fiscalia.gov.co\/colombia\/author\/kloaiza\/"}]}},"_links":{"self":[{"href":"https:\/\/www.fiscalia.gov.co\/colombia\/wp-json\/wp\/v2\/posts\/228960","targetHints":{"allow":["GET"]}}],"collection":[{"href":"https:\/\/www.fiscalia.gov.co\/colombia\/wp-json\/wp\/v2\/posts"}],"about":[{"href":"https:\/\/www.fiscalia.gov.co\/colombia\/wp-json\/wp\/v2\/types\/post"}],"author":[{"embeddable":true,"href":"https:\/\/www.fiscalia.gov.co\/colombia\/wp-json\/wp\/v2\/users\/175"}],"replies":[{"embeddable":true,"href":"https:\/\/www.fiscalia.gov.co\/colombia\/wp-json\/wp\/v2\/comments?post=228960"}],"version-history":[{"count":1,"href":"https:\/\/www.fiscalia.gov.co\/colombia\/wp-json\/wp\/v2\/posts\/228960\/revisions"}],"predecessor-version":[{"id":228963,"href":"https:\/\/www.fiscalia.gov.co\/colombia\/wp-json\/wp\/v2\/posts\/228960\/revisions\/228963"}],"wp:attachment":[{"href":"https:\/\/www.fiscalia.gov.co\/colombia\/wp-json\/wp\/v2\/media?parent=228960"}],"wp:term":[{"taxonomy":"category","embeddable":true,"href":"https:\/\/www.fiscalia.gov.co\/colombia\/wp-json\/wp\/v2\/categories?post=228960"},{"taxonomy":"post_tag","embeddable":true,"href":"https:\/\/www.fiscalia.gov.co\/colombia\/wp-json\/wp\/v2\/tags?post=228960"}],"curies":[{"name":"wp","href":"https:\/\/api.w.org\/{rel}","templated":true}]}}