{"id":228954,"date":"2021-09-05T07:45:29","date_gmt":"2021-09-05T12:45:29","guid":{"rendered":"https:\/\/www.fiscalia.gov.co\/colombia\/?p=228954"},"modified":"2021-09-10T16:27:59","modified_gmt":"2021-09-10T21:27:59","slug":"judicializadas-12-personas-senaladas-de-pertenecer-a-la-banda-los-juanos-y-de-haber-participado-en-ataques-a-los-bienes-del-estado-y-al-trafico-de-drogas-en-cundinamarca","status":"publish","type":"post","link":"https:\/\/www.fiscalia.gov.co\/colombia\/noticias\/judicializadas-12-personas-senaladas-de-pertenecer-a-la-banda-los-juanos-y-de-haber-participado-en-ataques-a-los-bienes-del-estado-y-al-trafico-de-drogas-en-cundinamarca\/","title":{"rendered":"Judicializadas 12 personas se\u00f1aladas de pertenecer a la banda Los Juanos, y de haber participado en ataques a los bienes del Estado y al tr\u00e1fico de drogas en Cundinamarca"},"content":{"rendered":"<p>La Fiscal\u00eda Seccional de Cundinamarca, con el apoyo de la polic\u00eda Judicial SIJIN, desarticul\u00f3 la organizaci\u00f3n delictiva Los Juanos, cuyos presuntos integrantes habr\u00edan participado en los ataques violentos a la alcald\u00eda, a la estaci\u00f3n de polic\u00eda de Zipaquir\u00e1, y el peaje El Roble, en medio de las manifestaciones violentas del pasado 3 y 4 de mayo.<\/p>\n<p>La evidencia f\u00edlmica obtenida de las c\u00e1maras de seguridad y declaraciones de testigos, fueron suficientes para demostrar la presunta participaci\u00f3n de los procesados en los actos vand\u00e1licos contra la infraestructura en el departamento de Cundinamarca.<\/p>\n<p>Durante las audiencias concentradas el fiscal del caso se\u00f1al\u00f3 que, los capturados tambi\u00e9n estar\u00edan implicados en la venta de estupefacientes en los lugares p\u00fablicos, cerca de los polideportivos, de Gachancip\u00e1, Tocancip\u00e1 y Zipaquir\u00e1 (Cundinamarca).<\/p>\n<p>Del mismo modo la investigaci\u00f3n estableci\u00f3 que la organizaci\u00f3n delictiva estar\u00eda involucrada en varios casos de homicidios cometidos al parecer, por el dominio territorial para la venta de estupefacientes.<\/p>\n<p>Despu\u00e9s de escuchar los argumentos del fiscal del caso, un juez de control de garant\u00edas dicto medida de aseguramiento en centro carcelario en contra de: Andr\u00e9s Felipe Velandia Berm\u00fadez, Bryan Enrique Escorcia Salgado, Diego Alejandro Bare\u00f1o Pe\u00f1a, John Jairo Acero Sarmiento, Jos\u00e9 Alexander Medina Rodr\u00edguez,<\/p>\n<p>Asimismo, el juez orden\u00f3 privar de la libertad en su lugar de domicilio a Bryan Gerardo Ortiz Beltr\u00e1n, Andr\u00e9s Felipe Alarc\u00f3n G\u00f3mez, Carlos Mario Land\u00e1zuri Daza, Didier Esneider Simbaqueva Morales, Juli\u00e1n Andr\u00e9s Zapata Tique, por tr\u00e1fico de estupefacientes.<\/p>\n<p>Ninguno de los procesados acept\u00f3 los cargos.<\/p>\n<p>La Fiscal\u00eda habla con resultados<\/p>\n<p>CMRM\/FAGH\/MCRC<\/p>\n\n<div class=\"twitter-share\"><a href=\"https:\/\/twitter.com\/intent\/tweet?via=fiscaliacol\" class=\"twitter-share-button\">Tweet<\/a><\/div>\n","protected":false},"excerpt":{"rendered":"<p>La Fiscal\u00eda Seccional de Cundinamarca, con el apoyo de la polic\u00eda Judicial SIJIN, desarticul\u00f3 la organizaci\u00f3n delictiva Los Juanos, cuyos presuntos integrantes habr\u00edan participado en los ataques violentos a la alcald\u00eda, a la estaci\u00f3n de polic\u00eda de Zipaquir\u00e1, y el peaje El Roble, en medio de las manifestaciones violentas del pasado 3 y 4 de [&hellip;]<\/p>\n","protected":false},"author":175,"featured_media":0,"comment_status":"closed","ping_status":"open","sticky":false,"template":"","format":"video","meta":{"tdm_status":"","tdm_grid_status":"","footnotes":""},"categories":[1,327],"tags":[15648,24401,24189],"class_list":{"0":"post-228954","1":"post","2":"type-post","3":"status-publish","4":"format-video","6":"category-noticias","7":"category-seccional-cundinamarca","8":"tag-cundinamarca","9":"tag-fiscal-barbosa-delgado","10":"tag-fiscal-francisco-barbosa-delgado","11":"post_format-post-format-video"},"yoast_head":"<!-- This site is optimized with the Yoast SEO plugin v24.3 - https:\/\/yoast.com\/wordpress\/plugins\/seo\/ -->\n<title>Fiscal\u00eda General de la Naci\u00f3n<\/title>\n<meta name=\"description\" content=\"P\u00e1gina oficial de la Fiscal\u00eda General de la Naci\u00f3n \u2013 Colombia. Garantizamos el acceso efectivo a la justicia, la verdad y la reparaci\u00f3n de las v\u00edctimas de los delitos.\" \/>\n<meta name=\"robots\" content=\"noindex, follow\" \/>\n<meta property=\"og:locale\" content=\"es_ES\" \/>\n<meta property=\"og:type\" content=\"article\" \/>\n<meta property=\"og:title\" content=\"Fiscal\u00eda General de la Naci\u00f3n\" \/>\n<meta property=\"og:description\" content=\"P\u00e1gina oficial de la Fiscal\u00eda General de la Naci\u00f3n \u2013 Colombia. Garantizamos el acceso efectivo a la justicia, la verdad y la reparaci\u00f3n de las v\u00edctimas de los delitos.\" \/>\n<meta property=\"og:url\" content=\"https:\/\/www.fiscalia.gov.co\/colombia\/noticias\/judicializadas-12-personas-senaladas-de-pertenecer-a-la-banda-los-juanos-y-de-haber-participado-en-ataques-a-los-bienes-del-estado-y-al-trafico-de-drogas-en-cundinamarca\/\" \/>\n<meta property=\"og:site_name\" content=\"Fiscal\u00eda General de la Naci\u00f3n\" \/>\n<meta property=\"article:publisher\" content=\"https:\/\/www.facebook.com\/FiscaliaCol\" \/>\n<meta property=\"article:published_time\" content=\"2021-09-05T12:45:29+00:00\" \/>\n<meta property=\"article:modified_time\" content=\"2021-09-10T21:27:59+00:00\" \/>\n<meta name=\"author\" content=\"Katherine Loaiza Mart\u00ednez\" \/>\n<meta name=\"twitter:card\" content=\"summary_large_image\" \/>\n<meta name=\"twitter:creator\" content=\"@FiscaliaCol\" \/>\n<meta name=\"twitter:site\" content=\"@FiscaliaCol\" \/>\n<meta name=\"twitter:label1\" content=\"Escrito por\" \/>\n\t<meta name=\"twitter:data1\" content=\"Katherine Loaiza Mart\u00ednez\" \/>\n\t<meta name=\"twitter:label2\" content=\"Tiempo de lectura\" \/>\n\t<meta name=\"twitter:data2\" content=\"1 minuto\" \/>\n<script type=\"application\/ld+json\" class=\"yoast-schema-graph\">{\"@context\":\"https:\/\/schema.org\",\"@graph\":[{\"@type\":\"Article\",\"@id\":\"https:\/\/www.fiscalia.gov.co\/colombia\/noticias\/judicializadas-12-personas-senaladas-de-pertenecer-a-la-banda-los-juanos-y-de-haber-participado-en-ataques-a-los-bienes-del-estado-y-al-trafico-de-drogas-en-cundinamarca\/#article\",\"isPartOf\":{\"@id\":\"https:\/\/www.fiscalia.gov.co\/colombia\/noticias\/judicializadas-12-personas-senaladas-de-pertenecer-a-la-banda-los-juanos-y-de-haber-participado-en-ataques-a-los-bienes-del-estado-y-al-trafico-de-drogas-en-cundinamarca\/\"},\"author\":{\"name\":\"Katherine Loaiza Mart\u00ednez\",\"@id\":\"https:\/\/www.fiscalia.gov.co\/colombia\/#\/schema\/person\/2e76b9aba5ecf875ed565ce4de0e0415\"},\"headline\":\"Judicializadas 12 personas se\u00f1aladas de pertenecer a la banda Los Juanos, y de haber participado en ataques a los bienes del Estado y al tr\u00e1fico de drogas en Cundinamarca\",\"datePublished\":\"2021-09-05T12:45:29+00:00\",\"dateModified\":\"2021-09-10T21:27:59+00:00\",\"mainEntityOfPage\":{\"@id\":\"https:\/\/www.fiscalia.gov.co\/colombia\/noticias\/judicializadas-12-personas-senaladas-de-pertenecer-a-la-banda-los-juanos-y-de-haber-participado-en-ataques-a-los-bienes-del-estado-y-al-trafico-de-drogas-en-cundinamarca\/\"},\"wordCount\":314,\"publisher\":{\"@id\":\"https:\/\/www.fiscalia.gov.co\/colombia\/#organization\"},\"keywords\":[\"Cundinamarca\",\"Fiscal Barbosa Delgado\",\"Fiscal Francisco Barbosa Delgado\"],\"articleSection\":[\"Noticias\",\"Seccional Cundinamarca\"],\"inLanguage\":\"es-CO\"},{\"@type\":\"WebPage\",\"@id\":\"https:\/\/www.fiscalia.gov.co\/colombia\/noticias\/judicializadas-12-personas-senaladas-de-pertenecer-a-la-banda-los-juanos-y-de-haber-participado-en-ataques-a-los-bienes-del-estado-y-al-trafico-de-drogas-en-cundinamarca\/\",\"url\":\"https:\/\/www.fiscalia.gov.co\/colombia\/noticias\/judicializadas-12-personas-senaladas-de-pertenecer-a-la-banda-los-juanos-y-de-haber-participado-en-ataques-a-los-bienes-del-estado-y-al-trafico-de-drogas-en-cundinamarca\/\",\"name\":\"Fiscal\u00eda General de la Naci\u00f3n\",\"isPartOf\":{\"@id\":\"https:\/\/www.fiscalia.gov.co\/colombia\/#website\"},\"datePublished\":\"2021-09-05T12:45:29+00:00\",\"dateModified\":\"2021-09-10T21:27:59+00:00\",\"description\":\"P\u00e1gina oficial de la Fiscal\u00eda General de la Naci\u00f3n \u2013 Colombia. Garantizamos el acceso efectivo a la justicia, la verdad y la reparaci\u00f3n de las v\u00edctimas de los delitos.\",\"breadcrumb\":{\"@id\":\"https:\/\/www.fiscalia.gov.co\/colombia\/noticias\/judicializadas-12-personas-senaladas-de-pertenecer-a-la-banda-los-juanos-y-de-haber-participado-en-ataques-a-los-bienes-del-estado-y-al-trafico-de-drogas-en-cundinamarca\/#breadcrumb\"},\"inLanguage\":\"es-CO\",\"potentialAction\":[{\"@type\":\"ReadAction\",\"target\":[\"https:\/\/www.fiscalia.gov.co\/colombia\/noticias\/judicializadas-12-personas-senaladas-de-pertenecer-a-la-banda-los-juanos-y-de-haber-participado-en-ataques-a-los-bienes-del-estado-y-al-trafico-de-drogas-en-cundinamarca\/\"]}]},{\"@type\":\"BreadcrumbList\",\"@id\":\"https:\/\/www.fiscalia.gov.co\/colombia\/noticias\/judicializadas-12-personas-senaladas-de-pertenecer-a-la-banda-los-juanos-y-de-haber-participado-en-ataques-a-los-bienes-del-estado-y-al-trafico-de-drogas-en-cundinamarca\/#breadcrumb\",\"itemListElement\":[{\"@type\":\"ListItem\",\"position\":1,\"name\":\"Home\",\"item\":\"https:\/\/www.fiscalia.gov.co\/colombia\/\"},{\"@type\":\"ListItem\",\"position\":2,\"name\":\"Judicializadas 12 personas se\u00f1aladas de pertenecer a la banda Los Juanos, y de haber participado en ataques a los bienes del Estado y al tr\u00e1fico de drogas en Cundinamarca\"}]},{\"@type\":\"WebSite\",\"@id\":\"https:\/\/www.fiscalia.gov.co\/colombia\/#website\",\"url\":\"https:\/\/www.fiscalia.gov.co\/colombia\/\",\"name\":\"Fiscal\u00eda General de la Naci\u00f3n\",\"description\":\"P\u00e1gina oficial de la Fiscal\u00eda General de la Naci\u00f3n \u2013 Colombia. Garantizamos el acceso efectivo a la justicia, la verdad y la reparaci\u00f3n de las v\u00edctimas de los delitos.\",\"publisher\":{\"@id\":\"https:\/\/www.fiscalia.gov.co\/colombia\/#organization\"},\"potentialAction\":[{\"@type\":\"SearchAction\",\"target\":{\"@type\":\"EntryPoint\",\"urlTemplate\":\"https:\/\/www.fiscalia.gov.co\/colombia\/?s={search_term_string}\"},\"query-input\":{\"@type\":\"PropertyValueSpecification\",\"valueRequired\":true,\"valueName\":\"search_term_string\"}}],\"inLanguage\":\"es-CO\"},{\"@type\":\"Organization\",\"@id\":\"https:\/\/www.fiscalia.gov.co\/colombia\/#organization\",\"name\":\"Fiscal\u00eda General de la Naci\u00f3n\",\"url\":\"https:\/\/www.fiscalia.gov.co\/colombia\/\",\"logo\":{\"@type\":\"ImageObject\",\"inLanguage\":\"es-CO\",\"@id\":\"https:\/\/www.fiscalia.gov.co\/colombia\/#\/schema\/logo\/image\/\",\"url\":\"https:\/\/www.fiscalia.gov.co\/colombia\/wp-content\/uploads\/LogoHorizontal_1.jpg\",\"contentUrl\":\"https:\/\/www.fiscalia.gov.co\/colombia\/wp-content\/uploads\/LogoHorizontal_1.jpg\",\"width\":300,\"height\":90,\"caption\":\"Fiscal\u00eda General de la Naci\u00f3n\"},\"image\":{\"@id\":\"https:\/\/www.fiscalia.gov.co\/colombia\/#\/schema\/logo\/image\/\"},\"sameAs\":[\"https:\/\/www.facebook.com\/FiscaliaCol\",\"https:\/\/x.com\/FiscaliaCol\",\"https:\/\/www.instagram.com\/fiscaliacol\",\"https:\/\/www.linkedin.com\/company\/fiscalia-general-de-la-naci-n\/\",\"https:\/\/youtube.com\/@fiscaliageneraldelanacion-4668?si=6nN79nyQICPU5iTh\"]},{\"@type\":\"Person\",\"@id\":\"https:\/\/www.fiscalia.gov.co\/colombia\/#\/schema\/person\/2e76b9aba5ecf875ed565ce4de0e0415\",\"name\":\"Katherine Loaiza Mart\u00ednez\",\"image\":{\"@type\":\"ImageObject\",\"inLanguage\":\"es-CO\",\"@id\":\"https:\/\/www.fiscalia.gov.co\/colombia\/#\/schema\/person\/image\/\",\"url\":\"https:\/\/secure.gravatar.com\/avatar\/ab775a2f394c1b83b6d6f78680e57b50?s=96&d=mm&r=g\",\"contentUrl\":\"https:\/\/secure.gravatar.com\/avatar\/ab775a2f394c1b83b6d6f78680e57b50?s=96&d=mm&r=g\",\"caption\":\"Katherine Loaiza Mart\u00ednez\"},\"url\":\"https:\/\/www.fiscalia.gov.co\/colombia\/author\/kloaiza\/\"}]}<\/script>\n<!-- \/ Yoast SEO plugin. -->","yoast_head_json":{"title":"Fiscal\u00eda General de la Naci\u00f3n","description":"P\u00e1gina oficial de la Fiscal\u00eda General de la Naci\u00f3n \u2013 Colombia. Garantizamos el acceso efectivo a la justicia, la verdad y la reparaci\u00f3n de las v\u00edctimas de los delitos.","robots":{"index":"noindex","follow":"follow"},"og_locale":"es_ES","og_type":"article","og_title":"Fiscal\u00eda General de la Naci\u00f3n","og_description":"P\u00e1gina oficial de la Fiscal\u00eda General de la Naci\u00f3n \u2013 Colombia. Garantizamos el acceso efectivo a la justicia, la verdad y la reparaci\u00f3n de las v\u00edctimas de los delitos.","og_url":"https:\/\/www.fiscalia.gov.co\/colombia\/noticias\/judicializadas-12-personas-senaladas-de-pertenecer-a-la-banda-los-juanos-y-de-haber-participado-en-ataques-a-los-bienes-del-estado-y-al-trafico-de-drogas-en-cundinamarca\/","og_site_name":"Fiscal\u00eda General de la Naci\u00f3n","article_publisher":"https:\/\/www.facebook.com\/FiscaliaCol","article_published_time":"2021-09-05T12:45:29+00:00","article_modified_time":"2021-09-10T21:27:59+00:00","author":"Katherine Loaiza Mart\u00ednez","twitter_card":"summary_large_image","twitter_creator":"@FiscaliaCol","twitter_site":"@FiscaliaCol","twitter_misc":{"Escrito por":"Katherine Loaiza Mart\u00ednez","Tiempo de lectura":"1 minuto"},"schema":{"@context":"https:\/\/schema.org","@graph":[{"@type":"Article","@id":"https:\/\/www.fiscalia.gov.co\/colombia\/noticias\/judicializadas-12-personas-senaladas-de-pertenecer-a-la-banda-los-juanos-y-de-haber-participado-en-ataques-a-los-bienes-del-estado-y-al-trafico-de-drogas-en-cundinamarca\/#article","isPartOf":{"@id":"https:\/\/www.fiscalia.gov.co\/colombia\/noticias\/judicializadas-12-personas-senaladas-de-pertenecer-a-la-banda-los-juanos-y-de-haber-participado-en-ataques-a-los-bienes-del-estado-y-al-trafico-de-drogas-en-cundinamarca\/"},"author":{"name":"Katherine Loaiza Mart\u00ednez","@id":"https:\/\/www.fiscalia.gov.co\/colombia\/#\/schema\/person\/2e76b9aba5ecf875ed565ce4de0e0415"},"headline":"Judicializadas 12 personas se\u00f1aladas de pertenecer a la banda Los Juanos, y de haber participado en ataques a los bienes del Estado y al tr\u00e1fico de drogas en Cundinamarca","datePublished":"2021-09-05T12:45:29+00:00","dateModified":"2021-09-10T21:27:59+00:00","mainEntityOfPage":{"@id":"https:\/\/www.fiscalia.gov.co\/colombia\/noticias\/judicializadas-12-personas-senaladas-de-pertenecer-a-la-banda-los-juanos-y-de-haber-participado-en-ataques-a-los-bienes-del-estado-y-al-trafico-de-drogas-en-cundinamarca\/"},"wordCount":314,"publisher":{"@id":"https:\/\/www.fiscalia.gov.co\/colombia\/#organization"},"keywords":["Cundinamarca","Fiscal Barbosa Delgado","Fiscal Francisco Barbosa Delgado"],"articleSection":["Noticias","Seccional Cundinamarca"],"inLanguage":"es-CO"},{"@type":"WebPage","@id":"https:\/\/www.fiscalia.gov.co\/colombia\/noticias\/judicializadas-12-personas-senaladas-de-pertenecer-a-la-banda-los-juanos-y-de-haber-participado-en-ataques-a-los-bienes-del-estado-y-al-trafico-de-drogas-en-cundinamarca\/","url":"https:\/\/www.fiscalia.gov.co\/colombia\/noticias\/judicializadas-12-personas-senaladas-de-pertenecer-a-la-banda-los-juanos-y-de-haber-participado-en-ataques-a-los-bienes-del-estado-y-al-trafico-de-drogas-en-cundinamarca\/","name":"Fiscal\u00eda General de la Naci\u00f3n","isPartOf":{"@id":"https:\/\/www.fiscalia.gov.co\/colombia\/#website"},"datePublished":"2021-09-05T12:45:29+00:00","dateModified":"2021-09-10T21:27:59+00:00","description":"P\u00e1gina oficial de la Fiscal\u00eda General de la Naci\u00f3n \u2013 Colombia. Garantizamos el acceso efectivo a la justicia, la verdad y la reparaci\u00f3n de las v\u00edctimas de los delitos.","breadcrumb":{"@id":"https:\/\/www.fiscalia.gov.co\/colombia\/noticias\/judicializadas-12-personas-senaladas-de-pertenecer-a-la-banda-los-juanos-y-de-haber-participado-en-ataques-a-los-bienes-del-estado-y-al-trafico-de-drogas-en-cundinamarca\/#breadcrumb"},"inLanguage":"es-CO","potentialAction":[{"@type":"ReadAction","target":["https:\/\/www.fiscalia.gov.co\/colombia\/noticias\/judicializadas-12-personas-senaladas-de-pertenecer-a-la-banda-los-juanos-y-de-haber-participado-en-ataques-a-los-bienes-del-estado-y-al-trafico-de-drogas-en-cundinamarca\/"]}]},{"@type":"BreadcrumbList","@id":"https:\/\/www.fiscalia.gov.co\/colombia\/noticias\/judicializadas-12-personas-senaladas-de-pertenecer-a-la-banda-los-juanos-y-de-haber-participado-en-ataques-a-los-bienes-del-estado-y-al-trafico-de-drogas-en-cundinamarca\/#breadcrumb","itemListElement":[{"@type":"ListItem","position":1,"name":"Home","item":"https:\/\/www.fiscalia.gov.co\/colombia\/"},{"@type":"ListItem","position":2,"name":"Judicializadas 12 personas se\u00f1aladas de pertenecer a la banda Los Juanos, y de haber participado en ataques a los bienes del Estado y al tr\u00e1fico de drogas en Cundinamarca"}]},{"@type":"WebSite","@id":"https:\/\/www.fiscalia.gov.co\/colombia\/#website","url":"https:\/\/www.fiscalia.gov.co\/colombia\/","name":"Fiscal\u00eda General de la Naci\u00f3n","description":"P\u00e1gina oficial de la Fiscal\u00eda General de la Naci\u00f3n \u2013 Colombia. Garantizamos el acceso efectivo a la justicia, la verdad y la reparaci\u00f3n de las v\u00edctimas de los delitos.","publisher":{"@id":"https:\/\/www.fiscalia.gov.co\/colombia\/#organization"},"potentialAction":[{"@type":"SearchAction","target":{"@type":"EntryPoint","urlTemplate":"https:\/\/www.fiscalia.gov.co\/colombia\/?s={search_term_string}"},"query-input":{"@type":"PropertyValueSpecification","valueRequired":true,"valueName":"search_term_string"}}],"inLanguage":"es-CO"},{"@type":"Organization","@id":"https:\/\/www.fiscalia.gov.co\/colombia\/#organization","name":"Fiscal\u00eda General de la Naci\u00f3n","url":"https:\/\/www.fiscalia.gov.co\/colombia\/","logo":{"@type":"ImageObject","inLanguage":"es-CO","@id":"https:\/\/www.fiscalia.gov.co\/colombia\/#\/schema\/logo\/image\/","url":"https:\/\/www.fiscalia.gov.co\/colombia\/wp-content\/uploads\/LogoHorizontal_1.jpg","contentUrl":"https:\/\/www.fiscalia.gov.co\/colombia\/wp-content\/uploads\/LogoHorizontal_1.jpg","width":300,"height":90,"caption":"Fiscal\u00eda General de la Naci\u00f3n"},"image":{"@id":"https:\/\/www.fiscalia.gov.co\/colombia\/#\/schema\/logo\/image\/"},"sameAs":["https:\/\/www.facebook.com\/FiscaliaCol","https:\/\/x.com\/FiscaliaCol","https:\/\/www.instagram.com\/fiscaliacol","https:\/\/www.linkedin.com\/company\/fiscalia-general-de-la-naci-n\/","https:\/\/youtube.com\/@fiscaliageneraldelanacion-4668?si=6nN79nyQICPU5iTh"]},{"@type":"Person","@id":"https:\/\/www.fiscalia.gov.co\/colombia\/#\/schema\/person\/2e76b9aba5ecf875ed565ce4de0e0415","name":"Katherine Loaiza Mart\u00ednez","image":{"@type":"ImageObject","inLanguage":"es-CO","@id":"https:\/\/www.fiscalia.gov.co\/colombia\/#\/schema\/person\/image\/","url":"https:\/\/secure.gravatar.com\/avatar\/ab775a2f394c1b83b6d6f78680e57b50?s=96&d=mm&r=g","contentUrl":"https:\/\/secure.gravatar.com\/avatar\/ab775a2f394c1b83b6d6f78680e57b50?s=96&d=mm&r=g","caption":"Katherine Loaiza Mart\u00ednez"},"url":"https:\/\/www.fiscalia.gov.co\/colombia\/author\/kloaiza\/"}]}},"_links":{"self":[{"href":"https:\/\/www.fiscalia.gov.co\/colombia\/wp-json\/wp\/v2\/posts\/228954","targetHints":{"allow":["GET"]}}],"collection":[{"href":"https:\/\/www.fiscalia.gov.co\/colombia\/wp-json\/wp\/v2\/posts"}],"about":[{"href":"https:\/\/www.fiscalia.gov.co\/colombia\/wp-json\/wp\/v2\/types\/post"}],"author":[{"embeddable":true,"href":"https:\/\/www.fiscalia.gov.co\/colombia\/wp-json\/wp\/v2\/users\/175"}],"replies":[{"embeddable":true,"href":"https:\/\/www.fiscalia.gov.co\/colombia\/wp-json\/wp\/v2\/comments?post=228954"}],"version-history":[{"count":1,"href":"https:\/\/www.fiscalia.gov.co\/colombia\/wp-json\/wp\/v2\/posts\/228954\/revisions"}],"predecessor-version":[{"id":228955,"href":"https:\/\/www.fiscalia.gov.co\/colombia\/wp-json\/wp\/v2\/posts\/228954\/revisions\/228955"}],"wp:attachment":[{"href":"https:\/\/www.fiscalia.gov.co\/colombia\/wp-json\/wp\/v2\/media?parent=228954"}],"wp:term":[{"taxonomy":"category","embeddable":true,"href":"https:\/\/www.fiscalia.gov.co\/colombia\/wp-json\/wp\/v2\/categories?post=228954"},{"taxonomy":"post_tag","embeddable":true,"href":"https:\/\/www.fiscalia.gov.co\/colombia\/wp-json\/wp\/v2\/tags?post=228954"}],"curies":[{"name":"wp","href":"https:\/\/api.w.org\/{rel}","templated":true}]}}