{"id":228938,"date":"2021-09-04T18:37:28","date_gmt":"2021-09-04T23:37:28","guid":{"rendered":"https:\/\/www.fiscalia.gov.co\/colombia\/?p=228938"},"modified":"2022-02-11T15:39:15","modified_gmt":"2022-02-11T20:39:15","slug":"privado-de-la-libertad-alias-camilo-40-senalado-cabecilla-principal-de-organizacion-criminal-los-contadores","status":"publish","type":"post","link":"https:\/\/www.fiscalia.gov.co\/colombia\/noticias\/privado-de-la-libertad-alias-camilo-40-senalado-cabecilla-principal-de-organizacion-criminal-los-contadores\/","title":{"rendered":"Privado de la libertad alias Camilo 40, se\u00f1alado cabecilla principal de organizaci\u00f3n criminal Los Contadores"},"content":{"rendered":"<ul style=\"font-weight: 400;\">\n<li><em>El procesado ser\u00eda el determinador del homicidio del l\u00edder social y gobernador ind\u00edgena, Rodrigo Salazar Qui\u00f1ones, perpetrado en Tumaco.<\/em><\/li>\n<\/ul>\n<ul style=\"font-weight: 400;\">\n<li><em>Se le atribuye adem\u00e1s la comisi\u00f3n de homicidios selectivos, el desplazamiento de la poblaci\u00f3n civil y el tr\u00e1fico de estupefacientes, entre otras conductas delictivas.\u00a0<\/em><\/li>\n<\/ul>\n<p><img loading=\"lazy\" decoding=\"async\" class=\"aligncenter size-full wp-image-228945\" src=\"https:\/\/www.fiscalia.gov.co\/colombia\/wp-content\/uploads\/WhatsApp-Image-2021-09-04-at-6.40.33-PM.jpeg\" alt=\"\" width=\"1280\" height=\"853\" srcset=\"https:\/\/www.fiscalia.gov.co\/colombia\/wp-content\/uploads\/WhatsApp-Image-2021-09-04-at-6.40.33-PM.jpeg 1280w, https:\/\/www.fiscalia.gov.co\/colombia\/wp-content\/uploads\/WhatsApp-Image-2021-09-04-at-6.40.33-PM-300x200.jpeg 300w, https:\/\/www.fiscalia.gov.co\/colombia\/wp-content\/uploads\/WhatsApp-Image-2021-09-04-at-6.40.33-PM-1024x682.jpeg 1024w, https:\/\/www.fiscalia.gov.co\/colombia\/wp-content\/uploads\/WhatsApp-Image-2021-09-04-at-6.40.33-PM-768x512.jpeg 768w, https:\/\/www.fiscalia.gov.co\/colombia\/wp-content\/uploads\/WhatsApp-Image-2021-09-04-at-6.40.33-PM-696x464.jpeg 696w, https:\/\/www.fiscalia.gov.co\/colombia\/wp-content\/uploads\/WhatsApp-Image-2021-09-04-at-6.40.33-PM-1068x712.jpeg 1068w, https:\/\/www.fiscalia.gov.co\/colombia\/wp-content\/uploads\/WhatsApp-Image-2021-09-04-at-6.40.33-PM-630x420.jpeg 630w\" sizes=\"auto, (max-width: 1280px) 100vw, 1280px\" \/><\/p>\n<p style=\"font-weight: 400;\">En un trabajo articulado, la Delegada para la Seguridad Ciudadana y la Unidad Especial de Investigaci\u00f3n (UEI) de la Fiscal\u00eda General de la Naci\u00f3n lograron la judicializaci\u00f3n de Mario Mauricio Mor\u00e1n Guerrero, alias Camilo 40, quien presuntamente era el cabecilla principal del grupo criminal Los Contadores, estructura disidente de la columna m\u00f3vil Daniel Aldana de las Farc.<\/p>\n<figure id=\"attachment_228942\" aria-describedby=\"caption-attachment-228942\" style=\"width: 933px\" class=\"wp-caption aligncenter\"><img loading=\"lazy\" decoding=\"async\" class=\"size-full wp-image-228942\" src=\"https:\/\/www.fiscalia.gov.co\/colombia\/wp-content\/uploads\/Mauricio-Mor\u00e1n-cabecilla-Los-Contadores.jpeg\" alt=\"\" width=\"933\" height=\"906\" srcset=\"https:\/\/www.fiscalia.gov.co\/colombia\/wp-content\/uploads\/Mauricio-Mor\u00e1n-cabecilla-Los-Contadores.jpeg 933w, https:\/\/www.fiscalia.gov.co\/colombia\/wp-content\/uploads\/Mauricio-Mor\u00e1n-cabecilla-Los-Contadores-300x291.jpeg 300w, https:\/\/www.fiscalia.gov.co\/colombia\/wp-content\/uploads\/Mauricio-Mor\u00e1n-cabecilla-Los-Contadores-768x746.jpeg 768w, https:\/\/www.fiscalia.gov.co\/colombia\/wp-content\/uploads\/Mauricio-Mor\u00e1n-cabecilla-Los-Contadores-696x676.jpeg 696w, https:\/\/www.fiscalia.gov.co\/colombia\/wp-content\/uploads\/Mauricio-Mor\u00e1n-cabecilla-Los-Contadores-433x420.jpeg 433w\" sizes=\"auto, (max-width: 933px) 100vw, 933px\" \/><figcaption id=\"caption-attachment-228942\" class=\"wp-caption-text\">Mauricio Mor\u00e1n Guerrero, alias Camilo 40, supuestamente asumi\u00f3 como cabecilla principal de Los Contadores tras la captura de Jos\u00e9 Albeiro Arrigui Jim\u00e9nez, alias Contador.<\/figcaption><\/figure>\n<p style=\"font-weight: 400;\">Alias Camilo 40 fue capturado este 3 de septiembre por funcionarios del Cuerpo T\u00e9cnico de Investigaci\u00f3n (CTI) y unidades del Ej\u00e9rcito Nacional en un centro comercial del municipio de Tulu\u00e1 (Valle del Cauca), en cumplimiento de una orden judicial.<\/p>\n<p style=\"font-weight: 400;\">En audiencias concentradas el ente acusador le formul\u00f3 cargos por homicidio agravado, enriquecimiento il\u00edcito de particulares; tr\u00e1fico, fabricaci\u00f3n o porte de armas de fuego y concierto para delinquir agravado.<\/p>\n<p style=\"font-weight: 400;\">Adicionalmente se le imputaron los delitos de falsedad personal y uso de documento p\u00fablico falso, ya que, al ser requerido por las autoridades en el momento de su captura, habr\u00eda presentado documentaci\u00f3n fraudulenta.<\/p>\n<p style=\"font-weight: 400;\">El juez segundo penal municipal de Tumaco, con funci\u00f3n de control de garant\u00edas, le impuso medida de aseguramiento en centro carcelario.<\/p>\n<p style=\"font-weight: 400;\"><strong>Trayectoria criminal\u00a0<\/strong><\/p>\n<p style=\"font-weight: 400;\">La investigaci\u00f3n desarrollada da cuenta de que Mor\u00e1n Guerrero habr\u00eda iniciado su accionar delictivo en el a\u00f1o 2017, luego de la firma de los Acuerdos de Paz, cuando al parecer se vincul\u00f3 a la mencionada organizaci\u00f3n disidente, convirti\u00e9ndose\u00a0presuntamente en\u00a0la mano derecha de Jos\u00e9 Albeiro Arrigui Jim\u00e9nez, alias Contador.<\/p>\n<p style=\"font-weight: 400;\">Tras la captura de este \u00faltimo, alias Camilo 40 aparentemente asumi\u00f3 como cabecilla principal y estar\u00eda dedicado a coordinar la comisi\u00f3n de homicidios selectivos, entre ellos, los de defensores de derechos humanos y reincorporados; amenazas, desplazamiento de poblaci\u00f3n civil, as\u00ed como el tr\u00e1fico de estupefacientes y de armas en el Pac\u00edfico.<\/p>\n<p style=\"font-weight: 400;\">El material probatorio recaudado da cuenta que Mor\u00e1n Guerrero, como cabecilla de Los Contadores, habr\u00eda dado la orden a otros integrantes de esta organizaci\u00f3n delictiva, para asesinar al l\u00edder social y gobernador ind\u00edgena, Rodrigo Salazar Qui\u00f1ones, perpetrado el 9 de julio de 2020, en el municipio de Tumaco.<\/p>\n<p style=\"font-weight: 400;\">Cabe anotar que la organizaci\u00f3n criminal tiene injerencia tanto en el casco urbano de Tumaco, como en los corregimientos de Llorente y La Guayacana. As\u00ed mismo, en el resguardo ind\u00edgena del pueblo Awa Gran Rosario, las veredas Inda Zabaleta, Vaquer\u00edo, Pulgrande, Guacaray, Porvenir, los r\u00edos Nulpe y Guisa, y los municipios nari\u00f1enses de Barbacoas y Mag\u00fc\u00ed Pay\u00e1n.<\/p>\n<p style=\"font-weight: 400;\">Esta informaci\u00f3n se publica por razones de inter\u00e9s general.<\/p>\n<p style=\"font-weight: 400;\"><strong>La Fiscal\u00eda General de la Naci\u00f3n habla con resultados.\u00a0<\/strong><\/p>\n<p style=\"font-weight: 400;\">DLBM\/AMCJ\/MB\/LOG.<\/p>\n\n<div class=\"twitter-share\"><a href=\"https:\/\/twitter.com\/intent\/tweet?via=fiscaliacol\" class=\"twitter-share-button\">Tweet<\/a><\/div>\n","protected":false},"excerpt":{"rendered":"<p>El procesado ser\u00eda el determinador del homicidio del l\u00edder social y gobernador ind\u00edgena, Rodrigo Salazar Qui\u00f1ones, perpetrado en Tumaco. Se le atribuye adem\u00e1s la comisi\u00f3n de homicidios selectivos, el desplazamiento de la poblaci\u00f3n civil y el tr\u00e1fico de estupefacientes, entre otras conductas delictivas.\u00a0 En un trabajo articulado, la Delegada para la Seguridad Ciudadana y la [&hellip;]<\/p>\n","protected":false},"author":175,"featured_media":0,"comment_status":"closed","ping_status":"open","sticky":false,"template":"","format":"video","meta":{"tdm_status":"","tdm_grid_status":"","footnotes":""},"categories":[30398,24098,25128,24096,1],"tags":[28616,24712,24401,24189,26542,28617],"class_list":{"0":"post-228938","1":"post","2":"type-post","3":"status-publish","4":"format-video","6":"category-2-anos-de-resultados","7":"category-crimen-organizado","8":"category-el-fiscal-en-los-territorios","9":"category-fiscal-general-de-la-nacion","10":"category-noticias","11":"tag-camilo-40","12":"tag-disidencias-de-las-farc","13":"tag-fiscal-barbosa-delgado","14":"tag-fiscal-francisco-barbosa-delgado","15":"tag-los-contadores","16":"tag-mario-mauricio-moran-guerrero","17":"post_format-post-format-video"},"yoast_head":"<!-- This site is optimized with the Yoast SEO plugin v24.3 - https:\/\/yoast.com\/wordpress\/plugins\/seo\/ -->\n<title>Fiscal\u00eda General de la Naci\u00f3n<\/title>\n<meta name=\"description\" content=\"P\u00e1gina oficial de la Fiscal\u00eda General de la Naci\u00f3n \u2013 Colombia. Garantizamos el acceso efectivo a la justicia, la verdad y la reparaci\u00f3n de las v\u00edctimas de los delitos.\" \/>\n<meta name=\"robots\" content=\"noindex, follow\" \/>\n<meta property=\"og:locale\" content=\"es_ES\" \/>\n<meta property=\"og:type\" content=\"article\" \/>\n<meta property=\"og:title\" content=\"Fiscal\u00eda General de la Naci\u00f3n\" \/>\n<meta property=\"og:description\" content=\"P\u00e1gina oficial de la Fiscal\u00eda General de la Naci\u00f3n \u2013 Colombia. Garantizamos el acceso efectivo a la justicia, la verdad y la reparaci\u00f3n de las v\u00edctimas de los delitos.\" \/>\n<meta property=\"og:url\" content=\"https:\/\/www.fiscalia.gov.co\/colombia\/noticias\/privado-de-la-libertad-alias-camilo-40-senalado-cabecilla-principal-de-organizacion-criminal-los-contadores\/\" \/>\n<meta property=\"og:site_name\" content=\"Fiscal\u00eda General de la Naci\u00f3n\" \/>\n<meta property=\"article:publisher\" content=\"https:\/\/www.facebook.com\/FiscaliaCol\" \/>\n<meta property=\"article:published_time\" content=\"2021-09-04T23:37:28+00:00\" \/>\n<meta property=\"article:modified_time\" content=\"2022-02-11T20:39:15+00:00\" \/>\n<meta property=\"og:image\" content=\"https:\/\/www.fiscalia.gov.co\/colombia\/wp-content\/uploads\/WhatsApp-Image-2021-09-04-at-6.40.33-PM.jpeg\" \/>\n<meta name=\"author\" content=\"Katherine Loaiza Mart\u00ednez\" \/>\n<meta name=\"twitter:card\" content=\"summary_large_image\" \/>\n<meta name=\"twitter:creator\" content=\"@FiscaliaCol\" \/>\n<meta name=\"twitter:site\" content=\"@FiscaliaCol\" \/>\n<meta name=\"twitter:label1\" content=\"Escrito por\" \/>\n\t<meta name=\"twitter:data1\" content=\"Katherine Loaiza Mart\u00ednez\" \/>\n\t<meta name=\"twitter:label2\" content=\"Tiempo de lectura\" \/>\n\t<meta name=\"twitter:data2\" content=\"3 minutos\" \/>\n<script type=\"application\/ld+json\" class=\"yoast-schema-graph\">{\"@context\":\"https:\/\/schema.org\",\"@graph\":[{\"@type\":\"Article\",\"@id\":\"https:\/\/www.fiscalia.gov.co\/colombia\/noticias\/privado-de-la-libertad-alias-camilo-40-senalado-cabecilla-principal-de-organizacion-criminal-los-contadores\/#article\",\"isPartOf\":{\"@id\":\"https:\/\/www.fiscalia.gov.co\/colombia\/noticias\/privado-de-la-libertad-alias-camilo-40-senalado-cabecilla-principal-de-organizacion-criminal-los-contadores\/\"},\"author\":{\"name\":\"Katherine Loaiza Mart\u00ednez\",\"@id\":\"https:\/\/www.fiscalia.gov.co\/colombia\/#\/schema\/person\/2e76b9aba5ecf875ed565ce4de0e0415\"},\"headline\":\"Privado de la libertad alias Camilo 40, se\u00f1alado cabecilla principal de organizaci\u00f3n criminal Los Contadores\",\"datePublished\":\"2021-09-04T23:37:28+00:00\",\"dateModified\":\"2022-02-11T20:39:15+00:00\",\"mainEntityOfPage\":{\"@id\":\"https:\/\/www.fiscalia.gov.co\/colombia\/noticias\/privado-de-la-libertad-alias-camilo-40-senalado-cabecilla-principal-de-organizacion-criminal-los-contadores\/\"},\"wordCount\":546,\"publisher\":{\"@id\":\"https:\/\/www.fiscalia.gov.co\/colombia\/#organization\"},\"image\":{\"@id\":\"https:\/\/www.fiscalia.gov.co\/colombia\/noticias\/privado-de-la-libertad-alias-camilo-40-senalado-cabecilla-principal-de-organizacion-criminal-los-contadores\/#primaryimage\"},\"thumbnailUrl\":\"https:\/\/www.fiscalia.gov.co\/colombia\/wp-content\/uploads\/WhatsApp-Image-2021-09-04-at-6.40.33-PM.jpeg\",\"keywords\":[\"Camilo 40\",\"disidencias de las FARC\",\"Fiscal Barbosa Delgado\",\"Fiscal Francisco Barbosa Delgado\",\"Los Contadores\",\"Mario Mauricio Moran Guerrero\"],\"articleSection\":[\"2 a\u00f1os de resultados\",\"Crimen organizado\",\"El Fiscal en los territorios\",\"Fiscal General de la Naci\u00f3n\",\"Noticias\"],\"inLanguage\":\"es-CO\"},{\"@type\":\"WebPage\",\"@id\":\"https:\/\/www.fiscalia.gov.co\/colombia\/noticias\/privado-de-la-libertad-alias-camilo-40-senalado-cabecilla-principal-de-organizacion-criminal-los-contadores\/\",\"url\":\"https:\/\/www.fiscalia.gov.co\/colombia\/noticias\/privado-de-la-libertad-alias-camilo-40-senalado-cabecilla-principal-de-organizacion-criminal-los-contadores\/\",\"name\":\"Fiscal\u00eda General de la Naci\u00f3n\",\"isPartOf\":{\"@id\":\"https:\/\/www.fiscalia.gov.co\/colombia\/#website\"},\"primaryImageOfPage\":{\"@id\":\"https:\/\/www.fiscalia.gov.co\/colombia\/noticias\/privado-de-la-libertad-alias-camilo-40-senalado-cabecilla-principal-de-organizacion-criminal-los-contadores\/#primaryimage\"},\"image\":{\"@id\":\"https:\/\/www.fiscalia.gov.co\/colombia\/noticias\/privado-de-la-libertad-alias-camilo-40-senalado-cabecilla-principal-de-organizacion-criminal-los-contadores\/#primaryimage\"},\"thumbnailUrl\":\"https:\/\/www.fiscalia.gov.co\/colombia\/wp-content\/uploads\/WhatsApp-Image-2021-09-04-at-6.40.33-PM.jpeg\",\"datePublished\":\"2021-09-04T23:37:28+00:00\",\"dateModified\":\"2022-02-11T20:39:15+00:00\",\"description\":\"P\u00e1gina oficial de la Fiscal\u00eda General de la Naci\u00f3n \u2013 Colombia. Garantizamos el acceso efectivo a la justicia, la verdad y la reparaci\u00f3n de las v\u00edctimas de los delitos.\",\"breadcrumb\":{\"@id\":\"https:\/\/www.fiscalia.gov.co\/colombia\/noticias\/privado-de-la-libertad-alias-camilo-40-senalado-cabecilla-principal-de-organizacion-criminal-los-contadores\/#breadcrumb\"},\"inLanguage\":\"es-CO\",\"potentialAction\":[{\"@type\":\"ReadAction\",\"target\":[\"https:\/\/www.fiscalia.gov.co\/colombia\/noticias\/privado-de-la-libertad-alias-camilo-40-senalado-cabecilla-principal-de-organizacion-criminal-los-contadores\/\"]}]},{\"@type\":\"ImageObject\",\"inLanguage\":\"es-CO\",\"@id\":\"https:\/\/www.fiscalia.gov.co\/colombia\/noticias\/privado-de-la-libertad-alias-camilo-40-senalado-cabecilla-principal-de-organizacion-criminal-los-contadores\/#primaryimage\",\"url\":\"https:\/\/www.fiscalia.gov.co\/colombia\/wp-content\/uploads\/WhatsApp-Image-2021-09-04-at-6.40.33-PM.jpeg\",\"contentUrl\":\"https:\/\/www.fiscalia.gov.co\/colombia\/wp-content\/uploads\/WhatsApp-Image-2021-09-04-at-6.40.33-PM.jpeg\",\"width\":1280,\"height\":853},{\"@type\":\"BreadcrumbList\",\"@id\":\"https:\/\/www.fiscalia.gov.co\/colombia\/noticias\/privado-de-la-libertad-alias-camilo-40-senalado-cabecilla-principal-de-organizacion-criminal-los-contadores\/#breadcrumb\",\"itemListElement\":[{\"@type\":\"ListItem\",\"position\":1,\"name\":\"Home\",\"item\":\"https:\/\/www.fiscalia.gov.co\/colombia\/\"},{\"@type\":\"ListItem\",\"position\":2,\"name\":\"Privado de la libertad alias Camilo 40, se\u00f1alado cabecilla principal de organizaci\u00f3n criminal Los Contadores\"}]},{\"@type\":\"WebSite\",\"@id\":\"https:\/\/www.fiscalia.gov.co\/colombia\/#website\",\"url\":\"https:\/\/www.fiscalia.gov.co\/colombia\/\",\"name\":\"Fiscal\u00eda General de la Naci\u00f3n\",\"description\":\"P\u00e1gina oficial de la Fiscal\u00eda General de la Naci\u00f3n \u2013 Colombia. Garantizamos el acceso efectivo a la justicia, la verdad y la reparaci\u00f3n de las v\u00edctimas de los delitos.\",\"publisher\":{\"@id\":\"https:\/\/www.fiscalia.gov.co\/colombia\/#organization\"},\"potentialAction\":[{\"@type\":\"SearchAction\",\"target\":{\"@type\":\"EntryPoint\",\"urlTemplate\":\"https:\/\/www.fiscalia.gov.co\/colombia\/?s={search_term_string}\"},\"query-input\":{\"@type\":\"PropertyValueSpecification\",\"valueRequired\":true,\"valueName\":\"search_term_string\"}}],\"inLanguage\":\"es-CO\"},{\"@type\":\"Organization\",\"@id\":\"https:\/\/www.fiscalia.gov.co\/colombia\/#organization\",\"name\":\"Fiscal\u00eda General de la Naci\u00f3n\",\"url\":\"https:\/\/www.fiscalia.gov.co\/colombia\/\",\"logo\":{\"@type\":\"ImageObject\",\"inLanguage\":\"es-CO\",\"@id\":\"https:\/\/www.fiscalia.gov.co\/colombia\/#\/schema\/logo\/image\/\",\"url\":\"https:\/\/www.fiscalia.gov.co\/colombia\/wp-content\/uploads\/LogoHorizontal_1.jpg\",\"contentUrl\":\"https:\/\/www.fiscalia.gov.co\/colombia\/wp-content\/uploads\/LogoHorizontal_1.jpg\",\"width\":300,\"height\":90,\"caption\":\"Fiscal\u00eda General de la Naci\u00f3n\"},\"image\":{\"@id\":\"https:\/\/www.fiscalia.gov.co\/colombia\/#\/schema\/logo\/image\/\"},\"sameAs\":[\"https:\/\/www.facebook.com\/FiscaliaCol\",\"https:\/\/x.com\/FiscaliaCol\",\"https:\/\/www.instagram.com\/fiscaliacol\",\"https:\/\/www.linkedin.com\/company\/fiscalia-general-de-la-naci-n\/\",\"https:\/\/youtube.com\/@fiscaliageneraldelanacion-4668?si=6nN79nyQICPU5iTh\"]},{\"@type\":\"Person\",\"@id\":\"https:\/\/www.fiscalia.gov.co\/colombia\/#\/schema\/person\/2e76b9aba5ecf875ed565ce4de0e0415\",\"name\":\"Katherine Loaiza Mart\u00ednez\",\"image\":{\"@type\":\"ImageObject\",\"inLanguage\":\"es-CO\",\"@id\":\"https:\/\/www.fiscalia.gov.co\/colombia\/#\/schema\/person\/image\/\",\"url\":\"https:\/\/secure.gravatar.com\/avatar\/ab775a2f394c1b83b6d6f78680e57b50?s=96&d=mm&r=g\",\"contentUrl\":\"https:\/\/secure.gravatar.com\/avatar\/ab775a2f394c1b83b6d6f78680e57b50?s=96&d=mm&r=g\",\"caption\":\"Katherine Loaiza Mart\u00ednez\"},\"url\":\"https:\/\/www.fiscalia.gov.co\/colombia\/author\/kloaiza\/\"}]}<\/script>\n<!-- \/ Yoast SEO plugin. -->","yoast_head_json":{"title":"Fiscal\u00eda General de la Naci\u00f3n","description":"P\u00e1gina oficial de la Fiscal\u00eda General de la Naci\u00f3n \u2013 Colombia. Garantizamos el acceso efectivo a la justicia, la verdad y la reparaci\u00f3n de las v\u00edctimas de los delitos.","robots":{"index":"noindex","follow":"follow"},"og_locale":"es_ES","og_type":"article","og_title":"Fiscal\u00eda General de la Naci\u00f3n","og_description":"P\u00e1gina oficial de la Fiscal\u00eda General de la Naci\u00f3n \u2013 Colombia. Garantizamos el acceso efectivo a la justicia, la verdad y la reparaci\u00f3n de las v\u00edctimas de los delitos.","og_url":"https:\/\/www.fiscalia.gov.co\/colombia\/noticias\/privado-de-la-libertad-alias-camilo-40-senalado-cabecilla-principal-de-organizacion-criminal-los-contadores\/","og_site_name":"Fiscal\u00eda General de la Naci\u00f3n","article_publisher":"https:\/\/www.facebook.com\/FiscaliaCol","article_published_time":"2021-09-04T23:37:28+00:00","article_modified_time":"2022-02-11T20:39:15+00:00","og_image":[{"url":"https:\/\/www.fiscalia.gov.co\/colombia\/wp-content\/uploads\/WhatsApp-Image-2021-09-04-at-6.40.33-PM.jpeg","type":"","width":"","height":""}],"author":"Katherine Loaiza Mart\u00ednez","twitter_card":"summary_large_image","twitter_creator":"@FiscaliaCol","twitter_site":"@FiscaliaCol","twitter_misc":{"Escrito por":"Katherine Loaiza Mart\u00ednez","Tiempo de lectura":"3 minutos"},"schema":{"@context":"https:\/\/schema.org","@graph":[{"@type":"Article","@id":"https:\/\/www.fiscalia.gov.co\/colombia\/noticias\/privado-de-la-libertad-alias-camilo-40-senalado-cabecilla-principal-de-organizacion-criminal-los-contadores\/#article","isPartOf":{"@id":"https:\/\/www.fiscalia.gov.co\/colombia\/noticias\/privado-de-la-libertad-alias-camilo-40-senalado-cabecilla-principal-de-organizacion-criminal-los-contadores\/"},"author":{"name":"Katherine Loaiza Mart\u00ednez","@id":"https:\/\/www.fiscalia.gov.co\/colombia\/#\/schema\/person\/2e76b9aba5ecf875ed565ce4de0e0415"},"headline":"Privado de la libertad alias Camilo 40, se\u00f1alado cabecilla principal de organizaci\u00f3n criminal Los Contadores","datePublished":"2021-09-04T23:37:28+00:00","dateModified":"2022-02-11T20:39:15+00:00","mainEntityOfPage":{"@id":"https:\/\/www.fiscalia.gov.co\/colombia\/noticias\/privado-de-la-libertad-alias-camilo-40-senalado-cabecilla-principal-de-organizacion-criminal-los-contadores\/"},"wordCount":546,"publisher":{"@id":"https:\/\/www.fiscalia.gov.co\/colombia\/#organization"},"image":{"@id":"https:\/\/www.fiscalia.gov.co\/colombia\/noticias\/privado-de-la-libertad-alias-camilo-40-senalado-cabecilla-principal-de-organizacion-criminal-los-contadores\/#primaryimage"},"thumbnailUrl":"https:\/\/www.fiscalia.gov.co\/colombia\/wp-content\/uploads\/WhatsApp-Image-2021-09-04-at-6.40.33-PM.jpeg","keywords":["Camilo 40","disidencias de las FARC","Fiscal Barbosa Delgado","Fiscal Francisco Barbosa Delgado","Los Contadores","Mario Mauricio Moran Guerrero"],"articleSection":["2 a\u00f1os de resultados","Crimen organizado","El Fiscal en los territorios","Fiscal General de la Naci\u00f3n","Noticias"],"inLanguage":"es-CO"},{"@type":"WebPage","@id":"https:\/\/www.fiscalia.gov.co\/colombia\/noticias\/privado-de-la-libertad-alias-camilo-40-senalado-cabecilla-principal-de-organizacion-criminal-los-contadores\/","url":"https:\/\/www.fiscalia.gov.co\/colombia\/noticias\/privado-de-la-libertad-alias-camilo-40-senalado-cabecilla-principal-de-organizacion-criminal-los-contadores\/","name":"Fiscal\u00eda General de la Naci\u00f3n","isPartOf":{"@id":"https:\/\/www.fiscalia.gov.co\/colombia\/#website"},"primaryImageOfPage":{"@id":"https:\/\/www.fiscalia.gov.co\/colombia\/noticias\/privado-de-la-libertad-alias-camilo-40-senalado-cabecilla-principal-de-organizacion-criminal-los-contadores\/#primaryimage"},"image":{"@id":"https:\/\/www.fiscalia.gov.co\/colombia\/noticias\/privado-de-la-libertad-alias-camilo-40-senalado-cabecilla-principal-de-organizacion-criminal-los-contadores\/#primaryimage"},"thumbnailUrl":"https:\/\/www.fiscalia.gov.co\/colombia\/wp-content\/uploads\/WhatsApp-Image-2021-09-04-at-6.40.33-PM.jpeg","datePublished":"2021-09-04T23:37:28+00:00","dateModified":"2022-02-11T20:39:15+00:00","description":"P\u00e1gina oficial de la Fiscal\u00eda General de la Naci\u00f3n \u2013 Colombia. Garantizamos el acceso efectivo a la justicia, la verdad y la reparaci\u00f3n de las v\u00edctimas de los delitos.","breadcrumb":{"@id":"https:\/\/www.fiscalia.gov.co\/colombia\/noticias\/privado-de-la-libertad-alias-camilo-40-senalado-cabecilla-principal-de-organizacion-criminal-los-contadores\/#breadcrumb"},"inLanguage":"es-CO","potentialAction":[{"@type":"ReadAction","target":["https:\/\/www.fiscalia.gov.co\/colombia\/noticias\/privado-de-la-libertad-alias-camilo-40-senalado-cabecilla-principal-de-organizacion-criminal-los-contadores\/"]}]},{"@type":"ImageObject","inLanguage":"es-CO","@id":"https:\/\/www.fiscalia.gov.co\/colombia\/noticias\/privado-de-la-libertad-alias-camilo-40-senalado-cabecilla-principal-de-organizacion-criminal-los-contadores\/#primaryimage","url":"https:\/\/www.fiscalia.gov.co\/colombia\/wp-content\/uploads\/WhatsApp-Image-2021-09-04-at-6.40.33-PM.jpeg","contentUrl":"https:\/\/www.fiscalia.gov.co\/colombia\/wp-content\/uploads\/WhatsApp-Image-2021-09-04-at-6.40.33-PM.jpeg","width":1280,"height":853},{"@type":"BreadcrumbList","@id":"https:\/\/www.fiscalia.gov.co\/colombia\/noticias\/privado-de-la-libertad-alias-camilo-40-senalado-cabecilla-principal-de-organizacion-criminal-los-contadores\/#breadcrumb","itemListElement":[{"@type":"ListItem","position":1,"name":"Home","item":"https:\/\/www.fiscalia.gov.co\/colombia\/"},{"@type":"ListItem","position":2,"name":"Privado de la libertad alias Camilo 40, se\u00f1alado cabecilla principal de organizaci\u00f3n criminal Los Contadores"}]},{"@type":"WebSite","@id":"https:\/\/www.fiscalia.gov.co\/colombia\/#website","url":"https:\/\/www.fiscalia.gov.co\/colombia\/","name":"Fiscal\u00eda General de la Naci\u00f3n","description":"P\u00e1gina oficial de la Fiscal\u00eda General de la Naci\u00f3n \u2013 Colombia. Garantizamos el acceso efectivo a la justicia, la verdad y la reparaci\u00f3n de las v\u00edctimas de los delitos.","publisher":{"@id":"https:\/\/www.fiscalia.gov.co\/colombia\/#organization"},"potentialAction":[{"@type":"SearchAction","target":{"@type":"EntryPoint","urlTemplate":"https:\/\/www.fiscalia.gov.co\/colombia\/?s={search_term_string}"},"query-input":{"@type":"PropertyValueSpecification","valueRequired":true,"valueName":"search_term_string"}}],"inLanguage":"es-CO"},{"@type":"Organization","@id":"https:\/\/www.fiscalia.gov.co\/colombia\/#organization","name":"Fiscal\u00eda General de la Naci\u00f3n","url":"https:\/\/www.fiscalia.gov.co\/colombia\/","logo":{"@type":"ImageObject","inLanguage":"es-CO","@id":"https:\/\/www.fiscalia.gov.co\/colombia\/#\/schema\/logo\/image\/","url":"https:\/\/www.fiscalia.gov.co\/colombia\/wp-content\/uploads\/LogoHorizontal_1.jpg","contentUrl":"https:\/\/www.fiscalia.gov.co\/colombia\/wp-content\/uploads\/LogoHorizontal_1.jpg","width":300,"height":90,"caption":"Fiscal\u00eda General de la Naci\u00f3n"},"image":{"@id":"https:\/\/www.fiscalia.gov.co\/colombia\/#\/schema\/logo\/image\/"},"sameAs":["https:\/\/www.facebook.com\/FiscaliaCol","https:\/\/x.com\/FiscaliaCol","https:\/\/www.instagram.com\/fiscaliacol","https:\/\/www.linkedin.com\/company\/fiscalia-general-de-la-naci-n\/","https:\/\/youtube.com\/@fiscaliageneraldelanacion-4668?si=6nN79nyQICPU5iTh"]},{"@type":"Person","@id":"https:\/\/www.fiscalia.gov.co\/colombia\/#\/schema\/person\/2e76b9aba5ecf875ed565ce4de0e0415","name":"Katherine Loaiza Mart\u00ednez","image":{"@type":"ImageObject","inLanguage":"es-CO","@id":"https:\/\/www.fiscalia.gov.co\/colombia\/#\/schema\/person\/image\/","url":"https:\/\/secure.gravatar.com\/avatar\/ab775a2f394c1b83b6d6f78680e57b50?s=96&d=mm&r=g","contentUrl":"https:\/\/secure.gravatar.com\/avatar\/ab775a2f394c1b83b6d6f78680e57b50?s=96&d=mm&r=g","caption":"Katherine Loaiza Mart\u00ednez"},"url":"https:\/\/www.fiscalia.gov.co\/colombia\/author\/kloaiza\/"}]}},"_links":{"self":[{"href":"https:\/\/www.fiscalia.gov.co\/colombia\/wp-json\/wp\/v2\/posts\/228938","targetHints":{"allow":["GET"]}}],"collection":[{"href":"https:\/\/www.fiscalia.gov.co\/colombia\/wp-json\/wp\/v2\/posts"}],"about":[{"href":"https:\/\/www.fiscalia.gov.co\/colombia\/wp-json\/wp\/v2\/types\/post"}],"author":[{"embeddable":true,"href":"https:\/\/www.fiscalia.gov.co\/colombia\/wp-json\/wp\/v2\/users\/175"}],"replies":[{"embeddable":true,"href":"https:\/\/www.fiscalia.gov.co\/colombia\/wp-json\/wp\/v2\/comments?post=228938"}],"version-history":[{"count":5,"href":"https:\/\/www.fiscalia.gov.co\/colombia\/wp-json\/wp\/v2\/posts\/228938\/revisions"}],"predecessor-version":[{"id":228946,"href":"https:\/\/www.fiscalia.gov.co\/colombia\/wp-json\/wp\/v2\/posts\/228938\/revisions\/228946"}],"wp:attachment":[{"href":"https:\/\/www.fiscalia.gov.co\/colombia\/wp-json\/wp\/v2\/media?parent=228938"}],"wp:term":[{"taxonomy":"category","embeddable":true,"href":"https:\/\/www.fiscalia.gov.co\/colombia\/wp-json\/wp\/v2\/categories?post=228938"},{"taxonomy":"post_tag","embeddable":true,"href":"https:\/\/www.fiscalia.gov.co\/colombia\/wp-json\/wp\/v2\/tags?post=228938"}],"curies":[{"name":"wp","href":"https:\/\/api.w.org\/{rel}","templated":true}]}}