{"id":22888,"date":"2012-09-04T15:35:57","date_gmt":"2012-09-04T20:35:57","guid":{"rendered":"http:\/\/www.fiscalia.gov.co\/colombia\/?p=22888"},"modified":"2012-09-05T08:25:18","modified_gmt":"2012-09-05T13:25:18","slug":"fiscal-general-una-vez-voceros-de-guerrilla-sean-reconocidos-ordenes-de-captura-deben-suspenderseles","status":"publish","type":"post","link":"https:\/\/www.fiscalia.gov.co\/colombia\/noticias\/fiscal-general-una-vez-voceros-de-guerrilla-sean-reconocidos-ordenes-de-captura-deben-suspenderseles\/","title":{"rendered":"Fiscal General: Una vez voceros de guerrilla sean reconocidos \u00f3rdenes de captura deben suspend\u00e9rseles"},"content":{"rendered":"<p style=\"text-align: center;\">[media url=&#8221;http:\/\/www.youtube.com\/watch?v=SXSDtBDKH_8&amp;list=UU7bX69Qf2YKnHcKCA5kGKrw&amp;index=1&amp;feature=plcp&#8221; width=&#8221;512&#8243; height=&#8221;340&#8243; jwplayer=&#8221;controlbar=bottom&#8221;]\n<p style=\"text-align: left; padding-left: 180px;\"><strong>Declaraciones del Fiscal General de la Naci\u00f3n, Eduardo Montealegre Lynett<\/strong><\/p>\n<p><strong><\/strong> El Fiscal General de la Naci\u00f3n, Eduardo Montealegre Lynett, se\u00f1al\u00f3 este martes que una vez el Presidente de la Rep\u00fablica reconozca a quienes representar\u00e1n\u00a0 a la guerrilla en los di\u00e1logos \u201ces obligaci\u00f3n de los fiscales y de los jueces suspender las \u00f3rdenes de captura que existan en contra de ellos, por procesos en curso o incluso por procesos que est\u00e9n con sentencia en firme\u201d.<\/p>\n<p>El jefe del organismo acusador explic\u00f3 a los periodistas que la Ley Marco para la Paz aprobada en la legislatura pasada \u201cestableci\u00f3 cu\u00e1les son las reglas de juego, cu\u00e1l es el dise\u00f1o constitucional. Hay varios puntos muy importantes: en primer lugar que la Fiscal\u00eda tiene la obligaci\u00f3n de investigar, acusar y llevar a juicio a los m\u00e1ximos responsables y en los casos en los que una persona no sea seleccionada para ser llevada a juicio como m\u00e1ximo responsable, la ley establece la posibilidad de penas alternativas, de ejercicio del principio de oportunidad, de exoneraci\u00f3n de la pena\u201d, pero siempre sobre la base de que haya una reconstrucci\u00f3n hist\u00f3rica de la verdad y reparaci\u00f3n de las v\u00edctimas, a\u00f1adi\u00f3.<\/p>\n<p>De acuerdo con el Fiscal General esa normativa consagrada mediante reforma constitucional \u201c se ajusta a los est\u00e1ndares internacionales, no es incompatible con el Estatuto de Roma, no es incompatible con la Corte Penal Internacional, ni la existencia de justicias transicionales. Se establecen mecanismos de justicia transicional que permita la posibilidad de reducci\u00f3n de penas, de exoneraci\u00f3n de penas, de penas alternativas y esa justicia transicional tal y como est\u00e1 dise\u00f1ada en la Constituci\u00f3n no est\u00e1 quebrantando los deberes internacionales de investigaci\u00f3n y juzgamiento de cr\u00edmenes de lesa humanidad.\u201d.<\/p>\n<p>Subray\u00f3 que la mencionada norma tambi\u00e9n \u201cda un gran poder de negociaci\u00f3n al Presidente de la Rep\u00fablica, obviamente, dentro de unos l\u00edmites ya se\u00f1alados en la Constituci\u00f3n\u201d.<\/p>\n<p><strong>Primer gran desaf\u00edo<\/strong><\/p>\n<p><strong><\/strong>El Fiscal Montealegre Lynett dijo que es fundamental que en los acuerdos futuros el Gobierno se\u00f1ale \u201cun marco de protecci\u00f3n a las v\u00edctimas. La Constituci\u00f3n establece que se pueden hacer unos di\u00e1logos, que puede existir un marco de justicia transicional, pero siempre sobre bases fundamentales que son la superaci\u00f3n del conflicto, la dejaci\u00f3n de las armas, el abandono del secuestro, que no pueden seguir involucrando a los ni\u00f1os en el conflicto y que tiene que existir un proceso de verdad, de reconstrucci\u00f3n de la verdad hist\u00f3rica de los hechos, judicial o extrajudicial por medio de comisiones de la verdad, \u00a0y que tiene que existir reparaci\u00f3n\u201d.<\/p>\n<p>Con respecto a la Ley de Justicia y Paz utilizada para la desmovilizaci\u00f3n de las autodefensas se\u00f1al\u00f3 que la misma fue dise\u00f1ada bajo una perspectiva constitucional distinta y \u201cdifiere \u00a0notablemente de las nuevas reglas de juego de este proceso de paz\u201d, por lo que se requiere \u201cuna ley estatutaria que debe ser presentada por el Presidente de la Rep\u00fablica, en la que se se\u00f1ale, desde el punto de vista sustantivo, cu\u00e1les ser\u00edan las penas alternativas que se pueden imponer, cu\u00e1les\u00a0 las condiciones para el ejercicio del principio de oportunidad y cu\u00e1les ser\u00edan los criterios de selectividad para la investigaci\u00f3n de los m\u00e1ximos responsables\u201d.<\/p>\n<p>Explic\u00f3 que esa ley estatutaria debe tener varios desarrollos; en primer lugar la Constituci\u00f3n establece la posibilidad de dos modelos en materia de justicia transicional: un modelo de priorizaci\u00f3n o un modelo de selectividad.<\/p>\n<p>En ese contexto Montealegre Lynett afirm\u00f3 que \u201cel primer gran desaf\u00edo que tienen el Congreso y el Gobierno es decidir cu\u00e1l modelo va a escoger el de priorizaci\u00f3n que implica investigarlo absolutamente todo sobre un orden o el de selectividad que centra la investigaci\u00f3n en los m\u00e1ximos responsables\u201d.<\/p>\n<p>Finalmente, para el Fiscal General lo m\u00e1s acorde con la realidad colombiana es un modelo de selectividad \u201c, pero \u201csiempre sobre la base de que exista verdad para las v\u00edctimas, reparaci\u00f3n para las v\u00edctimas, que se reconstruya a por medio de comisiones de la verdad todo lo que ha sido el conflicto y que esto sirva como garant\u00eda de no repetici\u00f3n\u201d.<\/p>\n\n<div class=\"twitter-share\"><a href=\"https:\/\/twitter.com\/intent\/tweet?via=fiscaliacol\" class=\"twitter-share-button\">Tweet<\/a><\/div>\n","protected":false},"excerpt":{"rendered":"<p>[media url=&#8221;http:\/\/www.youtube.com\/watch?v=SXSDtBDKH_8&amp;list=UU7bX69Qf2YKnHcKCA5kGKrw&amp;index=1&amp;feature=plcp&#8221; width=&#8221;512&#8243; height=&#8221;340&#8243; jwplayer=&#8221;controlbar=bottom&#8221;] Declaraciones del Fiscal General de la Naci\u00f3n, Eduardo Montealegre Lynett El Fiscal General de la Naci\u00f3n, Eduardo Montealegre Lynett, se\u00f1al\u00f3 este martes que una vez [&hellip;]<\/p>\n","protected":false},"author":143,"featured_media":0,"comment_status":"closed","ping_status":"open","sticky":false,"template":"","format":"standard","meta":{"tdm_status":"","tdm_grid_status":"","footnotes":""},"categories":[1],"tags":[400,1801],"class_list":["post-22888","post","type-post","status-publish","format-standard","category-noticias","tag-eduardo-montealegre-lynett","tag-fiscal-general-de-la-ncion"],"yoast_head":"<!-- This site is optimized with the Yoast SEO plugin v24.3 - https:\/\/yoast.com\/wordpress\/plugins\/seo\/ -->\n<title>Fiscal\u00eda General de la Naci\u00f3n<\/title>\n<meta name=\"description\" content=\"P\u00e1gina oficial de la Fiscal\u00eda General de la Naci\u00f3n \u2013 Colombia. Garantizamos el acceso efectivo a la justicia, la verdad y la reparaci\u00f3n de las v\u00edctimas de los delitos.\" \/>\n<meta name=\"robots\" content=\"noindex, follow\" \/>\n<meta property=\"og:locale\" content=\"es_ES\" \/>\n<meta property=\"og:type\" content=\"article\" \/>\n<meta property=\"og:title\" content=\"Fiscal\u00eda General de la Naci\u00f3n\" \/>\n<meta property=\"og:description\" content=\"P\u00e1gina oficial de la Fiscal\u00eda General de la Naci\u00f3n \u2013 Colombia. Garantizamos el acceso efectivo a la justicia, la verdad y la reparaci\u00f3n de las v\u00edctimas de los delitos.\" \/>\n<meta property=\"og:url\" content=\"https:\/\/www.fiscalia.gov.co\/colombia\/noticias\/fiscal-general-una-vez-voceros-de-guerrilla-sean-reconocidos-ordenes-de-captura-deben-suspenderseles\/\" \/>\n<meta property=\"og:site_name\" content=\"Fiscal\u00eda General de la Naci\u00f3n\" \/>\n<meta property=\"article:publisher\" content=\"https:\/\/www.facebook.com\/FiscaliaCol\" \/>\n<meta property=\"article:published_time\" content=\"2012-09-04T20:35:57+00:00\" \/>\n<meta property=\"article:modified_time\" content=\"2012-09-05T13:25:18+00:00\" \/>\n<meta name=\"author\" content=\"dfgordillo\" \/>\n<meta name=\"twitter:card\" content=\"summary_large_image\" \/>\n<meta name=\"twitter:creator\" content=\"@FiscaliaCol\" \/>\n<meta name=\"twitter:site\" content=\"@FiscaliaCol\" \/>\n<meta name=\"twitter:label1\" content=\"Escrito por\" \/>\n\t<meta name=\"twitter:data1\" content=\"dfgordillo\" \/>\n\t<meta name=\"twitter:label2\" content=\"Tiempo de lectura\" \/>\n\t<meta name=\"twitter:data2\" content=\"4 minutos\" \/>\n<script type=\"application\/ld+json\" class=\"yoast-schema-graph\">{\"@context\":\"https:\/\/schema.org\",\"@graph\":[{\"@type\":\"Article\",\"@id\":\"https:\/\/www.fiscalia.gov.co\/colombia\/noticias\/fiscal-general-una-vez-voceros-de-guerrilla-sean-reconocidos-ordenes-de-captura-deben-suspenderseles\/#article\",\"isPartOf\":{\"@id\":\"https:\/\/www.fiscalia.gov.co\/colombia\/noticias\/fiscal-general-una-vez-voceros-de-guerrilla-sean-reconocidos-ordenes-de-captura-deben-suspenderseles\/\"},\"author\":{\"name\":\"dfgordillo\",\"@id\":\"https:\/\/www.fiscalia.gov.co\/colombia\/#\/schema\/person\/3903856a3ce2d54b094c69eb29247895\"},\"headline\":\"Fiscal General: Una vez voceros de guerrilla sean reconocidos \u00f3rdenes de captura deben suspend\u00e9rseles\",\"datePublished\":\"2012-09-04T20:35:57+00:00\",\"dateModified\":\"2012-09-05T13:25:18+00:00\",\"mainEntityOfPage\":{\"@id\":\"https:\/\/www.fiscalia.gov.co\/colombia\/noticias\/fiscal-general-una-vez-voceros-de-guerrilla-sean-reconocidos-ordenes-de-captura-deben-suspenderseles\/\"},\"wordCount\":771,\"publisher\":{\"@id\":\"https:\/\/www.fiscalia.gov.co\/colombia\/#organization\"},\"keywords\":[\"Eduardo Montealegre Lynett\",\"Fiscal General de la Nci\u00f3n\"],\"articleSection\":[\"Noticias\"],\"inLanguage\":\"es-CO\"},{\"@type\":\"WebPage\",\"@id\":\"https:\/\/www.fiscalia.gov.co\/colombia\/noticias\/fiscal-general-una-vez-voceros-de-guerrilla-sean-reconocidos-ordenes-de-captura-deben-suspenderseles\/\",\"url\":\"https:\/\/www.fiscalia.gov.co\/colombia\/noticias\/fiscal-general-una-vez-voceros-de-guerrilla-sean-reconocidos-ordenes-de-captura-deben-suspenderseles\/\",\"name\":\"Fiscal\u00eda General de la Naci\u00f3n\",\"isPartOf\":{\"@id\":\"https:\/\/www.fiscalia.gov.co\/colombia\/#website\"},\"datePublished\":\"2012-09-04T20:35:57+00:00\",\"dateModified\":\"2012-09-05T13:25:18+00:00\",\"description\":\"P\u00e1gina oficial de la Fiscal\u00eda General de la Naci\u00f3n \u2013 Colombia. Garantizamos el acceso efectivo a la justicia, la verdad y la reparaci\u00f3n de las v\u00edctimas de los delitos.\",\"breadcrumb\":{\"@id\":\"https:\/\/www.fiscalia.gov.co\/colombia\/noticias\/fiscal-general-una-vez-voceros-de-guerrilla-sean-reconocidos-ordenes-de-captura-deben-suspenderseles\/#breadcrumb\"},\"inLanguage\":\"es-CO\",\"potentialAction\":[{\"@type\":\"ReadAction\",\"target\":[\"https:\/\/www.fiscalia.gov.co\/colombia\/noticias\/fiscal-general-una-vez-voceros-de-guerrilla-sean-reconocidos-ordenes-de-captura-deben-suspenderseles\/\"]}]},{\"@type\":\"BreadcrumbList\",\"@id\":\"https:\/\/www.fiscalia.gov.co\/colombia\/noticias\/fiscal-general-una-vez-voceros-de-guerrilla-sean-reconocidos-ordenes-de-captura-deben-suspenderseles\/#breadcrumb\",\"itemListElement\":[{\"@type\":\"ListItem\",\"position\":1,\"name\":\"Home\",\"item\":\"https:\/\/www.fiscalia.gov.co\/colombia\/\"},{\"@type\":\"ListItem\",\"position\":2,\"name\":\"Fiscal General: Una vez voceros de guerrilla sean reconocidos \u00f3rdenes de captura deben suspend\u00e9rseles\"}]},{\"@type\":\"WebSite\",\"@id\":\"https:\/\/www.fiscalia.gov.co\/colombia\/#website\",\"url\":\"https:\/\/www.fiscalia.gov.co\/colombia\/\",\"name\":\"Fiscal\u00eda General de la Naci\u00f3n\",\"description\":\"P\u00e1gina oficial de la Fiscal\u00eda General de la Naci\u00f3n \u2013 Colombia. Garantizamos el acceso efectivo a la justicia, la verdad y la reparaci\u00f3n de las v\u00edctimas de los delitos.\",\"publisher\":{\"@id\":\"https:\/\/www.fiscalia.gov.co\/colombia\/#organization\"},\"potentialAction\":[{\"@type\":\"SearchAction\",\"target\":{\"@type\":\"EntryPoint\",\"urlTemplate\":\"https:\/\/www.fiscalia.gov.co\/colombia\/?s={search_term_string}\"},\"query-input\":{\"@type\":\"PropertyValueSpecification\",\"valueRequired\":true,\"valueName\":\"search_term_string\"}}],\"inLanguage\":\"es-CO\"},{\"@type\":\"Organization\",\"@id\":\"https:\/\/www.fiscalia.gov.co\/colombia\/#organization\",\"name\":\"Fiscal\u00eda General de la Naci\u00f3n\",\"url\":\"https:\/\/www.fiscalia.gov.co\/colombia\/\",\"logo\":{\"@type\":\"ImageObject\",\"inLanguage\":\"es-CO\",\"@id\":\"https:\/\/www.fiscalia.gov.co\/colombia\/#\/schema\/logo\/image\/\",\"url\":\"https:\/\/www.fiscalia.gov.co\/colombia\/wp-content\/uploads\/LogoHorizontal_1.jpg\",\"contentUrl\":\"https:\/\/www.fiscalia.gov.co\/colombia\/wp-content\/uploads\/LogoHorizontal_1.jpg\",\"width\":300,\"height\":90,\"caption\":\"Fiscal\u00eda General de la Naci\u00f3n\"},\"image\":{\"@id\":\"https:\/\/www.fiscalia.gov.co\/colombia\/#\/schema\/logo\/image\/\"},\"sameAs\":[\"https:\/\/www.facebook.com\/FiscaliaCol\",\"https:\/\/x.com\/FiscaliaCol\",\"https:\/\/www.instagram.com\/fiscaliacol\",\"https:\/\/www.linkedin.com\/company\/fiscalia-general-de-la-naci-n\/\",\"https:\/\/youtube.com\/@fiscaliageneraldelanacion-4668?si=6nN79nyQICPU5iTh\"]},{\"@type\":\"Person\",\"@id\":\"https:\/\/www.fiscalia.gov.co\/colombia\/#\/schema\/person\/3903856a3ce2d54b094c69eb29247895\",\"name\":\"dfgordillo\",\"image\":{\"@type\":\"ImageObject\",\"inLanguage\":\"es-CO\",\"@id\":\"https:\/\/www.fiscalia.gov.co\/colombia\/#\/schema\/person\/image\/\",\"url\":\"https:\/\/secure.gravatar.com\/avatar\/b6356e21c5657c60757fe6fb9493e947?s=96&d=mm&r=g\",\"contentUrl\":\"https:\/\/secure.gravatar.com\/avatar\/b6356e21c5657c60757fe6fb9493e947?s=96&d=mm&r=g\",\"caption\":\"dfgordillo\"},\"sameAs\":[\"dfgordillo\"],\"url\":\"https:\/\/www.fiscalia.gov.co\/colombia\/author\/dfgordillo\/\"}]}<\/script>\n<!-- \/ Yoast SEO plugin. -->","yoast_head_json":{"title":"Fiscal\u00eda General de la Naci\u00f3n","description":"P\u00e1gina oficial de la Fiscal\u00eda General de la Naci\u00f3n \u2013 Colombia. Garantizamos el acceso efectivo a la justicia, la verdad y la reparaci\u00f3n de las v\u00edctimas de los delitos.","robots":{"index":"noindex","follow":"follow"},"og_locale":"es_ES","og_type":"article","og_title":"Fiscal\u00eda General de la Naci\u00f3n","og_description":"P\u00e1gina oficial de la Fiscal\u00eda General de la Naci\u00f3n \u2013 Colombia. Garantizamos el acceso efectivo a la justicia, la verdad y la reparaci\u00f3n de las v\u00edctimas de los delitos.","og_url":"https:\/\/www.fiscalia.gov.co\/colombia\/noticias\/fiscal-general-una-vez-voceros-de-guerrilla-sean-reconocidos-ordenes-de-captura-deben-suspenderseles\/","og_site_name":"Fiscal\u00eda General de la Naci\u00f3n","article_publisher":"https:\/\/www.facebook.com\/FiscaliaCol","article_published_time":"2012-09-04T20:35:57+00:00","article_modified_time":"2012-09-05T13:25:18+00:00","author":"dfgordillo","twitter_card":"summary_large_image","twitter_creator":"@FiscaliaCol","twitter_site":"@FiscaliaCol","twitter_misc":{"Escrito por":"dfgordillo","Tiempo de lectura":"4 minutos"},"schema":{"@context":"https:\/\/schema.org","@graph":[{"@type":"Article","@id":"https:\/\/www.fiscalia.gov.co\/colombia\/noticias\/fiscal-general-una-vez-voceros-de-guerrilla-sean-reconocidos-ordenes-de-captura-deben-suspenderseles\/#article","isPartOf":{"@id":"https:\/\/www.fiscalia.gov.co\/colombia\/noticias\/fiscal-general-una-vez-voceros-de-guerrilla-sean-reconocidos-ordenes-de-captura-deben-suspenderseles\/"},"author":{"name":"dfgordillo","@id":"https:\/\/www.fiscalia.gov.co\/colombia\/#\/schema\/person\/3903856a3ce2d54b094c69eb29247895"},"headline":"Fiscal General: Una vez voceros de guerrilla sean reconocidos \u00f3rdenes de captura deben suspend\u00e9rseles","datePublished":"2012-09-04T20:35:57+00:00","dateModified":"2012-09-05T13:25:18+00:00","mainEntityOfPage":{"@id":"https:\/\/www.fiscalia.gov.co\/colombia\/noticias\/fiscal-general-una-vez-voceros-de-guerrilla-sean-reconocidos-ordenes-de-captura-deben-suspenderseles\/"},"wordCount":771,"publisher":{"@id":"https:\/\/www.fiscalia.gov.co\/colombia\/#organization"},"keywords":["Eduardo Montealegre Lynett","Fiscal General de la Nci\u00f3n"],"articleSection":["Noticias"],"inLanguage":"es-CO"},{"@type":"WebPage","@id":"https:\/\/www.fiscalia.gov.co\/colombia\/noticias\/fiscal-general-una-vez-voceros-de-guerrilla-sean-reconocidos-ordenes-de-captura-deben-suspenderseles\/","url":"https:\/\/www.fiscalia.gov.co\/colombia\/noticias\/fiscal-general-una-vez-voceros-de-guerrilla-sean-reconocidos-ordenes-de-captura-deben-suspenderseles\/","name":"Fiscal\u00eda General de la Naci\u00f3n","isPartOf":{"@id":"https:\/\/www.fiscalia.gov.co\/colombia\/#website"},"datePublished":"2012-09-04T20:35:57+00:00","dateModified":"2012-09-05T13:25:18+00:00","description":"P\u00e1gina oficial de la Fiscal\u00eda General de la Naci\u00f3n \u2013 Colombia. Garantizamos el acceso efectivo a la justicia, la verdad y la reparaci\u00f3n de las v\u00edctimas de los delitos.","breadcrumb":{"@id":"https:\/\/www.fiscalia.gov.co\/colombia\/noticias\/fiscal-general-una-vez-voceros-de-guerrilla-sean-reconocidos-ordenes-de-captura-deben-suspenderseles\/#breadcrumb"},"inLanguage":"es-CO","potentialAction":[{"@type":"ReadAction","target":["https:\/\/www.fiscalia.gov.co\/colombia\/noticias\/fiscal-general-una-vez-voceros-de-guerrilla-sean-reconocidos-ordenes-de-captura-deben-suspenderseles\/"]}]},{"@type":"BreadcrumbList","@id":"https:\/\/www.fiscalia.gov.co\/colombia\/noticias\/fiscal-general-una-vez-voceros-de-guerrilla-sean-reconocidos-ordenes-de-captura-deben-suspenderseles\/#breadcrumb","itemListElement":[{"@type":"ListItem","position":1,"name":"Home","item":"https:\/\/www.fiscalia.gov.co\/colombia\/"},{"@type":"ListItem","position":2,"name":"Fiscal General: Una vez voceros de guerrilla sean reconocidos \u00f3rdenes de captura deben suspend\u00e9rseles"}]},{"@type":"WebSite","@id":"https:\/\/www.fiscalia.gov.co\/colombia\/#website","url":"https:\/\/www.fiscalia.gov.co\/colombia\/","name":"Fiscal\u00eda General de la Naci\u00f3n","description":"P\u00e1gina oficial de la Fiscal\u00eda General de la Naci\u00f3n \u2013 Colombia. Garantizamos el acceso efectivo a la justicia, la verdad y la reparaci\u00f3n de las v\u00edctimas de los delitos.","publisher":{"@id":"https:\/\/www.fiscalia.gov.co\/colombia\/#organization"},"potentialAction":[{"@type":"SearchAction","target":{"@type":"EntryPoint","urlTemplate":"https:\/\/www.fiscalia.gov.co\/colombia\/?s={search_term_string}"},"query-input":{"@type":"PropertyValueSpecification","valueRequired":true,"valueName":"search_term_string"}}],"inLanguage":"es-CO"},{"@type":"Organization","@id":"https:\/\/www.fiscalia.gov.co\/colombia\/#organization","name":"Fiscal\u00eda General de la Naci\u00f3n","url":"https:\/\/www.fiscalia.gov.co\/colombia\/","logo":{"@type":"ImageObject","inLanguage":"es-CO","@id":"https:\/\/www.fiscalia.gov.co\/colombia\/#\/schema\/logo\/image\/","url":"https:\/\/www.fiscalia.gov.co\/colombia\/wp-content\/uploads\/LogoHorizontal_1.jpg","contentUrl":"https:\/\/www.fiscalia.gov.co\/colombia\/wp-content\/uploads\/LogoHorizontal_1.jpg","width":300,"height":90,"caption":"Fiscal\u00eda General de la Naci\u00f3n"},"image":{"@id":"https:\/\/www.fiscalia.gov.co\/colombia\/#\/schema\/logo\/image\/"},"sameAs":["https:\/\/www.facebook.com\/FiscaliaCol","https:\/\/x.com\/FiscaliaCol","https:\/\/www.instagram.com\/fiscaliacol","https:\/\/www.linkedin.com\/company\/fiscalia-general-de-la-naci-n\/","https:\/\/youtube.com\/@fiscaliageneraldelanacion-4668?si=6nN79nyQICPU5iTh"]},{"@type":"Person","@id":"https:\/\/www.fiscalia.gov.co\/colombia\/#\/schema\/person\/3903856a3ce2d54b094c69eb29247895","name":"dfgordillo","image":{"@type":"ImageObject","inLanguage":"es-CO","@id":"https:\/\/www.fiscalia.gov.co\/colombia\/#\/schema\/person\/image\/","url":"https:\/\/secure.gravatar.com\/avatar\/b6356e21c5657c60757fe6fb9493e947?s=96&d=mm&r=g","contentUrl":"https:\/\/secure.gravatar.com\/avatar\/b6356e21c5657c60757fe6fb9493e947?s=96&d=mm&r=g","caption":"dfgordillo"},"sameAs":["dfgordillo"],"url":"https:\/\/www.fiscalia.gov.co\/colombia\/author\/dfgordillo\/"}]}},"_links":{"self":[{"href":"https:\/\/www.fiscalia.gov.co\/colombia\/wp-json\/wp\/v2\/posts\/22888","targetHints":{"allow":["GET"]}}],"collection":[{"href":"https:\/\/www.fiscalia.gov.co\/colombia\/wp-json\/wp\/v2\/posts"}],"about":[{"href":"https:\/\/www.fiscalia.gov.co\/colombia\/wp-json\/wp\/v2\/types\/post"}],"author":[{"embeddable":true,"href":"https:\/\/www.fiscalia.gov.co\/colombia\/wp-json\/wp\/v2\/users\/143"}],"replies":[{"embeddable":true,"href":"https:\/\/www.fiscalia.gov.co\/colombia\/wp-json\/wp\/v2\/comments?post=22888"}],"version-history":[{"count":16,"href":"https:\/\/www.fiscalia.gov.co\/colombia\/wp-json\/wp\/v2\/posts\/22888\/revisions"}],"predecessor-version":[{"id":22936,"href":"https:\/\/www.fiscalia.gov.co\/colombia\/wp-json\/wp\/v2\/posts\/22888\/revisions\/22936"}],"wp:attachment":[{"href":"https:\/\/www.fiscalia.gov.co\/colombia\/wp-json\/wp\/v2\/media?parent=22888"}],"wp:term":[{"taxonomy":"category","embeddable":true,"href":"https:\/\/www.fiscalia.gov.co\/colombia\/wp-json\/wp\/v2\/categories?post=22888"},{"taxonomy":"post_tag","embeddable":true,"href":"https:\/\/www.fiscalia.gov.co\/colombia\/wp-json\/wp\/v2\/tags?post=22888"}],"curies":[{"name":"wp","href":"https:\/\/api.w.org\/{rel}","templated":true}]}}