{"id":228768,"date":"2021-09-02T17:25:49","date_gmt":"2021-09-02T22:25:49","guid":{"rendered":"https:\/\/www.fiscalia.gov.co\/colombia\/?p=228768"},"modified":"2021-09-07T17:24:18","modified_gmt":"2021-09-07T22:24:18","slug":"carcel-para-alias-el-chaman-quien-habria-abusado-sexualmente-de-una-mujer-bajo-el-pretexto-de-una-limpieza-espiritual","status":"publish","type":"post","link":"https:\/\/www.fiscalia.gov.co\/colombia\/noticias\/carcel-para-alias-el-chaman-quien-habria-abusado-sexualmente-de-una-mujer-bajo-el-pretexto-de-una-limpieza-espiritual\/","title":{"rendered":"C\u00e1rcel para alias el Cham\u00e1n, quien habr\u00eda abusado sexualmente de una mujer bajo el pretexto de una limpieza espiritual\u00a0  \u00a0"},"content":{"rendered":"<div>\n<div dir=\"ltr\">\n<p><span lang=\"ES\">Al acoger la solicitud de la Fiscal\u00eda, la juez primera penal municipal con funci\u00f3n de garant\u00edas de Pasto (Nari\u00f1o) impuso\u00a0<b>medida de aseguramiento<\/b>\u00a0en establecimiento carcelario en contra de Jos\u00e9 Heriberto Guti\u00e9rrez Lozano, alias el Cham\u00e1n, como presunto autor del delito de\u00a0<\/span><a href=\"https:\/\/www.fiscalia.gov.co\/colombia\/seccionales\/a-la-carcel-presunto-responsable-de-acceso-carnal-violento\/\" target=\"_blank\" rel=\"noopener noreferrer\" data-saferedirecturl=\"https:\/\/www.google.com\/url?q=https:\/\/www.fiscalia.gov.co\/colombia\/seccionales\/a-la-carcel-presunto-responsable-de-acceso-carnal-violento\/&amp;source=gmail&amp;ust=1630707584530000&amp;usg=AFQjCNGRySc1Q6hLQmateeelvq2yDUXXWg\"><span lang=\"ES\">acceso carnal violento<\/span><\/a><span lang=\"ES\">, el cual no acept\u00f3.\u00a0\u00a0<\/span><\/p>\n<figure id=\"attachment_228769\" aria-describedby=\"caption-attachment-228769\" style=\"width: 225px\" class=\"wp-caption alignleft\"><img loading=\"lazy\" decoding=\"async\" class=\"wp-image-228769 size-medium\" src=\"https:\/\/www.fiscalia.gov.co\/colombia\/wp-content\/uploads\/Jos\u00e9-Heriberto-Guti\u00e9rrez-Lozano-alias-El-cham\u00e1n-presuntamente-abus\u00f3-sexualmente-de-una-mujer-en-su-consultorio-esot\u00e9rico-225x300.jpeg\" alt=\"\" width=\"225\" height=\"300\" srcset=\"https:\/\/www.fiscalia.gov.co\/colombia\/wp-content\/uploads\/Jos\u00e9-Heriberto-Guti\u00e9rrez-Lozano-alias-El-cham\u00e1n-presuntamente-abus\u00f3-sexualmente-de-una-mujer-en-su-consultorio-esot\u00e9rico-225x300.jpeg 225w, https:\/\/www.fiscalia.gov.co\/colombia\/wp-content\/uploads\/Jos\u00e9-Heriberto-Guti\u00e9rrez-Lozano-alias-El-cham\u00e1n-presuntamente-abus\u00f3-sexualmente-de-una-mujer-en-su-consultorio-esot\u00e9rico-768x1024.jpeg 768w, https:\/\/www.fiscalia.gov.co\/colombia\/wp-content\/uploads\/Jos\u00e9-Heriberto-Guti\u00e9rrez-Lozano-alias-El-cham\u00e1n-presuntamente-abus\u00f3-sexualmente-de-una-mujer-en-su-consultorio-esot\u00e9rico-696x928.jpeg 696w, https:\/\/www.fiscalia.gov.co\/colombia\/wp-content\/uploads\/Jos\u00e9-Heriberto-Guti\u00e9rrez-Lozano-alias-El-cham\u00e1n-presuntamente-abus\u00f3-sexualmente-de-una-mujer-en-su-consultorio-esot\u00e9rico-315x420.jpeg 315w, https:\/\/www.fiscalia.gov.co\/colombia\/wp-content\/uploads\/Jos\u00e9-Heriberto-Guti\u00e9rrez-Lozano-alias-El-cham\u00e1n-presuntamente-abus\u00f3-sexualmente-de-una-mujer-en-su-consultorio-esot\u00e9rico.jpeg 960w\" sizes=\"auto, (max-width: 225px) 100vw, 225px\" \/><figcaption id=\"caption-attachment-228769\" class=\"wp-caption-text\">Jos\u00e9 Heriberto Guti\u00e9rrez Lozano, alias el Cham\u00e1n, habr\u00eda abusado sexualmente de una mujer en su consultorio esot\u00e9rico.<\/figcaption><\/figure>\n<p><span lang=\"ES\">Los hechos por los cuales alias el Cham\u00e1n es procesado ocurrieron el 27 de febrero \u00faltimo, en un local que funcionaba como\u00a0<b>consultorio esot\u00e9rico<\/b>, ubicado en la calle 16 con carrera 22A, de la capital nari\u00f1ense. \u00a0<\/span><\/p>\n<p><span lang=\"ES\">De acuerdo con la indagaci\u00f3n, ese d\u00eda, una ciudadana acudi\u00f3 a una cita programada para realizarse una\u00a0<b>limpieza espiritual<\/b>. \u00a0Seg\u00fan la v\u00edctima, el hombre le pidi\u00f3 que se desnudara y se aplicara unos aceites en todo su cuerpo para completar\u00a0<\/span><a href=\"https:\/\/www.fiscalia.gov.co\/colombia\/seccionales\/aseguramiento-intramuros-por-presunto-abuso-sexual-de-una-nina-en-el-valle-del-cauca-bajo-la-excusa-de-una-limpieza-espiritual\/\" target=\"_blank\" rel=\"noopener noreferrer\" data-saferedirecturl=\"https:\/\/www.google.com\/url?q=https:\/\/www.fiscalia.gov.co\/colombia\/seccionales\/aseguramiento-intramuros-por-presunto-abuso-sexual-de-una-nina-en-el-valle-del-cauca-bajo-la-excusa-de-una-limpieza-espiritual\/&amp;source=gmail&amp;ust=1630707584530000&amp;usg=AFQjCNEaUVcgwmyGciXyOyxhkKtg6N1N4A\"><span lang=\"ES\">el ritual<\/span><\/a><span lang=\"ES\">. \u00a0<\/span><\/p>\n<p><span lang=\"ES\">Al parecer, el hombre le pidi\u00f3 a la paciente que se acostara en el suelo. Enseguida, habr\u00eda aprovechado la situaci\u00f3n y abusado sexualmente de ella, aunque la mujer trat\u00f3 de oponer resistencia.\u00a0<\/span><\/p>\n<p><span lang=\"ES\">Se presume que el procesado intimid\u00f3 a la v\u00edctima asegurando que atentar\u00eda contra su vida y revertir\u00eda los efectos de la supuesta limpieza.\u00a0<\/span><\/p>\n<p><span lang=\"ES\">Tras la denuncia instaurada el pasado 12 de agosto, la Fiscal\u00eda obtuvo de un juez la orden de captura contra Guti\u00e9rrez Lozano, la cual fue materializada el 30 de agosto \u00faltimo por servidores del\u00a0<b>Cuerpo T\u00e9cnico de Investigaci\u00f3n (CTI)<\/b>, junto con unidades de la\u00a0<b>Polic\u00eda Nacional<\/b>, en un sector c\u00e9ntrico de Pasto.\u00a0<\/span><\/p>\n<p><span lang=\"ES\">Durante las audiencias concentradas, la servidora judicial emiti\u00f3 la orden de encarcelamiento para que alias el Cham\u00e1n sea remitido a la c\u00e1rcel de esa ciudad.\u00a0<\/span><\/p>\n<p><span lang=\"ES\">La Fiscal\u00eda General de la Naci\u00f3n habla con resultados.\u00a0<\/span><span lang=\"ES\">\u00a0<\/span><\/p>\n<p><span lang=\"ES\">\u00a0<\/span><\/p>\n<p><span lang=\"ES\">JGPV\/JP\/DLBM.\u00a0\u00a0<\/span><\/p>\n<p><span lang=\"ES\">\u00a0<\/span><\/p>\n<p><b><span lang=\"ES\">Le puede interesar:\u00a0<\/span><\/b><a href=\"https:\/\/www.fiscalia.gov.co\/colombia\/hechos-concretos\/a-la-carcel-fotografo-por-presunto-acceso-carnal-violento\/\" target=\"_blank\" rel=\"noopener noreferrer\" data-saferedirecturl=\"https:\/\/www.google.com\/url?q=https:\/\/www.fiscalia.gov.co\/colombia\/hechos-concretos\/a-la-carcel-fotografo-por-presunto-acceso-carnal-violento\/&amp;source=gmail&amp;ust=1630707584530000&amp;usg=AFQjCNHRd0HPf9NCzqvlq6x67yjQNXwzKw\"><span lang=\"ES\">A la c\u00e1rcel fot\u00f3grafo por presunto acceso carnal violento<\/span><\/a><\/p>\n<p>&nbsp;<\/p>\n<p><i><span lang=\"ES\">La informaci\u00f3n contenida en este bolet\u00edn de prensa corresponde a la narraci\u00f3n de los hechos noticiosos objetivos, suministrados por los funcionarios encargados de adelantar las investigaciones penales al interior de la Fiscal\u00eda General de la Naci\u00f3n. Para el momento de la divulgaci\u00f3n de este comunicado, la situaci\u00f3n jur\u00eddica de la(s) persona(s) relacionada(s) se encuentra pendiente de resolver por la autoridad judicial competente, siempre bajo los preceptos de la presunci\u00f3n de inocencia, consagrados en el art\u00edculo 29 de la Constituci\u00f3n Pol\u00edtica y el art\u00edculo 7\u00ba de la Ley 906 de 2004.<\/span><\/i><span lang=\"ES\">\u00a0\u00a0<\/span><span lang=\"ES\">\u00a0<\/span><\/p>\n<\/div>\n<\/div>\n\n<div class=\"twitter-share\"><a href=\"https:\/\/twitter.com\/intent\/tweet?via=fiscaliacol\" class=\"twitter-share-button\">Tweet<\/a><\/div>\n","protected":false},"excerpt":{"rendered":"<p>Al acoger la solicitud de la Fiscal\u00eda, la juez primera penal municipal con funci\u00f3n de garant\u00edas de Pasto (Nari\u00f1o) impuso\u00a0medida de aseguramiento\u00a0en establecimiento carcelario en contra de Jos\u00e9 Heriberto Guti\u00e9rrez [&hellip;]<\/p>\n","protected":false},"author":175,"featured_media":0,"comment_status":"closed","ping_status":"open","sticky":false,"template":"","format":"video","meta":{"tdm_status":"","tdm_grid_status":"","footnotes":""},"categories":[1,334,24127],"tags":[23966,28595,24401,24189,24481,1047,28594,28593,2299],"class_list":["post-228768","post","type-post","status-publish","format-video","category-noticias","category-seccional-pasto","category-violencia-sexual-e-intrafamiliar","tag-acceso-carnal-violento","tag-consultorio-esoterico","tag-fiscal-barbosa-delgado","tag-fiscal-francisco-barbosa-delgado","tag-fiscalia-de-colombia","tag-fiscalia-general-de-la-nacion","tag-limpieza-espiritual","tag-ritual","tag-violencia-sexual","post_format-post-format-video"],"yoast_head":"<!-- This site is optimized with the Yoast SEO plugin v24.3 - https:\/\/yoast.com\/wordpress\/plugins\/seo\/ -->\n<title>Fiscal\u00eda General de la Naci\u00f3n<\/title>\n<meta name=\"description\" content=\"P\u00e1gina oficial de la Fiscal\u00eda General de la Naci\u00f3n \u2013 Colombia. Garantizamos el acceso efectivo a la justicia, la verdad y la reparaci\u00f3n de las v\u00edctimas de los delitos.\" \/>\n<meta name=\"robots\" content=\"noindex, follow\" \/>\n<meta property=\"og:locale\" content=\"es_ES\" \/>\n<meta property=\"og:type\" content=\"article\" \/>\n<meta property=\"og:title\" content=\"Fiscal\u00eda General de la Naci\u00f3n\" \/>\n<meta property=\"og:description\" content=\"P\u00e1gina oficial de la Fiscal\u00eda General de la Naci\u00f3n \u2013 Colombia. Garantizamos el acceso efectivo a la justicia, la verdad y la reparaci\u00f3n de las v\u00edctimas de los delitos.\" \/>\n<meta property=\"og:url\" content=\"https:\/\/www.fiscalia.gov.co\/colombia\/noticias\/carcel-para-alias-el-chaman-quien-habria-abusado-sexualmente-de-una-mujer-bajo-el-pretexto-de-una-limpieza-espiritual\/\" \/>\n<meta property=\"og:site_name\" content=\"Fiscal\u00eda General de la Naci\u00f3n\" \/>\n<meta property=\"article:publisher\" content=\"https:\/\/www.facebook.com\/FiscaliaCol\" \/>\n<meta property=\"article:published_time\" content=\"2021-09-02T22:25:49+00:00\" \/>\n<meta property=\"article:modified_time\" content=\"2021-09-07T22:24:18+00:00\" \/>\n<meta name=\"author\" content=\"Katherine Loaiza Mart\u00ednez\" \/>\n<meta name=\"twitter:card\" content=\"summary_large_image\" \/>\n<meta name=\"twitter:creator\" content=\"@FiscaliaCol\" \/>\n<meta name=\"twitter:site\" content=\"@FiscaliaCol\" \/>\n<meta name=\"twitter:label1\" content=\"Escrito por\" \/>\n\t<meta name=\"twitter:data1\" content=\"Katherine Loaiza Mart\u00ednez\" \/>\n\t<meta name=\"twitter:label2\" content=\"Tiempo de lectura\" \/>\n\t<meta name=\"twitter:data2\" content=\"2 minutos\" \/>\n<script type=\"application\/ld+json\" class=\"yoast-schema-graph\">{\"@context\":\"https:\/\/schema.org\",\"@graph\":[{\"@type\":\"Article\",\"@id\":\"https:\/\/www.fiscalia.gov.co\/colombia\/noticias\/carcel-para-alias-el-chaman-quien-habria-abusado-sexualmente-de-una-mujer-bajo-el-pretexto-de-una-limpieza-espiritual\/#article\",\"isPartOf\":{\"@id\":\"https:\/\/www.fiscalia.gov.co\/colombia\/noticias\/carcel-para-alias-el-chaman-quien-habria-abusado-sexualmente-de-una-mujer-bajo-el-pretexto-de-una-limpieza-espiritual\/\"},\"author\":{\"name\":\"Katherine Loaiza Mart\u00ednez\",\"@id\":\"https:\/\/www.fiscalia.gov.co\/colombia\/#\/schema\/person\/2e76b9aba5ecf875ed565ce4de0e0415\"},\"headline\":\"C\u00e1rcel para alias el Cham\u00e1n, quien habr\u00eda abusado sexualmente de una mujer bajo el pretexto de una limpieza espiritual\u00a0 \u00a0\",\"datePublished\":\"2021-09-02T22:25:49+00:00\",\"dateModified\":\"2021-09-07T22:24:18+00:00\",\"mainEntityOfPage\":{\"@id\":\"https:\/\/www.fiscalia.gov.co\/colombia\/noticias\/carcel-para-alias-el-chaman-quien-habria-abusado-sexualmente-de-una-mujer-bajo-el-pretexto-de-una-limpieza-espiritual\/\"},\"wordCount\":462,\"publisher\":{\"@id\":\"https:\/\/www.fiscalia.gov.co\/colombia\/#organization\"},\"keywords\":[\"Acceso carnal violento\",\"consultorio esot\u00e9rico\",\"Fiscal Barbosa Delgado\",\"Fiscal Francisco Barbosa Delgado\",\"Fiscal\u00eda de Colombia\",\"Fiscal\u00eda General de la Naci\u00f3n\",\"limpieza espiritual\",\"ritual\",\"Violencia sexual\"],\"articleSection\":[\"Noticias\",\"Seccional Pasto\",\"Violencia sexual e intrafamiliar\"],\"inLanguage\":\"es-CO\"},{\"@type\":\"WebPage\",\"@id\":\"https:\/\/www.fiscalia.gov.co\/colombia\/noticias\/carcel-para-alias-el-chaman-quien-habria-abusado-sexualmente-de-una-mujer-bajo-el-pretexto-de-una-limpieza-espiritual\/\",\"url\":\"https:\/\/www.fiscalia.gov.co\/colombia\/noticias\/carcel-para-alias-el-chaman-quien-habria-abusado-sexualmente-de-una-mujer-bajo-el-pretexto-de-una-limpieza-espiritual\/\",\"name\":\"Fiscal\u00eda General de la Naci\u00f3n\",\"isPartOf\":{\"@id\":\"https:\/\/www.fiscalia.gov.co\/colombia\/#website\"},\"datePublished\":\"2021-09-02T22:25:49+00:00\",\"dateModified\":\"2021-09-07T22:24:18+00:00\",\"description\":\"P\u00e1gina oficial de la Fiscal\u00eda General de la Naci\u00f3n \u2013 Colombia. Garantizamos el acceso efectivo a la justicia, la verdad y la reparaci\u00f3n de las v\u00edctimas de los delitos.\",\"breadcrumb\":{\"@id\":\"https:\/\/www.fiscalia.gov.co\/colombia\/noticias\/carcel-para-alias-el-chaman-quien-habria-abusado-sexualmente-de-una-mujer-bajo-el-pretexto-de-una-limpieza-espiritual\/#breadcrumb\"},\"inLanguage\":\"es-CO\",\"potentialAction\":[{\"@type\":\"ReadAction\",\"target\":[\"https:\/\/www.fiscalia.gov.co\/colombia\/noticias\/carcel-para-alias-el-chaman-quien-habria-abusado-sexualmente-de-una-mujer-bajo-el-pretexto-de-una-limpieza-espiritual\/\"]}]},{\"@type\":\"BreadcrumbList\",\"@id\":\"https:\/\/www.fiscalia.gov.co\/colombia\/noticias\/carcel-para-alias-el-chaman-quien-habria-abusado-sexualmente-de-una-mujer-bajo-el-pretexto-de-una-limpieza-espiritual\/#breadcrumb\",\"itemListElement\":[{\"@type\":\"ListItem\",\"position\":1,\"name\":\"Home\",\"item\":\"https:\/\/www.fiscalia.gov.co\/colombia\/\"},{\"@type\":\"ListItem\",\"position\":2,\"name\":\"C\u00e1rcel para alias el Cham\u00e1n, quien habr\u00eda abusado sexualmente de una mujer bajo el pretexto de una limpieza espiritual\u00a0 \u00a0\"}]},{\"@type\":\"WebSite\",\"@id\":\"https:\/\/www.fiscalia.gov.co\/colombia\/#website\",\"url\":\"https:\/\/www.fiscalia.gov.co\/colombia\/\",\"name\":\"Fiscal\u00eda General de la Naci\u00f3n\",\"description\":\"P\u00e1gina oficial de la Fiscal\u00eda General de la Naci\u00f3n \u2013 Colombia. Garantizamos el acceso efectivo a la justicia, la verdad y la reparaci\u00f3n de las v\u00edctimas de los delitos.\",\"publisher\":{\"@id\":\"https:\/\/www.fiscalia.gov.co\/colombia\/#organization\"},\"potentialAction\":[{\"@type\":\"SearchAction\",\"target\":{\"@type\":\"EntryPoint\",\"urlTemplate\":\"https:\/\/www.fiscalia.gov.co\/colombia\/?s={search_term_string}\"},\"query-input\":{\"@type\":\"PropertyValueSpecification\",\"valueRequired\":true,\"valueName\":\"search_term_string\"}}],\"inLanguage\":\"es-CO\"},{\"@type\":\"Organization\",\"@id\":\"https:\/\/www.fiscalia.gov.co\/colombia\/#organization\",\"name\":\"Fiscal\u00eda General de la Naci\u00f3n\",\"url\":\"https:\/\/www.fiscalia.gov.co\/colombia\/\",\"logo\":{\"@type\":\"ImageObject\",\"inLanguage\":\"es-CO\",\"@id\":\"https:\/\/www.fiscalia.gov.co\/colombia\/#\/schema\/logo\/image\/\",\"url\":\"https:\/\/www.fiscalia.gov.co\/colombia\/wp-content\/uploads\/LogoHorizontal_1.jpg\",\"contentUrl\":\"https:\/\/www.fiscalia.gov.co\/colombia\/wp-content\/uploads\/LogoHorizontal_1.jpg\",\"width\":300,\"height\":90,\"caption\":\"Fiscal\u00eda General de la Naci\u00f3n\"},\"image\":{\"@id\":\"https:\/\/www.fiscalia.gov.co\/colombia\/#\/schema\/logo\/image\/\"},\"sameAs\":[\"https:\/\/www.facebook.com\/FiscaliaCol\",\"https:\/\/x.com\/FiscaliaCol\",\"https:\/\/www.instagram.com\/fiscaliacol\",\"https:\/\/www.linkedin.com\/company\/fiscalia-general-de-la-naci-n\/\",\"https:\/\/youtube.com\/@fiscaliageneraldelanacion-4668?si=6nN79nyQICPU5iTh\"]},{\"@type\":\"Person\",\"@id\":\"https:\/\/www.fiscalia.gov.co\/colombia\/#\/schema\/person\/2e76b9aba5ecf875ed565ce4de0e0415\",\"name\":\"Katherine Loaiza Mart\u00ednez\",\"image\":{\"@type\":\"ImageObject\",\"inLanguage\":\"es-CO\",\"@id\":\"https:\/\/www.fiscalia.gov.co\/colombia\/#\/schema\/person\/image\/\",\"url\":\"https:\/\/secure.gravatar.com\/avatar\/ab775a2f394c1b83b6d6f78680e57b50?s=96&d=mm&r=g\",\"contentUrl\":\"https:\/\/secure.gravatar.com\/avatar\/ab775a2f394c1b83b6d6f78680e57b50?s=96&d=mm&r=g\",\"caption\":\"Katherine Loaiza Mart\u00ednez\"},\"url\":\"https:\/\/www.fiscalia.gov.co\/colombia\/author\/kloaiza\/\"}]}<\/script>\n<!-- \/ Yoast SEO plugin. -->","yoast_head_json":{"title":"Fiscal\u00eda General de la Naci\u00f3n","description":"P\u00e1gina oficial de la Fiscal\u00eda General de la Naci\u00f3n \u2013 Colombia. Garantizamos el acceso efectivo a la justicia, la verdad y la reparaci\u00f3n de las v\u00edctimas de los delitos.","robots":{"index":"noindex","follow":"follow"},"og_locale":"es_ES","og_type":"article","og_title":"Fiscal\u00eda General de la Naci\u00f3n","og_description":"P\u00e1gina oficial de la Fiscal\u00eda General de la Naci\u00f3n \u2013 Colombia. Garantizamos el acceso efectivo a la justicia, la verdad y la reparaci\u00f3n de las v\u00edctimas de los delitos.","og_url":"https:\/\/www.fiscalia.gov.co\/colombia\/noticias\/carcel-para-alias-el-chaman-quien-habria-abusado-sexualmente-de-una-mujer-bajo-el-pretexto-de-una-limpieza-espiritual\/","og_site_name":"Fiscal\u00eda General de la Naci\u00f3n","article_publisher":"https:\/\/www.facebook.com\/FiscaliaCol","article_published_time":"2021-09-02T22:25:49+00:00","article_modified_time":"2021-09-07T22:24:18+00:00","author":"Katherine Loaiza Mart\u00ednez","twitter_card":"summary_large_image","twitter_creator":"@FiscaliaCol","twitter_site":"@FiscaliaCol","twitter_misc":{"Escrito por":"Katherine Loaiza Mart\u00ednez","Tiempo de lectura":"2 minutos"},"schema":{"@context":"https:\/\/schema.org","@graph":[{"@type":"Article","@id":"https:\/\/www.fiscalia.gov.co\/colombia\/noticias\/carcel-para-alias-el-chaman-quien-habria-abusado-sexualmente-de-una-mujer-bajo-el-pretexto-de-una-limpieza-espiritual\/#article","isPartOf":{"@id":"https:\/\/www.fiscalia.gov.co\/colombia\/noticias\/carcel-para-alias-el-chaman-quien-habria-abusado-sexualmente-de-una-mujer-bajo-el-pretexto-de-una-limpieza-espiritual\/"},"author":{"name":"Katherine Loaiza Mart\u00ednez","@id":"https:\/\/www.fiscalia.gov.co\/colombia\/#\/schema\/person\/2e76b9aba5ecf875ed565ce4de0e0415"},"headline":"C\u00e1rcel para alias el Cham\u00e1n, quien habr\u00eda abusado sexualmente de una mujer bajo el pretexto de una limpieza espiritual\u00a0 \u00a0","datePublished":"2021-09-02T22:25:49+00:00","dateModified":"2021-09-07T22:24:18+00:00","mainEntityOfPage":{"@id":"https:\/\/www.fiscalia.gov.co\/colombia\/noticias\/carcel-para-alias-el-chaman-quien-habria-abusado-sexualmente-de-una-mujer-bajo-el-pretexto-de-una-limpieza-espiritual\/"},"wordCount":462,"publisher":{"@id":"https:\/\/www.fiscalia.gov.co\/colombia\/#organization"},"keywords":["Acceso carnal violento","consultorio esot\u00e9rico","Fiscal Barbosa Delgado","Fiscal Francisco Barbosa Delgado","Fiscal\u00eda de Colombia","Fiscal\u00eda General de la Naci\u00f3n","limpieza espiritual","ritual","Violencia sexual"],"articleSection":["Noticias","Seccional Pasto","Violencia sexual e intrafamiliar"],"inLanguage":"es-CO"},{"@type":"WebPage","@id":"https:\/\/www.fiscalia.gov.co\/colombia\/noticias\/carcel-para-alias-el-chaman-quien-habria-abusado-sexualmente-de-una-mujer-bajo-el-pretexto-de-una-limpieza-espiritual\/","url":"https:\/\/www.fiscalia.gov.co\/colombia\/noticias\/carcel-para-alias-el-chaman-quien-habria-abusado-sexualmente-de-una-mujer-bajo-el-pretexto-de-una-limpieza-espiritual\/","name":"Fiscal\u00eda General de la Naci\u00f3n","isPartOf":{"@id":"https:\/\/www.fiscalia.gov.co\/colombia\/#website"},"datePublished":"2021-09-02T22:25:49+00:00","dateModified":"2021-09-07T22:24:18+00:00","description":"P\u00e1gina oficial de la Fiscal\u00eda General de la Naci\u00f3n \u2013 Colombia. Garantizamos el acceso efectivo a la justicia, la verdad y la reparaci\u00f3n de las v\u00edctimas de los delitos.","breadcrumb":{"@id":"https:\/\/www.fiscalia.gov.co\/colombia\/noticias\/carcel-para-alias-el-chaman-quien-habria-abusado-sexualmente-de-una-mujer-bajo-el-pretexto-de-una-limpieza-espiritual\/#breadcrumb"},"inLanguage":"es-CO","potentialAction":[{"@type":"ReadAction","target":["https:\/\/www.fiscalia.gov.co\/colombia\/noticias\/carcel-para-alias-el-chaman-quien-habria-abusado-sexualmente-de-una-mujer-bajo-el-pretexto-de-una-limpieza-espiritual\/"]}]},{"@type":"BreadcrumbList","@id":"https:\/\/www.fiscalia.gov.co\/colombia\/noticias\/carcel-para-alias-el-chaman-quien-habria-abusado-sexualmente-de-una-mujer-bajo-el-pretexto-de-una-limpieza-espiritual\/#breadcrumb","itemListElement":[{"@type":"ListItem","position":1,"name":"Home","item":"https:\/\/www.fiscalia.gov.co\/colombia\/"},{"@type":"ListItem","position":2,"name":"C\u00e1rcel para alias el Cham\u00e1n, quien habr\u00eda abusado sexualmente de una mujer bajo el pretexto de una limpieza espiritual\u00a0 \u00a0"}]},{"@type":"WebSite","@id":"https:\/\/www.fiscalia.gov.co\/colombia\/#website","url":"https:\/\/www.fiscalia.gov.co\/colombia\/","name":"Fiscal\u00eda General de la Naci\u00f3n","description":"P\u00e1gina oficial de la Fiscal\u00eda General de la Naci\u00f3n \u2013 Colombia. Garantizamos el acceso efectivo a la justicia, la verdad y la reparaci\u00f3n de las v\u00edctimas de los delitos.","publisher":{"@id":"https:\/\/www.fiscalia.gov.co\/colombia\/#organization"},"potentialAction":[{"@type":"SearchAction","target":{"@type":"EntryPoint","urlTemplate":"https:\/\/www.fiscalia.gov.co\/colombia\/?s={search_term_string}"},"query-input":{"@type":"PropertyValueSpecification","valueRequired":true,"valueName":"search_term_string"}}],"inLanguage":"es-CO"},{"@type":"Organization","@id":"https:\/\/www.fiscalia.gov.co\/colombia\/#organization","name":"Fiscal\u00eda General de la Naci\u00f3n","url":"https:\/\/www.fiscalia.gov.co\/colombia\/","logo":{"@type":"ImageObject","inLanguage":"es-CO","@id":"https:\/\/www.fiscalia.gov.co\/colombia\/#\/schema\/logo\/image\/","url":"https:\/\/www.fiscalia.gov.co\/colombia\/wp-content\/uploads\/LogoHorizontal_1.jpg","contentUrl":"https:\/\/www.fiscalia.gov.co\/colombia\/wp-content\/uploads\/LogoHorizontal_1.jpg","width":300,"height":90,"caption":"Fiscal\u00eda General de la Naci\u00f3n"},"image":{"@id":"https:\/\/www.fiscalia.gov.co\/colombia\/#\/schema\/logo\/image\/"},"sameAs":["https:\/\/www.facebook.com\/FiscaliaCol","https:\/\/x.com\/FiscaliaCol","https:\/\/www.instagram.com\/fiscaliacol","https:\/\/www.linkedin.com\/company\/fiscalia-general-de-la-naci-n\/","https:\/\/youtube.com\/@fiscaliageneraldelanacion-4668?si=6nN79nyQICPU5iTh"]},{"@type":"Person","@id":"https:\/\/www.fiscalia.gov.co\/colombia\/#\/schema\/person\/2e76b9aba5ecf875ed565ce4de0e0415","name":"Katherine Loaiza Mart\u00ednez","image":{"@type":"ImageObject","inLanguage":"es-CO","@id":"https:\/\/www.fiscalia.gov.co\/colombia\/#\/schema\/person\/image\/","url":"https:\/\/secure.gravatar.com\/avatar\/ab775a2f394c1b83b6d6f78680e57b50?s=96&d=mm&r=g","contentUrl":"https:\/\/secure.gravatar.com\/avatar\/ab775a2f394c1b83b6d6f78680e57b50?s=96&d=mm&r=g","caption":"Katherine Loaiza Mart\u00ednez"},"url":"https:\/\/www.fiscalia.gov.co\/colombia\/author\/kloaiza\/"}]}},"_links":{"self":[{"href":"https:\/\/www.fiscalia.gov.co\/colombia\/wp-json\/wp\/v2\/posts\/228768","targetHints":{"allow":["GET"]}}],"collection":[{"href":"https:\/\/www.fiscalia.gov.co\/colombia\/wp-json\/wp\/v2\/posts"}],"about":[{"href":"https:\/\/www.fiscalia.gov.co\/colombia\/wp-json\/wp\/v2\/types\/post"}],"author":[{"embeddable":true,"href":"https:\/\/www.fiscalia.gov.co\/colombia\/wp-json\/wp\/v2\/users\/175"}],"replies":[{"embeddable":true,"href":"https:\/\/www.fiscalia.gov.co\/colombia\/wp-json\/wp\/v2\/comments?post=228768"}],"version-history":[{"count":1,"href":"https:\/\/www.fiscalia.gov.co\/colombia\/wp-json\/wp\/v2\/posts\/228768\/revisions"}],"predecessor-version":[{"id":228770,"href":"https:\/\/www.fiscalia.gov.co\/colombia\/wp-json\/wp\/v2\/posts\/228768\/revisions\/228770"}],"wp:attachment":[{"href":"https:\/\/www.fiscalia.gov.co\/colombia\/wp-json\/wp\/v2\/media?parent=228768"}],"wp:term":[{"taxonomy":"category","embeddable":true,"href":"https:\/\/www.fiscalia.gov.co\/colombia\/wp-json\/wp\/v2\/categories?post=228768"},{"taxonomy":"post_tag","embeddable":true,"href":"https:\/\/www.fiscalia.gov.co\/colombia\/wp-json\/wp\/v2\/tags?post=228768"}],"curies":[{"name":"wp","href":"https:\/\/api.w.org\/{rel}","templated":true}]}}