{"id":228645,"date":"2021-09-01T15:04:18","date_gmt":"2021-09-01T20:04:18","guid":{"rendered":"https:\/\/www.fiscalia.gov.co\/colombia\/?p=228645"},"modified":"2021-09-06T16:05:46","modified_gmt":"2021-09-06T21:05:46","slug":"fiscalia-obtuvo-ejemplar-condena-contra-un-hombre-que-abuso-sexualmente-de-un-menor-de-9-anos-en-el-municipio-de-los-patios-norte-de-santander","status":"publish","type":"post","link":"https:\/\/www.fiscalia.gov.co\/colombia\/noticias\/fiscalia-obtuvo-ejemplar-condena-contra-un-hombre-que-abuso-sexualmente-de-un-menor-de-9-anos-en-el-municipio-de-los-patios-norte-de-santander\/","title":{"rendered":"Fiscal\u00eda obtuvo ejemplar condena contra un hombre que abus\u00f3 sexualmente de un menor de 9 a\u00f1os en el municipio de Los Patios (Norte de Santander)"},"content":{"rendered":"<h4><strong><em>Los hijos del hoy procesado, al parecer, habr\u00edan llevado al ni\u00f1o para que su padre cometiera los vej\u00e1menes.<\/em><\/strong><\/h4>\n<div>\n<div><\/div>\n<div><\/div>\n<p>Luego de acoger los argumentos de la\u00a0<b>Fiscal\u00eda General de la Naci\u00f3n<\/b>, el Juzgado Primero Penal del Circuito de Los Patios (Norte de Santander), con funciones de conocimiento, conden\u00f3 a un hombre a 32 a\u00f1os y seis meses de prisi\u00f3n por los delitos de acceso carnal violento, y acto sexual violento agravado.<\/p>\n<p>Los hechos ocurrieron en 2018, en Los Patios (Norte de Santander), donde el hoy condenado, aprovechando su cercan\u00eda con la familia, abus\u00f3 sexualmente de un menor de 9 a\u00f1os.<\/p>\n<p>La denuncia fue interpuesta por la madre del menor en el 2019, tras notar el bajo rendimiento escolar y conductas sexuales no acordes con su edad.<\/p>\n<p>Durante la investigaci\u00f3n la Fiscal\u00eda estableci\u00f3 la presunta participaci\u00f3n de los hijos del sentenciado (un joven 19 a\u00f1os y una menor de 15 a\u00f1os), quienes habr\u00edan abordado al menor para llevarlo a la \u00a0casa de su padre, donde la v\u00edctima fue abusado.<\/p>\n<p>Cabe anotar que los j\u00f3venes se encuentran judicializados por los mismos hechos y en las pr\u00f3ximas semanas la\u00a0<b>Fiscal\u00eda<\/b>\u00a0adelantar\u00e1 el juicio oral.<\/p>\n<p>El hombre fue capturado por servidores del CTI y la Polic\u00eda Nacional, el 20 de septiembre de 2020 y continuar\u00e1 privado de la libertad en la c\u00e1rcel judicial de C\u00facuta, donde cumplir\u00e1 su condena.<\/p>\n<p>Est\u00e1 decisi\u00f3n de primera instancia fue apelada por la defensa.<\/p>\n<p>Esta informaci\u00f3n se publica por razones de inter\u00e9s general.<\/p>\n<p>La Fiscal\u00eda General de la Naci\u00f3n habla con resultados.<\/p>\n<p>&nbsp;<\/p>\n<p>MPHA\/DATO\/MG\/MRC<\/p>\n<p>&nbsp;<\/p>\n<\/div>\n<div>\n<div lang=\"ES-CO\">\n<p>&nbsp;<\/p>\n<p>&nbsp;<\/p>\n<p>&nbsp;<\/p>\n<\/div>\n<\/div>\n\n<div class=\"twitter-share\"><a href=\"https:\/\/twitter.com\/intent\/tweet?via=fiscaliacol\" class=\"twitter-share-button\">Tweet<\/a><\/div>\n","protected":false},"excerpt":{"rendered":"<p>Los hijos del hoy procesado, al parecer, habr\u00edan llevado al ni\u00f1o para que su padre cometiera los vej\u00e1menes. Luego de acoger los argumentos de la\u00a0Fiscal\u00eda General de la Naci\u00f3n, el [&hellip;]<\/p>\n","protected":false},"author":175,"featured_media":0,"comment_status":"closed","ping_status":"open","sticky":false,"template":"","format":"video","meta":{"tdm_status":"","tdm_grid_status":"","footnotes":""},"categories":[24174,1,326],"tags":[24467,10084,975,689],"class_list":["post-228645","post","type-post","status-publish","format-video","category-hay-justicia","category-noticias","category-seccional-cucuta","tag-aceptacion-de-cargos","tag-seguridad","tag-sentencia","tag-trafico-de-armas","post_format-post-format-video"],"yoast_head":"<!-- This site is optimized with the Yoast SEO plugin v24.3 - https:\/\/yoast.com\/wordpress\/plugins\/seo\/ -->\n<title>Fiscal\u00eda General de la Naci\u00f3n<\/title>\n<meta name=\"description\" content=\"P\u00e1gina oficial de la Fiscal\u00eda General de la Naci\u00f3n \u2013 Colombia. Garantizamos el acceso efectivo a la justicia, la verdad y la reparaci\u00f3n de las v\u00edctimas de los delitos.\" \/>\n<meta name=\"robots\" content=\"noindex, follow\" \/>\n<meta property=\"og:locale\" content=\"es_ES\" \/>\n<meta property=\"og:type\" content=\"article\" \/>\n<meta property=\"og:title\" content=\"Fiscal\u00eda General de la Naci\u00f3n\" \/>\n<meta property=\"og:description\" content=\"P\u00e1gina oficial de la Fiscal\u00eda General de la Naci\u00f3n \u2013 Colombia. Garantizamos el acceso efectivo a la justicia, la verdad y la reparaci\u00f3n de las v\u00edctimas de los delitos.\" \/>\n<meta property=\"og:url\" content=\"https:\/\/www.fiscalia.gov.co\/colombia\/noticias\/fiscalia-obtuvo-ejemplar-condena-contra-un-hombre-que-abuso-sexualmente-de-un-menor-de-9-anos-en-el-municipio-de-los-patios-norte-de-santander\/\" \/>\n<meta property=\"og:site_name\" content=\"Fiscal\u00eda General de la Naci\u00f3n\" \/>\n<meta property=\"article:publisher\" content=\"https:\/\/www.facebook.com\/FiscaliaCol\" \/>\n<meta property=\"article:published_time\" content=\"2021-09-01T20:04:18+00:00\" \/>\n<meta property=\"article:modified_time\" content=\"2021-09-06T21:05:46+00:00\" \/>\n<meta name=\"author\" content=\"Katherine Loaiza Mart\u00ednez\" \/>\n<meta name=\"twitter:card\" content=\"summary_large_image\" \/>\n<meta name=\"twitter:creator\" content=\"@FiscaliaCol\" \/>\n<meta name=\"twitter:site\" content=\"@FiscaliaCol\" \/>\n<meta name=\"twitter:label1\" content=\"Escrito por\" \/>\n\t<meta name=\"twitter:data1\" content=\"Katherine Loaiza Mart\u00ednez\" \/>\n\t<meta name=\"twitter:label2\" content=\"Tiempo de lectura\" \/>\n\t<meta name=\"twitter:data2\" content=\"1 minuto\" \/>\n<script type=\"application\/ld+json\" class=\"yoast-schema-graph\">{\"@context\":\"https:\/\/schema.org\",\"@graph\":[{\"@type\":\"Article\",\"@id\":\"https:\/\/www.fiscalia.gov.co\/colombia\/noticias\/fiscalia-obtuvo-ejemplar-condena-contra-un-hombre-que-abuso-sexualmente-de-un-menor-de-9-anos-en-el-municipio-de-los-patios-norte-de-santander\/#article\",\"isPartOf\":{\"@id\":\"https:\/\/www.fiscalia.gov.co\/colombia\/noticias\/fiscalia-obtuvo-ejemplar-condena-contra-un-hombre-que-abuso-sexualmente-de-un-menor-de-9-anos-en-el-municipio-de-los-patios-norte-de-santander\/\"},\"author\":{\"name\":\"Katherine Loaiza Mart\u00ednez\",\"@id\":\"https:\/\/www.fiscalia.gov.co\/colombia\/#\/schema\/person\/2e76b9aba5ecf875ed565ce4de0e0415\"},\"headline\":\"Fiscal\u00eda obtuvo ejemplar condena contra un hombre que abus\u00f3 sexualmente de un menor de 9 a\u00f1os en el municipio de Los Patios (Norte de Santander)\",\"datePublished\":\"2021-09-01T20:04:18+00:00\",\"dateModified\":\"2021-09-06T21:05:46+00:00\",\"mainEntityOfPage\":{\"@id\":\"https:\/\/www.fiscalia.gov.co\/colombia\/noticias\/fiscalia-obtuvo-ejemplar-condena-contra-un-hombre-que-abuso-sexualmente-de-un-menor-de-9-anos-en-el-municipio-de-los-patios-norte-de-santander\/\"},\"wordCount\":306,\"publisher\":{\"@id\":\"https:\/\/www.fiscalia.gov.co\/colombia\/#organization\"},\"keywords\":[\"Aceptaci\u00f3n de cargos\",\"Seguridad\",\"Sentencia\",\"Tr\u00e1fico de armas\"],\"articleSection\":[\"Hay Justicia\",\"Noticias\",\"Seccional C\u00facuta\"],\"inLanguage\":\"es-CO\"},{\"@type\":\"WebPage\",\"@id\":\"https:\/\/www.fiscalia.gov.co\/colombia\/noticias\/fiscalia-obtuvo-ejemplar-condena-contra-un-hombre-que-abuso-sexualmente-de-un-menor-de-9-anos-en-el-municipio-de-los-patios-norte-de-santander\/\",\"url\":\"https:\/\/www.fiscalia.gov.co\/colombia\/noticias\/fiscalia-obtuvo-ejemplar-condena-contra-un-hombre-que-abuso-sexualmente-de-un-menor-de-9-anos-en-el-municipio-de-los-patios-norte-de-santander\/\",\"name\":\"Fiscal\u00eda General de la Naci\u00f3n\",\"isPartOf\":{\"@id\":\"https:\/\/www.fiscalia.gov.co\/colombia\/#website\"},\"datePublished\":\"2021-09-01T20:04:18+00:00\",\"dateModified\":\"2021-09-06T21:05:46+00:00\",\"description\":\"P\u00e1gina oficial de la Fiscal\u00eda General de la Naci\u00f3n \u2013 Colombia. Garantizamos el acceso efectivo a la justicia, la verdad y la reparaci\u00f3n de las v\u00edctimas de los delitos.\",\"breadcrumb\":{\"@id\":\"https:\/\/www.fiscalia.gov.co\/colombia\/noticias\/fiscalia-obtuvo-ejemplar-condena-contra-un-hombre-que-abuso-sexualmente-de-un-menor-de-9-anos-en-el-municipio-de-los-patios-norte-de-santander\/#breadcrumb\"},\"inLanguage\":\"es-CO\",\"potentialAction\":[{\"@type\":\"ReadAction\",\"target\":[\"https:\/\/www.fiscalia.gov.co\/colombia\/noticias\/fiscalia-obtuvo-ejemplar-condena-contra-un-hombre-que-abuso-sexualmente-de-un-menor-de-9-anos-en-el-municipio-de-los-patios-norte-de-santander\/\"]}]},{\"@type\":\"BreadcrumbList\",\"@id\":\"https:\/\/www.fiscalia.gov.co\/colombia\/noticias\/fiscalia-obtuvo-ejemplar-condena-contra-un-hombre-que-abuso-sexualmente-de-un-menor-de-9-anos-en-el-municipio-de-los-patios-norte-de-santander\/#breadcrumb\",\"itemListElement\":[{\"@type\":\"ListItem\",\"position\":1,\"name\":\"Home\",\"item\":\"https:\/\/www.fiscalia.gov.co\/colombia\/\"},{\"@type\":\"ListItem\",\"position\":2,\"name\":\"Fiscal\u00eda obtuvo ejemplar condena contra un hombre que abus\u00f3 sexualmente de un menor de 9 a\u00f1os en el municipio de Los Patios (Norte de Santander)\"}]},{\"@type\":\"WebSite\",\"@id\":\"https:\/\/www.fiscalia.gov.co\/colombia\/#website\",\"url\":\"https:\/\/www.fiscalia.gov.co\/colombia\/\",\"name\":\"Fiscal\u00eda General de la Naci\u00f3n\",\"description\":\"P\u00e1gina oficial de la Fiscal\u00eda General de la Naci\u00f3n \u2013 Colombia. Garantizamos el acceso efectivo a la justicia, la verdad y la reparaci\u00f3n de las v\u00edctimas de los delitos.\",\"publisher\":{\"@id\":\"https:\/\/www.fiscalia.gov.co\/colombia\/#organization\"},\"potentialAction\":[{\"@type\":\"SearchAction\",\"target\":{\"@type\":\"EntryPoint\",\"urlTemplate\":\"https:\/\/www.fiscalia.gov.co\/colombia\/?s={search_term_string}\"},\"query-input\":{\"@type\":\"PropertyValueSpecification\",\"valueRequired\":true,\"valueName\":\"search_term_string\"}}],\"inLanguage\":\"es-CO\"},{\"@type\":\"Organization\",\"@id\":\"https:\/\/www.fiscalia.gov.co\/colombia\/#organization\",\"name\":\"Fiscal\u00eda General de la Naci\u00f3n\",\"url\":\"https:\/\/www.fiscalia.gov.co\/colombia\/\",\"logo\":{\"@type\":\"ImageObject\",\"inLanguage\":\"es-CO\",\"@id\":\"https:\/\/www.fiscalia.gov.co\/colombia\/#\/schema\/logo\/image\/\",\"url\":\"https:\/\/www.fiscalia.gov.co\/colombia\/wp-content\/uploads\/LogoHorizontal_1.jpg\",\"contentUrl\":\"https:\/\/www.fiscalia.gov.co\/colombia\/wp-content\/uploads\/LogoHorizontal_1.jpg\",\"width\":300,\"height\":90,\"caption\":\"Fiscal\u00eda General de la Naci\u00f3n\"},\"image\":{\"@id\":\"https:\/\/www.fiscalia.gov.co\/colombia\/#\/schema\/logo\/image\/\"},\"sameAs\":[\"https:\/\/www.facebook.com\/FiscaliaCol\",\"https:\/\/x.com\/FiscaliaCol\",\"https:\/\/www.instagram.com\/fiscaliacol\",\"https:\/\/www.linkedin.com\/company\/fiscalia-general-de-la-naci-n\/\",\"https:\/\/youtube.com\/@fiscaliageneraldelanacion-4668?si=6nN79nyQICPU5iTh\"]},{\"@type\":\"Person\",\"@id\":\"https:\/\/www.fiscalia.gov.co\/colombia\/#\/schema\/person\/2e76b9aba5ecf875ed565ce4de0e0415\",\"name\":\"Katherine Loaiza Mart\u00ednez\",\"image\":{\"@type\":\"ImageObject\",\"inLanguage\":\"es-CO\",\"@id\":\"https:\/\/www.fiscalia.gov.co\/colombia\/#\/schema\/person\/image\/\",\"url\":\"https:\/\/secure.gravatar.com\/avatar\/ab775a2f394c1b83b6d6f78680e57b50?s=96&d=mm&r=g\",\"contentUrl\":\"https:\/\/secure.gravatar.com\/avatar\/ab775a2f394c1b83b6d6f78680e57b50?s=96&d=mm&r=g\",\"caption\":\"Katherine Loaiza Mart\u00ednez\"},\"url\":\"https:\/\/www.fiscalia.gov.co\/colombia\/author\/kloaiza\/\"}]}<\/script>\n<!-- \/ Yoast SEO plugin. -->","yoast_head_json":{"title":"Fiscal\u00eda General de la Naci\u00f3n","description":"P\u00e1gina oficial de la Fiscal\u00eda General de la Naci\u00f3n \u2013 Colombia. Garantizamos el acceso efectivo a la justicia, la verdad y la reparaci\u00f3n de las v\u00edctimas de los delitos.","robots":{"index":"noindex","follow":"follow"},"og_locale":"es_ES","og_type":"article","og_title":"Fiscal\u00eda General de la Naci\u00f3n","og_description":"P\u00e1gina oficial de la Fiscal\u00eda General de la Naci\u00f3n \u2013 Colombia. Garantizamos el acceso efectivo a la justicia, la verdad y la reparaci\u00f3n de las v\u00edctimas de los delitos.","og_url":"https:\/\/www.fiscalia.gov.co\/colombia\/noticias\/fiscalia-obtuvo-ejemplar-condena-contra-un-hombre-que-abuso-sexualmente-de-un-menor-de-9-anos-en-el-municipio-de-los-patios-norte-de-santander\/","og_site_name":"Fiscal\u00eda General de la Naci\u00f3n","article_publisher":"https:\/\/www.facebook.com\/FiscaliaCol","article_published_time":"2021-09-01T20:04:18+00:00","article_modified_time":"2021-09-06T21:05:46+00:00","author":"Katherine Loaiza Mart\u00ednez","twitter_card":"summary_large_image","twitter_creator":"@FiscaliaCol","twitter_site":"@FiscaliaCol","twitter_misc":{"Escrito por":"Katherine Loaiza Mart\u00ednez","Tiempo de lectura":"1 minuto"},"schema":{"@context":"https:\/\/schema.org","@graph":[{"@type":"Article","@id":"https:\/\/www.fiscalia.gov.co\/colombia\/noticias\/fiscalia-obtuvo-ejemplar-condena-contra-un-hombre-que-abuso-sexualmente-de-un-menor-de-9-anos-en-el-municipio-de-los-patios-norte-de-santander\/#article","isPartOf":{"@id":"https:\/\/www.fiscalia.gov.co\/colombia\/noticias\/fiscalia-obtuvo-ejemplar-condena-contra-un-hombre-que-abuso-sexualmente-de-un-menor-de-9-anos-en-el-municipio-de-los-patios-norte-de-santander\/"},"author":{"name":"Katherine Loaiza Mart\u00ednez","@id":"https:\/\/www.fiscalia.gov.co\/colombia\/#\/schema\/person\/2e76b9aba5ecf875ed565ce4de0e0415"},"headline":"Fiscal\u00eda obtuvo ejemplar condena contra un hombre que abus\u00f3 sexualmente de un menor de 9 a\u00f1os en el municipio de Los Patios (Norte de Santander)","datePublished":"2021-09-01T20:04:18+00:00","dateModified":"2021-09-06T21:05:46+00:00","mainEntityOfPage":{"@id":"https:\/\/www.fiscalia.gov.co\/colombia\/noticias\/fiscalia-obtuvo-ejemplar-condena-contra-un-hombre-que-abuso-sexualmente-de-un-menor-de-9-anos-en-el-municipio-de-los-patios-norte-de-santander\/"},"wordCount":306,"publisher":{"@id":"https:\/\/www.fiscalia.gov.co\/colombia\/#organization"},"keywords":["Aceptaci\u00f3n de cargos","Seguridad","Sentencia","Tr\u00e1fico de armas"],"articleSection":["Hay Justicia","Noticias","Seccional C\u00facuta"],"inLanguage":"es-CO"},{"@type":"WebPage","@id":"https:\/\/www.fiscalia.gov.co\/colombia\/noticias\/fiscalia-obtuvo-ejemplar-condena-contra-un-hombre-que-abuso-sexualmente-de-un-menor-de-9-anos-en-el-municipio-de-los-patios-norte-de-santander\/","url":"https:\/\/www.fiscalia.gov.co\/colombia\/noticias\/fiscalia-obtuvo-ejemplar-condena-contra-un-hombre-que-abuso-sexualmente-de-un-menor-de-9-anos-en-el-municipio-de-los-patios-norte-de-santander\/","name":"Fiscal\u00eda General de la Naci\u00f3n","isPartOf":{"@id":"https:\/\/www.fiscalia.gov.co\/colombia\/#website"},"datePublished":"2021-09-01T20:04:18+00:00","dateModified":"2021-09-06T21:05:46+00:00","description":"P\u00e1gina oficial de la Fiscal\u00eda General de la Naci\u00f3n \u2013 Colombia. Garantizamos el acceso efectivo a la justicia, la verdad y la reparaci\u00f3n de las v\u00edctimas de los delitos.","breadcrumb":{"@id":"https:\/\/www.fiscalia.gov.co\/colombia\/noticias\/fiscalia-obtuvo-ejemplar-condena-contra-un-hombre-que-abuso-sexualmente-de-un-menor-de-9-anos-en-el-municipio-de-los-patios-norte-de-santander\/#breadcrumb"},"inLanguage":"es-CO","potentialAction":[{"@type":"ReadAction","target":["https:\/\/www.fiscalia.gov.co\/colombia\/noticias\/fiscalia-obtuvo-ejemplar-condena-contra-un-hombre-que-abuso-sexualmente-de-un-menor-de-9-anos-en-el-municipio-de-los-patios-norte-de-santander\/"]}]},{"@type":"BreadcrumbList","@id":"https:\/\/www.fiscalia.gov.co\/colombia\/noticias\/fiscalia-obtuvo-ejemplar-condena-contra-un-hombre-que-abuso-sexualmente-de-un-menor-de-9-anos-en-el-municipio-de-los-patios-norte-de-santander\/#breadcrumb","itemListElement":[{"@type":"ListItem","position":1,"name":"Home","item":"https:\/\/www.fiscalia.gov.co\/colombia\/"},{"@type":"ListItem","position":2,"name":"Fiscal\u00eda obtuvo ejemplar condena contra un hombre que abus\u00f3 sexualmente de un menor de 9 a\u00f1os en el municipio de Los Patios (Norte de Santander)"}]},{"@type":"WebSite","@id":"https:\/\/www.fiscalia.gov.co\/colombia\/#website","url":"https:\/\/www.fiscalia.gov.co\/colombia\/","name":"Fiscal\u00eda General de la Naci\u00f3n","description":"P\u00e1gina oficial de la Fiscal\u00eda General de la Naci\u00f3n \u2013 Colombia. Garantizamos el acceso efectivo a la justicia, la verdad y la reparaci\u00f3n de las v\u00edctimas de los delitos.","publisher":{"@id":"https:\/\/www.fiscalia.gov.co\/colombia\/#organization"},"potentialAction":[{"@type":"SearchAction","target":{"@type":"EntryPoint","urlTemplate":"https:\/\/www.fiscalia.gov.co\/colombia\/?s={search_term_string}"},"query-input":{"@type":"PropertyValueSpecification","valueRequired":true,"valueName":"search_term_string"}}],"inLanguage":"es-CO"},{"@type":"Organization","@id":"https:\/\/www.fiscalia.gov.co\/colombia\/#organization","name":"Fiscal\u00eda General de la Naci\u00f3n","url":"https:\/\/www.fiscalia.gov.co\/colombia\/","logo":{"@type":"ImageObject","inLanguage":"es-CO","@id":"https:\/\/www.fiscalia.gov.co\/colombia\/#\/schema\/logo\/image\/","url":"https:\/\/www.fiscalia.gov.co\/colombia\/wp-content\/uploads\/LogoHorizontal_1.jpg","contentUrl":"https:\/\/www.fiscalia.gov.co\/colombia\/wp-content\/uploads\/LogoHorizontal_1.jpg","width":300,"height":90,"caption":"Fiscal\u00eda General de la Naci\u00f3n"},"image":{"@id":"https:\/\/www.fiscalia.gov.co\/colombia\/#\/schema\/logo\/image\/"},"sameAs":["https:\/\/www.facebook.com\/FiscaliaCol","https:\/\/x.com\/FiscaliaCol","https:\/\/www.instagram.com\/fiscaliacol","https:\/\/www.linkedin.com\/company\/fiscalia-general-de-la-naci-n\/","https:\/\/youtube.com\/@fiscaliageneraldelanacion-4668?si=6nN79nyQICPU5iTh"]},{"@type":"Person","@id":"https:\/\/www.fiscalia.gov.co\/colombia\/#\/schema\/person\/2e76b9aba5ecf875ed565ce4de0e0415","name":"Katherine Loaiza Mart\u00ednez","image":{"@type":"ImageObject","inLanguage":"es-CO","@id":"https:\/\/www.fiscalia.gov.co\/colombia\/#\/schema\/person\/image\/","url":"https:\/\/secure.gravatar.com\/avatar\/ab775a2f394c1b83b6d6f78680e57b50?s=96&d=mm&r=g","contentUrl":"https:\/\/secure.gravatar.com\/avatar\/ab775a2f394c1b83b6d6f78680e57b50?s=96&d=mm&r=g","caption":"Katherine Loaiza Mart\u00ednez"},"url":"https:\/\/www.fiscalia.gov.co\/colombia\/author\/kloaiza\/"}]}},"_links":{"self":[{"href":"https:\/\/www.fiscalia.gov.co\/colombia\/wp-json\/wp\/v2\/posts\/228645","targetHints":{"allow":["GET"]}}],"collection":[{"href":"https:\/\/www.fiscalia.gov.co\/colombia\/wp-json\/wp\/v2\/posts"}],"about":[{"href":"https:\/\/www.fiscalia.gov.co\/colombia\/wp-json\/wp\/v2\/types\/post"}],"author":[{"embeddable":true,"href":"https:\/\/www.fiscalia.gov.co\/colombia\/wp-json\/wp\/v2\/users\/175"}],"replies":[{"embeddable":true,"href":"https:\/\/www.fiscalia.gov.co\/colombia\/wp-json\/wp\/v2\/comments?post=228645"}],"version-history":[{"count":2,"href":"https:\/\/www.fiscalia.gov.co\/colombia\/wp-json\/wp\/v2\/posts\/228645\/revisions"}],"predecessor-version":[{"id":228647,"href":"https:\/\/www.fiscalia.gov.co\/colombia\/wp-json\/wp\/v2\/posts\/228645\/revisions\/228647"}],"wp:attachment":[{"href":"https:\/\/www.fiscalia.gov.co\/colombia\/wp-json\/wp\/v2\/media?parent=228645"}],"wp:term":[{"taxonomy":"category","embeddable":true,"href":"https:\/\/www.fiscalia.gov.co\/colombia\/wp-json\/wp\/v2\/categories?post=228645"},{"taxonomy":"post_tag","embeddable":true,"href":"https:\/\/www.fiscalia.gov.co\/colombia\/wp-json\/wp\/v2\/tags?post=228645"}],"curies":[{"name":"wp","href":"https:\/\/api.w.org\/{rel}","templated":true}]}}