{"id":228328,"date":"2021-08-27T16:39:56","date_gmt":"2021-08-27T21:39:56","guid":{"rendered":"https:\/\/www.fiscalia.gov.co\/colombia\/?p=228328"},"modified":"2021-08-27T16:39:56","modified_gmt":"2021-08-27T21:39:56","slug":"fiscalia-radicara-escrito-de-acusacion-en-el-proceso-que-se-sigue-contra-el-exgobernador-de-antioquia-sergio-fajardo-valderrama","status":"publish","type":"post","link":"https:\/\/www.fiscalia.gov.co\/colombia\/noticias\/fiscalia-radicara-escrito-de-acusacion-en-el-proceso-que-se-sigue-contra-el-exgobernador-de-antioquia-sergio-fajardo-valderrama\/","title":{"rendered":"Fiscal\u00eda radicar\u00e1 escrito de acusaci\u00f3n en el proceso que se sigue contra el exgobernador de Antioquia Sergio Fajardo Valderrama"},"content":{"rendered":"<p>La Fiscal\u00eda General de la Naci\u00f3n radicar\u00e1 hoy, ante la Sala Especial de Juzgamiento de Primera Instancia de la Corte Suprema de Justicia, escrito de acusaci\u00f3n contra el doctor Sergio Fajardo Valderrama, gobernador de Antioquia, per\u00edodo 2012-2015.<\/p>\n<p>Una fiscal\u00eda delegada ante la Corte Suprema de Justicia adopt\u00f3 tal determinaci\u00f3n al encontrar elementos materiales probatorios que permitieron establecer con probabilidad de verdad, que al doctor Sergio Fajardo Valderrama se le puede atribuir a t\u00edtulo de coautor los delitos de contrato sin cumplimiento de los requisitos legales y peculado por apropiaci\u00f3n en favor de terceros agravado.<\/p>\n<p>La investigaci\u00f3n concluy\u00f3 que, el doctor Sergio Fajardo Valderrama, en su calidad de gobernador de Antioquia, vulner\u00f3 los principios de la funci\u00f3n y contrataci\u00f3n p\u00fablica, de eficacia, transparencia, responsabilidad, econom\u00eda y planeaci\u00f3n, al tramitar y celebrar el contrato de \u201c<em>sustituci\u00f3n de deuda N\u00b0 SF140013 de diciembre 5 del 2013<\/em>\u201d, suscrito en representaci\u00f3n del departamento de Antioquia, como contratante, y\u00a0 las entidades BANCO CORPBANCA COLOMBIA SA y el INSTITUTO PARA EL DESARROLLO DE ANTIOQUIA \u2013IDEA, como contratistas, cuyo objeto era otorgar un empr\u00e9stito por la suma de noventa y ocho millones de d\u00f3lares (USD $98.000.000) con destino a la sustituci\u00f3n de unas deudas a cargo del contratante.<\/p>\n<p>El entonces gobernador de Antioquia, conforme al \u201cManual de Contrataci\u00f3n del departamento de Antioquia\u201d, ten\u00eda asignada la competencia y obligaci\u00f3n jur\u00eddica de realizar una evaluaci\u00f3n razonada y t\u00e9cnica, con el acompa\u00f1amiento del Comit\u00e9 Financiero y de Tesorer\u00eda Departamental, previo al tr\u00e1mite y celebraci\u00f3n de la operaci\u00f3n de cr\u00e9dito p\u00fablico sobre una l\u00ednea de redescuento en d\u00f3lares de FINDETER SA, sobre aspectos fundamentales, tales como, la forma de financiamiento, las diferentes alternativas del mercado, as\u00ed como, la conveniencia financiera y fiscal de la operaci\u00f3n, conforme regla el art\u00edculo 32 del Decreto 2681 de 1993. Actuaciones que no fueron realizadas por el doctor Sergio Fajardo Valderrama, dentro de los par\u00e1metros de la ley de contrataci\u00f3n estatal.<\/p>\n<p>Igualmente, en la investigaci\u00f3n se estableci\u00f3 que en el contrato se pact\u00f3 el desembolso, pago de intereses y capital en moneda nacional, sin embargo, realmente se vino ejecutando, sin justificaci\u00f3n alguna, en d\u00f3lares americanos, consecuentemente, se trat\u00f3 de un cr\u00e9dito p\u00fablico externo y no interno, que seg\u00fan el Decreto 2681 de 1993, requer\u00eda para su celebraci\u00f3n de concepto del Ministerio de Hacienda y Cr\u00e9dito P\u00fablico.<\/p>\n<p>Ocupa indicar que, la actividad de peritos expertos de la Fiscal\u00eda General de la Naci\u00f3n, determin\u00f3 que la ejecuci\u00f3n del contrato produjo un da\u00f1o patrimonial, que represent\u00f3 la cuant\u00eda de la apropiaci\u00f3n en favor del contratista, en suma de $98.433.870.402.oo, a corte d\u00eda 31 de diciembre de 2015, fecha de finalizaci\u00f3n del per\u00edodo del doctor Sergio Fajardo Valderrama como gobernador del departamento de Antioquia.<\/p>\n<p>Esta informaci\u00f3n se publica por razones de inter\u00e9s general.<\/p>\n\n<div class=\"twitter-share\"><a href=\"https:\/\/twitter.com\/intent\/tweet?via=fiscaliacol\" class=\"twitter-share-button\">Tweet<\/a><\/div>\n","protected":false},"excerpt":{"rendered":"<p>La Fiscal\u00eda General de la Naci\u00f3n radicar\u00e1 hoy, ante la Sala Especial de Juzgamiento de Primera Instancia de la Corte Suprema de Justicia, escrito de acusaci\u00f3n contra el doctor Sergio [&hellip;]<\/p>\n","protected":false},"author":175,"featured_media":0,"comment_status":"closed","ping_status":"open","sticky":false,"template":"","format":"standard","meta":{"tdm_status":"","tdm_grid_status":"","footnotes":""},"categories":[1],"tags":[24401,24189,28539],"class_list":["post-228328","post","type-post","status-publish","format-standard","category-noticias","tag-fiscal-barbosa-delgado","tag-fiscal-francisco-barbosa-delgado","tag-sergio-fajardo"],"yoast_head":"<!-- This site is optimized with the Yoast SEO plugin v24.3 - https:\/\/yoast.com\/wordpress\/plugins\/seo\/ -->\n<title>Fiscal\u00eda General de la Naci\u00f3n<\/title>\n<meta name=\"description\" content=\"P\u00e1gina oficial de la Fiscal\u00eda General de la Naci\u00f3n \u2013 Colombia. Garantizamos el acceso efectivo a la justicia, la verdad y la reparaci\u00f3n de las v\u00edctimas de los delitos.\" \/>\n<meta name=\"robots\" content=\"noindex, follow\" \/>\n<meta property=\"og:locale\" content=\"es_ES\" \/>\n<meta property=\"og:type\" content=\"article\" \/>\n<meta property=\"og:title\" content=\"Fiscal\u00eda General de la Naci\u00f3n\" \/>\n<meta property=\"og:description\" content=\"P\u00e1gina oficial de la Fiscal\u00eda General de la Naci\u00f3n \u2013 Colombia. Garantizamos el acceso efectivo a la justicia, la verdad y la reparaci\u00f3n de las v\u00edctimas de los delitos.\" \/>\n<meta property=\"og:url\" content=\"https:\/\/www.fiscalia.gov.co\/colombia\/noticias\/fiscalia-radicara-escrito-de-acusacion-en-el-proceso-que-se-sigue-contra-el-exgobernador-de-antioquia-sergio-fajardo-valderrama\/\" \/>\n<meta property=\"og:site_name\" content=\"Fiscal\u00eda General de la Naci\u00f3n\" \/>\n<meta property=\"article:publisher\" content=\"https:\/\/www.facebook.com\/FiscaliaCol\" \/>\n<meta property=\"article:published_time\" content=\"2021-08-27T21:39:56+00:00\" \/>\n<meta name=\"author\" content=\"Katherine Loaiza Mart\u00ednez\" \/>\n<meta name=\"twitter:card\" content=\"summary_large_image\" \/>\n<meta name=\"twitter:creator\" content=\"@FiscaliaCol\" \/>\n<meta name=\"twitter:site\" content=\"@FiscaliaCol\" \/>\n<meta name=\"twitter:label1\" content=\"Escrito por\" \/>\n\t<meta name=\"twitter:data1\" content=\"Katherine Loaiza Mart\u00ednez\" \/>\n\t<meta name=\"twitter:label2\" content=\"Tiempo de lectura\" \/>\n\t<meta name=\"twitter:data2\" content=\"3 minutos\" \/>\n<script type=\"application\/ld+json\" class=\"yoast-schema-graph\">{\"@context\":\"https:\/\/schema.org\",\"@graph\":[{\"@type\":\"Article\",\"@id\":\"https:\/\/www.fiscalia.gov.co\/colombia\/noticias\/fiscalia-radicara-escrito-de-acusacion-en-el-proceso-que-se-sigue-contra-el-exgobernador-de-antioquia-sergio-fajardo-valderrama\/#article\",\"isPartOf\":{\"@id\":\"https:\/\/www.fiscalia.gov.co\/colombia\/noticias\/fiscalia-radicara-escrito-de-acusacion-en-el-proceso-que-se-sigue-contra-el-exgobernador-de-antioquia-sergio-fajardo-valderrama\/\"},\"author\":{\"name\":\"Katherine Loaiza Mart\u00ednez\",\"@id\":\"https:\/\/www.fiscalia.gov.co\/colombia\/#\/schema\/person\/2e76b9aba5ecf875ed565ce4de0e0415\"},\"headline\":\"Fiscal\u00eda radicar\u00e1 escrito de acusaci\u00f3n en el proceso que se sigue contra el exgobernador de Antioquia Sergio Fajardo Valderrama\",\"datePublished\":\"2021-08-27T21:39:56+00:00\",\"dateModified\":\"2021-08-27T21:39:56+00:00\",\"mainEntityOfPage\":{\"@id\":\"https:\/\/www.fiscalia.gov.co\/colombia\/noticias\/fiscalia-radicara-escrito-de-acusacion-en-el-proceso-que-se-sigue-contra-el-exgobernador-de-antioquia-sergio-fajardo-valderrama\/\"},\"wordCount\":522,\"publisher\":{\"@id\":\"https:\/\/www.fiscalia.gov.co\/colombia\/#organization\"},\"keywords\":[\"Fiscal Barbosa Delgado\",\"Fiscal Francisco Barbosa Delgado\",\"Sergio Fajardo\"],\"articleSection\":[\"Noticias\"],\"inLanguage\":\"es-CO\"},{\"@type\":\"WebPage\",\"@id\":\"https:\/\/www.fiscalia.gov.co\/colombia\/noticias\/fiscalia-radicara-escrito-de-acusacion-en-el-proceso-que-se-sigue-contra-el-exgobernador-de-antioquia-sergio-fajardo-valderrama\/\",\"url\":\"https:\/\/www.fiscalia.gov.co\/colombia\/noticias\/fiscalia-radicara-escrito-de-acusacion-en-el-proceso-que-se-sigue-contra-el-exgobernador-de-antioquia-sergio-fajardo-valderrama\/\",\"name\":\"Fiscal\u00eda General de la Naci\u00f3n\",\"isPartOf\":{\"@id\":\"https:\/\/www.fiscalia.gov.co\/colombia\/#website\"},\"datePublished\":\"2021-08-27T21:39:56+00:00\",\"dateModified\":\"2021-08-27T21:39:56+00:00\",\"description\":\"P\u00e1gina oficial de la Fiscal\u00eda General de la Naci\u00f3n \u2013 Colombia. Garantizamos el acceso efectivo a la justicia, la verdad y la reparaci\u00f3n de las v\u00edctimas de los delitos.\",\"breadcrumb\":{\"@id\":\"https:\/\/www.fiscalia.gov.co\/colombia\/noticias\/fiscalia-radicara-escrito-de-acusacion-en-el-proceso-que-se-sigue-contra-el-exgobernador-de-antioquia-sergio-fajardo-valderrama\/#breadcrumb\"},\"inLanguage\":\"es-CO\",\"potentialAction\":[{\"@type\":\"ReadAction\",\"target\":[\"https:\/\/www.fiscalia.gov.co\/colombia\/noticias\/fiscalia-radicara-escrito-de-acusacion-en-el-proceso-que-se-sigue-contra-el-exgobernador-de-antioquia-sergio-fajardo-valderrama\/\"]}]},{\"@type\":\"BreadcrumbList\",\"@id\":\"https:\/\/www.fiscalia.gov.co\/colombia\/noticias\/fiscalia-radicara-escrito-de-acusacion-en-el-proceso-que-se-sigue-contra-el-exgobernador-de-antioquia-sergio-fajardo-valderrama\/#breadcrumb\",\"itemListElement\":[{\"@type\":\"ListItem\",\"position\":1,\"name\":\"Home\",\"item\":\"https:\/\/www.fiscalia.gov.co\/colombia\/\"},{\"@type\":\"ListItem\",\"position\":2,\"name\":\"Fiscal\u00eda radicar\u00e1 escrito de acusaci\u00f3n en el proceso que se sigue contra el exgobernador de Antioquia Sergio Fajardo Valderrama\"}]},{\"@type\":\"WebSite\",\"@id\":\"https:\/\/www.fiscalia.gov.co\/colombia\/#website\",\"url\":\"https:\/\/www.fiscalia.gov.co\/colombia\/\",\"name\":\"Fiscal\u00eda General de la Naci\u00f3n\",\"description\":\"P\u00e1gina oficial de la Fiscal\u00eda General de la Naci\u00f3n \u2013 Colombia. Garantizamos el acceso efectivo a la justicia, la verdad y la reparaci\u00f3n de las v\u00edctimas de los delitos.\",\"publisher\":{\"@id\":\"https:\/\/www.fiscalia.gov.co\/colombia\/#organization\"},\"potentialAction\":[{\"@type\":\"SearchAction\",\"target\":{\"@type\":\"EntryPoint\",\"urlTemplate\":\"https:\/\/www.fiscalia.gov.co\/colombia\/?s={search_term_string}\"},\"query-input\":{\"@type\":\"PropertyValueSpecification\",\"valueRequired\":true,\"valueName\":\"search_term_string\"}}],\"inLanguage\":\"es-CO\"},{\"@type\":\"Organization\",\"@id\":\"https:\/\/www.fiscalia.gov.co\/colombia\/#organization\",\"name\":\"Fiscal\u00eda General de la Naci\u00f3n\",\"url\":\"https:\/\/www.fiscalia.gov.co\/colombia\/\",\"logo\":{\"@type\":\"ImageObject\",\"inLanguage\":\"es-CO\",\"@id\":\"https:\/\/www.fiscalia.gov.co\/colombia\/#\/schema\/logo\/image\/\",\"url\":\"https:\/\/www.fiscalia.gov.co\/colombia\/wp-content\/uploads\/LogoHorizontal_1.jpg\",\"contentUrl\":\"https:\/\/www.fiscalia.gov.co\/colombia\/wp-content\/uploads\/LogoHorizontal_1.jpg\",\"width\":300,\"height\":90,\"caption\":\"Fiscal\u00eda General de la Naci\u00f3n\"},\"image\":{\"@id\":\"https:\/\/www.fiscalia.gov.co\/colombia\/#\/schema\/logo\/image\/\"},\"sameAs\":[\"https:\/\/www.facebook.com\/FiscaliaCol\",\"https:\/\/x.com\/FiscaliaCol\",\"https:\/\/www.instagram.com\/fiscaliacol\",\"https:\/\/www.linkedin.com\/company\/fiscalia-general-de-la-naci-n\/\",\"https:\/\/youtube.com\/@fiscaliageneraldelanacion-4668?si=6nN79nyQICPU5iTh\"]},{\"@type\":\"Person\",\"@id\":\"https:\/\/www.fiscalia.gov.co\/colombia\/#\/schema\/person\/2e76b9aba5ecf875ed565ce4de0e0415\",\"name\":\"Katherine Loaiza Mart\u00ednez\",\"image\":{\"@type\":\"ImageObject\",\"inLanguage\":\"es-CO\",\"@id\":\"https:\/\/www.fiscalia.gov.co\/colombia\/#\/schema\/person\/image\/\",\"url\":\"https:\/\/secure.gravatar.com\/avatar\/ab775a2f394c1b83b6d6f78680e57b50?s=96&d=mm&r=g\",\"contentUrl\":\"https:\/\/secure.gravatar.com\/avatar\/ab775a2f394c1b83b6d6f78680e57b50?s=96&d=mm&r=g\",\"caption\":\"Katherine Loaiza Mart\u00ednez\"},\"url\":\"https:\/\/www.fiscalia.gov.co\/colombia\/author\/kloaiza\/\"}]}<\/script>\n<!-- \/ Yoast SEO plugin. -->","yoast_head_json":{"title":"Fiscal\u00eda General de la Naci\u00f3n","description":"P\u00e1gina oficial de la Fiscal\u00eda General de la Naci\u00f3n \u2013 Colombia. Garantizamos el acceso efectivo a la justicia, la verdad y la reparaci\u00f3n de las v\u00edctimas de los delitos.","robots":{"index":"noindex","follow":"follow"},"og_locale":"es_ES","og_type":"article","og_title":"Fiscal\u00eda General de la Naci\u00f3n","og_description":"P\u00e1gina oficial de la Fiscal\u00eda General de la Naci\u00f3n \u2013 Colombia. Garantizamos el acceso efectivo a la justicia, la verdad y la reparaci\u00f3n de las v\u00edctimas de los delitos.","og_url":"https:\/\/www.fiscalia.gov.co\/colombia\/noticias\/fiscalia-radicara-escrito-de-acusacion-en-el-proceso-que-se-sigue-contra-el-exgobernador-de-antioquia-sergio-fajardo-valderrama\/","og_site_name":"Fiscal\u00eda General de la Naci\u00f3n","article_publisher":"https:\/\/www.facebook.com\/FiscaliaCol","article_published_time":"2021-08-27T21:39:56+00:00","author":"Katherine Loaiza Mart\u00ednez","twitter_card":"summary_large_image","twitter_creator":"@FiscaliaCol","twitter_site":"@FiscaliaCol","twitter_misc":{"Escrito por":"Katherine Loaiza Mart\u00ednez","Tiempo de lectura":"3 minutos"},"schema":{"@context":"https:\/\/schema.org","@graph":[{"@type":"Article","@id":"https:\/\/www.fiscalia.gov.co\/colombia\/noticias\/fiscalia-radicara-escrito-de-acusacion-en-el-proceso-que-se-sigue-contra-el-exgobernador-de-antioquia-sergio-fajardo-valderrama\/#article","isPartOf":{"@id":"https:\/\/www.fiscalia.gov.co\/colombia\/noticias\/fiscalia-radicara-escrito-de-acusacion-en-el-proceso-que-se-sigue-contra-el-exgobernador-de-antioquia-sergio-fajardo-valderrama\/"},"author":{"name":"Katherine Loaiza Mart\u00ednez","@id":"https:\/\/www.fiscalia.gov.co\/colombia\/#\/schema\/person\/2e76b9aba5ecf875ed565ce4de0e0415"},"headline":"Fiscal\u00eda radicar\u00e1 escrito de acusaci\u00f3n en el proceso que se sigue contra el exgobernador de Antioquia Sergio Fajardo Valderrama","datePublished":"2021-08-27T21:39:56+00:00","dateModified":"2021-08-27T21:39:56+00:00","mainEntityOfPage":{"@id":"https:\/\/www.fiscalia.gov.co\/colombia\/noticias\/fiscalia-radicara-escrito-de-acusacion-en-el-proceso-que-se-sigue-contra-el-exgobernador-de-antioquia-sergio-fajardo-valderrama\/"},"wordCount":522,"publisher":{"@id":"https:\/\/www.fiscalia.gov.co\/colombia\/#organization"},"keywords":["Fiscal Barbosa Delgado","Fiscal Francisco Barbosa Delgado","Sergio Fajardo"],"articleSection":["Noticias"],"inLanguage":"es-CO"},{"@type":"WebPage","@id":"https:\/\/www.fiscalia.gov.co\/colombia\/noticias\/fiscalia-radicara-escrito-de-acusacion-en-el-proceso-que-se-sigue-contra-el-exgobernador-de-antioquia-sergio-fajardo-valderrama\/","url":"https:\/\/www.fiscalia.gov.co\/colombia\/noticias\/fiscalia-radicara-escrito-de-acusacion-en-el-proceso-que-se-sigue-contra-el-exgobernador-de-antioquia-sergio-fajardo-valderrama\/","name":"Fiscal\u00eda General de la Naci\u00f3n","isPartOf":{"@id":"https:\/\/www.fiscalia.gov.co\/colombia\/#website"},"datePublished":"2021-08-27T21:39:56+00:00","dateModified":"2021-08-27T21:39:56+00:00","description":"P\u00e1gina oficial de la Fiscal\u00eda General de la Naci\u00f3n \u2013 Colombia. Garantizamos el acceso efectivo a la justicia, la verdad y la reparaci\u00f3n de las v\u00edctimas de los delitos.","breadcrumb":{"@id":"https:\/\/www.fiscalia.gov.co\/colombia\/noticias\/fiscalia-radicara-escrito-de-acusacion-en-el-proceso-que-se-sigue-contra-el-exgobernador-de-antioquia-sergio-fajardo-valderrama\/#breadcrumb"},"inLanguage":"es-CO","potentialAction":[{"@type":"ReadAction","target":["https:\/\/www.fiscalia.gov.co\/colombia\/noticias\/fiscalia-radicara-escrito-de-acusacion-en-el-proceso-que-se-sigue-contra-el-exgobernador-de-antioquia-sergio-fajardo-valderrama\/"]}]},{"@type":"BreadcrumbList","@id":"https:\/\/www.fiscalia.gov.co\/colombia\/noticias\/fiscalia-radicara-escrito-de-acusacion-en-el-proceso-que-se-sigue-contra-el-exgobernador-de-antioquia-sergio-fajardo-valderrama\/#breadcrumb","itemListElement":[{"@type":"ListItem","position":1,"name":"Home","item":"https:\/\/www.fiscalia.gov.co\/colombia\/"},{"@type":"ListItem","position":2,"name":"Fiscal\u00eda radicar\u00e1 escrito de acusaci\u00f3n en el proceso que se sigue contra el exgobernador de Antioquia Sergio Fajardo Valderrama"}]},{"@type":"WebSite","@id":"https:\/\/www.fiscalia.gov.co\/colombia\/#website","url":"https:\/\/www.fiscalia.gov.co\/colombia\/","name":"Fiscal\u00eda General de la Naci\u00f3n","description":"P\u00e1gina oficial de la Fiscal\u00eda General de la Naci\u00f3n \u2013 Colombia. Garantizamos el acceso efectivo a la justicia, la verdad y la reparaci\u00f3n de las v\u00edctimas de los delitos.","publisher":{"@id":"https:\/\/www.fiscalia.gov.co\/colombia\/#organization"},"potentialAction":[{"@type":"SearchAction","target":{"@type":"EntryPoint","urlTemplate":"https:\/\/www.fiscalia.gov.co\/colombia\/?s={search_term_string}"},"query-input":{"@type":"PropertyValueSpecification","valueRequired":true,"valueName":"search_term_string"}}],"inLanguage":"es-CO"},{"@type":"Organization","@id":"https:\/\/www.fiscalia.gov.co\/colombia\/#organization","name":"Fiscal\u00eda General de la Naci\u00f3n","url":"https:\/\/www.fiscalia.gov.co\/colombia\/","logo":{"@type":"ImageObject","inLanguage":"es-CO","@id":"https:\/\/www.fiscalia.gov.co\/colombia\/#\/schema\/logo\/image\/","url":"https:\/\/www.fiscalia.gov.co\/colombia\/wp-content\/uploads\/LogoHorizontal_1.jpg","contentUrl":"https:\/\/www.fiscalia.gov.co\/colombia\/wp-content\/uploads\/LogoHorizontal_1.jpg","width":300,"height":90,"caption":"Fiscal\u00eda General de la Naci\u00f3n"},"image":{"@id":"https:\/\/www.fiscalia.gov.co\/colombia\/#\/schema\/logo\/image\/"},"sameAs":["https:\/\/www.facebook.com\/FiscaliaCol","https:\/\/x.com\/FiscaliaCol","https:\/\/www.instagram.com\/fiscaliacol","https:\/\/www.linkedin.com\/company\/fiscalia-general-de-la-naci-n\/","https:\/\/youtube.com\/@fiscaliageneraldelanacion-4668?si=6nN79nyQICPU5iTh"]},{"@type":"Person","@id":"https:\/\/www.fiscalia.gov.co\/colombia\/#\/schema\/person\/2e76b9aba5ecf875ed565ce4de0e0415","name":"Katherine Loaiza Mart\u00ednez","image":{"@type":"ImageObject","inLanguage":"es-CO","@id":"https:\/\/www.fiscalia.gov.co\/colombia\/#\/schema\/person\/image\/","url":"https:\/\/secure.gravatar.com\/avatar\/ab775a2f394c1b83b6d6f78680e57b50?s=96&d=mm&r=g","contentUrl":"https:\/\/secure.gravatar.com\/avatar\/ab775a2f394c1b83b6d6f78680e57b50?s=96&d=mm&r=g","caption":"Katherine Loaiza Mart\u00ednez"},"url":"https:\/\/www.fiscalia.gov.co\/colombia\/author\/kloaiza\/"}]}},"_links":{"self":[{"href":"https:\/\/www.fiscalia.gov.co\/colombia\/wp-json\/wp\/v2\/posts\/228328","targetHints":{"allow":["GET"]}}],"collection":[{"href":"https:\/\/www.fiscalia.gov.co\/colombia\/wp-json\/wp\/v2\/posts"}],"about":[{"href":"https:\/\/www.fiscalia.gov.co\/colombia\/wp-json\/wp\/v2\/types\/post"}],"author":[{"embeddable":true,"href":"https:\/\/www.fiscalia.gov.co\/colombia\/wp-json\/wp\/v2\/users\/175"}],"replies":[{"embeddable":true,"href":"https:\/\/www.fiscalia.gov.co\/colombia\/wp-json\/wp\/v2\/comments?post=228328"}],"version-history":[{"count":1,"href":"https:\/\/www.fiscalia.gov.co\/colombia\/wp-json\/wp\/v2\/posts\/228328\/revisions"}],"predecessor-version":[{"id":228329,"href":"https:\/\/www.fiscalia.gov.co\/colombia\/wp-json\/wp\/v2\/posts\/228328\/revisions\/228329"}],"wp:attachment":[{"href":"https:\/\/www.fiscalia.gov.co\/colombia\/wp-json\/wp\/v2\/media?parent=228328"}],"wp:term":[{"taxonomy":"category","embeddable":true,"href":"https:\/\/www.fiscalia.gov.co\/colombia\/wp-json\/wp\/v2\/categories?post=228328"},{"taxonomy":"post_tag","embeddable":true,"href":"https:\/\/www.fiscalia.gov.co\/colombia\/wp-json\/wp\/v2\/tags?post=228328"}],"curies":[{"name":"wp","href":"https:\/\/api.w.org\/{rel}","templated":true}]}}