{"id":227859,"date":"2021-08-20T14:34:49","date_gmt":"2021-08-20T19:34:49","guid":{"rendered":"https:\/\/www.fiscalia.gov.co\/colombia\/?p=227859"},"modified":"2021-08-20T14:34:49","modified_gmt":"2021-08-20T19:34:49","slug":"privadas-de-la-libertad-12-personas-por-presunto-trafico-de-estupefacientes-en-la-comuna-7-de-ibague","status":"publish","type":"post","link":"https:\/\/www.fiscalia.gov.co\/colombia\/noticias\/privadas-de-la-libertad-12-personas-por-presunto-trafico-de-estupefacientes-en-la-comuna-7-de-ibague\/","title":{"rendered":"Privadas de la libertad 12 personas por presunto tr\u00e1fico de estupefacientes en la Comuna 7 de Ibagu\u00e9"},"content":{"rendered":"<div>\n<p>Una presunta\u00a0<a href=\"https:\/\/www.fiscalia.gov.co\/colombia\/noticias\/a-la-carcel-11-presuntos-integrantes-del-grupo-delincuencial-los-de-la-copropiedad-dedicados-al-trafico-de-estupefacientes-en-ibague-tolima\/\" target=\"_blank\" rel=\"noopener noreferrer\" data-saferedirecturl=\"https:\/\/www.google.com\/url?q=https:\/\/www.fiscalia.gov.co\/colombia\/noticias\/a-la-carcel-11-presuntos-integrantes-del-grupo-delincuencial-los-de-la-copropiedad-dedicados-al-trafico-de-estupefacientes-en-ibague-tolima\/&amp;source=gmail&amp;ust=1629572412708000&amp;usg=AFQjCNFFV1agozoTSX4631PxBDdTrcBndg\">organizaci\u00f3n delincuencial<\/a>\u00a0denominada Los del Pueblito, fue impactada por las autoridades con la captura de 12 de sus integrantes, en una operaci\u00f3n coordinada entre la Sij\u00edn de la Polic\u00eda Metropolitana de Ibagu\u00e9 y la Fiscal\u00eda General de la Naci\u00f3n, en cabeza de un delegado especializado contra el narcotr\u00e1fico.<u><\/u><u><\/u><\/p>\n<figure id=\"attachment_227860\" aria-describedby=\"caption-attachment-227860\" style=\"width: 1270px\" class=\"wp-caption aligncenter\"><img loading=\"lazy\" decoding=\"async\" class=\"wp-image-227860 size-full\" src=\"https:\/\/www.fiscalia.gov.co\/colombia\/wp-content\/uploads\/los-del-pueblito-estupefacientes-ibague.jpeg\" alt=\"\" width=\"1270\" height=\"708\" srcset=\"https:\/\/www.fiscalia.gov.co\/colombia\/wp-content\/uploads\/los-del-pueblito-estupefacientes-ibague.jpeg 1270w, https:\/\/www.fiscalia.gov.co\/colombia\/wp-content\/uploads\/los-del-pueblito-estupefacientes-ibague-300x167.jpeg 300w, https:\/\/www.fiscalia.gov.co\/colombia\/wp-content\/uploads\/los-del-pueblito-estupefacientes-ibague-1024x571.jpeg 1024w, https:\/\/www.fiscalia.gov.co\/colombia\/wp-content\/uploads\/los-del-pueblito-estupefacientes-ibague-768x428.jpeg 768w, https:\/\/www.fiscalia.gov.co\/colombia\/wp-content\/uploads\/los-del-pueblito-estupefacientes-ibague-696x388.jpeg 696w, https:\/\/www.fiscalia.gov.co\/colombia\/wp-content\/uploads\/los-del-pueblito-estupefacientes-ibague-1068x595.jpeg 1068w, https:\/\/www.fiscalia.gov.co\/colombia\/wp-content\/uploads\/los-del-pueblito-estupefacientes-ibague-753x420.jpeg 753w\" sizes=\"auto, (max-width: 1270px) 100vw, 1270px\" \/><figcaption id=\"caption-attachment-227860\" class=\"wp-caption-text\">Todos fueron privados de la libertad como medida de aseguramiento preventiva, por su presunta participaci\u00f3n en la organizaci\u00f3n delincuencial Los del Pueblito.<\/figcaption><\/figure>\n<p>Se trata de un grupo delictivo dedicado al tr\u00e1fico de estupefacientes al menudeo de sustancias como marihuana y coca\u00edna que las autoridades tienen detectada, vendr\u00edan ejerciendo esta actividad il\u00edcita desde noviembre de 2020.<\/p>\n<p>La diligencia judicial, que se desarroll\u00f3 a mediados de esta semana, dej\u00f3 como resultado la declaratoria legal por parte de un juez de la Rep\u00fablica de nueve diligencias de allanamiento y registro a viviendas de la capital tolimense ubicadas en los barrios Modelia, \u00c1lamos, Chico, Protecho, Palo Grande; ubicados en la Comuna 7 de la ciudad, donde fueron detenidos.<u><\/u><u><\/u><u><\/u>\u00a0<u><\/u><\/p>\n<p>Precisamente, en estos sectores, tendr\u00edan su punto de injerencia.<\/p>\n<p>Los delitos enrostrados por el fiscal del caso fueron concierto para delinquir con fines de narcotr\u00e1fico, tr\u00e1fico, fabricaci\u00f3n y porte de estupefacientes y destinaci\u00f3n il\u00edcita de muebles o inmuebles que ninguno acept\u00f3 haber cometido.<u><\/u><u><\/u><\/p>\n<p>Fueron afectados con medida de aseguramiento carcelaria 11 de ellos, mientras que a Blanca Marlen Acevedo Arias, alias \u00c1ngela, le fue sustituida por domiciliaria.<u><\/u><u><\/u><\/p>\n<p>Los otros procesados son:<u><\/u><u><\/u><u><\/u>\u00a0<u><\/u><\/p>\n<ul>\n<li>Jes\u00fas David Castro Morales, alias el Diablo, quien fue imputado en calidad de cabecilla<u><\/u><u><\/u><\/li>\n<li>Jhon Abraham Rengifo Rojas, alias Melechas<u><\/u><u><\/u><\/li>\n<li>Jhon Edwar Mu\u00f1oz Fern\u00e1ndez, alias Nicuro<u><\/u><u><\/u><\/li>\n<li>Wilmer Alex\u00e1nder Zamudio Gonz\u00e1lez, alias Wilmer<u><\/u><u><\/u><\/li>\n<li>Fanor Enrique Cubillos Parra, alias Nene<u><\/u><u><\/u><\/li>\n<li>Luis Fernando Zamudio Gonz\u00e1lez, alias Flaco\u00a0<u><\/u><u><\/u><\/li>\n<li>\u00d3scar Javier Estrada Portela, alias Zarco<u><\/u><u><\/u><\/li>\n<li>Edison Alcides L\u00f3pez Lozano, alias Calvo<u><\/u><u><\/u><\/li>\n<li>Norberto Loaiza Buitrago, alias Enano o Tabaco<u><\/u><u><\/u><\/li>\n<li>Rub\u00e9n Dar\u00edo Zamudio Gonz\u00e1lez<u><\/u><u><\/u><\/li>\n<li>Nicol\u00e1s Bonilla Fern\u00e1ndez, alias Naco<u><\/u><u><\/u><\/li>\n<\/ul>\n<p>Cabe resaltar que la semana pasada, en el Guamo (Tolima), fue impactada la estructura delincuencial Los Urbanos, dedicada igualmente al tr\u00e1fico de sustancias estupefacientes en esa parte del departamento.<u><\/u><u><\/u><\/p>\n<p>Catorce de sus integrantes fueron enviados a prisi\u00f3n de manera preventiva.<u><\/u><u><\/u><\/p>\n<p>La Fiscal\u00eda habla con resultados.<u><\/u><u><\/u><\/p>\n<p><u><\/u>\u00a0<u><\/u><\/p>\n<p>PAAM\/GFG\/JDO<\/p>\n<\/div>\n<div>\n<p><em>La informaci\u00f3n contenida en este bolet\u00edn de prensa corresponde a la narraci\u00f3n de los hechos noticiosos objetivos, suministrados por los funcionarios encargados de adelantar las investigaciones penales al interior de la Fiscal\u00eda de la Naci\u00f3n. Para el momento de la divulgaci\u00f3n de este comunicado, la situaci\u00f3n jur\u00eddica de la(s) persona(s) relacionada(s) se encuentra pendiente de resolver por la autoridad judicial competente, siempre bajo los preceptos de la presunci\u00f3n de inocencia, consagrados en el art\u00edculo 29 de la Constituci\u00f3n Pol\u00edtica y el art\u00edculo 7\u00ba de la Ley 906 de 2004.\u00a0<\/em><\/p>\n<\/div>\n\n<div class=\"twitter-share\"><a href=\"https:\/\/twitter.com\/intent\/tweet?via=fiscaliacol\" class=\"twitter-share-button\">Tweet<\/a><\/div>\n","protected":false},"excerpt":{"rendered":"<p>Una presunta\u00a0organizaci\u00f3n delincuencial\u00a0denominada Los del Pueblito, fue impactada por las autoridades con la captura de 12 de sus integrantes, en una operaci\u00f3n coordinada entre la Sij\u00edn de la Polic\u00eda Metropolitana [&hellip;]<\/p>\n","protected":false},"author":175,"featured_media":0,"comment_status":"closed","ping_status":"open","sticky":false,"template":"","format":"standard","meta":{"tdm_status":"","tdm_grid_status":"","footnotes":""},"categories":[1,329,24103],"tags":[19,83,24401,25268,24189,1047,23838,28432,1264,25031,148,558,11101,20476,27430,155],"class_list":["post-227859","post","type-post","status-publish","format-standard","category-noticias","category-seccional-ibague","category-trafico-de-estupefacientes","tag-cocaina","tag-concierto-para-delinquir","tag-fiscal-barbosa-delgado","tag-fiscal-especializado","tag-fiscal-francisco-barbosa-delgado","tag-fiscalia-general-de-la-nacion","tag-ibague","tag-los-del-pueblito","tag-marihuana","tag-menudeo","tag-narcotrafico","tag-policia-nacional","tag-seguridad-ciudadana","tag-sijin","tag-tolima-seccional-tolima","tag-trafico-de-estupefacientes"],"yoast_head":"<!-- This site is optimized with the Yoast SEO plugin v24.3 - https:\/\/yoast.com\/wordpress\/plugins\/seo\/ -->\n<title>Fiscal\u00eda General de la Naci\u00f3n<\/title>\n<meta name=\"description\" content=\"P\u00e1gina oficial de la Fiscal\u00eda General de la Naci\u00f3n \u2013 Colombia. Garantizamos el acceso efectivo a la justicia, la verdad y la reparaci\u00f3n de las v\u00edctimas de los delitos.\" \/>\n<meta name=\"robots\" content=\"noindex, follow\" \/>\n<meta property=\"og:locale\" content=\"es_ES\" \/>\n<meta property=\"og:type\" content=\"article\" \/>\n<meta property=\"og:title\" content=\"Fiscal\u00eda General de la Naci\u00f3n\" \/>\n<meta property=\"og:description\" content=\"P\u00e1gina oficial de la Fiscal\u00eda General de la Naci\u00f3n \u2013 Colombia. Garantizamos el acceso efectivo a la justicia, la verdad y la reparaci\u00f3n de las v\u00edctimas de los delitos.\" \/>\n<meta property=\"og:url\" content=\"https:\/\/www.fiscalia.gov.co\/colombia\/noticias\/privadas-de-la-libertad-12-personas-por-presunto-trafico-de-estupefacientes-en-la-comuna-7-de-ibague\/\" \/>\n<meta property=\"og:site_name\" content=\"Fiscal\u00eda General de la Naci\u00f3n\" \/>\n<meta property=\"article:publisher\" content=\"https:\/\/www.facebook.com\/FiscaliaCol\" \/>\n<meta property=\"article:published_time\" content=\"2021-08-20T19:34:49+00:00\" \/>\n<meta property=\"og:image\" content=\"https:\/\/www.fiscalia.gov.co\/colombia\/wp-content\/uploads\/los-del-pueblito-estupefacientes-ibague.jpeg\" \/>\n<meta name=\"author\" content=\"Katherine Loaiza Mart\u00ednez\" \/>\n<meta name=\"twitter:card\" content=\"summary_large_image\" \/>\n<meta name=\"twitter:creator\" content=\"@FiscaliaCol\" \/>\n<meta name=\"twitter:site\" content=\"@FiscaliaCol\" \/>\n<meta name=\"twitter:label1\" content=\"Escrito por\" \/>\n\t<meta name=\"twitter:data1\" content=\"Katherine Loaiza Mart\u00ednez\" \/>\n\t<meta name=\"twitter:label2\" content=\"Tiempo de lectura\" \/>\n\t<meta name=\"twitter:data2\" content=\"2 minutos\" \/>\n<script type=\"application\/ld+json\" class=\"yoast-schema-graph\">{\"@context\":\"https:\/\/schema.org\",\"@graph\":[{\"@type\":\"Article\",\"@id\":\"https:\/\/www.fiscalia.gov.co\/colombia\/noticias\/privadas-de-la-libertad-12-personas-por-presunto-trafico-de-estupefacientes-en-la-comuna-7-de-ibague\/#article\",\"isPartOf\":{\"@id\":\"https:\/\/www.fiscalia.gov.co\/colombia\/noticias\/privadas-de-la-libertad-12-personas-por-presunto-trafico-de-estupefacientes-en-la-comuna-7-de-ibague\/\"},\"author\":{\"name\":\"Katherine Loaiza Mart\u00ednez\",\"@id\":\"https:\/\/www.fiscalia.gov.co\/colombia\/#\/schema\/person\/2e76b9aba5ecf875ed565ce4de0e0415\"},\"headline\":\"Privadas de la libertad 12 personas por presunto tr\u00e1fico de estupefacientes en la Comuna 7 de Ibagu\u00e9\",\"datePublished\":\"2021-08-20T19:34:49+00:00\",\"dateModified\":\"2021-08-20T19:34:49+00:00\",\"mainEntityOfPage\":{\"@id\":\"https:\/\/www.fiscalia.gov.co\/colombia\/noticias\/privadas-de-la-libertad-12-personas-por-presunto-trafico-de-estupefacientes-en-la-comuna-7-de-ibague\/\"},\"wordCount\":510,\"publisher\":{\"@id\":\"https:\/\/www.fiscalia.gov.co\/colombia\/#organization\"},\"image\":{\"@id\":\"https:\/\/www.fiscalia.gov.co\/colombia\/noticias\/privadas-de-la-libertad-12-personas-por-presunto-trafico-de-estupefacientes-en-la-comuna-7-de-ibague\/#primaryimage\"},\"thumbnailUrl\":\"https:\/\/www.fiscalia.gov.co\/colombia\/wp-content\/uploads\/los-del-pueblito-estupefacientes-ibague.jpeg\",\"keywords\":[\"Coca\u00edna\",\"Concierto para delinquir\",\"Fiscal Barbosa Delgado\",\"fiscal especializado\",\"Fiscal Francisco Barbosa Delgado\",\"Fiscal\u00eda General de la Naci\u00f3n\",\"Ibagu\u00e9\",\"Los del Pueblito\",\"Marihuana\",\"Menudeo\",\"Narcotr\u00e1fico\",\"Polic\u00eda Nacional\",\"Seguridad ciudadana\",\"Sij\u00edn\",\"Tolima Seccional Tolima\",\"Tr\u00e1fico de estupefacientes\"],\"articleSection\":[\"Noticias\",\"Seccional Ibagu\u00e9\",\"Tr\u00e1fico de estupefacientes\"],\"inLanguage\":\"es-CO\"},{\"@type\":\"WebPage\",\"@id\":\"https:\/\/www.fiscalia.gov.co\/colombia\/noticias\/privadas-de-la-libertad-12-personas-por-presunto-trafico-de-estupefacientes-en-la-comuna-7-de-ibague\/\",\"url\":\"https:\/\/www.fiscalia.gov.co\/colombia\/noticias\/privadas-de-la-libertad-12-personas-por-presunto-trafico-de-estupefacientes-en-la-comuna-7-de-ibague\/\",\"name\":\"Fiscal\u00eda General de la Naci\u00f3n\",\"isPartOf\":{\"@id\":\"https:\/\/www.fiscalia.gov.co\/colombia\/#website\"},\"primaryImageOfPage\":{\"@id\":\"https:\/\/www.fiscalia.gov.co\/colombia\/noticias\/privadas-de-la-libertad-12-personas-por-presunto-trafico-de-estupefacientes-en-la-comuna-7-de-ibague\/#primaryimage\"},\"image\":{\"@id\":\"https:\/\/www.fiscalia.gov.co\/colombia\/noticias\/privadas-de-la-libertad-12-personas-por-presunto-trafico-de-estupefacientes-en-la-comuna-7-de-ibague\/#primaryimage\"},\"thumbnailUrl\":\"https:\/\/www.fiscalia.gov.co\/colombia\/wp-content\/uploads\/los-del-pueblito-estupefacientes-ibague.jpeg\",\"datePublished\":\"2021-08-20T19:34:49+00:00\",\"dateModified\":\"2021-08-20T19:34:49+00:00\",\"description\":\"P\u00e1gina oficial de la Fiscal\u00eda General de la Naci\u00f3n \u2013 Colombia. Garantizamos el acceso efectivo a la justicia, la verdad y la reparaci\u00f3n de las v\u00edctimas de los delitos.\",\"breadcrumb\":{\"@id\":\"https:\/\/www.fiscalia.gov.co\/colombia\/noticias\/privadas-de-la-libertad-12-personas-por-presunto-trafico-de-estupefacientes-en-la-comuna-7-de-ibague\/#breadcrumb\"},\"inLanguage\":\"es-CO\",\"potentialAction\":[{\"@type\":\"ReadAction\",\"target\":[\"https:\/\/www.fiscalia.gov.co\/colombia\/noticias\/privadas-de-la-libertad-12-personas-por-presunto-trafico-de-estupefacientes-en-la-comuna-7-de-ibague\/\"]}]},{\"@type\":\"ImageObject\",\"inLanguage\":\"es-CO\",\"@id\":\"https:\/\/www.fiscalia.gov.co\/colombia\/noticias\/privadas-de-la-libertad-12-personas-por-presunto-trafico-de-estupefacientes-en-la-comuna-7-de-ibague\/#primaryimage\",\"url\":\"https:\/\/www.fiscalia.gov.co\/colombia\/wp-content\/uploads\/los-del-pueblito-estupefacientes-ibague.jpeg\",\"contentUrl\":\"https:\/\/www.fiscalia.gov.co\/colombia\/wp-content\/uploads\/los-del-pueblito-estupefacientes-ibague.jpeg\",\"width\":1270,\"height\":708,\"caption\":\"Todos fueron privados de la libertad como medida de aseguramiento preventiva, por su presunta participaci\u00f3n en la organizaci\u00f3n delincuencial Los del Pueblito.\"},{\"@type\":\"BreadcrumbList\",\"@id\":\"https:\/\/www.fiscalia.gov.co\/colombia\/noticias\/privadas-de-la-libertad-12-personas-por-presunto-trafico-de-estupefacientes-en-la-comuna-7-de-ibague\/#breadcrumb\",\"itemListElement\":[{\"@type\":\"ListItem\",\"position\":1,\"name\":\"Home\",\"item\":\"https:\/\/www.fiscalia.gov.co\/colombia\/\"},{\"@type\":\"ListItem\",\"position\":2,\"name\":\"Privadas de la libertad 12 personas por presunto tr\u00e1fico de estupefacientes en la Comuna 7 de Ibagu\u00e9\"}]},{\"@type\":\"WebSite\",\"@id\":\"https:\/\/www.fiscalia.gov.co\/colombia\/#website\",\"url\":\"https:\/\/www.fiscalia.gov.co\/colombia\/\",\"name\":\"Fiscal\u00eda General de la Naci\u00f3n\",\"description\":\"P\u00e1gina oficial de la Fiscal\u00eda General de la Naci\u00f3n \u2013 Colombia. Garantizamos el acceso efectivo a la justicia, la verdad y la reparaci\u00f3n de las v\u00edctimas de los delitos.\",\"publisher\":{\"@id\":\"https:\/\/www.fiscalia.gov.co\/colombia\/#organization\"},\"potentialAction\":[{\"@type\":\"SearchAction\",\"target\":{\"@type\":\"EntryPoint\",\"urlTemplate\":\"https:\/\/www.fiscalia.gov.co\/colombia\/?s={search_term_string}\"},\"query-input\":{\"@type\":\"PropertyValueSpecification\",\"valueRequired\":true,\"valueName\":\"search_term_string\"}}],\"inLanguage\":\"es-CO\"},{\"@type\":\"Organization\",\"@id\":\"https:\/\/www.fiscalia.gov.co\/colombia\/#organization\",\"name\":\"Fiscal\u00eda General de la Naci\u00f3n\",\"url\":\"https:\/\/www.fiscalia.gov.co\/colombia\/\",\"logo\":{\"@type\":\"ImageObject\",\"inLanguage\":\"es-CO\",\"@id\":\"https:\/\/www.fiscalia.gov.co\/colombia\/#\/schema\/logo\/image\/\",\"url\":\"https:\/\/www.fiscalia.gov.co\/colombia\/wp-content\/uploads\/LogoHorizontal_1.jpg\",\"contentUrl\":\"https:\/\/www.fiscalia.gov.co\/colombia\/wp-content\/uploads\/LogoHorizontal_1.jpg\",\"width\":300,\"height\":90,\"caption\":\"Fiscal\u00eda General de la Naci\u00f3n\"},\"image\":{\"@id\":\"https:\/\/www.fiscalia.gov.co\/colombia\/#\/schema\/logo\/image\/\"},\"sameAs\":[\"https:\/\/www.facebook.com\/FiscaliaCol\",\"https:\/\/x.com\/FiscaliaCol\",\"https:\/\/www.instagram.com\/fiscaliacol\",\"https:\/\/www.linkedin.com\/company\/fiscalia-general-de-la-naci-n\/\",\"https:\/\/youtube.com\/@fiscaliageneraldelanacion-4668?si=6nN79nyQICPU5iTh\"]},{\"@type\":\"Person\",\"@id\":\"https:\/\/www.fiscalia.gov.co\/colombia\/#\/schema\/person\/2e76b9aba5ecf875ed565ce4de0e0415\",\"name\":\"Katherine Loaiza Mart\u00ednez\",\"image\":{\"@type\":\"ImageObject\",\"inLanguage\":\"es-CO\",\"@id\":\"https:\/\/www.fiscalia.gov.co\/colombia\/#\/schema\/person\/image\/\",\"url\":\"https:\/\/secure.gravatar.com\/avatar\/ab775a2f394c1b83b6d6f78680e57b50?s=96&d=mm&r=g\",\"contentUrl\":\"https:\/\/secure.gravatar.com\/avatar\/ab775a2f394c1b83b6d6f78680e57b50?s=96&d=mm&r=g\",\"caption\":\"Katherine Loaiza Mart\u00ednez\"},\"url\":\"https:\/\/www.fiscalia.gov.co\/colombia\/author\/kloaiza\/\"}]}<\/script>\n<!-- \/ Yoast SEO plugin. -->","yoast_head_json":{"title":"Fiscal\u00eda General de la Naci\u00f3n","description":"P\u00e1gina oficial de la Fiscal\u00eda General de la Naci\u00f3n \u2013 Colombia. Garantizamos el acceso efectivo a la justicia, la verdad y la reparaci\u00f3n de las v\u00edctimas de los delitos.","robots":{"index":"noindex","follow":"follow"},"og_locale":"es_ES","og_type":"article","og_title":"Fiscal\u00eda General de la Naci\u00f3n","og_description":"P\u00e1gina oficial de la Fiscal\u00eda General de la Naci\u00f3n \u2013 Colombia. Garantizamos el acceso efectivo a la justicia, la verdad y la reparaci\u00f3n de las v\u00edctimas de los delitos.","og_url":"https:\/\/www.fiscalia.gov.co\/colombia\/noticias\/privadas-de-la-libertad-12-personas-por-presunto-trafico-de-estupefacientes-en-la-comuna-7-de-ibague\/","og_site_name":"Fiscal\u00eda General de la Naci\u00f3n","article_publisher":"https:\/\/www.facebook.com\/FiscaliaCol","article_published_time":"2021-08-20T19:34:49+00:00","og_image":[{"url":"https:\/\/www.fiscalia.gov.co\/colombia\/wp-content\/uploads\/los-del-pueblito-estupefacientes-ibague.jpeg","type":"","width":"","height":""}],"author":"Katherine Loaiza Mart\u00ednez","twitter_card":"summary_large_image","twitter_creator":"@FiscaliaCol","twitter_site":"@FiscaliaCol","twitter_misc":{"Escrito por":"Katherine Loaiza Mart\u00ednez","Tiempo de lectura":"2 minutos"},"schema":{"@context":"https:\/\/schema.org","@graph":[{"@type":"Article","@id":"https:\/\/www.fiscalia.gov.co\/colombia\/noticias\/privadas-de-la-libertad-12-personas-por-presunto-trafico-de-estupefacientes-en-la-comuna-7-de-ibague\/#article","isPartOf":{"@id":"https:\/\/www.fiscalia.gov.co\/colombia\/noticias\/privadas-de-la-libertad-12-personas-por-presunto-trafico-de-estupefacientes-en-la-comuna-7-de-ibague\/"},"author":{"name":"Katherine Loaiza Mart\u00ednez","@id":"https:\/\/www.fiscalia.gov.co\/colombia\/#\/schema\/person\/2e76b9aba5ecf875ed565ce4de0e0415"},"headline":"Privadas de la libertad 12 personas por presunto tr\u00e1fico de estupefacientes en la Comuna 7 de Ibagu\u00e9","datePublished":"2021-08-20T19:34:49+00:00","dateModified":"2021-08-20T19:34:49+00:00","mainEntityOfPage":{"@id":"https:\/\/www.fiscalia.gov.co\/colombia\/noticias\/privadas-de-la-libertad-12-personas-por-presunto-trafico-de-estupefacientes-en-la-comuna-7-de-ibague\/"},"wordCount":510,"publisher":{"@id":"https:\/\/www.fiscalia.gov.co\/colombia\/#organization"},"image":{"@id":"https:\/\/www.fiscalia.gov.co\/colombia\/noticias\/privadas-de-la-libertad-12-personas-por-presunto-trafico-de-estupefacientes-en-la-comuna-7-de-ibague\/#primaryimage"},"thumbnailUrl":"https:\/\/www.fiscalia.gov.co\/colombia\/wp-content\/uploads\/los-del-pueblito-estupefacientes-ibague.jpeg","keywords":["Coca\u00edna","Concierto para delinquir","Fiscal Barbosa Delgado","fiscal especializado","Fiscal Francisco Barbosa Delgado","Fiscal\u00eda General de la Naci\u00f3n","Ibagu\u00e9","Los del Pueblito","Marihuana","Menudeo","Narcotr\u00e1fico","Polic\u00eda Nacional","Seguridad ciudadana","Sij\u00edn","Tolima Seccional Tolima","Tr\u00e1fico de estupefacientes"],"articleSection":["Noticias","Seccional Ibagu\u00e9","Tr\u00e1fico de estupefacientes"],"inLanguage":"es-CO"},{"@type":"WebPage","@id":"https:\/\/www.fiscalia.gov.co\/colombia\/noticias\/privadas-de-la-libertad-12-personas-por-presunto-trafico-de-estupefacientes-en-la-comuna-7-de-ibague\/","url":"https:\/\/www.fiscalia.gov.co\/colombia\/noticias\/privadas-de-la-libertad-12-personas-por-presunto-trafico-de-estupefacientes-en-la-comuna-7-de-ibague\/","name":"Fiscal\u00eda General de la Naci\u00f3n","isPartOf":{"@id":"https:\/\/www.fiscalia.gov.co\/colombia\/#website"},"primaryImageOfPage":{"@id":"https:\/\/www.fiscalia.gov.co\/colombia\/noticias\/privadas-de-la-libertad-12-personas-por-presunto-trafico-de-estupefacientes-en-la-comuna-7-de-ibague\/#primaryimage"},"image":{"@id":"https:\/\/www.fiscalia.gov.co\/colombia\/noticias\/privadas-de-la-libertad-12-personas-por-presunto-trafico-de-estupefacientes-en-la-comuna-7-de-ibague\/#primaryimage"},"thumbnailUrl":"https:\/\/www.fiscalia.gov.co\/colombia\/wp-content\/uploads\/los-del-pueblito-estupefacientes-ibague.jpeg","datePublished":"2021-08-20T19:34:49+00:00","dateModified":"2021-08-20T19:34:49+00:00","description":"P\u00e1gina oficial de la Fiscal\u00eda General de la Naci\u00f3n \u2013 Colombia. Garantizamos el acceso efectivo a la justicia, la verdad y la reparaci\u00f3n de las v\u00edctimas de los delitos.","breadcrumb":{"@id":"https:\/\/www.fiscalia.gov.co\/colombia\/noticias\/privadas-de-la-libertad-12-personas-por-presunto-trafico-de-estupefacientes-en-la-comuna-7-de-ibague\/#breadcrumb"},"inLanguage":"es-CO","potentialAction":[{"@type":"ReadAction","target":["https:\/\/www.fiscalia.gov.co\/colombia\/noticias\/privadas-de-la-libertad-12-personas-por-presunto-trafico-de-estupefacientes-en-la-comuna-7-de-ibague\/"]}]},{"@type":"ImageObject","inLanguage":"es-CO","@id":"https:\/\/www.fiscalia.gov.co\/colombia\/noticias\/privadas-de-la-libertad-12-personas-por-presunto-trafico-de-estupefacientes-en-la-comuna-7-de-ibague\/#primaryimage","url":"https:\/\/www.fiscalia.gov.co\/colombia\/wp-content\/uploads\/los-del-pueblito-estupefacientes-ibague.jpeg","contentUrl":"https:\/\/www.fiscalia.gov.co\/colombia\/wp-content\/uploads\/los-del-pueblito-estupefacientes-ibague.jpeg","width":1270,"height":708,"caption":"Todos fueron privados de la libertad como medida de aseguramiento preventiva, por su presunta participaci\u00f3n en la organizaci\u00f3n delincuencial Los del Pueblito."},{"@type":"BreadcrumbList","@id":"https:\/\/www.fiscalia.gov.co\/colombia\/noticias\/privadas-de-la-libertad-12-personas-por-presunto-trafico-de-estupefacientes-en-la-comuna-7-de-ibague\/#breadcrumb","itemListElement":[{"@type":"ListItem","position":1,"name":"Home","item":"https:\/\/www.fiscalia.gov.co\/colombia\/"},{"@type":"ListItem","position":2,"name":"Privadas de la libertad 12 personas por presunto tr\u00e1fico de estupefacientes en la Comuna 7 de Ibagu\u00e9"}]},{"@type":"WebSite","@id":"https:\/\/www.fiscalia.gov.co\/colombia\/#website","url":"https:\/\/www.fiscalia.gov.co\/colombia\/","name":"Fiscal\u00eda General de la Naci\u00f3n","description":"P\u00e1gina oficial de la Fiscal\u00eda General de la Naci\u00f3n \u2013 Colombia. Garantizamos el acceso efectivo a la justicia, la verdad y la reparaci\u00f3n de las v\u00edctimas de los delitos.","publisher":{"@id":"https:\/\/www.fiscalia.gov.co\/colombia\/#organization"},"potentialAction":[{"@type":"SearchAction","target":{"@type":"EntryPoint","urlTemplate":"https:\/\/www.fiscalia.gov.co\/colombia\/?s={search_term_string}"},"query-input":{"@type":"PropertyValueSpecification","valueRequired":true,"valueName":"search_term_string"}}],"inLanguage":"es-CO"},{"@type":"Organization","@id":"https:\/\/www.fiscalia.gov.co\/colombia\/#organization","name":"Fiscal\u00eda General de la Naci\u00f3n","url":"https:\/\/www.fiscalia.gov.co\/colombia\/","logo":{"@type":"ImageObject","inLanguage":"es-CO","@id":"https:\/\/www.fiscalia.gov.co\/colombia\/#\/schema\/logo\/image\/","url":"https:\/\/www.fiscalia.gov.co\/colombia\/wp-content\/uploads\/LogoHorizontal_1.jpg","contentUrl":"https:\/\/www.fiscalia.gov.co\/colombia\/wp-content\/uploads\/LogoHorizontal_1.jpg","width":300,"height":90,"caption":"Fiscal\u00eda General de la Naci\u00f3n"},"image":{"@id":"https:\/\/www.fiscalia.gov.co\/colombia\/#\/schema\/logo\/image\/"},"sameAs":["https:\/\/www.facebook.com\/FiscaliaCol","https:\/\/x.com\/FiscaliaCol","https:\/\/www.instagram.com\/fiscaliacol","https:\/\/www.linkedin.com\/company\/fiscalia-general-de-la-naci-n\/","https:\/\/youtube.com\/@fiscaliageneraldelanacion-4668?si=6nN79nyQICPU5iTh"]},{"@type":"Person","@id":"https:\/\/www.fiscalia.gov.co\/colombia\/#\/schema\/person\/2e76b9aba5ecf875ed565ce4de0e0415","name":"Katherine Loaiza Mart\u00ednez","image":{"@type":"ImageObject","inLanguage":"es-CO","@id":"https:\/\/www.fiscalia.gov.co\/colombia\/#\/schema\/person\/image\/","url":"https:\/\/secure.gravatar.com\/avatar\/ab775a2f394c1b83b6d6f78680e57b50?s=96&d=mm&r=g","contentUrl":"https:\/\/secure.gravatar.com\/avatar\/ab775a2f394c1b83b6d6f78680e57b50?s=96&d=mm&r=g","caption":"Katherine Loaiza Mart\u00ednez"},"url":"https:\/\/www.fiscalia.gov.co\/colombia\/author\/kloaiza\/"}]}},"_links":{"self":[{"href":"https:\/\/www.fiscalia.gov.co\/colombia\/wp-json\/wp\/v2\/posts\/227859","targetHints":{"allow":["GET"]}}],"collection":[{"href":"https:\/\/www.fiscalia.gov.co\/colombia\/wp-json\/wp\/v2\/posts"}],"about":[{"href":"https:\/\/www.fiscalia.gov.co\/colombia\/wp-json\/wp\/v2\/types\/post"}],"author":[{"embeddable":true,"href":"https:\/\/www.fiscalia.gov.co\/colombia\/wp-json\/wp\/v2\/users\/175"}],"replies":[{"embeddable":true,"href":"https:\/\/www.fiscalia.gov.co\/colombia\/wp-json\/wp\/v2\/comments?post=227859"}],"version-history":[{"count":1,"href":"https:\/\/www.fiscalia.gov.co\/colombia\/wp-json\/wp\/v2\/posts\/227859\/revisions"}],"predecessor-version":[{"id":227861,"href":"https:\/\/www.fiscalia.gov.co\/colombia\/wp-json\/wp\/v2\/posts\/227859\/revisions\/227861"}],"wp:attachment":[{"href":"https:\/\/www.fiscalia.gov.co\/colombia\/wp-json\/wp\/v2\/media?parent=227859"}],"wp:term":[{"taxonomy":"category","embeddable":true,"href":"https:\/\/www.fiscalia.gov.co\/colombia\/wp-json\/wp\/v2\/categories?post=227859"},{"taxonomy":"post_tag","embeddable":true,"href":"https:\/\/www.fiscalia.gov.co\/colombia\/wp-json\/wp\/v2\/tags?post=227859"}],"curies":[{"name":"wp","href":"https:\/\/api.w.org\/{rel}","templated":true}]}}