{"id":227856,"date":"2021-08-20T14:25:23","date_gmt":"2021-08-20T19:25:23","guid":{"rendered":"https:\/\/www.fiscalia.gov.co\/colombia\/?p=227856"},"modified":"2021-08-20T14:25:23","modified_gmt":"2021-08-20T19:25:23","slug":"golpe-al-patrimonio-ilicito-de-los-fantasmas-red-dedicada-al-trafico-de-estupefacientes-al-menudeo-en-la-guajira-y-cesar","status":"publish","type":"post","link":"https:\/\/www.fiscalia.gov.co\/colombia\/noticias\/golpe-al-patrimonio-ilicito-de-los-fantasmas-red-dedicada-al-trafico-de-estupefacientes-al-menudeo-en-la-guajira-y-cesar\/","title":{"rendered":"Golpe al patrimonio il\u00edcito de \u2018Los Fantasmas\u2019, red dedicada al tr\u00e1fico de estupefacientes al menudeo en La Guajira y Cesar"},"content":{"rendered":"<p>En diligencias conjuntas realizadas por la Fiscal\u00eda General de la Naci\u00f3n y la Polic\u00eda Nacional, apoyados por el Ej\u00e9rcito Nacional, fueron ocupados con fines de extinci\u00f3n de dominio seis inmuebles y un establecimiento de comercio en Valledupar, que pertenecer\u00edan a \u2018Los Fantasmas\u2019, una red dedicada al tr\u00e1fico de estupefacientes en Cesar y La Guajira.<\/p>\n<figure id=\"attachment_227857\" aria-describedby=\"caption-attachment-227857\" style=\"width: 1280px\" class=\"wp-caption aligncenter\"><img loading=\"lazy\" decoding=\"async\" class=\"wp-image-227857 size-full\" src=\"https:\/\/www.fiscalia.gov.co\/colombia\/wp-content\/uploads\/Los-Fantasmas-5.jpeg\" alt=\"\" width=\"1280\" height=\"720\" srcset=\"https:\/\/www.fiscalia.gov.co\/colombia\/wp-content\/uploads\/Los-Fantasmas-5.jpeg 1280w, https:\/\/www.fiscalia.gov.co\/colombia\/wp-content\/uploads\/Los-Fantasmas-5-300x169.jpeg 300w, https:\/\/www.fiscalia.gov.co\/colombia\/wp-content\/uploads\/Los-Fantasmas-5-1024x576.jpeg 1024w, https:\/\/www.fiscalia.gov.co\/colombia\/wp-content\/uploads\/Los-Fantasmas-5-768x432.jpeg 768w, https:\/\/www.fiscalia.gov.co\/colombia\/wp-content\/uploads\/Los-Fantasmas-5-696x392.jpeg 696w, https:\/\/www.fiscalia.gov.co\/colombia\/wp-content\/uploads\/Los-Fantasmas-5-1068x601.jpeg 1068w, https:\/\/www.fiscalia.gov.co\/colombia\/wp-content\/uploads\/Los-Fantasmas-5-747x420.jpeg 747w\" sizes=\"auto, (max-width: 1280px) 100vw, 1280px\" \/><figcaption id=\"caption-attachment-227857\" class=\"wp-caption-text\">Bienes ocupados con fines de extinci\u00f3n del derecho de dominio.<\/figcaption><\/figure>\n<p>Los predios, avaluados en m\u00e1s de $1.400 millones, estar\u00edan a nombre de alias de Elkin, presunto cabecilla, y varios de sus familiares que har\u00edan parte de la organizaci\u00f3n ilegal.<\/p>\n<p>15 presuntos integrantes de \u2018Los Fantasmas\u2019 fueron capturados en agosto de 2020. En las investigaciones se conoci\u00f3 que, al parecer, se val\u00edan de motocicletas y otros medios de transporte para distribuir estupefacientes en los barrios Villa Clara, Villa del Rosario, San Joaqu\u00edn y San Mart\u00edn de Valledupar (Cesar); o enviarlos a diferentes municipios de La Guajira.<\/p>\n<p>Los bienes afectados con medidas cautelares de suspensi\u00f3n del poder dispositivo, embargo y secuestro ser\u00e1n administrados por la Sociedad de Activos Especiales (SAE).<\/p>\n<p>Esta informaci\u00f3n se publica por razones de inter\u00e9s general.<\/p>\n<p>MAGA\/JARG\/LPDS<\/p>\n<p><em>La informaci\u00f3n contenida en este bolet\u00edn de prensa corresponde a la narraci\u00f3n de los hechos noticiosos objetivos, suministrados por los funcionarios encargados de adelantar las investigaciones penales al interior de la Fiscal\u00eda General de la Naci\u00f3n. Para el momento de la divulgaci\u00f3n de este comunicado, la situaci\u00f3n jur\u00eddica de la(s) persona(s) relacionada(s) se encuentra pendiente de resolver por la autoridad judicial competente, siempre bajo los preceptos de la presunci\u00f3n de inocencia, consagrados en el art\u00edculo 29 de la Constituci\u00f3n Pol\u00edtica y el art\u00edculo 7\u00ba de la Ley 906 de 2004.<\/em><\/p>\n<p>&nbsp;<\/p>\n<p>&nbsp;<\/p>\n<p><strong>La Fiscal\u00eda habla con resultados.<\/strong><\/p>\n\n<div class=\"twitter-share\"><a href=\"https:\/\/twitter.com\/intent\/tweet?via=fiscaliacol\" class=\"twitter-share-button\">Tweet<\/a><\/div>\n","protected":false},"excerpt":{"rendered":"<p>En diligencias conjuntas realizadas por la Fiscal\u00eda General de la Naci\u00f3n y la Polic\u00eda Nacional, apoyados por el Ej\u00e9rcito Nacional, fueron ocupados con fines de extinci\u00f3n de dominio seis inmuebles y un establecimiento de comercio en Valledupar, que pertenecer\u00edan a \u2018Los Fantasmas\u2019, una red dedicada al tr\u00e1fico de estupefacientes en Cesar y La Guajira. Los [&hellip;]<\/p>\n","protected":false},"author":175,"featured_media":0,"comment_status":"closed","ping_status":"open","sticky":false,"template":"","format":"standard","meta":{"tdm_status":"","tdm_grid_status":"","footnotes":""},"categories":[24116,1],"tags":[718,28429,24401,24189,5236,28431,148,28430,155,23836],"class_list":{"0":"post-227856","1":"post","2":"type-post","3":"status-publish","4":"format-standard","6":"category-extincion-de-dominio","7":"category-noticias","8":"tag-cesar","9":"tag-extincion","10":"tag-fiscal-barbosa-delgado","11":"tag-fiscal-francisco-barbosa-delgado","12":"tag-la-guajira","13":"tag-los-fantasmas","14":"tag-narcotrafico","15":"tag-sociedad-de-activos-especiales","16":"tag-trafico-de-estupefacientes","17":"tag-valledupar"},"yoast_head":"<!-- This site is optimized with the Yoast SEO plugin v24.3 - https:\/\/yoast.com\/wordpress\/plugins\/seo\/ -->\n<title>Fiscal\u00eda General de la Naci\u00f3n<\/title>\n<meta name=\"description\" content=\"P\u00e1gina oficial de la Fiscal\u00eda General de la Naci\u00f3n \u2013 Colombia. Garantizamos el acceso efectivo a la justicia, la verdad y la reparaci\u00f3n de las v\u00edctimas de los delitos.\" \/>\n<meta name=\"robots\" content=\"noindex, follow\" \/>\n<meta property=\"og:locale\" content=\"es_ES\" \/>\n<meta property=\"og:type\" content=\"article\" \/>\n<meta property=\"og:title\" content=\"Fiscal\u00eda General de la Naci\u00f3n\" \/>\n<meta property=\"og:description\" content=\"P\u00e1gina oficial de la Fiscal\u00eda General de la Naci\u00f3n \u2013 Colombia. Garantizamos el acceso efectivo a la justicia, la verdad y la reparaci\u00f3n de las v\u00edctimas de los delitos.\" \/>\n<meta property=\"og:url\" content=\"https:\/\/www.fiscalia.gov.co\/colombia\/noticias\/golpe-al-patrimonio-ilicito-de-los-fantasmas-red-dedicada-al-trafico-de-estupefacientes-al-menudeo-en-la-guajira-y-cesar\/\" \/>\n<meta property=\"og:site_name\" content=\"Fiscal\u00eda General de la Naci\u00f3n\" \/>\n<meta property=\"article:publisher\" content=\"https:\/\/www.facebook.com\/FiscaliaCol\" \/>\n<meta property=\"article:published_time\" content=\"2021-08-20T19:25:23+00:00\" \/>\n<meta property=\"og:image\" content=\"https:\/\/www.fiscalia.gov.co\/colombia\/wp-content\/uploads\/Los-Fantasmas-5.jpeg\" \/>\n<meta name=\"author\" content=\"Katherine Loaiza Mart\u00ednez\" \/>\n<meta name=\"twitter:card\" content=\"summary_large_image\" \/>\n<meta name=\"twitter:creator\" content=\"@FiscaliaCol\" \/>\n<meta name=\"twitter:site\" content=\"@FiscaliaCol\" \/>\n<meta name=\"twitter:label1\" content=\"Escrito por\" \/>\n\t<meta name=\"twitter:data1\" content=\"Katherine Loaiza Mart\u00ednez\" \/>\n\t<meta name=\"twitter:label2\" content=\"Tiempo de lectura\" \/>\n\t<meta name=\"twitter:data2\" content=\"2 minutos\" \/>\n<script type=\"application\/ld+json\" class=\"yoast-schema-graph\">{\"@context\":\"https:\/\/schema.org\",\"@graph\":[{\"@type\":\"Article\",\"@id\":\"https:\/\/www.fiscalia.gov.co\/colombia\/noticias\/golpe-al-patrimonio-ilicito-de-los-fantasmas-red-dedicada-al-trafico-de-estupefacientes-al-menudeo-en-la-guajira-y-cesar\/#article\",\"isPartOf\":{\"@id\":\"https:\/\/www.fiscalia.gov.co\/colombia\/noticias\/golpe-al-patrimonio-ilicito-de-los-fantasmas-red-dedicada-al-trafico-de-estupefacientes-al-menudeo-en-la-guajira-y-cesar\/\"},\"author\":{\"name\":\"Katherine Loaiza Mart\u00ednez\",\"@id\":\"https:\/\/www.fiscalia.gov.co\/colombia\/#\/schema\/person\/2e76b9aba5ecf875ed565ce4de0e0415\"},\"headline\":\"Golpe al patrimonio il\u00edcito de \u2018Los Fantasmas\u2019, red dedicada al tr\u00e1fico de estupefacientes al menudeo en La Guajira y Cesar\",\"datePublished\":\"2021-08-20T19:25:23+00:00\",\"dateModified\":\"2021-08-20T19:25:23+00:00\",\"mainEntityOfPage\":{\"@id\":\"https:\/\/www.fiscalia.gov.co\/colombia\/noticias\/golpe-al-patrimonio-ilicito-de-los-fantasmas-red-dedicada-al-trafico-de-estupefacientes-al-menudeo-en-la-guajira-y-cesar\/\"},\"wordCount\":339,\"publisher\":{\"@id\":\"https:\/\/www.fiscalia.gov.co\/colombia\/#organization\"},\"image\":{\"@id\":\"https:\/\/www.fiscalia.gov.co\/colombia\/noticias\/golpe-al-patrimonio-ilicito-de-los-fantasmas-red-dedicada-al-trafico-de-estupefacientes-al-menudeo-en-la-guajira-y-cesar\/#primaryimage\"},\"thumbnailUrl\":\"https:\/\/www.fiscalia.gov.co\/colombia\/wp-content\/uploads\/Los-Fantasmas-5.jpeg\",\"keywords\":[\"Cesar\",\"Extinci\u00f3n\",\"Fiscal Barbosa Delgado\",\"Fiscal Francisco Barbosa Delgado\",\"La Guajira\",\"Los Fantasmas\",\"Narcotr\u00e1fico\",\"Sociedad de Activos Especiales\",\"Tr\u00e1fico de estupefacientes\",\"Valledupar\"],\"articleSection\":[\"Extinci\u00f3n de dominio\",\"Noticias\"],\"inLanguage\":\"es-CO\"},{\"@type\":\"WebPage\",\"@id\":\"https:\/\/www.fiscalia.gov.co\/colombia\/noticias\/golpe-al-patrimonio-ilicito-de-los-fantasmas-red-dedicada-al-trafico-de-estupefacientes-al-menudeo-en-la-guajira-y-cesar\/\",\"url\":\"https:\/\/www.fiscalia.gov.co\/colombia\/noticias\/golpe-al-patrimonio-ilicito-de-los-fantasmas-red-dedicada-al-trafico-de-estupefacientes-al-menudeo-en-la-guajira-y-cesar\/\",\"name\":\"Fiscal\u00eda General de la Naci\u00f3n\",\"isPartOf\":{\"@id\":\"https:\/\/www.fiscalia.gov.co\/colombia\/#website\"},\"primaryImageOfPage\":{\"@id\":\"https:\/\/www.fiscalia.gov.co\/colombia\/noticias\/golpe-al-patrimonio-ilicito-de-los-fantasmas-red-dedicada-al-trafico-de-estupefacientes-al-menudeo-en-la-guajira-y-cesar\/#primaryimage\"},\"image\":{\"@id\":\"https:\/\/www.fiscalia.gov.co\/colombia\/noticias\/golpe-al-patrimonio-ilicito-de-los-fantasmas-red-dedicada-al-trafico-de-estupefacientes-al-menudeo-en-la-guajira-y-cesar\/#primaryimage\"},\"thumbnailUrl\":\"https:\/\/www.fiscalia.gov.co\/colombia\/wp-content\/uploads\/Los-Fantasmas-5.jpeg\",\"datePublished\":\"2021-08-20T19:25:23+00:00\",\"dateModified\":\"2021-08-20T19:25:23+00:00\",\"description\":\"P\u00e1gina oficial de la Fiscal\u00eda General de la Naci\u00f3n \u2013 Colombia. Garantizamos el acceso efectivo a la justicia, la verdad y la reparaci\u00f3n de las v\u00edctimas de los delitos.\",\"breadcrumb\":{\"@id\":\"https:\/\/www.fiscalia.gov.co\/colombia\/noticias\/golpe-al-patrimonio-ilicito-de-los-fantasmas-red-dedicada-al-trafico-de-estupefacientes-al-menudeo-en-la-guajira-y-cesar\/#breadcrumb\"},\"inLanguage\":\"es-CO\",\"potentialAction\":[{\"@type\":\"ReadAction\",\"target\":[\"https:\/\/www.fiscalia.gov.co\/colombia\/noticias\/golpe-al-patrimonio-ilicito-de-los-fantasmas-red-dedicada-al-trafico-de-estupefacientes-al-menudeo-en-la-guajira-y-cesar\/\"]}]},{\"@type\":\"ImageObject\",\"inLanguage\":\"es-CO\",\"@id\":\"https:\/\/www.fiscalia.gov.co\/colombia\/noticias\/golpe-al-patrimonio-ilicito-de-los-fantasmas-red-dedicada-al-trafico-de-estupefacientes-al-menudeo-en-la-guajira-y-cesar\/#primaryimage\",\"url\":\"https:\/\/www.fiscalia.gov.co\/colombia\/wp-content\/uploads\/Los-Fantasmas-5.jpeg\",\"contentUrl\":\"https:\/\/www.fiscalia.gov.co\/colombia\/wp-content\/uploads\/Los-Fantasmas-5.jpeg\",\"width\":1280,\"height\":720,\"caption\":\"Bienes ocupados con fines de extinci\u00f3n del derecho de dominio.\"},{\"@type\":\"BreadcrumbList\",\"@id\":\"https:\/\/www.fiscalia.gov.co\/colombia\/noticias\/golpe-al-patrimonio-ilicito-de-los-fantasmas-red-dedicada-al-trafico-de-estupefacientes-al-menudeo-en-la-guajira-y-cesar\/#breadcrumb\",\"itemListElement\":[{\"@type\":\"ListItem\",\"position\":1,\"name\":\"Home\",\"item\":\"https:\/\/www.fiscalia.gov.co\/colombia\/\"},{\"@type\":\"ListItem\",\"position\":2,\"name\":\"Golpe al patrimonio il\u00edcito de \u2018Los Fantasmas\u2019, red dedicada al tr\u00e1fico de estupefacientes al menudeo en La Guajira y Cesar\"}]},{\"@type\":\"WebSite\",\"@id\":\"https:\/\/www.fiscalia.gov.co\/colombia\/#website\",\"url\":\"https:\/\/www.fiscalia.gov.co\/colombia\/\",\"name\":\"Fiscal\u00eda General de la Naci\u00f3n\",\"description\":\"P\u00e1gina oficial de la Fiscal\u00eda General de la Naci\u00f3n \u2013 Colombia. Garantizamos el acceso efectivo a la justicia, la verdad y la reparaci\u00f3n de las v\u00edctimas de los delitos.\",\"publisher\":{\"@id\":\"https:\/\/www.fiscalia.gov.co\/colombia\/#organization\"},\"potentialAction\":[{\"@type\":\"SearchAction\",\"target\":{\"@type\":\"EntryPoint\",\"urlTemplate\":\"https:\/\/www.fiscalia.gov.co\/colombia\/?s={search_term_string}\"},\"query-input\":{\"@type\":\"PropertyValueSpecification\",\"valueRequired\":true,\"valueName\":\"search_term_string\"}}],\"inLanguage\":\"es-CO\"},{\"@type\":\"Organization\",\"@id\":\"https:\/\/www.fiscalia.gov.co\/colombia\/#organization\",\"name\":\"Fiscal\u00eda General de la Naci\u00f3n\",\"url\":\"https:\/\/www.fiscalia.gov.co\/colombia\/\",\"logo\":{\"@type\":\"ImageObject\",\"inLanguage\":\"es-CO\",\"@id\":\"https:\/\/www.fiscalia.gov.co\/colombia\/#\/schema\/logo\/image\/\",\"url\":\"https:\/\/www.fiscalia.gov.co\/colombia\/wp-content\/uploads\/LogoHorizontal_1.jpg\",\"contentUrl\":\"https:\/\/www.fiscalia.gov.co\/colombia\/wp-content\/uploads\/LogoHorizontal_1.jpg\",\"width\":300,\"height\":90,\"caption\":\"Fiscal\u00eda General de la Naci\u00f3n\"},\"image\":{\"@id\":\"https:\/\/www.fiscalia.gov.co\/colombia\/#\/schema\/logo\/image\/\"},\"sameAs\":[\"https:\/\/www.facebook.com\/FiscaliaCol\",\"https:\/\/x.com\/FiscaliaCol\",\"https:\/\/www.instagram.com\/fiscaliacol\",\"https:\/\/www.linkedin.com\/company\/fiscalia-general-de-la-naci-n\/\",\"https:\/\/youtube.com\/@fiscaliageneraldelanacion-4668?si=6nN79nyQICPU5iTh\"]},{\"@type\":\"Person\",\"@id\":\"https:\/\/www.fiscalia.gov.co\/colombia\/#\/schema\/person\/2e76b9aba5ecf875ed565ce4de0e0415\",\"name\":\"Katherine Loaiza Mart\u00ednez\",\"image\":{\"@type\":\"ImageObject\",\"inLanguage\":\"es-CO\",\"@id\":\"https:\/\/www.fiscalia.gov.co\/colombia\/#\/schema\/person\/image\/\",\"url\":\"https:\/\/secure.gravatar.com\/avatar\/ab775a2f394c1b83b6d6f78680e57b50?s=96&d=mm&r=g\",\"contentUrl\":\"https:\/\/secure.gravatar.com\/avatar\/ab775a2f394c1b83b6d6f78680e57b50?s=96&d=mm&r=g\",\"caption\":\"Katherine Loaiza Mart\u00ednez\"},\"url\":\"https:\/\/www.fiscalia.gov.co\/colombia\/author\/kloaiza\/\"}]}<\/script>\n<!-- \/ Yoast SEO plugin. -->","yoast_head_json":{"title":"Fiscal\u00eda General de la Naci\u00f3n","description":"P\u00e1gina oficial de la Fiscal\u00eda General de la Naci\u00f3n \u2013 Colombia. Garantizamos el acceso efectivo a la justicia, la verdad y la reparaci\u00f3n de las v\u00edctimas de los delitos.","robots":{"index":"noindex","follow":"follow"},"og_locale":"es_ES","og_type":"article","og_title":"Fiscal\u00eda General de la Naci\u00f3n","og_description":"P\u00e1gina oficial de la Fiscal\u00eda General de la Naci\u00f3n \u2013 Colombia. Garantizamos el acceso efectivo a la justicia, la verdad y la reparaci\u00f3n de las v\u00edctimas de los delitos.","og_url":"https:\/\/www.fiscalia.gov.co\/colombia\/noticias\/golpe-al-patrimonio-ilicito-de-los-fantasmas-red-dedicada-al-trafico-de-estupefacientes-al-menudeo-en-la-guajira-y-cesar\/","og_site_name":"Fiscal\u00eda General de la Naci\u00f3n","article_publisher":"https:\/\/www.facebook.com\/FiscaliaCol","article_published_time":"2021-08-20T19:25:23+00:00","og_image":[{"url":"https:\/\/www.fiscalia.gov.co\/colombia\/wp-content\/uploads\/Los-Fantasmas-5.jpeg","type":"","width":"","height":""}],"author":"Katherine Loaiza Mart\u00ednez","twitter_card":"summary_large_image","twitter_creator":"@FiscaliaCol","twitter_site":"@FiscaliaCol","twitter_misc":{"Escrito por":"Katherine Loaiza Mart\u00ednez","Tiempo de lectura":"2 minutos"},"schema":{"@context":"https:\/\/schema.org","@graph":[{"@type":"Article","@id":"https:\/\/www.fiscalia.gov.co\/colombia\/noticias\/golpe-al-patrimonio-ilicito-de-los-fantasmas-red-dedicada-al-trafico-de-estupefacientes-al-menudeo-en-la-guajira-y-cesar\/#article","isPartOf":{"@id":"https:\/\/www.fiscalia.gov.co\/colombia\/noticias\/golpe-al-patrimonio-ilicito-de-los-fantasmas-red-dedicada-al-trafico-de-estupefacientes-al-menudeo-en-la-guajira-y-cesar\/"},"author":{"name":"Katherine Loaiza Mart\u00ednez","@id":"https:\/\/www.fiscalia.gov.co\/colombia\/#\/schema\/person\/2e76b9aba5ecf875ed565ce4de0e0415"},"headline":"Golpe al patrimonio il\u00edcito de \u2018Los Fantasmas\u2019, red dedicada al tr\u00e1fico de estupefacientes al menudeo en La Guajira y Cesar","datePublished":"2021-08-20T19:25:23+00:00","dateModified":"2021-08-20T19:25:23+00:00","mainEntityOfPage":{"@id":"https:\/\/www.fiscalia.gov.co\/colombia\/noticias\/golpe-al-patrimonio-ilicito-de-los-fantasmas-red-dedicada-al-trafico-de-estupefacientes-al-menudeo-en-la-guajira-y-cesar\/"},"wordCount":339,"publisher":{"@id":"https:\/\/www.fiscalia.gov.co\/colombia\/#organization"},"image":{"@id":"https:\/\/www.fiscalia.gov.co\/colombia\/noticias\/golpe-al-patrimonio-ilicito-de-los-fantasmas-red-dedicada-al-trafico-de-estupefacientes-al-menudeo-en-la-guajira-y-cesar\/#primaryimage"},"thumbnailUrl":"https:\/\/www.fiscalia.gov.co\/colombia\/wp-content\/uploads\/Los-Fantasmas-5.jpeg","keywords":["Cesar","Extinci\u00f3n","Fiscal Barbosa Delgado","Fiscal Francisco Barbosa Delgado","La Guajira","Los Fantasmas","Narcotr\u00e1fico","Sociedad de Activos Especiales","Tr\u00e1fico de estupefacientes","Valledupar"],"articleSection":["Extinci\u00f3n de dominio","Noticias"],"inLanguage":"es-CO"},{"@type":"WebPage","@id":"https:\/\/www.fiscalia.gov.co\/colombia\/noticias\/golpe-al-patrimonio-ilicito-de-los-fantasmas-red-dedicada-al-trafico-de-estupefacientes-al-menudeo-en-la-guajira-y-cesar\/","url":"https:\/\/www.fiscalia.gov.co\/colombia\/noticias\/golpe-al-patrimonio-ilicito-de-los-fantasmas-red-dedicada-al-trafico-de-estupefacientes-al-menudeo-en-la-guajira-y-cesar\/","name":"Fiscal\u00eda General de la Naci\u00f3n","isPartOf":{"@id":"https:\/\/www.fiscalia.gov.co\/colombia\/#website"},"primaryImageOfPage":{"@id":"https:\/\/www.fiscalia.gov.co\/colombia\/noticias\/golpe-al-patrimonio-ilicito-de-los-fantasmas-red-dedicada-al-trafico-de-estupefacientes-al-menudeo-en-la-guajira-y-cesar\/#primaryimage"},"image":{"@id":"https:\/\/www.fiscalia.gov.co\/colombia\/noticias\/golpe-al-patrimonio-ilicito-de-los-fantasmas-red-dedicada-al-trafico-de-estupefacientes-al-menudeo-en-la-guajira-y-cesar\/#primaryimage"},"thumbnailUrl":"https:\/\/www.fiscalia.gov.co\/colombia\/wp-content\/uploads\/Los-Fantasmas-5.jpeg","datePublished":"2021-08-20T19:25:23+00:00","dateModified":"2021-08-20T19:25:23+00:00","description":"P\u00e1gina oficial de la Fiscal\u00eda General de la Naci\u00f3n \u2013 Colombia. Garantizamos el acceso efectivo a la justicia, la verdad y la reparaci\u00f3n de las v\u00edctimas de los delitos.","breadcrumb":{"@id":"https:\/\/www.fiscalia.gov.co\/colombia\/noticias\/golpe-al-patrimonio-ilicito-de-los-fantasmas-red-dedicada-al-trafico-de-estupefacientes-al-menudeo-en-la-guajira-y-cesar\/#breadcrumb"},"inLanguage":"es-CO","potentialAction":[{"@type":"ReadAction","target":["https:\/\/www.fiscalia.gov.co\/colombia\/noticias\/golpe-al-patrimonio-ilicito-de-los-fantasmas-red-dedicada-al-trafico-de-estupefacientes-al-menudeo-en-la-guajira-y-cesar\/"]}]},{"@type":"ImageObject","inLanguage":"es-CO","@id":"https:\/\/www.fiscalia.gov.co\/colombia\/noticias\/golpe-al-patrimonio-ilicito-de-los-fantasmas-red-dedicada-al-trafico-de-estupefacientes-al-menudeo-en-la-guajira-y-cesar\/#primaryimage","url":"https:\/\/www.fiscalia.gov.co\/colombia\/wp-content\/uploads\/Los-Fantasmas-5.jpeg","contentUrl":"https:\/\/www.fiscalia.gov.co\/colombia\/wp-content\/uploads\/Los-Fantasmas-5.jpeg","width":1280,"height":720,"caption":"Bienes ocupados con fines de extinci\u00f3n del derecho de dominio."},{"@type":"BreadcrumbList","@id":"https:\/\/www.fiscalia.gov.co\/colombia\/noticias\/golpe-al-patrimonio-ilicito-de-los-fantasmas-red-dedicada-al-trafico-de-estupefacientes-al-menudeo-en-la-guajira-y-cesar\/#breadcrumb","itemListElement":[{"@type":"ListItem","position":1,"name":"Home","item":"https:\/\/www.fiscalia.gov.co\/colombia\/"},{"@type":"ListItem","position":2,"name":"Golpe al patrimonio il\u00edcito de \u2018Los Fantasmas\u2019, red dedicada al tr\u00e1fico de estupefacientes al menudeo en La Guajira y Cesar"}]},{"@type":"WebSite","@id":"https:\/\/www.fiscalia.gov.co\/colombia\/#website","url":"https:\/\/www.fiscalia.gov.co\/colombia\/","name":"Fiscal\u00eda General de la Naci\u00f3n","description":"P\u00e1gina oficial de la Fiscal\u00eda General de la Naci\u00f3n \u2013 Colombia. Garantizamos el acceso efectivo a la justicia, la verdad y la reparaci\u00f3n de las v\u00edctimas de los delitos.","publisher":{"@id":"https:\/\/www.fiscalia.gov.co\/colombia\/#organization"},"potentialAction":[{"@type":"SearchAction","target":{"@type":"EntryPoint","urlTemplate":"https:\/\/www.fiscalia.gov.co\/colombia\/?s={search_term_string}"},"query-input":{"@type":"PropertyValueSpecification","valueRequired":true,"valueName":"search_term_string"}}],"inLanguage":"es-CO"},{"@type":"Organization","@id":"https:\/\/www.fiscalia.gov.co\/colombia\/#organization","name":"Fiscal\u00eda General de la Naci\u00f3n","url":"https:\/\/www.fiscalia.gov.co\/colombia\/","logo":{"@type":"ImageObject","inLanguage":"es-CO","@id":"https:\/\/www.fiscalia.gov.co\/colombia\/#\/schema\/logo\/image\/","url":"https:\/\/www.fiscalia.gov.co\/colombia\/wp-content\/uploads\/LogoHorizontal_1.jpg","contentUrl":"https:\/\/www.fiscalia.gov.co\/colombia\/wp-content\/uploads\/LogoHorizontal_1.jpg","width":300,"height":90,"caption":"Fiscal\u00eda General de la Naci\u00f3n"},"image":{"@id":"https:\/\/www.fiscalia.gov.co\/colombia\/#\/schema\/logo\/image\/"},"sameAs":["https:\/\/www.facebook.com\/FiscaliaCol","https:\/\/x.com\/FiscaliaCol","https:\/\/www.instagram.com\/fiscaliacol","https:\/\/www.linkedin.com\/company\/fiscalia-general-de-la-naci-n\/","https:\/\/youtube.com\/@fiscaliageneraldelanacion-4668?si=6nN79nyQICPU5iTh"]},{"@type":"Person","@id":"https:\/\/www.fiscalia.gov.co\/colombia\/#\/schema\/person\/2e76b9aba5ecf875ed565ce4de0e0415","name":"Katherine Loaiza Mart\u00ednez","image":{"@type":"ImageObject","inLanguage":"es-CO","@id":"https:\/\/www.fiscalia.gov.co\/colombia\/#\/schema\/person\/image\/","url":"https:\/\/secure.gravatar.com\/avatar\/ab775a2f394c1b83b6d6f78680e57b50?s=96&d=mm&r=g","contentUrl":"https:\/\/secure.gravatar.com\/avatar\/ab775a2f394c1b83b6d6f78680e57b50?s=96&d=mm&r=g","caption":"Katherine Loaiza Mart\u00ednez"},"url":"https:\/\/www.fiscalia.gov.co\/colombia\/author\/kloaiza\/"}]}},"_links":{"self":[{"href":"https:\/\/www.fiscalia.gov.co\/colombia\/wp-json\/wp\/v2\/posts\/227856","targetHints":{"allow":["GET"]}}],"collection":[{"href":"https:\/\/www.fiscalia.gov.co\/colombia\/wp-json\/wp\/v2\/posts"}],"about":[{"href":"https:\/\/www.fiscalia.gov.co\/colombia\/wp-json\/wp\/v2\/types\/post"}],"author":[{"embeddable":true,"href":"https:\/\/www.fiscalia.gov.co\/colombia\/wp-json\/wp\/v2\/users\/175"}],"replies":[{"embeddable":true,"href":"https:\/\/www.fiscalia.gov.co\/colombia\/wp-json\/wp\/v2\/comments?post=227856"}],"version-history":[{"count":1,"href":"https:\/\/www.fiscalia.gov.co\/colombia\/wp-json\/wp\/v2\/posts\/227856\/revisions"}],"predecessor-version":[{"id":227858,"href":"https:\/\/www.fiscalia.gov.co\/colombia\/wp-json\/wp\/v2\/posts\/227856\/revisions\/227858"}],"wp:attachment":[{"href":"https:\/\/www.fiscalia.gov.co\/colombia\/wp-json\/wp\/v2\/media?parent=227856"}],"wp:term":[{"taxonomy":"category","embeddable":true,"href":"https:\/\/www.fiscalia.gov.co\/colombia\/wp-json\/wp\/v2\/categories?post=227856"},{"taxonomy":"post_tag","embeddable":true,"href":"https:\/\/www.fiscalia.gov.co\/colombia\/wp-json\/wp\/v2\/tags?post=227856"}],"curies":[{"name":"wp","href":"https:\/\/api.w.org\/{rel}","templated":true}]}}