{"id":227441,"date":"2021-08-15T07:33:57","date_gmt":"2021-08-15T12:33:57","guid":{"rendered":"https:\/\/www.fiscalia.gov.co\/colombia\/?p=227441"},"modified":"2021-08-19T18:27:58","modified_gmt":"2021-08-19T23:27:58","slug":"ofensiva-de-la-fiscalia-contra-los-delitos-ambientales-permite-judicializar-a-16-personas-e-incautar-tonelada-y-media-de-coltan","status":"publish","type":"post","link":"https:\/\/www.fiscalia.gov.co\/colombia\/noticias\/ofensiva-de-la-fiscalia-contra-los-delitos-ambientales-permite-judicializar-a-16-personas-e-incautar-tonelada-y-media-de-coltan\/","title":{"rendered":"Ofensiva de la Fiscal\u00eda contra los delitos ambientales permite judicializar a 16 personas e incautar tonelada y media de colt\u00e1n"},"content":{"rendered":"<blockquote class=\"td_quote_box td_box_center\">\n<h4 style=\"text-align: left;\"><strong><em>Las diligencias se realizaron de manera simult\u00e1nea durante tres d\u00edas y pusieron en evidencia un frente de miner\u00eda ilegal de carb\u00f3n, actividades de hoteler\u00eda en un Parque Nacional Natural, y deforestaci\u00f3n para ganader\u00eda extensiva.<\/em><\/strong><\/h4>\n<\/blockquote>\n<p style=\"text-align: left;\">La Fiscal\u00eda General de la Naci\u00f3n, a trav\u00e9s de la Direcci\u00f3n Especializada contra las Violaciones a los Derechos Humanos, lider\u00f3 una ofensiva judicial contra los delitos ambientales y las conductas que afectan los recursos naturales.<\/p>\n<p>En tres d\u00edas de acciones articuladas con el CTI, la Polic\u00eda Nacional y el Ej\u00e9rcito Nacional fueron capturadas y presentadas ante jueces de control de garant\u00edas 16 personas, aprehendido un menor de edad e incautada tonelada y media de colt\u00e1n, en cuatro procedimientos distintos realizados en distintos puntos del pa\u00eds.<\/p>\n<ul>\n<li><strong>Cae carga de arenas negras<\/strong><\/li>\n<\/ul>\n<p>Gracias a la informaci\u00f3n obtenida en un proceso investigativo que sigue la Fiscal\u00eda contra las estructuras criminales vinculadas a la miner\u00eda ilegal en la Orinoqu\u00eda y Amazon\u00eda colombiana, unidades de la Polic\u00eda Nacional interceptaron un veh\u00edculo en el que eran transportados 68 sacos con colt\u00e1n.<\/p>\n<p>El procedimiento se cumpli\u00f3 en In\u00edrida (Guain\u00eda). En la inspecci\u00f3n se constat\u00f3 que las arenas negras, cuyo peso alcanz\u00f3 la tonelada y media, no ten\u00edan soportes sobre su origen, por lo que fue capturado el conductor y aprehendido un joven de 16 a\u00f1os que lo acompa\u00f1aba.<\/p>\n<p>El detenido fue imputado por el delito de receptaci\u00f3n y se compulsaron copias a la Direcci\u00f3n Especializada de Extinci\u00f3n del Derecho de Dominio para que, si es del caso, se impongan medidas cautelares sobre el colt\u00e1n y el veh\u00edculo.<\/p>\n<ul>\n<li><strong>Socav\u00f3n ilegal en Boyac\u00e1<\/strong><\/li>\n<\/ul>\n<p>Personal del CTI, con apoyo del Batall\u00f3n N\u00b02 de Alta Monta\u00f1a del Ej\u00e9rcito Nacional y Corpoboyac\u00e1, intervino una mina de carb\u00f3n en la modalidad de socav\u00f3n, que estar\u00eda funcionando sin los permisos de ley. En el lugar se constat\u00f3 el uso indiscriminado de martillos neum\u00e1ticos y maquinaria, adem\u00e1s del vertimiento de residuos l\u00edquidos que habr\u00edan deteriorado la vegetaci\u00f3n, el suelo y las fuentes h\u00eddricas.<\/p>\n<p>10 personas fueron capturadas en flagrancia y judicializadas. Por su parte, la autoridad administrativa adelant\u00f3 las acciones para evitar el funcionamiento de este frente de extracci\u00f3n.<\/p>\n<ul>\n<li><strong>Hoteler\u00eda ilegal en La Macarena<\/strong><\/li>\n<\/ul>\n<p>En el Distrito de Manejo Integrado Guayabero \u2013 Adri\u00e1tico, en el Parque Nacional Natural Serran\u00eda La Macarena (Meta), fue descubierto un servicio ilegal de hoteler\u00eda que se ofrec\u00eda en plena zona de reserva y especial protecci\u00f3n ambiental. Al parecer, la vegetaci\u00f3n nativa fue desplazada y algunas \u00e1reas deforestadas para levantar caba\u00f1as r\u00fasticas con alojamientos, ba\u00f1os y cocinas. Incluso, ten\u00edan antenas de televisi\u00f3n satelital.<\/p>\n<p>En las verificaciones se constat\u00f3 que, por la presencia masiva de visitantes y la realizaci\u00f3n de rutas tur\u00edsticas improvisadas, se habr\u00eda generado una captaci\u00f3n desmedida de agua, erosi\u00f3n, p\u00e9rdida de flora y desplazamiento de la fauna de la regi\u00f3n.<\/p>\n<p>Tres personas que estar\u00edan involucradas en esta actividad fueron imputadas por los delitos de invasi\u00f3n de \u00e1reas de especial importancia ecol\u00f3gica, da\u00f1o a los recursos naturales, e il\u00edcito aprovechamiento de recursos naturales.<\/p>\n<ul>\n<li><strong>Ganader\u00eda extensiva en zona de reserva<\/strong><\/li>\n<\/ul>\n<p>Dos hombres fueron presentados ante un juez de control de garant\u00edas como presuntos responsables de arrasar con algo m\u00e1s de 500 hect\u00e1reas de selva en la vereda Brisas del Itebiare de Mapirip\u00e1n (Meta), para sembrar pasto y levantar corrales para la cr\u00eda de ganado. Esta labor se realizaba en tres predios distintos ubicados en un \u00e1rea de reserva protegida.<\/p>\n<p>Los procesados fueron imputados por los delitos de il\u00edcito aprovechamiento de los recursos naturales, da\u00f1o en los recursos naturales, e invasi\u00f3n de \u00e1reas de especial importancia ecol\u00f3gica.<\/p>\n<p>JARG\/DJR\/DECVDH\/MCRC.<\/p>\n<p><strong>La Fiscal\u00eda habla con resultados.<\/strong><\/p>\n<p><em>La informaci\u00f3n contenida en este bolet\u00edn de prensa corresponde a la narraci\u00f3n de los hechos noticiosos objetivos, suministrados por los funcionarios encargados de adelantar las investigaciones penales al interior de la Fiscal\u00eda de la Naci\u00f3n. Para el momento de la divulgaci\u00f3n de este comunicado, la situaci\u00f3n jur\u00eddica de la(s) persona(s) relacionada(s) se encuentra pendiente de resolver por la autoridad judicial competente, siempre bajo los preceptos de la presunci\u00f3n de inocencia, consagrados en el art\u00edculo 29 de la Constituci\u00f3n Pol\u00edtica y el art\u00edculo 7\u00ba de la Ley 906 de 2004.\u00a0\u00a0<\/em><\/p>\n\n<div class=\"twitter-share\"><a href=\"https:\/\/twitter.com\/intent\/tweet?via=fiscaliacol\" class=\"twitter-share-button\">Tweet<\/a><\/div>\n","protected":false},"excerpt":{"rendered":"<p>Las diligencias se realizaron de manera simult\u00e1nea durante tres d\u00edas y pusieron en evidencia un frente de miner\u00eda ilegal de carb\u00f3n, actividades de hoteler\u00eda en un Parque Nacional Natural, y deforestaci\u00f3n para ganader\u00eda extensiva. La Fiscal\u00eda General de la Naci\u00f3n, a trav\u00e9s de la Direcci\u00f3n Especializada contra las Violaciones a los Derechos Humanos, lider\u00f3 una [&hellip;]<\/p>\n","protected":false},"author":162,"featured_media":0,"comment_status":"closed","ping_status":"open","sticky":false,"template":"","format":"video","meta":{"_price":"","_stock":"","_tribe_ticket_header":"","_tribe_default_ticket_provider":"","_tribe_ticket_capacity":"0","_ticket_start_date":"","_ticket_end_date":"","_tribe_ticket_show_description":"","_tribe_ticket_show_not_going":false,"_tribe_ticket_use_global_stock":"","_tribe_ticket_global_stock_level":"","_global_stock_mode":"","_global_stock_cap":"","_tribe_rsvp_for_event":"","_tribe_ticket_going_count":"","_tribe_ticket_not_going_count":"","_tribe_tickets_list":"[]","_tribe_ticket_has_attendee_info_fields":false,"tdm_status":"","tdm_grid_status":"","footnotes":""},"categories":[24124,24102,1],"tags":[1050,1147],"class_list":{"0":"post-227441","1":"post","2":"type-post","3":"status-publish","4":"format-video","6":"category-dano-al-medio-ambiente","7":"category-derechos-humanos","8":"category-noticias","9":"tag-derechoa-humanos","10":"tag-medio-ambiente","11":"post_format-post-format-video"},"yoast_head":"<!-- This site is optimized with the Yoast SEO plugin v24.3 - https:\/\/yoast.com\/wordpress\/plugins\/seo\/ -->\n<title>Fiscal\u00eda General de la Naci\u00f3n<\/title>\n<meta name=\"description\" content=\"P\u00e1gina oficial de la Fiscal\u00eda General de la Naci\u00f3n \u2013 Colombia. Garantizamos el acceso efectivo a la justicia, la verdad y la reparaci\u00f3n de las v\u00edctimas de los delitos.\" \/>\n<meta name=\"robots\" content=\"noindex, follow\" \/>\n<meta property=\"og:locale\" content=\"es_ES\" \/>\n<meta property=\"og:type\" content=\"article\" \/>\n<meta property=\"og:title\" content=\"Fiscal\u00eda General de la Naci\u00f3n\" \/>\n<meta property=\"og:description\" content=\"P\u00e1gina oficial de la Fiscal\u00eda General de la Naci\u00f3n \u2013 Colombia. Garantizamos el acceso efectivo a la justicia, la verdad y la reparaci\u00f3n de las v\u00edctimas de los delitos.\" \/>\n<meta property=\"og:url\" content=\"https:\/\/www.fiscalia.gov.co\/colombia\/noticias\/ofensiva-de-la-fiscalia-contra-los-delitos-ambientales-permite-judicializar-a-16-personas-e-incautar-tonelada-y-media-de-coltan\/\" \/>\n<meta property=\"og:site_name\" content=\"Fiscal\u00eda General de la Naci\u00f3n\" \/>\n<meta property=\"article:publisher\" content=\"https:\/\/www.facebook.com\/FiscaliaCol\" \/>\n<meta property=\"article:published_time\" content=\"2021-08-15T12:33:57+00:00\" \/>\n<meta property=\"article:modified_time\" content=\"2021-08-19T23:27:58+00:00\" \/>\n<meta name=\"author\" content=\"Direcci\u00f3n de Comunicaciones Fiscal\u00eda General de la Naci\u00f3n\" \/>\n<meta name=\"twitter:card\" content=\"summary_large_image\" \/>\n<meta name=\"twitter:creator\" content=\"@FiscaliaCol\" \/>\n<meta name=\"twitter:site\" content=\"@FiscaliaCol\" \/>\n<meta name=\"twitter:label1\" content=\"Escrito por\" \/>\n\t<meta name=\"twitter:data1\" content=\"Direcci\u00f3n de Comunicaciones Fiscal\u00eda General de la Naci\u00f3n\" \/>\n\t<meta name=\"twitter:label2\" content=\"Tiempo de lectura\" \/>\n\t<meta name=\"twitter:data2\" content=\"4 minutos\" \/>\n<script type=\"application\/ld+json\" class=\"yoast-schema-graph\">{\"@context\":\"https:\/\/schema.org\",\"@graph\":[{\"@type\":\"Article\",\"@id\":\"https:\/\/www.fiscalia.gov.co\/colombia\/noticias\/ofensiva-de-la-fiscalia-contra-los-delitos-ambientales-permite-judicializar-a-16-personas-e-incautar-tonelada-y-media-de-coltan\/#article\",\"isPartOf\":{\"@id\":\"https:\/\/www.fiscalia.gov.co\/colombia\/noticias\/ofensiva-de-la-fiscalia-contra-los-delitos-ambientales-permite-judicializar-a-16-personas-e-incautar-tonelada-y-media-de-coltan\/\"},\"author\":{\"name\":\"Direcci\u00f3n de Comunicaciones Fiscal\u00eda General de la Naci\u00f3n\",\"@id\":\"https:\/\/www.fiscalia.gov.co\/colombia\/#\/schema\/person\/bf28d8ae7f1b287bbe3af484b04f43ea\"},\"headline\":\"Ofensiva de la Fiscal\u00eda contra los delitos ambientales permite judicializar a 16 personas e incautar tonelada y media de colt\u00e1n\",\"datePublished\":\"2021-08-15T12:33:57+00:00\",\"dateModified\":\"2021-08-19T23:27:58+00:00\",\"mainEntityOfPage\":{\"@id\":\"https:\/\/www.fiscalia.gov.co\/colombia\/noticias\/ofensiva-de-la-fiscalia-contra-los-delitos-ambientales-permite-judicializar-a-16-personas-e-incautar-tonelada-y-media-de-coltan\/\"},\"wordCount\":789,\"publisher\":{\"@id\":\"https:\/\/www.fiscalia.gov.co\/colombia\/#organization\"},\"keywords\":[\"Derechos Humanos\",\"Medio Ambiente\"],\"articleSection\":[\"Da\u00f1o al medio ambiente\",\"Derechos Humanos\",\"Noticias\"],\"inLanguage\":\"es-CO\"},{\"@type\":\"WebPage\",\"@id\":\"https:\/\/www.fiscalia.gov.co\/colombia\/noticias\/ofensiva-de-la-fiscalia-contra-los-delitos-ambientales-permite-judicializar-a-16-personas-e-incautar-tonelada-y-media-de-coltan\/\",\"url\":\"https:\/\/www.fiscalia.gov.co\/colombia\/noticias\/ofensiva-de-la-fiscalia-contra-los-delitos-ambientales-permite-judicializar-a-16-personas-e-incautar-tonelada-y-media-de-coltan\/\",\"name\":\"Fiscal\u00eda General de la Naci\u00f3n\",\"isPartOf\":{\"@id\":\"https:\/\/www.fiscalia.gov.co\/colombia\/#website\"},\"datePublished\":\"2021-08-15T12:33:57+00:00\",\"dateModified\":\"2021-08-19T23:27:58+00:00\",\"description\":\"P\u00e1gina oficial de la Fiscal\u00eda General de la Naci\u00f3n \u2013 Colombia. Garantizamos el acceso efectivo a la justicia, la verdad y la reparaci\u00f3n de las v\u00edctimas de los delitos.\",\"breadcrumb\":{\"@id\":\"https:\/\/www.fiscalia.gov.co\/colombia\/noticias\/ofensiva-de-la-fiscalia-contra-los-delitos-ambientales-permite-judicializar-a-16-personas-e-incautar-tonelada-y-media-de-coltan\/#breadcrumb\"},\"inLanguage\":\"es-CO\",\"potentialAction\":[{\"@type\":\"ReadAction\",\"target\":[\"https:\/\/www.fiscalia.gov.co\/colombia\/noticias\/ofensiva-de-la-fiscalia-contra-los-delitos-ambientales-permite-judicializar-a-16-personas-e-incautar-tonelada-y-media-de-coltan\/\"]}]},{\"@type\":\"BreadcrumbList\",\"@id\":\"https:\/\/www.fiscalia.gov.co\/colombia\/noticias\/ofensiva-de-la-fiscalia-contra-los-delitos-ambientales-permite-judicializar-a-16-personas-e-incautar-tonelada-y-media-de-coltan\/#breadcrumb\",\"itemListElement\":[{\"@type\":\"ListItem\",\"position\":1,\"name\":\"Home\",\"item\":\"https:\/\/www.fiscalia.gov.co\/colombia\/\"},{\"@type\":\"ListItem\",\"position\":2,\"name\":\"Ofensiva de la Fiscal\u00eda contra los delitos ambientales permite judicializar a 16 personas e incautar tonelada y media de colt\u00e1n\"}]},{\"@type\":\"WebSite\",\"@id\":\"https:\/\/www.fiscalia.gov.co\/colombia\/#website\",\"url\":\"https:\/\/www.fiscalia.gov.co\/colombia\/\",\"name\":\"Fiscal\u00eda General de la Naci\u00f3n\",\"description\":\"P\u00e1gina oficial de la Fiscal\u00eda General de la Naci\u00f3n \u2013 Colombia. Garantizamos el acceso efectivo a la justicia, la verdad y la reparaci\u00f3n de las v\u00edctimas de los delitos.\",\"publisher\":{\"@id\":\"https:\/\/www.fiscalia.gov.co\/colombia\/#organization\"},\"potentialAction\":[{\"@type\":\"SearchAction\",\"target\":{\"@type\":\"EntryPoint\",\"urlTemplate\":\"https:\/\/www.fiscalia.gov.co\/colombia\/?s={search_term_string}\"},\"query-input\":{\"@type\":\"PropertyValueSpecification\",\"valueRequired\":true,\"valueName\":\"search_term_string\"}}],\"inLanguage\":\"es-CO\"},{\"@type\":\"Organization\",\"@id\":\"https:\/\/www.fiscalia.gov.co\/colombia\/#organization\",\"name\":\"Fiscal\u00eda General de la Naci\u00f3n\",\"url\":\"https:\/\/www.fiscalia.gov.co\/colombia\/\",\"logo\":{\"@type\":\"ImageObject\",\"inLanguage\":\"es-CO\",\"@id\":\"https:\/\/www.fiscalia.gov.co\/colombia\/#\/schema\/logo\/image\/\",\"url\":\"https:\/\/www.fiscalia.gov.co\/colombia\/wp-content\/uploads\/LogoHorizontal_1.jpg\",\"contentUrl\":\"https:\/\/www.fiscalia.gov.co\/colombia\/wp-content\/uploads\/LogoHorizontal_1.jpg\",\"width\":300,\"height\":90,\"caption\":\"Fiscal\u00eda General de la Naci\u00f3n\"},\"image\":{\"@id\":\"https:\/\/www.fiscalia.gov.co\/colombia\/#\/schema\/logo\/image\/\"},\"sameAs\":[\"https:\/\/www.facebook.com\/FiscaliaCol\",\"https:\/\/x.com\/FiscaliaCol\",\"https:\/\/www.instagram.com\/fiscaliacol\",\"https:\/\/www.linkedin.com\/company\/fiscalia-general-de-la-naci-n\/\",\"https:\/\/youtube.com\/@fiscaliageneraldelanacion-4668?si=6nN79nyQICPU5iTh\"]},{\"@type\":\"Person\",\"@id\":\"https:\/\/www.fiscalia.gov.co\/colombia\/#\/schema\/person\/bf28d8ae7f1b287bbe3af484b04f43ea\",\"name\":\"Direcci\u00f3n de Comunicaciones Fiscal\u00eda General de la Naci\u00f3n\",\"image\":{\"@type\":\"ImageObject\",\"inLanguage\":\"es-CO\",\"@id\":\"https:\/\/www.fiscalia.gov.co\/colombia\/#\/schema\/person\/image\/\",\"url\":\"https:\/\/secure.gravatar.com\/avatar\/9d55ae161d32da16dbdd0b380c080a5f?s=96&d=mm&r=g\",\"contentUrl\":\"https:\/\/secure.gravatar.com\/avatar\/9d55ae161d32da16dbdd0b380c080a5f?s=96&d=mm&r=g\",\"caption\":\"Direcci\u00f3n de Comunicaciones Fiscal\u00eda General de la Naci\u00f3n\"},\"url\":\"https:\/\/www.fiscalia.gov.co\/colombia\/author\/kbonilla\/\"}]}<\/script>\n<!-- \/ Yoast SEO plugin. -->","yoast_head_json":{"title":"Fiscal\u00eda General de la Naci\u00f3n","description":"P\u00e1gina oficial de la Fiscal\u00eda General de la Naci\u00f3n \u2013 Colombia. Garantizamos el acceso efectivo a la justicia, la verdad y la reparaci\u00f3n de las v\u00edctimas de los delitos.","robots":{"index":"noindex","follow":"follow"},"og_locale":"es_ES","og_type":"article","og_title":"Fiscal\u00eda General de la Naci\u00f3n","og_description":"P\u00e1gina oficial de la Fiscal\u00eda General de la Naci\u00f3n \u2013 Colombia. Garantizamos el acceso efectivo a la justicia, la verdad y la reparaci\u00f3n de las v\u00edctimas de los delitos.","og_url":"https:\/\/www.fiscalia.gov.co\/colombia\/noticias\/ofensiva-de-la-fiscalia-contra-los-delitos-ambientales-permite-judicializar-a-16-personas-e-incautar-tonelada-y-media-de-coltan\/","og_site_name":"Fiscal\u00eda General de la Naci\u00f3n","article_publisher":"https:\/\/www.facebook.com\/FiscaliaCol","article_published_time":"2021-08-15T12:33:57+00:00","article_modified_time":"2021-08-19T23:27:58+00:00","author":"Direcci\u00f3n de Comunicaciones Fiscal\u00eda General de la Naci\u00f3n","twitter_card":"summary_large_image","twitter_creator":"@FiscaliaCol","twitter_site":"@FiscaliaCol","twitter_misc":{"Escrito por":"Direcci\u00f3n de Comunicaciones Fiscal\u00eda General de la Naci\u00f3n","Tiempo de lectura":"4 minutos"},"schema":{"@context":"https:\/\/schema.org","@graph":[{"@type":"Article","@id":"https:\/\/www.fiscalia.gov.co\/colombia\/noticias\/ofensiva-de-la-fiscalia-contra-los-delitos-ambientales-permite-judicializar-a-16-personas-e-incautar-tonelada-y-media-de-coltan\/#article","isPartOf":{"@id":"https:\/\/www.fiscalia.gov.co\/colombia\/noticias\/ofensiva-de-la-fiscalia-contra-los-delitos-ambientales-permite-judicializar-a-16-personas-e-incautar-tonelada-y-media-de-coltan\/"},"author":{"name":"Direcci\u00f3n de Comunicaciones Fiscal\u00eda General de la Naci\u00f3n","@id":"https:\/\/www.fiscalia.gov.co\/colombia\/#\/schema\/person\/bf28d8ae7f1b287bbe3af484b04f43ea"},"headline":"Ofensiva de la Fiscal\u00eda contra los delitos ambientales permite judicializar a 16 personas e incautar tonelada y media de colt\u00e1n","datePublished":"2021-08-15T12:33:57+00:00","dateModified":"2021-08-19T23:27:58+00:00","mainEntityOfPage":{"@id":"https:\/\/www.fiscalia.gov.co\/colombia\/noticias\/ofensiva-de-la-fiscalia-contra-los-delitos-ambientales-permite-judicializar-a-16-personas-e-incautar-tonelada-y-media-de-coltan\/"},"wordCount":789,"publisher":{"@id":"https:\/\/www.fiscalia.gov.co\/colombia\/#organization"},"keywords":["Derechos Humanos","Medio Ambiente"],"articleSection":["Da\u00f1o al medio ambiente","Derechos Humanos","Noticias"],"inLanguage":"es-CO"},{"@type":"WebPage","@id":"https:\/\/www.fiscalia.gov.co\/colombia\/noticias\/ofensiva-de-la-fiscalia-contra-los-delitos-ambientales-permite-judicializar-a-16-personas-e-incautar-tonelada-y-media-de-coltan\/","url":"https:\/\/www.fiscalia.gov.co\/colombia\/noticias\/ofensiva-de-la-fiscalia-contra-los-delitos-ambientales-permite-judicializar-a-16-personas-e-incautar-tonelada-y-media-de-coltan\/","name":"Fiscal\u00eda General de la Naci\u00f3n","isPartOf":{"@id":"https:\/\/www.fiscalia.gov.co\/colombia\/#website"},"datePublished":"2021-08-15T12:33:57+00:00","dateModified":"2021-08-19T23:27:58+00:00","description":"P\u00e1gina oficial de la Fiscal\u00eda General de la Naci\u00f3n \u2013 Colombia. Garantizamos el acceso efectivo a la justicia, la verdad y la reparaci\u00f3n de las v\u00edctimas de los delitos.","breadcrumb":{"@id":"https:\/\/www.fiscalia.gov.co\/colombia\/noticias\/ofensiva-de-la-fiscalia-contra-los-delitos-ambientales-permite-judicializar-a-16-personas-e-incautar-tonelada-y-media-de-coltan\/#breadcrumb"},"inLanguage":"es-CO","potentialAction":[{"@type":"ReadAction","target":["https:\/\/www.fiscalia.gov.co\/colombia\/noticias\/ofensiva-de-la-fiscalia-contra-los-delitos-ambientales-permite-judicializar-a-16-personas-e-incautar-tonelada-y-media-de-coltan\/"]}]},{"@type":"BreadcrumbList","@id":"https:\/\/www.fiscalia.gov.co\/colombia\/noticias\/ofensiva-de-la-fiscalia-contra-los-delitos-ambientales-permite-judicializar-a-16-personas-e-incautar-tonelada-y-media-de-coltan\/#breadcrumb","itemListElement":[{"@type":"ListItem","position":1,"name":"Home","item":"https:\/\/www.fiscalia.gov.co\/colombia\/"},{"@type":"ListItem","position":2,"name":"Ofensiva de la Fiscal\u00eda contra los delitos ambientales permite judicializar a 16 personas e incautar tonelada y media de colt\u00e1n"}]},{"@type":"WebSite","@id":"https:\/\/www.fiscalia.gov.co\/colombia\/#website","url":"https:\/\/www.fiscalia.gov.co\/colombia\/","name":"Fiscal\u00eda General de la Naci\u00f3n","description":"P\u00e1gina oficial de la Fiscal\u00eda General de la Naci\u00f3n \u2013 Colombia. Garantizamos el acceso efectivo a la justicia, la verdad y la reparaci\u00f3n de las v\u00edctimas de los delitos.","publisher":{"@id":"https:\/\/www.fiscalia.gov.co\/colombia\/#organization"},"potentialAction":[{"@type":"SearchAction","target":{"@type":"EntryPoint","urlTemplate":"https:\/\/www.fiscalia.gov.co\/colombia\/?s={search_term_string}"},"query-input":{"@type":"PropertyValueSpecification","valueRequired":true,"valueName":"search_term_string"}}],"inLanguage":"es-CO"},{"@type":"Organization","@id":"https:\/\/www.fiscalia.gov.co\/colombia\/#organization","name":"Fiscal\u00eda General de la Naci\u00f3n","url":"https:\/\/www.fiscalia.gov.co\/colombia\/","logo":{"@type":"ImageObject","inLanguage":"es-CO","@id":"https:\/\/www.fiscalia.gov.co\/colombia\/#\/schema\/logo\/image\/","url":"https:\/\/www.fiscalia.gov.co\/colombia\/wp-content\/uploads\/LogoHorizontal_1.jpg","contentUrl":"https:\/\/www.fiscalia.gov.co\/colombia\/wp-content\/uploads\/LogoHorizontal_1.jpg","width":300,"height":90,"caption":"Fiscal\u00eda General de la Naci\u00f3n"},"image":{"@id":"https:\/\/www.fiscalia.gov.co\/colombia\/#\/schema\/logo\/image\/"},"sameAs":["https:\/\/www.facebook.com\/FiscaliaCol","https:\/\/x.com\/FiscaliaCol","https:\/\/www.instagram.com\/fiscaliacol","https:\/\/www.linkedin.com\/company\/fiscalia-general-de-la-naci-n\/","https:\/\/youtube.com\/@fiscaliageneraldelanacion-4668?si=6nN79nyQICPU5iTh"]},{"@type":"Person","@id":"https:\/\/www.fiscalia.gov.co\/colombia\/#\/schema\/person\/bf28d8ae7f1b287bbe3af484b04f43ea","name":"Direcci\u00f3n de Comunicaciones Fiscal\u00eda General de la Naci\u00f3n","image":{"@type":"ImageObject","inLanguage":"es-CO","@id":"https:\/\/www.fiscalia.gov.co\/colombia\/#\/schema\/person\/image\/","url":"https:\/\/secure.gravatar.com\/avatar\/9d55ae161d32da16dbdd0b380c080a5f?s=96&d=mm&r=g","contentUrl":"https:\/\/secure.gravatar.com\/avatar\/9d55ae161d32da16dbdd0b380c080a5f?s=96&d=mm&r=g","caption":"Direcci\u00f3n de Comunicaciones Fiscal\u00eda General de la Naci\u00f3n"},"url":"https:\/\/www.fiscalia.gov.co\/colombia\/author\/kbonilla\/"}]}},"_links":{"self":[{"href":"https:\/\/www.fiscalia.gov.co\/colombia\/wp-json\/wp\/v2\/posts\/227441","targetHints":{"allow":["GET"]}}],"collection":[{"href":"https:\/\/www.fiscalia.gov.co\/colombia\/wp-json\/wp\/v2\/posts"}],"about":[{"href":"https:\/\/www.fiscalia.gov.co\/colombia\/wp-json\/wp\/v2\/types\/post"}],"author":[{"embeddable":true,"href":"https:\/\/www.fiscalia.gov.co\/colombia\/wp-json\/wp\/v2\/users\/162"}],"replies":[{"embeddable":true,"href":"https:\/\/www.fiscalia.gov.co\/colombia\/wp-json\/wp\/v2\/comments?post=227441"}],"version-history":[{"count":3,"href":"https:\/\/www.fiscalia.gov.co\/colombia\/wp-json\/wp\/v2\/posts\/227441\/revisions"}],"predecessor-version":[{"id":227737,"href":"https:\/\/www.fiscalia.gov.co\/colombia\/wp-json\/wp\/v2\/posts\/227441\/revisions\/227737"}],"wp:attachment":[{"href":"https:\/\/www.fiscalia.gov.co\/colombia\/wp-json\/wp\/v2\/media?parent=227441"}],"wp:term":[{"taxonomy":"category","embeddable":true,"href":"https:\/\/www.fiscalia.gov.co\/colombia\/wp-json\/wp\/v2\/categories?post=227441"},{"taxonomy":"post_tag","embeddable":true,"href":"https:\/\/www.fiscalia.gov.co\/colombia\/wp-json\/wp\/v2\/tags?post=227441"}],"curies":[{"name":"wp","href":"https:\/\/api.w.org\/{rel}","templated":true}]}}