{"id":226748,"date":"2021-08-06T11:06:56","date_gmt":"2021-08-06T16:06:56","guid":{"rendered":"https:\/\/www.fiscalia.gov.co\/colombia\/?p=226748"},"modified":"2021-08-12T16:46:18","modified_gmt":"2021-08-12T21:46:18","slug":"medidas-cautelares-con-fines-de-extincion-de-dominio-a-bienes-que-pertenecerian-a-una-red-narcotraficante-senalada-de-enviar-estupefacientes-a-espana","status":"publish","type":"post","link":"https:\/\/www.fiscalia.gov.co\/colombia\/noticias\/medidas-cautelares-con-fines-de-extincion-de-dominio-a-bienes-que-pertenecerian-a-una-red-narcotraficante-senalada-de-enviar-estupefacientes-a-espana\/","title":{"rendered":"Medidas cautelares con fines de extinci\u00f3n de dominio a bienes que pertenecer\u00edan a una red narcotraficante se\u00f1alada de enviar estupefacientes a Espa\u00f1a"},"content":{"rendered":"<blockquote>\n<h4 style=\"text-align: left;\"><strong><em>La organizaci\u00f3n ilegal, al parecer, coordinaba la salida de los cargamentos de coca\u00edna en veleros y contenedores. <\/em><\/strong><\/h4>\n<\/blockquote>\n<p>Labores investigativas realizadas por la Direcci\u00f3n Especializada de Extinci\u00f3n del Derecho de Dominio permitieron identificar 50 bienes, que pertenecer\u00edan a un grupo de colombianos se\u00f1alados de sacar del pa\u00eds cargamentos de clorhidrato de coca\u00edna con destino a Europa.<\/p>\n<p>Las propiedades, avaluadas en m\u00e1s 74.000 millones de pesos, fueron afectadas con medias cautelares de suspensi\u00f3n del poder dispositivo, embargo, secuestro y toma de posesi\u00f3n. Se trata de muebles, inmuebles, sociedades y establecimientos de comercio ubicados en Envigado, Guarne, Sabaneta, San Jer\u00f3nimo, Medell\u00edn y Rionegro (Antioquia); Los Patios y C\u00facuta (Norte de Santander); La Victoria y Cartago (Valle del Cauca); y Pereira (Risaralda).<\/p>\n<p>Los bienes afectados habr\u00edan sido adquiridos con dineros producto de un andamiaje ilegal en el que, desde C\u00facuta, se coordinaba el transporte de estupefacientes a las costas del Caribe para camuflarlos en veleros y contenedores que sal\u00edan, principalmente, a las Islas Canarias en Espa\u00f1a.<\/p>\n<p>Esta actividad criminal, al parecer, se realiz\u00f3 entre 2002 y 2009. Durante este tiempo los se\u00f1alados integrantes de la organizaci\u00f3n narcotraficante, supuestamente, pusieron las propiedades a nombre de familiares y amigos de confianza para intentar evitar que fueran detectadas.<\/p>\n<p>Los bienes quedaron a disposici\u00f3n de la Sociedad de Activos Especiales (SAE).<\/p>\n<p>Esta informaci\u00f3n se publica por razones de inter\u00e9s general.<\/p>\n<p>MAGA\/JARG\/VBO\/LPDS\/MRC<\/p>\n<p><strong>La Fiscal\u00eda habla con resultados.<\/strong><\/p>\n<p><em><span lang=\"ES\">La informaci\u00f3n contenida en este bolet\u00edn de prensa corresponde a la narraci\u00f3n de los hechos noticiosos objetivos, suministrados por los funcionarios encargados de adelantar las investigaciones penales al interior de la Fiscal\u00eda General de la Naci\u00f3n. Para el momento de la divulgaci\u00f3n de este comunicado, la situaci\u00f3n jur\u00eddica de la(s) persona(s) relacionada(s) se encuentra pendiente de resolver por la autoridad judicial competente, siempre bajo los preceptos de la presunci\u00f3n de inocencia, consagrados en el art\u00edculo 29 de la Constituci\u00f3n Pol\u00edtica y el art\u00edculo 7\u00ba de la Ley 906 de 2004.<\/span><\/em><\/p>\n\n<div class=\"twitter-share\"><a href=\"https:\/\/twitter.com\/intent\/tweet?via=fiscaliacol\" class=\"twitter-share-button\">Tweet<\/a><\/div>\n","protected":false},"excerpt":{"rendered":"<p>La organizaci\u00f3n ilegal, al parecer, coordinaba la salida de los cargamentos de coca\u00edna en veleros y contenedores. Labores investigativas realizadas por la Direcci\u00f3n Especializada de Extinci\u00f3n del Derecho de Dominio permitieron identificar 50 bienes, que pertenecer\u00edan a un grupo de colombianos se\u00f1alados de sacar del pa\u00eds cargamentos de clorhidrato de coca\u00edna con destino a Europa. [&hellip;]<\/p>\n","protected":false},"author":171,"featured_media":0,"comment_status":"closed","ping_status":"open","sticky":false,"template":"","format":"video","meta":{"tdm_status":"","tdm_grid_status":"","footnotes":""},"categories":[24116,1],"tags":[],"class_list":{"0":"post-226748","1":"post","2":"type-post","3":"status-publish","4":"format-video","6":"category-extincion-de-dominio","7":"category-noticias","8":"post_format-post-format-video"},"yoast_head":"<!-- This site is optimized with the Yoast SEO plugin v24.3 - https:\/\/yoast.com\/wordpress\/plugins\/seo\/ -->\n<title>Fiscal\u00eda General de la Naci\u00f3n<\/title>\n<meta name=\"description\" content=\"P\u00e1gina oficial de la Fiscal\u00eda General de la Naci\u00f3n \u2013 Colombia. Garantizamos el acceso efectivo a la justicia, la verdad y la reparaci\u00f3n de las v\u00edctimas de los delitos.\" \/>\n<meta name=\"robots\" content=\"noindex, follow\" \/>\n<meta property=\"og:locale\" content=\"es_ES\" \/>\n<meta property=\"og:type\" content=\"article\" \/>\n<meta property=\"og:title\" content=\"Fiscal\u00eda General de la Naci\u00f3n\" \/>\n<meta property=\"og:description\" content=\"P\u00e1gina oficial de la Fiscal\u00eda General de la Naci\u00f3n \u2013 Colombia. Garantizamos el acceso efectivo a la justicia, la verdad y la reparaci\u00f3n de las v\u00edctimas de los delitos.\" \/>\n<meta property=\"og:url\" content=\"https:\/\/www.fiscalia.gov.co\/colombia\/noticias\/medidas-cautelares-con-fines-de-extincion-de-dominio-a-bienes-que-pertenecerian-a-una-red-narcotraficante-senalada-de-enviar-estupefacientes-a-espana\/\" \/>\n<meta property=\"og:site_name\" content=\"Fiscal\u00eda General de la Naci\u00f3n\" \/>\n<meta property=\"article:publisher\" content=\"https:\/\/www.facebook.com\/FiscaliaCol\" \/>\n<meta property=\"article:published_time\" content=\"2021-08-06T16:06:56+00:00\" \/>\n<meta property=\"article:modified_time\" content=\"2021-08-12T21:46:18+00:00\" \/>\n<meta name=\"author\" content=\"Ana Mar\u00eda Gomez\" \/>\n<meta name=\"twitter:card\" content=\"summary_large_image\" \/>\n<meta name=\"twitter:creator\" content=\"@FiscaliaCol\" \/>\n<meta name=\"twitter:site\" content=\"@FiscaliaCol\" \/>\n<meta name=\"twitter:label1\" content=\"Escrito por\" \/>\n\t<meta name=\"twitter:data1\" content=\"Ana Mar\u00eda Gomez\" \/>\n\t<meta name=\"twitter:label2\" content=\"Tiempo de lectura\" \/>\n\t<meta name=\"twitter:data2\" content=\"2 minutos\" \/>\n<script type=\"application\/ld+json\" class=\"yoast-schema-graph\">{\"@context\":\"https:\/\/schema.org\",\"@graph\":[{\"@type\":\"Article\",\"@id\":\"https:\/\/www.fiscalia.gov.co\/colombia\/noticias\/medidas-cautelares-con-fines-de-extincion-de-dominio-a-bienes-que-pertenecerian-a-una-red-narcotraficante-senalada-de-enviar-estupefacientes-a-espana\/#article\",\"isPartOf\":{\"@id\":\"https:\/\/www.fiscalia.gov.co\/colombia\/noticias\/medidas-cautelares-con-fines-de-extincion-de-dominio-a-bienes-que-pertenecerian-a-una-red-narcotraficante-senalada-de-enviar-estupefacientes-a-espana\/\"},\"author\":{\"name\":\"Ana Mar\u00eda Gomez\",\"@id\":\"https:\/\/www.fiscalia.gov.co\/colombia\/#\/schema\/person\/06aa2210fe4d79203f428ff671dee360\"},\"headline\":\"Medidas cautelares con fines de extinci\u00f3n de dominio a bienes que pertenecer\u00edan a una red narcotraficante se\u00f1alada de enviar estupefacientes a Espa\u00f1a\",\"datePublished\":\"2021-08-06T16:06:56+00:00\",\"dateModified\":\"2021-08-12T21:46:18+00:00\",\"mainEntityOfPage\":{\"@id\":\"https:\/\/www.fiscalia.gov.co\/colombia\/noticias\/medidas-cautelares-con-fines-de-extincion-de-dominio-a-bienes-que-pertenecerian-a-una-red-narcotraficante-senalada-de-enviar-estupefacientes-a-espana\/\"},\"wordCount\":380,\"publisher\":{\"@id\":\"https:\/\/www.fiscalia.gov.co\/colombia\/#organization\"},\"articleSection\":[\"Extinci\u00f3n de dominio\",\"Noticias\"],\"inLanguage\":\"es-CO\"},{\"@type\":\"WebPage\",\"@id\":\"https:\/\/www.fiscalia.gov.co\/colombia\/noticias\/medidas-cautelares-con-fines-de-extincion-de-dominio-a-bienes-que-pertenecerian-a-una-red-narcotraficante-senalada-de-enviar-estupefacientes-a-espana\/\",\"url\":\"https:\/\/www.fiscalia.gov.co\/colombia\/noticias\/medidas-cautelares-con-fines-de-extincion-de-dominio-a-bienes-que-pertenecerian-a-una-red-narcotraficante-senalada-de-enviar-estupefacientes-a-espana\/\",\"name\":\"Fiscal\u00eda General de la Naci\u00f3n\",\"isPartOf\":{\"@id\":\"https:\/\/www.fiscalia.gov.co\/colombia\/#website\"},\"datePublished\":\"2021-08-06T16:06:56+00:00\",\"dateModified\":\"2021-08-12T21:46:18+00:00\",\"description\":\"P\u00e1gina oficial de la Fiscal\u00eda General de la Naci\u00f3n \u2013 Colombia. Garantizamos el acceso efectivo a la justicia, la verdad y la reparaci\u00f3n de las v\u00edctimas de los delitos.\",\"breadcrumb\":{\"@id\":\"https:\/\/www.fiscalia.gov.co\/colombia\/noticias\/medidas-cautelares-con-fines-de-extincion-de-dominio-a-bienes-que-pertenecerian-a-una-red-narcotraficante-senalada-de-enviar-estupefacientes-a-espana\/#breadcrumb\"},\"inLanguage\":\"es-CO\",\"potentialAction\":[{\"@type\":\"ReadAction\",\"target\":[\"https:\/\/www.fiscalia.gov.co\/colombia\/noticias\/medidas-cautelares-con-fines-de-extincion-de-dominio-a-bienes-que-pertenecerian-a-una-red-narcotraficante-senalada-de-enviar-estupefacientes-a-espana\/\"]}]},{\"@type\":\"BreadcrumbList\",\"@id\":\"https:\/\/www.fiscalia.gov.co\/colombia\/noticias\/medidas-cautelares-con-fines-de-extincion-de-dominio-a-bienes-que-pertenecerian-a-una-red-narcotraficante-senalada-de-enviar-estupefacientes-a-espana\/#breadcrumb\",\"itemListElement\":[{\"@type\":\"ListItem\",\"position\":1,\"name\":\"Home\",\"item\":\"https:\/\/www.fiscalia.gov.co\/colombia\/\"},{\"@type\":\"ListItem\",\"position\":2,\"name\":\"Medidas cautelares con fines de extinci\u00f3n de dominio a bienes que pertenecer\u00edan a una red narcotraficante se\u00f1alada de enviar estupefacientes a Espa\u00f1a\"}]},{\"@type\":\"WebSite\",\"@id\":\"https:\/\/www.fiscalia.gov.co\/colombia\/#website\",\"url\":\"https:\/\/www.fiscalia.gov.co\/colombia\/\",\"name\":\"Fiscal\u00eda General de la Naci\u00f3n\",\"description\":\"P\u00e1gina oficial de la Fiscal\u00eda General de la Naci\u00f3n \u2013 Colombia. Garantizamos el acceso efectivo a la justicia, la verdad y la reparaci\u00f3n de las v\u00edctimas de los delitos.\",\"publisher\":{\"@id\":\"https:\/\/www.fiscalia.gov.co\/colombia\/#organization\"},\"potentialAction\":[{\"@type\":\"SearchAction\",\"target\":{\"@type\":\"EntryPoint\",\"urlTemplate\":\"https:\/\/www.fiscalia.gov.co\/colombia\/?s={search_term_string}\"},\"query-input\":{\"@type\":\"PropertyValueSpecification\",\"valueRequired\":true,\"valueName\":\"search_term_string\"}}],\"inLanguage\":\"es-CO\"},{\"@type\":\"Organization\",\"@id\":\"https:\/\/www.fiscalia.gov.co\/colombia\/#organization\",\"name\":\"Fiscal\u00eda General de la Naci\u00f3n\",\"url\":\"https:\/\/www.fiscalia.gov.co\/colombia\/\",\"logo\":{\"@type\":\"ImageObject\",\"inLanguage\":\"es-CO\",\"@id\":\"https:\/\/www.fiscalia.gov.co\/colombia\/#\/schema\/logo\/image\/\",\"url\":\"https:\/\/www.fiscalia.gov.co\/colombia\/wp-content\/uploads\/LogoHorizontal_1.jpg\",\"contentUrl\":\"https:\/\/www.fiscalia.gov.co\/colombia\/wp-content\/uploads\/LogoHorizontal_1.jpg\",\"width\":300,\"height\":90,\"caption\":\"Fiscal\u00eda General de la Naci\u00f3n\"},\"image\":{\"@id\":\"https:\/\/www.fiscalia.gov.co\/colombia\/#\/schema\/logo\/image\/\"},\"sameAs\":[\"https:\/\/www.facebook.com\/FiscaliaCol\",\"https:\/\/x.com\/FiscaliaCol\",\"https:\/\/www.instagram.com\/fiscaliacol\",\"https:\/\/www.linkedin.com\/company\/fiscalia-general-de-la-naci-n\/\",\"https:\/\/youtube.com\/@fiscaliageneraldelanacion-4668?si=6nN79nyQICPU5iTh\"]},{\"@type\":\"Person\",\"@id\":\"https:\/\/www.fiscalia.gov.co\/colombia\/#\/schema\/person\/06aa2210fe4d79203f428ff671dee360\",\"name\":\"Ana Mar\u00eda Gomez\",\"image\":{\"@type\":\"ImageObject\",\"inLanguage\":\"es-CO\",\"@id\":\"https:\/\/www.fiscalia.gov.co\/colombia\/#\/schema\/person\/image\/\",\"url\":\"https:\/\/secure.gravatar.com\/avatar\/a38115d98a7f8a96cbb96af2b2c37a0b?s=96&d=mm&r=g\",\"contentUrl\":\"https:\/\/secure.gravatar.com\/avatar\/a38115d98a7f8a96cbb96af2b2c37a0b?s=96&d=mm&r=g\",\"caption\":\"Ana Mar\u00eda Gomez\"},\"url\":\"https:\/\/www.fiscalia.gov.co\/colombia\/author\/agomez\/\"}]}<\/script>\n<!-- \/ Yoast SEO plugin. -->","yoast_head_json":{"title":"Fiscal\u00eda General de la Naci\u00f3n","description":"P\u00e1gina oficial de la Fiscal\u00eda General de la Naci\u00f3n \u2013 Colombia. Garantizamos el acceso efectivo a la justicia, la verdad y la reparaci\u00f3n de las v\u00edctimas de los delitos.","robots":{"index":"noindex","follow":"follow"},"og_locale":"es_ES","og_type":"article","og_title":"Fiscal\u00eda General de la Naci\u00f3n","og_description":"P\u00e1gina oficial de la Fiscal\u00eda General de la Naci\u00f3n \u2013 Colombia. Garantizamos el acceso efectivo a la justicia, la verdad y la reparaci\u00f3n de las v\u00edctimas de los delitos.","og_url":"https:\/\/www.fiscalia.gov.co\/colombia\/noticias\/medidas-cautelares-con-fines-de-extincion-de-dominio-a-bienes-que-pertenecerian-a-una-red-narcotraficante-senalada-de-enviar-estupefacientes-a-espana\/","og_site_name":"Fiscal\u00eda General de la Naci\u00f3n","article_publisher":"https:\/\/www.facebook.com\/FiscaliaCol","article_published_time":"2021-08-06T16:06:56+00:00","article_modified_time":"2021-08-12T21:46:18+00:00","author":"Ana Mar\u00eda Gomez","twitter_card":"summary_large_image","twitter_creator":"@FiscaliaCol","twitter_site":"@FiscaliaCol","twitter_misc":{"Escrito por":"Ana Mar\u00eda Gomez","Tiempo de lectura":"2 minutos"},"schema":{"@context":"https:\/\/schema.org","@graph":[{"@type":"Article","@id":"https:\/\/www.fiscalia.gov.co\/colombia\/noticias\/medidas-cautelares-con-fines-de-extincion-de-dominio-a-bienes-que-pertenecerian-a-una-red-narcotraficante-senalada-de-enviar-estupefacientes-a-espana\/#article","isPartOf":{"@id":"https:\/\/www.fiscalia.gov.co\/colombia\/noticias\/medidas-cautelares-con-fines-de-extincion-de-dominio-a-bienes-que-pertenecerian-a-una-red-narcotraficante-senalada-de-enviar-estupefacientes-a-espana\/"},"author":{"name":"Ana Mar\u00eda Gomez","@id":"https:\/\/www.fiscalia.gov.co\/colombia\/#\/schema\/person\/06aa2210fe4d79203f428ff671dee360"},"headline":"Medidas cautelares con fines de extinci\u00f3n de dominio a bienes que pertenecer\u00edan a una red narcotraficante se\u00f1alada de enviar estupefacientes a Espa\u00f1a","datePublished":"2021-08-06T16:06:56+00:00","dateModified":"2021-08-12T21:46:18+00:00","mainEntityOfPage":{"@id":"https:\/\/www.fiscalia.gov.co\/colombia\/noticias\/medidas-cautelares-con-fines-de-extincion-de-dominio-a-bienes-que-pertenecerian-a-una-red-narcotraficante-senalada-de-enviar-estupefacientes-a-espana\/"},"wordCount":380,"publisher":{"@id":"https:\/\/www.fiscalia.gov.co\/colombia\/#organization"},"articleSection":["Extinci\u00f3n de dominio","Noticias"],"inLanguage":"es-CO"},{"@type":"WebPage","@id":"https:\/\/www.fiscalia.gov.co\/colombia\/noticias\/medidas-cautelares-con-fines-de-extincion-de-dominio-a-bienes-que-pertenecerian-a-una-red-narcotraficante-senalada-de-enviar-estupefacientes-a-espana\/","url":"https:\/\/www.fiscalia.gov.co\/colombia\/noticias\/medidas-cautelares-con-fines-de-extincion-de-dominio-a-bienes-que-pertenecerian-a-una-red-narcotraficante-senalada-de-enviar-estupefacientes-a-espana\/","name":"Fiscal\u00eda General de la Naci\u00f3n","isPartOf":{"@id":"https:\/\/www.fiscalia.gov.co\/colombia\/#website"},"datePublished":"2021-08-06T16:06:56+00:00","dateModified":"2021-08-12T21:46:18+00:00","description":"P\u00e1gina oficial de la Fiscal\u00eda General de la Naci\u00f3n \u2013 Colombia. Garantizamos el acceso efectivo a la justicia, la verdad y la reparaci\u00f3n de las v\u00edctimas de los delitos.","breadcrumb":{"@id":"https:\/\/www.fiscalia.gov.co\/colombia\/noticias\/medidas-cautelares-con-fines-de-extincion-de-dominio-a-bienes-que-pertenecerian-a-una-red-narcotraficante-senalada-de-enviar-estupefacientes-a-espana\/#breadcrumb"},"inLanguage":"es-CO","potentialAction":[{"@type":"ReadAction","target":["https:\/\/www.fiscalia.gov.co\/colombia\/noticias\/medidas-cautelares-con-fines-de-extincion-de-dominio-a-bienes-que-pertenecerian-a-una-red-narcotraficante-senalada-de-enviar-estupefacientes-a-espana\/"]}]},{"@type":"BreadcrumbList","@id":"https:\/\/www.fiscalia.gov.co\/colombia\/noticias\/medidas-cautelares-con-fines-de-extincion-de-dominio-a-bienes-que-pertenecerian-a-una-red-narcotraficante-senalada-de-enviar-estupefacientes-a-espana\/#breadcrumb","itemListElement":[{"@type":"ListItem","position":1,"name":"Home","item":"https:\/\/www.fiscalia.gov.co\/colombia\/"},{"@type":"ListItem","position":2,"name":"Medidas cautelares con fines de extinci\u00f3n de dominio a bienes que pertenecer\u00edan a una red narcotraficante se\u00f1alada de enviar estupefacientes a Espa\u00f1a"}]},{"@type":"WebSite","@id":"https:\/\/www.fiscalia.gov.co\/colombia\/#website","url":"https:\/\/www.fiscalia.gov.co\/colombia\/","name":"Fiscal\u00eda General de la Naci\u00f3n","description":"P\u00e1gina oficial de la Fiscal\u00eda General de la Naci\u00f3n \u2013 Colombia. Garantizamos el acceso efectivo a la justicia, la verdad y la reparaci\u00f3n de las v\u00edctimas de los delitos.","publisher":{"@id":"https:\/\/www.fiscalia.gov.co\/colombia\/#organization"},"potentialAction":[{"@type":"SearchAction","target":{"@type":"EntryPoint","urlTemplate":"https:\/\/www.fiscalia.gov.co\/colombia\/?s={search_term_string}"},"query-input":{"@type":"PropertyValueSpecification","valueRequired":true,"valueName":"search_term_string"}}],"inLanguage":"es-CO"},{"@type":"Organization","@id":"https:\/\/www.fiscalia.gov.co\/colombia\/#organization","name":"Fiscal\u00eda General de la Naci\u00f3n","url":"https:\/\/www.fiscalia.gov.co\/colombia\/","logo":{"@type":"ImageObject","inLanguage":"es-CO","@id":"https:\/\/www.fiscalia.gov.co\/colombia\/#\/schema\/logo\/image\/","url":"https:\/\/www.fiscalia.gov.co\/colombia\/wp-content\/uploads\/LogoHorizontal_1.jpg","contentUrl":"https:\/\/www.fiscalia.gov.co\/colombia\/wp-content\/uploads\/LogoHorizontal_1.jpg","width":300,"height":90,"caption":"Fiscal\u00eda General de la Naci\u00f3n"},"image":{"@id":"https:\/\/www.fiscalia.gov.co\/colombia\/#\/schema\/logo\/image\/"},"sameAs":["https:\/\/www.facebook.com\/FiscaliaCol","https:\/\/x.com\/FiscaliaCol","https:\/\/www.instagram.com\/fiscaliacol","https:\/\/www.linkedin.com\/company\/fiscalia-general-de-la-naci-n\/","https:\/\/youtube.com\/@fiscaliageneraldelanacion-4668?si=6nN79nyQICPU5iTh"]},{"@type":"Person","@id":"https:\/\/www.fiscalia.gov.co\/colombia\/#\/schema\/person\/06aa2210fe4d79203f428ff671dee360","name":"Ana Mar\u00eda Gomez","image":{"@type":"ImageObject","inLanguage":"es-CO","@id":"https:\/\/www.fiscalia.gov.co\/colombia\/#\/schema\/person\/image\/","url":"https:\/\/secure.gravatar.com\/avatar\/a38115d98a7f8a96cbb96af2b2c37a0b?s=96&d=mm&r=g","contentUrl":"https:\/\/secure.gravatar.com\/avatar\/a38115d98a7f8a96cbb96af2b2c37a0b?s=96&d=mm&r=g","caption":"Ana Mar\u00eda Gomez"},"url":"https:\/\/www.fiscalia.gov.co\/colombia\/author\/agomez\/"}]}},"_links":{"self":[{"href":"https:\/\/www.fiscalia.gov.co\/colombia\/wp-json\/wp\/v2\/posts\/226748","targetHints":{"allow":["GET"]}}],"collection":[{"href":"https:\/\/www.fiscalia.gov.co\/colombia\/wp-json\/wp\/v2\/posts"}],"about":[{"href":"https:\/\/www.fiscalia.gov.co\/colombia\/wp-json\/wp\/v2\/types\/post"}],"author":[{"embeddable":true,"href":"https:\/\/www.fiscalia.gov.co\/colombia\/wp-json\/wp\/v2\/users\/171"}],"replies":[{"embeddable":true,"href":"https:\/\/www.fiscalia.gov.co\/colombia\/wp-json\/wp\/v2\/comments?post=226748"}],"version-history":[{"count":1,"href":"https:\/\/www.fiscalia.gov.co\/colombia\/wp-json\/wp\/v2\/posts\/226748\/revisions"}],"predecessor-version":[{"id":226749,"href":"https:\/\/www.fiscalia.gov.co\/colombia\/wp-json\/wp\/v2\/posts\/226748\/revisions\/226749"}],"wp:attachment":[{"href":"https:\/\/www.fiscalia.gov.co\/colombia\/wp-json\/wp\/v2\/media?parent=226748"}],"wp:term":[{"taxonomy":"category","embeddable":true,"href":"https:\/\/www.fiscalia.gov.co\/colombia\/wp-json\/wp\/v2\/categories?post=226748"},{"taxonomy":"post_tag","embeddable":true,"href":"https:\/\/www.fiscalia.gov.co\/colombia\/wp-json\/wp\/v2\/tags?post=226748"}],"curies":[{"name":"wp","href":"https:\/\/api.w.org\/{rel}","templated":true}]}}