{"id":226231,"date":"2021-08-01T14:24:24","date_gmt":"2021-08-01T19:24:24","guid":{"rendered":"https:\/\/www.fiscalia.gov.co\/colombia\/?p=226231"},"modified":"2021-08-06T16:04:01","modified_gmt":"2021-08-06T21:04:01","slug":"fiscalia-imputa-a-presuntos-responsables-de-agresiones-contra-perros-en-valle-del-cauca-y-cundinamarca","status":"publish","type":"post","link":"https:\/\/www.fiscalia.gov.co\/colombia\/noticias\/fiscalia-imputa-a-presuntos-responsables-de-agresiones-contra-perros-en-valle-del-cauca-y-cundinamarca\/","title":{"rendered":"Fiscal\u00eda imputa a presuntos responsables de agresiones contra perros en Valle del Cauca y Cundinamarca\u00a0"},"content":{"rendered":"<h4 style=\"font-weight: 400;\"><strong><em>En uno de los casos, un animal habr\u00eda sido usado para actos sexuales.\u00a0<\/em><\/strong><\/h4>\n<p style=\"font-weight: 400;\">El trabajo investigativo de fiscales del Grupo Especial para la Lucha contra el Maltrato Animal (Gelma) permiti\u00f3 identificar y presentar ante jueces de control de garant\u00edas a dos hombres, que estar\u00edan\u00a0<a href=\"https:\/\/www.fiscalia.gov.co\/colombia\/noticias\/nuevas-acciones-judiciales-de-la-fiscalia-contra-presuntos-responsables-de-ataques-a-perros\/\" data-saferedirecturl=\"https:\/\/www.google.com\/url?q=https:\/\/www.fiscalia.gov.co\/colombia\/noticias\/nuevas-acciones-judiciales-de-la-fiscalia-contra-presuntos-responsables-de-ataques-a-perros\/&amp;source=gmail&amp;ust=1627910498043000&amp;usg=AFQjCNEs2RPwjSB6k0kSdBugqIarY2eVHA\">involucrados a dos hechos violentos contra perros, ocurridos en Palmira (Valle del Cauca) y Bogot\u00e1 (Cundinamarca).<\/a><\/p>\n<p style=\"font-weight: 400;\"><strong><u>Ataque a \u2018Ni\u00f1a\u2019\u00a0<\/u><\/strong><\/p>\n<p style=\"font-weight: 400;\">Por su presunta responsabilidad en la agresi\u00f3n a una perra llamada \u2018Ni\u00f1a\u2019,\u00a0<strong>la Fiscal\u00eda imput\u00f3 el delito de maltrato animal agravado a Francisco Javier Galvis Jaimes.\u00a0<\/strong><\/p>\n<p style=\"font-weight: 400;\">El 25 de febrero de 2020, la comunidad de Palmira (Valle del Cauca) alert\u00f3 a unidades de la Polic\u00eda Nacional sobre actos sexuales que se estar\u00edan cometiendo con una canina. Los uniformados verificaron la informaci\u00f3n, y encontraron al animal amarrado y con un comportamiento temeroso.<\/p>\n<p style=\"font-weight: 400;\">La perra fue trasladada a una veterinaria para su atenci\u00f3n. All\u00ed\u00a0<strong>los especialistas realizaron varias pruebas y ex\u00e1menes de laboratorio, y concluyeron que el animal presentaba traumas por haber sido abusada sexualmente.\u00a0<\/strong><\/p>\n<p style=\"font-weight: 400;\"><strong><u>Agresi\u00f3n mortal a \u2018Vie\u2019\u00a0<\/u><\/strong><\/p>\n<p style=\"font-weight: 400;\">El pasado 8 de julio, en un hecho de intolerancia,\u00a0<strong>Sebasti\u00e1n Deux Mora Hern\u00e1ndez, supuestamente, atac\u00f3 con arma blanca a \u2018Vie\u2019, una canina de propiedad de su hermana.\u00a0\u00a0<\/strong><\/p>\n<p style=\"font-weight: 400;\">De acuerdo con el material probatorio<strong>, el hombre lleg\u00f3 en estado de alteraci\u00f3n a la vivienda de su familiar en la localidad de Kennedy, en el suroccidente de Bogot\u00e1, y habr\u00eda agredido a la cachorra de ocho meses.<\/strong>\u00a0Por la gravedad de las heridas, el animal sufri\u00f3 un shock hipovol\u00e9mico y muri\u00f3. Mora Hern\u00e1ndez fue imputado por el delito de maltrato animal.<\/p>\n<p style=\"font-weight: 400;\">AMCJ\/JARG\/AG\/MCRC\/<\/p>\n<p style=\"font-weight: 400;\"><strong>La Fiscal\u00eda habla con resultados\u00a0<\/strong><\/p>\n<p>&nbsp;<\/p>\n<div class=\"td-post-content tagdiv-type\">\n<div><em><span lang=\"ES\">La informaci\u00f3n contenida en este bolet\u00edn de prensa corresponde a la narraci\u00f3n de los hechos noticiosos objetivos, suministrados por los funcionarios encargados de adelantar las investigaciones penales al interior de la Fiscal\u00eda General de la Naci\u00f3n. Para el momento de la divulgaci\u00f3n de este comunicado, la situaci\u00f3n jur\u00eddica de la(s) persona(s) relacionada(s) se encuentra pendiente de resolver por la autoridad judicial competente, siempre bajo los preceptos de la presunci\u00f3n de inocencia, consagrados en el art\u00edculo 29 de la Constituci\u00f3n Pol\u00edtica y el art\u00edculo 7\u00ba de la Ley 906 de 2004.<\/span><\/em><\/div>\n<div>\n<div>\n<div dir=\"ltr\">\n<div id=\"m_-6285038368917872861x_x_gmail-m_-8869105872915884614x_divtagdefaultwrapper\" dir=\"ltr\"><\/div>\n<\/div>\n<\/div>\n<\/div>\n<\/div>\n<footer>\n<div class=\"td-post-source-tags\"><\/div>\n<div class=\"td-post-sharing-bottom\"><\/div>\n<\/footer>\n\n<div class=\"twitter-share\"><a href=\"https:\/\/twitter.com\/intent\/tweet?via=fiscaliacol\" class=\"twitter-share-button\">Tweet<\/a><\/div>\n","protected":false},"excerpt":{"rendered":"<p>En uno de los casos, un animal habr\u00eda sido usado para actos sexuales.\u00a0 El trabajo investigativo de fiscales del Grupo Especial para la Lucha contra el Maltrato Animal (Gelma) permiti\u00f3 identificar y presentar ante jueces de control de garant\u00edas a dos hombres, que estar\u00edan\u00a0involucrados a dos hechos violentos contra perros, ocurridos en Palmira (Valle del [&hellip;]<\/p>\n","protected":false},"author":175,"featured_media":0,"comment_status":"closed","ping_status":"open","sticky":false,"template":"","format":"video","meta":{"_price":"","_stock":"","_tribe_ticket_header":"","_tribe_default_ticket_provider":"","_tribe_ticket_capacity":"0","_ticket_start_date":"","_ticket_end_date":"","_tribe_ticket_show_description":"","_tribe_ticket_show_not_going":false,"_tribe_ticket_use_global_stock":"","_tribe_ticket_global_stock_level":"","_global_stock_mode":"","_global_stock_cap":"","_tribe_rsvp_for_event":"","_tribe_ticket_going_count":"","_tribe_ticket_not_going_count":"","_tribe_tickets_list":"[]","_tribe_ticket_has_attendee_info_fields":false,"tdm_status":"","tdm_grid_status":"","footnotes":""},"categories":[24124,1],"tags":[24401,24189,18566],"class_list":{"0":"post-226231","1":"post","2":"type-post","3":"status-publish","4":"format-video","6":"category-dano-al-medio-ambiente","7":"category-noticias","8":"tag-fiscal-barbosa-delgado","9":"tag-fiscal-francisco-barbosa-delgado","10":"tag-maltrato-animal","11":"post_format-post-format-video"},"yoast_head":"<!-- This site is optimized with the Yoast SEO plugin v24.3 - https:\/\/yoast.com\/wordpress\/plugins\/seo\/ -->\n<title>Fiscal\u00eda General de la Naci\u00f3n<\/title>\n<meta name=\"description\" content=\"P\u00e1gina oficial de la Fiscal\u00eda General de la Naci\u00f3n \u2013 Colombia. Garantizamos el acceso efectivo a la justicia, la verdad y la reparaci\u00f3n de las v\u00edctimas de los delitos.\" \/>\n<meta name=\"robots\" content=\"noindex, follow\" \/>\n<meta property=\"og:locale\" content=\"es_ES\" \/>\n<meta property=\"og:type\" content=\"article\" \/>\n<meta property=\"og:title\" content=\"Fiscal\u00eda General de la Naci\u00f3n\" \/>\n<meta property=\"og:description\" content=\"P\u00e1gina oficial de la Fiscal\u00eda General de la Naci\u00f3n \u2013 Colombia. Garantizamos el acceso efectivo a la justicia, la verdad y la reparaci\u00f3n de las v\u00edctimas de los delitos.\" \/>\n<meta property=\"og:url\" content=\"https:\/\/www.fiscalia.gov.co\/colombia\/noticias\/fiscalia-imputa-a-presuntos-responsables-de-agresiones-contra-perros-en-valle-del-cauca-y-cundinamarca\/\" \/>\n<meta property=\"og:site_name\" content=\"Fiscal\u00eda General de la Naci\u00f3n\" \/>\n<meta property=\"article:publisher\" content=\"https:\/\/www.facebook.com\/FiscaliaCol\" \/>\n<meta property=\"article:published_time\" content=\"2021-08-01T19:24:24+00:00\" \/>\n<meta property=\"article:modified_time\" content=\"2021-08-06T21:04:01+00:00\" \/>\n<meta name=\"author\" content=\"Katherine Loaiza Mart\u00ednez\" \/>\n<meta name=\"twitter:card\" content=\"summary_large_image\" \/>\n<meta name=\"twitter:creator\" content=\"@FiscaliaCol\" \/>\n<meta name=\"twitter:site\" content=\"@FiscaliaCol\" \/>\n<meta name=\"twitter:label1\" content=\"Escrito por\" \/>\n\t<meta name=\"twitter:data1\" content=\"Katherine Loaiza Mart\u00ednez\" \/>\n\t<meta name=\"twitter:label2\" content=\"Tiempo de lectura\" \/>\n\t<meta name=\"twitter:data2\" content=\"2 minutos\" \/>\n<script type=\"application\/ld+json\" class=\"yoast-schema-graph\">{\"@context\":\"https:\/\/schema.org\",\"@graph\":[{\"@type\":\"Article\",\"@id\":\"https:\/\/www.fiscalia.gov.co\/colombia\/noticias\/fiscalia-imputa-a-presuntos-responsables-de-agresiones-contra-perros-en-valle-del-cauca-y-cundinamarca\/#article\",\"isPartOf\":{\"@id\":\"https:\/\/www.fiscalia.gov.co\/colombia\/noticias\/fiscalia-imputa-a-presuntos-responsables-de-agresiones-contra-perros-en-valle-del-cauca-y-cundinamarca\/\"},\"author\":{\"name\":\"Katherine Loaiza Mart\u00ednez\",\"@id\":\"https:\/\/www.fiscalia.gov.co\/colombia\/#\/schema\/person\/2e76b9aba5ecf875ed565ce4de0e0415\"},\"headline\":\"Fiscal\u00eda imputa a presuntos responsables de agresiones contra perros en Valle del Cauca y Cundinamarca\u00a0\",\"datePublished\":\"2021-08-01T19:24:24+00:00\",\"dateModified\":\"2021-08-06T21:04:01+00:00\",\"mainEntityOfPage\":{\"@id\":\"https:\/\/www.fiscalia.gov.co\/colombia\/noticias\/fiscalia-imputa-a-presuntos-responsables-de-agresiones-contra-perros-en-valle-del-cauca-y-cundinamarca\/\"},\"wordCount\":405,\"publisher\":{\"@id\":\"https:\/\/www.fiscalia.gov.co\/colombia\/#organization\"},\"keywords\":[\"Fiscal Barbosa Delgado\",\"Fiscal Francisco Barbosa Delgado\",\"Maltrato animal\"],\"articleSection\":[\"Da\u00f1o al medio ambiente\",\"Noticias\"],\"inLanguage\":\"es-CO\"},{\"@type\":\"WebPage\",\"@id\":\"https:\/\/www.fiscalia.gov.co\/colombia\/noticias\/fiscalia-imputa-a-presuntos-responsables-de-agresiones-contra-perros-en-valle-del-cauca-y-cundinamarca\/\",\"url\":\"https:\/\/www.fiscalia.gov.co\/colombia\/noticias\/fiscalia-imputa-a-presuntos-responsables-de-agresiones-contra-perros-en-valle-del-cauca-y-cundinamarca\/\",\"name\":\"Fiscal\u00eda General de la Naci\u00f3n\",\"isPartOf\":{\"@id\":\"https:\/\/www.fiscalia.gov.co\/colombia\/#website\"},\"datePublished\":\"2021-08-01T19:24:24+00:00\",\"dateModified\":\"2021-08-06T21:04:01+00:00\",\"description\":\"P\u00e1gina oficial de la Fiscal\u00eda General de la Naci\u00f3n \u2013 Colombia. Garantizamos el acceso efectivo a la justicia, la verdad y la reparaci\u00f3n de las v\u00edctimas de los delitos.\",\"breadcrumb\":{\"@id\":\"https:\/\/www.fiscalia.gov.co\/colombia\/noticias\/fiscalia-imputa-a-presuntos-responsables-de-agresiones-contra-perros-en-valle-del-cauca-y-cundinamarca\/#breadcrumb\"},\"inLanguage\":\"es-CO\",\"potentialAction\":[{\"@type\":\"ReadAction\",\"target\":[\"https:\/\/www.fiscalia.gov.co\/colombia\/noticias\/fiscalia-imputa-a-presuntos-responsables-de-agresiones-contra-perros-en-valle-del-cauca-y-cundinamarca\/\"]}]},{\"@type\":\"BreadcrumbList\",\"@id\":\"https:\/\/www.fiscalia.gov.co\/colombia\/noticias\/fiscalia-imputa-a-presuntos-responsables-de-agresiones-contra-perros-en-valle-del-cauca-y-cundinamarca\/#breadcrumb\",\"itemListElement\":[{\"@type\":\"ListItem\",\"position\":1,\"name\":\"Home\",\"item\":\"https:\/\/www.fiscalia.gov.co\/colombia\/\"},{\"@type\":\"ListItem\",\"position\":2,\"name\":\"Fiscal\u00eda imputa a presuntos responsables de agresiones contra perros en Valle del Cauca y Cundinamarca\u00a0\"}]},{\"@type\":\"WebSite\",\"@id\":\"https:\/\/www.fiscalia.gov.co\/colombia\/#website\",\"url\":\"https:\/\/www.fiscalia.gov.co\/colombia\/\",\"name\":\"Fiscal\u00eda General de la Naci\u00f3n\",\"description\":\"P\u00e1gina oficial de la Fiscal\u00eda General de la Naci\u00f3n \u2013 Colombia. Garantizamos el acceso efectivo a la justicia, la verdad y la reparaci\u00f3n de las v\u00edctimas de los delitos.\",\"publisher\":{\"@id\":\"https:\/\/www.fiscalia.gov.co\/colombia\/#organization\"},\"potentialAction\":[{\"@type\":\"SearchAction\",\"target\":{\"@type\":\"EntryPoint\",\"urlTemplate\":\"https:\/\/www.fiscalia.gov.co\/colombia\/?s={search_term_string}\"},\"query-input\":{\"@type\":\"PropertyValueSpecification\",\"valueRequired\":true,\"valueName\":\"search_term_string\"}}],\"inLanguage\":\"es-CO\"},{\"@type\":\"Organization\",\"@id\":\"https:\/\/www.fiscalia.gov.co\/colombia\/#organization\",\"name\":\"Fiscal\u00eda General de la Naci\u00f3n\",\"url\":\"https:\/\/www.fiscalia.gov.co\/colombia\/\",\"logo\":{\"@type\":\"ImageObject\",\"inLanguage\":\"es-CO\",\"@id\":\"https:\/\/www.fiscalia.gov.co\/colombia\/#\/schema\/logo\/image\/\",\"url\":\"https:\/\/www.fiscalia.gov.co\/colombia\/wp-content\/uploads\/LogoHorizontal_1.jpg\",\"contentUrl\":\"https:\/\/www.fiscalia.gov.co\/colombia\/wp-content\/uploads\/LogoHorizontal_1.jpg\",\"width\":300,\"height\":90,\"caption\":\"Fiscal\u00eda General de la Naci\u00f3n\"},\"image\":{\"@id\":\"https:\/\/www.fiscalia.gov.co\/colombia\/#\/schema\/logo\/image\/\"},\"sameAs\":[\"https:\/\/www.facebook.com\/FiscaliaCol\",\"https:\/\/x.com\/FiscaliaCol\",\"https:\/\/www.instagram.com\/fiscaliacol\",\"https:\/\/www.linkedin.com\/company\/fiscalia-general-de-la-naci-n\/\",\"https:\/\/youtube.com\/@fiscaliageneraldelanacion-4668?si=6nN79nyQICPU5iTh\"]},{\"@type\":\"Person\",\"@id\":\"https:\/\/www.fiscalia.gov.co\/colombia\/#\/schema\/person\/2e76b9aba5ecf875ed565ce4de0e0415\",\"name\":\"Katherine Loaiza Mart\u00ednez\",\"image\":{\"@type\":\"ImageObject\",\"inLanguage\":\"es-CO\",\"@id\":\"https:\/\/www.fiscalia.gov.co\/colombia\/#\/schema\/person\/image\/\",\"url\":\"https:\/\/secure.gravatar.com\/avatar\/ab775a2f394c1b83b6d6f78680e57b50?s=96&d=mm&r=g\",\"contentUrl\":\"https:\/\/secure.gravatar.com\/avatar\/ab775a2f394c1b83b6d6f78680e57b50?s=96&d=mm&r=g\",\"caption\":\"Katherine Loaiza Mart\u00ednez\"},\"url\":\"https:\/\/www.fiscalia.gov.co\/colombia\/author\/kloaiza\/\"}]}<\/script>\n<!-- \/ Yoast SEO plugin. -->","yoast_head_json":{"title":"Fiscal\u00eda General de la Naci\u00f3n","description":"P\u00e1gina oficial de la Fiscal\u00eda General de la Naci\u00f3n \u2013 Colombia. Garantizamos el acceso efectivo a la justicia, la verdad y la reparaci\u00f3n de las v\u00edctimas de los delitos.","robots":{"index":"noindex","follow":"follow"},"og_locale":"es_ES","og_type":"article","og_title":"Fiscal\u00eda General de la Naci\u00f3n","og_description":"P\u00e1gina oficial de la Fiscal\u00eda General de la Naci\u00f3n \u2013 Colombia. Garantizamos el acceso efectivo a la justicia, la verdad y la reparaci\u00f3n de las v\u00edctimas de los delitos.","og_url":"https:\/\/www.fiscalia.gov.co\/colombia\/noticias\/fiscalia-imputa-a-presuntos-responsables-de-agresiones-contra-perros-en-valle-del-cauca-y-cundinamarca\/","og_site_name":"Fiscal\u00eda General de la Naci\u00f3n","article_publisher":"https:\/\/www.facebook.com\/FiscaliaCol","article_published_time":"2021-08-01T19:24:24+00:00","article_modified_time":"2021-08-06T21:04:01+00:00","author":"Katherine Loaiza Mart\u00ednez","twitter_card":"summary_large_image","twitter_creator":"@FiscaliaCol","twitter_site":"@FiscaliaCol","twitter_misc":{"Escrito por":"Katherine Loaiza Mart\u00ednez","Tiempo de lectura":"2 minutos"},"schema":{"@context":"https:\/\/schema.org","@graph":[{"@type":"Article","@id":"https:\/\/www.fiscalia.gov.co\/colombia\/noticias\/fiscalia-imputa-a-presuntos-responsables-de-agresiones-contra-perros-en-valle-del-cauca-y-cundinamarca\/#article","isPartOf":{"@id":"https:\/\/www.fiscalia.gov.co\/colombia\/noticias\/fiscalia-imputa-a-presuntos-responsables-de-agresiones-contra-perros-en-valle-del-cauca-y-cundinamarca\/"},"author":{"name":"Katherine Loaiza Mart\u00ednez","@id":"https:\/\/www.fiscalia.gov.co\/colombia\/#\/schema\/person\/2e76b9aba5ecf875ed565ce4de0e0415"},"headline":"Fiscal\u00eda imputa a presuntos responsables de agresiones contra perros en Valle del Cauca y Cundinamarca\u00a0","datePublished":"2021-08-01T19:24:24+00:00","dateModified":"2021-08-06T21:04:01+00:00","mainEntityOfPage":{"@id":"https:\/\/www.fiscalia.gov.co\/colombia\/noticias\/fiscalia-imputa-a-presuntos-responsables-de-agresiones-contra-perros-en-valle-del-cauca-y-cundinamarca\/"},"wordCount":405,"publisher":{"@id":"https:\/\/www.fiscalia.gov.co\/colombia\/#organization"},"keywords":["Fiscal Barbosa Delgado","Fiscal Francisco Barbosa Delgado","Maltrato animal"],"articleSection":["Da\u00f1o al medio ambiente","Noticias"],"inLanguage":"es-CO"},{"@type":"WebPage","@id":"https:\/\/www.fiscalia.gov.co\/colombia\/noticias\/fiscalia-imputa-a-presuntos-responsables-de-agresiones-contra-perros-en-valle-del-cauca-y-cundinamarca\/","url":"https:\/\/www.fiscalia.gov.co\/colombia\/noticias\/fiscalia-imputa-a-presuntos-responsables-de-agresiones-contra-perros-en-valle-del-cauca-y-cundinamarca\/","name":"Fiscal\u00eda General de la Naci\u00f3n","isPartOf":{"@id":"https:\/\/www.fiscalia.gov.co\/colombia\/#website"},"datePublished":"2021-08-01T19:24:24+00:00","dateModified":"2021-08-06T21:04:01+00:00","description":"P\u00e1gina oficial de la Fiscal\u00eda General de la Naci\u00f3n \u2013 Colombia. Garantizamos el acceso efectivo a la justicia, la verdad y la reparaci\u00f3n de las v\u00edctimas de los delitos.","breadcrumb":{"@id":"https:\/\/www.fiscalia.gov.co\/colombia\/noticias\/fiscalia-imputa-a-presuntos-responsables-de-agresiones-contra-perros-en-valle-del-cauca-y-cundinamarca\/#breadcrumb"},"inLanguage":"es-CO","potentialAction":[{"@type":"ReadAction","target":["https:\/\/www.fiscalia.gov.co\/colombia\/noticias\/fiscalia-imputa-a-presuntos-responsables-de-agresiones-contra-perros-en-valle-del-cauca-y-cundinamarca\/"]}]},{"@type":"BreadcrumbList","@id":"https:\/\/www.fiscalia.gov.co\/colombia\/noticias\/fiscalia-imputa-a-presuntos-responsables-de-agresiones-contra-perros-en-valle-del-cauca-y-cundinamarca\/#breadcrumb","itemListElement":[{"@type":"ListItem","position":1,"name":"Home","item":"https:\/\/www.fiscalia.gov.co\/colombia\/"},{"@type":"ListItem","position":2,"name":"Fiscal\u00eda imputa a presuntos responsables de agresiones contra perros en Valle del Cauca y Cundinamarca\u00a0"}]},{"@type":"WebSite","@id":"https:\/\/www.fiscalia.gov.co\/colombia\/#website","url":"https:\/\/www.fiscalia.gov.co\/colombia\/","name":"Fiscal\u00eda General de la Naci\u00f3n","description":"P\u00e1gina oficial de la Fiscal\u00eda General de la Naci\u00f3n \u2013 Colombia. Garantizamos el acceso efectivo a la justicia, la verdad y la reparaci\u00f3n de las v\u00edctimas de los delitos.","publisher":{"@id":"https:\/\/www.fiscalia.gov.co\/colombia\/#organization"},"potentialAction":[{"@type":"SearchAction","target":{"@type":"EntryPoint","urlTemplate":"https:\/\/www.fiscalia.gov.co\/colombia\/?s={search_term_string}"},"query-input":{"@type":"PropertyValueSpecification","valueRequired":true,"valueName":"search_term_string"}}],"inLanguage":"es-CO"},{"@type":"Organization","@id":"https:\/\/www.fiscalia.gov.co\/colombia\/#organization","name":"Fiscal\u00eda General de la Naci\u00f3n","url":"https:\/\/www.fiscalia.gov.co\/colombia\/","logo":{"@type":"ImageObject","inLanguage":"es-CO","@id":"https:\/\/www.fiscalia.gov.co\/colombia\/#\/schema\/logo\/image\/","url":"https:\/\/www.fiscalia.gov.co\/colombia\/wp-content\/uploads\/LogoHorizontal_1.jpg","contentUrl":"https:\/\/www.fiscalia.gov.co\/colombia\/wp-content\/uploads\/LogoHorizontal_1.jpg","width":300,"height":90,"caption":"Fiscal\u00eda General de la Naci\u00f3n"},"image":{"@id":"https:\/\/www.fiscalia.gov.co\/colombia\/#\/schema\/logo\/image\/"},"sameAs":["https:\/\/www.facebook.com\/FiscaliaCol","https:\/\/x.com\/FiscaliaCol","https:\/\/www.instagram.com\/fiscaliacol","https:\/\/www.linkedin.com\/company\/fiscalia-general-de-la-naci-n\/","https:\/\/youtube.com\/@fiscaliageneraldelanacion-4668?si=6nN79nyQICPU5iTh"]},{"@type":"Person","@id":"https:\/\/www.fiscalia.gov.co\/colombia\/#\/schema\/person\/2e76b9aba5ecf875ed565ce4de0e0415","name":"Katherine Loaiza Mart\u00ednez","image":{"@type":"ImageObject","inLanguage":"es-CO","@id":"https:\/\/www.fiscalia.gov.co\/colombia\/#\/schema\/person\/image\/","url":"https:\/\/secure.gravatar.com\/avatar\/ab775a2f394c1b83b6d6f78680e57b50?s=96&d=mm&r=g","contentUrl":"https:\/\/secure.gravatar.com\/avatar\/ab775a2f394c1b83b6d6f78680e57b50?s=96&d=mm&r=g","caption":"Katherine Loaiza Mart\u00ednez"},"url":"https:\/\/www.fiscalia.gov.co\/colombia\/author\/kloaiza\/"}]}},"_links":{"self":[{"href":"https:\/\/www.fiscalia.gov.co\/colombia\/wp-json\/wp\/v2\/posts\/226231","targetHints":{"allow":["GET"]}}],"collection":[{"href":"https:\/\/www.fiscalia.gov.co\/colombia\/wp-json\/wp\/v2\/posts"}],"about":[{"href":"https:\/\/www.fiscalia.gov.co\/colombia\/wp-json\/wp\/v2\/types\/post"}],"author":[{"embeddable":true,"href":"https:\/\/www.fiscalia.gov.co\/colombia\/wp-json\/wp\/v2\/users\/175"}],"replies":[{"embeddable":true,"href":"https:\/\/www.fiscalia.gov.co\/colombia\/wp-json\/wp\/v2\/comments?post=226231"}],"version-history":[{"count":1,"href":"https:\/\/www.fiscalia.gov.co\/colombia\/wp-json\/wp\/v2\/posts\/226231\/revisions"}],"predecessor-version":[{"id":226232,"href":"https:\/\/www.fiscalia.gov.co\/colombia\/wp-json\/wp\/v2\/posts\/226231\/revisions\/226232"}],"wp:attachment":[{"href":"https:\/\/www.fiscalia.gov.co\/colombia\/wp-json\/wp\/v2\/media?parent=226231"}],"wp:term":[{"taxonomy":"category","embeddable":true,"href":"https:\/\/www.fiscalia.gov.co\/colombia\/wp-json\/wp\/v2\/categories?post=226231"},{"taxonomy":"post_tag","embeddable":true,"href":"https:\/\/www.fiscalia.gov.co\/colombia\/wp-json\/wp\/v2\/tags?post=226231"}],"curies":[{"name":"wp","href":"https:\/\/api.w.org\/{rel}","templated":true}]}}