{"id":226102,"date":"2021-07-30T12:12:31","date_gmt":"2021-07-30T17:12:31","guid":{"rendered":"https:\/\/www.fiscalia.gov.co\/colombia\/?p=226102"},"modified":"2021-08-09T11:17:20","modified_gmt":"2021-08-09T16:17:20","slug":"habitantes-de-popayan-cuentan-ahora-con-una-nueva-sede-de-la-fiscalia","status":"publish","type":"post","link":"https:\/\/www.fiscalia.gov.co\/colombia\/noticias\/habitantes-de-popayan-cuentan-ahora-con-una-nueva-sede-de-la-fiscalia\/","title":{"rendered":"Habitantes de Popay\u00e1n cuentan ahora con una nueva sede de la Fiscal\u00eda"},"content":{"rendered":"<blockquote>\n<h4 class=\"x_MsoNormal\" style=\"text-align: left;\"><strong><i>La Unidad de Reacci\u00f3n Inmediata (URI), los centros de atenci\u00f3n a v\u00edctimas de abuso sexual y violencia intrafamiliar (Caivas y Cavif), as\u00ed como la Unidad de Responsabilidad Penal para Adolesscentes (Urpa) despachar\u00e1n en el edificio El Ariete, en el centro hist\u00f3rico de Popay\u00e1n.<\/i><\/strong><\/h4>\n<\/blockquote>\n<p class=\"x_MsoNormal\"><span lang=\"ES\">Con el prop\u00f3sito de fortalecer el acceso de los colombianos a la justicia, la Fiscal\u00eda General de la Naci\u00f3n estableci\u00f3 una\u00a0<\/span><a href=\"https:\/\/www.fiscalia.gov.co\/colombia\/seccionales\/entregan-nueva-sede-de-la-fiscalia-para-el-municipio-de-montenegro-quindio\/\" target=\"_blank\" rel=\"noopener noreferrer\"><span lang=\"ES\">nueva sede de la Fiscal\u00eda<\/span><\/a><span lang=\"ES\">, ubicada en la ciudad de Popay\u00e1n (Cauca), donde funcionar\u00e1n la Unidad de Reacci\u00f3n Inmediata (URI), los centros de atenci\u00f3n a v\u00edctimas de abuso sexual y violencia intrafamiliar (Caivas y Cavif), as\u00ed como la Unidad de Responsabilidad Penal para Adolescentes (Urpa).<\/span><\/p>\n<figure id=\"attachment_226104\" aria-describedby=\"caption-attachment-226104\" style=\"width: 696px\" class=\"wp-caption alignleft\"><img loading=\"lazy\" decoding=\"async\" class=\"size-large wp-image-226104\" src=\"https:\/\/www.fiscalia.gov.co\/colombia\/wp-content\/uploads\/Foto-1--1024x576.jpg\" alt=\"\" width=\"696\" height=\"392\" srcset=\"https:\/\/www.fiscalia.gov.co\/colombia\/wp-content\/uploads\/Foto-1--1024x576.jpg 1024w, https:\/\/www.fiscalia.gov.co\/colombia\/wp-content\/uploads\/Foto-1--300x169.jpg 300w, https:\/\/www.fiscalia.gov.co\/colombia\/wp-content\/uploads\/Foto-1--768x432.jpg 768w, https:\/\/www.fiscalia.gov.co\/colombia\/wp-content\/uploads\/Foto-1--696x392.jpg 696w, https:\/\/www.fiscalia.gov.co\/colombia\/wp-content\/uploads\/Foto-1--1068x601.jpg 1068w, https:\/\/www.fiscalia.gov.co\/colombia\/wp-content\/uploads\/Foto-1--747x420.jpg 747w, https:\/\/www.fiscalia.gov.co\/colombia\/wp-content\/uploads\/Foto-1-.jpg 1280w\" sizes=\"auto, (max-width: 696px) 100vw, 696px\" \/><figcaption id=\"caption-attachment-226104\" class=\"wp-caption-text\">El director seccional de fiscal\u00edas Cauca, Gustavo Alfredo Monta\u00f1a Montoya, invit\u00f3 a los funcionarios y servidores de la instituci\u00f3n a continuar prestando un buen servicio a los ciudadanos.<\/figcaption><\/figure>\n<p class=\"x_MsoNormal\"><span lang=\"ES\">Las nuevas instalaciones se trasladaron al edificio El Ariete, ubicado en la Carrera 10 # 4-14, en el centro hist\u00f3rico de la capital caucana; un lugar estrat\u00e9gico para prestar un mejor servicio a la ciudadan\u00eda y un apoyo a las autoridades de la ciudad.<\/span><\/p>\n<p class=\"x_MsoNormal\"><span lang=\"ES\">En estas instalaciones operar\u00e1n los diferentes despachos de los fiscales y sus asistentes; as\u00ed como el grupo de investigadores del Cuerpo T\u00e9cnico de Investigaci\u00f3n (CTI) y de la Polic\u00eda Nacional.<\/span><span lang=\"ES\">\u00a0<\/span><\/p>\n<p class=\"x_MsoNormal\"><span lang=\"ES\">Asimismo, se articular\u00e1n los servicios del Instituto Colombiano de Bienestar Familiar (Icbf) y la Defensor\u00eda del Pueblo. Alrededor de 78 funcionarios atender\u00e1n en las diferentes \u00e1reas asignadas, las 24 horas del d\u00eda.<\/span><\/p>\n<p class=\"x_MsoNormal\"><span lang=\"ES\">De esta manera se restablece totalmente el servicio p\u00fablico de la administraci\u00f3n de justicia que se vio afectado desde el pasado 14 de mayo por manifestaciones violentas, donde result\u00f3 afectada la antigua sede de la URI y del Instituto Nacional de Medicina Legal y Ciencias Forenses.<\/span><\/p>\n<p class=\"x_MsoNormal\">La edificaci\u00f3n cuenta con un \u00e1rea de 1.320 m2, distribuidos en tres niveles, acondicionados con el sistema de oficina abierta que garantiza el acceso c\u00f3modo y seguro, al tiempo que contar\u00e1 con todos los protocolos de bioseguridad establecidos en las normas sanitarias para los ciudadanos y los funcionarios.<\/p>\n<p class=\"x_MsoNormal\">\u201cEl objetivo es brindar una atenci\u00f3n permanente y brindar el acceso inmediato a los servicios de la justicia los siete d\u00edas de semanas y las 24 horas del d\u00eda\u201d, afirm\u00f3 el director seccional de fiscal\u00edas del Cauca, Gustavo Alfredo Monta\u00f1a Montoya.<\/p>\n<p class=\"x_MsoNormal\">La nueva sede fue entregada a la seccional, por la Subdirectora Regional de Apoyo del Pac\u00edfico\u00a0(E) Olga Luc\u00eda Salazar Duque.<\/p>\n<p class=\"x_MsoNormal\">MAP\/OSP\/LMBG<\/p>\n\n<div class=\"twitter-share\"><a href=\"https:\/\/twitter.com\/intent\/tweet?via=fiscaliacol\" class=\"twitter-share-button\">Tweet<\/a><\/div>\n","protected":false},"excerpt":{"rendered":"<p>La Unidad de Reacci\u00f3n Inmediata (URI), los centros de atenci\u00f3n a v\u00edctimas de abuso sexual y violencia intrafamiliar (Caivas y Cavif), as\u00ed como la Unidad de Responsabilidad Penal para Adolesscentes (Urpa) despachar\u00e1n en el edificio El Ariete, en el centro hist\u00f3rico de Popay\u00e1n. Con el prop\u00f3sito de fortalecer el acceso de los colombianos a la [&hellip;]<\/p>\n","protected":false},"author":171,"featured_media":0,"comment_status":"closed","ping_status":"open","sticky":false,"template":"","format":"video","meta":{"tdm_status":"","tdm_grid_status":"","footnotes":""},"categories":[1,336,303,24099],"tags":[26012,2245,1330,14652,28181,28180,78,24187,28183,28184,30,28182],"class_list":{"0":"post-226102","1":"post","2":"type-post","3":"status-publish","4":"format-video","6":"category-noticias","7":"category-seccional-popayan","8":"category-seccionales","9":"category-seguridad-territorial","10":"tag-acceso-a-la-justicia","11":"tag-caivas","12":"tag-cavif","13":"tag-ciudadania","14":"tag-edificio-el-ariete","15":"tag-entrega-de-sede","16":"tag-fiscal-general-de-la-nacion","17":"tag-fiscalia-colombia","18":"tag-fortalecer","19":"tag-mejor-servicio","20":"tag-uri","21":"tag-usuario","22":"post_format-post-format-video"},"yoast_head":"<!-- This site is optimized with the Yoast SEO plugin v24.3 - https:\/\/yoast.com\/wordpress\/plugins\/seo\/ -->\n<title>Fiscal\u00eda General de la Naci\u00f3n<\/title>\n<meta name=\"description\" content=\"P\u00e1gina oficial de la Fiscal\u00eda General de la Naci\u00f3n \u2013 Colombia. Garantizamos el acceso efectivo a la justicia, la verdad y la reparaci\u00f3n de las v\u00edctimas de los delitos.\" \/>\n<meta name=\"robots\" content=\"noindex, follow\" \/>\n<meta property=\"og:locale\" content=\"es_ES\" \/>\n<meta property=\"og:type\" content=\"article\" \/>\n<meta property=\"og:title\" content=\"Fiscal\u00eda General de la Naci\u00f3n\" \/>\n<meta property=\"og:description\" content=\"P\u00e1gina oficial de la Fiscal\u00eda General de la Naci\u00f3n \u2013 Colombia. Garantizamos el acceso efectivo a la justicia, la verdad y la reparaci\u00f3n de las v\u00edctimas de los delitos.\" \/>\n<meta property=\"og:url\" content=\"https:\/\/www.fiscalia.gov.co\/colombia\/noticias\/habitantes-de-popayan-cuentan-ahora-con-una-nueva-sede-de-la-fiscalia\/\" \/>\n<meta property=\"og:site_name\" content=\"Fiscal\u00eda General de la Naci\u00f3n\" \/>\n<meta property=\"article:publisher\" content=\"https:\/\/www.facebook.com\/FiscaliaCol\" \/>\n<meta property=\"article:published_time\" content=\"2021-07-30T17:12:31+00:00\" \/>\n<meta property=\"article:modified_time\" content=\"2021-08-09T16:17:20+00:00\" \/>\n<meta property=\"og:image\" content=\"https:\/\/www.fiscalia.gov.co\/colombia\/wp-content\/uploads\/Foto-1--1024x576.jpg\" \/>\n<meta name=\"author\" content=\"Ana Mar\u00eda Gomez\" \/>\n<meta name=\"twitter:card\" content=\"summary_large_image\" \/>\n<meta name=\"twitter:creator\" content=\"@FiscaliaCol\" \/>\n<meta name=\"twitter:site\" content=\"@FiscaliaCol\" \/>\n<meta name=\"twitter:label1\" content=\"Escrito por\" \/>\n\t<meta name=\"twitter:data1\" content=\"Ana Mar\u00eda Gomez\" \/>\n\t<meta name=\"twitter:label2\" content=\"Tiempo de lectura\" \/>\n\t<meta name=\"twitter:data2\" content=\"2 minutos\" \/>\n<script type=\"application\/ld+json\" class=\"yoast-schema-graph\">{\"@context\":\"https:\/\/schema.org\",\"@graph\":[{\"@type\":\"Article\",\"@id\":\"https:\/\/www.fiscalia.gov.co\/colombia\/noticias\/habitantes-de-popayan-cuentan-ahora-con-una-nueva-sede-de-la-fiscalia\/#article\",\"isPartOf\":{\"@id\":\"https:\/\/www.fiscalia.gov.co\/colombia\/noticias\/habitantes-de-popayan-cuentan-ahora-con-una-nueva-sede-de-la-fiscalia\/\"},\"author\":{\"name\":\"Ana Mar\u00eda Gomez\",\"@id\":\"https:\/\/www.fiscalia.gov.co\/colombia\/#\/schema\/person\/06aa2210fe4d79203f428ff671dee360\"},\"headline\":\"Habitantes de Popay\u00e1n cuentan ahora con una nueva sede de la Fiscal\u00eda\",\"datePublished\":\"2021-07-30T17:12:31+00:00\",\"dateModified\":\"2021-08-09T16:17:20+00:00\",\"mainEntityOfPage\":{\"@id\":\"https:\/\/www.fiscalia.gov.co\/colombia\/noticias\/habitantes-de-popayan-cuentan-ahora-con-una-nueva-sede-de-la-fiscalia\/\"},\"wordCount\":456,\"publisher\":{\"@id\":\"https:\/\/www.fiscalia.gov.co\/colombia\/#organization\"},\"image\":{\"@id\":\"https:\/\/www.fiscalia.gov.co\/colombia\/noticias\/habitantes-de-popayan-cuentan-ahora-con-una-nueva-sede-de-la-fiscalia\/#primaryimage\"},\"thumbnailUrl\":\"https:\/\/www.fiscalia.gov.co\/colombia\/wp-content\/uploads\/Foto-1--1024x576.jpg\",\"keywords\":[\"acceso a la justicia\",\"Caivas\",\"Cavif\",\"Ciudadan\u00eda\",\"edificio El Ariete\",\"entrega de sede\",\"Fiscal General de la Naci\u00f3n\",\"Fiscal\u00eda Colombia\",\"fortalecer\",\"mejor servicio.\",\"URI\",\"usuario\"],\"articleSection\":[\"Noticias\",\"Seccional Popay\u00e1n\",\"Seccionales\",\"Seguridad territorial\"],\"inLanguage\":\"es-CO\"},{\"@type\":\"WebPage\",\"@id\":\"https:\/\/www.fiscalia.gov.co\/colombia\/noticias\/habitantes-de-popayan-cuentan-ahora-con-una-nueva-sede-de-la-fiscalia\/\",\"url\":\"https:\/\/www.fiscalia.gov.co\/colombia\/noticias\/habitantes-de-popayan-cuentan-ahora-con-una-nueva-sede-de-la-fiscalia\/\",\"name\":\"Fiscal\u00eda General de la Naci\u00f3n\",\"isPartOf\":{\"@id\":\"https:\/\/www.fiscalia.gov.co\/colombia\/#website\"},\"primaryImageOfPage\":{\"@id\":\"https:\/\/www.fiscalia.gov.co\/colombia\/noticias\/habitantes-de-popayan-cuentan-ahora-con-una-nueva-sede-de-la-fiscalia\/#primaryimage\"},\"image\":{\"@id\":\"https:\/\/www.fiscalia.gov.co\/colombia\/noticias\/habitantes-de-popayan-cuentan-ahora-con-una-nueva-sede-de-la-fiscalia\/#primaryimage\"},\"thumbnailUrl\":\"https:\/\/www.fiscalia.gov.co\/colombia\/wp-content\/uploads\/Foto-1--1024x576.jpg\",\"datePublished\":\"2021-07-30T17:12:31+00:00\",\"dateModified\":\"2021-08-09T16:17:20+00:00\",\"description\":\"P\u00e1gina oficial de la Fiscal\u00eda General de la Naci\u00f3n \u2013 Colombia. Garantizamos el acceso efectivo a la justicia, la verdad y la reparaci\u00f3n de las v\u00edctimas de los delitos.\",\"breadcrumb\":{\"@id\":\"https:\/\/www.fiscalia.gov.co\/colombia\/noticias\/habitantes-de-popayan-cuentan-ahora-con-una-nueva-sede-de-la-fiscalia\/#breadcrumb\"},\"inLanguage\":\"es-CO\",\"potentialAction\":[{\"@type\":\"ReadAction\",\"target\":[\"https:\/\/www.fiscalia.gov.co\/colombia\/noticias\/habitantes-de-popayan-cuentan-ahora-con-una-nueva-sede-de-la-fiscalia\/\"]}]},{\"@type\":\"ImageObject\",\"inLanguage\":\"es-CO\",\"@id\":\"https:\/\/www.fiscalia.gov.co\/colombia\/noticias\/habitantes-de-popayan-cuentan-ahora-con-una-nueva-sede-de-la-fiscalia\/#primaryimage\",\"url\":\"https:\/\/www.fiscalia.gov.co\/colombia\/wp-content\/uploads\/Foto-1-.jpg\",\"contentUrl\":\"https:\/\/www.fiscalia.gov.co\/colombia\/wp-content\/uploads\/Foto-1-.jpg\",\"width\":1280,\"height\":720,\"caption\":\"El director seccional de fiscal\u00edas Cauca, Gustavo Alfredo Monta\u00f1a Montoya, invit\u00f3 a los funcionarios y servidores de la instituci\u00f3n a continuar prestando un buen servicio a los ciudadanos.\"},{\"@type\":\"BreadcrumbList\",\"@id\":\"https:\/\/www.fiscalia.gov.co\/colombia\/noticias\/habitantes-de-popayan-cuentan-ahora-con-una-nueva-sede-de-la-fiscalia\/#breadcrumb\",\"itemListElement\":[{\"@type\":\"ListItem\",\"position\":1,\"name\":\"Home\",\"item\":\"https:\/\/www.fiscalia.gov.co\/colombia\/\"},{\"@type\":\"ListItem\",\"position\":2,\"name\":\"Habitantes de Popay\u00e1n cuentan ahora con una nueva sede de la Fiscal\u00eda\"}]},{\"@type\":\"WebSite\",\"@id\":\"https:\/\/www.fiscalia.gov.co\/colombia\/#website\",\"url\":\"https:\/\/www.fiscalia.gov.co\/colombia\/\",\"name\":\"Fiscal\u00eda General de la Naci\u00f3n\",\"description\":\"P\u00e1gina oficial de la Fiscal\u00eda General de la Naci\u00f3n \u2013 Colombia. Garantizamos el acceso efectivo a la justicia, la verdad y la reparaci\u00f3n de las v\u00edctimas de los delitos.\",\"publisher\":{\"@id\":\"https:\/\/www.fiscalia.gov.co\/colombia\/#organization\"},\"potentialAction\":[{\"@type\":\"SearchAction\",\"target\":{\"@type\":\"EntryPoint\",\"urlTemplate\":\"https:\/\/www.fiscalia.gov.co\/colombia\/?s={search_term_string}\"},\"query-input\":{\"@type\":\"PropertyValueSpecification\",\"valueRequired\":true,\"valueName\":\"search_term_string\"}}],\"inLanguage\":\"es-CO\"},{\"@type\":\"Organization\",\"@id\":\"https:\/\/www.fiscalia.gov.co\/colombia\/#organization\",\"name\":\"Fiscal\u00eda General de la Naci\u00f3n\",\"url\":\"https:\/\/www.fiscalia.gov.co\/colombia\/\",\"logo\":{\"@type\":\"ImageObject\",\"inLanguage\":\"es-CO\",\"@id\":\"https:\/\/www.fiscalia.gov.co\/colombia\/#\/schema\/logo\/image\/\",\"url\":\"https:\/\/www.fiscalia.gov.co\/colombia\/wp-content\/uploads\/LogoHorizontal_1.jpg\",\"contentUrl\":\"https:\/\/www.fiscalia.gov.co\/colombia\/wp-content\/uploads\/LogoHorizontal_1.jpg\",\"width\":300,\"height\":90,\"caption\":\"Fiscal\u00eda General de la Naci\u00f3n\"},\"image\":{\"@id\":\"https:\/\/www.fiscalia.gov.co\/colombia\/#\/schema\/logo\/image\/\"},\"sameAs\":[\"https:\/\/www.facebook.com\/FiscaliaCol\",\"https:\/\/x.com\/FiscaliaCol\",\"https:\/\/www.instagram.com\/fiscaliacol\",\"https:\/\/www.linkedin.com\/company\/fiscalia-general-de-la-naci-n\/\",\"https:\/\/youtube.com\/@fiscaliageneraldelanacion-4668?si=6nN79nyQICPU5iTh\"]},{\"@type\":\"Person\",\"@id\":\"https:\/\/www.fiscalia.gov.co\/colombia\/#\/schema\/person\/06aa2210fe4d79203f428ff671dee360\",\"name\":\"Ana Mar\u00eda Gomez\",\"image\":{\"@type\":\"ImageObject\",\"inLanguage\":\"es-CO\",\"@id\":\"https:\/\/www.fiscalia.gov.co\/colombia\/#\/schema\/person\/image\/\",\"url\":\"https:\/\/secure.gravatar.com\/avatar\/a38115d98a7f8a96cbb96af2b2c37a0b?s=96&d=mm&r=g\",\"contentUrl\":\"https:\/\/secure.gravatar.com\/avatar\/a38115d98a7f8a96cbb96af2b2c37a0b?s=96&d=mm&r=g\",\"caption\":\"Ana Mar\u00eda Gomez\"},\"url\":\"https:\/\/www.fiscalia.gov.co\/colombia\/author\/agomez\/\"}]}<\/script>\n<!-- \/ Yoast SEO plugin. -->","yoast_head_json":{"title":"Fiscal\u00eda General de la Naci\u00f3n","description":"P\u00e1gina oficial de la Fiscal\u00eda General de la Naci\u00f3n \u2013 Colombia. Garantizamos el acceso efectivo a la justicia, la verdad y la reparaci\u00f3n de las v\u00edctimas de los delitos.","robots":{"index":"noindex","follow":"follow"},"og_locale":"es_ES","og_type":"article","og_title":"Fiscal\u00eda General de la Naci\u00f3n","og_description":"P\u00e1gina oficial de la Fiscal\u00eda General de la Naci\u00f3n \u2013 Colombia. Garantizamos el acceso efectivo a la justicia, la verdad y la reparaci\u00f3n de las v\u00edctimas de los delitos.","og_url":"https:\/\/www.fiscalia.gov.co\/colombia\/noticias\/habitantes-de-popayan-cuentan-ahora-con-una-nueva-sede-de-la-fiscalia\/","og_site_name":"Fiscal\u00eda General de la Naci\u00f3n","article_publisher":"https:\/\/www.facebook.com\/FiscaliaCol","article_published_time":"2021-07-30T17:12:31+00:00","article_modified_time":"2021-08-09T16:17:20+00:00","og_image":[{"url":"https:\/\/www.fiscalia.gov.co\/colombia\/wp-content\/uploads\/Foto-1--1024x576.jpg","type":"","width":"","height":""}],"author":"Ana Mar\u00eda Gomez","twitter_card":"summary_large_image","twitter_creator":"@FiscaliaCol","twitter_site":"@FiscaliaCol","twitter_misc":{"Escrito por":"Ana Mar\u00eda Gomez","Tiempo de lectura":"2 minutos"},"schema":{"@context":"https:\/\/schema.org","@graph":[{"@type":"Article","@id":"https:\/\/www.fiscalia.gov.co\/colombia\/noticias\/habitantes-de-popayan-cuentan-ahora-con-una-nueva-sede-de-la-fiscalia\/#article","isPartOf":{"@id":"https:\/\/www.fiscalia.gov.co\/colombia\/noticias\/habitantes-de-popayan-cuentan-ahora-con-una-nueva-sede-de-la-fiscalia\/"},"author":{"name":"Ana Mar\u00eda Gomez","@id":"https:\/\/www.fiscalia.gov.co\/colombia\/#\/schema\/person\/06aa2210fe4d79203f428ff671dee360"},"headline":"Habitantes de Popay\u00e1n cuentan ahora con una nueva sede de la Fiscal\u00eda","datePublished":"2021-07-30T17:12:31+00:00","dateModified":"2021-08-09T16:17:20+00:00","mainEntityOfPage":{"@id":"https:\/\/www.fiscalia.gov.co\/colombia\/noticias\/habitantes-de-popayan-cuentan-ahora-con-una-nueva-sede-de-la-fiscalia\/"},"wordCount":456,"publisher":{"@id":"https:\/\/www.fiscalia.gov.co\/colombia\/#organization"},"image":{"@id":"https:\/\/www.fiscalia.gov.co\/colombia\/noticias\/habitantes-de-popayan-cuentan-ahora-con-una-nueva-sede-de-la-fiscalia\/#primaryimage"},"thumbnailUrl":"https:\/\/www.fiscalia.gov.co\/colombia\/wp-content\/uploads\/Foto-1--1024x576.jpg","keywords":["acceso a la justicia","Caivas","Cavif","Ciudadan\u00eda","edificio El Ariete","entrega de sede","Fiscal General de la Naci\u00f3n","Fiscal\u00eda Colombia","fortalecer","mejor servicio.","URI","usuario"],"articleSection":["Noticias","Seccional Popay\u00e1n","Seccionales","Seguridad territorial"],"inLanguage":"es-CO"},{"@type":"WebPage","@id":"https:\/\/www.fiscalia.gov.co\/colombia\/noticias\/habitantes-de-popayan-cuentan-ahora-con-una-nueva-sede-de-la-fiscalia\/","url":"https:\/\/www.fiscalia.gov.co\/colombia\/noticias\/habitantes-de-popayan-cuentan-ahora-con-una-nueva-sede-de-la-fiscalia\/","name":"Fiscal\u00eda General de la Naci\u00f3n","isPartOf":{"@id":"https:\/\/www.fiscalia.gov.co\/colombia\/#website"},"primaryImageOfPage":{"@id":"https:\/\/www.fiscalia.gov.co\/colombia\/noticias\/habitantes-de-popayan-cuentan-ahora-con-una-nueva-sede-de-la-fiscalia\/#primaryimage"},"image":{"@id":"https:\/\/www.fiscalia.gov.co\/colombia\/noticias\/habitantes-de-popayan-cuentan-ahora-con-una-nueva-sede-de-la-fiscalia\/#primaryimage"},"thumbnailUrl":"https:\/\/www.fiscalia.gov.co\/colombia\/wp-content\/uploads\/Foto-1--1024x576.jpg","datePublished":"2021-07-30T17:12:31+00:00","dateModified":"2021-08-09T16:17:20+00:00","description":"P\u00e1gina oficial de la Fiscal\u00eda General de la Naci\u00f3n \u2013 Colombia. Garantizamos el acceso efectivo a la justicia, la verdad y la reparaci\u00f3n de las v\u00edctimas de los delitos.","breadcrumb":{"@id":"https:\/\/www.fiscalia.gov.co\/colombia\/noticias\/habitantes-de-popayan-cuentan-ahora-con-una-nueva-sede-de-la-fiscalia\/#breadcrumb"},"inLanguage":"es-CO","potentialAction":[{"@type":"ReadAction","target":["https:\/\/www.fiscalia.gov.co\/colombia\/noticias\/habitantes-de-popayan-cuentan-ahora-con-una-nueva-sede-de-la-fiscalia\/"]}]},{"@type":"ImageObject","inLanguage":"es-CO","@id":"https:\/\/www.fiscalia.gov.co\/colombia\/noticias\/habitantes-de-popayan-cuentan-ahora-con-una-nueva-sede-de-la-fiscalia\/#primaryimage","url":"https:\/\/www.fiscalia.gov.co\/colombia\/wp-content\/uploads\/Foto-1-.jpg","contentUrl":"https:\/\/www.fiscalia.gov.co\/colombia\/wp-content\/uploads\/Foto-1-.jpg","width":1280,"height":720,"caption":"El director seccional de fiscal\u00edas Cauca, Gustavo Alfredo Monta\u00f1a Montoya, invit\u00f3 a los funcionarios y servidores de la instituci\u00f3n a continuar prestando un buen servicio a los ciudadanos."},{"@type":"BreadcrumbList","@id":"https:\/\/www.fiscalia.gov.co\/colombia\/noticias\/habitantes-de-popayan-cuentan-ahora-con-una-nueva-sede-de-la-fiscalia\/#breadcrumb","itemListElement":[{"@type":"ListItem","position":1,"name":"Home","item":"https:\/\/www.fiscalia.gov.co\/colombia\/"},{"@type":"ListItem","position":2,"name":"Habitantes de Popay\u00e1n cuentan ahora con una nueva sede de la Fiscal\u00eda"}]},{"@type":"WebSite","@id":"https:\/\/www.fiscalia.gov.co\/colombia\/#website","url":"https:\/\/www.fiscalia.gov.co\/colombia\/","name":"Fiscal\u00eda General de la Naci\u00f3n","description":"P\u00e1gina oficial de la Fiscal\u00eda General de la Naci\u00f3n \u2013 Colombia. Garantizamos el acceso efectivo a la justicia, la verdad y la reparaci\u00f3n de las v\u00edctimas de los delitos.","publisher":{"@id":"https:\/\/www.fiscalia.gov.co\/colombia\/#organization"},"potentialAction":[{"@type":"SearchAction","target":{"@type":"EntryPoint","urlTemplate":"https:\/\/www.fiscalia.gov.co\/colombia\/?s={search_term_string}"},"query-input":{"@type":"PropertyValueSpecification","valueRequired":true,"valueName":"search_term_string"}}],"inLanguage":"es-CO"},{"@type":"Organization","@id":"https:\/\/www.fiscalia.gov.co\/colombia\/#organization","name":"Fiscal\u00eda General de la Naci\u00f3n","url":"https:\/\/www.fiscalia.gov.co\/colombia\/","logo":{"@type":"ImageObject","inLanguage":"es-CO","@id":"https:\/\/www.fiscalia.gov.co\/colombia\/#\/schema\/logo\/image\/","url":"https:\/\/www.fiscalia.gov.co\/colombia\/wp-content\/uploads\/LogoHorizontal_1.jpg","contentUrl":"https:\/\/www.fiscalia.gov.co\/colombia\/wp-content\/uploads\/LogoHorizontal_1.jpg","width":300,"height":90,"caption":"Fiscal\u00eda General de la Naci\u00f3n"},"image":{"@id":"https:\/\/www.fiscalia.gov.co\/colombia\/#\/schema\/logo\/image\/"},"sameAs":["https:\/\/www.facebook.com\/FiscaliaCol","https:\/\/x.com\/FiscaliaCol","https:\/\/www.instagram.com\/fiscaliacol","https:\/\/www.linkedin.com\/company\/fiscalia-general-de-la-naci-n\/","https:\/\/youtube.com\/@fiscaliageneraldelanacion-4668?si=6nN79nyQICPU5iTh"]},{"@type":"Person","@id":"https:\/\/www.fiscalia.gov.co\/colombia\/#\/schema\/person\/06aa2210fe4d79203f428ff671dee360","name":"Ana Mar\u00eda Gomez","image":{"@type":"ImageObject","inLanguage":"es-CO","@id":"https:\/\/www.fiscalia.gov.co\/colombia\/#\/schema\/person\/image\/","url":"https:\/\/secure.gravatar.com\/avatar\/a38115d98a7f8a96cbb96af2b2c37a0b?s=96&d=mm&r=g","contentUrl":"https:\/\/secure.gravatar.com\/avatar\/a38115d98a7f8a96cbb96af2b2c37a0b?s=96&d=mm&r=g","caption":"Ana Mar\u00eda Gomez"},"url":"https:\/\/www.fiscalia.gov.co\/colombia\/author\/agomez\/"}]}},"_links":{"self":[{"href":"https:\/\/www.fiscalia.gov.co\/colombia\/wp-json\/wp\/v2\/posts\/226102","targetHints":{"allow":["GET"]}}],"collection":[{"href":"https:\/\/www.fiscalia.gov.co\/colombia\/wp-json\/wp\/v2\/posts"}],"about":[{"href":"https:\/\/www.fiscalia.gov.co\/colombia\/wp-json\/wp\/v2\/types\/post"}],"author":[{"embeddable":true,"href":"https:\/\/www.fiscalia.gov.co\/colombia\/wp-json\/wp\/v2\/users\/171"}],"replies":[{"embeddable":true,"href":"https:\/\/www.fiscalia.gov.co\/colombia\/wp-json\/wp\/v2\/comments?post=226102"}],"version-history":[{"count":4,"href":"https:\/\/www.fiscalia.gov.co\/colombia\/wp-json\/wp\/v2\/posts\/226102\/revisions"}],"predecessor-version":[{"id":226107,"href":"https:\/\/www.fiscalia.gov.co\/colombia\/wp-json\/wp\/v2\/posts\/226102\/revisions\/226107"}],"wp:attachment":[{"href":"https:\/\/www.fiscalia.gov.co\/colombia\/wp-json\/wp\/v2\/media?parent=226102"}],"wp:term":[{"taxonomy":"category","embeddable":true,"href":"https:\/\/www.fiscalia.gov.co\/colombia\/wp-json\/wp\/v2\/categories?post=226102"},{"taxonomy":"post_tag","embeddable":true,"href":"https:\/\/www.fiscalia.gov.co\/colombia\/wp-json\/wp\/v2\/tags?post=226102"}],"curies":[{"name":"wp","href":"https:\/\/api.w.org\/{rel}","templated":true}]}}