{"id":225909,"date":"2021-07-29T07:12:17","date_gmt":"2021-07-29T12:12:17","guid":{"rendered":"https:\/\/www.fiscalia.gov.co\/colombia\/?p=225909"},"modified":"2021-07-29T07:12:38","modified_gmt":"2021-07-29T12:12:38","slug":"asegurados-presuntos-integrantes-de-la-primera-linea-en-antioquia-que-habrian-participado-en-actos-vandalicos","status":"publish","type":"post","link":"https:\/\/www.fiscalia.gov.co\/colombia\/noticias\/asegurados-presuntos-integrantes-de-la-primera-linea-en-antioquia-que-habrian-participado-en-actos-vandalicos\/","title":{"rendered":"Asegurados presuntos integrantes de la primera l\u00ednea en Antioquia que habr\u00edan participado en actos vand\u00e1licos"},"content":{"rendered":"<blockquote>\n<h4 style=\"text-align: left;\"><strong><em>Son cinco los procesados se\u00f1alados como posibles responsables de causar da\u00f1os a <\/em><em>establecimientos comerciales, zonas y entidades p\u00fablicas durante las manifestaciones violentas en Medell\u00edn y el Bajo Cauca antioque\u00f1o.<\/em><\/strong><\/h4>\n<\/blockquote>\n<p>Desde Medell\u00edn, el Fiscal General de la Naci\u00f3n, Francisco Barbosa Delgado<strong>,<\/strong> entreg\u00f3 los resultados de nuevas acciones judiciales por hechos delictivos registrados en las manifestaciones violentas que se han presentado en el departamento de Antioquia.<\/p>\n<p>Gracias al trabajo articulado con la Polic\u00eda Nacional, se logr\u00f3 la medida de aseguramiento contra cinco personas, quienes al parecer conformaban la llamada Primera L\u00ednea en esta zona del pa\u00eds. Los hoy procesados son se\u00f1alados de ser los presuntos responsables de cometer actos vand\u00e1licos durante las jornadas de protesta en Medell\u00edn y el Bajo Cauca.<\/p>\n<p>Por el delito de terrorismo fueron imputados Juan David Duque Piedrahita, alias el Demonio; Andr\u00e9s Felipe Restrepo Ospina, alias Pipe; y Juan Fernando Torres Becerra, alias el Narrador, a quien tambi\u00e9n se le endilg\u00f3 la conducta de instigaci\u00f3n a delinquir agravado.<\/p>\n<p>De acuerdo con la investigaci\u00f3n adelantada por un grupo de fiscales de la Unidad Especializada de Medell\u00edn, los tres hombres habr\u00edan participado en ataques vand\u00e1licos a establecimientos comerciales, zonas y entidades p\u00fablicas,\u00a0 adem\u00e1s, en agresiones a la poblaci\u00f3n civil y la fuerza p\u00fablica, durante las manifestaciones del pasado 28 de abril en diferentes puntos de la capital antioque\u00f1a.<\/p>\n<p>\u2018El Narrador\u2019 supuestamente particip\u00f3 en las afectaciones a las instalaciones de la Personer\u00eda de Medell\u00edn en el sector del Bosque, da\u00f1os a la infraestructura en la Glorieta de Niqu\u00eda en Bello, el sector del estadio en Medell\u00edn, Parque Norte y La Alpujarra.<\/p>\n<p>Tambi\u00e9n ser\u00eda el presunto responsable\u00a0 de hacer las transmisiones en vivo por \u00a0redes sociales, en las que instigar\u00eda a realizar dichos actos, adem\u00e1s de mostrar los momentos en que la\u00a0 Polic\u00eda es atacada violentamente.<\/p>\n<p>En otro hecho registrado este mismo d\u00eda, \u2018El Demonio\u2019 y \u2018Pipe\u2019, habr\u00edan ingresado de manera violenta a las instalaciones de una entidad bancaria en el sector de Guayaquil, rompiendo los vidrios con palos, piedras y otros elementos. Adem\u00e1s habr\u00edan incinerado algunas de las oficinas del lugar, situaci\u00f3n que gener\u00f3 que los empleados tuvieran que resguardarse en un lugar blindado del banco.<\/p>\n<p>La decisi\u00f3n fue apelada por la defensa de los procesados; sin embargo, deber\u00e1n permanecer en centro carcelario mientras se define la apelaci\u00f3n.<\/p>\n<p>Por su parte, en el Bajo Cauca antioque\u00f1o, se les impuso medida de aseguramiento en centro carcelario a Luis Armando Montiel Fern\u00e1ndez, alias Lucho; y Jefferson Serna Andrade, alias Serna, quienes habr\u00edan participado en conductas delictivas cometidas el pasado 22 de mayo en el municipio de Caucasia (Antioquia). All\u00ed fueron bloqueadas v\u00edas y vandalizados bienes p\u00fablicos y privados.<\/p>\n<p>Al parecer, durante estas acciones fueron lesionados 15 uniformados de la Polic\u00eda Nacional con bombas molotov y otros artefactos incendiarios artesanales. La Fiscal\u00eda les imput\u00f3 los punibles de empleo o lanzamiento de sustancias u objetos peligrosos y tenencia de objetos peligrosos.<\/p>\n<p>La Fiscal\u00eda y la Polic\u00eda Nacional lograron la captura y judicializaci\u00f3n de los presuntos responsables, luego de identificarlos mediante videos, fotograf\u00edas, morfogramas, reconocimientos fotogr\u00e1ficos, declaraciones juramentadas e interceptaciones de comunicaciones.<\/p>\n<p><strong>La Fiscal\u00eda General de la Naci\u00f3n habla con resultados.<\/strong><\/p>\n<p>AMCJ\/DLBM\/MRC\/<\/p>\n<p><em>La informaci\u00f3n contenida en este bolet\u00edn de prensa corresponde a la narraci\u00f3n de los hechos noticiosos objetivos, suministrados por los funcionarios encargados de adelantar las investigaciones penales al interior de la Fiscal\u00eda General de la Naci\u00f3n. Para el momento de la divulgaci\u00f3n de este comunicado, la situaci\u00f3n jur\u00eddica de la(s) persona(s) relacionada(s) se encuentra pendiente de resolver por la autoridad judicial competente, siempre bajo los preceptos de la presunci\u00f3n de inocencia, consagrados en el art\u00edculo 29 de la Constituci\u00f3n Pol\u00edtica y el art\u00edculo 7\u00ba de la Ley 906 de 2004.<\/em><\/p>\n<p>&nbsp;<\/p>\n\n<div class=\"twitter-share\"><a href=\"https:\/\/twitter.com\/intent\/tweet?via=fiscaliacol\" class=\"twitter-share-button\">Tweet<\/a><\/div>\n","protected":false},"excerpt":{"rendered":"<p>Son cinco los procesados se\u00f1alados como posibles responsables de causar da\u00f1os a establecimientos comerciales, zonas y entidades p\u00fablicas durante las manifestaciones violentas en Medell\u00edn y el Bajo Cauca antioque\u00f1o. Desde Medell\u00edn, el Fiscal General de la Naci\u00f3n, Francisco Barbosa Delgado, entreg\u00f3 los resultados de nuevas acciones judiciales por hechos delictivos registrados en las manifestaciones violentas [&hellip;]<\/p>\n","protected":false},"author":171,"featured_media":0,"comment_status":"closed","ping_status":"open","sticky":false,"template":"","format":"video","meta":{"tdm_status":"","tdm_grid_status":"","footnotes":""},"categories":[25128,24096,1],"tags":[24185,4614],"class_list":{"0":"post-225909","1":"post","2":"type-post","3":"status-publish","4":"format-video","6":"category-el-fiscal-en-los-territorios","7":"category-fiscal-general-de-la-nacion","8":"category-noticias","9":"tag-fiscal-barbosa","10":"tag-fiscalia-2","11":"post_format-post-format-video"},"yoast_head":"<!-- This site is optimized with the Yoast SEO plugin v24.3 - https:\/\/yoast.com\/wordpress\/plugins\/seo\/ -->\n<title>Fiscal\u00eda General de la Naci\u00f3n<\/title>\n<meta name=\"description\" content=\"P\u00e1gina oficial de la Fiscal\u00eda General de la Naci\u00f3n \u2013 Colombia. Garantizamos el acceso efectivo a la justicia, la verdad y la reparaci\u00f3n de las v\u00edctimas de los delitos.\" \/>\n<meta name=\"robots\" content=\"noindex, follow\" \/>\n<meta property=\"og:locale\" content=\"es_ES\" \/>\n<meta property=\"og:type\" content=\"article\" \/>\n<meta property=\"og:title\" content=\"Fiscal\u00eda General de la Naci\u00f3n\" \/>\n<meta property=\"og:description\" content=\"P\u00e1gina oficial de la Fiscal\u00eda General de la Naci\u00f3n \u2013 Colombia. Garantizamos el acceso efectivo a la justicia, la verdad y la reparaci\u00f3n de las v\u00edctimas de los delitos.\" \/>\n<meta property=\"og:url\" content=\"https:\/\/www.fiscalia.gov.co\/colombia\/noticias\/asegurados-presuntos-integrantes-de-la-primera-linea-en-antioquia-que-habrian-participado-en-actos-vandalicos\/\" \/>\n<meta property=\"og:site_name\" content=\"Fiscal\u00eda General de la Naci\u00f3n\" \/>\n<meta property=\"article:publisher\" content=\"https:\/\/www.facebook.com\/FiscaliaCol\" \/>\n<meta property=\"article:published_time\" content=\"2021-07-29T12:12:17+00:00\" \/>\n<meta property=\"article:modified_time\" content=\"2021-07-29T12:12:38+00:00\" \/>\n<meta name=\"author\" content=\"Ana Mar\u00eda Gomez\" \/>\n<meta name=\"twitter:card\" content=\"summary_large_image\" \/>\n<meta name=\"twitter:creator\" content=\"@FiscaliaCol\" \/>\n<meta name=\"twitter:site\" content=\"@FiscaliaCol\" \/>\n<meta name=\"twitter:label1\" content=\"Escrito por\" \/>\n\t<meta name=\"twitter:data1\" content=\"Ana Mar\u00eda Gomez\" \/>\n\t<meta name=\"twitter:label2\" content=\"Tiempo de lectura\" \/>\n\t<meta name=\"twitter:data2\" content=\"3 minutos\" \/>\n<script type=\"application\/ld+json\" class=\"yoast-schema-graph\">{\"@context\":\"https:\/\/schema.org\",\"@graph\":[{\"@type\":\"Article\",\"@id\":\"https:\/\/www.fiscalia.gov.co\/colombia\/noticias\/asegurados-presuntos-integrantes-de-la-primera-linea-en-antioquia-que-habrian-participado-en-actos-vandalicos\/#article\",\"isPartOf\":{\"@id\":\"https:\/\/www.fiscalia.gov.co\/colombia\/noticias\/asegurados-presuntos-integrantes-de-la-primera-linea-en-antioquia-que-habrian-participado-en-actos-vandalicos\/\"},\"author\":{\"name\":\"Ana Mar\u00eda Gomez\",\"@id\":\"https:\/\/www.fiscalia.gov.co\/colombia\/#\/schema\/person\/06aa2210fe4d79203f428ff671dee360\"},\"headline\":\"Asegurados presuntos integrantes de la primera l\u00ednea en Antioquia que habr\u00edan participado en actos vand\u00e1licos\",\"datePublished\":\"2021-07-29T12:12:17+00:00\",\"dateModified\":\"2021-07-29T12:12:38+00:00\",\"mainEntityOfPage\":{\"@id\":\"https:\/\/www.fiscalia.gov.co\/colombia\/noticias\/asegurados-presuntos-integrantes-de-la-primera-linea-en-antioquia-que-habrian-participado-en-actos-vandalicos\/\"},\"wordCount\":693,\"publisher\":{\"@id\":\"https:\/\/www.fiscalia.gov.co\/colombia\/#organization\"},\"keywords\":[\"Fiscal Barbosa\",\"Fiscal\u00eda\"],\"articleSection\":[\"El Fiscal en los territorios\",\"Fiscal General de la Naci\u00f3n\",\"Noticias\"],\"inLanguage\":\"es-CO\"},{\"@type\":\"WebPage\",\"@id\":\"https:\/\/www.fiscalia.gov.co\/colombia\/noticias\/asegurados-presuntos-integrantes-de-la-primera-linea-en-antioquia-que-habrian-participado-en-actos-vandalicos\/\",\"url\":\"https:\/\/www.fiscalia.gov.co\/colombia\/noticias\/asegurados-presuntos-integrantes-de-la-primera-linea-en-antioquia-que-habrian-participado-en-actos-vandalicos\/\",\"name\":\"Fiscal\u00eda General de la Naci\u00f3n\",\"isPartOf\":{\"@id\":\"https:\/\/www.fiscalia.gov.co\/colombia\/#website\"},\"datePublished\":\"2021-07-29T12:12:17+00:00\",\"dateModified\":\"2021-07-29T12:12:38+00:00\",\"description\":\"P\u00e1gina oficial de la Fiscal\u00eda General de la Naci\u00f3n \u2013 Colombia. Garantizamos el acceso efectivo a la justicia, la verdad y la reparaci\u00f3n de las v\u00edctimas de los delitos.\",\"breadcrumb\":{\"@id\":\"https:\/\/www.fiscalia.gov.co\/colombia\/noticias\/asegurados-presuntos-integrantes-de-la-primera-linea-en-antioquia-que-habrian-participado-en-actos-vandalicos\/#breadcrumb\"},\"inLanguage\":\"es-CO\",\"potentialAction\":[{\"@type\":\"ReadAction\",\"target\":[\"https:\/\/www.fiscalia.gov.co\/colombia\/noticias\/asegurados-presuntos-integrantes-de-la-primera-linea-en-antioquia-que-habrian-participado-en-actos-vandalicos\/\"]}]},{\"@type\":\"BreadcrumbList\",\"@id\":\"https:\/\/www.fiscalia.gov.co\/colombia\/noticias\/asegurados-presuntos-integrantes-de-la-primera-linea-en-antioquia-que-habrian-participado-en-actos-vandalicos\/#breadcrumb\",\"itemListElement\":[{\"@type\":\"ListItem\",\"position\":1,\"name\":\"Home\",\"item\":\"https:\/\/www.fiscalia.gov.co\/colombia\/\"},{\"@type\":\"ListItem\",\"position\":2,\"name\":\"Asegurados presuntos integrantes de la primera l\u00ednea en Antioquia que habr\u00edan participado en actos vand\u00e1licos\"}]},{\"@type\":\"WebSite\",\"@id\":\"https:\/\/www.fiscalia.gov.co\/colombia\/#website\",\"url\":\"https:\/\/www.fiscalia.gov.co\/colombia\/\",\"name\":\"Fiscal\u00eda General de la Naci\u00f3n\",\"description\":\"P\u00e1gina oficial de la Fiscal\u00eda General de la Naci\u00f3n \u2013 Colombia. Garantizamos el acceso efectivo a la justicia, la verdad y la reparaci\u00f3n de las v\u00edctimas de los delitos.\",\"publisher\":{\"@id\":\"https:\/\/www.fiscalia.gov.co\/colombia\/#organization\"},\"potentialAction\":[{\"@type\":\"SearchAction\",\"target\":{\"@type\":\"EntryPoint\",\"urlTemplate\":\"https:\/\/www.fiscalia.gov.co\/colombia\/?s={search_term_string}\"},\"query-input\":{\"@type\":\"PropertyValueSpecification\",\"valueRequired\":true,\"valueName\":\"search_term_string\"}}],\"inLanguage\":\"es-CO\"},{\"@type\":\"Organization\",\"@id\":\"https:\/\/www.fiscalia.gov.co\/colombia\/#organization\",\"name\":\"Fiscal\u00eda General de la Naci\u00f3n\",\"url\":\"https:\/\/www.fiscalia.gov.co\/colombia\/\",\"logo\":{\"@type\":\"ImageObject\",\"inLanguage\":\"es-CO\",\"@id\":\"https:\/\/www.fiscalia.gov.co\/colombia\/#\/schema\/logo\/image\/\",\"url\":\"https:\/\/www.fiscalia.gov.co\/colombia\/wp-content\/uploads\/LogoHorizontal_1.jpg\",\"contentUrl\":\"https:\/\/www.fiscalia.gov.co\/colombia\/wp-content\/uploads\/LogoHorizontal_1.jpg\",\"width\":300,\"height\":90,\"caption\":\"Fiscal\u00eda General de la Naci\u00f3n\"},\"image\":{\"@id\":\"https:\/\/www.fiscalia.gov.co\/colombia\/#\/schema\/logo\/image\/\"},\"sameAs\":[\"https:\/\/www.facebook.com\/FiscaliaCol\",\"https:\/\/x.com\/FiscaliaCol\",\"https:\/\/www.instagram.com\/fiscaliacol\",\"https:\/\/www.linkedin.com\/company\/fiscalia-general-de-la-naci-n\/\",\"https:\/\/youtube.com\/@fiscaliageneraldelanacion-4668?si=6nN79nyQICPU5iTh\"]},{\"@type\":\"Person\",\"@id\":\"https:\/\/www.fiscalia.gov.co\/colombia\/#\/schema\/person\/06aa2210fe4d79203f428ff671dee360\",\"name\":\"Ana Mar\u00eda Gomez\",\"image\":{\"@type\":\"ImageObject\",\"inLanguage\":\"es-CO\",\"@id\":\"https:\/\/www.fiscalia.gov.co\/colombia\/#\/schema\/person\/image\/\",\"url\":\"https:\/\/secure.gravatar.com\/avatar\/a38115d98a7f8a96cbb96af2b2c37a0b?s=96&d=mm&r=g\",\"contentUrl\":\"https:\/\/secure.gravatar.com\/avatar\/a38115d98a7f8a96cbb96af2b2c37a0b?s=96&d=mm&r=g\",\"caption\":\"Ana Mar\u00eda Gomez\"},\"url\":\"https:\/\/www.fiscalia.gov.co\/colombia\/author\/agomez\/\"}]}<\/script>\n<!-- \/ Yoast SEO plugin. -->","yoast_head_json":{"title":"Fiscal\u00eda General de la Naci\u00f3n","description":"P\u00e1gina oficial de la Fiscal\u00eda General de la Naci\u00f3n \u2013 Colombia. Garantizamos el acceso efectivo a la justicia, la verdad y la reparaci\u00f3n de las v\u00edctimas de los delitos.","robots":{"index":"noindex","follow":"follow"},"og_locale":"es_ES","og_type":"article","og_title":"Fiscal\u00eda General de la Naci\u00f3n","og_description":"P\u00e1gina oficial de la Fiscal\u00eda General de la Naci\u00f3n \u2013 Colombia. Garantizamos el acceso efectivo a la justicia, la verdad y la reparaci\u00f3n de las v\u00edctimas de los delitos.","og_url":"https:\/\/www.fiscalia.gov.co\/colombia\/noticias\/asegurados-presuntos-integrantes-de-la-primera-linea-en-antioquia-que-habrian-participado-en-actos-vandalicos\/","og_site_name":"Fiscal\u00eda General de la Naci\u00f3n","article_publisher":"https:\/\/www.facebook.com\/FiscaliaCol","article_published_time":"2021-07-29T12:12:17+00:00","article_modified_time":"2021-07-29T12:12:38+00:00","author":"Ana Mar\u00eda Gomez","twitter_card":"summary_large_image","twitter_creator":"@FiscaliaCol","twitter_site":"@FiscaliaCol","twitter_misc":{"Escrito por":"Ana Mar\u00eda Gomez","Tiempo de lectura":"3 minutos"},"schema":{"@context":"https:\/\/schema.org","@graph":[{"@type":"Article","@id":"https:\/\/www.fiscalia.gov.co\/colombia\/noticias\/asegurados-presuntos-integrantes-de-la-primera-linea-en-antioquia-que-habrian-participado-en-actos-vandalicos\/#article","isPartOf":{"@id":"https:\/\/www.fiscalia.gov.co\/colombia\/noticias\/asegurados-presuntos-integrantes-de-la-primera-linea-en-antioquia-que-habrian-participado-en-actos-vandalicos\/"},"author":{"name":"Ana Mar\u00eda Gomez","@id":"https:\/\/www.fiscalia.gov.co\/colombia\/#\/schema\/person\/06aa2210fe4d79203f428ff671dee360"},"headline":"Asegurados presuntos integrantes de la primera l\u00ednea en Antioquia que habr\u00edan participado en actos vand\u00e1licos","datePublished":"2021-07-29T12:12:17+00:00","dateModified":"2021-07-29T12:12:38+00:00","mainEntityOfPage":{"@id":"https:\/\/www.fiscalia.gov.co\/colombia\/noticias\/asegurados-presuntos-integrantes-de-la-primera-linea-en-antioquia-que-habrian-participado-en-actos-vandalicos\/"},"wordCount":693,"publisher":{"@id":"https:\/\/www.fiscalia.gov.co\/colombia\/#organization"},"keywords":["Fiscal Barbosa","Fiscal\u00eda"],"articleSection":["El Fiscal en los territorios","Fiscal General de la Naci\u00f3n","Noticias"],"inLanguage":"es-CO"},{"@type":"WebPage","@id":"https:\/\/www.fiscalia.gov.co\/colombia\/noticias\/asegurados-presuntos-integrantes-de-la-primera-linea-en-antioquia-que-habrian-participado-en-actos-vandalicos\/","url":"https:\/\/www.fiscalia.gov.co\/colombia\/noticias\/asegurados-presuntos-integrantes-de-la-primera-linea-en-antioquia-que-habrian-participado-en-actos-vandalicos\/","name":"Fiscal\u00eda General de la Naci\u00f3n","isPartOf":{"@id":"https:\/\/www.fiscalia.gov.co\/colombia\/#website"},"datePublished":"2021-07-29T12:12:17+00:00","dateModified":"2021-07-29T12:12:38+00:00","description":"P\u00e1gina oficial de la Fiscal\u00eda General de la Naci\u00f3n \u2013 Colombia. Garantizamos el acceso efectivo a la justicia, la verdad y la reparaci\u00f3n de las v\u00edctimas de los delitos.","breadcrumb":{"@id":"https:\/\/www.fiscalia.gov.co\/colombia\/noticias\/asegurados-presuntos-integrantes-de-la-primera-linea-en-antioquia-que-habrian-participado-en-actos-vandalicos\/#breadcrumb"},"inLanguage":"es-CO","potentialAction":[{"@type":"ReadAction","target":["https:\/\/www.fiscalia.gov.co\/colombia\/noticias\/asegurados-presuntos-integrantes-de-la-primera-linea-en-antioquia-que-habrian-participado-en-actos-vandalicos\/"]}]},{"@type":"BreadcrumbList","@id":"https:\/\/www.fiscalia.gov.co\/colombia\/noticias\/asegurados-presuntos-integrantes-de-la-primera-linea-en-antioquia-que-habrian-participado-en-actos-vandalicos\/#breadcrumb","itemListElement":[{"@type":"ListItem","position":1,"name":"Home","item":"https:\/\/www.fiscalia.gov.co\/colombia\/"},{"@type":"ListItem","position":2,"name":"Asegurados presuntos integrantes de la primera l\u00ednea en Antioquia que habr\u00edan participado en actos vand\u00e1licos"}]},{"@type":"WebSite","@id":"https:\/\/www.fiscalia.gov.co\/colombia\/#website","url":"https:\/\/www.fiscalia.gov.co\/colombia\/","name":"Fiscal\u00eda General de la Naci\u00f3n","description":"P\u00e1gina oficial de la Fiscal\u00eda General de la Naci\u00f3n \u2013 Colombia. Garantizamos el acceso efectivo a la justicia, la verdad y la reparaci\u00f3n de las v\u00edctimas de los delitos.","publisher":{"@id":"https:\/\/www.fiscalia.gov.co\/colombia\/#organization"},"potentialAction":[{"@type":"SearchAction","target":{"@type":"EntryPoint","urlTemplate":"https:\/\/www.fiscalia.gov.co\/colombia\/?s={search_term_string}"},"query-input":{"@type":"PropertyValueSpecification","valueRequired":true,"valueName":"search_term_string"}}],"inLanguage":"es-CO"},{"@type":"Organization","@id":"https:\/\/www.fiscalia.gov.co\/colombia\/#organization","name":"Fiscal\u00eda General de la Naci\u00f3n","url":"https:\/\/www.fiscalia.gov.co\/colombia\/","logo":{"@type":"ImageObject","inLanguage":"es-CO","@id":"https:\/\/www.fiscalia.gov.co\/colombia\/#\/schema\/logo\/image\/","url":"https:\/\/www.fiscalia.gov.co\/colombia\/wp-content\/uploads\/LogoHorizontal_1.jpg","contentUrl":"https:\/\/www.fiscalia.gov.co\/colombia\/wp-content\/uploads\/LogoHorizontal_1.jpg","width":300,"height":90,"caption":"Fiscal\u00eda General de la Naci\u00f3n"},"image":{"@id":"https:\/\/www.fiscalia.gov.co\/colombia\/#\/schema\/logo\/image\/"},"sameAs":["https:\/\/www.facebook.com\/FiscaliaCol","https:\/\/x.com\/FiscaliaCol","https:\/\/www.instagram.com\/fiscaliacol","https:\/\/www.linkedin.com\/company\/fiscalia-general-de-la-naci-n\/","https:\/\/youtube.com\/@fiscaliageneraldelanacion-4668?si=6nN79nyQICPU5iTh"]},{"@type":"Person","@id":"https:\/\/www.fiscalia.gov.co\/colombia\/#\/schema\/person\/06aa2210fe4d79203f428ff671dee360","name":"Ana Mar\u00eda Gomez","image":{"@type":"ImageObject","inLanguage":"es-CO","@id":"https:\/\/www.fiscalia.gov.co\/colombia\/#\/schema\/person\/image\/","url":"https:\/\/secure.gravatar.com\/avatar\/a38115d98a7f8a96cbb96af2b2c37a0b?s=96&d=mm&r=g","contentUrl":"https:\/\/secure.gravatar.com\/avatar\/a38115d98a7f8a96cbb96af2b2c37a0b?s=96&d=mm&r=g","caption":"Ana Mar\u00eda Gomez"},"url":"https:\/\/www.fiscalia.gov.co\/colombia\/author\/agomez\/"}]}},"_links":{"self":[{"href":"https:\/\/www.fiscalia.gov.co\/colombia\/wp-json\/wp\/v2\/posts\/225909","targetHints":{"allow":["GET"]}}],"collection":[{"href":"https:\/\/www.fiscalia.gov.co\/colombia\/wp-json\/wp\/v2\/posts"}],"about":[{"href":"https:\/\/www.fiscalia.gov.co\/colombia\/wp-json\/wp\/v2\/types\/post"}],"author":[{"embeddable":true,"href":"https:\/\/www.fiscalia.gov.co\/colombia\/wp-json\/wp\/v2\/users\/171"}],"replies":[{"embeddable":true,"href":"https:\/\/www.fiscalia.gov.co\/colombia\/wp-json\/wp\/v2\/comments?post=225909"}],"version-history":[{"count":1,"href":"https:\/\/www.fiscalia.gov.co\/colombia\/wp-json\/wp\/v2\/posts\/225909\/revisions"}],"predecessor-version":[{"id":225910,"href":"https:\/\/www.fiscalia.gov.co\/colombia\/wp-json\/wp\/v2\/posts\/225909\/revisions\/225910"}],"wp:attachment":[{"href":"https:\/\/www.fiscalia.gov.co\/colombia\/wp-json\/wp\/v2\/media?parent=225909"}],"wp:term":[{"taxonomy":"category","embeddable":true,"href":"https:\/\/www.fiscalia.gov.co\/colombia\/wp-json\/wp\/v2\/categories?post=225909"},{"taxonomy":"post_tag","embeddable":true,"href":"https:\/\/www.fiscalia.gov.co\/colombia\/wp-json\/wp\/v2\/tags?post=225909"}],"curies":[{"name":"wp","href":"https:\/\/api.w.org\/{rel}","templated":true}]}}