{"id":225290,"date":"2021-07-21T15:44:36","date_gmt":"2021-07-21T20:44:36","guid":{"rendered":"https:\/\/www.fiscalia.gov.co\/colombia\/?p=225290"},"modified":"2021-07-21T15:47:45","modified_gmt":"2021-07-21T20:47:45","slug":"a-la-carcel-tres-personas-investigadas-por-homicidio-de-un-hombre-a-quien-le-habrian-hurtado-la-bicicleta-en-la-localidad-de-suba","status":"publish","type":"post","link":"https:\/\/www.fiscalia.gov.co\/colombia\/noticias\/a-la-carcel-tres-personas-investigadas-por-homicidio-de-un-hombre-a-quien-le-habrian-hurtado-la-bicicleta-en-la-localidad-de-suba\/","title":{"rendered":"A la c\u00e1rcel tres personas investigadas por homicidio de un hombre a quien le habr\u00edan hurtado la bicicleta en la localidad de Suba"},"content":{"rendered":"<p class=\"x_xmsonormal\">Con base en los elementos materiales probatorios recopilados por la Fiscal\u00eda, un juez de control de garant\u00edas impuso medida de aseguramiento en establecimiento carcelario en contra de tres ciudadanos, como presuntos responsables de los delitos de\u00a0<b>homicidio agravado<\/b>; fabricaci\u00f3n, tr\u00e1fico, porte o tenencia de armas de fuego, accesorios, partes o municiones;\u00a0<b>tr\u00e1fico, fabricaci\u00f3n o porte de estupefacientes<\/b>\u00a0y\u00a0<b>hurto calificado y agravado<\/b>.<\/p>\n<figure id=\"attachment_225293\" aria-describedby=\"caption-attachment-225293\" style=\"width: 696px\" class=\"wp-caption aligncenter\"><img loading=\"lazy\" decoding=\"async\" class=\"size-large wp-image-225293\" src=\"https:\/\/www.fiscalia.gov.co\/colombia\/wp-content\/uploads\/Maikol-Chaverra-Yulieth-Saldarriaga-Yunior-Contreras-1024x768.jpeg\" alt=\"\" width=\"696\" height=\"522\" srcset=\"https:\/\/www.fiscalia.gov.co\/colombia\/wp-content\/uploads\/Maikol-Chaverra-Yulieth-Saldarriaga-Yunior-Contreras-1024x768.jpeg 1024w, https:\/\/www.fiscalia.gov.co\/colombia\/wp-content\/uploads\/Maikol-Chaverra-Yulieth-Saldarriaga-Yunior-Contreras-300x225.jpeg 300w, https:\/\/www.fiscalia.gov.co\/colombia\/wp-content\/uploads\/Maikol-Chaverra-Yulieth-Saldarriaga-Yunior-Contreras-768x576.jpeg 768w, https:\/\/www.fiscalia.gov.co\/colombia\/wp-content\/uploads\/Maikol-Chaverra-Yulieth-Saldarriaga-Yunior-Contreras-696x522.jpeg 696w, https:\/\/www.fiscalia.gov.co\/colombia\/wp-content\/uploads\/Maikol-Chaverra-Yulieth-Saldarriaga-Yunior-Contreras-1068x801.jpeg 1068w, https:\/\/www.fiscalia.gov.co\/colombia\/wp-content\/uploads\/Maikol-Chaverra-Yulieth-Saldarriaga-Yunior-Contreras-560x420.jpeg 560w, https:\/\/www.fiscalia.gov.co\/colombia\/wp-content\/uploads\/Maikol-Chaverra-Yulieth-Saldarriaga-Yunior-Contreras-80x60.jpeg 80w, https:\/\/www.fiscalia.gov.co\/colombia\/wp-content\/uploads\/Maikol-Chaverra-Yulieth-Saldarriaga-Yunior-Contreras-265x198.jpeg 265w, https:\/\/www.fiscalia.gov.co\/colombia\/wp-content\/uploads\/Maikol-Chaverra-Yulieth-Saldarriaga-Yunior-Contreras.jpeg 1280w\" sizes=\"auto, (max-width: 696px) 100vw, 696px\" \/><figcaption id=\"caption-attachment-225293\" class=\"wp-caption-text\">Presuntos responsables del homicidio de un hombre, por robarle la bicicleta, la madrugada del 14 de julio de 2021.<\/figcaption><\/figure>\n<p class=\"x_xmsonormal\">Los hechos ocurrieron el pasado 14 de julio, en horas de la madrugada, cuando la v\u00edctima se transportaba en su bicicleta rumbo al trabajo en el\u00a0<b>barrio Aures II de la localidad de Suba<\/b>, donde fue abordado por dos hombres que lo empujaron y lo hicieron caer. Posteriormente, lo amenazaron con arma de fuego y le hurtaron el veh\u00edculo.<\/p>\n<p class=\"x_xmsonormal\">El hombre afectado\u00a0<b>opuso resistencia<\/b>\u00a0y, para tratar de impedir el hurto, persigui\u00f3 a los asaltantes, quienes le dispararon en tres oportunidades y le causaron la muerte.<\/p>\n<p class=\"x_xmsonormal\">En desarrollo de la investigaci\u00f3n realizada con apoyo de la Sij\u00edn y la Polic\u00eda de Vigilancia de la Metropolitana de Bogot\u00e1 (Mebog), se logr\u00f3 identificar a los presuntos implicados como Maikol Steven Chaverra Foronda, Linda Yulieth Saldarriaga Grisales y Yunior Jos\u00e9 Contreras Moreno, quienes fueron\u00a0<b>capturados en flagrancia<\/b>\u00a0en el inmueble al que ingresaron supuestamente con la bicicleta hurtada.<\/p>\n<p class=\"x_xmsonormal\">En el lugar, las autoridades adem\u00e1s incautaron 300 c\u00e1psulas de\u00a0<b>bazuco<\/b>, 350 cigarrillos de\u00a0<b>marihuana<\/b>, un\u00a0<b>rev\u00f3lver<\/b>, una\u00a0<b>bicicleta<\/b>\u00a0y 60.000 pesos en efectivo.<\/p>\n<p class=\"x_xmsonormal\">Los tres procesados no aceptaron los cargos que la Fiscal\u00eda les imput\u00f3.<\/p>\n<p class=\"x_xmsonormal\">La Fiscal\u00eda General de la Naci\u00f3n habla con resultados.<\/p>\n<p class=\"x_xmsonormal\">LMFO\/LJAP\/DLBM<\/p>\n<p class=\"x_xmsonormal\"><b>Noticias Relacionadas: \u00a0\u00a0<\/b><\/p>\n<p class=\"x_xmsonormal\"><a href=\"https:\/\/www.fiscalia.gov.co\/colombia\/seccionales\/detencion-carcelaria-para-presuntos-responsables-de-homicidio-de-un-joven-en-medio-de-hurto-en-ciudad-bolivar\/\" target=\"_blank\" rel=\"noopener noreferrer\">Detenci\u00f3n carcelaria para presuntos responsables de homicidio de un joven en medio de hurto en Ciudad Bol\u00edvar<\/a><\/p>\n<p class=\"x_xmsonormal\"><a href=\"https:\/\/www.fiscalia.gov.co\/colombia\/seccionales\/medida-de-aseguramiento-para-dos-hombres-presuntamente-implicados-en-el-homicidio-de-otro-durante-una-rina-en-la-localidad-de-suba\/\" target=\"_blank\" rel=\"noopener noreferrer\">Medida de aseguramiento para dos hombres presuntamente implicados en el homicidio de otro durante una ri\u00f1a en la localidad de Suba<\/a><\/p>\n<p class=\"x_xmsonormal\"><em>La informaci\u00f3n contenida en este bolet\u00edn de prensa corresponde a la narraci\u00f3n de los hechos noticiosos objetivos, suministrados por los funcionarios encargados de adelantar las investigaciones penales al interior de la Fiscal\u00eda General de la Naci\u00f3n. Para el momento de la divulgaci\u00f3n de este comunicado, la situaci\u00f3n jur\u00eddica de la(s) persona(s) relacionada(s) se encuentra pendiente de resolver por la autoridad judicial competente, siempre bajo los preceptos de la presunci\u00f3n de inocencia, consagrados en el art\u00edculo 29 de la Constituci\u00f3n Pol\u00edtica y el art\u00edculo 7\u00ba de la Ley 906 de 2004.<\/em><\/p>\n\n<div class=\"twitter-share\"><a href=\"https:\/\/twitter.com\/intent\/tweet?via=fiscaliacol\" class=\"twitter-share-button\">Tweet<\/a><\/div>\n","protected":false},"excerpt":{"rendered":"<p>Con base en los elementos materiales probatorios recopilados por la Fiscal\u00eda, un juez de control de garant\u00edas impuso medida de aseguramiento en establecimiento carcelario en contra de tres ciudadanos, como presuntos responsables de los delitos de\u00a0homicidio agravado; fabricaci\u00f3n, tr\u00e1fico, porte o tenencia de armas de fuego, accesorios, partes o municiones;\u00a0tr\u00e1fico, fabricaci\u00f3n o porte de estupefacientes\u00a0y\u00a0hurto [&hellip;]<\/p>\n","protected":false},"author":171,"featured_media":0,"comment_status":"closed","ping_status":"open","sticky":false,"template":"","format":"standard","meta":{"tdm_status":"","tdm_grid_status":"","footnotes":""},"categories":[1,321,303,24099],"tags":[28082,28085,24187,1047,28084,28083,27523],"class_list":{"0":"post-225290","1":"post","2":"type-post","3":"status-publish","4":"format-standard","6":"category-noticias","7":"category-seccional-bogota","8":"category-seccionales","9":"category-seguridad-territorial","10":"tag-aures-ii","11":"tag-fabricacion-o-porte-de-estupefacientes-y-hurto-calificado-y-agravado-seguridad-ciudadana","12":"tag-fiscalia-colombia","13":"tag-fiscalia-general-de-la-nacion","14":"tag-homicidio-agravado-porte-ilegal-de-armas-de-fuego-trafico","15":"tag-hurto-de-bicicleta","16":"tag-localidad-de-suba"},"yoast_head":"<!-- This site is optimized with the Yoast SEO plugin v24.3 - https:\/\/yoast.com\/wordpress\/plugins\/seo\/ -->\n<title>Fiscal\u00eda General de la Naci\u00f3n<\/title>\n<meta name=\"description\" content=\"P\u00e1gina oficial de la Fiscal\u00eda General de la Naci\u00f3n \u2013 Colombia. Garantizamos el acceso efectivo a la justicia, la verdad y la reparaci\u00f3n de las v\u00edctimas de los delitos.\" \/>\n<meta name=\"robots\" content=\"noindex, follow\" \/>\n<meta property=\"og:locale\" content=\"es_ES\" \/>\n<meta property=\"og:type\" content=\"article\" \/>\n<meta property=\"og:title\" content=\"Fiscal\u00eda General de la Naci\u00f3n\" \/>\n<meta property=\"og:description\" content=\"P\u00e1gina oficial de la Fiscal\u00eda General de la Naci\u00f3n \u2013 Colombia. Garantizamos el acceso efectivo a la justicia, la verdad y la reparaci\u00f3n de las v\u00edctimas de los delitos.\" \/>\n<meta property=\"og:url\" content=\"https:\/\/www.fiscalia.gov.co\/colombia\/noticias\/a-la-carcel-tres-personas-investigadas-por-homicidio-de-un-hombre-a-quien-le-habrian-hurtado-la-bicicleta-en-la-localidad-de-suba\/\" \/>\n<meta property=\"og:site_name\" content=\"Fiscal\u00eda General de la Naci\u00f3n\" \/>\n<meta property=\"article:publisher\" content=\"https:\/\/www.facebook.com\/FiscaliaCol\" \/>\n<meta property=\"article:published_time\" content=\"2021-07-21T20:44:36+00:00\" \/>\n<meta property=\"article:modified_time\" content=\"2021-07-21T20:47:45+00:00\" \/>\n<meta property=\"og:image\" content=\"https:\/\/www.fiscalia.gov.co\/colombia\/wp-content\/uploads\/Maikol-Chaverra-Yulieth-Saldarriaga-Yunior-Contreras-1024x768.jpeg\" \/>\n<meta name=\"author\" content=\"Ana Mar\u00eda Gomez\" \/>\n<meta name=\"twitter:card\" content=\"summary_large_image\" \/>\n<meta name=\"twitter:creator\" content=\"@FiscaliaCol\" \/>\n<meta name=\"twitter:site\" content=\"@FiscaliaCol\" \/>\n<meta name=\"twitter:label1\" content=\"Escrito por\" \/>\n\t<meta name=\"twitter:data1\" content=\"Ana Mar\u00eda Gomez\" \/>\n\t<meta name=\"twitter:label2\" content=\"Tiempo de lectura\" \/>\n\t<meta name=\"twitter:data2\" content=\"2 minutos\" \/>\n<script type=\"application\/ld+json\" class=\"yoast-schema-graph\">{\"@context\":\"https:\/\/schema.org\",\"@graph\":[{\"@type\":\"Article\",\"@id\":\"https:\/\/www.fiscalia.gov.co\/colombia\/noticias\/a-la-carcel-tres-personas-investigadas-por-homicidio-de-un-hombre-a-quien-le-habrian-hurtado-la-bicicleta-en-la-localidad-de-suba\/#article\",\"isPartOf\":{\"@id\":\"https:\/\/www.fiscalia.gov.co\/colombia\/noticias\/a-la-carcel-tres-personas-investigadas-por-homicidio-de-un-hombre-a-quien-le-habrian-hurtado-la-bicicleta-en-la-localidad-de-suba\/\"},\"author\":{\"name\":\"Ana Mar\u00eda Gomez\",\"@id\":\"https:\/\/www.fiscalia.gov.co\/colombia\/#\/schema\/person\/06aa2210fe4d79203f428ff671dee360\"},\"headline\":\"A la c\u00e1rcel tres personas investigadas por homicidio de un hombre a quien le habr\u00edan hurtado la bicicleta en la localidad de Suba\",\"datePublished\":\"2021-07-21T20:44:36+00:00\",\"dateModified\":\"2021-07-21T20:47:45+00:00\",\"mainEntityOfPage\":{\"@id\":\"https:\/\/www.fiscalia.gov.co\/colombia\/noticias\/a-la-carcel-tres-personas-investigadas-por-homicidio-de-un-hombre-a-quien-le-habrian-hurtado-la-bicicleta-en-la-localidad-de-suba\/\"},\"wordCount\":462,\"publisher\":{\"@id\":\"https:\/\/www.fiscalia.gov.co\/colombia\/#organization\"},\"image\":{\"@id\":\"https:\/\/www.fiscalia.gov.co\/colombia\/noticias\/a-la-carcel-tres-personas-investigadas-por-homicidio-de-un-hombre-a-quien-le-habrian-hurtado-la-bicicleta-en-la-localidad-de-suba\/#primaryimage\"},\"thumbnailUrl\":\"https:\/\/www.fiscalia.gov.co\/colombia\/wp-content\/uploads\/Maikol-Chaverra-Yulieth-Saldarriaga-Yunior-Contreras-1024x768.jpeg\",\"keywords\":[\"Aures II\",\"fabricaci\u00f3n o porte de estupefacientes y hurto calificado y agravado; seguridad ciudadana\",\"Fiscal\u00eda Colombia\",\"Fiscal\u00eda General de la Naci\u00f3n\",\"homicidio agravado; porte ilegal de armas de fuego; tr\u00e1fico\",\"hurto de bicicleta\",\"localidad de suba\"],\"articleSection\":[\"Noticias\",\"Seccional Bogot\u00e1\",\"Seccionales\",\"Seguridad territorial\"],\"inLanguage\":\"es-CO\"},{\"@type\":\"WebPage\",\"@id\":\"https:\/\/www.fiscalia.gov.co\/colombia\/noticias\/a-la-carcel-tres-personas-investigadas-por-homicidio-de-un-hombre-a-quien-le-habrian-hurtado-la-bicicleta-en-la-localidad-de-suba\/\",\"url\":\"https:\/\/www.fiscalia.gov.co\/colombia\/noticias\/a-la-carcel-tres-personas-investigadas-por-homicidio-de-un-hombre-a-quien-le-habrian-hurtado-la-bicicleta-en-la-localidad-de-suba\/\",\"name\":\"Fiscal\u00eda General de la Naci\u00f3n\",\"isPartOf\":{\"@id\":\"https:\/\/www.fiscalia.gov.co\/colombia\/#website\"},\"primaryImageOfPage\":{\"@id\":\"https:\/\/www.fiscalia.gov.co\/colombia\/noticias\/a-la-carcel-tres-personas-investigadas-por-homicidio-de-un-hombre-a-quien-le-habrian-hurtado-la-bicicleta-en-la-localidad-de-suba\/#primaryimage\"},\"image\":{\"@id\":\"https:\/\/www.fiscalia.gov.co\/colombia\/noticias\/a-la-carcel-tres-personas-investigadas-por-homicidio-de-un-hombre-a-quien-le-habrian-hurtado-la-bicicleta-en-la-localidad-de-suba\/#primaryimage\"},\"thumbnailUrl\":\"https:\/\/www.fiscalia.gov.co\/colombia\/wp-content\/uploads\/Maikol-Chaverra-Yulieth-Saldarriaga-Yunior-Contreras-1024x768.jpeg\",\"datePublished\":\"2021-07-21T20:44:36+00:00\",\"dateModified\":\"2021-07-21T20:47:45+00:00\",\"description\":\"P\u00e1gina oficial de la Fiscal\u00eda General de la Naci\u00f3n \u2013 Colombia. Garantizamos el acceso efectivo a la justicia, la verdad y la reparaci\u00f3n de las v\u00edctimas de los delitos.\",\"breadcrumb\":{\"@id\":\"https:\/\/www.fiscalia.gov.co\/colombia\/noticias\/a-la-carcel-tres-personas-investigadas-por-homicidio-de-un-hombre-a-quien-le-habrian-hurtado-la-bicicleta-en-la-localidad-de-suba\/#breadcrumb\"},\"inLanguage\":\"es-CO\",\"potentialAction\":[{\"@type\":\"ReadAction\",\"target\":[\"https:\/\/www.fiscalia.gov.co\/colombia\/noticias\/a-la-carcel-tres-personas-investigadas-por-homicidio-de-un-hombre-a-quien-le-habrian-hurtado-la-bicicleta-en-la-localidad-de-suba\/\"]}]},{\"@type\":\"ImageObject\",\"inLanguage\":\"es-CO\",\"@id\":\"https:\/\/www.fiscalia.gov.co\/colombia\/noticias\/a-la-carcel-tres-personas-investigadas-por-homicidio-de-un-hombre-a-quien-le-habrian-hurtado-la-bicicleta-en-la-localidad-de-suba\/#primaryimage\",\"url\":\"https:\/\/www.fiscalia.gov.co\/colombia\/wp-content\/uploads\/Maikol-Chaverra-Yulieth-Saldarriaga-Yunior-Contreras-1024x768.jpeg\",\"contentUrl\":\"https:\/\/www.fiscalia.gov.co\/colombia\/wp-content\/uploads\/Maikol-Chaverra-Yulieth-Saldarriaga-Yunior-Contreras-1024x768.jpeg\"},{\"@type\":\"BreadcrumbList\",\"@id\":\"https:\/\/www.fiscalia.gov.co\/colombia\/noticias\/a-la-carcel-tres-personas-investigadas-por-homicidio-de-un-hombre-a-quien-le-habrian-hurtado-la-bicicleta-en-la-localidad-de-suba\/#breadcrumb\",\"itemListElement\":[{\"@type\":\"ListItem\",\"position\":1,\"name\":\"Home\",\"item\":\"https:\/\/www.fiscalia.gov.co\/colombia\/\"},{\"@type\":\"ListItem\",\"position\":2,\"name\":\"A la c\u00e1rcel tres personas investigadas por homicidio de un hombre a quien le habr\u00edan hurtado la bicicleta en la localidad de Suba\"}]},{\"@type\":\"WebSite\",\"@id\":\"https:\/\/www.fiscalia.gov.co\/colombia\/#website\",\"url\":\"https:\/\/www.fiscalia.gov.co\/colombia\/\",\"name\":\"Fiscal\u00eda General de la Naci\u00f3n\",\"description\":\"P\u00e1gina oficial de la Fiscal\u00eda General de la Naci\u00f3n \u2013 Colombia. Garantizamos el acceso efectivo a la justicia, la verdad y la reparaci\u00f3n de las v\u00edctimas de los delitos.\",\"publisher\":{\"@id\":\"https:\/\/www.fiscalia.gov.co\/colombia\/#organization\"},\"potentialAction\":[{\"@type\":\"SearchAction\",\"target\":{\"@type\":\"EntryPoint\",\"urlTemplate\":\"https:\/\/www.fiscalia.gov.co\/colombia\/?s={search_term_string}\"},\"query-input\":{\"@type\":\"PropertyValueSpecification\",\"valueRequired\":true,\"valueName\":\"search_term_string\"}}],\"inLanguage\":\"es-CO\"},{\"@type\":\"Organization\",\"@id\":\"https:\/\/www.fiscalia.gov.co\/colombia\/#organization\",\"name\":\"Fiscal\u00eda General de la Naci\u00f3n\",\"url\":\"https:\/\/www.fiscalia.gov.co\/colombia\/\",\"logo\":{\"@type\":\"ImageObject\",\"inLanguage\":\"es-CO\",\"@id\":\"https:\/\/www.fiscalia.gov.co\/colombia\/#\/schema\/logo\/image\/\",\"url\":\"https:\/\/www.fiscalia.gov.co\/colombia\/wp-content\/uploads\/LogoHorizontal_1.jpg\",\"contentUrl\":\"https:\/\/www.fiscalia.gov.co\/colombia\/wp-content\/uploads\/LogoHorizontal_1.jpg\",\"width\":300,\"height\":90,\"caption\":\"Fiscal\u00eda General de la Naci\u00f3n\"},\"image\":{\"@id\":\"https:\/\/www.fiscalia.gov.co\/colombia\/#\/schema\/logo\/image\/\"},\"sameAs\":[\"https:\/\/www.facebook.com\/FiscaliaCol\",\"https:\/\/x.com\/FiscaliaCol\",\"https:\/\/www.instagram.com\/fiscaliacol\",\"https:\/\/www.linkedin.com\/company\/fiscalia-general-de-la-naci-n\/\",\"https:\/\/youtube.com\/@fiscaliageneraldelanacion-4668?si=6nN79nyQICPU5iTh\"]},{\"@type\":\"Person\",\"@id\":\"https:\/\/www.fiscalia.gov.co\/colombia\/#\/schema\/person\/06aa2210fe4d79203f428ff671dee360\",\"name\":\"Ana Mar\u00eda Gomez\",\"image\":{\"@type\":\"ImageObject\",\"inLanguage\":\"es-CO\",\"@id\":\"https:\/\/www.fiscalia.gov.co\/colombia\/#\/schema\/person\/image\/\",\"url\":\"https:\/\/secure.gravatar.com\/avatar\/a38115d98a7f8a96cbb96af2b2c37a0b?s=96&d=mm&r=g\",\"contentUrl\":\"https:\/\/secure.gravatar.com\/avatar\/a38115d98a7f8a96cbb96af2b2c37a0b?s=96&d=mm&r=g\",\"caption\":\"Ana Mar\u00eda Gomez\"},\"url\":\"https:\/\/www.fiscalia.gov.co\/colombia\/author\/agomez\/\"}]}<\/script>\n<!-- \/ Yoast SEO plugin. -->","yoast_head_json":{"title":"Fiscal\u00eda General de la Naci\u00f3n","description":"P\u00e1gina oficial de la Fiscal\u00eda General de la Naci\u00f3n \u2013 Colombia. Garantizamos el acceso efectivo a la justicia, la verdad y la reparaci\u00f3n de las v\u00edctimas de los delitos.","robots":{"index":"noindex","follow":"follow"},"og_locale":"es_ES","og_type":"article","og_title":"Fiscal\u00eda General de la Naci\u00f3n","og_description":"P\u00e1gina oficial de la Fiscal\u00eda General de la Naci\u00f3n \u2013 Colombia. Garantizamos el acceso efectivo a la justicia, la verdad y la reparaci\u00f3n de las v\u00edctimas de los delitos.","og_url":"https:\/\/www.fiscalia.gov.co\/colombia\/noticias\/a-la-carcel-tres-personas-investigadas-por-homicidio-de-un-hombre-a-quien-le-habrian-hurtado-la-bicicleta-en-la-localidad-de-suba\/","og_site_name":"Fiscal\u00eda General de la Naci\u00f3n","article_publisher":"https:\/\/www.facebook.com\/FiscaliaCol","article_published_time":"2021-07-21T20:44:36+00:00","article_modified_time":"2021-07-21T20:47:45+00:00","og_image":[{"url":"https:\/\/www.fiscalia.gov.co\/colombia\/wp-content\/uploads\/Maikol-Chaverra-Yulieth-Saldarriaga-Yunior-Contreras-1024x768.jpeg","type":"","width":"","height":""}],"author":"Ana Mar\u00eda Gomez","twitter_card":"summary_large_image","twitter_creator":"@FiscaliaCol","twitter_site":"@FiscaliaCol","twitter_misc":{"Escrito por":"Ana Mar\u00eda Gomez","Tiempo de lectura":"2 minutos"},"schema":{"@context":"https:\/\/schema.org","@graph":[{"@type":"Article","@id":"https:\/\/www.fiscalia.gov.co\/colombia\/noticias\/a-la-carcel-tres-personas-investigadas-por-homicidio-de-un-hombre-a-quien-le-habrian-hurtado-la-bicicleta-en-la-localidad-de-suba\/#article","isPartOf":{"@id":"https:\/\/www.fiscalia.gov.co\/colombia\/noticias\/a-la-carcel-tres-personas-investigadas-por-homicidio-de-un-hombre-a-quien-le-habrian-hurtado-la-bicicleta-en-la-localidad-de-suba\/"},"author":{"name":"Ana Mar\u00eda Gomez","@id":"https:\/\/www.fiscalia.gov.co\/colombia\/#\/schema\/person\/06aa2210fe4d79203f428ff671dee360"},"headline":"A la c\u00e1rcel tres personas investigadas por homicidio de un hombre a quien le habr\u00edan hurtado la bicicleta en la localidad de Suba","datePublished":"2021-07-21T20:44:36+00:00","dateModified":"2021-07-21T20:47:45+00:00","mainEntityOfPage":{"@id":"https:\/\/www.fiscalia.gov.co\/colombia\/noticias\/a-la-carcel-tres-personas-investigadas-por-homicidio-de-un-hombre-a-quien-le-habrian-hurtado-la-bicicleta-en-la-localidad-de-suba\/"},"wordCount":462,"publisher":{"@id":"https:\/\/www.fiscalia.gov.co\/colombia\/#organization"},"image":{"@id":"https:\/\/www.fiscalia.gov.co\/colombia\/noticias\/a-la-carcel-tres-personas-investigadas-por-homicidio-de-un-hombre-a-quien-le-habrian-hurtado-la-bicicleta-en-la-localidad-de-suba\/#primaryimage"},"thumbnailUrl":"https:\/\/www.fiscalia.gov.co\/colombia\/wp-content\/uploads\/Maikol-Chaverra-Yulieth-Saldarriaga-Yunior-Contreras-1024x768.jpeg","keywords":["Aures II","fabricaci\u00f3n o porte de estupefacientes y hurto calificado y agravado; seguridad ciudadana","Fiscal\u00eda Colombia","Fiscal\u00eda General de la Naci\u00f3n","homicidio agravado; porte ilegal de armas de fuego; tr\u00e1fico","hurto de bicicleta","localidad de suba"],"articleSection":["Noticias","Seccional Bogot\u00e1","Seccionales","Seguridad territorial"],"inLanguage":"es-CO"},{"@type":"WebPage","@id":"https:\/\/www.fiscalia.gov.co\/colombia\/noticias\/a-la-carcel-tres-personas-investigadas-por-homicidio-de-un-hombre-a-quien-le-habrian-hurtado-la-bicicleta-en-la-localidad-de-suba\/","url":"https:\/\/www.fiscalia.gov.co\/colombia\/noticias\/a-la-carcel-tres-personas-investigadas-por-homicidio-de-un-hombre-a-quien-le-habrian-hurtado-la-bicicleta-en-la-localidad-de-suba\/","name":"Fiscal\u00eda General de la Naci\u00f3n","isPartOf":{"@id":"https:\/\/www.fiscalia.gov.co\/colombia\/#website"},"primaryImageOfPage":{"@id":"https:\/\/www.fiscalia.gov.co\/colombia\/noticias\/a-la-carcel-tres-personas-investigadas-por-homicidio-de-un-hombre-a-quien-le-habrian-hurtado-la-bicicleta-en-la-localidad-de-suba\/#primaryimage"},"image":{"@id":"https:\/\/www.fiscalia.gov.co\/colombia\/noticias\/a-la-carcel-tres-personas-investigadas-por-homicidio-de-un-hombre-a-quien-le-habrian-hurtado-la-bicicleta-en-la-localidad-de-suba\/#primaryimage"},"thumbnailUrl":"https:\/\/www.fiscalia.gov.co\/colombia\/wp-content\/uploads\/Maikol-Chaverra-Yulieth-Saldarriaga-Yunior-Contreras-1024x768.jpeg","datePublished":"2021-07-21T20:44:36+00:00","dateModified":"2021-07-21T20:47:45+00:00","description":"P\u00e1gina oficial de la Fiscal\u00eda General de la Naci\u00f3n \u2013 Colombia. Garantizamos el acceso efectivo a la justicia, la verdad y la reparaci\u00f3n de las v\u00edctimas de los delitos.","breadcrumb":{"@id":"https:\/\/www.fiscalia.gov.co\/colombia\/noticias\/a-la-carcel-tres-personas-investigadas-por-homicidio-de-un-hombre-a-quien-le-habrian-hurtado-la-bicicleta-en-la-localidad-de-suba\/#breadcrumb"},"inLanguage":"es-CO","potentialAction":[{"@type":"ReadAction","target":["https:\/\/www.fiscalia.gov.co\/colombia\/noticias\/a-la-carcel-tres-personas-investigadas-por-homicidio-de-un-hombre-a-quien-le-habrian-hurtado-la-bicicleta-en-la-localidad-de-suba\/"]}]},{"@type":"ImageObject","inLanguage":"es-CO","@id":"https:\/\/www.fiscalia.gov.co\/colombia\/noticias\/a-la-carcel-tres-personas-investigadas-por-homicidio-de-un-hombre-a-quien-le-habrian-hurtado-la-bicicleta-en-la-localidad-de-suba\/#primaryimage","url":"https:\/\/www.fiscalia.gov.co\/colombia\/wp-content\/uploads\/Maikol-Chaverra-Yulieth-Saldarriaga-Yunior-Contreras-1024x768.jpeg","contentUrl":"https:\/\/www.fiscalia.gov.co\/colombia\/wp-content\/uploads\/Maikol-Chaverra-Yulieth-Saldarriaga-Yunior-Contreras-1024x768.jpeg"},{"@type":"BreadcrumbList","@id":"https:\/\/www.fiscalia.gov.co\/colombia\/noticias\/a-la-carcel-tres-personas-investigadas-por-homicidio-de-un-hombre-a-quien-le-habrian-hurtado-la-bicicleta-en-la-localidad-de-suba\/#breadcrumb","itemListElement":[{"@type":"ListItem","position":1,"name":"Home","item":"https:\/\/www.fiscalia.gov.co\/colombia\/"},{"@type":"ListItem","position":2,"name":"A la c\u00e1rcel tres personas investigadas por homicidio de un hombre a quien le habr\u00edan hurtado la bicicleta en la localidad de Suba"}]},{"@type":"WebSite","@id":"https:\/\/www.fiscalia.gov.co\/colombia\/#website","url":"https:\/\/www.fiscalia.gov.co\/colombia\/","name":"Fiscal\u00eda General de la Naci\u00f3n","description":"P\u00e1gina oficial de la Fiscal\u00eda General de la Naci\u00f3n \u2013 Colombia. Garantizamos el acceso efectivo a la justicia, la verdad y la reparaci\u00f3n de las v\u00edctimas de los delitos.","publisher":{"@id":"https:\/\/www.fiscalia.gov.co\/colombia\/#organization"},"potentialAction":[{"@type":"SearchAction","target":{"@type":"EntryPoint","urlTemplate":"https:\/\/www.fiscalia.gov.co\/colombia\/?s={search_term_string}"},"query-input":{"@type":"PropertyValueSpecification","valueRequired":true,"valueName":"search_term_string"}}],"inLanguage":"es-CO"},{"@type":"Organization","@id":"https:\/\/www.fiscalia.gov.co\/colombia\/#organization","name":"Fiscal\u00eda General de la Naci\u00f3n","url":"https:\/\/www.fiscalia.gov.co\/colombia\/","logo":{"@type":"ImageObject","inLanguage":"es-CO","@id":"https:\/\/www.fiscalia.gov.co\/colombia\/#\/schema\/logo\/image\/","url":"https:\/\/www.fiscalia.gov.co\/colombia\/wp-content\/uploads\/LogoHorizontal_1.jpg","contentUrl":"https:\/\/www.fiscalia.gov.co\/colombia\/wp-content\/uploads\/LogoHorizontal_1.jpg","width":300,"height":90,"caption":"Fiscal\u00eda General de la Naci\u00f3n"},"image":{"@id":"https:\/\/www.fiscalia.gov.co\/colombia\/#\/schema\/logo\/image\/"},"sameAs":["https:\/\/www.facebook.com\/FiscaliaCol","https:\/\/x.com\/FiscaliaCol","https:\/\/www.instagram.com\/fiscaliacol","https:\/\/www.linkedin.com\/company\/fiscalia-general-de-la-naci-n\/","https:\/\/youtube.com\/@fiscaliageneraldelanacion-4668?si=6nN79nyQICPU5iTh"]},{"@type":"Person","@id":"https:\/\/www.fiscalia.gov.co\/colombia\/#\/schema\/person\/06aa2210fe4d79203f428ff671dee360","name":"Ana Mar\u00eda Gomez","image":{"@type":"ImageObject","inLanguage":"es-CO","@id":"https:\/\/www.fiscalia.gov.co\/colombia\/#\/schema\/person\/image\/","url":"https:\/\/secure.gravatar.com\/avatar\/a38115d98a7f8a96cbb96af2b2c37a0b?s=96&d=mm&r=g","contentUrl":"https:\/\/secure.gravatar.com\/avatar\/a38115d98a7f8a96cbb96af2b2c37a0b?s=96&d=mm&r=g","caption":"Ana Mar\u00eda Gomez"},"url":"https:\/\/www.fiscalia.gov.co\/colombia\/author\/agomez\/"}]}},"_links":{"self":[{"href":"https:\/\/www.fiscalia.gov.co\/colombia\/wp-json\/wp\/v2\/posts\/225290","targetHints":{"allow":["GET"]}}],"collection":[{"href":"https:\/\/www.fiscalia.gov.co\/colombia\/wp-json\/wp\/v2\/posts"}],"about":[{"href":"https:\/\/www.fiscalia.gov.co\/colombia\/wp-json\/wp\/v2\/types\/post"}],"author":[{"embeddable":true,"href":"https:\/\/www.fiscalia.gov.co\/colombia\/wp-json\/wp\/v2\/users\/171"}],"replies":[{"embeddable":true,"href":"https:\/\/www.fiscalia.gov.co\/colombia\/wp-json\/wp\/v2\/comments?post=225290"}],"version-history":[{"count":3,"href":"https:\/\/www.fiscalia.gov.co\/colombia\/wp-json\/wp\/v2\/posts\/225290\/revisions"}],"predecessor-version":[{"id":225295,"href":"https:\/\/www.fiscalia.gov.co\/colombia\/wp-json\/wp\/v2\/posts\/225290\/revisions\/225295"}],"wp:attachment":[{"href":"https:\/\/www.fiscalia.gov.co\/colombia\/wp-json\/wp\/v2\/media?parent=225290"}],"wp:term":[{"taxonomy":"category","embeddable":true,"href":"https:\/\/www.fiscalia.gov.co\/colombia\/wp-json\/wp\/v2\/categories?post=225290"},{"taxonomy":"post_tag","embeddable":true,"href":"https:\/\/www.fiscalia.gov.co\/colombia\/wp-json\/wp\/v2\/tags?post=225290"}],"curies":[{"name":"wp","href":"https:\/\/api.w.org\/{rel}","templated":true}]}}