{"id":225250,"date":"2021-07-21T14:43:02","date_gmt":"2021-07-21T19:43:02","guid":{"rendered":"https:\/\/www.fiscalia.gov.co\/colombia\/?p=225250"},"modified":"2021-07-21T14:43:02","modified_gmt":"2021-07-21T19:43:02","slug":"capturada-presunta-banda-que-habria-talado-2-000-hectareas-de-arboles-nativos-en-areas-protegidas-del-meta-y-guaviare","status":"publish","type":"post","link":"https:\/\/www.fiscalia.gov.co\/colombia\/hechos-concretos\/capturada-presunta-banda-que-habria-talado-2-000-hectareas-de-arboles-nativos-en-areas-protegidas-del-meta-y-guaviare\/","title":{"rendered":"Capturada presunta banda que habr\u00eda talado 2.000 hect\u00e1reas de \u00e1rboles nativos en \u00e1reas protegidas del Meta y Guaviare"},"content":{"rendered":"<p><strong>Fuente: Noticiero Macarena<\/strong><\/p>\n<p>Cedro amargo, cedro ancho, achapo, flormorado, cabo de hacha, laurel, pecueco, dormidero, array\u00e1n y salidillo, hacen parte de las especies de \u00e1rboles que, entre 2019 y 2021, desaparecieron para siempre de al menos dos millones de metros cuadrados de bosque y selva, localizados en los municipios de Puerto Concordia (Meta) y San Jos\u00e9 del Guaviare (Guaviare) a manos de la banda denominada \u2018Los Taladores\u2019.<\/p>\n<p>Seg\u00fan la Fiscal\u00eda, al menos 11 integrantes de esta organizaci\u00f3n ilegal fueron capturados en Villavicencio y Puerto Concordia (Meta), y puestos a disposici\u00f3n de la justicia, como presuntos responsables de los delitos de il\u00edcito aprovechamiento a los recursos naturales, da\u00f1o a los recursos naturales renovables y concierto para delinquir agravado.<\/p>\n<p>\u201cAl parecer, \u2018Los Taladores\u2019 transportaban la madera por los r\u00edos Guayabero y Ariari desde los distintos frentes de extracci\u00f3n il\u00edcita hasta dos aserradores ubicados en las veredas Aguas Claras y Guarapayas, en Puerto Concordia (Meta). En estos puntos la acopiaban, cortaban y transformaban en listones o planchones. Posteriormente, con gu\u00edas de movilizaci\u00f3n y salvoconductos vencidos o alterados la trasladaban en tractocamiones y a altas horas de la noche a Bogot\u00e1 y Villavicencio, Acac\u00edas, Granada y Guamal (Meta), donde el producto era comercializado y distribuido hacia diferentes ciudades del pa\u00eds\u201d, precis\u00f3 el ente investigador a trav\u00e9s de un comunicado oficial.<\/p>\n<p>Lea la noticia completa <a href=\"https:\/\/noticieromacarena.com\/2021\/07\/16\/capturan-11-ecocidas-en-el-meta\/\" target=\"_blank\" rel=\"noopener noreferrer\">aqu\u00ed<\/a>.<\/p>\n\n<div class=\"twitter-share\"><a href=\"https:\/\/twitter.com\/intent\/tweet?via=fiscaliacol\" class=\"twitter-share-button\">Tweet<\/a><\/div>\n","protected":false},"excerpt":{"rendered":"<p>Fuente: Noticiero Macarena Cedro amargo, cedro ancho, achapo, flormorado, cabo de hacha, laurel, pecueco, dormidero, array\u00e1n y salidillo, hacen parte de las especies de \u00e1rboles que, entre 2019 y 2021, desaparecieron para siempre de al menos dos millones de metros cuadrados de bosque y selva, localizados en los municipios de Puerto Concordia (Meta) y San [&hellip;]<\/p>\n","protected":false},"author":175,"featured_media":225286,"comment_status":"closed","ping_status":"open","sticky":false,"template":"","format":"standard","meta":{"tdm_status":"","tdm_grid_status":"","footnotes":""},"categories":[24184],"tags":[21553,7033,24401,24188],"class_list":{"0":"post-225250","1":"post","2":"type-post","3":"status-publish","4":"format-standard","5":"has-post-thumbnail","7":"category-hechos-concretos","8":"tag-dano-al-medio-ambiente","9":"tag-dano-ambiental","10":"tag-fiscal-barbosa-delgado","11":"tag-fiscal-francisco-barbosa"},"yoast_head":"<!-- This site is optimized with the Yoast SEO plugin v24.3 - https:\/\/yoast.com\/wordpress\/plugins\/seo\/ -->\n<title>Fiscal\u00eda General de la Naci\u00f3n<\/title>\n<meta name=\"description\" content=\"P\u00e1gina oficial de la Fiscal\u00eda General de la Naci\u00f3n \u2013 Colombia. Garantizamos el acceso efectivo a la justicia, la verdad y la reparaci\u00f3n de las v\u00edctimas de los delitos.\" \/>\n<meta name=\"robots\" content=\"noindex, follow\" \/>\n<meta property=\"og:locale\" content=\"es_ES\" \/>\n<meta property=\"og:type\" content=\"article\" \/>\n<meta property=\"og:title\" content=\"Fiscal\u00eda General de la Naci\u00f3n\" \/>\n<meta property=\"og:description\" content=\"P\u00e1gina oficial de la Fiscal\u00eda General de la Naci\u00f3n \u2013 Colombia. Garantizamos el acceso efectivo a la justicia, la verdad y la reparaci\u00f3n de las v\u00edctimas de los delitos.\" \/>\n<meta property=\"og:url\" content=\"https:\/\/www.fiscalia.gov.co\/colombia\/hechos-concretos\/capturada-presunta-banda-que-habria-talado-2-000-hectareas-de-arboles-nativos-en-areas-protegidas-del-meta-y-guaviare\/\" \/>\n<meta property=\"og:site_name\" content=\"Fiscal\u00eda General de la Naci\u00f3n\" \/>\n<meta property=\"article:publisher\" content=\"https:\/\/www.facebook.com\/FiscaliaCol\" \/>\n<meta property=\"article:published_time\" content=\"2021-07-21T19:43:02+00:00\" \/>\n<meta property=\"og:image\" content=\"https:\/\/www.fiscalia.gov.co\/colombia\/wp-content\/uploads\/Tala-de-\u00e1rboles.jpeg\" \/>\n\t<meta property=\"og:image:width\" content=\"1280\" \/>\n\t<meta property=\"og:image:height\" content=\"720\" \/>\n\t<meta property=\"og:image:type\" content=\"image\/jpeg\" \/>\n<meta name=\"author\" content=\"Katherine Loaiza Mart\u00ednez\" \/>\n<meta name=\"twitter:card\" content=\"summary_large_image\" \/>\n<meta name=\"twitter:creator\" content=\"@FiscaliaCol\" \/>\n<meta name=\"twitter:site\" content=\"@FiscaliaCol\" \/>\n<meta name=\"twitter:label1\" content=\"Escrito por\" \/>\n\t<meta name=\"twitter:data1\" content=\"Katherine Loaiza Mart\u00ednez\" \/>\n\t<meta name=\"twitter:label2\" content=\"Tiempo de lectura\" \/>\n\t<meta name=\"twitter:data2\" content=\"1 minuto\" \/>\n<script type=\"application\/ld+json\" class=\"yoast-schema-graph\">{\"@context\":\"https:\/\/schema.org\",\"@graph\":[{\"@type\":\"Article\",\"@id\":\"https:\/\/www.fiscalia.gov.co\/colombia\/hechos-concretos\/capturada-presunta-banda-que-habria-talado-2-000-hectareas-de-arboles-nativos-en-areas-protegidas-del-meta-y-guaviare\/#article\",\"isPartOf\":{\"@id\":\"https:\/\/www.fiscalia.gov.co\/colombia\/hechos-concretos\/capturada-presunta-banda-que-habria-talado-2-000-hectareas-de-arboles-nativos-en-areas-protegidas-del-meta-y-guaviare\/\"},\"author\":{\"name\":\"Katherine Loaiza Mart\u00ednez\",\"@id\":\"https:\/\/www.fiscalia.gov.co\/colombia\/#\/schema\/person\/2e76b9aba5ecf875ed565ce4de0e0415\"},\"headline\":\"Capturada presunta banda que habr\u00eda talado 2.000 hect\u00e1reas de \u00e1rboles nativos en \u00e1reas protegidas del Meta y Guaviare\",\"datePublished\":\"2021-07-21T19:43:02+00:00\",\"dateModified\":\"2021-07-21T19:43:02+00:00\",\"mainEntityOfPage\":{\"@id\":\"https:\/\/www.fiscalia.gov.co\/colombia\/hechos-concretos\/capturada-presunta-banda-que-habria-talado-2-000-hectareas-de-arboles-nativos-en-areas-protegidas-del-meta-y-guaviare\/\"},\"wordCount\":252,\"publisher\":{\"@id\":\"https:\/\/www.fiscalia.gov.co\/colombia\/#organization\"},\"image\":{\"@id\":\"https:\/\/www.fiscalia.gov.co\/colombia\/hechos-concretos\/capturada-presunta-banda-que-habria-talado-2-000-hectareas-de-arboles-nativos-en-areas-protegidas-del-meta-y-guaviare\/#primaryimage\"},\"thumbnailUrl\":\"https:\/\/www.fiscalia.gov.co\/colombia\/wp-content\/uploads\/Tala-de-\u00e1rboles.jpeg\",\"keywords\":[\"Da\u00f1o al medio ambiente\",\"Da\u00f1o ambiental\",\"Fiscal Barbosa Delgado\",\"Fiscal Francisco Barbosa\"],\"articleSection\":[\"Hechos concretos\"],\"inLanguage\":\"es-CO\"},{\"@type\":\"WebPage\",\"@id\":\"https:\/\/www.fiscalia.gov.co\/colombia\/hechos-concretos\/capturada-presunta-banda-que-habria-talado-2-000-hectareas-de-arboles-nativos-en-areas-protegidas-del-meta-y-guaviare\/\",\"url\":\"https:\/\/www.fiscalia.gov.co\/colombia\/hechos-concretos\/capturada-presunta-banda-que-habria-talado-2-000-hectareas-de-arboles-nativos-en-areas-protegidas-del-meta-y-guaviare\/\",\"name\":\"Fiscal\u00eda General de la Naci\u00f3n\",\"isPartOf\":{\"@id\":\"https:\/\/www.fiscalia.gov.co\/colombia\/#website\"},\"primaryImageOfPage\":{\"@id\":\"https:\/\/www.fiscalia.gov.co\/colombia\/hechos-concretos\/capturada-presunta-banda-que-habria-talado-2-000-hectareas-de-arboles-nativos-en-areas-protegidas-del-meta-y-guaviare\/#primaryimage\"},\"image\":{\"@id\":\"https:\/\/www.fiscalia.gov.co\/colombia\/hechos-concretos\/capturada-presunta-banda-que-habria-talado-2-000-hectareas-de-arboles-nativos-en-areas-protegidas-del-meta-y-guaviare\/#primaryimage\"},\"thumbnailUrl\":\"https:\/\/www.fiscalia.gov.co\/colombia\/wp-content\/uploads\/Tala-de-\u00e1rboles.jpeg\",\"datePublished\":\"2021-07-21T19:43:02+00:00\",\"dateModified\":\"2021-07-21T19:43:02+00:00\",\"description\":\"P\u00e1gina oficial de la Fiscal\u00eda General de la Naci\u00f3n \u2013 Colombia. Garantizamos el acceso efectivo a la justicia, la verdad y la reparaci\u00f3n de las v\u00edctimas de los delitos.\",\"breadcrumb\":{\"@id\":\"https:\/\/www.fiscalia.gov.co\/colombia\/hechos-concretos\/capturada-presunta-banda-que-habria-talado-2-000-hectareas-de-arboles-nativos-en-areas-protegidas-del-meta-y-guaviare\/#breadcrumb\"},\"inLanguage\":\"es-CO\",\"potentialAction\":[{\"@type\":\"ReadAction\",\"target\":[\"https:\/\/www.fiscalia.gov.co\/colombia\/hechos-concretos\/capturada-presunta-banda-que-habria-talado-2-000-hectareas-de-arboles-nativos-en-areas-protegidas-del-meta-y-guaviare\/\"]}]},{\"@type\":\"ImageObject\",\"inLanguage\":\"es-CO\",\"@id\":\"https:\/\/www.fiscalia.gov.co\/colombia\/hechos-concretos\/capturada-presunta-banda-que-habria-talado-2-000-hectareas-de-arboles-nativos-en-areas-protegidas-del-meta-y-guaviare\/#primaryimage\",\"url\":\"https:\/\/www.fiscalia.gov.co\/colombia\/wp-content\/uploads\/Tala-de-\u00e1rboles.jpeg\",\"contentUrl\":\"https:\/\/www.fiscalia.gov.co\/colombia\/wp-content\/uploads\/Tala-de-\u00e1rboles.jpeg\",\"width\":1280,\"height\":720},{\"@type\":\"BreadcrumbList\",\"@id\":\"https:\/\/www.fiscalia.gov.co\/colombia\/hechos-concretos\/capturada-presunta-banda-que-habria-talado-2-000-hectareas-de-arboles-nativos-en-areas-protegidas-del-meta-y-guaviare\/#breadcrumb\",\"itemListElement\":[{\"@type\":\"ListItem\",\"position\":1,\"name\":\"Home\",\"item\":\"https:\/\/www.fiscalia.gov.co\/colombia\/\"},{\"@type\":\"ListItem\",\"position\":2,\"name\":\"Capturada presunta banda que habr\u00eda talado 2.000 hect\u00e1reas de \u00e1rboles nativos en \u00e1reas protegidas del Meta y Guaviare\"}]},{\"@type\":\"WebSite\",\"@id\":\"https:\/\/www.fiscalia.gov.co\/colombia\/#website\",\"url\":\"https:\/\/www.fiscalia.gov.co\/colombia\/\",\"name\":\"Fiscal\u00eda General de la Naci\u00f3n\",\"description\":\"P\u00e1gina oficial de la Fiscal\u00eda General de la Naci\u00f3n \u2013 Colombia. Garantizamos el acceso efectivo a la justicia, la verdad y la reparaci\u00f3n de las v\u00edctimas de los delitos.\",\"publisher\":{\"@id\":\"https:\/\/www.fiscalia.gov.co\/colombia\/#organization\"},\"potentialAction\":[{\"@type\":\"SearchAction\",\"target\":{\"@type\":\"EntryPoint\",\"urlTemplate\":\"https:\/\/www.fiscalia.gov.co\/colombia\/?s={search_term_string}\"},\"query-input\":{\"@type\":\"PropertyValueSpecification\",\"valueRequired\":true,\"valueName\":\"search_term_string\"}}],\"inLanguage\":\"es-CO\"},{\"@type\":\"Organization\",\"@id\":\"https:\/\/www.fiscalia.gov.co\/colombia\/#organization\",\"name\":\"Fiscal\u00eda General de la Naci\u00f3n\",\"url\":\"https:\/\/www.fiscalia.gov.co\/colombia\/\",\"logo\":{\"@type\":\"ImageObject\",\"inLanguage\":\"es-CO\",\"@id\":\"https:\/\/www.fiscalia.gov.co\/colombia\/#\/schema\/logo\/image\/\",\"url\":\"https:\/\/www.fiscalia.gov.co\/colombia\/wp-content\/uploads\/LogoHorizontal_1.jpg\",\"contentUrl\":\"https:\/\/www.fiscalia.gov.co\/colombia\/wp-content\/uploads\/LogoHorizontal_1.jpg\",\"width\":300,\"height\":90,\"caption\":\"Fiscal\u00eda General de la Naci\u00f3n\"},\"image\":{\"@id\":\"https:\/\/www.fiscalia.gov.co\/colombia\/#\/schema\/logo\/image\/\"},\"sameAs\":[\"https:\/\/www.facebook.com\/FiscaliaCol\",\"https:\/\/x.com\/FiscaliaCol\",\"https:\/\/www.instagram.com\/fiscaliacol\",\"https:\/\/www.linkedin.com\/company\/fiscalia-general-de-la-naci-n\/\",\"https:\/\/youtube.com\/@fiscaliageneraldelanacion-4668?si=6nN79nyQICPU5iTh\"]},{\"@type\":\"Person\",\"@id\":\"https:\/\/www.fiscalia.gov.co\/colombia\/#\/schema\/person\/2e76b9aba5ecf875ed565ce4de0e0415\",\"name\":\"Katherine Loaiza Mart\u00ednez\",\"image\":{\"@type\":\"ImageObject\",\"inLanguage\":\"es-CO\",\"@id\":\"https:\/\/www.fiscalia.gov.co\/colombia\/#\/schema\/person\/image\/\",\"url\":\"https:\/\/secure.gravatar.com\/avatar\/ab775a2f394c1b83b6d6f78680e57b50?s=96&d=mm&r=g\",\"contentUrl\":\"https:\/\/secure.gravatar.com\/avatar\/ab775a2f394c1b83b6d6f78680e57b50?s=96&d=mm&r=g\",\"caption\":\"Katherine Loaiza Mart\u00ednez\"},\"url\":\"https:\/\/www.fiscalia.gov.co\/colombia\/author\/kloaiza\/\"}]}<\/script>\n<!-- \/ Yoast SEO plugin. -->","yoast_head_json":{"title":"Fiscal\u00eda General de la Naci\u00f3n","description":"P\u00e1gina oficial de la Fiscal\u00eda General de la Naci\u00f3n \u2013 Colombia. Garantizamos el acceso efectivo a la justicia, la verdad y la reparaci\u00f3n de las v\u00edctimas de los delitos.","robots":{"index":"noindex","follow":"follow"},"og_locale":"es_ES","og_type":"article","og_title":"Fiscal\u00eda General de la Naci\u00f3n","og_description":"P\u00e1gina oficial de la Fiscal\u00eda General de la Naci\u00f3n \u2013 Colombia. Garantizamos el acceso efectivo a la justicia, la verdad y la reparaci\u00f3n de las v\u00edctimas de los delitos.","og_url":"https:\/\/www.fiscalia.gov.co\/colombia\/hechos-concretos\/capturada-presunta-banda-que-habria-talado-2-000-hectareas-de-arboles-nativos-en-areas-protegidas-del-meta-y-guaviare\/","og_site_name":"Fiscal\u00eda General de la Naci\u00f3n","article_publisher":"https:\/\/www.facebook.com\/FiscaliaCol","article_published_time":"2021-07-21T19:43:02+00:00","og_image":[{"width":1280,"height":720,"url":"https:\/\/www.fiscalia.gov.co\/colombia\/wp-content\/uploads\/Tala-de-\u00e1rboles.jpeg","type":"image\/jpeg"}],"author":"Katherine Loaiza Mart\u00ednez","twitter_card":"summary_large_image","twitter_creator":"@FiscaliaCol","twitter_site":"@FiscaliaCol","twitter_misc":{"Escrito por":"Katherine Loaiza Mart\u00ednez","Tiempo de lectura":"1 minuto"},"schema":{"@context":"https:\/\/schema.org","@graph":[{"@type":"Article","@id":"https:\/\/www.fiscalia.gov.co\/colombia\/hechos-concretos\/capturada-presunta-banda-que-habria-talado-2-000-hectareas-de-arboles-nativos-en-areas-protegidas-del-meta-y-guaviare\/#article","isPartOf":{"@id":"https:\/\/www.fiscalia.gov.co\/colombia\/hechos-concretos\/capturada-presunta-banda-que-habria-talado-2-000-hectareas-de-arboles-nativos-en-areas-protegidas-del-meta-y-guaviare\/"},"author":{"name":"Katherine Loaiza Mart\u00ednez","@id":"https:\/\/www.fiscalia.gov.co\/colombia\/#\/schema\/person\/2e76b9aba5ecf875ed565ce4de0e0415"},"headline":"Capturada presunta banda que habr\u00eda talado 2.000 hect\u00e1reas de \u00e1rboles nativos en \u00e1reas protegidas del Meta y Guaviare","datePublished":"2021-07-21T19:43:02+00:00","dateModified":"2021-07-21T19:43:02+00:00","mainEntityOfPage":{"@id":"https:\/\/www.fiscalia.gov.co\/colombia\/hechos-concretos\/capturada-presunta-banda-que-habria-talado-2-000-hectareas-de-arboles-nativos-en-areas-protegidas-del-meta-y-guaviare\/"},"wordCount":252,"publisher":{"@id":"https:\/\/www.fiscalia.gov.co\/colombia\/#organization"},"image":{"@id":"https:\/\/www.fiscalia.gov.co\/colombia\/hechos-concretos\/capturada-presunta-banda-que-habria-talado-2-000-hectareas-de-arboles-nativos-en-areas-protegidas-del-meta-y-guaviare\/#primaryimage"},"thumbnailUrl":"https:\/\/www.fiscalia.gov.co\/colombia\/wp-content\/uploads\/Tala-de-\u00e1rboles.jpeg","keywords":["Da\u00f1o al medio ambiente","Da\u00f1o ambiental","Fiscal Barbosa Delgado","Fiscal Francisco Barbosa"],"articleSection":["Hechos concretos"],"inLanguage":"es-CO"},{"@type":"WebPage","@id":"https:\/\/www.fiscalia.gov.co\/colombia\/hechos-concretos\/capturada-presunta-banda-que-habria-talado-2-000-hectareas-de-arboles-nativos-en-areas-protegidas-del-meta-y-guaviare\/","url":"https:\/\/www.fiscalia.gov.co\/colombia\/hechos-concretos\/capturada-presunta-banda-que-habria-talado-2-000-hectareas-de-arboles-nativos-en-areas-protegidas-del-meta-y-guaviare\/","name":"Fiscal\u00eda General de la Naci\u00f3n","isPartOf":{"@id":"https:\/\/www.fiscalia.gov.co\/colombia\/#website"},"primaryImageOfPage":{"@id":"https:\/\/www.fiscalia.gov.co\/colombia\/hechos-concretos\/capturada-presunta-banda-que-habria-talado-2-000-hectareas-de-arboles-nativos-en-areas-protegidas-del-meta-y-guaviare\/#primaryimage"},"image":{"@id":"https:\/\/www.fiscalia.gov.co\/colombia\/hechos-concretos\/capturada-presunta-banda-que-habria-talado-2-000-hectareas-de-arboles-nativos-en-areas-protegidas-del-meta-y-guaviare\/#primaryimage"},"thumbnailUrl":"https:\/\/www.fiscalia.gov.co\/colombia\/wp-content\/uploads\/Tala-de-\u00e1rboles.jpeg","datePublished":"2021-07-21T19:43:02+00:00","dateModified":"2021-07-21T19:43:02+00:00","description":"P\u00e1gina oficial de la Fiscal\u00eda General de la Naci\u00f3n \u2013 Colombia. Garantizamos el acceso efectivo a la justicia, la verdad y la reparaci\u00f3n de las v\u00edctimas de los delitos.","breadcrumb":{"@id":"https:\/\/www.fiscalia.gov.co\/colombia\/hechos-concretos\/capturada-presunta-banda-que-habria-talado-2-000-hectareas-de-arboles-nativos-en-areas-protegidas-del-meta-y-guaviare\/#breadcrumb"},"inLanguage":"es-CO","potentialAction":[{"@type":"ReadAction","target":["https:\/\/www.fiscalia.gov.co\/colombia\/hechos-concretos\/capturada-presunta-banda-que-habria-talado-2-000-hectareas-de-arboles-nativos-en-areas-protegidas-del-meta-y-guaviare\/"]}]},{"@type":"ImageObject","inLanguage":"es-CO","@id":"https:\/\/www.fiscalia.gov.co\/colombia\/hechos-concretos\/capturada-presunta-banda-que-habria-talado-2-000-hectareas-de-arboles-nativos-en-areas-protegidas-del-meta-y-guaviare\/#primaryimage","url":"https:\/\/www.fiscalia.gov.co\/colombia\/wp-content\/uploads\/Tala-de-\u00e1rboles.jpeg","contentUrl":"https:\/\/www.fiscalia.gov.co\/colombia\/wp-content\/uploads\/Tala-de-\u00e1rboles.jpeg","width":1280,"height":720},{"@type":"BreadcrumbList","@id":"https:\/\/www.fiscalia.gov.co\/colombia\/hechos-concretos\/capturada-presunta-banda-que-habria-talado-2-000-hectareas-de-arboles-nativos-en-areas-protegidas-del-meta-y-guaviare\/#breadcrumb","itemListElement":[{"@type":"ListItem","position":1,"name":"Home","item":"https:\/\/www.fiscalia.gov.co\/colombia\/"},{"@type":"ListItem","position":2,"name":"Capturada presunta banda que habr\u00eda talado 2.000 hect\u00e1reas de \u00e1rboles nativos en \u00e1reas protegidas del Meta y Guaviare"}]},{"@type":"WebSite","@id":"https:\/\/www.fiscalia.gov.co\/colombia\/#website","url":"https:\/\/www.fiscalia.gov.co\/colombia\/","name":"Fiscal\u00eda General de la Naci\u00f3n","description":"P\u00e1gina oficial de la Fiscal\u00eda General de la Naci\u00f3n \u2013 Colombia. Garantizamos el acceso efectivo a la justicia, la verdad y la reparaci\u00f3n de las v\u00edctimas de los delitos.","publisher":{"@id":"https:\/\/www.fiscalia.gov.co\/colombia\/#organization"},"potentialAction":[{"@type":"SearchAction","target":{"@type":"EntryPoint","urlTemplate":"https:\/\/www.fiscalia.gov.co\/colombia\/?s={search_term_string}"},"query-input":{"@type":"PropertyValueSpecification","valueRequired":true,"valueName":"search_term_string"}}],"inLanguage":"es-CO"},{"@type":"Organization","@id":"https:\/\/www.fiscalia.gov.co\/colombia\/#organization","name":"Fiscal\u00eda General de la Naci\u00f3n","url":"https:\/\/www.fiscalia.gov.co\/colombia\/","logo":{"@type":"ImageObject","inLanguage":"es-CO","@id":"https:\/\/www.fiscalia.gov.co\/colombia\/#\/schema\/logo\/image\/","url":"https:\/\/www.fiscalia.gov.co\/colombia\/wp-content\/uploads\/LogoHorizontal_1.jpg","contentUrl":"https:\/\/www.fiscalia.gov.co\/colombia\/wp-content\/uploads\/LogoHorizontal_1.jpg","width":300,"height":90,"caption":"Fiscal\u00eda General de la Naci\u00f3n"},"image":{"@id":"https:\/\/www.fiscalia.gov.co\/colombia\/#\/schema\/logo\/image\/"},"sameAs":["https:\/\/www.facebook.com\/FiscaliaCol","https:\/\/x.com\/FiscaliaCol","https:\/\/www.instagram.com\/fiscaliacol","https:\/\/www.linkedin.com\/company\/fiscalia-general-de-la-naci-n\/","https:\/\/youtube.com\/@fiscaliageneraldelanacion-4668?si=6nN79nyQICPU5iTh"]},{"@type":"Person","@id":"https:\/\/www.fiscalia.gov.co\/colombia\/#\/schema\/person\/2e76b9aba5ecf875ed565ce4de0e0415","name":"Katherine Loaiza Mart\u00ednez","image":{"@type":"ImageObject","inLanguage":"es-CO","@id":"https:\/\/www.fiscalia.gov.co\/colombia\/#\/schema\/person\/image\/","url":"https:\/\/secure.gravatar.com\/avatar\/ab775a2f394c1b83b6d6f78680e57b50?s=96&d=mm&r=g","contentUrl":"https:\/\/secure.gravatar.com\/avatar\/ab775a2f394c1b83b6d6f78680e57b50?s=96&d=mm&r=g","caption":"Katherine Loaiza Mart\u00ednez"},"url":"https:\/\/www.fiscalia.gov.co\/colombia\/author\/kloaiza\/"}]}},"_links":{"self":[{"href":"https:\/\/www.fiscalia.gov.co\/colombia\/wp-json\/wp\/v2\/posts\/225250","targetHints":{"allow":["GET"]}}],"collection":[{"href":"https:\/\/www.fiscalia.gov.co\/colombia\/wp-json\/wp\/v2\/posts"}],"about":[{"href":"https:\/\/www.fiscalia.gov.co\/colombia\/wp-json\/wp\/v2\/types\/post"}],"author":[{"embeddable":true,"href":"https:\/\/www.fiscalia.gov.co\/colombia\/wp-json\/wp\/v2\/users\/175"}],"replies":[{"embeddable":true,"href":"https:\/\/www.fiscalia.gov.co\/colombia\/wp-json\/wp\/v2\/comments?post=225250"}],"version-history":[{"count":1,"href":"https:\/\/www.fiscalia.gov.co\/colombia\/wp-json\/wp\/v2\/posts\/225250\/revisions"}],"predecessor-version":[{"id":225256,"href":"https:\/\/www.fiscalia.gov.co\/colombia\/wp-json\/wp\/v2\/posts\/225250\/revisions\/225256"}],"wp:featuredmedia":[{"embeddable":true,"href":"https:\/\/www.fiscalia.gov.co\/colombia\/wp-json\/wp\/v2\/media\/225286"}],"wp:attachment":[{"href":"https:\/\/www.fiscalia.gov.co\/colombia\/wp-json\/wp\/v2\/media?parent=225250"}],"wp:term":[{"taxonomy":"category","embeddable":true,"href":"https:\/\/www.fiscalia.gov.co\/colombia\/wp-json\/wp\/v2\/categories?post=225250"},{"taxonomy":"post_tag","embeddable":true,"href":"https:\/\/www.fiscalia.gov.co\/colombia\/wp-json\/wp\/v2\/tags?post=225250"}],"curies":[{"name":"wp","href":"https:\/\/api.w.org\/{rel}","templated":true}]}}