{"id":225115,"date":"2021-07-19T18:21:17","date_gmt":"2021-07-19T23:21:17","guid":{"rendered":"https:\/\/www.fiscalia.gov.co\/colombia\/?p=225115"},"modified":"2021-07-19T18:21:17","modified_gmt":"2021-07-19T23:21:17","slug":"capturaron-a-ciudadano-albanes-que-presuntamente-se-encargaba-de-sacar-cocaina-de-colombia-en-vuelos-charter","status":"publish","type":"post","link":"https:\/\/www.fiscalia.gov.co\/colombia\/hechos-concretos\/capturaron-a-ciudadano-albanes-que-presuntamente-se-encargaba-de-sacar-cocaina-de-colombia-en-vuelos-charter\/","title":{"rendered":"Capturaron a ciudadano alban\u00e9s que presuntamente se encargaba de sacar coca\u00edna de Colombia en vuelos ch\u00e1rter"},"content":{"rendered":"<p><strong>Fuente: Infobae<\/strong><\/p>\n<p>En diligencias realizadas simult\u00e1neamente en Monter\u00eda (C\u00f3rdoba), Santander de Quilichao (Cauca), y Tulu\u00e1 y Cali (Valle del Cauca), la Direcci\u00f3n Especializada contra el Narcotr\u00e1fico de la Fiscal\u00eda, en trabajo articulado con la Direcci\u00f3n Antinarc\u00f3ticos de la Polic\u00eda Nacional y la agencia estadounidense DEA, desarticul\u00f3 una red narcotraficante, cuyo cabecilla ser\u00eda un ciudadano de Albania. Los cinco presuntos integrantes de la estructura fueron capturados con fines de extradici\u00f3n, en atenci\u00f3n a un requerimiento de una corte distrital de Estados Unidos.<\/p>\n<p>El extranjero, identificado como Agim Cerma, y conocido con el alias de \u2018Jimmy\u2019, ser\u00eda el principal articulador de la actividad criminal. Al parecer, recib\u00eda giros de divisas de Europa para adquirir coca\u00edna en las zonas de producci\u00f3n il\u00edcita en Cauca, y garantizar el env\u00edo del estupefaciente en vuelos ch\u00e1rter que sal\u00edan del Aeropuerto Internacional Alfonso Bonilla Arag\u00f3n de Palmira (Valle del Cauca). Hay indicios de que los dineros ingresaban a Colombia mediante intermediarios financieros, conocidos como \u2018brokers\u2019.<\/p>\n<p>De acuerdo con la investigaci\u00f3n, el ciudadano alban\u00e9s y sus se\u00f1alados colaboradores manten\u00edan alianzas con el \u2018Clan del Golfo\u2019 en la regi\u00f3n de Urab\u00e1, y con los grupos disidentes de las FARC en el suroccidentes del pa\u00eds para comprar y mover el estupefaciente. Adicionalmente, habr\u00edan establecido contactos con controladores a\u00e9reos y personal de vigilancia aeron\u00e1utica para que les permitieran sacar los cargamentos.<\/p>\n<p>Lea la noticia completa <a href=\"https:\/\/www.infobae.com\/america\/colombia\/2021\/07\/19\/capturaron-a-ciudadano-albanes-que-se-encargaba-de-sacar-cocaina-de-colombia-en-vuelos-charter\/\" target=\"_blank\" rel=\"noopener noreferrer\">aqu\u00ed<\/a>.<\/p>\n<p>&nbsp;<\/p>\n\n<div class=\"twitter-share\"><a href=\"https:\/\/twitter.com\/intent\/tweet?via=fiscaliacol\" class=\"twitter-share-button\">Tweet<\/a><\/div>\n","protected":false},"excerpt":{"rendered":"<p>Fuente: Infobae En diligencias realizadas simult\u00e1neamente en Monter\u00eda (C\u00f3rdoba), Santander de Quilichao (Cauca), y Tulu\u00e1 y Cali (Valle del Cauca), la Direcci\u00f3n Especializada contra el Narcotr\u00e1fico de la Fiscal\u00eda, en trabajo articulado con la Direcci\u00f3n Antinarc\u00f3ticos de la Polic\u00eda Nacional y la agencia estadounidense DEA, desarticul\u00f3 una red narcotraficante, cuyo cabecilla ser\u00eda un ciudadano de [&hellip;]<\/p>\n","protected":false},"author":175,"featured_media":225160,"comment_status":"closed","ping_status":"open","sticky":false,"template":"","format":"standard","meta":{"_price":"","_stock":"","_tribe_ticket_header":"","_tribe_default_ticket_provider":"","_tribe_ticket_capacity":"0","_ticket_start_date":"","_ticket_end_date":"","_tribe_ticket_show_description":"","_tribe_ticket_show_not_going":false,"_tribe_ticket_use_global_stock":"","_tribe_ticket_global_stock_level":"","_global_stock_mode":"","_global_stock_cap":"","_tribe_rsvp_for_event":"","_tribe_ticket_going_count":"","_tribe_ticket_not_going_count":"","_tribe_tickets_list":"[]","_tribe_ticket_has_attendee_info_fields":false,"tdm_status":"","tdm_grid_status":"","footnotes":""},"categories":[24184],"tags":[24401,24189,573],"class_list":{"0":"post-225115","1":"post","2":"type-post","3":"status-publish","4":"format-standard","5":"has-post-thumbnail","7":"category-hechos-concretos","8":"tag-fiscal-barbosa-delgado","9":"tag-fiscal-francisco-barbosa-delgado","10":"tag-trafico-de-cocaina"},"yoast_head":"<!-- This site is optimized with the Yoast SEO plugin v24.3 - https:\/\/yoast.com\/wordpress\/plugins\/seo\/ -->\n<title>Fiscal\u00eda General de la Naci\u00f3n<\/title>\n<meta name=\"description\" content=\"P\u00e1gina oficial de la Fiscal\u00eda General de la Naci\u00f3n \u2013 Colombia. Garantizamos el acceso efectivo a la justicia, la verdad y la reparaci\u00f3n de las v\u00edctimas de los delitos.\" \/>\n<meta name=\"robots\" content=\"noindex, follow\" \/>\n<meta property=\"og:locale\" content=\"es_ES\" \/>\n<meta property=\"og:type\" content=\"article\" \/>\n<meta property=\"og:title\" content=\"Fiscal\u00eda General de la Naci\u00f3n\" \/>\n<meta property=\"og:description\" content=\"P\u00e1gina oficial de la Fiscal\u00eda General de la Naci\u00f3n \u2013 Colombia. Garantizamos el acceso efectivo a la justicia, la verdad y la reparaci\u00f3n de las v\u00edctimas de los delitos.\" \/>\n<meta property=\"og:url\" content=\"https:\/\/www.fiscalia.gov.co\/colombia\/hechos-concretos\/capturaron-a-ciudadano-albanes-que-presuntamente-se-encargaba-de-sacar-cocaina-de-colombia-en-vuelos-charter\/\" \/>\n<meta property=\"og:site_name\" content=\"Fiscal\u00eda General de la Naci\u00f3n\" \/>\n<meta property=\"article:publisher\" content=\"https:\/\/www.facebook.com\/FiscaliaCol\" \/>\n<meta property=\"article:published_time\" content=\"2021-07-19T23:21:17+00:00\" \/>\n<meta property=\"og:image\" content=\"https:\/\/www.fiscalia.gov.co\/colombia\/wp-content\/uploads\/Ciudadano-Alban\u00e8s.jpeg\" \/>\n\t<meta property=\"og:image:width\" content=\"1280\" \/>\n\t<meta property=\"og:image:height\" content=\"732\" \/>\n\t<meta property=\"og:image:type\" content=\"image\/jpeg\" \/>\n<meta name=\"author\" content=\"Katherine Loaiza Mart\u00ednez\" \/>\n<meta name=\"twitter:card\" content=\"summary_large_image\" \/>\n<meta name=\"twitter:creator\" content=\"@FiscaliaCol\" \/>\n<meta name=\"twitter:site\" content=\"@FiscaliaCol\" \/>\n<meta name=\"twitter:label1\" content=\"Escrito por\" \/>\n\t<meta name=\"twitter:data1\" content=\"Katherine Loaiza Mart\u00ednez\" \/>\n\t<meta name=\"twitter:label2\" content=\"Tiempo de lectura\" \/>\n\t<meta name=\"twitter:data2\" content=\"1 minuto\" \/>\n<script type=\"application\/ld+json\" class=\"yoast-schema-graph\">{\"@context\":\"https:\/\/schema.org\",\"@graph\":[{\"@type\":\"Article\",\"@id\":\"https:\/\/www.fiscalia.gov.co\/colombia\/hechos-concretos\/capturaron-a-ciudadano-albanes-que-presuntamente-se-encargaba-de-sacar-cocaina-de-colombia-en-vuelos-charter\/#article\",\"isPartOf\":{\"@id\":\"https:\/\/www.fiscalia.gov.co\/colombia\/hechos-concretos\/capturaron-a-ciudadano-albanes-que-presuntamente-se-encargaba-de-sacar-cocaina-de-colombia-en-vuelos-charter\/\"},\"author\":{\"name\":\"Katherine Loaiza Mart\u00ednez\",\"@id\":\"https:\/\/www.fiscalia.gov.co\/colombia\/#\/schema\/person\/2e76b9aba5ecf875ed565ce4de0e0415\"},\"headline\":\"Capturaron a ciudadano alban\u00e9s que presuntamente se encargaba de sacar coca\u00edna de Colombia en vuelos ch\u00e1rter\",\"datePublished\":\"2021-07-19T23:21:17+00:00\",\"dateModified\":\"2021-07-19T23:21:17+00:00\",\"mainEntityOfPage\":{\"@id\":\"https:\/\/www.fiscalia.gov.co\/colombia\/hechos-concretos\/capturaron-a-ciudadano-albanes-que-presuntamente-se-encargaba-de-sacar-cocaina-de-colombia-en-vuelos-charter\/\"},\"wordCount\":275,\"publisher\":{\"@id\":\"https:\/\/www.fiscalia.gov.co\/colombia\/#organization\"},\"image\":{\"@id\":\"https:\/\/www.fiscalia.gov.co\/colombia\/hechos-concretos\/capturaron-a-ciudadano-albanes-que-presuntamente-se-encargaba-de-sacar-cocaina-de-colombia-en-vuelos-charter\/#primaryimage\"},\"thumbnailUrl\":\"https:\/\/www.fiscalia.gov.co\/colombia\/wp-content\/uploads\/Ciudadano-Alban\u00e8s.jpeg\",\"keywords\":[\"Fiscal Barbosa Delgado\",\"Fiscal Francisco Barbosa Delgado\",\"Tr\u00e1fico de coca\u00edna\"],\"articleSection\":[\"Hechos concretos\"],\"inLanguage\":\"es-CO\"},{\"@type\":\"WebPage\",\"@id\":\"https:\/\/www.fiscalia.gov.co\/colombia\/hechos-concretos\/capturaron-a-ciudadano-albanes-que-presuntamente-se-encargaba-de-sacar-cocaina-de-colombia-en-vuelos-charter\/\",\"url\":\"https:\/\/www.fiscalia.gov.co\/colombia\/hechos-concretos\/capturaron-a-ciudadano-albanes-que-presuntamente-se-encargaba-de-sacar-cocaina-de-colombia-en-vuelos-charter\/\",\"name\":\"Fiscal\u00eda General de la Naci\u00f3n\",\"isPartOf\":{\"@id\":\"https:\/\/www.fiscalia.gov.co\/colombia\/#website\"},\"primaryImageOfPage\":{\"@id\":\"https:\/\/www.fiscalia.gov.co\/colombia\/hechos-concretos\/capturaron-a-ciudadano-albanes-que-presuntamente-se-encargaba-de-sacar-cocaina-de-colombia-en-vuelos-charter\/#primaryimage\"},\"image\":{\"@id\":\"https:\/\/www.fiscalia.gov.co\/colombia\/hechos-concretos\/capturaron-a-ciudadano-albanes-que-presuntamente-se-encargaba-de-sacar-cocaina-de-colombia-en-vuelos-charter\/#primaryimage\"},\"thumbnailUrl\":\"https:\/\/www.fiscalia.gov.co\/colombia\/wp-content\/uploads\/Ciudadano-Alban\u00e8s.jpeg\",\"datePublished\":\"2021-07-19T23:21:17+00:00\",\"dateModified\":\"2021-07-19T23:21:17+00:00\",\"description\":\"P\u00e1gina oficial de la Fiscal\u00eda General de la Naci\u00f3n \u2013 Colombia. Garantizamos el acceso efectivo a la justicia, la verdad y la reparaci\u00f3n de las v\u00edctimas de los delitos.\",\"breadcrumb\":{\"@id\":\"https:\/\/www.fiscalia.gov.co\/colombia\/hechos-concretos\/capturaron-a-ciudadano-albanes-que-presuntamente-se-encargaba-de-sacar-cocaina-de-colombia-en-vuelos-charter\/#breadcrumb\"},\"inLanguage\":\"es-CO\",\"potentialAction\":[{\"@type\":\"ReadAction\",\"target\":[\"https:\/\/www.fiscalia.gov.co\/colombia\/hechos-concretos\/capturaron-a-ciudadano-albanes-que-presuntamente-se-encargaba-de-sacar-cocaina-de-colombia-en-vuelos-charter\/\"]}]},{\"@type\":\"ImageObject\",\"inLanguage\":\"es-CO\",\"@id\":\"https:\/\/www.fiscalia.gov.co\/colombia\/hechos-concretos\/capturaron-a-ciudadano-albanes-que-presuntamente-se-encargaba-de-sacar-cocaina-de-colombia-en-vuelos-charter\/#primaryimage\",\"url\":\"https:\/\/www.fiscalia.gov.co\/colombia\/wp-content\/uploads\/Ciudadano-Alban\u00e8s.jpeg\",\"contentUrl\":\"https:\/\/www.fiscalia.gov.co\/colombia\/wp-content\/uploads\/Ciudadano-Alban\u00e8s.jpeg\",\"width\":1280,\"height\":732},{\"@type\":\"BreadcrumbList\",\"@id\":\"https:\/\/www.fiscalia.gov.co\/colombia\/hechos-concretos\/capturaron-a-ciudadano-albanes-que-presuntamente-se-encargaba-de-sacar-cocaina-de-colombia-en-vuelos-charter\/#breadcrumb\",\"itemListElement\":[{\"@type\":\"ListItem\",\"position\":1,\"name\":\"Home\",\"item\":\"https:\/\/www.fiscalia.gov.co\/colombia\/\"},{\"@type\":\"ListItem\",\"position\":2,\"name\":\"Capturaron a ciudadano alban\u00e9s que presuntamente se encargaba de sacar coca\u00edna de Colombia en vuelos ch\u00e1rter\"}]},{\"@type\":\"WebSite\",\"@id\":\"https:\/\/www.fiscalia.gov.co\/colombia\/#website\",\"url\":\"https:\/\/www.fiscalia.gov.co\/colombia\/\",\"name\":\"Fiscal\u00eda General de la Naci\u00f3n\",\"description\":\"P\u00e1gina oficial de la Fiscal\u00eda General de la Naci\u00f3n \u2013 Colombia. Garantizamos el acceso efectivo a la justicia, la verdad y la reparaci\u00f3n de las v\u00edctimas de los delitos.\",\"publisher\":{\"@id\":\"https:\/\/www.fiscalia.gov.co\/colombia\/#organization\"},\"potentialAction\":[{\"@type\":\"SearchAction\",\"target\":{\"@type\":\"EntryPoint\",\"urlTemplate\":\"https:\/\/www.fiscalia.gov.co\/colombia\/?s={search_term_string}\"},\"query-input\":{\"@type\":\"PropertyValueSpecification\",\"valueRequired\":true,\"valueName\":\"search_term_string\"}}],\"inLanguage\":\"es-CO\"},{\"@type\":\"Organization\",\"@id\":\"https:\/\/www.fiscalia.gov.co\/colombia\/#organization\",\"name\":\"Fiscal\u00eda General de la Naci\u00f3n\",\"url\":\"https:\/\/www.fiscalia.gov.co\/colombia\/\",\"logo\":{\"@type\":\"ImageObject\",\"inLanguage\":\"es-CO\",\"@id\":\"https:\/\/www.fiscalia.gov.co\/colombia\/#\/schema\/logo\/image\/\",\"url\":\"https:\/\/www.fiscalia.gov.co\/colombia\/wp-content\/uploads\/LogoHorizontal_1.jpg\",\"contentUrl\":\"https:\/\/www.fiscalia.gov.co\/colombia\/wp-content\/uploads\/LogoHorizontal_1.jpg\",\"width\":300,\"height\":90,\"caption\":\"Fiscal\u00eda General de la Naci\u00f3n\"},\"image\":{\"@id\":\"https:\/\/www.fiscalia.gov.co\/colombia\/#\/schema\/logo\/image\/\"},\"sameAs\":[\"https:\/\/www.facebook.com\/FiscaliaCol\",\"https:\/\/x.com\/FiscaliaCol\",\"https:\/\/www.instagram.com\/fiscaliacol\",\"https:\/\/www.linkedin.com\/company\/fiscalia-general-de-la-naci-n\/\",\"https:\/\/youtube.com\/@fiscaliageneraldelanacion-4668?si=6nN79nyQICPU5iTh\"]},{\"@type\":\"Person\",\"@id\":\"https:\/\/www.fiscalia.gov.co\/colombia\/#\/schema\/person\/2e76b9aba5ecf875ed565ce4de0e0415\",\"name\":\"Katherine Loaiza Mart\u00ednez\",\"image\":{\"@type\":\"ImageObject\",\"inLanguage\":\"es-CO\",\"@id\":\"https:\/\/www.fiscalia.gov.co\/colombia\/#\/schema\/person\/image\/\",\"url\":\"https:\/\/secure.gravatar.com\/avatar\/ab775a2f394c1b83b6d6f78680e57b50?s=96&d=mm&r=g\",\"contentUrl\":\"https:\/\/secure.gravatar.com\/avatar\/ab775a2f394c1b83b6d6f78680e57b50?s=96&d=mm&r=g\",\"caption\":\"Katherine Loaiza Mart\u00ednez\"},\"url\":\"https:\/\/www.fiscalia.gov.co\/colombia\/author\/kloaiza\/\"}]}<\/script>\n<!-- \/ Yoast SEO plugin. -->","yoast_head_json":{"title":"Fiscal\u00eda General de la Naci\u00f3n","description":"P\u00e1gina oficial de la Fiscal\u00eda General de la Naci\u00f3n \u2013 Colombia. Garantizamos el acceso efectivo a la justicia, la verdad y la reparaci\u00f3n de las v\u00edctimas de los delitos.","robots":{"index":"noindex","follow":"follow"},"og_locale":"es_ES","og_type":"article","og_title":"Fiscal\u00eda General de la Naci\u00f3n","og_description":"P\u00e1gina oficial de la Fiscal\u00eda General de la Naci\u00f3n \u2013 Colombia. Garantizamos el acceso efectivo a la justicia, la verdad y la reparaci\u00f3n de las v\u00edctimas de los delitos.","og_url":"https:\/\/www.fiscalia.gov.co\/colombia\/hechos-concretos\/capturaron-a-ciudadano-albanes-que-presuntamente-se-encargaba-de-sacar-cocaina-de-colombia-en-vuelos-charter\/","og_site_name":"Fiscal\u00eda General de la Naci\u00f3n","article_publisher":"https:\/\/www.facebook.com\/FiscaliaCol","article_published_time":"2021-07-19T23:21:17+00:00","og_image":[{"width":1280,"height":732,"url":"https:\/\/www.fiscalia.gov.co\/colombia\/wp-content\/uploads\/Ciudadano-Alban\u00e8s.jpeg","type":"image\/jpeg"}],"author":"Katherine Loaiza Mart\u00ednez","twitter_card":"summary_large_image","twitter_creator":"@FiscaliaCol","twitter_site":"@FiscaliaCol","twitter_misc":{"Escrito por":"Katherine Loaiza Mart\u00ednez","Tiempo de lectura":"1 minuto"},"schema":{"@context":"https:\/\/schema.org","@graph":[{"@type":"Article","@id":"https:\/\/www.fiscalia.gov.co\/colombia\/hechos-concretos\/capturaron-a-ciudadano-albanes-que-presuntamente-se-encargaba-de-sacar-cocaina-de-colombia-en-vuelos-charter\/#article","isPartOf":{"@id":"https:\/\/www.fiscalia.gov.co\/colombia\/hechos-concretos\/capturaron-a-ciudadano-albanes-que-presuntamente-se-encargaba-de-sacar-cocaina-de-colombia-en-vuelos-charter\/"},"author":{"name":"Katherine Loaiza Mart\u00ednez","@id":"https:\/\/www.fiscalia.gov.co\/colombia\/#\/schema\/person\/2e76b9aba5ecf875ed565ce4de0e0415"},"headline":"Capturaron a ciudadano alban\u00e9s que presuntamente se encargaba de sacar coca\u00edna de Colombia en vuelos ch\u00e1rter","datePublished":"2021-07-19T23:21:17+00:00","dateModified":"2021-07-19T23:21:17+00:00","mainEntityOfPage":{"@id":"https:\/\/www.fiscalia.gov.co\/colombia\/hechos-concretos\/capturaron-a-ciudadano-albanes-que-presuntamente-se-encargaba-de-sacar-cocaina-de-colombia-en-vuelos-charter\/"},"wordCount":275,"publisher":{"@id":"https:\/\/www.fiscalia.gov.co\/colombia\/#organization"},"image":{"@id":"https:\/\/www.fiscalia.gov.co\/colombia\/hechos-concretos\/capturaron-a-ciudadano-albanes-que-presuntamente-se-encargaba-de-sacar-cocaina-de-colombia-en-vuelos-charter\/#primaryimage"},"thumbnailUrl":"https:\/\/www.fiscalia.gov.co\/colombia\/wp-content\/uploads\/Ciudadano-Alban\u00e8s.jpeg","keywords":["Fiscal Barbosa Delgado","Fiscal Francisco Barbosa Delgado","Tr\u00e1fico de coca\u00edna"],"articleSection":["Hechos concretos"],"inLanguage":"es-CO"},{"@type":"WebPage","@id":"https:\/\/www.fiscalia.gov.co\/colombia\/hechos-concretos\/capturaron-a-ciudadano-albanes-que-presuntamente-se-encargaba-de-sacar-cocaina-de-colombia-en-vuelos-charter\/","url":"https:\/\/www.fiscalia.gov.co\/colombia\/hechos-concretos\/capturaron-a-ciudadano-albanes-que-presuntamente-se-encargaba-de-sacar-cocaina-de-colombia-en-vuelos-charter\/","name":"Fiscal\u00eda General de la Naci\u00f3n","isPartOf":{"@id":"https:\/\/www.fiscalia.gov.co\/colombia\/#website"},"primaryImageOfPage":{"@id":"https:\/\/www.fiscalia.gov.co\/colombia\/hechos-concretos\/capturaron-a-ciudadano-albanes-que-presuntamente-se-encargaba-de-sacar-cocaina-de-colombia-en-vuelos-charter\/#primaryimage"},"image":{"@id":"https:\/\/www.fiscalia.gov.co\/colombia\/hechos-concretos\/capturaron-a-ciudadano-albanes-que-presuntamente-se-encargaba-de-sacar-cocaina-de-colombia-en-vuelos-charter\/#primaryimage"},"thumbnailUrl":"https:\/\/www.fiscalia.gov.co\/colombia\/wp-content\/uploads\/Ciudadano-Alban\u00e8s.jpeg","datePublished":"2021-07-19T23:21:17+00:00","dateModified":"2021-07-19T23:21:17+00:00","description":"P\u00e1gina oficial de la Fiscal\u00eda General de la Naci\u00f3n \u2013 Colombia. Garantizamos el acceso efectivo a la justicia, la verdad y la reparaci\u00f3n de las v\u00edctimas de los delitos.","breadcrumb":{"@id":"https:\/\/www.fiscalia.gov.co\/colombia\/hechos-concretos\/capturaron-a-ciudadano-albanes-que-presuntamente-se-encargaba-de-sacar-cocaina-de-colombia-en-vuelos-charter\/#breadcrumb"},"inLanguage":"es-CO","potentialAction":[{"@type":"ReadAction","target":["https:\/\/www.fiscalia.gov.co\/colombia\/hechos-concretos\/capturaron-a-ciudadano-albanes-que-presuntamente-se-encargaba-de-sacar-cocaina-de-colombia-en-vuelos-charter\/"]}]},{"@type":"ImageObject","inLanguage":"es-CO","@id":"https:\/\/www.fiscalia.gov.co\/colombia\/hechos-concretos\/capturaron-a-ciudadano-albanes-que-presuntamente-se-encargaba-de-sacar-cocaina-de-colombia-en-vuelos-charter\/#primaryimage","url":"https:\/\/www.fiscalia.gov.co\/colombia\/wp-content\/uploads\/Ciudadano-Alban\u00e8s.jpeg","contentUrl":"https:\/\/www.fiscalia.gov.co\/colombia\/wp-content\/uploads\/Ciudadano-Alban\u00e8s.jpeg","width":1280,"height":732},{"@type":"BreadcrumbList","@id":"https:\/\/www.fiscalia.gov.co\/colombia\/hechos-concretos\/capturaron-a-ciudadano-albanes-que-presuntamente-se-encargaba-de-sacar-cocaina-de-colombia-en-vuelos-charter\/#breadcrumb","itemListElement":[{"@type":"ListItem","position":1,"name":"Home","item":"https:\/\/www.fiscalia.gov.co\/colombia\/"},{"@type":"ListItem","position":2,"name":"Capturaron a ciudadano alban\u00e9s que presuntamente se encargaba de sacar coca\u00edna de Colombia en vuelos ch\u00e1rter"}]},{"@type":"WebSite","@id":"https:\/\/www.fiscalia.gov.co\/colombia\/#website","url":"https:\/\/www.fiscalia.gov.co\/colombia\/","name":"Fiscal\u00eda General de la Naci\u00f3n","description":"P\u00e1gina oficial de la Fiscal\u00eda General de la Naci\u00f3n \u2013 Colombia. Garantizamos el acceso efectivo a la justicia, la verdad y la reparaci\u00f3n de las v\u00edctimas de los delitos.","publisher":{"@id":"https:\/\/www.fiscalia.gov.co\/colombia\/#organization"},"potentialAction":[{"@type":"SearchAction","target":{"@type":"EntryPoint","urlTemplate":"https:\/\/www.fiscalia.gov.co\/colombia\/?s={search_term_string}"},"query-input":{"@type":"PropertyValueSpecification","valueRequired":true,"valueName":"search_term_string"}}],"inLanguage":"es-CO"},{"@type":"Organization","@id":"https:\/\/www.fiscalia.gov.co\/colombia\/#organization","name":"Fiscal\u00eda General de la Naci\u00f3n","url":"https:\/\/www.fiscalia.gov.co\/colombia\/","logo":{"@type":"ImageObject","inLanguage":"es-CO","@id":"https:\/\/www.fiscalia.gov.co\/colombia\/#\/schema\/logo\/image\/","url":"https:\/\/www.fiscalia.gov.co\/colombia\/wp-content\/uploads\/LogoHorizontal_1.jpg","contentUrl":"https:\/\/www.fiscalia.gov.co\/colombia\/wp-content\/uploads\/LogoHorizontal_1.jpg","width":300,"height":90,"caption":"Fiscal\u00eda General de la Naci\u00f3n"},"image":{"@id":"https:\/\/www.fiscalia.gov.co\/colombia\/#\/schema\/logo\/image\/"},"sameAs":["https:\/\/www.facebook.com\/FiscaliaCol","https:\/\/x.com\/FiscaliaCol","https:\/\/www.instagram.com\/fiscaliacol","https:\/\/www.linkedin.com\/company\/fiscalia-general-de-la-naci-n\/","https:\/\/youtube.com\/@fiscaliageneraldelanacion-4668?si=6nN79nyQICPU5iTh"]},{"@type":"Person","@id":"https:\/\/www.fiscalia.gov.co\/colombia\/#\/schema\/person\/2e76b9aba5ecf875ed565ce4de0e0415","name":"Katherine Loaiza Mart\u00ednez","image":{"@type":"ImageObject","inLanguage":"es-CO","@id":"https:\/\/www.fiscalia.gov.co\/colombia\/#\/schema\/person\/image\/","url":"https:\/\/secure.gravatar.com\/avatar\/ab775a2f394c1b83b6d6f78680e57b50?s=96&d=mm&r=g","contentUrl":"https:\/\/secure.gravatar.com\/avatar\/ab775a2f394c1b83b6d6f78680e57b50?s=96&d=mm&r=g","caption":"Katherine Loaiza Mart\u00ednez"},"url":"https:\/\/www.fiscalia.gov.co\/colombia\/author\/kloaiza\/"}]}},"_links":{"self":[{"href":"https:\/\/www.fiscalia.gov.co\/colombia\/wp-json\/wp\/v2\/posts\/225115","targetHints":{"allow":["GET"]}}],"collection":[{"href":"https:\/\/www.fiscalia.gov.co\/colombia\/wp-json\/wp\/v2\/posts"}],"about":[{"href":"https:\/\/www.fiscalia.gov.co\/colombia\/wp-json\/wp\/v2\/types\/post"}],"author":[{"embeddable":true,"href":"https:\/\/www.fiscalia.gov.co\/colombia\/wp-json\/wp\/v2\/users\/175"}],"replies":[{"embeddable":true,"href":"https:\/\/www.fiscalia.gov.co\/colombia\/wp-json\/wp\/v2\/comments?post=225115"}],"version-history":[{"count":1,"href":"https:\/\/www.fiscalia.gov.co\/colombia\/wp-json\/wp\/v2\/posts\/225115\/revisions"}],"predecessor-version":[{"id":225123,"href":"https:\/\/www.fiscalia.gov.co\/colombia\/wp-json\/wp\/v2\/posts\/225115\/revisions\/225123"}],"wp:featuredmedia":[{"embeddable":true,"href":"https:\/\/www.fiscalia.gov.co\/colombia\/wp-json\/wp\/v2\/media\/225160"}],"wp:attachment":[{"href":"https:\/\/www.fiscalia.gov.co\/colombia\/wp-json\/wp\/v2\/media?parent=225115"}],"wp:term":[{"taxonomy":"category","embeddable":true,"href":"https:\/\/www.fiscalia.gov.co\/colombia\/wp-json\/wp\/v2\/categories?post=225115"},{"taxonomy":"post_tag","embeddable":true,"href":"https:\/\/www.fiscalia.gov.co\/colombia\/wp-json\/wp\/v2\/tags?post=225115"}],"curies":[{"name":"wp","href":"https:\/\/api.w.org\/{rel}","templated":true}]}}