{"id":225078,"date":"2021-07-19T11:08:57","date_gmt":"2021-07-19T16:08:57","guid":{"rendered":"https:\/\/www.fiscalia.gov.co\/colombia\/?p=225078"},"modified":"2021-07-27T11:14:29","modified_gmt":"2021-07-27T16:14:29","slug":"privado-de-la-libertad-presunto-disidente-de-las-farc-investigado-por-posible-participacion-en-homicidio-colectivo-en-olaya-herrera-narino","status":"publish","type":"post","link":"https:\/\/www.fiscalia.gov.co\/colombia\/noticias\/privado-de-la-libertad-presunto-disidente-de-las-farc-investigado-por-posible-participacion-en-homicidio-colectivo-en-olaya-herrera-narino\/","title":{"rendered":"Privado de la libertad presunto disidente de las Farc investigado por posible participaci\u00f3n en homicidio colectivo en Olaya Herrera (Nari\u00f1o)"},"content":{"rendered":"<div>\n<p class=\"x_MsoNormal\"><span lang=\"ES\">En el marco de la estrategia de esclarecimiento de homicidios colectivos, la Fiscal\u00eda General de la Naci\u00f3n judicializ\u00f3 a Wilmar Ortiz Castillo, quien ser\u00eda el segundo cabecilla del\u00a0<b>grupo residual Columna M\u00f3vil Franco Benavides<\/b>, por su presunta responsabilidad en los delitos de\u00a0<b>homicidio agravado<\/b>\u00a0en concurso homog\u00e9neo; fabricaci\u00f3n, tr\u00e1fico, porte o tenencia de armas de fuego de uso privativo de las fuerzas militares; y\u00a0<b>concierto para delinquir agravado.\u00a0<\/b><\/span><\/p>\n<figure id=\"attachment_225081\" aria-describedby=\"caption-attachment-225081\" style=\"width: 696px\" class=\"wp-caption alignleft\"><img loading=\"lazy\" decoding=\"async\" class=\"size-large wp-image-225081\" src=\"https:\/\/www.fiscalia.gov.co\/colombia\/wp-content\/uploads\/Wilmar-Ortiz-Castillo-alias-Pato-homicidio-colectivo-Nari\u00f1o-1024x674.jpeg\" alt=\"\" width=\"696\" height=\"458\" srcset=\"https:\/\/www.fiscalia.gov.co\/colombia\/wp-content\/uploads\/Wilmar-Ortiz-Castillo-alias-Pato-homicidio-colectivo-Nari\u00f1o-1024x674.jpeg 1024w, https:\/\/www.fiscalia.gov.co\/colombia\/wp-content\/uploads\/Wilmar-Ortiz-Castillo-alias-Pato-homicidio-colectivo-Nari\u00f1o-300x197.jpeg 300w, https:\/\/www.fiscalia.gov.co\/colombia\/wp-content\/uploads\/Wilmar-Ortiz-Castillo-alias-Pato-homicidio-colectivo-Nari\u00f1o-768x505.jpeg 768w, https:\/\/www.fiscalia.gov.co\/colombia\/wp-content\/uploads\/Wilmar-Ortiz-Castillo-alias-Pato-homicidio-colectivo-Nari\u00f1o-696x458.jpeg 696w, https:\/\/www.fiscalia.gov.co\/colombia\/wp-content\/uploads\/Wilmar-Ortiz-Castillo-alias-Pato-homicidio-colectivo-Nari\u00f1o-1068x703.jpeg 1068w, https:\/\/www.fiscalia.gov.co\/colombia\/wp-content\/uploads\/Wilmar-Ortiz-Castillo-alias-Pato-homicidio-colectivo-Nari\u00f1o-638x420.jpeg 638w, https:\/\/www.fiscalia.gov.co\/colombia\/wp-content\/uploads\/Wilmar-Ortiz-Castillo-alias-Pato-homicidio-colectivo-Nari\u00f1o.jpeg 1280w\" sizes=\"auto, (max-width: 696px) 100vw, 696px\" \/><figcaption id=\"caption-attachment-225081\" class=\"wp-caption-text\">Wilmar Ortiz Castillo, alias Pato, presunto segundo cabecilla del grupo disidente Columna M\u00f3vil Franco Benavides, habr\u00eda participado en el homicidio colectivo cometido en Olaya Herrera (Nari\u00f1o).<\/figcaption><\/figure>\n<p class=\"x_MsoNormal\"><span lang=\"ES\">Un fiscal del Grupo Itinerante de Tumaco adscrito a la Unidad Especial de investigaci\u00f3n (UEI), con apoyo de polic\u00eda judicial del CTI, document\u00f3 los hechos ocurridos el pasado 14 de marzo en la vereda Palma de Coco, municipio de\u00a0<b>Olaya Herrera (Nari\u00f1o)<\/b>, donde fueron asesinadas 5 personas, cuyos cuerpos fueron hallados en una\u00a0<b>fosa com\u00fan<\/b>\u00a0entre el 29 y 30 de marzo.\u00a0<\/span><\/p>\n<p class=\"x_MsoNormal\"><span lang=\"ES\">Los elementos de prueba dan cuenta de que el homicidio colectivo habr\u00eda sido perpetrado por las disidencias a las que presuntamente pertenece Ortiz Castillo, conocido dentro de esa estructura como alias Pato.\u00a0<\/span><\/p>\n<p class=\"x_MsoNormal\"><span lang=\"ES\">El hombre fue capturado mediante orden judicial por el CTI y el Ej\u00e9rcito Nacional este 16 de julio, en v\u00eda p\u00fablica de\u00a0<b>Santander de Quilichao (Cauca)<\/b>.\u00a0<\/span><\/p>\n<p class=\"x_MsoNormal\"><span lang=\"ES\">En audiencias concentradas el juez promiscuo municipal de Caldono (Cauca) acogi\u00f3 la solicitud del ente acusador e impuso\u00a0<b>medida de aseguramiento<\/b>\u00a0en centro carcelario en contra del investigado.\u00a0<\/span><\/p>\n<p class=\"x_MsoNormal\"><span lang=\"ES\">Esta informaci\u00f3n se publica por razones de inter\u00e9s general.\u00a0<\/span><\/p>\n<p class=\"x_MsoNormal\"><span lang=\"ES\">\u00a0<\/span><b><span lang=\"ES\">La Fiscal\u00eda General de la Naci\u00f3n habla con resultados.\u00a0<\/span><\/b><\/p>\n<p class=\"x_MsoNormal\"><span lang=\"ES\">DLBM\/AA\/MRC.\u00a0<\/span><\/p>\n<\/div>\n<div><b>Le puede interesar:\u00a0\u00a0<\/b><a href=\"https:\/\/www.fiscalia.gov.co\/colombia\/crimen-organizado\/golpe-a-la-estructura-disidente-de-las-farc-dagoberto-ramos-responsable-de-homicidios-en-cauca-y-huila\/\" target=\"_blank\" rel=\"noopener noreferrer\">Golpe a la estructura disidente de las Farc \u2018Dagoberto Ramos\u2019, responsable de homicidios en Cauca y Huila<\/a><\/div>\n<div><\/div>\n<div><i>La informaci\u00f3n contenida en este bolet\u00edn de prensa corresponde a la narraci\u00f3n de los hechos noticiosos objetivos, suministrados por los funcionarios encargados de adelantar las investigaciones penales al interior de la Fiscal\u00eda General de la Naci\u00f3n. Para el momento de la divulgaci\u00f3n de este comunicado, la situaci\u00f3n jur\u00eddica de la(s) persona(s) relacionada(s) se encuentra pendiente de resolver por la autoridad judicial competente, siempre bajo los preceptos de la presunci\u00f3n de inocencia, consagrados en el art\u00edculo 29 de la Constituci\u00f3n Pol\u00edtica y el art\u00edculo 7\u00ba de la Ley 906 de 2004.<\/i><i>\u00a0<\/i><\/div>\n\n<div class=\"twitter-share\"><a href=\"https:\/\/twitter.com\/intent\/tweet?via=fiscaliacol\" class=\"twitter-share-button\">Tweet<\/a><\/div>\n","protected":false},"excerpt":{"rendered":"<p>En el marco de la estrategia de esclarecimiento de homicidios colectivos, la Fiscal\u00eda General de la Naci\u00f3n judicializ\u00f3 a Wilmar Ortiz Castillo, quien ser\u00eda el segundo cabecilla del\u00a0grupo residual Columna [&hellip;]<\/p>\n","protected":false},"author":171,"featured_media":0,"comment_status":"closed","ping_status":"open","sticky":false,"template":"","format":"video","meta":{"tdm_status":"","tdm_grid_status":"","footnotes":""},"categories":[1,334,303,24099],"tags":[24287,24187,1047,1823,28042,24849,28044,28043,24451],"class_list":["post-225078","post","type-post","status-publish","format-video","category-noticias","category-seccional-pasto","category-seccionales","category-seguridad-territorial","tag-disidencias-farc","tag-fiscalia-colombia","tag-fiscalia-general-de-la-nacion","tag-fosa-comun","tag-grupo-residual-columna-movil-franco-benavides","tag-homicidio-colectivo","tag-olaya-herrera-narino","tag-uei","tag-unidad-especial-de-investigacion","post_format-post-format-video"],"yoast_head":"<!-- This site is optimized with the Yoast SEO plugin v24.3 - https:\/\/yoast.com\/wordpress\/plugins\/seo\/ -->\n<title>Fiscal\u00eda General de la Naci\u00f3n<\/title>\n<meta name=\"description\" content=\"P\u00e1gina oficial de la Fiscal\u00eda General de la Naci\u00f3n \u2013 Colombia. Garantizamos el acceso efectivo a la justicia, la verdad y la reparaci\u00f3n de las v\u00edctimas de los delitos.\" \/>\n<meta name=\"robots\" content=\"noindex, follow\" \/>\n<meta property=\"og:locale\" content=\"es_ES\" \/>\n<meta property=\"og:type\" content=\"article\" \/>\n<meta property=\"og:title\" content=\"Fiscal\u00eda General de la Naci\u00f3n\" \/>\n<meta property=\"og:description\" content=\"P\u00e1gina oficial de la Fiscal\u00eda General de la Naci\u00f3n \u2013 Colombia. Garantizamos el acceso efectivo a la justicia, la verdad y la reparaci\u00f3n de las v\u00edctimas de los delitos.\" \/>\n<meta property=\"og:url\" content=\"https:\/\/www.fiscalia.gov.co\/colombia\/noticias\/privado-de-la-libertad-presunto-disidente-de-las-farc-investigado-por-posible-participacion-en-homicidio-colectivo-en-olaya-herrera-narino\/\" \/>\n<meta property=\"og:site_name\" content=\"Fiscal\u00eda General de la Naci\u00f3n\" \/>\n<meta property=\"article:publisher\" content=\"https:\/\/www.facebook.com\/FiscaliaCol\" \/>\n<meta property=\"article:published_time\" content=\"2021-07-19T16:08:57+00:00\" \/>\n<meta property=\"article:modified_time\" content=\"2021-07-27T16:14:29+00:00\" \/>\n<meta name=\"author\" content=\"Ana Mar\u00eda Gomez\" \/>\n<meta name=\"twitter:card\" content=\"summary_large_image\" \/>\n<meta name=\"twitter:creator\" content=\"@FiscaliaCol\" \/>\n<meta name=\"twitter:site\" content=\"@FiscaliaCol\" \/>\n<meta name=\"twitter:label1\" content=\"Escrito por\" \/>\n\t<meta name=\"twitter:data1\" content=\"Ana Mar\u00eda Gomez\" \/>\n\t<meta name=\"twitter:label2\" content=\"Tiempo de lectura\" \/>\n\t<meta name=\"twitter:data2\" content=\"2 minutos\" \/>\n<script type=\"application\/ld+json\" class=\"yoast-schema-graph\">{\"@context\":\"https:\/\/schema.org\",\"@graph\":[{\"@type\":\"Article\",\"@id\":\"https:\/\/www.fiscalia.gov.co\/colombia\/noticias\/privado-de-la-libertad-presunto-disidente-de-las-farc-investigado-por-posible-participacion-en-homicidio-colectivo-en-olaya-herrera-narino\/#article\",\"isPartOf\":{\"@id\":\"https:\/\/www.fiscalia.gov.co\/colombia\/noticias\/privado-de-la-libertad-presunto-disidente-de-las-farc-investigado-por-posible-participacion-en-homicidio-colectivo-en-olaya-herrera-narino\/\"},\"author\":{\"name\":\"Ana Mar\u00eda Gomez\",\"@id\":\"https:\/\/www.fiscalia.gov.co\/colombia\/#\/schema\/person\/06aa2210fe4d79203f428ff671dee360\"},\"headline\":\"Privado de la libertad presunto disidente de las Farc investigado por posible participaci\u00f3n en homicidio colectivo en Olaya Herrera (Nari\u00f1o)\",\"datePublished\":\"2021-07-19T16:08:57+00:00\",\"dateModified\":\"2021-07-27T16:14:29+00:00\",\"mainEntityOfPage\":{\"@id\":\"https:\/\/www.fiscalia.gov.co\/colombia\/noticias\/privado-de-la-libertad-presunto-disidente-de-las-farc-investigado-por-posible-participacion-en-homicidio-colectivo-en-olaya-herrera-narino\/\"},\"wordCount\":431,\"publisher\":{\"@id\":\"https:\/\/www.fiscalia.gov.co\/colombia\/#organization\"},\"keywords\":[\"disidencias Farc\",\"Fiscal\u00eda Colombia\",\"Fiscal\u00eda General de la Naci\u00f3n\",\"Fosa com\u00fan\",\"grupo residual Columna M\u00f3vil Franco Benavides\",\"homicidio colectivo\",\"Olaya Herrera (Nari\u00f1o)\",\"UEI\",\"Unidad Especial de Investigaci\u00f3n\"],\"articleSection\":[\"Noticias\",\"Seccional Pasto\",\"Seccionales\",\"Seguridad territorial\"],\"inLanguage\":\"es-CO\"},{\"@type\":\"WebPage\",\"@id\":\"https:\/\/www.fiscalia.gov.co\/colombia\/noticias\/privado-de-la-libertad-presunto-disidente-de-las-farc-investigado-por-posible-participacion-en-homicidio-colectivo-en-olaya-herrera-narino\/\",\"url\":\"https:\/\/www.fiscalia.gov.co\/colombia\/noticias\/privado-de-la-libertad-presunto-disidente-de-las-farc-investigado-por-posible-participacion-en-homicidio-colectivo-en-olaya-herrera-narino\/\",\"name\":\"Fiscal\u00eda General de la Naci\u00f3n\",\"isPartOf\":{\"@id\":\"https:\/\/www.fiscalia.gov.co\/colombia\/#website\"},\"datePublished\":\"2021-07-19T16:08:57+00:00\",\"dateModified\":\"2021-07-27T16:14:29+00:00\",\"description\":\"P\u00e1gina oficial de la Fiscal\u00eda General de la Naci\u00f3n \u2013 Colombia. Garantizamos el acceso efectivo a la justicia, la verdad y la reparaci\u00f3n de las v\u00edctimas de los delitos.\",\"breadcrumb\":{\"@id\":\"https:\/\/www.fiscalia.gov.co\/colombia\/noticias\/privado-de-la-libertad-presunto-disidente-de-las-farc-investigado-por-posible-participacion-en-homicidio-colectivo-en-olaya-herrera-narino\/#breadcrumb\"},\"inLanguage\":\"es-CO\",\"potentialAction\":[{\"@type\":\"ReadAction\",\"target\":[\"https:\/\/www.fiscalia.gov.co\/colombia\/noticias\/privado-de-la-libertad-presunto-disidente-de-las-farc-investigado-por-posible-participacion-en-homicidio-colectivo-en-olaya-herrera-narino\/\"]}]},{\"@type\":\"BreadcrumbList\",\"@id\":\"https:\/\/www.fiscalia.gov.co\/colombia\/noticias\/privado-de-la-libertad-presunto-disidente-de-las-farc-investigado-por-posible-participacion-en-homicidio-colectivo-en-olaya-herrera-narino\/#breadcrumb\",\"itemListElement\":[{\"@type\":\"ListItem\",\"position\":1,\"name\":\"Home\",\"item\":\"https:\/\/www.fiscalia.gov.co\/colombia\/\"},{\"@type\":\"ListItem\",\"position\":2,\"name\":\"Privado de la libertad presunto disidente de las Farc investigado por posible participaci\u00f3n en homicidio colectivo en Olaya Herrera (Nari\u00f1o)\"}]},{\"@type\":\"WebSite\",\"@id\":\"https:\/\/www.fiscalia.gov.co\/colombia\/#website\",\"url\":\"https:\/\/www.fiscalia.gov.co\/colombia\/\",\"name\":\"Fiscal\u00eda General de la Naci\u00f3n\",\"description\":\"P\u00e1gina oficial de la Fiscal\u00eda General de la Naci\u00f3n \u2013 Colombia. Garantizamos el acceso efectivo a la justicia, la verdad y la reparaci\u00f3n de las v\u00edctimas de los delitos.\",\"publisher\":{\"@id\":\"https:\/\/www.fiscalia.gov.co\/colombia\/#organization\"},\"potentialAction\":[{\"@type\":\"SearchAction\",\"target\":{\"@type\":\"EntryPoint\",\"urlTemplate\":\"https:\/\/www.fiscalia.gov.co\/colombia\/?s={search_term_string}\"},\"query-input\":{\"@type\":\"PropertyValueSpecification\",\"valueRequired\":true,\"valueName\":\"search_term_string\"}}],\"inLanguage\":\"es-CO\"},{\"@type\":\"Organization\",\"@id\":\"https:\/\/www.fiscalia.gov.co\/colombia\/#organization\",\"name\":\"Fiscal\u00eda General de la Naci\u00f3n\",\"url\":\"https:\/\/www.fiscalia.gov.co\/colombia\/\",\"logo\":{\"@type\":\"ImageObject\",\"inLanguage\":\"es-CO\",\"@id\":\"https:\/\/www.fiscalia.gov.co\/colombia\/#\/schema\/logo\/image\/\",\"url\":\"https:\/\/www.fiscalia.gov.co\/colombia\/wp-content\/uploads\/LogoHorizontal_1.jpg\",\"contentUrl\":\"https:\/\/www.fiscalia.gov.co\/colombia\/wp-content\/uploads\/LogoHorizontal_1.jpg\",\"width\":300,\"height\":90,\"caption\":\"Fiscal\u00eda General de la Naci\u00f3n\"},\"image\":{\"@id\":\"https:\/\/www.fiscalia.gov.co\/colombia\/#\/schema\/logo\/image\/\"},\"sameAs\":[\"https:\/\/www.facebook.com\/FiscaliaCol\",\"https:\/\/x.com\/FiscaliaCol\",\"https:\/\/www.instagram.com\/fiscaliacol\",\"https:\/\/www.linkedin.com\/company\/fiscalia-general-de-la-naci-n\/\",\"https:\/\/youtube.com\/@fiscaliageneraldelanacion-4668?si=6nN79nyQICPU5iTh\"]},{\"@type\":\"Person\",\"@id\":\"https:\/\/www.fiscalia.gov.co\/colombia\/#\/schema\/person\/06aa2210fe4d79203f428ff671dee360\",\"name\":\"Ana Mar\u00eda Gomez\",\"image\":{\"@type\":\"ImageObject\",\"inLanguage\":\"es-CO\",\"@id\":\"https:\/\/www.fiscalia.gov.co\/colombia\/#\/schema\/person\/image\/\",\"url\":\"https:\/\/secure.gravatar.com\/avatar\/a38115d98a7f8a96cbb96af2b2c37a0b?s=96&d=mm&r=g\",\"contentUrl\":\"https:\/\/secure.gravatar.com\/avatar\/a38115d98a7f8a96cbb96af2b2c37a0b?s=96&d=mm&r=g\",\"caption\":\"Ana Mar\u00eda Gomez\"},\"url\":\"https:\/\/www.fiscalia.gov.co\/colombia\/author\/agomez\/\"}]}<\/script>\n<!-- \/ Yoast SEO plugin. -->","yoast_head_json":{"title":"Fiscal\u00eda General de la Naci\u00f3n","description":"P\u00e1gina oficial de la Fiscal\u00eda General de la Naci\u00f3n \u2013 Colombia. Garantizamos el acceso efectivo a la justicia, la verdad y la reparaci\u00f3n de las v\u00edctimas de los delitos.","robots":{"index":"noindex","follow":"follow"},"og_locale":"es_ES","og_type":"article","og_title":"Fiscal\u00eda General de la Naci\u00f3n","og_description":"P\u00e1gina oficial de la Fiscal\u00eda General de la Naci\u00f3n \u2013 Colombia. Garantizamos el acceso efectivo a la justicia, la verdad y la reparaci\u00f3n de las v\u00edctimas de los delitos.","og_url":"https:\/\/www.fiscalia.gov.co\/colombia\/noticias\/privado-de-la-libertad-presunto-disidente-de-las-farc-investigado-por-posible-participacion-en-homicidio-colectivo-en-olaya-herrera-narino\/","og_site_name":"Fiscal\u00eda General de la Naci\u00f3n","article_publisher":"https:\/\/www.facebook.com\/FiscaliaCol","article_published_time":"2021-07-19T16:08:57+00:00","article_modified_time":"2021-07-27T16:14:29+00:00","author":"Ana Mar\u00eda Gomez","twitter_card":"summary_large_image","twitter_creator":"@FiscaliaCol","twitter_site":"@FiscaliaCol","twitter_misc":{"Escrito por":"Ana Mar\u00eda Gomez","Tiempo de lectura":"2 minutos"},"schema":{"@context":"https:\/\/schema.org","@graph":[{"@type":"Article","@id":"https:\/\/www.fiscalia.gov.co\/colombia\/noticias\/privado-de-la-libertad-presunto-disidente-de-las-farc-investigado-por-posible-participacion-en-homicidio-colectivo-en-olaya-herrera-narino\/#article","isPartOf":{"@id":"https:\/\/www.fiscalia.gov.co\/colombia\/noticias\/privado-de-la-libertad-presunto-disidente-de-las-farc-investigado-por-posible-participacion-en-homicidio-colectivo-en-olaya-herrera-narino\/"},"author":{"name":"Ana Mar\u00eda Gomez","@id":"https:\/\/www.fiscalia.gov.co\/colombia\/#\/schema\/person\/06aa2210fe4d79203f428ff671dee360"},"headline":"Privado de la libertad presunto disidente de las Farc investigado por posible participaci\u00f3n en homicidio colectivo en Olaya Herrera (Nari\u00f1o)","datePublished":"2021-07-19T16:08:57+00:00","dateModified":"2021-07-27T16:14:29+00:00","mainEntityOfPage":{"@id":"https:\/\/www.fiscalia.gov.co\/colombia\/noticias\/privado-de-la-libertad-presunto-disidente-de-las-farc-investigado-por-posible-participacion-en-homicidio-colectivo-en-olaya-herrera-narino\/"},"wordCount":431,"publisher":{"@id":"https:\/\/www.fiscalia.gov.co\/colombia\/#organization"},"keywords":["disidencias Farc","Fiscal\u00eda Colombia","Fiscal\u00eda General de la Naci\u00f3n","Fosa com\u00fan","grupo residual Columna M\u00f3vil Franco Benavides","homicidio colectivo","Olaya Herrera (Nari\u00f1o)","UEI","Unidad Especial de Investigaci\u00f3n"],"articleSection":["Noticias","Seccional Pasto","Seccionales","Seguridad territorial"],"inLanguage":"es-CO"},{"@type":"WebPage","@id":"https:\/\/www.fiscalia.gov.co\/colombia\/noticias\/privado-de-la-libertad-presunto-disidente-de-las-farc-investigado-por-posible-participacion-en-homicidio-colectivo-en-olaya-herrera-narino\/","url":"https:\/\/www.fiscalia.gov.co\/colombia\/noticias\/privado-de-la-libertad-presunto-disidente-de-las-farc-investigado-por-posible-participacion-en-homicidio-colectivo-en-olaya-herrera-narino\/","name":"Fiscal\u00eda General de la Naci\u00f3n","isPartOf":{"@id":"https:\/\/www.fiscalia.gov.co\/colombia\/#website"},"datePublished":"2021-07-19T16:08:57+00:00","dateModified":"2021-07-27T16:14:29+00:00","description":"P\u00e1gina oficial de la Fiscal\u00eda General de la Naci\u00f3n \u2013 Colombia. Garantizamos el acceso efectivo a la justicia, la verdad y la reparaci\u00f3n de las v\u00edctimas de los delitos.","breadcrumb":{"@id":"https:\/\/www.fiscalia.gov.co\/colombia\/noticias\/privado-de-la-libertad-presunto-disidente-de-las-farc-investigado-por-posible-participacion-en-homicidio-colectivo-en-olaya-herrera-narino\/#breadcrumb"},"inLanguage":"es-CO","potentialAction":[{"@type":"ReadAction","target":["https:\/\/www.fiscalia.gov.co\/colombia\/noticias\/privado-de-la-libertad-presunto-disidente-de-las-farc-investigado-por-posible-participacion-en-homicidio-colectivo-en-olaya-herrera-narino\/"]}]},{"@type":"BreadcrumbList","@id":"https:\/\/www.fiscalia.gov.co\/colombia\/noticias\/privado-de-la-libertad-presunto-disidente-de-las-farc-investigado-por-posible-participacion-en-homicidio-colectivo-en-olaya-herrera-narino\/#breadcrumb","itemListElement":[{"@type":"ListItem","position":1,"name":"Home","item":"https:\/\/www.fiscalia.gov.co\/colombia\/"},{"@type":"ListItem","position":2,"name":"Privado de la libertad presunto disidente de las Farc investigado por posible participaci\u00f3n en homicidio colectivo en Olaya Herrera (Nari\u00f1o)"}]},{"@type":"WebSite","@id":"https:\/\/www.fiscalia.gov.co\/colombia\/#website","url":"https:\/\/www.fiscalia.gov.co\/colombia\/","name":"Fiscal\u00eda General de la Naci\u00f3n","description":"P\u00e1gina oficial de la Fiscal\u00eda General de la Naci\u00f3n \u2013 Colombia. Garantizamos el acceso efectivo a la justicia, la verdad y la reparaci\u00f3n de las v\u00edctimas de los delitos.","publisher":{"@id":"https:\/\/www.fiscalia.gov.co\/colombia\/#organization"},"potentialAction":[{"@type":"SearchAction","target":{"@type":"EntryPoint","urlTemplate":"https:\/\/www.fiscalia.gov.co\/colombia\/?s={search_term_string}"},"query-input":{"@type":"PropertyValueSpecification","valueRequired":true,"valueName":"search_term_string"}}],"inLanguage":"es-CO"},{"@type":"Organization","@id":"https:\/\/www.fiscalia.gov.co\/colombia\/#organization","name":"Fiscal\u00eda General de la Naci\u00f3n","url":"https:\/\/www.fiscalia.gov.co\/colombia\/","logo":{"@type":"ImageObject","inLanguage":"es-CO","@id":"https:\/\/www.fiscalia.gov.co\/colombia\/#\/schema\/logo\/image\/","url":"https:\/\/www.fiscalia.gov.co\/colombia\/wp-content\/uploads\/LogoHorizontal_1.jpg","contentUrl":"https:\/\/www.fiscalia.gov.co\/colombia\/wp-content\/uploads\/LogoHorizontal_1.jpg","width":300,"height":90,"caption":"Fiscal\u00eda General de la Naci\u00f3n"},"image":{"@id":"https:\/\/www.fiscalia.gov.co\/colombia\/#\/schema\/logo\/image\/"},"sameAs":["https:\/\/www.facebook.com\/FiscaliaCol","https:\/\/x.com\/FiscaliaCol","https:\/\/www.instagram.com\/fiscaliacol","https:\/\/www.linkedin.com\/company\/fiscalia-general-de-la-naci-n\/","https:\/\/youtube.com\/@fiscaliageneraldelanacion-4668?si=6nN79nyQICPU5iTh"]},{"@type":"Person","@id":"https:\/\/www.fiscalia.gov.co\/colombia\/#\/schema\/person\/06aa2210fe4d79203f428ff671dee360","name":"Ana Mar\u00eda Gomez","image":{"@type":"ImageObject","inLanguage":"es-CO","@id":"https:\/\/www.fiscalia.gov.co\/colombia\/#\/schema\/person\/image\/","url":"https:\/\/secure.gravatar.com\/avatar\/a38115d98a7f8a96cbb96af2b2c37a0b?s=96&d=mm&r=g","contentUrl":"https:\/\/secure.gravatar.com\/avatar\/a38115d98a7f8a96cbb96af2b2c37a0b?s=96&d=mm&r=g","caption":"Ana Mar\u00eda Gomez"},"url":"https:\/\/www.fiscalia.gov.co\/colombia\/author\/agomez\/"}]}},"_links":{"self":[{"href":"https:\/\/www.fiscalia.gov.co\/colombia\/wp-json\/wp\/v2\/posts\/225078","targetHints":{"allow":["GET"]}}],"collection":[{"href":"https:\/\/www.fiscalia.gov.co\/colombia\/wp-json\/wp\/v2\/posts"}],"about":[{"href":"https:\/\/www.fiscalia.gov.co\/colombia\/wp-json\/wp\/v2\/types\/post"}],"author":[{"embeddable":true,"href":"https:\/\/www.fiscalia.gov.co\/colombia\/wp-json\/wp\/v2\/users\/171"}],"replies":[{"embeddable":true,"href":"https:\/\/www.fiscalia.gov.co\/colombia\/wp-json\/wp\/v2\/comments?post=225078"}],"version-history":[{"count":3,"href":"https:\/\/www.fiscalia.gov.co\/colombia\/wp-json\/wp\/v2\/posts\/225078\/revisions"}],"predecessor-version":[{"id":225082,"href":"https:\/\/www.fiscalia.gov.co\/colombia\/wp-json\/wp\/v2\/posts\/225078\/revisions\/225082"}],"wp:attachment":[{"href":"https:\/\/www.fiscalia.gov.co\/colombia\/wp-json\/wp\/v2\/media?parent=225078"}],"wp:term":[{"taxonomy":"category","embeddable":true,"href":"https:\/\/www.fiscalia.gov.co\/colombia\/wp-json\/wp\/v2\/categories?post=225078"},{"taxonomy":"post_tag","embeddable":true,"href":"https:\/\/www.fiscalia.gov.co\/colombia\/wp-json\/wp\/v2\/tags?post=225078"}],"curies":[{"name":"wp","href":"https:\/\/api.w.org\/{rel}","templated":true}]}}