{"id":225007,"date":"2021-07-18T08:42:19","date_gmt":"2021-07-18T13:42:19","guid":{"rendered":"https:\/\/www.fiscalia.gov.co\/colombia\/?p=225007"},"modified":"2021-07-28T18:57:57","modified_gmt":"2021-07-28T23:57:57","slug":"judicializados-presuntos-responsables-de-proveer-carne-de-caballo-y-de-burro-a-algunos-contratistas-de-la-carcel-modelo-un-batallon-y-plazas-de-mercado-en-bucaramanga","status":"publish","type":"post","link":"https:\/\/www.fiscalia.gov.co\/colombia\/noticias\/judicializados-presuntos-responsables-de-proveer-carne-de-caballo-y-de-burro-a-algunos-contratistas-de-la-carcel-modelo-un-batallon-y-plazas-de-mercado-en-bucaramanga\/","title":{"rendered":"Judicializados presuntos responsables de proveer carne de caballo y de burro a algunos contratistas de la c\u00e1rcel Modelo, un batall\u00f3n y plazas de mercado en Bucaramanga"},"content":{"rendered":"<blockquote class=\"td_quote_box td_box_center\">\n<h4 style=\"text-align: left;\"><strong><em>La Fiscal\u00eda General de la Naci\u00f3n tiene indicios de que transportaban los animales enfermos y en mal estado desde la Costa Atl\u00e1ntica hasta un matadero clandestino en la capital de Santander. Posteriormente, con qu\u00edmicos y otras maniobras fraudulentas, hac\u00edan pasar el producto como carne de res y la comercializaban.<\/em><\/strong><\/h4>\n<\/blockquote>\n<p>Luego de detectar que carne de caballo y de burro habr\u00eda sido distribuida a algunos operadores del Plan Alimentaci\u00f3n Escolar (PAE) en Santander, la Fiscal\u00eda General de la Naci\u00f3n, en un trabajo articulado con la Polic\u00eda Nacional, puso en marcha una nueva fase investigativa.<\/p>\n<p>Las indagaciones permitieron identificar a cuatro personas se\u00f1aladas de realizar la misma actividad ilegal con entidades p\u00fablicas, como un batall\u00f3n y la c\u00e1rcel Modelo; as\u00ed como plazas de mercado y comercio informal en Bucaramanga.<\/p>\n<p>Los presuntos involucrados en esta conducta il\u00edcita fueron identificados como: Enrique Cadena Rojas, alias Mala Vida o El Viejo; Diego Armando Solano Cadena, \u00c9dison Cliebbords Villamizar Mendoza y Mario Alvarado Trujillo. Estos hombres, supuestamente, compraban equinos y asnos enfermos o muertos en diferentes puntos de la Costa Atl\u00e1ntica, y con gu\u00edas de movilizaci\u00f3n falsas o alteradas los transportaban a un matadero clandestino en el sector La Feria, en Bucaramanga.<\/p>\n<p>Al parecer, en este lugar sacrificaban los animales en condiciones de salubridad precarias y los residuos s\u00f3lidos y l\u00edquidos eran arrojados indiscriminadamente a un Distrito Regional de Manejo Integrado, una zona protegida y de reserva ambiental. En varias diligencias en el \u00e1rea fueron encontrados esqueletos y v\u00edsceras; adem\u00e1s, se constat\u00f3 el grave e irreversible da\u00f1o ocasionado al suelo, la vegetaci\u00f3n y la fauna.<\/p>\n<p>El material de prueba da cuenta de que la carne obtenida en el matadero de La Feria habr\u00eda sido comercializada en diferentes escenarios. De igual manera, se determin\u00f3 que el producto, presuntamente, era tratado con qu\u00edmicos para modificar la contextura, intentar hacerlo m\u00e1s blando y darle un color rojizo. Luego, lo empacaban y distribu\u00edan como si fuera de res.<\/p>\n<p>En el caso de Enrique Cadena Rojas y Diego Armando Solano Cadena, t\u00edo y sobrino, respectivamente, se estableci\u00f3 que, supuestamente, fueron proveedores de carne de algunos de los contratistas encargados de abastecer de prote\u00edna a la c\u00e1rcel Modelo y un batall\u00f3n del Ej\u00e9rcito Nacional en Bucaramanga.<\/p>\n<p>Las labores de polic\u00eda judicial evidenciaron que, al parecer, hicieron diferentes entregas en el \u00faltimo a\u00f1o, entre 200 y 500 kilogramos por pedido.<\/p>\n<p>De otra parte, \u00c9dison Cliebbords Villamizar Mendoza y Mario Alvarado Trujillo, habr\u00edan vendido carne de equino y de asno a plazas de mercado, carnicer\u00edas y comercio informal de empanadas, lechona y otros productos alimenticios. En su contra hay abundante evidencia e incautaciones del producto, el cual era transportado sin refrigeraci\u00f3n en autom\u00f3viles y veh\u00edculos de servicio p\u00fablico.<\/p>\n<p><strong><u>Captura y judicializaci\u00f3n.<\/u><\/strong><\/p>\n<p>Los cuatro presuntos implicados en esta conducta fueron capturados en diligencias realizadas por la Fiscal\u00eda y unidades de la Polic\u00eda Metropolitana de Bucaramanga. Uno de ellos, Mario Alvarado Trujillo, fue detenido mientras ingresaba a la capital santandereana con un cami\u00f3n en el que transportaba 10 equinos sin los permisos de ley. Este hombre ser\u00eda familiar de Fernando Trujillo G\u00f3mez, quien es procesado por, supuestamente, proveer carne de caballo y de asno a algunos operadores del PAE en Santander.<\/p>\n<p>Una fiscal de la Direcci\u00f3n Especializada contra las Violaciones a los Derechos Humanos imput\u00f3 a los capturados los delitos de: concierto para delinquir, da\u00f1o a los recursos naturales agravado y corrupci\u00f3n de alimentos. Los cargos fueron aceptados por los procesados. En ese sentido, la juez de control de garant\u00edas les impuso medida de aseguramiento privativa de la libertad en el lugar de residencia.<\/p>\n<p>En los \u00faltimos 10 meses, la Fiscal\u00eda y las autoridades locales han realizado, por lo menos, siete procedimientos contra estas personas en Bucaramanga y el \u00e1rea metropolitana. En las diligencias se han hallado m\u00e1s de 2.000 kilogramos de carne de caballo y de burro; asimismo, se han encontrado 20 equinos y 12 asnos en pie.<\/p>\n<p>JARG\/MPO\/DJR\/DEVDH\/MCRC.<\/p>\n<p><strong>La Fiscal\u00eda habla con resultados<\/strong><\/p>\n<p><em>La informaci\u00f3n contenida en este bolet\u00edn de prensa corresponde a la narraci\u00f3n de los hechos noticiosos objetivos, suministrados por los funcionarios encargados de adelantar las investigaciones penales al interior de la Fiscal\u00eda General de la Naci\u00f3n. Para el momento de la divulgaci\u00f3n de este comunicado, la situaci\u00f3n jur\u00eddica de la(s) persona(s) relacionada(s) se encuentra pendiente de resolver por la autoridad judicial competente, siempre bajo los preceptos de la presunci\u00f3n de inocencia, consagrados en el art\u00edculo 29 de la Constituci\u00f3n Pol\u00edtica y el art\u00edculo 7\u00ba de la Ley 906 de 2004.<\/em><\/p>\n\n<div class=\"twitter-share\"><a href=\"https:\/\/twitter.com\/intent\/tweet?via=fiscaliacol\" class=\"twitter-share-button\">Tweet<\/a><\/div>\n","protected":false},"excerpt":{"rendered":"<p>La Fiscal\u00eda General de la Naci\u00f3n tiene indicios de que transportaban los animales enfermos y en mal estado desde la Costa Atl\u00e1ntica hasta un matadero clandestino en la capital de Santander. Posteriormente, con qu\u00edmicos y otras maniobras fraudulentas, hac\u00edan pasar el producto como carne de res y la comercializaban. Luego de detectar que carne de [&hellip;]<\/p>\n","protected":false},"author":162,"featured_media":0,"comment_status":"closed","ping_status":"open","sticky":false,"template":"","format":"video","meta":{"_price":"","_stock":"","_tribe_ticket_header":"","_tribe_default_ticket_provider":"","_tribe_ticket_capacity":"0","_ticket_start_date":"","_ticket_end_date":"","_tribe_ticket_show_description":"","_tribe_ticket_show_not_going":false,"_tribe_ticket_use_global_stock":"","_tribe_ticket_global_stock_level":"","_global_stock_mode":"","_global_stock_cap":"","_tribe_rsvp_for_event":"","_tribe_ticket_going_count":"","_tribe_ticket_not_going_count":"","_tribe_tickets_list":"[]","_tribe_ticket_has_attendee_info_fields":false,"tdm_status":"","tdm_grid_status":"","footnotes":""},"categories":[24124,24102,1],"tags":[28020,1050,24185],"class_list":{"0":"post-225007","1":"post","2":"type-post","3":"status-publish","4":"format-video","6":"category-dano-al-medio-ambiente","7":"category-derechos-humanos","8":"category-noticias","9":"tag-carne-de-caballo","10":"tag-derechoa-humanos","11":"tag-fiscal-barbosa","12":"post_format-post-format-video"},"yoast_head":"<!-- This site is optimized with the Yoast SEO plugin v24.3 - https:\/\/yoast.com\/wordpress\/plugins\/seo\/ -->\n<title>Fiscal\u00eda General de la Naci\u00f3n<\/title>\n<meta name=\"description\" content=\"P\u00e1gina oficial de la Fiscal\u00eda General de la Naci\u00f3n \u2013 Colombia. Garantizamos el acceso efectivo a la justicia, la verdad y la reparaci\u00f3n de las v\u00edctimas de los delitos.\" \/>\n<meta name=\"robots\" content=\"noindex, follow\" \/>\n<meta property=\"og:locale\" content=\"es_ES\" \/>\n<meta property=\"og:type\" content=\"article\" \/>\n<meta property=\"og:title\" content=\"Fiscal\u00eda General de la Naci\u00f3n\" \/>\n<meta property=\"og:description\" content=\"P\u00e1gina oficial de la Fiscal\u00eda General de la Naci\u00f3n \u2013 Colombia. Garantizamos el acceso efectivo a la justicia, la verdad y la reparaci\u00f3n de las v\u00edctimas de los delitos.\" \/>\n<meta property=\"og:url\" content=\"https:\/\/www.fiscalia.gov.co\/colombia\/noticias\/judicializados-presuntos-responsables-de-proveer-carne-de-caballo-y-de-burro-a-algunos-contratistas-de-la-carcel-modelo-un-batallon-y-plazas-de-mercado-en-bucaramanga\/\" \/>\n<meta property=\"og:site_name\" content=\"Fiscal\u00eda General de la Naci\u00f3n\" \/>\n<meta property=\"article:publisher\" content=\"https:\/\/www.facebook.com\/FiscaliaCol\" \/>\n<meta property=\"article:published_time\" content=\"2021-07-18T13:42:19+00:00\" \/>\n<meta property=\"article:modified_time\" content=\"2021-07-28T23:57:57+00:00\" \/>\n<meta name=\"author\" content=\"Direcci\u00f3n de Comunicaciones Fiscal\u00eda General de la Naci\u00f3n\" \/>\n<meta name=\"twitter:card\" content=\"summary_large_image\" \/>\n<meta name=\"twitter:creator\" content=\"@FiscaliaCol\" \/>\n<meta name=\"twitter:site\" content=\"@FiscaliaCol\" \/>\n<meta name=\"twitter:label1\" content=\"Escrito por\" \/>\n\t<meta name=\"twitter:data1\" content=\"Direcci\u00f3n de Comunicaciones Fiscal\u00eda General de la Naci\u00f3n\" \/>\n\t<meta name=\"twitter:label2\" content=\"Tiempo de lectura\" \/>\n\t<meta name=\"twitter:data2\" content=\"4 minutos\" \/>\n<script type=\"application\/ld+json\" class=\"yoast-schema-graph\">{\"@context\":\"https:\/\/schema.org\",\"@graph\":[{\"@type\":\"Article\",\"@id\":\"https:\/\/www.fiscalia.gov.co\/colombia\/noticias\/judicializados-presuntos-responsables-de-proveer-carne-de-caballo-y-de-burro-a-algunos-contratistas-de-la-carcel-modelo-un-batallon-y-plazas-de-mercado-en-bucaramanga\/#article\",\"isPartOf\":{\"@id\":\"https:\/\/www.fiscalia.gov.co\/colombia\/noticias\/judicializados-presuntos-responsables-de-proveer-carne-de-caballo-y-de-burro-a-algunos-contratistas-de-la-carcel-modelo-un-batallon-y-plazas-de-mercado-en-bucaramanga\/\"},\"author\":{\"name\":\"Direcci\u00f3n de Comunicaciones Fiscal\u00eda General de la Naci\u00f3n\",\"@id\":\"https:\/\/www.fiscalia.gov.co\/colombia\/#\/schema\/person\/bf28d8ae7f1b287bbe3af484b04f43ea\"},\"headline\":\"Judicializados presuntos responsables de proveer carne de caballo y de burro a algunos contratistas de la c\u00e1rcel Modelo, un batall\u00f3n y plazas de mercado en Bucaramanga\",\"datePublished\":\"2021-07-18T13:42:19+00:00\",\"dateModified\":\"2021-07-28T23:57:57+00:00\",\"mainEntityOfPage\":{\"@id\":\"https:\/\/www.fiscalia.gov.co\/colombia\/noticias\/judicializados-presuntos-responsables-de-proveer-carne-de-caballo-y-de-burro-a-algunos-contratistas-de-la-carcel-modelo-un-batallon-y-plazas-de-mercado-en-bucaramanga\/\"},\"wordCount\":830,\"publisher\":{\"@id\":\"https:\/\/www.fiscalia.gov.co\/colombia\/#organization\"},\"keywords\":[\"Carne de caballo\",\"Derechos Humanos\",\"Fiscal Barbosa\"],\"articleSection\":[\"Da\u00f1o al medio ambiente\",\"Derechos Humanos\",\"Noticias\"],\"inLanguage\":\"es-CO\"},{\"@type\":\"WebPage\",\"@id\":\"https:\/\/www.fiscalia.gov.co\/colombia\/noticias\/judicializados-presuntos-responsables-de-proveer-carne-de-caballo-y-de-burro-a-algunos-contratistas-de-la-carcel-modelo-un-batallon-y-plazas-de-mercado-en-bucaramanga\/\",\"url\":\"https:\/\/www.fiscalia.gov.co\/colombia\/noticias\/judicializados-presuntos-responsables-de-proveer-carne-de-caballo-y-de-burro-a-algunos-contratistas-de-la-carcel-modelo-un-batallon-y-plazas-de-mercado-en-bucaramanga\/\",\"name\":\"Fiscal\u00eda General de la Naci\u00f3n\",\"isPartOf\":{\"@id\":\"https:\/\/www.fiscalia.gov.co\/colombia\/#website\"},\"datePublished\":\"2021-07-18T13:42:19+00:00\",\"dateModified\":\"2021-07-28T23:57:57+00:00\",\"description\":\"P\u00e1gina oficial de la Fiscal\u00eda General de la Naci\u00f3n \u2013 Colombia. Garantizamos el acceso efectivo a la justicia, la verdad y la reparaci\u00f3n de las v\u00edctimas de los delitos.\",\"breadcrumb\":{\"@id\":\"https:\/\/www.fiscalia.gov.co\/colombia\/noticias\/judicializados-presuntos-responsables-de-proveer-carne-de-caballo-y-de-burro-a-algunos-contratistas-de-la-carcel-modelo-un-batallon-y-plazas-de-mercado-en-bucaramanga\/#breadcrumb\"},\"inLanguage\":\"es-CO\",\"potentialAction\":[{\"@type\":\"ReadAction\",\"target\":[\"https:\/\/www.fiscalia.gov.co\/colombia\/noticias\/judicializados-presuntos-responsables-de-proveer-carne-de-caballo-y-de-burro-a-algunos-contratistas-de-la-carcel-modelo-un-batallon-y-plazas-de-mercado-en-bucaramanga\/\"]}]},{\"@type\":\"BreadcrumbList\",\"@id\":\"https:\/\/www.fiscalia.gov.co\/colombia\/noticias\/judicializados-presuntos-responsables-de-proveer-carne-de-caballo-y-de-burro-a-algunos-contratistas-de-la-carcel-modelo-un-batallon-y-plazas-de-mercado-en-bucaramanga\/#breadcrumb\",\"itemListElement\":[{\"@type\":\"ListItem\",\"position\":1,\"name\":\"Home\",\"item\":\"https:\/\/www.fiscalia.gov.co\/colombia\/\"},{\"@type\":\"ListItem\",\"position\":2,\"name\":\"Judicializados presuntos responsables de proveer carne de caballo y de burro a algunos contratistas de la c\u00e1rcel Modelo, un batall\u00f3n y plazas de mercado en Bucaramanga\"}]},{\"@type\":\"WebSite\",\"@id\":\"https:\/\/www.fiscalia.gov.co\/colombia\/#website\",\"url\":\"https:\/\/www.fiscalia.gov.co\/colombia\/\",\"name\":\"Fiscal\u00eda General de la Naci\u00f3n\",\"description\":\"P\u00e1gina oficial de la Fiscal\u00eda General de la Naci\u00f3n \u2013 Colombia. Garantizamos el acceso efectivo a la justicia, la verdad y la reparaci\u00f3n de las v\u00edctimas de los delitos.\",\"publisher\":{\"@id\":\"https:\/\/www.fiscalia.gov.co\/colombia\/#organization\"},\"potentialAction\":[{\"@type\":\"SearchAction\",\"target\":{\"@type\":\"EntryPoint\",\"urlTemplate\":\"https:\/\/www.fiscalia.gov.co\/colombia\/?s={search_term_string}\"},\"query-input\":{\"@type\":\"PropertyValueSpecification\",\"valueRequired\":true,\"valueName\":\"search_term_string\"}}],\"inLanguage\":\"es-CO\"},{\"@type\":\"Organization\",\"@id\":\"https:\/\/www.fiscalia.gov.co\/colombia\/#organization\",\"name\":\"Fiscal\u00eda General de la Naci\u00f3n\",\"url\":\"https:\/\/www.fiscalia.gov.co\/colombia\/\",\"logo\":{\"@type\":\"ImageObject\",\"inLanguage\":\"es-CO\",\"@id\":\"https:\/\/www.fiscalia.gov.co\/colombia\/#\/schema\/logo\/image\/\",\"url\":\"https:\/\/www.fiscalia.gov.co\/colombia\/wp-content\/uploads\/LogoHorizontal_1.jpg\",\"contentUrl\":\"https:\/\/www.fiscalia.gov.co\/colombia\/wp-content\/uploads\/LogoHorizontal_1.jpg\",\"width\":300,\"height\":90,\"caption\":\"Fiscal\u00eda General de la Naci\u00f3n\"},\"image\":{\"@id\":\"https:\/\/www.fiscalia.gov.co\/colombia\/#\/schema\/logo\/image\/\"},\"sameAs\":[\"https:\/\/www.facebook.com\/FiscaliaCol\",\"https:\/\/x.com\/FiscaliaCol\",\"https:\/\/www.instagram.com\/fiscaliacol\",\"https:\/\/www.linkedin.com\/company\/fiscalia-general-de-la-naci-n\/\",\"https:\/\/youtube.com\/@fiscaliageneraldelanacion-4668?si=6nN79nyQICPU5iTh\"]},{\"@type\":\"Person\",\"@id\":\"https:\/\/www.fiscalia.gov.co\/colombia\/#\/schema\/person\/bf28d8ae7f1b287bbe3af484b04f43ea\",\"name\":\"Direcci\u00f3n de Comunicaciones Fiscal\u00eda General de la Naci\u00f3n\",\"image\":{\"@type\":\"ImageObject\",\"inLanguage\":\"es-CO\",\"@id\":\"https:\/\/www.fiscalia.gov.co\/colombia\/#\/schema\/person\/image\/\",\"url\":\"https:\/\/secure.gravatar.com\/avatar\/9d55ae161d32da16dbdd0b380c080a5f?s=96&d=mm&r=g\",\"contentUrl\":\"https:\/\/secure.gravatar.com\/avatar\/9d55ae161d32da16dbdd0b380c080a5f?s=96&d=mm&r=g\",\"caption\":\"Direcci\u00f3n de Comunicaciones Fiscal\u00eda General de la Naci\u00f3n\"},\"url\":\"https:\/\/www.fiscalia.gov.co\/colombia\/author\/kbonilla\/\"}]}<\/script>\n<!-- \/ Yoast SEO plugin. -->","yoast_head_json":{"title":"Fiscal\u00eda General de la Naci\u00f3n","description":"P\u00e1gina oficial de la Fiscal\u00eda General de la Naci\u00f3n \u2013 Colombia. Garantizamos el acceso efectivo a la justicia, la verdad y la reparaci\u00f3n de las v\u00edctimas de los delitos.","robots":{"index":"noindex","follow":"follow"},"og_locale":"es_ES","og_type":"article","og_title":"Fiscal\u00eda General de la Naci\u00f3n","og_description":"P\u00e1gina oficial de la Fiscal\u00eda General de la Naci\u00f3n \u2013 Colombia. Garantizamos el acceso efectivo a la justicia, la verdad y la reparaci\u00f3n de las v\u00edctimas de los delitos.","og_url":"https:\/\/www.fiscalia.gov.co\/colombia\/noticias\/judicializados-presuntos-responsables-de-proveer-carne-de-caballo-y-de-burro-a-algunos-contratistas-de-la-carcel-modelo-un-batallon-y-plazas-de-mercado-en-bucaramanga\/","og_site_name":"Fiscal\u00eda General de la Naci\u00f3n","article_publisher":"https:\/\/www.facebook.com\/FiscaliaCol","article_published_time":"2021-07-18T13:42:19+00:00","article_modified_time":"2021-07-28T23:57:57+00:00","author":"Direcci\u00f3n de Comunicaciones Fiscal\u00eda General de la Naci\u00f3n","twitter_card":"summary_large_image","twitter_creator":"@FiscaliaCol","twitter_site":"@FiscaliaCol","twitter_misc":{"Escrito por":"Direcci\u00f3n de Comunicaciones Fiscal\u00eda General de la Naci\u00f3n","Tiempo de lectura":"4 minutos"},"schema":{"@context":"https:\/\/schema.org","@graph":[{"@type":"Article","@id":"https:\/\/www.fiscalia.gov.co\/colombia\/noticias\/judicializados-presuntos-responsables-de-proveer-carne-de-caballo-y-de-burro-a-algunos-contratistas-de-la-carcel-modelo-un-batallon-y-plazas-de-mercado-en-bucaramanga\/#article","isPartOf":{"@id":"https:\/\/www.fiscalia.gov.co\/colombia\/noticias\/judicializados-presuntos-responsables-de-proveer-carne-de-caballo-y-de-burro-a-algunos-contratistas-de-la-carcel-modelo-un-batallon-y-plazas-de-mercado-en-bucaramanga\/"},"author":{"name":"Direcci\u00f3n de Comunicaciones Fiscal\u00eda General de la Naci\u00f3n","@id":"https:\/\/www.fiscalia.gov.co\/colombia\/#\/schema\/person\/bf28d8ae7f1b287bbe3af484b04f43ea"},"headline":"Judicializados presuntos responsables de proveer carne de caballo y de burro a algunos contratistas de la c\u00e1rcel Modelo, un batall\u00f3n y plazas de mercado en Bucaramanga","datePublished":"2021-07-18T13:42:19+00:00","dateModified":"2021-07-28T23:57:57+00:00","mainEntityOfPage":{"@id":"https:\/\/www.fiscalia.gov.co\/colombia\/noticias\/judicializados-presuntos-responsables-de-proveer-carne-de-caballo-y-de-burro-a-algunos-contratistas-de-la-carcel-modelo-un-batallon-y-plazas-de-mercado-en-bucaramanga\/"},"wordCount":830,"publisher":{"@id":"https:\/\/www.fiscalia.gov.co\/colombia\/#organization"},"keywords":["Carne de caballo","Derechos Humanos","Fiscal Barbosa"],"articleSection":["Da\u00f1o al medio ambiente","Derechos Humanos","Noticias"],"inLanguage":"es-CO"},{"@type":"WebPage","@id":"https:\/\/www.fiscalia.gov.co\/colombia\/noticias\/judicializados-presuntos-responsables-de-proveer-carne-de-caballo-y-de-burro-a-algunos-contratistas-de-la-carcel-modelo-un-batallon-y-plazas-de-mercado-en-bucaramanga\/","url":"https:\/\/www.fiscalia.gov.co\/colombia\/noticias\/judicializados-presuntos-responsables-de-proveer-carne-de-caballo-y-de-burro-a-algunos-contratistas-de-la-carcel-modelo-un-batallon-y-plazas-de-mercado-en-bucaramanga\/","name":"Fiscal\u00eda General de la Naci\u00f3n","isPartOf":{"@id":"https:\/\/www.fiscalia.gov.co\/colombia\/#website"},"datePublished":"2021-07-18T13:42:19+00:00","dateModified":"2021-07-28T23:57:57+00:00","description":"P\u00e1gina oficial de la Fiscal\u00eda General de la Naci\u00f3n \u2013 Colombia. Garantizamos el acceso efectivo a la justicia, la verdad y la reparaci\u00f3n de las v\u00edctimas de los delitos.","breadcrumb":{"@id":"https:\/\/www.fiscalia.gov.co\/colombia\/noticias\/judicializados-presuntos-responsables-de-proveer-carne-de-caballo-y-de-burro-a-algunos-contratistas-de-la-carcel-modelo-un-batallon-y-plazas-de-mercado-en-bucaramanga\/#breadcrumb"},"inLanguage":"es-CO","potentialAction":[{"@type":"ReadAction","target":["https:\/\/www.fiscalia.gov.co\/colombia\/noticias\/judicializados-presuntos-responsables-de-proveer-carne-de-caballo-y-de-burro-a-algunos-contratistas-de-la-carcel-modelo-un-batallon-y-plazas-de-mercado-en-bucaramanga\/"]}]},{"@type":"BreadcrumbList","@id":"https:\/\/www.fiscalia.gov.co\/colombia\/noticias\/judicializados-presuntos-responsables-de-proveer-carne-de-caballo-y-de-burro-a-algunos-contratistas-de-la-carcel-modelo-un-batallon-y-plazas-de-mercado-en-bucaramanga\/#breadcrumb","itemListElement":[{"@type":"ListItem","position":1,"name":"Home","item":"https:\/\/www.fiscalia.gov.co\/colombia\/"},{"@type":"ListItem","position":2,"name":"Judicializados presuntos responsables de proveer carne de caballo y de burro a algunos contratistas de la c\u00e1rcel Modelo, un batall\u00f3n y plazas de mercado en Bucaramanga"}]},{"@type":"WebSite","@id":"https:\/\/www.fiscalia.gov.co\/colombia\/#website","url":"https:\/\/www.fiscalia.gov.co\/colombia\/","name":"Fiscal\u00eda General de la Naci\u00f3n","description":"P\u00e1gina oficial de la Fiscal\u00eda General de la Naci\u00f3n \u2013 Colombia. Garantizamos el acceso efectivo a la justicia, la verdad y la reparaci\u00f3n de las v\u00edctimas de los delitos.","publisher":{"@id":"https:\/\/www.fiscalia.gov.co\/colombia\/#organization"},"potentialAction":[{"@type":"SearchAction","target":{"@type":"EntryPoint","urlTemplate":"https:\/\/www.fiscalia.gov.co\/colombia\/?s={search_term_string}"},"query-input":{"@type":"PropertyValueSpecification","valueRequired":true,"valueName":"search_term_string"}}],"inLanguage":"es-CO"},{"@type":"Organization","@id":"https:\/\/www.fiscalia.gov.co\/colombia\/#organization","name":"Fiscal\u00eda General de la Naci\u00f3n","url":"https:\/\/www.fiscalia.gov.co\/colombia\/","logo":{"@type":"ImageObject","inLanguage":"es-CO","@id":"https:\/\/www.fiscalia.gov.co\/colombia\/#\/schema\/logo\/image\/","url":"https:\/\/www.fiscalia.gov.co\/colombia\/wp-content\/uploads\/LogoHorizontal_1.jpg","contentUrl":"https:\/\/www.fiscalia.gov.co\/colombia\/wp-content\/uploads\/LogoHorizontal_1.jpg","width":300,"height":90,"caption":"Fiscal\u00eda General de la Naci\u00f3n"},"image":{"@id":"https:\/\/www.fiscalia.gov.co\/colombia\/#\/schema\/logo\/image\/"},"sameAs":["https:\/\/www.facebook.com\/FiscaliaCol","https:\/\/x.com\/FiscaliaCol","https:\/\/www.instagram.com\/fiscaliacol","https:\/\/www.linkedin.com\/company\/fiscalia-general-de-la-naci-n\/","https:\/\/youtube.com\/@fiscaliageneraldelanacion-4668?si=6nN79nyQICPU5iTh"]},{"@type":"Person","@id":"https:\/\/www.fiscalia.gov.co\/colombia\/#\/schema\/person\/bf28d8ae7f1b287bbe3af484b04f43ea","name":"Direcci\u00f3n de Comunicaciones Fiscal\u00eda General de la Naci\u00f3n","image":{"@type":"ImageObject","inLanguage":"es-CO","@id":"https:\/\/www.fiscalia.gov.co\/colombia\/#\/schema\/person\/image\/","url":"https:\/\/secure.gravatar.com\/avatar\/9d55ae161d32da16dbdd0b380c080a5f?s=96&d=mm&r=g","contentUrl":"https:\/\/secure.gravatar.com\/avatar\/9d55ae161d32da16dbdd0b380c080a5f?s=96&d=mm&r=g","caption":"Direcci\u00f3n de Comunicaciones Fiscal\u00eda General de la Naci\u00f3n"},"url":"https:\/\/www.fiscalia.gov.co\/colombia\/author\/kbonilla\/"}]}},"_links":{"self":[{"href":"https:\/\/www.fiscalia.gov.co\/colombia\/wp-json\/wp\/v2\/posts\/225007","targetHints":{"allow":["GET"]}}],"collection":[{"href":"https:\/\/www.fiscalia.gov.co\/colombia\/wp-json\/wp\/v2\/posts"}],"about":[{"href":"https:\/\/www.fiscalia.gov.co\/colombia\/wp-json\/wp\/v2\/types\/post"}],"author":[{"embeddable":true,"href":"https:\/\/www.fiscalia.gov.co\/colombia\/wp-json\/wp\/v2\/users\/162"}],"replies":[{"embeddable":true,"href":"https:\/\/www.fiscalia.gov.co\/colombia\/wp-json\/wp\/v2\/comments?post=225007"}],"version-history":[{"count":2,"href":"https:\/\/www.fiscalia.gov.co\/colombia\/wp-json\/wp\/v2\/posts\/225007\/revisions"}],"predecessor-version":[{"id":225021,"href":"https:\/\/www.fiscalia.gov.co\/colombia\/wp-json\/wp\/v2\/posts\/225007\/revisions\/225021"}],"wp:attachment":[{"href":"https:\/\/www.fiscalia.gov.co\/colombia\/wp-json\/wp\/v2\/media?parent=225007"}],"wp:term":[{"taxonomy":"category","embeddable":true,"href":"https:\/\/www.fiscalia.gov.co\/colombia\/wp-json\/wp\/v2\/categories?post=225007"},{"taxonomy":"post_tag","embeddable":true,"href":"https:\/\/www.fiscalia.gov.co\/colombia\/wp-json\/wp\/v2\/tags?post=225007"}],"curies":[{"name":"wp","href":"https:\/\/api.w.org\/{rel}","templated":true}]}}