{"id":224844,"date":"2021-07-15T14:26:53","date_gmt":"2021-07-15T19:26:53","guid":{"rendered":"https:\/\/www.fiscalia.gov.co\/colombia\/?p=224844"},"modified":"2021-07-15T14:27:24","modified_gmt":"2021-07-15T19:27:24","slug":"judicializados-10-presuntos-integrantes-los-rojos-banda-dedicada-a-la-distribucion-de-estupefacientes-en-3-comunas-de-pasto","status":"publish","type":"post","link":"https:\/\/www.fiscalia.gov.co\/colombia\/noticias\/judicializados-10-presuntos-integrantes-los-rojos-banda-dedicada-a-la-distribucion-de-estupefacientes-en-3-comunas-de-pasto\/","title":{"rendered":"Judicializados 10 presuntos integrantes \u2018Los Rojos\u2019, banda dedicada a la distribuci\u00f3n de estupefacientes en 3 comunas de Pasto"},"content":{"rendered":"<p class=\"x_x_MsoNormal\"><span lang=\"ES\">Ante el Juzgado Segundo Penal de Pasto (Nari\u00f1o), con funci\u00f3n de control de garant\u00edas, un fiscal de la Seccional Nari\u00f1o judicializ\u00f3 a 10 presuntos integrantes de la\u00a0<b>estructura delincuencial Los Rojos<\/b>, quienes vendr\u00edan comercializando sustancias il\u00edcitas en barrios de las\u00a0<b>comunas 10, 11, y 12<\/b> de esa ciudad.<\/span><\/p>\n<figure id=\"attachment_224848\" aria-describedby=\"caption-attachment-224848\" style=\"width: 696px\" class=\"wp-caption aligncenter\"><img loading=\"lazy\" decoding=\"async\" class=\"size-large wp-image-224848\" src=\"https:\/\/www.fiscalia.gov.co\/colombia\/wp-content\/uploads\/Los-Rojos-Nari\u00f1o-1024x768.jpeg\" alt=\"\" width=\"696\" height=\"522\" srcset=\"https:\/\/www.fiscalia.gov.co\/colombia\/wp-content\/uploads\/Los-Rojos-Nari\u00f1o-1024x768.jpeg 1024w, https:\/\/www.fiscalia.gov.co\/colombia\/wp-content\/uploads\/Los-Rojos-Nari\u00f1o-300x225.jpeg 300w, https:\/\/www.fiscalia.gov.co\/colombia\/wp-content\/uploads\/Los-Rojos-Nari\u00f1o-768x576.jpeg 768w, https:\/\/www.fiscalia.gov.co\/colombia\/wp-content\/uploads\/Los-Rojos-Nari\u00f1o-696x522.jpeg 696w, https:\/\/www.fiscalia.gov.co\/colombia\/wp-content\/uploads\/Los-Rojos-Nari\u00f1o-1068x801.jpeg 1068w, https:\/\/www.fiscalia.gov.co\/colombia\/wp-content\/uploads\/Los-Rojos-Nari\u00f1o-560x420.jpeg 560w, https:\/\/www.fiscalia.gov.co\/colombia\/wp-content\/uploads\/Los-Rojos-Nari\u00f1o-80x60.jpeg 80w, https:\/\/www.fiscalia.gov.co\/colombia\/wp-content\/uploads\/Los-Rojos-Nari\u00f1o-265x198.jpeg 265w, https:\/\/www.fiscalia.gov.co\/colombia\/wp-content\/uploads\/Los-Rojos-Nari\u00f1o.jpeg 1280w\" sizes=\"auto, (max-width: 696px) 100vw, 696px\" \/><figcaption id=\"caption-attachment-224848\" class=\"wp-caption-text\">8 presuntos integrantes de la banda Los Rojos fueron asegurados por tr\u00e1fico de estupefacientes y destinaci\u00f3n il\u00edcita de bienes inmuebles en Nari\u00f1o.<\/figcaption><\/figure>\n<p class=\"x_x_MsoNormal\"><span lang=\"ES\">El ente acusador les imput\u00f3 cargos por los delitos de tr\u00e1fico, fabricaci\u00f3n y\u00a0<\/span><a href=\"https:\/\/www.fiscalia.gov.co\/colombia\/seccionales\/judicializan-a-tres-hombres-por-porte-de-estupefacientes-en-el-norte-del-cauca\/\" target=\"_blank\" rel=\"noopener noreferrer\"><span lang=\"ES\">porte de estupefacientes<\/span><\/a><span lang=\"ES\">;\u00a0<\/span><a href=\"https:\/\/www.fiscalia.gov.co\/colombia\/seccionales\/judicializadas-7-personas-que-presuntamente-distribuian-a-domicilio-estupefacientes\/\" target=\"_blank\" rel=\"noopener noreferrer\"><span lang=\"ES\">destinaci\u00f3n il\u00edcita de bien inmueble<\/span><\/a><span lang=\"ES\">; fabricaci\u00f3n, tr\u00e1fico o porte de armas de fuego, accesorios, partes y municiones; fabricaci\u00f3n, tr\u00e1fico o porte de armas de fuego de uso privativo de las Fuerzas Armadas; y\u00a0<b>utilizaci\u00f3n de menores de edad para la comisi\u00f3n de delitos.\u00a0\u00a0<\/b><\/span><\/p>\n<p class=\"x_x_MsoNormal\"><span lang=\"ES\">De acuerdo con la investigaci\u00f3n, desde el 17 de noviembre de 2020 la banda Los Rojos ven\u00eda manejando las redes de distribuci\u00f3n de estupefacientes, en la\u00a0<b>modalidad de expr\u00e9s<\/b>, en los barrios Para\u00edso, Guacajal, Sim\u00f3n Bol\u00edvar, Sindagua y Santa Matilde, en la capital nari\u00f1ense.\u00a0<\/span><\/p>\n<p class=\"x_x_MsoNormal\"><span lang=\"ES\">Se conoci\u00f3 que el grupo delictivo utilizaba bienes inmuebles para el\u00a0<b>almacenamiento y expendio de marihuana<\/b>, por lo que agentes de la Sij\u00edn de la Polic\u00eda Nacional realizaron operativos de registro y allanamiento a varias viviendas ocupadas por los hoy asegurados.\u00a0<\/span><\/p>\n<p class=\"x_x_MsoNormal\"><span lang=\"ES\">En las diligencias judiciales fueron incautadas dosis de marihuana, coca\u00edna, bazuco, bolsas pl\u00e1sticas para empacar las sustancias, tel\u00e9fonos celulares, dinero en efectivo y una\u00a0motocicleta.\u00a0\u00a0<\/span><\/p>\n<p class=\"x_x_MsoNormal\"><span lang=\"ES\">Por estos hechos fueron procesados:\u00a0<\/span><\/p>\n<ol>\n<li><span lang=\"ES\">Deyanira Benavides Guaspud (detenci\u00f3n intramuros)\u00a0<\/span><\/li>\n<li><span lang=\"ES\">Margoth Ruano Berm\u00fadez (detenci\u00f3n intramuros)\u00a0<\/span><\/li>\n<li><span lang=\"ES\">Viviana Mercedes Escobar Mera (detenci\u00f3n intramuros)\u00a0<\/span><\/li>\n<li><span lang=\"ES\">Cristi\u00e1n Cultyd Vallejo (detenci\u00f3n intramuros)\u00a0<\/span><\/li>\n<li><span lang=\"ES\">Gladys Cristina Escobar Mera (detenci\u00f3n intramuros)\u00a0<\/span><\/li>\n<li><span lang=\"ES\">Jaime Andr\u00e9s Coral Vallejo (detenci\u00f3n domiciliaria)\u00a0<\/span><\/li>\n<li><span lang=\"ES\">Jorge Escobar Mera (detenci\u00f3n domiciliaria)\u00a0<\/span><\/li>\n<li><span lang=\"ES\">Viviana Marcela Minayo Insuasty (medida no privativa)\u00a0<\/span><\/li>\n<li><span lang=\"ES\">Oscar Edmundo Casanova (en libertad)\u00a0<\/span><\/li>\n<li><span lang=\"ES\">Jaime Andr\u00e9s Ben\u00edtez Garz\u00f3n (en libertad)\u00a0<\/span><\/li>\n<\/ol>\n<p class=\"x_x_MsoNormal\"><span lang=\"ES\">Durante las audiencias concentradas estas personas\u00a0<b>no aceptaron su responsabilidad<\/b>\u00a0en los cargos endilgados, y a quienes el juez les concedi\u00f3 la libertad contin\u00faan vinculados a la investigaci\u00f3n.\u00a0<\/span><span lang=\"ES\">\u00a0<\/span><\/p>\n<p class=\"x_x_MsoNormal\"><span lang=\"ES\">Esta informaci\u00f3n se publica por razones de inter\u00e9s general.\u00a0\u00a0<\/span><\/p>\n<p class=\"x_x_MsoNormal\"><span lang=\"ES\">La Fiscal\u00eda General de la Naci\u00f3n habla con resultados\u00a0<\/span><span lang=\"ES\">\u00a0<\/span><span lang=\"ES\">\u00a0<\/span><\/p>\n<p class=\"x_x_MsoNormal\"><span lang=\"ES\">JGPV\/LM\/DLBM.\u00a0<\/span><span lang=\"ES\">\u00a0<\/span><\/p>\n<p class=\"x_x_MsoNormal\"><i><span lang=\"ES\">La informaci\u00f3n contenida en este bolet\u00edn de prensa corresponde a la narraci\u00f3n de los hechos noticiosos objetivos, suministrados por los funcionarios encargados de adelantar las\u00a0investigaciones penales al interior de la Fiscal\u00eda General de la Naci\u00f3n. Para el momento de la divulgaci\u00f3n de este comunicado, la situaci\u00f3n jur\u00eddica de la(s) persona(s) relacionada(s) se encuentra pendiente de resolver por la autoridad judicial competente, siempre bajo los preceptos de la presunci\u00f3n de inocencia, consagrados en el art\u00edculo 29 de la Constituci\u00f3n Pol\u00edtica y el art\u00edculo 7\u00ba de la Ley 906 de 2004.<\/span><\/i><span lang=\"ES\">\u00a0\u00a0<\/span><span lang=\"ES\">\u00a0<\/span><\/p>\n\n<div class=\"twitter-share\"><a href=\"https:\/\/twitter.com\/intent\/tweet?via=fiscaliacol\" class=\"twitter-share-button\">Tweet<\/a><\/div>\n","protected":false},"excerpt":{"rendered":"<p>Ante el Juzgado Segundo Penal de Pasto (Nari\u00f1o), con funci\u00f3n de control de garant\u00edas, un fiscal de la Seccional Nari\u00f1o judicializ\u00f3 a 10 presuntos integrantes de la\u00a0estructura delincuencial Los Rojos, [&hellip;]<\/p>\n","protected":false},"author":171,"featured_media":0,"comment_status":"closed","ping_status":"open","sticky":false,"template":"","format":"standard","meta":{"tdm_status":"","tdm_grid_status":"","footnotes":""},"categories":[1,334,303,24103],"tags":[25870,24526,24481,1047,12161],"class_list":["post-224844","post","type-post","status-publish","format-standard","category-noticias","category-seccional-pasto","category-seccionales","category-trafico-de-estupefacientes","tag-destinacion-ilicita-de-bien-inmueble","tag-fiscal-general-francisco-barbosa-delgado","tag-fiscalia-de-colombia","tag-fiscalia-general-de-la-nacion","tag-porte-de-estupefacientes"],"yoast_head":"<!-- This site is optimized with the Yoast SEO plugin v24.3 - https:\/\/yoast.com\/wordpress\/plugins\/seo\/ -->\n<title>Fiscal\u00eda General de la Naci\u00f3n<\/title>\n<meta name=\"description\" content=\"P\u00e1gina oficial de la Fiscal\u00eda General de la Naci\u00f3n \u2013 Colombia. Garantizamos el acceso efectivo a la justicia, la verdad y la reparaci\u00f3n de las v\u00edctimas de los delitos.\" \/>\n<meta name=\"robots\" content=\"noindex, follow\" \/>\n<meta property=\"og:locale\" content=\"es_ES\" \/>\n<meta property=\"og:type\" content=\"article\" \/>\n<meta property=\"og:title\" content=\"Fiscal\u00eda General de la Naci\u00f3n\" \/>\n<meta property=\"og:description\" content=\"P\u00e1gina oficial de la Fiscal\u00eda General de la Naci\u00f3n \u2013 Colombia. Garantizamos el acceso efectivo a la justicia, la verdad y la reparaci\u00f3n de las v\u00edctimas de los delitos.\" \/>\n<meta property=\"og:url\" content=\"https:\/\/www.fiscalia.gov.co\/colombia\/noticias\/judicializados-10-presuntos-integrantes-los-rojos-banda-dedicada-a-la-distribucion-de-estupefacientes-en-3-comunas-de-pasto\/\" \/>\n<meta property=\"og:site_name\" content=\"Fiscal\u00eda General de la Naci\u00f3n\" \/>\n<meta property=\"article:publisher\" content=\"https:\/\/www.facebook.com\/FiscaliaCol\" \/>\n<meta property=\"article:published_time\" content=\"2021-07-15T19:26:53+00:00\" \/>\n<meta property=\"article:modified_time\" content=\"2021-07-15T19:27:24+00:00\" \/>\n<meta name=\"author\" content=\"Ana Mar\u00eda Gomez\" \/>\n<meta name=\"twitter:card\" content=\"summary_large_image\" \/>\n<meta name=\"twitter:creator\" content=\"@FiscaliaCol\" \/>\n<meta name=\"twitter:site\" content=\"@FiscaliaCol\" \/>\n<meta name=\"twitter:label1\" content=\"Escrito por\" \/>\n\t<meta name=\"twitter:data1\" content=\"Ana Mar\u00eda Gomez\" \/>\n\t<meta name=\"twitter:label2\" content=\"Tiempo de lectura\" \/>\n\t<meta name=\"twitter:data2\" content=\"3 minutos\" \/>\n<script type=\"application\/ld+json\" class=\"yoast-schema-graph\">{\"@context\":\"https:\/\/schema.org\",\"@graph\":[{\"@type\":\"Article\",\"@id\":\"https:\/\/www.fiscalia.gov.co\/colombia\/noticias\/judicializados-10-presuntos-integrantes-los-rojos-banda-dedicada-a-la-distribucion-de-estupefacientes-en-3-comunas-de-pasto\/#article\",\"isPartOf\":{\"@id\":\"https:\/\/www.fiscalia.gov.co\/colombia\/noticias\/judicializados-10-presuntos-integrantes-los-rojos-banda-dedicada-a-la-distribucion-de-estupefacientes-en-3-comunas-de-pasto\/\"},\"author\":{\"name\":\"Ana Mar\u00eda Gomez\",\"@id\":\"https:\/\/www.fiscalia.gov.co\/colombia\/#\/schema\/person\/06aa2210fe4d79203f428ff671dee360\"},\"headline\":\"Judicializados 10 presuntos integrantes \u2018Los Rojos\u2019, banda dedicada a la distribuci\u00f3n de estupefacientes en 3 comunas de Pasto\",\"datePublished\":\"2021-07-15T19:26:53+00:00\",\"dateModified\":\"2021-07-15T19:27:24+00:00\",\"mainEntityOfPage\":{\"@id\":\"https:\/\/www.fiscalia.gov.co\/colombia\/noticias\/judicializados-10-presuntos-integrantes-los-rojos-banda-dedicada-a-la-distribucion-de-estupefacientes-en-3-comunas-de-pasto\/\"},\"wordCount\":520,\"publisher\":{\"@id\":\"https:\/\/www.fiscalia.gov.co\/colombia\/#organization\"},\"keywords\":[\"destinaci\u00f3n il\u00edcita de bien inmueble\",\"Fiscal General Francisco Barbosa Delgado\",\"Fiscal\u00eda de Colombia\",\"Fiscal\u00eda General de la Naci\u00f3n\",\"Porte de estupefacientes\"],\"articleSection\":[\"Noticias\",\"Seccional Pasto\",\"Seccionales\",\"Tr\u00e1fico de estupefacientes\"],\"inLanguage\":\"es-CO\"},{\"@type\":\"WebPage\",\"@id\":\"https:\/\/www.fiscalia.gov.co\/colombia\/noticias\/judicializados-10-presuntos-integrantes-los-rojos-banda-dedicada-a-la-distribucion-de-estupefacientes-en-3-comunas-de-pasto\/\",\"url\":\"https:\/\/www.fiscalia.gov.co\/colombia\/noticias\/judicializados-10-presuntos-integrantes-los-rojos-banda-dedicada-a-la-distribucion-de-estupefacientes-en-3-comunas-de-pasto\/\",\"name\":\"Fiscal\u00eda General de la Naci\u00f3n\",\"isPartOf\":{\"@id\":\"https:\/\/www.fiscalia.gov.co\/colombia\/#website\"},\"datePublished\":\"2021-07-15T19:26:53+00:00\",\"dateModified\":\"2021-07-15T19:27:24+00:00\",\"description\":\"P\u00e1gina oficial de la Fiscal\u00eda General de la Naci\u00f3n \u2013 Colombia. Garantizamos el acceso efectivo a la justicia, la verdad y la reparaci\u00f3n de las v\u00edctimas de los delitos.\",\"breadcrumb\":{\"@id\":\"https:\/\/www.fiscalia.gov.co\/colombia\/noticias\/judicializados-10-presuntos-integrantes-los-rojos-banda-dedicada-a-la-distribucion-de-estupefacientes-en-3-comunas-de-pasto\/#breadcrumb\"},\"inLanguage\":\"es-CO\",\"potentialAction\":[{\"@type\":\"ReadAction\",\"target\":[\"https:\/\/www.fiscalia.gov.co\/colombia\/noticias\/judicializados-10-presuntos-integrantes-los-rojos-banda-dedicada-a-la-distribucion-de-estupefacientes-en-3-comunas-de-pasto\/\"]}]},{\"@type\":\"BreadcrumbList\",\"@id\":\"https:\/\/www.fiscalia.gov.co\/colombia\/noticias\/judicializados-10-presuntos-integrantes-los-rojos-banda-dedicada-a-la-distribucion-de-estupefacientes-en-3-comunas-de-pasto\/#breadcrumb\",\"itemListElement\":[{\"@type\":\"ListItem\",\"position\":1,\"name\":\"Home\",\"item\":\"https:\/\/www.fiscalia.gov.co\/colombia\/\"},{\"@type\":\"ListItem\",\"position\":2,\"name\":\"Judicializados 10 presuntos integrantes \u2018Los Rojos\u2019, banda dedicada a la distribuci\u00f3n de estupefacientes en 3 comunas de Pasto\"}]},{\"@type\":\"WebSite\",\"@id\":\"https:\/\/www.fiscalia.gov.co\/colombia\/#website\",\"url\":\"https:\/\/www.fiscalia.gov.co\/colombia\/\",\"name\":\"Fiscal\u00eda General de la Naci\u00f3n\",\"description\":\"P\u00e1gina oficial de la Fiscal\u00eda General de la Naci\u00f3n \u2013 Colombia. Garantizamos el acceso efectivo a la justicia, la verdad y la reparaci\u00f3n de las v\u00edctimas de los delitos.\",\"publisher\":{\"@id\":\"https:\/\/www.fiscalia.gov.co\/colombia\/#organization\"},\"potentialAction\":[{\"@type\":\"SearchAction\",\"target\":{\"@type\":\"EntryPoint\",\"urlTemplate\":\"https:\/\/www.fiscalia.gov.co\/colombia\/?s={search_term_string}\"},\"query-input\":{\"@type\":\"PropertyValueSpecification\",\"valueRequired\":true,\"valueName\":\"search_term_string\"}}],\"inLanguage\":\"es-CO\"},{\"@type\":\"Organization\",\"@id\":\"https:\/\/www.fiscalia.gov.co\/colombia\/#organization\",\"name\":\"Fiscal\u00eda General de la Naci\u00f3n\",\"url\":\"https:\/\/www.fiscalia.gov.co\/colombia\/\",\"logo\":{\"@type\":\"ImageObject\",\"inLanguage\":\"es-CO\",\"@id\":\"https:\/\/www.fiscalia.gov.co\/colombia\/#\/schema\/logo\/image\/\",\"url\":\"https:\/\/www.fiscalia.gov.co\/colombia\/wp-content\/uploads\/LogoHorizontal_1.jpg\",\"contentUrl\":\"https:\/\/www.fiscalia.gov.co\/colombia\/wp-content\/uploads\/LogoHorizontal_1.jpg\",\"width\":300,\"height\":90,\"caption\":\"Fiscal\u00eda General de la Naci\u00f3n\"},\"image\":{\"@id\":\"https:\/\/www.fiscalia.gov.co\/colombia\/#\/schema\/logo\/image\/\"},\"sameAs\":[\"https:\/\/www.facebook.com\/FiscaliaCol\",\"https:\/\/x.com\/FiscaliaCol\",\"https:\/\/www.instagram.com\/fiscaliacol\",\"https:\/\/www.linkedin.com\/company\/fiscalia-general-de-la-naci-n\/\",\"https:\/\/youtube.com\/@fiscaliageneraldelanacion-4668?si=6nN79nyQICPU5iTh\"]},{\"@type\":\"Person\",\"@id\":\"https:\/\/www.fiscalia.gov.co\/colombia\/#\/schema\/person\/06aa2210fe4d79203f428ff671dee360\",\"name\":\"Ana Mar\u00eda Gomez\",\"image\":{\"@type\":\"ImageObject\",\"inLanguage\":\"es-CO\",\"@id\":\"https:\/\/www.fiscalia.gov.co\/colombia\/#\/schema\/person\/image\/\",\"url\":\"https:\/\/secure.gravatar.com\/avatar\/a38115d98a7f8a96cbb96af2b2c37a0b?s=96&d=mm&r=g\",\"contentUrl\":\"https:\/\/secure.gravatar.com\/avatar\/a38115d98a7f8a96cbb96af2b2c37a0b?s=96&d=mm&r=g\",\"caption\":\"Ana Mar\u00eda Gomez\"},\"url\":\"https:\/\/www.fiscalia.gov.co\/colombia\/author\/agomez\/\"}]}<\/script>\n<!-- \/ Yoast SEO plugin. -->","yoast_head_json":{"title":"Fiscal\u00eda General de la Naci\u00f3n","description":"P\u00e1gina oficial de la Fiscal\u00eda General de la Naci\u00f3n \u2013 Colombia. Garantizamos el acceso efectivo a la justicia, la verdad y la reparaci\u00f3n de las v\u00edctimas de los delitos.","robots":{"index":"noindex","follow":"follow"},"og_locale":"es_ES","og_type":"article","og_title":"Fiscal\u00eda General de la Naci\u00f3n","og_description":"P\u00e1gina oficial de la Fiscal\u00eda General de la Naci\u00f3n \u2013 Colombia. Garantizamos el acceso efectivo a la justicia, la verdad y la reparaci\u00f3n de las v\u00edctimas de los delitos.","og_url":"https:\/\/www.fiscalia.gov.co\/colombia\/noticias\/judicializados-10-presuntos-integrantes-los-rojos-banda-dedicada-a-la-distribucion-de-estupefacientes-en-3-comunas-de-pasto\/","og_site_name":"Fiscal\u00eda General de la Naci\u00f3n","article_publisher":"https:\/\/www.facebook.com\/FiscaliaCol","article_published_time":"2021-07-15T19:26:53+00:00","article_modified_time":"2021-07-15T19:27:24+00:00","author":"Ana Mar\u00eda Gomez","twitter_card":"summary_large_image","twitter_creator":"@FiscaliaCol","twitter_site":"@FiscaliaCol","twitter_misc":{"Escrito por":"Ana Mar\u00eda Gomez","Tiempo de lectura":"3 minutos"},"schema":{"@context":"https:\/\/schema.org","@graph":[{"@type":"Article","@id":"https:\/\/www.fiscalia.gov.co\/colombia\/noticias\/judicializados-10-presuntos-integrantes-los-rojos-banda-dedicada-a-la-distribucion-de-estupefacientes-en-3-comunas-de-pasto\/#article","isPartOf":{"@id":"https:\/\/www.fiscalia.gov.co\/colombia\/noticias\/judicializados-10-presuntos-integrantes-los-rojos-banda-dedicada-a-la-distribucion-de-estupefacientes-en-3-comunas-de-pasto\/"},"author":{"name":"Ana Mar\u00eda Gomez","@id":"https:\/\/www.fiscalia.gov.co\/colombia\/#\/schema\/person\/06aa2210fe4d79203f428ff671dee360"},"headline":"Judicializados 10 presuntos integrantes \u2018Los Rojos\u2019, banda dedicada a la distribuci\u00f3n de estupefacientes en 3 comunas de Pasto","datePublished":"2021-07-15T19:26:53+00:00","dateModified":"2021-07-15T19:27:24+00:00","mainEntityOfPage":{"@id":"https:\/\/www.fiscalia.gov.co\/colombia\/noticias\/judicializados-10-presuntos-integrantes-los-rojos-banda-dedicada-a-la-distribucion-de-estupefacientes-en-3-comunas-de-pasto\/"},"wordCount":520,"publisher":{"@id":"https:\/\/www.fiscalia.gov.co\/colombia\/#organization"},"keywords":["destinaci\u00f3n il\u00edcita de bien inmueble","Fiscal General Francisco Barbosa Delgado","Fiscal\u00eda de Colombia","Fiscal\u00eda General de la Naci\u00f3n","Porte de estupefacientes"],"articleSection":["Noticias","Seccional Pasto","Seccionales","Tr\u00e1fico de estupefacientes"],"inLanguage":"es-CO"},{"@type":"WebPage","@id":"https:\/\/www.fiscalia.gov.co\/colombia\/noticias\/judicializados-10-presuntos-integrantes-los-rojos-banda-dedicada-a-la-distribucion-de-estupefacientes-en-3-comunas-de-pasto\/","url":"https:\/\/www.fiscalia.gov.co\/colombia\/noticias\/judicializados-10-presuntos-integrantes-los-rojos-banda-dedicada-a-la-distribucion-de-estupefacientes-en-3-comunas-de-pasto\/","name":"Fiscal\u00eda General de la Naci\u00f3n","isPartOf":{"@id":"https:\/\/www.fiscalia.gov.co\/colombia\/#website"},"datePublished":"2021-07-15T19:26:53+00:00","dateModified":"2021-07-15T19:27:24+00:00","description":"P\u00e1gina oficial de la Fiscal\u00eda General de la Naci\u00f3n \u2013 Colombia. Garantizamos el acceso efectivo a la justicia, la verdad y la reparaci\u00f3n de las v\u00edctimas de los delitos.","breadcrumb":{"@id":"https:\/\/www.fiscalia.gov.co\/colombia\/noticias\/judicializados-10-presuntos-integrantes-los-rojos-banda-dedicada-a-la-distribucion-de-estupefacientes-en-3-comunas-de-pasto\/#breadcrumb"},"inLanguage":"es-CO","potentialAction":[{"@type":"ReadAction","target":["https:\/\/www.fiscalia.gov.co\/colombia\/noticias\/judicializados-10-presuntos-integrantes-los-rojos-banda-dedicada-a-la-distribucion-de-estupefacientes-en-3-comunas-de-pasto\/"]}]},{"@type":"BreadcrumbList","@id":"https:\/\/www.fiscalia.gov.co\/colombia\/noticias\/judicializados-10-presuntos-integrantes-los-rojos-banda-dedicada-a-la-distribucion-de-estupefacientes-en-3-comunas-de-pasto\/#breadcrumb","itemListElement":[{"@type":"ListItem","position":1,"name":"Home","item":"https:\/\/www.fiscalia.gov.co\/colombia\/"},{"@type":"ListItem","position":2,"name":"Judicializados 10 presuntos integrantes \u2018Los Rojos\u2019, banda dedicada a la distribuci\u00f3n de estupefacientes en 3 comunas de Pasto"}]},{"@type":"WebSite","@id":"https:\/\/www.fiscalia.gov.co\/colombia\/#website","url":"https:\/\/www.fiscalia.gov.co\/colombia\/","name":"Fiscal\u00eda General de la Naci\u00f3n","description":"P\u00e1gina oficial de la Fiscal\u00eda General de la Naci\u00f3n \u2013 Colombia. Garantizamos el acceso efectivo a la justicia, la verdad y la reparaci\u00f3n de las v\u00edctimas de los delitos.","publisher":{"@id":"https:\/\/www.fiscalia.gov.co\/colombia\/#organization"},"potentialAction":[{"@type":"SearchAction","target":{"@type":"EntryPoint","urlTemplate":"https:\/\/www.fiscalia.gov.co\/colombia\/?s={search_term_string}"},"query-input":{"@type":"PropertyValueSpecification","valueRequired":true,"valueName":"search_term_string"}}],"inLanguage":"es-CO"},{"@type":"Organization","@id":"https:\/\/www.fiscalia.gov.co\/colombia\/#organization","name":"Fiscal\u00eda General de la Naci\u00f3n","url":"https:\/\/www.fiscalia.gov.co\/colombia\/","logo":{"@type":"ImageObject","inLanguage":"es-CO","@id":"https:\/\/www.fiscalia.gov.co\/colombia\/#\/schema\/logo\/image\/","url":"https:\/\/www.fiscalia.gov.co\/colombia\/wp-content\/uploads\/LogoHorizontal_1.jpg","contentUrl":"https:\/\/www.fiscalia.gov.co\/colombia\/wp-content\/uploads\/LogoHorizontal_1.jpg","width":300,"height":90,"caption":"Fiscal\u00eda General de la Naci\u00f3n"},"image":{"@id":"https:\/\/www.fiscalia.gov.co\/colombia\/#\/schema\/logo\/image\/"},"sameAs":["https:\/\/www.facebook.com\/FiscaliaCol","https:\/\/x.com\/FiscaliaCol","https:\/\/www.instagram.com\/fiscaliacol","https:\/\/www.linkedin.com\/company\/fiscalia-general-de-la-naci-n\/","https:\/\/youtube.com\/@fiscaliageneraldelanacion-4668?si=6nN79nyQICPU5iTh"]},{"@type":"Person","@id":"https:\/\/www.fiscalia.gov.co\/colombia\/#\/schema\/person\/06aa2210fe4d79203f428ff671dee360","name":"Ana Mar\u00eda Gomez","image":{"@type":"ImageObject","inLanguage":"es-CO","@id":"https:\/\/www.fiscalia.gov.co\/colombia\/#\/schema\/person\/image\/","url":"https:\/\/secure.gravatar.com\/avatar\/a38115d98a7f8a96cbb96af2b2c37a0b?s=96&d=mm&r=g","contentUrl":"https:\/\/secure.gravatar.com\/avatar\/a38115d98a7f8a96cbb96af2b2c37a0b?s=96&d=mm&r=g","caption":"Ana Mar\u00eda Gomez"},"url":"https:\/\/www.fiscalia.gov.co\/colombia\/author\/agomez\/"}]}},"_links":{"self":[{"href":"https:\/\/www.fiscalia.gov.co\/colombia\/wp-json\/wp\/v2\/posts\/224844","targetHints":{"allow":["GET"]}}],"collection":[{"href":"https:\/\/www.fiscalia.gov.co\/colombia\/wp-json\/wp\/v2\/posts"}],"about":[{"href":"https:\/\/www.fiscalia.gov.co\/colombia\/wp-json\/wp\/v2\/types\/post"}],"author":[{"embeddable":true,"href":"https:\/\/www.fiscalia.gov.co\/colombia\/wp-json\/wp\/v2\/users\/171"}],"replies":[{"embeddable":true,"href":"https:\/\/www.fiscalia.gov.co\/colombia\/wp-json\/wp\/v2\/comments?post=224844"}],"version-history":[{"count":2,"href":"https:\/\/www.fiscalia.gov.co\/colombia\/wp-json\/wp\/v2\/posts\/224844\/revisions"}],"predecessor-version":[{"id":224849,"href":"https:\/\/www.fiscalia.gov.co\/colombia\/wp-json\/wp\/v2\/posts\/224844\/revisions\/224849"}],"wp:attachment":[{"href":"https:\/\/www.fiscalia.gov.co\/colombia\/wp-json\/wp\/v2\/media?parent=224844"}],"wp:term":[{"taxonomy":"category","embeddable":true,"href":"https:\/\/www.fiscalia.gov.co\/colombia\/wp-json\/wp\/v2\/categories?post=224844"},{"taxonomy":"post_tag","embeddable":true,"href":"https:\/\/www.fiscalia.gov.co\/colombia\/wp-json\/wp\/v2\/tags?post=224844"}],"curies":[{"name":"wp","href":"https:\/\/api.w.org\/{rel}","templated":true}]}}