{"id":224555,"date":"2021-07-13T12:22:31","date_gmt":"2021-07-13T17:22:31","guid":{"rendered":"https:\/\/www.fiscalia.gov.co\/colombia\/?p=224555"},"modified":"2021-07-13T12:23:51","modified_gmt":"2021-07-13T17:23:51","slug":"condenados-a-5-y-2-anos-de-prision-integrantes-del-grupo-delincuencial-los-de-la-15-dedicados-al-trafico-de-estupefacientes-en-zona-residencial-de-la-capital-nortesantandereana","status":"publish","type":"post","link":"https:\/\/www.fiscalia.gov.co\/colombia\/noticias\/condenados-a-5-y-2-anos-de-prision-integrantes-del-grupo-delincuencial-los-de-la-15-dedicados-al-trafico-de-estupefacientes-en-zona-residencial-de-la-capital-nortesantandereana\/","title":{"rendered":"Condenados a 5 y 2 a\u00f1os de prisi\u00f3n integrantes del grupo delincuencial Los de la 15, dedicados al tr\u00e1fico de estupefacientes en zona residencial de la capital nortesantandereana"},"content":{"rendered":"<p class=\"x_x_x_MsoNormal\">Tras avalar el preacuerdo entre la\u00a0<b>Fiscal\u00eda<\/b>\u00a0y la defensa de los procesados, el Juzgado Segundo Penal del Circuito de C\u00facuta (Norte de Santander) conden\u00f3 a cinco integrantes del grupo delincuencial com\u00fan organizado Los de la 15, por su responsabilidad en el delito de\u00a0<a href=\"https:\/\/www.fiscalia.gov.co\/colombia\/noticias\/la-fiscalia-obtuvo-sentencias-condenatorias-entre-6-y-4-anos-de-prision-en-contra-de-10-integrantes-del-grupo-delincuencial-los-toledos-por-microtrafico\/\" target=\"_blank\" rel=\"noopener noreferrer\">tr\u00e1fico<\/a>, fabricaci\u00f3n o porte de estupefacientes.<\/p>\n<p class=\"x_x_x_MsoNormal\"><span lang=\"ES\">En la investigaci\u00f3n se lograron recaudar elementos materiales probatorios que permitieron la materializaci\u00f3n de \u00f3rdenes de captura por parte de la\u00a0<\/span><span lang=\"ES\"><b>Polic\u00eda Nacional,<\/b><\/span><span lang=\"ES\">\u00a0en contra de los hoy condenados en octubre de 2020.\u00a0<\/span><\/p>\n<p class=\"x_x_x_MsoNormal\"><span lang=\"ES\">Adem\u00e1s, se evidenci\u00f3 que los procesados se dedicaban a la<\/span><span lang=\"ES\">\u00a0<\/span><a href=\"https:\/\/www.fiscalia.gov.co\/colombia\/seccionales\/fiscalia-obtuvo-sentencias-condenatorias-en-contra-de-7-integrantes-de-una-banda-delincuencial-dedicada-al-microtrafico\/\" target=\"_blank\" rel=\"noopener noreferrer\">comercializaci\u00f3n<\/a>\u00a0y distribuci\u00f3n de sustancias estupefacientes en peque\u00f1as dosis, en el municipio de C\u00facuta (Norte de Santander), espec\u00edficamente en el sector de La Calle 15 y el barrio La Libertad.<\/p>\n<p>Durante las audiencias concentradas el juez de conocimiento cobijo a los integrantes del\u00a0grupo delincuencial com\u00fan organizado Los de la 15 as\u00ed:<\/p>\n<ul>\n<li>Ramon David Castro Contreras condenado a 5 a\u00f1os de prisi\u00f3n y una multa de tres salarios m\u00ednimos legales vigentes para el 2020.<\/li>\n<li>Daniel Alexander Rodriguez Linares deber\u00e1 pagar 5 a\u00f1os y 5 meses de prisi\u00f3n, adem\u00e1s de una multa de 62 salarios m\u00ednimos legales vigentes para el\u00a0 2020.<\/li>\n<li>Edwin Yesid Barrera Silva, Junior Eduardo Cohen Bello y Ronald Fernando Cristancho P\u00e9rez cumplir\u00e1n una pena de 2 a\u00f1os y 11 meses de prisi\u00f3n y el pago de una multa de dos salarios m\u00ednimos legales vigentes para el 2020.<\/li>\n<\/ul>\n<div>\n<p>Los hombres se encuentran recluidos en la c\u00e1rcel judicial de esa ciudad, donde pagar\u00e1n su pena.<\/p>\n<p>La Fiscal\u00eda hace p\u00fablica esta informaci\u00f3n por considerarla de inter\u00e9s general.<\/p>\n<p>MPHA\/ANMP\/MG<\/p>\n<p>&nbsp;<\/p>\n<\/div>\n<div><\/div>\n\n<div class=\"twitter-share\"><a href=\"https:\/\/twitter.com\/intent\/tweet?via=fiscaliacol\" class=\"twitter-share-button\">Tweet<\/a><\/div>\n","protected":false},"excerpt":{"rendered":"<p>Tras avalar el preacuerdo entre la\u00a0Fiscal\u00eda\u00a0y la defensa de los procesados, el Juzgado Segundo Penal del Circuito de C\u00facuta (Norte de Santander) conden\u00f3 a cinco integrantes del grupo delincuencial com\u00fan organizado Los de la 15, por su responsabilidad en el delito de\u00a0tr\u00e1fico, fabricaci\u00f3n o porte de estupefacientes. En la investigaci\u00f3n se lograron recaudar elementos materiales [&hellip;]<\/p>\n","protected":false},"author":171,"featured_media":0,"comment_status":"closed","ping_status":"open","sticky":false,"template":"","format":"standard","meta":{"tdm_status":"","tdm_grid_status":"","footnotes":""},"categories":[24174,1,326,303],"tags":[9477,27900,27899,975],"class_list":{"0":"post-224555","1":"post","2":"type-post","3":"status-publish","4":"format-standard","6":"category-hay-justicia","7":"category-noticias","8":"category-seccional-cucuta","9":"category-seccionales","10":"tag-comunidad","11":"tag-grupo","12":"tag-pequenas-cantidades","13":"tag-sentencia"},"yoast_head":"<!-- This site is optimized with the Yoast SEO plugin v24.3 - https:\/\/yoast.com\/wordpress\/plugins\/seo\/ -->\n<title>Fiscal\u00eda General de la Naci\u00f3n<\/title>\n<meta name=\"description\" content=\"P\u00e1gina oficial de la Fiscal\u00eda General de la Naci\u00f3n \u2013 Colombia. Garantizamos el acceso efectivo a la justicia, la verdad y la reparaci\u00f3n de las v\u00edctimas de los delitos.\" \/>\n<meta name=\"robots\" content=\"noindex, follow\" \/>\n<meta property=\"og:locale\" content=\"es_ES\" \/>\n<meta property=\"og:type\" content=\"article\" \/>\n<meta property=\"og:title\" content=\"Fiscal\u00eda General de la Naci\u00f3n\" \/>\n<meta property=\"og:description\" content=\"P\u00e1gina oficial de la Fiscal\u00eda General de la Naci\u00f3n \u2013 Colombia. Garantizamos el acceso efectivo a la justicia, la verdad y la reparaci\u00f3n de las v\u00edctimas de los delitos.\" \/>\n<meta property=\"og:url\" content=\"https:\/\/www.fiscalia.gov.co\/colombia\/noticias\/condenados-a-5-y-2-anos-de-prision-integrantes-del-grupo-delincuencial-los-de-la-15-dedicados-al-trafico-de-estupefacientes-en-zona-residencial-de-la-capital-nortesantandereana\/\" \/>\n<meta property=\"og:site_name\" content=\"Fiscal\u00eda General de la Naci\u00f3n\" \/>\n<meta property=\"article:publisher\" content=\"https:\/\/www.facebook.com\/FiscaliaCol\" \/>\n<meta property=\"article:published_time\" content=\"2021-07-13T17:22:31+00:00\" \/>\n<meta property=\"article:modified_time\" content=\"2021-07-13T17:23:51+00:00\" \/>\n<meta name=\"author\" content=\"Ana Mar\u00eda Gomez\" \/>\n<meta name=\"twitter:card\" content=\"summary_large_image\" \/>\n<meta name=\"twitter:creator\" content=\"@FiscaliaCol\" \/>\n<meta name=\"twitter:site\" content=\"@FiscaliaCol\" \/>\n<meta name=\"twitter:label1\" content=\"Escrito por\" \/>\n\t<meta name=\"twitter:data1\" content=\"Ana Mar\u00eda Gomez\" \/>\n\t<meta name=\"twitter:label2\" content=\"Tiempo de lectura\" \/>\n\t<meta name=\"twitter:data2\" content=\"1 minuto\" \/>\n<script type=\"application\/ld+json\" class=\"yoast-schema-graph\">{\"@context\":\"https:\/\/schema.org\",\"@graph\":[{\"@type\":\"Article\",\"@id\":\"https:\/\/www.fiscalia.gov.co\/colombia\/noticias\/condenados-a-5-y-2-anos-de-prision-integrantes-del-grupo-delincuencial-los-de-la-15-dedicados-al-trafico-de-estupefacientes-en-zona-residencial-de-la-capital-nortesantandereana\/#article\",\"isPartOf\":{\"@id\":\"https:\/\/www.fiscalia.gov.co\/colombia\/noticias\/condenados-a-5-y-2-anos-de-prision-integrantes-del-grupo-delincuencial-los-de-la-15-dedicados-al-trafico-de-estupefacientes-en-zona-residencial-de-la-capital-nortesantandereana\/\"},\"author\":{\"name\":\"Ana Mar\u00eda Gomez\",\"@id\":\"https:\/\/www.fiscalia.gov.co\/colombia\/#\/schema\/person\/06aa2210fe4d79203f428ff671dee360\"},\"headline\":\"Condenados a 5 y 2 a\u00f1os de prisi\u00f3n integrantes del grupo delincuencial Los de la 15, dedicados al tr\u00e1fico de estupefacientes en zona residencial de la capital nortesantandereana\",\"datePublished\":\"2021-07-13T17:22:31+00:00\",\"dateModified\":\"2021-07-13T17:23:51+00:00\",\"mainEntityOfPage\":{\"@id\":\"https:\/\/www.fiscalia.gov.co\/colombia\/noticias\/condenados-a-5-y-2-anos-de-prision-integrantes-del-grupo-delincuencial-los-de-la-15-dedicados-al-trafico-de-estupefacientes-en-zona-residencial-de-la-capital-nortesantandereana\/\"},\"wordCount\":311,\"publisher\":{\"@id\":\"https:\/\/www.fiscalia.gov.co\/colombia\/#organization\"},\"keywords\":[\"Comunidad\",\"grupo\",\"peque\u00f1as cantidades\",\"Sentencia\"],\"articleSection\":[\"Hay Justicia\",\"Noticias\",\"Seccional C\u00facuta\",\"Seccionales\"],\"inLanguage\":\"es-CO\"},{\"@type\":\"WebPage\",\"@id\":\"https:\/\/www.fiscalia.gov.co\/colombia\/noticias\/condenados-a-5-y-2-anos-de-prision-integrantes-del-grupo-delincuencial-los-de-la-15-dedicados-al-trafico-de-estupefacientes-en-zona-residencial-de-la-capital-nortesantandereana\/\",\"url\":\"https:\/\/www.fiscalia.gov.co\/colombia\/noticias\/condenados-a-5-y-2-anos-de-prision-integrantes-del-grupo-delincuencial-los-de-la-15-dedicados-al-trafico-de-estupefacientes-en-zona-residencial-de-la-capital-nortesantandereana\/\",\"name\":\"Fiscal\u00eda General de la Naci\u00f3n\",\"isPartOf\":{\"@id\":\"https:\/\/www.fiscalia.gov.co\/colombia\/#website\"},\"datePublished\":\"2021-07-13T17:22:31+00:00\",\"dateModified\":\"2021-07-13T17:23:51+00:00\",\"description\":\"P\u00e1gina oficial de la Fiscal\u00eda General de la Naci\u00f3n \u2013 Colombia. Garantizamos el acceso efectivo a la justicia, la verdad y la reparaci\u00f3n de las v\u00edctimas de los delitos.\",\"breadcrumb\":{\"@id\":\"https:\/\/www.fiscalia.gov.co\/colombia\/noticias\/condenados-a-5-y-2-anos-de-prision-integrantes-del-grupo-delincuencial-los-de-la-15-dedicados-al-trafico-de-estupefacientes-en-zona-residencial-de-la-capital-nortesantandereana\/#breadcrumb\"},\"inLanguage\":\"es-CO\",\"potentialAction\":[{\"@type\":\"ReadAction\",\"target\":[\"https:\/\/www.fiscalia.gov.co\/colombia\/noticias\/condenados-a-5-y-2-anos-de-prision-integrantes-del-grupo-delincuencial-los-de-la-15-dedicados-al-trafico-de-estupefacientes-en-zona-residencial-de-la-capital-nortesantandereana\/\"]}]},{\"@type\":\"BreadcrumbList\",\"@id\":\"https:\/\/www.fiscalia.gov.co\/colombia\/noticias\/condenados-a-5-y-2-anos-de-prision-integrantes-del-grupo-delincuencial-los-de-la-15-dedicados-al-trafico-de-estupefacientes-en-zona-residencial-de-la-capital-nortesantandereana\/#breadcrumb\",\"itemListElement\":[{\"@type\":\"ListItem\",\"position\":1,\"name\":\"Home\",\"item\":\"https:\/\/www.fiscalia.gov.co\/colombia\/\"},{\"@type\":\"ListItem\",\"position\":2,\"name\":\"Condenados a 5 y 2 a\u00f1os de prisi\u00f3n integrantes del grupo delincuencial Los de la 15, dedicados al tr\u00e1fico de estupefacientes en zona residencial de la capital nortesantandereana\"}]},{\"@type\":\"WebSite\",\"@id\":\"https:\/\/www.fiscalia.gov.co\/colombia\/#website\",\"url\":\"https:\/\/www.fiscalia.gov.co\/colombia\/\",\"name\":\"Fiscal\u00eda General de la Naci\u00f3n\",\"description\":\"P\u00e1gina oficial de la Fiscal\u00eda General de la Naci\u00f3n \u2013 Colombia. Garantizamos el acceso efectivo a la justicia, la verdad y la reparaci\u00f3n de las v\u00edctimas de los delitos.\",\"publisher\":{\"@id\":\"https:\/\/www.fiscalia.gov.co\/colombia\/#organization\"},\"potentialAction\":[{\"@type\":\"SearchAction\",\"target\":{\"@type\":\"EntryPoint\",\"urlTemplate\":\"https:\/\/www.fiscalia.gov.co\/colombia\/?s={search_term_string}\"},\"query-input\":{\"@type\":\"PropertyValueSpecification\",\"valueRequired\":true,\"valueName\":\"search_term_string\"}}],\"inLanguage\":\"es-CO\"},{\"@type\":\"Organization\",\"@id\":\"https:\/\/www.fiscalia.gov.co\/colombia\/#organization\",\"name\":\"Fiscal\u00eda General de la Naci\u00f3n\",\"url\":\"https:\/\/www.fiscalia.gov.co\/colombia\/\",\"logo\":{\"@type\":\"ImageObject\",\"inLanguage\":\"es-CO\",\"@id\":\"https:\/\/www.fiscalia.gov.co\/colombia\/#\/schema\/logo\/image\/\",\"url\":\"https:\/\/www.fiscalia.gov.co\/colombia\/wp-content\/uploads\/LogoHorizontal_1.jpg\",\"contentUrl\":\"https:\/\/www.fiscalia.gov.co\/colombia\/wp-content\/uploads\/LogoHorizontal_1.jpg\",\"width\":300,\"height\":90,\"caption\":\"Fiscal\u00eda General de la Naci\u00f3n\"},\"image\":{\"@id\":\"https:\/\/www.fiscalia.gov.co\/colombia\/#\/schema\/logo\/image\/\"},\"sameAs\":[\"https:\/\/www.facebook.com\/FiscaliaCol\",\"https:\/\/x.com\/FiscaliaCol\",\"https:\/\/www.instagram.com\/fiscaliacol\",\"https:\/\/www.linkedin.com\/company\/fiscalia-general-de-la-naci-n\/\",\"https:\/\/youtube.com\/@fiscaliageneraldelanacion-4668?si=6nN79nyQICPU5iTh\"]},{\"@type\":\"Person\",\"@id\":\"https:\/\/www.fiscalia.gov.co\/colombia\/#\/schema\/person\/06aa2210fe4d79203f428ff671dee360\",\"name\":\"Ana Mar\u00eda Gomez\",\"image\":{\"@type\":\"ImageObject\",\"inLanguage\":\"es-CO\",\"@id\":\"https:\/\/www.fiscalia.gov.co\/colombia\/#\/schema\/person\/image\/\",\"url\":\"https:\/\/secure.gravatar.com\/avatar\/a38115d98a7f8a96cbb96af2b2c37a0b?s=96&d=mm&r=g\",\"contentUrl\":\"https:\/\/secure.gravatar.com\/avatar\/a38115d98a7f8a96cbb96af2b2c37a0b?s=96&d=mm&r=g\",\"caption\":\"Ana Mar\u00eda Gomez\"},\"url\":\"https:\/\/www.fiscalia.gov.co\/colombia\/author\/agomez\/\"}]}<\/script>\n<!-- \/ Yoast SEO plugin. -->","yoast_head_json":{"title":"Fiscal\u00eda General de la Naci\u00f3n","description":"P\u00e1gina oficial de la Fiscal\u00eda General de la Naci\u00f3n \u2013 Colombia. Garantizamos el acceso efectivo a la justicia, la verdad y la reparaci\u00f3n de las v\u00edctimas de los delitos.","robots":{"index":"noindex","follow":"follow"},"og_locale":"es_ES","og_type":"article","og_title":"Fiscal\u00eda General de la Naci\u00f3n","og_description":"P\u00e1gina oficial de la Fiscal\u00eda General de la Naci\u00f3n \u2013 Colombia. Garantizamos el acceso efectivo a la justicia, la verdad y la reparaci\u00f3n de las v\u00edctimas de los delitos.","og_url":"https:\/\/www.fiscalia.gov.co\/colombia\/noticias\/condenados-a-5-y-2-anos-de-prision-integrantes-del-grupo-delincuencial-los-de-la-15-dedicados-al-trafico-de-estupefacientes-en-zona-residencial-de-la-capital-nortesantandereana\/","og_site_name":"Fiscal\u00eda General de la Naci\u00f3n","article_publisher":"https:\/\/www.facebook.com\/FiscaliaCol","article_published_time":"2021-07-13T17:22:31+00:00","article_modified_time":"2021-07-13T17:23:51+00:00","author":"Ana Mar\u00eda Gomez","twitter_card":"summary_large_image","twitter_creator":"@FiscaliaCol","twitter_site":"@FiscaliaCol","twitter_misc":{"Escrito por":"Ana Mar\u00eda Gomez","Tiempo de lectura":"1 minuto"},"schema":{"@context":"https:\/\/schema.org","@graph":[{"@type":"Article","@id":"https:\/\/www.fiscalia.gov.co\/colombia\/noticias\/condenados-a-5-y-2-anos-de-prision-integrantes-del-grupo-delincuencial-los-de-la-15-dedicados-al-trafico-de-estupefacientes-en-zona-residencial-de-la-capital-nortesantandereana\/#article","isPartOf":{"@id":"https:\/\/www.fiscalia.gov.co\/colombia\/noticias\/condenados-a-5-y-2-anos-de-prision-integrantes-del-grupo-delincuencial-los-de-la-15-dedicados-al-trafico-de-estupefacientes-en-zona-residencial-de-la-capital-nortesantandereana\/"},"author":{"name":"Ana Mar\u00eda Gomez","@id":"https:\/\/www.fiscalia.gov.co\/colombia\/#\/schema\/person\/06aa2210fe4d79203f428ff671dee360"},"headline":"Condenados a 5 y 2 a\u00f1os de prisi\u00f3n integrantes del grupo delincuencial Los de la 15, dedicados al tr\u00e1fico de estupefacientes en zona residencial de la capital nortesantandereana","datePublished":"2021-07-13T17:22:31+00:00","dateModified":"2021-07-13T17:23:51+00:00","mainEntityOfPage":{"@id":"https:\/\/www.fiscalia.gov.co\/colombia\/noticias\/condenados-a-5-y-2-anos-de-prision-integrantes-del-grupo-delincuencial-los-de-la-15-dedicados-al-trafico-de-estupefacientes-en-zona-residencial-de-la-capital-nortesantandereana\/"},"wordCount":311,"publisher":{"@id":"https:\/\/www.fiscalia.gov.co\/colombia\/#organization"},"keywords":["Comunidad","grupo","peque\u00f1as cantidades","Sentencia"],"articleSection":["Hay Justicia","Noticias","Seccional C\u00facuta","Seccionales"],"inLanguage":"es-CO"},{"@type":"WebPage","@id":"https:\/\/www.fiscalia.gov.co\/colombia\/noticias\/condenados-a-5-y-2-anos-de-prision-integrantes-del-grupo-delincuencial-los-de-la-15-dedicados-al-trafico-de-estupefacientes-en-zona-residencial-de-la-capital-nortesantandereana\/","url":"https:\/\/www.fiscalia.gov.co\/colombia\/noticias\/condenados-a-5-y-2-anos-de-prision-integrantes-del-grupo-delincuencial-los-de-la-15-dedicados-al-trafico-de-estupefacientes-en-zona-residencial-de-la-capital-nortesantandereana\/","name":"Fiscal\u00eda General de la Naci\u00f3n","isPartOf":{"@id":"https:\/\/www.fiscalia.gov.co\/colombia\/#website"},"datePublished":"2021-07-13T17:22:31+00:00","dateModified":"2021-07-13T17:23:51+00:00","description":"P\u00e1gina oficial de la Fiscal\u00eda General de la Naci\u00f3n \u2013 Colombia. Garantizamos el acceso efectivo a la justicia, la verdad y la reparaci\u00f3n de las v\u00edctimas de los delitos.","breadcrumb":{"@id":"https:\/\/www.fiscalia.gov.co\/colombia\/noticias\/condenados-a-5-y-2-anos-de-prision-integrantes-del-grupo-delincuencial-los-de-la-15-dedicados-al-trafico-de-estupefacientes-en-zona-residencial-de-la-capital-nortesantandereana\/#breadcrumb"},"inLanguage":"es-CO","potentialAction":[{"@type":"ReadAction","target":["https:\/\/www.fiscalia.gov.co\/colombia\/noticias\/condenados-a-5-y-2-anos-de-prision-integrantes-del-grupo-delincuencial-los-de-la-15-dedicados-al-trafico-de-estupefacientes-en-zona-residencial-de-la-capital-nortesantandereana\/"]}]},{"@type":"BreadcrumbList","@id":"https:\/\/www.fiscalia.gov.co\/colombia\/noticias\/condenados-a-5-y-2-anos-de-prision-integrantes-del-grupo-delincuencial-los-de-la-15-dedicados-al-trafico-de-estupefacientes-en-zona-residencial-de-la-capital-nortesantandereana\/#breadcrumb","itemListElement":[{"@type":"ListItem","position":1,"name":"Home","item":"https:\/\/www.fiscalia.gov.co\/colombia\/"},{"@type":"ListItem","position":2,"name":"Condenados a 5 y 2 a\u00f1os de prisi\u00f3n integrantes del grupo delincuencial Los de la 15, dedicados al tr\u00e1fico de estupefacientes en zona residencial de la capital nortesantandereana"}]},{"@type":"WebSite","@id":"https:\/\/www.fiscalia.gov.co\/colombia\/#website","url":"https:\/\/www.fiscalia.gov.co\/colombia\/","name":"Fiscal\u00eda General de la Naci\u00f3n","description":"P\u00e1gina oficial de la Fiscal\u00eda General de la Naci\u00f3n \u2013 Colombia. Garantizamos el acceso efectivo a la justicia, la verdad y la reparaci\u00f3n de las v\u00edctimas de los delitos.","publisher":{"@id":"https:\/\/www.fiscalia.gov.co\/colombia\/#organization"},"potentialAction":[{"@type":"SearchAction","target":{"@type":"EntryPoint","urlTemplate":"https:\/\/www.fiscalia.gov.co\/colombia\/?s={search_term_string}"},"query-input":{"@type":"PropertyValueSpecification","valueRequired":true,"valueName":"search_term_string"}}],"inLanguage":"es-CO"},{"@type":"Organization","@id":"https:\/\/www.fiscalia.gov.co\/colombia\/#organization","name":"Fiscal\u00eda General de la Naci\u00f3n","url":"https:\/\/www.fiscalia.gov.co\/colombia\/","logo":{"@type":"ImageObject","inLanguage":"es-CO","@id":"https:\/\/www.fiscalia.gov.co\/colombia\/#\/schema\/logo\/image\/","url":"https:\/\/www.fiscalia.gov.co\/colombia\/wp-content\/uploads\/LogoHorizontal_1.jpg","contentUrl":"https:\/\/www.fiscalia.gov.co\/colombia\/wp-content\/uploads\/LogoHorizontal_1.jpg","width":300,"height":90,"caption":"Fiscal\u00eda General de la Naci\u00f3n"},"image":{"@id":"https:\/\/www.fiscalia.gov.co\/colombia\/#\/schema\/logo\/image\/"},"sameAs":["https:\/\/www.facebook.com\/FiscaliaCol","https:\/\/x.com\/FiscaliaCol","https:\/\/www.instagram.com\/fiscaliacol","https:\/\/www.linkedin.com\/company\/fiscalia-general-de-la-naci-n\/","https:\/\/youtube.com\/@fiscaliageneraldelanacion-4668?si=6nN79nyQICPU5iTh"]},{"@type":"Person","@id":"https:\/\/www.fiscalia.gov.co\/colombia\/#\/schema\/person\/06aa2210fe4d79203f428ff671dee360","name":"Ana Mar\u00eda Gomez","image":{"@type":"ImageObject","inLanguage":"es-CO","@id":"https:\/\/www.fiscalia.gov.co\/colombia\/#\/schema\/person\/image\/","url":"https:\/\/secure.gravatar.com\/avatar\/a38115d98a7f8a96cbb96af2b2c37a0b?s=96&d=mm&r=g","contentUrl":"https:\/\/secure.gravatar.com\/avatar\/a38115d98a7f8a96cbb96af2b2c37a0b?s=96&d=mm&r=g","caption":"Ana Mar\u00eda Gomez"},"url":"https:\/\/www.fiscalia.gov.co\/colombia\/author\/agomez\/"}]}},"_links":{"self":[{"href":"https:\/\/www.fiscalia.gov.co\/colombia\/wp-json\/wp\/v2\/posts\/224555","targetHints":{"allow":["GET"]}}],"collection":[{"href":"https:\/\/www.fiscalia.gov.co\/colombia\/wp-json\/wp\/v2\/posts"}],"about":[{"href":"https:\/\/www.fiscalia.gov.co\/colombia\/wp-json\/wp\/v2\/types\/post"}],"author":[{"embeddable":true,"href":"https:\/\/www.fiscalia.gov.co\/colombia\/wp-json\/wp\/v2\/users\/171"}],"replies":[{"embeddable":true,"href":"https:\/\/www.fiscalia.gov.co\/colombia\/wp-json\/wp\/v2\/comments?post=224555"}],"version-history":[{"count":2,"href":"https:\/\/www.fiscalia.gov.co\/colombia\/wp-json\/wp\/v2\/posts\/224555\/revisions"}],"predecessor-version":[{"id":224557,"href":"https:\/\/www.fiscalia.gov.co\/colombia\/wp-json\/wp\/v2\/posts\/224555\/revisions\/224557"}],"wp:attachment":[{"href":"https:\/\/www.fiscalia.gov.co\/colombia\/wp-json\/wp\/v2\/media?parent=224555"}],"wp:term":[{"taxonomy":"category","embeddable":true,"href":"https:\/\/www.fiscalia.gov.co\/colombia\/wp-json\/wp\/v2\/categories?post=224555"},{"taxonomy":"post_tag","embeddable":true,"href":"https:\/\/www.fiscalia.gov.co\/colombia\/wp-json\/wp\/v2\/tags?post=224555"}],"curies":[{"name":"wp","href":"https:\/\/api.w.org\/{rel}","templated":true}]}}