{"id":224293,"date":"2021-07-09T17:51:18","date_gmt":"2021-07-09T22:51:18","guid":{"rendered":"https:\/\/www.fiscalia.gov.co\/colombia\/?p=224293"},"modified":"2021-07-09T17:52:33","modified_gmt":"2021-07-09T22:52:33","slug":"judicializados-cinco-presuntos-integrantes-del-grupo-de-delincuencia-comun-organizado-tren-de-aragua","status":"publish","type":"post","link":"https:\/\/www.fiscalia.gov.co\/colombia\/noticias\/judicializados-cinco-presuntos-integrantes-del-grupo-de-delincuencia-comun-organizado-tren-de-aragua\/","title":{"rendered":"Judicializados cinco presuntos integrantes del grupo de delincuencia com\u00fan organizado Tren de Aragua"},"content":{"rendered":"<p class=\"x_MsoNormal\"><span lang=\"ES-MX\">Acogiendo los argumentos de la <b>Fiscal\u00eda<\/b>, un juez con funci\u00f3n de control de garant\u00edas de C\u00facuta impuso medida de aseguramiento en contra de cinco presuntos integrantes del grupo de delincuencia com\u00fan organizado Tren de Aragua.<\/p>\n<p><\/span><\/p>\n<figure id=\"attachment_224295\" aria-describedby=\"caption-attachment-224295\" style=\"width: 843px\" class=\"wp-caption aligncenter\"><img loading=\"lazy\" decoding=\"async\" class=\"size-full wp-image-224295\" src=\"https:\/\/www.fiscalia.gov.co\/colombia\/wp-content\/uploads\/64C925F0-5BAF-4F59-ADF2-7618B66B7F8F.jpeg\" alt=\"\" width=\"843\" height=\"658\" srcset=\"https:\/\/www.fiscalia.gov.co\/colombia\/wp-content\/uploads\/64C925F0-5BAF-4F59-ADF2-7618B66B7F8F.jpeg 843w, https:\/\/www.fiscalia.gov.co\/colombia\/wp-content\/uploads\/64C925F0-5BAF-4F59-ADF2-7618B66B7F8F-300x234.jpeg 300w, https:\/\/www.fiscalia.gov.co\/colombia\/wp-content\/uploads\/64C925F0-5BAF-4F59-ADF2-7618B66B7F8F-768x599.jpeg 768w, https:\/\/www.fiscalia.gov.co\/colombia\/wp-content\/uploads\/64C925F0-5BAF-4F59-ADF2-7618B66B7F8F-696x543.jpeg 696w, https:\/\/www.fiscalia.gov.co\/colombia\/wp-content\/uploads\/64C925F0-5BAF-4F59-ADF2-7618B66B7F8F-538x420.jpeg 538w\" sizes=\"auto, (max-width: 843px) 100vw, 843px\" \/><figcaption id=\"caption-attachment-224295\" class=\"wp-caption-text\">Presuntos integrantes del grupo de delincuencia com\u00fan organizado Tren de Aragua.<\/figcaption><\/figure>\n<p class=\"x_MsoNormal\"><span lang=\"ES-MX\">Los cobijados con la medida son:\u00a0<\/span>Jos\u00e9 Luis Manaure Lezama, alias Yolvi; Endry Daniel Basora Gonzalez, alias Pelota; Carlos Jos\u00e9 Bencomo Marrero, alias Niche; Wilfredo Alejandro Medina Ch\u00e1vez, alias Gocho Puta;\u00a0Ricardo Jos\u00e9 Moreno Karias y Alexis Isa\u00edas Valera Gonzalez.<\/p>\n<p><span lang=\"ES-MX\">Durante las audiencias concentradas, los hoy procesados, de nacionalidad venezolana, fueron judicializados por los delitos de homicidio agravado,<\/span><span lang=\"ES-MX\">\u00a0<\/span><span lang=\"ES\"><a href=\"https:\/\/www.fiscalia.gov.co\/colombia\/seccionales\/asegurados-5-presuntos-miembros-de-la-banda-los-biker-por-hurto-y-concierto-para-delinquir\/\"><span lang=\"ES-MX\">concierto<\/span><\/a><\/span><span lang=\"ES-MX\">\u00a0para delinquir agravado, hurto calificado y agravado, y\u00a0porte ilegal de armas de fuego.<\/span><\/p>\n<p>Los hombres fueron capturados este 28 y 29 de junio, en el municipio de Villa del Rosario (Norte de Santander), en acci\u00f3n conjunta entre servidores del<b> CTI<\/b> y la <b>Polic\u00eda Nacional.<\/b><\/p>\n<p>A trav\u00e9s de labores de Polic\u00eda Judicial, la <b>Fiscal\u00eda<\/b> evidenci\u00f3 que &#8216;Tren de Aragua&#8217; ten\u00eda injerencia en\u00a0el barrio La Parada de Villa del Rosario (Norte de Santander). All\u00ed se dedicaban a extorsionar a comerciantes, controlar el paso de migrantes, al tr\u00e1fico de sustancias estupefacientes y hurtos.<\/p>\n<p><span lang=\"ES-MX\">Adem\u00e1s, estar\u00edan involucrados en varios <a href=\"iscalia.gov.co\/colombia\/noticias\/desarticulado-grupo-delincuencial-los-del-burro-dedicados-a-la-comision-de-homicidios-en-la-cucuta-norte-de-santander\/\">homicidios<\/a>, entre ellos el de <\/span><span lang=\"ES\">Jonathan Jos\u00e9 Seijas, ocurrido el pasado <span dir=\"ltr\">21 de enero<\/span>, as\u00ed como la extorsi\u00f3n y tentativa de homicidio, en la que fue v\u00edctima David Villamizar Ni\u00f1o el pasado 5 de junio.<\/span><\/p>\n<p><span lang=\"ES\">Los procesados no aceptaron cargos y fueron enviados a la c\u00e1rcel Modelo de esta ciudad.<\/span><\/p>\n<p><span lang=\"ES\">La Fiscal\u00eda hace p\u00fablica esta informaci\u00f3n por razones de inter\u00e9s general.\u00a0<\/span><\/p>\n<p><span lang=\"ES\">MPHA\/DATO<\/span><\/p>\n<p class=\"x_MsoNormal\"><i>La informaci\u00f3n contenida en este bolet\u00edn de prensa corresponde a la narraci\u00f3n de los hechos noticiosos objetivos, suministrados por los funcionarios encargados de adelantar las investigaciones penales al interior de la Fiscal\u00eda General de la Naci\u00f3n. Para el momento de la divulgaci\u00f3n de este comunicado, la situaci\u00f3n jur\u00eddica de la(s) persona(s) relacionada(s) se encuentra pendiente de resolver por la autoridad judicial competente, siempre bajo los preceptos de la presunci\u00f3n de inocencia, consagrados en el art\u00edculo 29 de la Constituci\u00f3n Pol\u00edtica y el art\u00edculo 7\u00ba de la Ley 906 de 2004.<\/i><\/p>\n<p><span lang=\"ES\"><i>\u00a0<\/i><\/span><\/p>\n\n<div class=\"twitter-share\"><a href=\"https:\/\/twitter.com\/intent\/tweet?via=fiscaliacol\" class=\"twitter-share-button\">Tweet<\/a><\/div>\n","protected":false},"excerpt":{"rendered":"<p>Acogiendo los argumentos de la Fiscal\u00eda, un juez con funci\u00f3n de control de garant\u00edas de C\u00facuta impuso medida de aseguramiento en contra de cinco presuntos integrantes del grupo de delincuencia com\u00fan organizado Tren de Aragua. Los cobijados con la medida son:\u00a0Jos\u00e9 Luis Manaure Lezama, alias Yolvi; Endry Daniel Basora Gonzalez, alias Pelota; Carlos Jos\u00e9 Bencomo [&hellip;]<\/p>\n","protected":false},"author":171,"featured_media":0,"comment_status":"closed","ping_status":"open","sticky":false,"template":"","format":"standard","meta":{"_price":"","_stock":"","_tribe_ticket_header":"","_tribe_default_ticket_provider":"","_tribe_ticket_capacity":"0","_ticket_start_date":"","_ticket_end_date":"","_tribe_ticket_show_description":"","_tribe_ticket_show_not_going":false,"_tribe_ticket_use_global_stock":"","_tribe_ticket_global_stock_level":"","_global_stock_mode":"","_global_stock_cap":"","_tribe_rsvp_for_event":"","_tribe_ticket_going_count":"","_tribe_ticket_not_going_count":"","_tribe_tickets_list":"[]","_tribe_ticket_has_attendee_info_fields":false,"tdm_status":"","tdm_grid_status":"","footnotes":""},"categories":[1,326,303,24099],"tags":[14550,24345,24247,5187],"class_list":{"0":"post-224293","1":"post","2":"type-post","3":"status-publish","4":"format-standard","6":"category-noticias","7":"category-seccional-cucuta","8":"category-seccionales","9":"category-seguridad-territorial","10":"tag-carcel","11":"tag-extranjero","12":"tag-grupo-delincuencial","13":"tag-homicidios"},"yoast_head":"<!-- This site is optimized with the Yoast SEO plugin v24.3 - https:\/\/yoast.com\/wordpress\/plugins\/seo\/ -->\n<title>Fiscal\u00eda General de la Naci\u00f3n<\/title>\n<meta name=\"description\" content=\"P\u00e1gina oficial de la Fiscal\u00eda General de la Naci\u00f3n \u2013 Colombia. Garantizamos el acceso efectivo a la justicia, la verdad y la reparaci\u00f3n de las v\u00edctimas de los delitos.\" \/>\n<meta name=\"robots\" content=\"noindex, follow\" \/>\n<meta property=\"og:locale\" content=\"es_ES\" \/>\n<meta property=\"og:type\" content=\"article\" \/>\n<meta property=\"og:title\" content=\"Fiscal\u00eda General de la Naci\u00f3n\" \/>\n<meta property=\"og:description\" content=\"P\u00e1gina oficial de la Fiscal\u00eda General de la Naci\u00f3n \u2013 Colombia. Garantizamos el acceso efectivo a la justicia, la verdad y la reparaci\u00f3n de las v\u00edctimas de los delitos.\" \/>\n<meta property=\"og:url\" content=\"https:\/\/www.fiscalia.gov.co\/colombia\/noticias\/judicializados-cinco-presuntos-integrantes-del-grupo-de-delincuencia-comun-organizado-tren-de-aragua\/\" \/>\n<meta property=\"og:site_name\" content=\"Fiscal\u00eda General de la Naci\u00f3n\" \/>\n<meta property=\"article:publisher\" content=\"https:\/\/www.facebook.com\/FiscaliaCol\" \/>\n<meta property=\"article:published_time\" content=\"2021-07-09T22:51:18+00:00\" \/>\n<meta property=\"article:modified_time\" content=\"2021-07-09T22:52:33+00:00\" \/>\n<meta property=\"og:image\" content=\"https:\/\/www.fiscalia.gov.co\/colombia\/wp-content\/uploads\/64C925F0-5BAF-4F59-ADF2-7618B66B7F8F.jpeg\" \/>\n<meta name=\"author\" content=\"Ana Mar\u00eda Gomez\" \/>\n<meta name=\"twitter:card\" content=\"summary_large_image\" \/>\n<meta name=\"twitter:creator\" content=\"@FiscaliaCol\" \/>\n<meta name=\"twitter:site\" content=\"@FiscaliaCol\" \/>\n<meta name=\"twitter:label1\" content=\"Escrito por\" \/>\n\t<meta name=\"twitter:data1\" content=\"Ana Mar\u00eda Gomez\" \/>\n\t<meta name=\"twitter:label2\" content=\"Tiempo de lectura\" \/>\n\t<meta name=\"twitter:data2\" content=\"2 minutos\" \/>\n<script type=\"application\/ld+json\" class=\"yoast-schema-graph\">{\"@context\":\"https:\/\/schema.org\",\"@graph\":[{\"@type\":\"Article\",\"@id\":\"https:\/\/www.fiscalia.gov.co\/colombia\/noticias\/judicializados-cinco-presuntos-integrantes-del-grupo-de-delincuencia-comun-organizado-tren-de-aragua\/#article\",\"isPartOf\":{\"@id\":\"https:\/\/www.fiscalia.gov.co\/colombia\/noticias\/judicializados-cinco-presuntos-integrantes-del-grupo-de-delincuencia-comun-organizado-tren-de-aragua\/\"},\"author\":{\"name\":\"Ana Mar\u00eda Gomez\",\"@id\":\"https:\/\/www.fiscalia.gov.co\/colombia\/#\/schema\/person\/06aa2210fe4d79203f428ff671dee360\"},\"headline\":\"Judicializados cinco presuntos integrantes del grupo de delincuencia com\u00fan organizado Tren de Aragua\",\"datePublished\":\"2021-07-09T22:51:18+00:00\",\"dateModified\":\"2021-07-09T22:52:33+00:00\",\"mainEntityOfPage\":{\"@id\":\"https:\/\/www.fiscalia.gov.co\/colombia\/noticias\/judicializados-cinco-presuntos-integrantes-del-grupo-de-delincuencia-comun-organizado-tren-de-aragua\/\"},\"wordCount\":409,\"publisher\":{\"@id\":\"https:\/\/www.fiscalia.gov.co\/colombia\/#organization\"},\"image\":{\"@id\":\"https:\/\/www.fiscalia.gov.co\/colombia\/noticias\/judicializados-cinco-presuntos-integrantes-del-grupo-de-delincuencia-comun-organizado-tren-de-aragua\/#primaryimage\"},\"thumbnailUrl\":\"https:\/\/www.fiscalia.gov.co\/colombia\/wp-content\/uploads\/64C925F0-5BAF-4F59-ADF2-7618B66B7F8F.jpeg\",\"keywords\":[\"C\u00e1rcel\",\"extranjero\",\"grupo delincuencial\",\"Homicidios\"],\"articleSection\":[\"Noticias\",\"Seccional C\u00facuta\",\"Seccionales\",\"Seguridad territorial\"],\"inLanguage\":\"es-CO\"},{\"@type\":\"WebPage\",\"@id\":\"https:\/\/www.fiscalia.gov.co\/colombia\/noticias\/judicializados-cinco-presuntos-integrantes-del-grupo-de-delincuencia-comun-organizado-tren-de-aragua\/\",\"url\":\"https:\/\/www.fiscalia.gov.co\/colombia\/noticias\/judicializados-cinco-presuntos-integrantes-del-grupo-de-delincuencia-comun-organizado-tren-de-aragua\/\",\"name\":\"Fiscal\u00eda General de la Naci\u00f3n\",\"isPartOf\":{\"@id\":\"https:\/\/www.fiscalia.gov.co\/colombia\/#website\"},\"primaryImageOfPage\":{\"@id\":\"https:\/\/www.fiscalia.gov.co\/colombia\/noticias\/judicializados-cinco-presuntos-integrantes-del-grupo-de-delincuencia-comun-organizado-tren-de-aragua\/#primaryimage\"},\"image\":{\"@id\":\"https:\/\/www.fiscalia.gov.co\/colombia\/noticias\/judicializados-cinco-presuntos-integrantes-del-grupo-de-delincuencia-comun-organizado-tren-de-aragua\/#primaryimage\"},\"thumbnailUrl\":\"https:\/\/www.fiscalia.gov.co\/colombia\/wp-content\/uploads\/64C925F0-5BAF-4F59-ADF2-7618B66B7F8F.jpeg\",\"datePublished\":\"2021-07-09T22:51:18+00:00\",\"dateModified\":\"2021-07-09T22:52:33+00:00\",\"description\":\"P\u00e1gina oficial de la Fiscal\u00eda General de la Naci\u00f3n \u2013 Colombia. Garantizamos el acceso efectivo a la justicia, la verdad y la reparaci\u00f3n de las v\u00edctimas de los delitos.\",\"breadcrumb\":{\"@id\":\"https:\/\/www.fiscalia.gov.co\/colombia\/noticias\/judicializados-cinco-presuntos-integrantes-del-grupo-de-delincuencia-comun-organizado-tren-de-aragua\/#breadcrumb\"},\"inLanguage\":\"es-CO\",\"potentialAction\":[{\"@type\":\"ReadAction\",\"target\":[\"https:\/\/www.fiscalia.gov.co\/colombia\/noticias\/judicializados-cinco-presuntos-integrantes-del-grupo-de-delincuencia-comun-organizado-tren-de-aragua\/\"]}]},{\"@type\":\"ImageObject\",\"inLanguage\":\"es-CO\",\"@id\":\"https:\/\/www.fiscalia.gov.co\/colombia\/noticias\/judicializados-cinco-presuntos-integrantes-del-grupo-de-delincuencia-comun-organizado-tren-de-aragua\/#primaryimage\",\"url\":\"https:\/\/www.fiscalia.gov.co\/colombia\/wp-content\/uploads\/64C925F0-5BAF-4F59-ADF2-7618B66B7F8F.jpeg\",\"contentUrl\":\"https:\/\/www.fiscalia.gov.co\/colombia\/wp-content\/uploads\/64C925F0-5BAF-4F59-ADF2-7618B66B7F8F.jpeg\",\"width\":843,\"height\":658,\"caption\":\"Presuntos integrantes del grupo de delincuencia com\u00fan organizado Tren de Aragua.\"},{\"@type\":\"BreadcrumbList\",\"@id\":\"https:\/\/www.fiscalia.gov.co\/colombia\/noticias\/judicializados-cinco-presuntos-integrantes-del-grupo-de-delincuencia-comun-organizado-tren-de-aragua\/#breadcrumb\",\"itemListElement\":[{\"@type\":\"ListItem\",\"position\":1,\"name\":\"Home\",\"item\":\"https:\/\/www.fiscalia.gov.co\/colombia\/\"},{\"@type\":\"ListItem\",\"position\":2,\"name\":\"Judicializados cinco presuntos integrantes del grupo de delincuencia com\u00fan organizado Tren de Aragua\"}]},{\"@type\":\"WebSite\",\"@id\":\"https:\/\/www.fiscalia.gov.co\/colombia\/#website\",\"url\":\"https:\/\/www.fiscalia.gov.co\/colombia\/\",\"name\":\"Fiscal\u00eda General de la Naci\u00f3n\",\"description\":\"P\u00e1gina oficial de la Fiscal\u00eda General de la Naci\u00f3n \u2013 Colombia. Garantizamos el acceso efectivo a la justicia, la verdad y la reparaci\u00f3n de las v\u00edctimas de los delitos.\",\"publisher\":{\"@id\":\"https:\/\/www.fiscalia.gov.co\/colombia\/#organization\"},\"potentialAction\":[{\"@type\":\"SearchAction\",\"target\":{\"@type\":\"EntryPoint\",\"urlTemplate\":\"https:\/\/www.fiscalia.gov.co\/colombia\/?s={search_term_string}\"},\"query-input\":{\"@type\":\"PropertyValueSpecification\",\"valueRequired\":true,\"valueName\":\"search_term_string\"}}],\"inLanguage\":\"es-CO\"},{\"@type\":\"Organization\",\"@id\":\"https:\/\/www.fiscalia.gov.co\/colombia\/#organization\",\"name\":\"Fiscal\u00eda General de la Naci\u00f3n\",\"url\":\"https:\/\/www.fiscalia.gov.co\/colombia\/\",\"logo\":{\"@type\":\"ImageObject\",\"inLanguage\":\"es-CO\",\"@id\":\"https:\/\/www.fiscalia.gov.co\/colombia\/#\/schema\/logo\/image\/\",\"url\":\"https:\/\/www.fiscalia.gov.co\/colombia\/wp-content\/uploads\/LogoHorizontal_1.jpg\",\"contentUrl\":\"https:\/\/www.fiscalia.gov.co\/colombia\/wp-content\/uploads\/LogoHorizontal_1.jpg\",\"width\":300,\"height\":90,\"caption\":\"Fiscal\u00eda General de la Naci\u00f3n\"},\"image\":{\"@id\":\"https:\/\/www.fiscalia.gov.co\/colombia\/#\/schema\/logo\/image\/\"},\"sameAs\":[\"https:\/\/www.facebook.com\/FiscaliaCol\",\"https:\/\/x.com\/FiscaliaCol\",\"https:\/\/www.instagram.com\/fiscaliacol\",\"https:\/\/www.linkedin.com\/company\/fiscalia-general-de-la-naci-n\/\",\"https:\/\/youtube.com\/@fiscaliageneraldelanacion-4668?si=6nN79nyQICPU5iTh\"]},{\"@type\":\"Person\",\"@id\":\"https:\/\/www.fiscalia.gov.co\/colombia\/#\/schema\/person\/06aa2210fe4d79203f428ff671dee360\",\"name\":\"Ana Mar\u00eda Gomez\",\"image\":{\"@type\":\"ImageObject\",\"inLanguage\":\"es-CO\",\"@id\":\"https:\/\/www.fiscalia.gov.co\/colombia\/#\/schema\/person\/image\/\",\"url\":\"https:\/\/secure.gravatar.com\/avatar\/a38115d98a7f8a96cbb96af2b2c37a0b?s=96&d=mm&r=g\",\"contentUrl\":\"https:\/\/secure.gravatar.com\/avatar\/a38115d98a7f8a96cbb96af2b2c37a0b?s=96&d=mm&r=g\",\"caption\":\"Ana Mar\u00eda Gomez\"},\"url\":\"https:\/\/www.fiscalia.gov.co\/colombia\/author\/agomez\/\"}]}<\/script>\n<!-- \/ Yoast SEO plugin. -->","yoast_head_json":{"title":"Fiscal\u00eda General de la Naci\u00f3n","description":"P\u00e1gina oficial de la Fiscal\u00eda General de la Naci\u00f3n \u2013 Colombia. Garantizamos el acceso efectivo a la justicia, la verdad y la reparaci\u00f3n de las v\u00edctimas de los delitos.","robots":{"index":"noindex","follow":"follow"},"og_locale":"es_ES","og_type":"article","og_title":"Fiscal\u00eda General de la Naci\u00f3n","og_description":"P\u00e1gina oficial de la Fiscal\u00eda General de la Naci\u00f3n \u2013 Colombia. Garantizamos el acceso efectivo a la justicia, la verdad y la reparaci\u00f3n de las v\u00edctimas de los delitos.","og_url":"https:\/\/www.fiscalia.gov.co\/colombia\/noticias\/judicializados-cinco-presuntos-integrantes-del-grupo-de-delincuencia-comun-organizado-tren-de-aragua\/","og_site_name":"Fiscal\u00eda General de la Naci\u00f3n","article_publisher":"https:\/\/www.facebook.com\/FiscaliaCol","article_published_time":"2021-07-09T22:51:18+00:00","article_modified_time":"2021-07-09T22:52:33+00:00","og_image":[{"url":"https:\/\/www.fiscalia.gov.co\/colombia\/wp-content\/uploads\/64C925F0-5BAF-4F59-ADF2-7618B66B7F8F.jpeg","type":"","width":"","height":""}],"author":"Ana Mar\u00eda Gomez","twitter_card":"summary_large_image","twitter_creator":"@FiscaliaCol","twitter_site":"@FiscaliaCol","twitter_misc":{"Escrito por":"Ana Mar\u00eda Gomez","Tiempo de lectura":"2 minutos"},"schema":{"@context":"https:\/\/schema.org","@graph":[{"@type":"Article","@id":"https:\/\/www.fiscalia.gov.co\/colombia\/noticias\/judicializados-cinco-presuntos-integrantes-del-grupo-de-delincuencia-comun-organizado-tren-de-aragua\/#article","isPartOf":{"@id":"https:\/\/www.fiscalia.gov.co\/colombia\/noticias\/judicializados-cinco-presuntos-integrantes-del-grupo-de-delincuencia-comun-organizado-tren-de-aragua\/"},"author":{"name":"Ana Mar\u00eda Gomez","@id":"https:\/\/www.fiscalia.gov.co\/colombia\/#\/schema\/person\/06aa2210fe4d79203f428ff671dee360"},"headline":"Judicializados cinco presuntos integrantes del grupo de delincuencia com\u00fan organizado Tren de Aragua","datePublished":"2021-07-09T22:51:18+00:00","dateModified":"2021-07-09T22:52:33+00:00","mainEntityOfPage":{"@id":"https:\/\/www.fiscalia.gov.co\/colombia\/noticias\/judicializados-cinco-presuntos-integrantes-del-grupo-de-delincuencia-comun-organizado-tren-de-aragua\/"},"wordCount":409,"publisher":{"@id":"https:\/\/www.fiscalia.gov.co\/colombia\/#organization"},"image":{"@id":"https:\/\/www.fiscalia.gov.co\/colombia\/noticias\/judicializados-cinco-presuntos-integrantes-del-grupo-de-delincuencia-comun-organizado-tren-de-aragua\/#primaryimage"},"thumbnailUrl":"https:\/\/www.fiscalia.gov.co\/colombia\/wp-content\/uploads\/64C925F0-5BAF-4F59-ADF2-7618B66B7F8F.jpeg","keywords":["C\u00e1rcel","extranjero","grupo delincuencial","Homicidios"],"articleSection":["Noticias","Seccional C\u00facuta","Seccionales","Seguridad territorial"],"inLanguage":"es-CO"},{"@type":"WebPage","@id":"https:\/\/www.fiscalia.gov.co\/colombia\/noticias\/judicializados-cinco-presuntos-integrantes-del-grupo-de-delincuencia-comun-organizado-tren-de-aragua\/","url":"https:\/\/www.fiscalia.gov.co\/colombia\/noticias\/judicializados-cinco-presuntos-integrantes-del-grupo-de-delincuencia-comun-organizado-tren-de-aragua\/","name":"Fiscal\u00eda General de la Naci\u00f3n","isPartOf":{"@id":"https:\/\/www.fiscalia.gov.co\/colombia\/#website"},"primaryImageOfPage":{"@id":"https:\/\/www.fiscalia.gov.co\/colombia\/noticias\/judicializados-cinco-presuntos-integrantes-del-grupo-de-delincuencia-comun-organizado-tren-de-aragua\/#primaryimage"},"image":{"@id":"https:\/\/www.fiscalia.gov.co\/colombia\/noticias\/judicializados-cinco-presuntos-integrantes-del-grupo-de-delincuencia-comun-organizado-tren-de-aragua\/#primaryimage"},"thumbnailUrl":"https:\/\/www.fiscalia.gov.co\/colombia\/wp-content\/uploads\/64C925F0-5BAF-4F59-ADF2-7618B66B7F8F.jpeg","datePublished":"2021-07-09T22:51:18+00:00","dateModified":"2021-07-09T22:52:33+00:00","description":"P\u00e1gina oficial de la Fiscal\u00eda General de la Naci\u00f3n \u2013 Colombia. Garantizamos el acceso efectivo a la justicia, la verdad y la reparaci\u00f3n de las v\u00edctimas de los delitos.","breadcrumb":{"@id":"https:\/\/www.fiscalia.gov.co\/colombia\/noticias\/judicializados-cinco-presuntos-integrantes-del-grupo-de-delincuencia-comun-organizado-tren-de-aragua\/#breadcrumb"},"inLanguage":"es-CO","potentialAction":[{"@type":"ReadAction","target":["https:\/\/www.fiscalia.gov.co\/colombia\/noticias\/judicializados-cinco-presuntos-integrantes-del-grupo-de-delincuencia-comun-organizado-tren-de-aragua\/"]}]},{"@type":"ImageObject","inLanguage":"es-CO","@id":"https:\/\/www.fiscalia.gov.co\/colombia\/noticias\/judicializados-cinco-presuntos-integrantes-del-grupo-de-delincuencia-comun-organizado-tren-de-aragua\/#primaryimage","url":"https:\/\/www.fiscalia.gov.co\/colombia\/wp-content\/uploads\/64C925F0-5BAF-4F59-ADF2-7618B66B7F8F.jpeg","contentUrl":"https:\/\/www.fiscalia.gov.co\/colombia\/wp-content\/uploads\/64C925F0-5BAF-4F59-ADF2-7618B66B7F8F.jpeg","width":843,"height":658,"caption":"Presuntos integrantes del grupo de delincuencia com\u00fan organizado Tren de Aragua."},{"@type":"BreadcrumbList","@id":"https:\/\/www.fiscalia.gov.co\/colombia\/noticias\/judicializados-cinco-presuntos-integrantes-del-grupo-de-delincuencia-comun-organizado-tren-de-aragua\/#breadcrumb","itemListElement":[{"@type":"ListItem","position":1,"name":"Home","item":"https:\/\/www.fiscalia.gov.co\/colombia\/"},{"@type":"ListItem","position":2,"name":"Judicializados cinco presuntos integrantes del grupo de delincuencia com\u00fan organizado Tren de Aragua"}]},{"@type":"WebSite","@id":"https:\/\/www.fiscalia.gov.co\/colombia\/#website","url":"https:\/\/www.fiscalia.gov.co\/colombia\/","name":"Fiscal\u00eda General de la Naci\u00f3n","description":"P\u00e1gina oficial de la Fiscal\u00eda General de la Naci\u00f3n \u2013 Colombia. Garantizamos el acceso efectivo a la justicia, la verdad y la reparaci\u00f3n de las v\u00edctimas de los delitos.","publisher":{"@id":"https:\/\/www.fiscalia.gov.co\/colombia\/#organization"},"potentialAction":[{"@type":"SearchAction","target":{"@type":"EntryPoint","urlTemplate":"https:\/\/www.fiscalia.gov.co\/colombia\/?s={search_term_string}"},"query-input":{"@type":"PropertyValueSpecification","valueRequired":true,"valueName":"search_term_string"}}],"inLanguage":"es-CO"},{"@type":"Organization","@id":"https:\/\/www.fiscalia.gov.co\/colombia\/#organization","name":"Fiscal\u00eda General de la Naci\u00f3n","url":"https:\/\/www.fiscalia.gov.co\/colombia\/","logo":{"@type":"ImageObject","inLanguage":"es-CO","@id":"https:\/\/www.fiscalia.gov.co\/colombia\/#\/schema\/logo\/image\/","url":"https:\/\/www.fiscalia.gov.co\/colombia\/wp-content\/uploads\/LogoHorizontal_1.jpg","contentUrl":"https:\/\/www.fiscalia.gov.co\/colombia\/wp-content\/uploads\/LogoHorizontal_1.jpg","width":300,"height":90,"caption":"Fiscal\u00eda General de la Naci\u00f3n"},"image":{"@id":"https:\/\/www.fiscalia.gov.co\/colombia\/#\/schema\/logo\/image\/"},"sameAs":["https:\/\/www.facebook.com\/FiscaliaCol","https:\/\/x.com\/FiscaliaCol","https:\/\/www.instagram.com\/fiscaliacol","https:\/\/www.linkedin.com\/company\/fiscalia-general-de-la-naci-n\/","https:\/\/youtube.com\/@fiscaliageneraldelanacion-4668?si=6nN79nyQICPU5iTh"]},{"@type":"Person","@id":"https:\/\/www.fiscalia.gov.co\/colombia\/#\/schema\/person\/06aa2210fe4d79203f428ff671dee360","name":"Ana Mar\u00eda Gomez","image":{"@type":"ImageObject","inLanguage":"es-CO","@id":"https:\/\/www.fiscalia.gov.co\/colombia\/#\/schema\/person\/image\/","url":"https:\/\/secure.gravatar.com\/avatar\/a38115d98a7f8a96cbb96af2b2c37a0b?s=96&d=mm&r=g","contentUrl":"https:\/\/secure.gravatar.com\/avatar\/a38115d98a7f8a96cbb96af2b2c37a0b?s=96&d=mm&r=g","caption":"Ana Mar\u00eda Gomez"},"url":"https:\/\/www.fiscalia.gov.co\/colombia\/author\/agomez\/"}]}},"_links":{"self":[{"href":"https:\/\/www.fiscalia.gov.co\/colombia\/wp-json\/wp\/v2\/posts\/224293","targetHints":{"allow":["GET"]}}],"collection":[{"href":"https:\/\/www.fiscalia.gov.co\/colombia\/wp-json\/wp\/v2\/posts"}],"about":[{"href":"https:\/\/www.fiscalia.gov.co\/colombia\/wp-json\/wp\/v2\/types\/post"}],"author":[{"embeddable":true,"href":"https:\/\/www.fiscalia.gov.co\/colombia\/wp-json\/wp\/v2\/users\/171"}],"replies":[{"embeddable":true,"href":"https:\/\/www.fiscalia.gov.co\/colombia\/wp-json\/wp\/v2\/comments?post=224293"}],"version-history":[{"count":2,"href":"https:\/\/www.fiscalia.gov.co\/colombia\/wp-json\/wp\/v2\/posts\/224293\/revisions"}],"predecessor-version":[{"id":224296,"href":"https:\/\/www.fiscalia.gov.co\/colombia\/wp-json\/wp\/v2\/posts\/224293\/revisions\/224296"}],"wp:attachment":[{"href":"https:\/\/www.fiscalia.gov.co\/colombia\/wp-json\/wp\/v2\/media?parent=224293"}],"wp:term":[{"taxonomy":"category","embeddable":true,"href":"https:\/\/www.fiscalia.gov.co\/colombia\/wp-json\/wp\/v2\/categories?post=224293"},{"taxonomy":"post_tag","embeddable":true,"href":"https:\/\/www.fiscalia.gov.co\/colombia\/wp-json\/wp\/v2\/tags?post=224293"}],"curies":[{"name":"wp","href":"https:\/\/api.w.org\/{rel}","templated":true}]}}