{"id":224257,"date":"2021-07-09T13:08:08","date_gmt":"2021-07-09T18:08:08","guid":{"rendered":"https:\/\/www.fiscalia.gov.co\/colombia\/?p=224257"},"modified":"2021-07-09T13:08:08","modified_gmt":"2021-07-09T18:08:08","slug":"condenado-a-28-anos-de-prision-hombre-responsable-de-secuestro-extorsivo-de-una-menor-en-samaniego-narino","status":"publish","type":"post","link":"https:\/\/www.fiscalia.gov.co\/colombia\/noticias\/condenado-a-28-anos-de-prision-hombre-responsable-de-secuestro-extorsivo-de-una-menor-en-samaniego-narino\/","title":{"rendered":"Condenado a 28 a\u00f1os de prisi\u00f3n hombre responsable de secuestro extorsivo de una menor en Samaniego (Nari\u00f1o)"},"content":{"rendered":"<p class=\"x_xmsonormal\"><span lang=\"ES\">Tras avalar el preacuerdo realizado entre la Fiscal\u00eda y el procesado\u00a0<b>Jhon Wilmer Moreano Rodr\u00edguez<\/b>, un juez especializado del circuito de Pasto (Nari\u00f1o), con funci\u00f3n de conocimiento, lo conden\u00f3 a 28 a\u00f1os y 20 d\u00edas de prisi\u00f3n, como responsable de los delitos de\u00a0<\/span><a href=\"https:\/\/www.fiscalia.gov.co\/colombia\/seccionales\/seccional-bucaramanga\/condenado-hombre-a-30-anos-de-prision-por-secuestro-extorsivo-a-un-comerciante\/\" target=\"_blank\" rel=\"noopener noreferrer\"><span lang=\"ES\">secuestro extorsivo<\/span><\/a><span lang=\"ES\">\u00a0agravado; fabricaci\u00f3n, tr\u00e1fico, porte o tenencia de armas de fuego, accesorios, partes y municiones; y fabricaci\u00f3n, tr\u00e1fico y porte de\u00a0<\/span><a href=\"https:\/\/www.fiscalia.gov.co\/colombia\/seccionales\/asegurados-dos-hombres-por-porte-ilegal-de-armas-de-fuego-de-uso-privativo\/\" target=\"_blank\" rel=\"noopener noreferrer\"><span lang=\"ES\">armas de uso privativo de las Fuerzas Armadas<\/span><\/a><span lang=\"ES\">\u00a0o explosivos.\u00a0<\/span><\/p>\n<p class=\"x_xmsonormal\"><span lang=\"ES\">Los hechos que motivaron la sentencia ocurrieron el 15 de noviembre de 2017 en la vereda Tanam\u00e1 del municipio de Samaniego (Nari\u00f1o), donde hombres armados ingresaron violentamente a la vivienda de la v\u00edctima identific\u00e1ndose como integrantes del grupo armado\u00a0<b>Autodefensas Gaitanistas de Colombia<\/b>.\u00a0<\/span><\/p>\n<p class=\"x_xmsonormal\"><span lang=\"ES\">Posteriormente, llevaron hasta la sala a algunos miembros de la familia y precisaron que estaban buscando al jefe del hogar,\u00a0<\/span><span lang=\"ES\">pero al percatarse de que no se encontraba en el inmueble, decidieron llevarse a una menor de edad.\u00a0<\/span><\/p>\n<p class=\"x_xmsonormal\"><span lang=\"ES\">La familia instaur\u00f3 la denuncia ante el Grupo Gaula de la Polic\u00eda, relatando que los secuestradores\u00a0<b>exig\u00edan el pago de $200.000.000<\/b>\u00a0por la liberaci\u00f3n de la menor.\u00a0<\/span><\/p>\n<p class=\"x_xmsonormal\"><span lang=\"ES\">Ese d\u00eda, hacia las 9 de la noche, unidades del Ej\u00e9rcito Nacional que realizaban un ret\u00e9n de control en la\u00a0<b>v\u00eda Tanam\u00e1 \u2013 Samaniego<\/b>\u00a0ordenaron detenerse a dos hombres que se movilizaban en una motocicleta; sin embargo, estos omitieron la se\u00f1al de pare y a pocos metros fueron interceptados por los soldados. Durante la requisa, les encontraron a los indiciados dos armas de fuego, dos granadas de fragmentaci\u00f3n y un radio de comunicaciones.\u00a0<\/span><\/p>\n<p class=\"x_xmsonormal\"><span lang=\"ES\">Los detenidos identificados como \u00d3scar Alex\u00e1nder Toro Andrade y Claudio Anteno Cer\u00f3n Portillo confesaron haber participado en el plagio de la ni\u00f1a, en calidad de\u00a0<b>c\u00f3mplices<\/b>, y ya purgan una\u00a0<b>condena de 14 a\u00f1os de prisi\u00f3n<\/b>\u00a0por los mismos delitos que Moreano Rodr\u00edguez, quien seg\u00fan lo establecido por la Fiscal\u00eda,\u00a0<b>los contrat\u00f3 para realizar el secuestro.\u00a0<\/b><\/span><b><span lang=\"ES\">\u00a0<\/span><\/b><\/p>\n<p class=\"x_xmsonormal\"><span lang=\"ES\">Mediante operativos del Ej\u00e9rcito y la Polic\u00eda Nacional, la ni\u00f1a fue rescatada tres d\u00edas despu\u00e9s de su rapto.<\/span><span lang=\"ES\">\u00a0<\/span><\/p>\n<p class=\"x_xmsonormal\"><span lang=\"ES\">Moreano Rodr\u00edguez fue detenido el 24 de octubre de 2020 en zona rural del municipio de\u00a0<b>Sibundoy (Putumayo)<\/b>\u00a0y desde entonces est\u00e1 recluido en la c\u00e1rcel de Pasto, donde deber\u00e1 cumplir la condena que le ordena, adem\u00e1s, el pago de una multa de 5.020 salarios m\u00ednimos legales mensuales vigentes.\u00a0<\/span><\/p>\n<p class=\"x_xmsonormal\"><span lang=\"ES\">La Fiscal\u00eda General de la Naci\u00f3n habla con resultados.\u00a0<\/span><\/p>\n<p class=\"x_xmsonormal\"><span lang=\"ES\">JGPV\/JPC\/DLBM\/ARRV<\/span><span lang=\"ES\">\u00a0<\/span><\/p>\n<p class=\"x_xmsonormal\"><span lang=\"ES\">Le puede interesar:\u00a0<\/span><a href=\"https:\/\/www.fiscalia.gov.co\/colombia\/seccionales\/a-prision-cinco-personas-presuntamente-implicadas-en-un-secuestro-extorsivo-de-un-comerciante-en-meta\/\" target=\"_blank\" rel=\"noopener noreferrer\"><span lang=\"ES\">A prisi\u00f3n cinco personas presuntamente implicadas en un secuestro extorsivo de un comerciante en Meta\u00a0<\/span><\/a><span lang=\"ES\">\u00a0<\/span><\/p>\n\n<div class=\"twitter-share\"><a href=\"https:\/\/twitter.com\/intent\/tweet?via=fiscaliacol\" class=\"twitter-share-button\">Tweet<\/a><\/div>\n","protected":false},"excerpt":{"rendered":"<p>Tras avalar el preacuerdo realizado entre la Fiscal\u00eda y el procesado\u00a0Jhon Wilmer Moreano Rodr\u00edguez, un juez especializado del circuito de Pasto (Nari\u00f1o), con funci\u00f3n de conocimiento, lo conden\u00f3 a 28 [&hellip;]<\/p>\n","protected":false},"author":171,"featured_media":0,"comment_status":"closed","ping_status":"open","sticky":false,"template":"","format":"standard","meta":{"tdm_status":"","tdm_grid_status":"","footnotes":""},"categories":[24174,1,334,303],"tags":[27860,24526,24481,1047,80,11101],"class_list":["post-224257","post","type-post","status-publish","format-standard","category-hay-justicia","category-noticias","category-seccional-pasto","category-seccionales","tag-armas-de-uso-privativo-de-las-fuerzas-armadas","tag-fiscal-general-francisco-barbosa-delgado","tag-fiscalia-de-colombia","tag-fiscalia-general-de-la-nacion","tag-secuestro-extorsivo","tag-seguridad-ciudadana"],"yoast_head":"<!-- This site is optimized with the Yoast SEO plugin v24.3 - https:\/\/yoast.com\/wordpress\/plugins\/seo\/ -->\n<title>Fiscal\u00eda General de la Naci\u00f3n<\/title>\n<meta name=\"description\" content=\"P\u00e1gina oficial de la Fiscal\u00eda General de la Naci\u00f3n \u2013 Colombia. Garantizamos el acceso efectivo a la justicia, la verdad y la reparaci\u00f3n de las v\u00edctimas de los delitos.\" \/>\n<meta name=\"robots\" content=\"noindex, follow\" \/>\n<meta property=\"og:locale\" content=\"es_ES\" \/>\n<meta property=\"og:type\" content=\"article\" \/>\n<meta property=\"og:title\" content=\"Fiscal\u00eda General de la Naci\u00f3n\" \/>\n<meta property=\"og:description\" content=\"P\u00e1gina oficial de la Fiscal\u00eda General de la Naci\u00f3n \u2013 Colombia. Garantizamos el acceso efectivo a la justicia, la verdad y la reparaci\u00f3n de las v\u00edctimas de los delitos.\" \/>\n<meta property=\"og:url\" content=\"https:\/\/www.fiscalia.gov.co\/colombia\/noticias\/condenado-a-28-anos-de-prision-hombre-responsable-de-secuestro-extorsivo-de-una-menor-en-samaniego-narino\/\" \/>\n<meta property=\"og:site_name\" content=\"Fiscal\u00eda General de la Naci\u00f3n\" \/>\n<meta property=\"article:publisher\" content=\"https:\/\/www.facebook.com\/FiscaliaCol\" \/>\n<meta property=\"article:published_time\" content=\"2021-07-09T18:08:08+00:00\" \/>\n<meta name=\"author\" content=\"Ana Mar\u00eda Gomez\" \/>\n<meta name=\"twitter:card\" content=\"summary_large_image\" \/>\n<meta name=\"twitter:creator\" content=\"@FiscaliaCol\" \/>\n<meta name=\"twitter:site\" content=\"@FiscaliaCol\" \/>\n<meta name=\"twitter:label1\" content=\"Escrito por\" \/>\n\t<meta name=\"twitter:data1\" content=\"Ana Mar\u00eda Gomez\" \/>\n\t<meta name=\"twitter:label2\" content=\"Tiempo de lectura\" \/>\n\t<meta name=\"twitter:data2\" content=\"2 minutos\" \/>\n<script type=\"application\/ld+json\" class=\"yoast-schema-graph\">{\"@context\":\"https:\/\/schema.org\",\"@graph\":[{\"@type\":\"Article\",\"@id\":\"https:\/\/www.fiscalia.gov.co\/colombia\/noticias\/condenado-a-28-anos-de-prision-hombre-responsable-de-secuestro-extorsivo-de-una-menor-en-samaniego-narino\/#article\",\"isPartOf\":{\"@id\":\"https:\/\/www.fiscalia.gov.co\/colombia\/noticias\/condenado-a-28-anos-de-prision-hombre-responsable-de-secuestro-extorsivo-de-una-menor-en-samaniego-narino\/\"},\"author\":{\"name\":\"Ana Mar\u00eda Gomez\",\"@id\":\"https:\/\/www.fiscalia.gov.co\/colombia\/#\/schema\/person\/06aa2210fe4d79203f428ff671dee360\"},\"headline\":\"Condenado a 28 a\u00f1os de prisi\u00f3n hombre responsable de secuestro extorsivo de una menor en Samaniego (Nari\u00f1o)\",\"datePublished\":\"2021-07-09T18:08:08+00:00\",\"dateModified\":\"2021-07-09T18:08:08+00:00\",\"mainEntityOfPage\":{\"@id\":\"https:\/\/www.fiscalia.gov.co\/colombia\/noticias\/condenado-a-28-anos-de-prision-hombre-responsable-de-secuestro-extorsivo-de-una-menor-en-samaniego-narino\/\"},\"wordCount\":462,\"publisher\":{\"@id\":\"https:\/\/www.fiscalia.gov.co\/colombia\/#organization\"},\"keywords\":[\"armas de uso privativo de las Fuerzas Armadas\",\"Fiscal General Francisco Barbosa Delgado\",\"Fiscal\u00eda de Colombia\",\"Fiscal\u00eda General de la Naci\u00f3n\",\"Secuestro extorsivo\",\"Seguridad ciudadana\"],\"articleSection\":[\"Hay Justicia\",\"Noticias\",\"Seccional Pasto\",\"Seccionales\"],\"inLanguage\":\"es-CO\"},{\"@type\":\"WebPage\",\"@id\":\"https:\/\/www.fiscalia.gov.co\/colombia\/noticias\/condenado-a-28-anos-de-prision-hombre-responsable-de-secuestro-extorsivo-de-una-menor-en-samaniego-narino\/\",\"url\":\"https:\/\/www.fiscalia.gov.co\/colombia\/noticias\/condenado-a-28-anos-de-prision-hombre-responsable-de-secuestro-extorsivo-de-una-menor-en-samaniego-narino\/\",\"name\":\"Fiscal\u00eda General de la Naci\u00f3n\",\"isPartOf\":{\"@id\":\"https:\/\/www.fiscalia.gov.co\/colombia\/#website\"},\"datePublished\":\"2021-07-09T18:08:08+00:00\",\"dateModified\":\"2021-07-09T18:08:08+00:00\",\"description\":\"P\u00e1gina oficial de la Fiscal\u00eda General de la Naci\u00f3n \u2013 Colombia. Garantizamos el acceso efectivo a la justicia, la verdad y la reparaci\u00f3n de las v\u00edctimas de los delitos.\",\"breadcrumb\":{\"@id\":\"https:\/\/www.fiscalia.gov.co\/colombia\/noticias\/condenado-a-28-anos-de-prision-hombre-responsable-de-secuestro-extorsivo-de-una-menor-en-samaniego-narino\/#breadcrumb\"},\"inLanguage\":\"es-CO\",\"potentialAction\":[{\"@type\":\"ReadAction\",\"target\":[\"https:\/\/www.fiscalia.gov.co\/colombia\/noticias\/condenado-a-28-anos-de-prision-hombre-responsable-de-secuestro-extorsivo-de-una-menor-en-samaniego-narino\/\"]}]},{\"@type\":\"BreadcrumbList\",\"@id\":\"https:\/\/www.fiscalia.gov.co\/colombia\/noticias\/condenado-a-28-anos-de-prision-hombre-responsable-de-secuestro-extorsivo-de-una-menor-en-samaniego-narino\/#breadcrumb\",\"itemListElement\":[{\"@type\":\"ListItem\",\"position\":1,\"name\":\"Home\",\"item\":\"https:\/\/www.fiscalia.gov.co\/colombia\/\"},{\"@type\":\"ListItem\",\"position\":2,\"name\":\"Condenado a 28 a\u00f1os de prisi\u00f3n hombre responsable de secuestro extorsivo de una menor en Samaniego (Nari\u00f1o)\"}]},{\"@type\":\"WebSite\",\"@id\":\"https:\/\/www.fiscalia.gov.co\/colombia\/#website\",\"url\":\"https:\/\/www.fiscalia.gov.co\/colombia\/\",\"name\":\"Fiscal\u00eda General de la Naci\u00f3n\",\"description\":\"P\u00e1gina oficial de la Fiscal\u00eda General de la Naci\u00f3n \u2013 Colombia. Garantizamos el acceso efectivo a la justicia, la verdad y la reparaci\u00f3n de las v\u00edctimas de los delitos.\",\"publisher\":{\"@id\":\"https:\/\/www.fiscalia.gov.co\/colombia\/#organization\"},\"potentialAction\":[{\"@type\":\"SearchAction\",\"target\":{\"@type\":\"EntryPoint\",\"urlTemplate\":\"https:\/\/www.fiscalia.gov.co\/colombia\/?s={search_term_string}\"},\"query-input\":{\"@type\":\"PropertyValueSpecification\",\"valueRequired\":true,\"valueName\":\"search_term_string\"}}],\"inLanguage\":\"es-CO\"},{\"@type\":\"Organization\",\"@id\":\"https:\/\/www.fiscalia.gov.co\/colombia\/#organization\",\"name\":\"Fiscal\u00eda General de la Naci\u00f3n\",\"url\":\"https:\/\/www.fiscalia.gov.co\/colombia\/\",\"logo\":{\"@type\":\"ImageObject\",\"inLanguage\":\"es-CO\",\"@id\":\"https:\/\/www.fiscalia.gov.co\/colombia\/#\/schema\/logo\/image\/\",\"url\":\"https:\/\/www.fiscalia.gov.co\/colombia\/wp-content\/uploads\/LogoHorizontal_1.jpg\",\"contentUrl\":\"https:\/\/www.fiscalia.gov.co\/colombia\/wp-content\/uploads\/LogoHorizontal_1.jpg\",\"width\":300,\"height\":90,\"caption\":\"Fiscal\u00eda General de la Naci\u00f3n\"},\"image\":{\"@id\":\"https:\/\/www.fiscalia.gov.co\/colombia\/#\/schema\/logo\/image\/\"},\"sameAs\":[\"https:\/\/www.facebook.com\/FiscaliaCol\",\"https:\/\/x.com\/FiscaliaCol\",\"https:\/\/www.instagram.com\/fiscaliacol\",\"https:\/\/www.linkedin.com\/company\/fiscalia-general-de-la-naci-n\/\",\"https:\/\/youtube.com\/@fiscaliageneraldelanacion-4668?si=6nN79nyQICPU5iTh\"]},{\"@type\":\"Person\",\"@id\":\"https:\/\/www.fiscalia.gov.co\/colombia\/#\/schema\/person\/06aa2210fe4d79203f428ff671dee360\",\"name\":\"Ana Mar\u00eda Gomez\",\"image\":{\"@type\":\"ImageObject\",\"inLanguage\":\"es-CO\",\"@id\":\"https:\/\/www.fiscalia.gov.co\/colombia\/#\/schema\/person\/image\/\",\"url\":\"https:\/\/secure.gravatar.com\/avatar\/a38115d98a7f8a96cbb96af2b2c37a0b?s=96&d=mm&r=g\",\"contentUrl\":\"https:\/\/secure.gravatar.com\/avatar\/a38115d98a7f8a96cbb96af2b2c37a0b?s=96&d=mm&r=g\",\"caption\":\"Ana Mar\u00eda Gomez\"},\"url\":\"https:\/\/www.fiscalia.gov.co\/colombia\/author\/agomez\/\"}]}<\/script>\n<!-- \/ Yoast SEO plugin. -->","yoast_head_json":{"title":"Fiscal\u00eda General de la Naci\u00f3n","description":"P\u00e1gina oficial de la Fiscal\u00eda General de la Naci\u00f3n \u2013 Colombia. Garantizamos el acceso efectivo a la justicia, la verdad y la reparaci\u00f3n de las v\u00edctimas de los delitos.","robots":{"index":"noindex","follow":"follow"},"og_locale":"es_ES","og_type":"article","og_title":"Fiscal\u00eda General de la Naci\u00f3n","og_description":"P\u00e1gina oficial de la Fiscal\u00eda General de la Naci\u00f3n \u2013 Colombia. Garantizamos el acceso efectivo a la justicia, la verdad y la reparaci\u00f3n de las v\u00edctimas de los delitos.","og_url":"https:\/\/www.fiscalia.gov.co\/colombia\/noticias\/condenado-a-28-anos-de-prision-hombre-responsable-de-secuestro-extorsivo-de-una-menor-en-samaniego-narino\/","og_site_name":"Fiscal\u00eda General de la Naci\u00f3n","article_publisher":"https:\/\/www.facebook.com\/FiscaliaCol","article_published_time":"2021-07-09T18:08:08+00:00","author":"Ana Mar\u00eda Gomez","twitter_card":"summary_large_image","twitter_creator":"@FiscaliaCol","twitter_site":"@FiscaliaCol","twitter_misc":{"Escrito por":"Ana Mar\u00eda Gomez","Tiempo de lectura":"2 minutos"},"schema":{"@context":"https:\/\/schema.org","@graph":[{"@type":"Article","@id":"https:\/\/www.fiscalia.gov.co\/colombia\/noticias\/condenado-a-28-anos-de-prision-hombre-responsable-de-secuestro-extorsivo-de-una-menor-en-samaniego-narino\/#article","isPartOf":{"@id":"https:\/\/www.fiscalia.gov.co\/colombia\/noticias\/condenado-a-28-anos-de-prision-hombre-responsable-de-secuestro-extorsivo-de-una-menor-en-samaniego-narino\/"},"author":{"name":"Ana Mar\u00eda Gomez","@id":"https:\/\/www.fiscalia.gov.co\/colombia\/#\/schema\/person\/06aa2210fe4d79203f428ff671dee360"},"headline":"Condenado a 28 a\u00f1os de prisi\u00f3n hombre responsable de secuestro extorsivo de una menor en Samaniego (Nari\u00f1o)","datePublished":"2021-07-09T18:08:08+00:00","dateModified":"2021-07-09T18:08:08+00:00","mainEntityOfPage":{"@id":"https:\/\/www.fiscalia.gov.co\/colombia\/noticias\/condenado-a-28-anos-de-prision-hombre-responsable-de-secuestro-extorsivo-de-una-menor-en-samaniego-narino\/"},"wordCount":462,"publisher":{"@id":"https:\/\/www.fiscalia.gov.co\/colombia\/#organization"},"keywords":["armas de uso privativo de las Fuerzas Armadas","Fiscal General Francisco Barbosa Delgado","Fiscal\u00eda de Colombia","Fiscal\u00eda General de la Naci\u00f3n","Secuestro extorsivo","Seguridad ciudadana"],"articleSection":["Hay Justicia","Noticias","Seccional Pasto","Seccionales"],"inLanguage":"es-CO"},{"@type":"WebPage","@id":"https:\/\/www.fiscalia.gov.co\/colombia\/noticias\/condenado-a-28-anos-de-prision-hombre-responsable-de-secuestro-extorsivo-de-una-menor-en-samaniego-narino\/","url":"https:\/\/www.fiscalia.gov.co\/colombia\/noticias\/condenado-a-28-anos-de-prision-hombre-responsable-de-secuestro-extorsivo-de-una-menor-en-samaniego-narino\/","name":"Fiscal\u00eda General de la Naci\u00f3n","isPartOf":{"@id":"https:\/\/www.fiscalia.gov.co\/colombia\/#website"},"datePublished":"2021-07-09T18:08:08+00:00","dateModified":"2021-07-09T18:08:08+00:00","description":"P\u00e1gina oficial de la Fiscal\u00eda General de la Naci\u00f3n \u2013 Colombia. Garantizamos el acceso efectivo a la justicia, la verdad y la reparaci\u00f3n de las v\u00edctimas de los delitos.","breadcrumb":{"@id":"https:\/\/www.fiscalia.gov.co\/colombia\/noticias\/condenado-a-28-anos-de-prision-hombre-responsable-de-secuestro-extorsivo-de-una-menor-en-samaniego-narino\/#breadcrumb"},"inLanguage":"es-CO","potentialAction":[{"@type":"ReadAction","target":["https:\/\/www.fiscalia.gov.co\/colombia\/noticias\/condenado-a-28-anos-de-prision-hombre-responsable-de-secuestro-extorsivo-de-una-menor-en-samaniego-narino\/"]}]},{"@type":"BreadcrumbList","@id":"https:\/\/www.fiscalia.gov.co\/colombia\/noticias\/condenado-a-28-anos-de-prision-hombre-responsable-de-secuestro-extorsivo-de-una-menor-en-samaniego-narino\/#breadcrumb","itemListElement":[{"@type":"ListItem","position":1,"name":"Home","item":"https:\/\/www.fiscalia.gov.co\/colombia\/"},{"@type":"ListItem","position":2,"name":"Condenado a 28 a\u00f1os de prisi\u00f3n hombre responsable de secuestro extorsivo de una menor en Samaniego (Nari\u00f1o)"}]},{"@type":"WebSite","@id":"https:\/\/www.fiscalia.gov.co\/colombia\/#website","url":"https:\/\/www.fiscalia.gov.co\/colombia\/","name":"Fiscal\u00eda General de la Naci\u00f3n","description":"P\u00e1gina oficial de la Fiscal\u00eda General de la Naci\u00f3n \u2013 Colombia. Garantizamos el acceso efectivo a la justicia, la verdad y la reparaci\u00f3n de las v\u00edctimas de los delitos.","publisher":{"@id":"https:\/\/www.fiscalia.gov.co\/colombia\/#organization"},"potentialAction":[{"@type":"SearchAction","target":{"@type":"EntryPoint","urlTemplate":"https:\/\/www.fiscalia.gov.co\/colombia\/?s={search_term_string}"},"query-input":{"@type":"PropertyValueSpecification","valueRequired":true,"valueName":"search_term_string"}}],"inLanguage":"es-CO"},{"@type":"Organization","@id":"https:\/\/www.fiscalia.gov.co\/colombia\/#organization","name":"Fiscal\u00eda General de la Naci\u00f3n","url":"https:\/\/www.fiscalia.gov.co\/colombia\/","logo":{"@type":"ImageObject","inLanguage":"es-CO","@id":"https:\/\/www.fiscalia.gov.co\/colombia\/#\/schema\/logo\/image\/","url":"https:\/\/www.fiscalia.gov.co\/colombia\/wp-content\/uploads\/LogoHorizontal_1.jpg","contentUrl":"https:\/\/www.fiscalia.gov.co\/colombia\/wp-content\/uploads\/LogoHorizontal_1.jpg","width":300,"height":90,"caption":"Fiscal\u00eda General de la Naci\u00f3n"},"image":{"@id":"https:\/\/www.fiscalia.gov.co\/colombia\/#\/schema\/logo\/image\/"},"sameAs":["https:\/\/www.facebook.com\/FiscaliaCol","https:\/\/x.com\/FiscaliaCol","https:\/\/www.instagram.com\/fiscaliacol","https:\/\/www.linkedin.com\/company\/fiscalia-general-de-la-naci-n\/","https:\/\/youtube.com\/@fiscaliageneraldelanacion-4668?si=6nN79nyQICPU5iTh"]},{"@type":"Person","@id":"https:\/\/www.fiscalia.gov.co\/colombia\/#\/schema\/person\/06aa2210fe4d79203f428ff671dee360","name":"Ana Mar\u00eda Gomez","image":{"@type":"ImageObject","inLanguage":"es-CO","@id":"https:\/\/www.fiscalia.gov.co\/colombia\/#\/schema\/person\/image\/","url":"https:\/\/secure.gravatar.com\/avatar\/a38115d98a7f8a96cbb96af2b2c37a0b?s=96&d=mm&r=g","contentUrl":"https:\/\/secure.gravatar.com\/avatar\/a38115d98a7f8a96cbb96af2b2c37a0b?s=96&d=mm&r=g","caption":"Ana Mar\u00eda Gomez"},"url":"https:\/\/www.fiscalia.gov.co\/colombia\/author\/agomez\/"}]}},"_links":{"self":[{"href":"https:\/\/www.fiscalia.gov.co\/colombia\/wp-json\/wp\/v2\/posts\/224257","targetHints":{"allow":["GET"]}}],"collection":[{"href":"https:\/\/www.fiscalia.gov.co\/colombia\/wp-json\/wp\/v2\/posts"}],"about":[{"href":"https:\/\/www.fiscalia.gov.co\/colombia\/wp-json\/wp\/v2\/types\/post"}],"author":[{"embeddable":true,"href":"https:\/\/www.fiscalia.gov.co\/colombia\/wp-json\/wp\/v2\/users\/171"}],"replies":[{"embeddable":true,"href":"https:\/\/www.fiscalia.gov.co\/colombia\/wp-json\/wp\/v2\/comments?post=224257"}],"version-history":[{"count":1,"href":"https:\/\/www.fiscalia.gov.co\/colombia\/wp-json\/wp\/v2\/posts\/224257\/revisions"}],"predecessor-version":[{"id":224258,"href":"https:\/\/www.fiscalia.gov.co\/colombia\/wp-json\/wp\/v2\/posts\/224257\/revisions\/224258"}],"wp:attachment":[{"href":"https:\/\/www.fiscalia.gov.co\/colombia\/wp-json\/wp\/v2\/media?parent=224257"}],"wp:term":[{"taxonomy":"category","embeddable":true,"href":"https:\/\/www.fiscalia.gov.co\/colombia\/wp-json\/wp\/v2\/categories?post=224257"},{"taxonomy":"post_tag","embeddable":true,"href":"https:\/\/www.fiscalia.gov.co\/colombia\/wp-json\/wp\/v2\/tags?post=224257"}],"curies":[{"name":"wp","href":"https:\/\/api.w.org\/{rel}","templated":true}]}}