{"id":224219,"date":"2021-07-09T11:43:57","date_gmt":"2021-07-09T16:43:57","guid":{"rendered":"https:\/\/www.fiscalia.gov.co\/colombia\/?p=224219"},"modified":"2021-07-09T11:44:42","modified_gmt":"2021-07-09T16:44:42","slug":"desarticulado-grupo-delincuencial-los-del-burro-dedicados-a-la-comision-de-homicidios-en-la-cucuta-norte-de-santander","status":"publish","type":"post","link":"https:\/\/www.fiscalia.gov.co\/colombia\/noticias\/desarticulado-grupo-delincuencial-los-del-burro-dedicados-a-la-comision-de-homicidios-en-la-cucuta-norte-de-santander\/","title":{"rendered":"Desarticulado grupo delincuencial Los del Burro, dedicados a la comisi\u00f3n de homicidios en la C\u00facuta (Norte de Santander)"},"content":{"rendered":"<p class=\"x_x_xxmsonormal\"><span lang=\"ES\">El Juzgado Promiscuo Municipal de Tib\u00fa (Norte de Santander) con funciones de control de garant\u00edas,\u00a0judicializ\u00f3 a 13 presuntos integrantes\u00a0de la banda delincuencial Los del Burro, quienes al parecer estar\u00edan implicados en varios\u00a0<\/span><a href=\"https:\/\/www.fiscalia.gov.co\/colombia\/crimen-organizado\/fiscalia-impacto-a-las-redes-de-homicidios-secuestros-y-extorsiones-de-alias-gentil-duarte\/\" target=\"_blank\" rel=\"noopener noreferrer\"><span lang=\"ES\">homicidios<\/span><\/a><span lang=\"ES\">, ocurridos entre 2020 y 2021.<\/span><\/p>\n<p class=\"x_x_MsoNormal\"><span lang=\"ES\">A los procesados\u00a0<a target=\"_blank\" rel=\"noopener noreferrer\" name=\"x_x__Hlk75500507\"><\/a>Yeison\u00a0<\/span>Andr\u00e9s Severiche Mart\u00ednez, alias Yeison o el Gato;\u00a0Mart\u00edn Alonso Berbesi Gonz\u00e1lez, alias Mart\u00edn o Carrasco; Eider Geovanny Jaimes Esnevo, alias Pirri; Irene Gonz\u00e1lez, alias Martha; Nicol\u00e1s Adri\u00e1n Tami Hern\u00e1ndez, alias Nicol; Breiner Yargel Rivera Mogoll\u00f3n, alias Breinner; Geovanny Alejandro Fl\u00f3rez Sanchez, alias Yuyito; Jaider Daniel Blanco Balaguera, alias Daniel; Juli\u00e1n Andr\u00e9s Gelves Silva, alias Muela de Gallo; Camilo Andr\u00e9s Gamboa Jaimes, alias Camilo; John Oswaldo Castellanos Arias, Bayron Alexander Tobo Santiago y Angela Mart\u00ednez Funiel, la Fiscal\u00eda les imputo cargos por los delitos de\u00a0homicidio agravado, fabricaci\u00f3n tr\u00e1fico y porte de armas de fuego y concierto para delinquir.<\/p>\n<figure id=\"attachment_224221\" aria-describedby=\"caption-attachment-224221\" style=\"width: 696px\" class=\"wp-caption alignleft\"><img loading=\"lazy\" decoding=\"async\" class=\"size-large wp-image-224221\" src=\"https:\/\/www.fiscalia.gov.co\/colombia\/wp-content\/uploads\/Grupo-de-delincuencia-com\u00fan-organizada-Los-del-Burro-judicializados-por-homicidio-y-otras-conductas-1024x768.jpg\" alt=\"\" width=\"696\" height=\"522\" srcset=\"https:\/\/www.fiscalia.gov.co\/colombia\/wp-content\/uploads\/Grupo-de-delincuencia-com\u00fan-organizada-Los-del-Burro-judicializados-por-homicidio-y-otras-conductas-1024x768.jpg 1024w, https:\/\/www.fiscalia.gov.co\/colombia\/wp-content\/uploads\/Grupo-de-delincuencia-com\u00fan-organizada-Los-del-Burro-judicializados-por-homicidio-y-otras-conductas-300x225.jpg 300w, https:\/\/www.fiscalia.gov.co\/colombia\/wp-content\/uploads\/Grupo-de-delincuencia-com\u00fan-organizada-Los-del-Burro-judicializados-por-homicidio-y-otras-conductas-768x576.jpg 768w, https:\/\/www.fiscalia.gov.co\/colombia\/wp-content\/uploads\/Grupo-de-delincuencia-com\u00fan-organizada-Los-del-Burro-judicializados-por-homicidio-y-otras-conductas-696x522.jpg 696w, https:\/\/www.fiscalia.gov.co\/colombia\/wp-content\/uploads\/Grupo-de-delincuencia-com\u00fan-organizada-Los-del-Burro-judicializados-por-homicidio-y-otras-conductas-1068x801.jpg 1068w, https:\/\/www.fiscalia.gov.co\/colombia\/wp-content\/uploads\/Grupo-de-delincuencia-com\u00fan-organizada-Los-del-Burro-judicializados-por-homicidio-y-otras-conductas-560x420.jpg 560w, https:\/\/www.fiscalia.gov.co\/colombia\/wp-content\/uploads\/Grupo-de-delincuencia-com\u00fan-organizada-Los-del-Burro-judicializados-por-homicidio-y-otras-conductas-80x60.jpg 80w, https:\/\/www.fiscalia.gov.co\/colombia\/wp-content\/uploads\/Grupo-de-delincuencia-com\u00fan-organizada-Los-del-Burro-judicializados-por-homicidio-y-otras-conductas-265x198.jpg 265w, https:\/\/www.fiscalia.gov.co\/colombia\/wp-content\/uploads\/Grupo-de-delincuencia-com\u00fan-organizada-Los-del-Burro-judicializados-por-homicidio-y-otras-conductas.jpg 1280w\" sizes=\"auto, (max-width: 696px) 100vw, 696px\" \/><figcaption id=\"caption-attachment-224221\" class=\"wp-caption-text\">Grupo de delincuencia com\u00fan organizada Los del Burro, judicializados por homicidio y otras conductas delictivas.<\/figcaption><\/figure>\n<p class=\"x_x_xxmsonormal\"><span lang=\"ES\">De acuerdo con el material probatorio obtenido en desarrollo de la investigaci\u00f3n, la Fiscal\u00eda evidenci\u00f3 que el grupo criminal operaba en C\u00facuta (Norte de Santander) y su zona metropolitana,\u00a0<\/span><a href=\"https:\/\/www.fiscalia.gov.co\/colombia\/seccionales\/en-arauca-fiscalia-esclarecio-dos-homicidios-y-obtuvo-sentencias-condenatorias\/\" target=\"_blank\" rel=\"noopener noreferrer\"><span lang=\"ES\">ejecutando<\/span><\/a><span lang=\"ES\">\u00a0homicidios por el control de el expendio de\u00a0<\/span><a href=\"https:\/\/www.fiscalia.gov.co\/colombia\/seccionales\/condenados-ocho-integrantes-de-los-buenaventurenos-por-homicidios-trafico-de-estupefacientes-y-otros-delitos-en-cali\/\" target=\"_blank\" rel=\"noopener noreferrer\"><span lang=\"ES\">sustancias estupefacientes<\/span><\/a><span style=\"color: #222222; font-family: Calibri, sans-serif;\">.\u00a0<\/span><\/p>\n<p class=\"x_x_xxmsonormal\"><span lang=\"ES\">Las capturas fueron efectuadas este 22 de junio, en 13 diligencias de registro y allanamiento realizadas en un sector conocido como La Tomatera de esta ciudad por la\u00a0<b>Brigada Interinstitucional de Homicidios CTI-Polic\u00eda Nacional<\/b>, en los barrios Nuevo, Bel\u00e9n, Santo Domingo, Cuberos Ni\u00f1o y el municipio de Los Patios (Norte de Santander).<\/span><\/p>\n<p class=\"x_x_xxmsonormal\">Entre los detenidos se encuentra\u00a0<span lang=\"ES\">Yeison\u00a0<\/span>Andr\u00e9s Severiche Mart\u00ednez, alias Yeison o el Gato, presunto cabecilla de Los del Burro, quien al parecer era el encargado de coordinar las acciones delictivas del grupo.<\/p>\n<p class=\"x_x_xxmsonormal\"><span lang=\"ES\">En los procedimientos se incautaron 5 tel\u00e9fonos celulares de diferentes marcas, dos proveedores y 18 cartuchos calibre 9 mm.<\/span><\/p>\n<p class=\"x_x_MsoNormal\"><span lang=\"ES\">Tras la imputaci\u00f3n el juez impuso medida de aseguramiento privativa de la libertad para 10 de los procesados, detenci\u00f3n domiciliaria a Irene<\/span>\u00a0Gonz\u00e1lez\u00a0y\u00a0Nicol\u00e1s Adri\u00e1n Tami Hern\u00e1ndez\u00a0y libertad para\u00a0Eider Geovanny Jaimes Esnevo.<\/p>\n<p class=\"x_x_MsoNormal\"><span lang=\"ES\">La Fiscal\u00eda hace p\u00fablica esta informaci\u00f3n por razones de inter\u00e9s general.\u00a0<\/span><\/p>\n<p class=\"x_x_MsoNormal\">MPHA\/DATO\/MG<\/p>\n<p class=\"x_x_MsoNormal\"><i>La informaci\u00f3n contenida en este bolet\u00edn de prensa corresponde a la narraci\u00f3n de los hechos noticiosos objetivos, suministrados por los funcionarios encargados de adelantar las investigaciones penales al interior de la Fiscal\u00eda General de la Naci\u00f3n. Para el momento de la divulgaci\u00f3n de este comunicado, la situaci\u00f3n jur\u00eddica de la(s) persona(s) relacionada(s) se encuentra pendiente de resolver por la autoridad judicial competente, siempre bajo los preceptos de la presunci\u00f3n de inocencia, consagrados en el art\u00edculo 29 de la Constituci\u00f3n Pol\u00edtica y el art\u00edculo 7\u00ba de la Ley 906 de 2004.<\/i><\/p>\n\n<div class=\"twitter-share\"><a href=\"https:\/\/twitter.com\/intent\/tweet?via=fiscaliacol\" class=\"twitter-share-button\">Tweet<\/a><\/div>\n","protected":false},"excerpt":{"rendered":"<p>El Juzgado Promiscuo Municipal de Tib\u00fa (Norte de Santander) con funciones de control de garant\u00edas,\u00a0judicializ\u00f3 a 13 presuntos integrantes\u00a0de la banda delincuencial Los del Burro, quienes al parecer estar\u00edan implicados en varios\u00a0homicidios, ocurridos entre 2020 y 2021. A los procesados\u00a0Yeison\u00a0Andr\u00e9s Severiche Mart\u00ednez, alias Yeison o el Gato;\u00a0Mart\u00edn Alonso Berbesi Gonz\u00e1lez, alias Mart\u00edn o Carrasco; Eider [&hellip;]<\/p>\n","protected":false},"author":171,"featured_media":0,"comment_status":"closed","ping_status":"open","sticky":false,"template":"","format":"standard","meta":{"_price":"","_stock":"","_tribe_ticket_header":"","_tribe_default_ticket_provider":"","_tribe_ticket_capacity":"0","_ticket_start_date":"","_ticket_end_date":"","_tribe_ticket_show_description":"","_tribe_ticket_show_not_going":false,"_tribe_ticket_use_global_stock":"","_tribe_ticket_global_stock_level":"","_global_stock_mode":"","_global_stock_cap":"","_tribe_rsvp_for_event":"","_tribe_ticket_going_count":"","_tribe_ticket_not_going_count":"","_tribe_tickets_list":"[]","_tribe_ticket_has_attendee_info_fields":false,"tdm_status":"","tdm_grid_status":"","footnotes":""},"categories":[1,326,303,24099],"tags":[14550,24247,409,674],"class_list":{"0":"post-224219","1":"post","2":"type-post","3":"status-publish","4":"format-standard","6":"category-noticias","7":"category-seccional-cucuta","8":"category-seccionales","9":"category-seguridad-territorial","10":"tag-carcel","11":"tag-grupo-delincuencial","12":"tag-homicidio","13":"tag-microtrafico"},"yoast_head":"<!-- This site is optimized with the Yoast SEO plugin v24.3 - https:\/\/yoast.com\/wordpress\/plugins\/seo\/ -->\n<title>Fiscal\u00eda General de la Naci\u00f3n<\/title>\n<meta name=\"description\" content=\"P\u00e1gina oficial de la Fiscal\u00eda General de la Naci\u00f3n \u2013 Colombia. Garantizamos el acceso efectivo a la justicia, la verdad y la reparaci\u00f3n de las v\u00edctimas de los delitos.\" \/>\n<meta name=\"robots\" content=\"noindex, follow\" \/>\n<meta property=\"og:locale\" content=\"es_ES\" \/>\n<meta property=\"og:type\" content=\"article\" \/>\n<meta property=\"og:title\" content=\"Fiscal\u00eda General de la Naci\u00f3n\" \/>\n<meta property=\"og:description\" content=\"P\u00e1gina oficial de la Fiscal\u00eda General de la Naci\u00f3n \u2013 Colombia. Garantizamos el acceso efectivo a la justicia, la verdad y la reparaci\u00f3n de las v\u00edctimas de los delitos.\" \/>\n<meta property=\"og:url\" content=\"https:\/\/www.fiscalia.gov.co\/colombia\/noticias\/desarticulado-grupo-delincuencial-los-del-burro-dedicados-a-la-comision-de-homicidios-en-la-cucuta-norte-de-santander\/\" \/>\n<meta property=\"og:site_name\" content=\"Fiscal\u00eda General de la Naci\u00f3n\" \/>\n<meta property=\"article:publisher\" content=\"https:\/\/www.facebook.com\/FiscaliaCol\" \/>\n<meta property=\"article:published_time\" content=\"2021-07-09T16:43:57+00:00\" \/>\n<meta property=\"article:modified_time\" content=\"2021-07-09T16:44:42+00:00\" \/>\n<meta name=\"author\" content=\"Ana Mar\u00eda Gomez\" \/>\n<meta name=\"twitter:card\" content=\"summary_large_image\" \/>\n<meta name=\"twitter:creator\" content=\"@FiscaliaCol\" \/>\n<meta name=\"twitter:site\" content=\"@FiscaliaCol\" \/>\n<meta name=\"twitter:label1\" content=\"Escrito por\" \/>\n\t<meta name=\"twitter:data1\" content=\"Ana Mar\u00eda Gomez\" \/>\n\t<meta name=\"twitter:label2\" content=\"Tiempo de lectura\" \/>\n\t<meta name=\"twitter:data2\" content=\"2 minutos\" \/>\n<script type=\"application\/ld+json\" class=\"yoast-schema-graph\">{\"@context\":\"https:\/\/schema.org\",\"@graph\":[{\"@type\":\"Article\",\"@id\":\"https:\/\/www.fiscalia.gov.co\/colombia\/noticias\/desarticulado-grupo-delincuencial-los-del-burro-dedicados-a-la-comision-de-homicidios-en-la-cucuta-norte-de-santander\/#article\",\"isPartOf\":{\"@id\":\"https:\/\/www.fiscalia.gov.co\/colombia\/noticias\/desarticulado-grupo-delincuencial-los-del-burro-dedicados-a-la-comision-de-homicidios-en-la-cucuta-norte-de-santander\/\"},\"author\":{\"name\":\"Ana Mar\u00eda Gomez\",\"@id\":\"https:\/\/www.fiscalia.gov.co\/colombia\/#\/schema\/person\/06aa2210fe4d79203f428ff671dee360\"},\"headline\":\"Desarticulado grupo delincuencial Los del Burro, dedicados a la comisi\u00f3n de homicidios en la C\u00facuta (Norte de Santander)\",\"datePublished\":\"2021-07-09T16:43:57+00:00\",\"dateModified\":\"2021-07-09T16:44:42+00:00\",\"mainEntityOfPage\":{\"@id\":\"https:\/\/www.fiscalia.gov.co\/colombia\/noticias\/desarticulado-grupo-delincuencial-los-del-burro-dedicados-a-la-comision-de-homicidios-en-la-cucuta-norte-de-santander\/\"},\"wordCount\":511,\"publisher\":{\"@id\":\"https:\/\/www.fiscalia.gov.co\/colombia\/#organization\"},\"keywords\":[\"C\u00e1rcel\",\"grupo delincuencial\",\"Homicidio\",\"Microtr\u00e1fico\"],\"articleSection\":[\"Noticias\",\"Seccional C\u00facuta\",\"Seccionales\",\"Seguridad territorial\"],\"inLanguage\":\"es-CO\"},{\"@type\":\"WebPage\",\"@id\":\"https:\/\/www.fiscalia.gov.co\/colombia\/noticias\/desarticulado-grupo-delincuencial-los-del-burro-dedicados-a-la-comision-de-homicidios-en-la-cucuta-norte-de-santander\/\",\"url\":\"https:\/\/www.fiscalia.gov.co\/colombia\/noticias\/desarticulado-grupo-delincuencial-los-del-burro-dedicados-a-la-comision-de-homicidios-en-la-cucuta-norte-de-santander\/\",\"name\":\"Fiscal\u00eda General de la Naci\u00f3n\",\"isPartOf\":{\"@id\":\"https:\/\/www.fiscalia.gov.co\/colombia\/#website\"},\"datePublished\":\"2021-07-09T16:43:57+00:00\",\"dateModified\":\"2021-07-09T16:44:42+00:00\",\"description\":\"P\u00e1gina oficial de la Fiscal\u00eda General de la Naci\u00f3n \u2013 Colombia. Garantizamos el acceso efectivo a la justicia, la verdad y la reparaci\u00f3n de las v\u00edctimas de los delitos.\",\"breadcrumb\":{\"@id\":\"https:\/\/www.fiscalia.gov.co\/colombia\/noticias\/desarticulado-grupo-delincuencial-los-del-burro-dedicados-a-la-comision-de-homicidios-en-la-cucuta-norte-de-santander\/#breadcrumb\"},\"inLanguage\":\"es-CO\",\"potentialAction\":[{\"@type\":\"ReadAction\",\"target\":[\"https:\/\/www.fiscalia.gov.co\/colombia\/noticias\/desarticulado-grupo-delincuencial-los-del-burro-dedicados-a-la-comision-de-homicidios-en-la-cucuta-norte-de-santander\/\"]}]},{\"@type\":\"BreadcrumbList\",\"@id\":\"https:\/\/www.fiscalia.gov.co\/colombia\/noticias\/desarticulado-grupo-delincuencial-los-del-burro-dedicados-a-la-comision-de-homicidios-en-la-cucuta-norte-de-santander\/#breadcrumb\",\"itemListElement\":[{\"@type\":\"ListItem\",\"position\":1,\"name\":\"Home\",\"item\":\"https:\/\/www.fiscalia.gov.co\/colombia\/\"},{\"@type\":\"ListItem\",\"position\":2,\"name\":\"Desarticulado grupo delincuencial Los del Burro, dedicados a la comisi\u00f3n de homicidios en la C\u00facuta (Norte de Santander)\"}]},{\"@type\":\"WebSite\",\"@id\":\"https:\/\/www.fiscalia.gov.co\/colombia\/#website\",\"url\":\"https:\/\/www.fiscalia.gov.co\/colombia\/\",\"name\":\"Fiscal\u00eda General de la Naci\u00f3n\",\"description\":\"P\u00e1gina oficial de la Fiscal\u00eda General de la Naci\u00f3n \u2013 Colombia. Garantizamos el acceso efectivo a la justicia, la verdad y la reparaci\u00f3n de las v\u00edctimas de los delitos.\",\"publisher\":{\"@id\":\"https:\/\/www.fiscalia.gov.co\/colombia\/#organization\"},\"potentialAction\":[{\"@type\":\"SearchAction\",\"target\":{\"@type\":\"EntryPoint\",\"urlTemplate\":\"https:\/\/www.fiscalia.gov.co\/colombia\/?s={search_term_string}\"},\"query-input\":{\"@type\":\"PropertyValueSpecification\",\"valueRequired\":true,\"valueName\":\"search_term_string\"}}],\"inLanguage\":\"es-CO\"},{\"@type\":\"Organization\",\"@id\":\"https:\/\/www.fiscalia.gov.co\/colombia\/#organization\",\"name\":\"Fiscal\u00eda General de la Naci\u00f3n\",\"url\":\"https:\/\/www.fiscalia.gov.co\/colombia\/\",\"logo\":{\"@type\":\"ImageObject\",\"inLanguage\":\"es-CO\",\"@id\":\"https:\/\/www.fiscalia.gov.co\/colombia\/#\/schema\/logo\/image\/\",\"url\":\"https:\/\/www.fiscalia.gov.co\/colombia\/wp-content\/uploads\/LogoHorizontal_1.jpg\",\"contentUrl\":\"https:\/\/www.fiscalia.gov.co\/colombia\/wp-content\/uploads\/LogoHorizontal_1.jpg\",\"width\":300,\"height\":90,\"caption\":\"Fiscal\u00eda General de la Naci\u00f3n\"},\"image\":{\"@id\":\"https:\/\/www.fiscalia.gov.co\/colombia\/#\/schema\/logo\/image\/\"},\"sameAs\":[\"https:\/\/www.facebook.com\/FiscaliaCol\",\"https:\/\/x.com\/FiscaliaCol\",\"https:\/\/www.instagram.com\/fiscaliacol\",\"https:\/\/www.linkedin.com\/company\/fiscalia-general-de-la-naci-n\/\",\"https:\/\/youtube.com\/@fiscaliageneraldelanacion-4668?si=6nN79nyQICPU5iTh\"]},{\"@type\":\"Person\",\"@id\":\"https:\/\/www.fiscalia.gov.co\/colombia\/#\/schema\/person\/06aa2210fe4d79203f428ff671dee360\",\"name\":\"Ana Mar\u00eda Gomez\",\"image\":{\"@type\":\"ImageObject\",\"inLanguage\":\"es-CO\",\"@id\":\"https:\/\/www.fiscalia.gov.co\/colombia\/#\/schema\/person\/image\/\",\"url\":\"https:\/\/secure.gravatar.com\/avatar\/a38115d98a7f8a96cbb96af2b2c37a0b?s=96&d=mm&r=g\",\"contentUrl\":\"https:\/\/secure.gravatar.com\/avatar\/a38115d98a7f8a96cbb96af2b2c37a0b?s=96&d=mm&r=g\",\"caption\":\"Ana Mar\u00eda Gomez\"},\"url\":\"https:\/\/www.fiscalia.gov.co\/colombia\/author\/agomez\/\"}]}<\/script>\n<!-- \/ Yoast SEO plugin. -->","yoast_head_json":{"title":"Fiscal\u00eda General de la Naci\u00f3n","description":"P\u00e1gina oficial de la Fiscal\u00eda General de la Naci\u00f3n \u2013 Colombia. Garantizamos el acceso efectivo a la justicia, la verdad y la reparaci\u00f3n de las v\u00edctimas de los delitos.","robots":{"index":"noindex","follow":"follow"},"og_locale":"es_ES","og_type":"article","og_title":"Fiscal\u00eda General de la Naci\u00f3n","og_description":"P\u00e1gina oficial de la Fiscal\u00eda General de la Naci\u00f3n \u2013 Colombia. Garantizamos el acceso efectivo a la justicia, la verdad y la reparaci\u00f3n de las v\u00edctimas de los delitos.","og_url":"https:\/\/www.fiscalia.gov.co\/colombia\/noticias\/desarticulado-grupo-delincuencial-los-del-burro-dedicados-a-la-comision-de-homicidios-en-la-cucuta-norte-de-santander\/","og_site_name":"Fiscal\u00eda General de la Naci\u00f3n","article_publisher":"https:\/\/www.facebook.com\/FiscaliaCol","article_published_time":"2021-07-09T16:43:57+00:00","article_modified_time":"2021-07-09T16:44:42+00:00","author":"Ana Mar\u00eda Gomez","twitter_card":"summary_large_image","twitter_creator":"@FiscaliaCol","twitter_site":"@FiscaliaCol","twitter_misc":{"Escrito por":"Ana Mar\u00eda Gomez","Tiempo de lectura":"2 minutos"},"schema":{"@context":"https:\/\/schema.org","@graph":[{"@type":"Article","@id":"https:\/\/www.fiscalia.gov.co\/colombia\/noticias\/desarticulado-grupo-delincuencial-los-del-burro-dedicados-a-la-comision-de-homicidios-en-la-cucuta-norte-de-santander\/#article","isPartOf":{"@id":"https:\/\/www.fiscalia.gov.co\/colombia\/noticias\/desarticulado-grupo-delincuencial-los-del-burro-dedicados-a-la-comision-de-homicidios-en-la-cucuta-norte-de-santander\/"},"author":{"name":"Ana Mar\u00eda Gomez","@id":"https:\/\/www.fiscalia.gov.co\/colombia\/#\/schema\/person\/06aa2210fe4d79203f428ff671dee360"},"headline":"Desarticulado grupo delincuencial Los del Burro, dedicados a la comisi\u00f3n de homicidios en la C\u00facuta (Norte de Santander)","datePublished":"2021-07-09T16:43:57+00:00","dateModified":"2021-07-09T16:44:42+00:00","mainEntityOfPage":{"@id":"https:\/\/www.fiscalia.gov.co\/colombia\/noticias\/desarticulado-grupo-delincuencial-los-del-burro-dedicados-a-la-comision-de-homicidios-en-la-cucuta-norte-de-santander\/"},"wordCount":511,"publisher":{"@id":"https:\/\/www.fiscalia.gov.co\/colombia\/#organization"},"keywords":["C\u00e1rcel","grupo delincuencial","Homicidio","Microtr\u00e1fico"],"articleSection":["Noticias","Seccional C\u00facuta","Seccionales","Seguridad territorial"],"inLanguage":"es-CO"},{"@type":"WebPage","@id":"https:\/\/www.fiscalia.gov.co\/colombia\/noticias\/desarticulado-grupo-delincuencial-los-del-burro-dedicados-a-la-comision-de-homicidios-en-la-cucuta-norte-de-santander\/","url":"https:\/\/www.fiscalia.gov.co\/colombia\/noticias\/desarticulado-grupo-delincuencial-los-del-burro-dedicados-a-la-comision-de-homicidios-en-la-cucuta-norte-de-santander\/","name":"Fiscal\u00eda General de la Naci\u00f3n","isPartOf":{"@id":"https:\/\/www.fiscalia.gov.co\/colombia\/#website"},"datePublished":"2021-07-09T16:43:57+00:00","dateModified":"2021-07-09T16:44:42+00:00","description":"P\u00e1gina oficial de la Fiscal\u00eda General de la Naci\u00f3n \u2013 Colombia. Garantizamos el acceso efectivo a la justicia, la verdad y la reparaci\u00f3n de las v\u00edctimas de los delitos.","breadcrumb":{"@id":"https:\/\/www.fiscalia.gov.co\/colombia\/noticias\/desarticulado-grupo-delincuencial-los-del-burro-dedicados-a-la-comision-de-homicidios-en-la-cucuta-norte-de-santander\/#breadcrumb"},"inLanguage":"es-CO","potentialAction":[{"@type":"ReadAction","target":["https:\/\/www.fiscalia.gov.co\/colombia\/noticias\/desarticulado-grupo-delincuencial-los-del-burro-dedicados-a-la-comision-de-homicidios-en-la-cucuta-norte-de-santander\/"]}]},{"@type":"BreadcrumbList","@id":"https:\/\/www.fiscalia.gov.co\/colombia\/noticias\/desarticulado-grupo-delincuencial-los-del-burro-dedicados-a-la-comision-de-homicidios-en-la-cucuta-norte-de-santander\/#breadcrumb","itemListElement":[{"@type":"ListItem","position":1,"name":"Home","item":"https:\/\/www.fiscalia.gov.co\/colombia\/"},{"@type":"ListItem","position":2,"name":"Desarticulado grupo delincuencial Los del Burro, dedicados a la comisi\u00f3n de homicidios en la C\u00facuta (Norte de Santander)"}]},{"@type":"WebSite","@id":"https:\/\/www.fiscalia.gov.co\/colombia\/#website","url":"https:\/\/www.fiscalia.gov.co\/colombia\/","name":"Fiscal\u00eda General de la Naci\u00f3n","description":"P\u00e1gina oficial de la Fiscal\u00eda General de la Naci\u00f3n \u2013 Colombia. Garantizamos el acceso efectivo a la justicia, la verdad y la reparaci\u00f3n de las v\u00edctimas de los delitos.","publisher":{"@id":"https:\/\/www.fiscalia.gov.co\/colombia\/#organization"},"potentialAction":[{"@type":"SearchAction","target":{"@type":"EntryPoint","urlTemplate":"https:\/\/www.fiscalia.gov.co\/colombia\/?s={search_term_string}"},"query-input":{"@type":"PropertyValueSpecification","valueRequired":true,"valueName":"search_term_string"}}],"inLanguage":"es-CO"},{"@type":"Organization","@id":"https:\/\/www.fiscalia.gov.co\/colombia\/#organization","name":"Fiscal\u00eda General de la Naci\u00f3n","url":"https:\/\/www.fiscalia.gov.co\/colombia\/","logo":{"@type":"ImageObject","inLanguage":"es-CO","@id":"https:\/\/www.fiscalia.gov.co\/colombia\/#\/schema\/logo\/image\/","url":"https:\/\/www.fiscalia.gov.co\/colombia\/wp-content\/uploads\/LogoHorizontal_1.jpg","contentUrl":"https:\/\/www.fiscalia.gov.co\/colombia\/wp-content\/uploads\/LogoHorizontal_1.jpg","width":300,"height":90,"caption":"Fiscal\u00eda General de la Naci\u00f3n"},"image":{"@id":"https:\/\/www.fiscalia.gov.co\/colombia\/#\/schema\/logo\/image\/"},"sameAs":["https:\/\/www.facebook.com\/FiscaliaCol","https:\/\/x.com\/FiscaliaCol","https:\/\/www.instagram.com\/fiscaliacol","https:\/\/www.linkedin.com\/company\/fiscalia-general-de-la-naci-n\/","https:\/\/youtube.com\/@fiscaliageneraldelanacion-4668?si=6nN79nyQICPU5iTh"]},{"@type":"Person","@id":"https:\/\/www.fiscalia.gov.co\/colombia\/#\/schema\/person\/06aa2210fe4d79203f428ff671dee360","name":"Ana Mar\u00eda Gomez","image":{"@type":"ImageObject","inLanguage":"es-CO","@id":"https:\/\/www.fiscalia.gov.co\/colombia\/#\/schema\/person\/image\/","url":"https:\/\/secure.gravatar.com\/avatar\/a38115d98a7f8a96cbb96af2b2c37a0b?s=96&d=mm&r=g","contentUrl":"https:\/\/secure.gravatar.com\/avatar\/a38115d98a7f8a96cbb96af2b2c37a0b?s=96&d=mm&r=g","caption":"Ana Mar\u00eda Gomez"},"url":"https:\/\/www.fiscalia.gov.co\/colombia\/author\/agomez\/"}]}},"_links":{"self":[{"href":"https:\/\/www.fiscalia.gov.co\/colombia\/wp-json\/wp\/v2\/posts\/224219","targetHints":{"allow":["GET"]}}],"collection":[{"href":"https:\/\/www.fiscalia.gov.co\/colombia\/wp-json\/wp\/v2\/posts"}],"about":[{"href":"https:\/\/www.fiscalia.gov.co\/colombia\/wp-json\/wp\/v2\/types\/post"}],"author":[{"embeddable":true,"href":"https:\/\/www.fiscalia.gov.co\/colombia\/wp-json\/wp\/v2\/users\/171"}],"replies":[{"embeddable":true,"href":"https:\/\/www.fiscalia.gov.co\/colombia\/wp-json\/wp\/v2\/comments?post=224219"}],"version-history":[{"count":2,"href":"https:\/\/www.fiscalia.gov.co\/colombia\/wp-json\/wp\/v2\/posts\/224219\/revisions"}],"predecessor-version":[{"id":224222,"href":"https:\/\/www.fiscalia.gov.co\/colombia\/wp-json\/wp\/v2\/posts\/224219\/revisions\/224222"}],"wp:attachment":[{"href":"https:\/\/www.fiscalia.gov.co\/colombia\/wp-json\/wp\/v2\/media?parent=224219"}],"wp:term":[{"taxonomy":"category","embeddable":true,"href":"https:\/\/www.fiscalia.gov.co\/colombia\/wp-json\/wp\/v2\/categories?post=224219"},{"taxonomy":"post_tag","embeddable":true,"href":"https:\/\/www.fiscalia.gov.co\/colombia\/wp-json\/wp\/v2\/tags?post=224219"}],"curies":[{"name":"wp","href":"https:\/\/api.w.org\/{rel}","templated":true}]}}