{"id":224133,"date":"2021-07-08T10:52:42","date_gmt":"2021-07-08T15:52:42","guid":{"rendered":"https:\/\/www.fiscalia.gov.co\/colombia\/?p=224133"},"modified":"2021-07-19T13:23:37","modified_gmt":"2021-07-19T18:23:37","slug":"a-la-carcel-cuatro-presuntos-integrantes-del-grupo-delincuencial-quiron-en-el-sur-de-bogota","status":"publish","type":"post","link":"https:\/\/www.fiscalia.gov.co\/colombia\/noticias\/a-la-carcel-cuatro-presuntos-integrantes-del-grupo-delincuencial-quiron-en-el-sur-de-bogota\/","title":{"rendered":"A la c\u00e1rcel cuatro presuntos integrantes del grupo delincuencial Quir\u00f3n en el sur de Bogot\u00e1"},"content":{"rendered":"<blockquote>\n<h4 class=\"x_x_xmsonormal\" style=\"text-align: left;\"><strong><i><span lang=\"ES\">Esta estructura desplazaba habitantes de terrenos en la invasi\u00f3n Compostela en Usme, para vender los lotes a otras personas.\u00a0<\/span><\/i><\/strong><\/h4>\n<\/blockquote>\n<p class=\"x_x_xmsonormal\"><span lang=\"ES\">Un fiscal de la Estructura de Apoyo de Bogot\u00e1, en un trabajo articulado con la Sij\u00edn de la Polic\u00eda Nacional, logr\u00f3 la captura judicializaci\u00f3n de cuatro hombres, como presuntos responsables de los delitos de\u00a0<b>homicidio agravado<\/b>, concierto para delinquir agravado con fines de desplazamiento,\u00a0<b>desplazamiento forzado<\/b>, porte ilegal de armas de fuego, uso de menores en la comisi\u00f3n de delitos y enriquecimiento il\u00edcito.\u00a0<\/span><\/p>\n<figure id=\"attachment_224135\" aria-describedby=\"caption-attachment-224135\" style=\"width: 696px\" class=\"wp-caption aligncenter\"><img loading=\"lazy\" decoding=\"async\" class=\"size-large wp-image-224135\" src=\"https:\/\/www.fiscalia.gov.co\/colombia\/wp-content\/uploads\/Quir\u00f3n-desplazamiento-Usme-1024x578.jpeg\" alt=\"\" width=\"696\" height=\"393\" srcset=\"https:\/\/www.fiscalia.gov.co\/colombia\/wp-content\/uploads\/Quir\u00f3n-desplazamiento-Usme-1024x578.jpeg 1024w, https:\/\/www.fiscalia.gov.co\/colombia\/wp-content\/uploads\/Quir\u00f3n-desplazamiento-Usme-300x169.jpeg 300w, https:\/\/www.fiscalia.gov.co\/colombia\/wp-content\/uploads\/Quir\u00f3n-desplazamiento-Usme-768x434.jpeg 768w, https:\/\/www.fiscalia.gov.co\/colombia\/wp-content\/uploads\/Quir\u00f3n-desplazamiento-Usme-696x393.jpeg 696w, https:\/\/www.fiscalia.gov.co\/colombia\/wp-content\/uploads\/Quir\u00f3n-desplazamiento-Usme-1068x603.jpeg 1068w, https:\/\/www.fiscalia.gov.co\/colombia\/wp-content\/uploads\/Quir\u00f3n-desplazamiento-Usme-744x420.jpeg 744w, https:\/\/www.fiscalia.gov.co\/colombia\/wp-content\/uploads\/Quir\u00f3n-desplazamiento-Usme.jpeg 1280w\" sizes=\"auto, (max-width: 696px) 100vw, 696px\" \/><figcaption id=\"caption-attachment-224135\" class=\"wp-caption-text\">Presuntos integrantes del grupo delincuencial Quir\u00f3n, quienes estar\u00edan dedicados a desplazar a habitantes de terrenos en la invasi\u00f3n Compostela en la localidad de Usme.<\/figcaption><\/figure>\n<p class=\"x_x_xmsonormal\"><span lang=\"ES\">Al parecer los detenidos hac\u00edan parte del grupo delincuencial denominado Quir\u00f3n, el cual se apoderaba de lotes luego de intimidar con armas de fuego y cortopunzantes a los habitantes de inmuebles en la\u00a0<b>invasi\u00f3n Compostela<\/b>, de la localidad de\u00a0<b>Usme,<\/b>\u00a0con el fin de desplazarlos y luego vender las propiedades a otras personas.\u00a0<\/span><\/p>\n<p class=\"x_x_xmsonormal\"><span lang=\"ES\">Los investigados, adem\u00e1s, estar\u00edan implicados en un\u00a0<b>doble de homicidio agravado<\/b>, supuestamente perpetrado por retaliaciones.\u00a0<\/span><\/p>\n<p class=\"x_x_xmsonormal\"><span lang=\"ES\">En desarrollo de cuatro diligencias de allanamiento y registro se hicieron efectivas las capturas en contra de Luis Carlos Becerra Ram\u00edrez, Luis Edwin Dediego Becerra, Jhojan Mena L\u00f3pez y Jhon Erlin Mart\u00ednez Gonz\u00e1lez, quienes\u00a0<b>no aceptaron su responsabilidad<\/b>\u00a0en las conductas endilgadas.\u00a0<\/span><\/p>\n<p class=\"x_x_xmsonormal\"><span lang=\"ES\">Un juez con funci\u00f3n de control de garant\u00edas impuso\u00a0<b>medida de aseguramiento<\/b>\u00a0en establecimiento carcelario.\u00a0\u00a0<\/span><\/p>\n<p class=\"x_x_xmsonormal\"><span lang=\"ES\">Tambi\u00e9n se logr\u00f3 la aprehensi\u00f3n de un menor de edad a quien un fiscal de la Unidad de Responsabilidad Penal para Adolescentes le imput\u00f3 los delitos de concierto para delinquir agravado, homicidio agravado, porte ilegal de armas de fuego y desplazamiento forzado. El presunto infracto no acept\u00f3 los cargos y fue cobijado con\u00a0<b>medida de internamiento preventivo.\u00a0\u00a0<\/b><\/span><\/p>\n<p class=\"x_x_xmsonormal\"><span lang=\"ES\">La Fiscal\u00eda General de la Naci\u00f3n habla con resultados.\u00a0\u00a0<\/span><\/p>\n<p class=\"x_x_xmsonormal\"><span lang=\"ES\">LMFO\/DGA\/DLBM\u00a0\u00a0<\/span><\/p>\n<p class=\"x_x_xmsonormal\"><b><span lang=\"ES\">Noticias Relacionadas:\u00a0<\/span><\/b><span lang=\"ES\">\u00a0<\/span><\/p>\n<p class=\"x_x_xmsonormal\"><a href=\"https:\/\/www.fiscalia.gov.co\/colombia\/seccionales\/a-la-carcel-cinco-hombres-que-presuntamente-hurtaban-bicitaxis-y-exigian-dinero-para-devolverlos\/\" target=\"_blank\" rel=\"noopener noreferrer\"><span lang=\"ES\">A la c\u00e1rcel cinco hombres que, presuntamente, hurtaban bicitaxis y exig\u00edan dinero para devolverlos<\/span><\/a><span lang=\"ES\">\u00a0\u00a0<\/span><\/p>\n<p class=\"x_x_xmsonormal\"><a href=\"https:\/\/www.fiscalia.gov.co\/colombia\/seccionales\/a-la-carcel-cinco-personas-que-al-parecer-se-dedicaban-al-desplazamiento-forzado-en-ciudad-bolivar-en-bogota\/\" target=\"_blank\" rel=\"noopener noreferrer\"><span lang=\"ES\">A la c\u00e1rcel cinco personas que al parecer se dedicaban al desplazamiento forzado en Ciudad Bol\u00edvar, en Bogot\u00e1<\/span><\/a><span lang=\"ES\">\u00a0\u00a0<\/span><\/p>\n<p class=\"x_x_xmsonormal\"><i><span lang=\"ES\">La informaci\u00f3n contenida en este bolet\u00edn de prensa corresponde a la narraci\u00f3n de los hechos noticiosos objetivos, suministrados por los funcionarios encargados de adelantar las\u00a0investigaciones penales al interior de la Fiscal\u00eda General de la Naci\u00f3n. Para el momento de la divulgaci\u00f3n de este comunicado, la situaci\u00f3n jur\u00eddica de la(s) persona(s) relacionada(s) se encuentra pendiente de resolver por la autoridad judicial competente, siempre bajo los preceptos de la presunci\u00f3n de inocencia, consagrados en el art\u00edculo 29 de la Constituci\u00f3n Pol\u00edtica y el art\u00edculo 7\u00ba de la Ley 906 de 2004.<\/span>\u00a0<\/i><\/p>\n<p class=\"x_x_xmsonormal\"><span lang=\"ES\">\u00a0<\/span><\/p>\n\n<div class=\"twitter-share\"><a href=\"https:\/\/twitter.com\/intent\/tweet?via=fiscaliacol\" class=\"twitter-share-button\">Tweet<\/a><\/div>\n","protected":false},"excerpt":{"rendered":"<p>Esta estructura desplazaba habitantes de terrenos en la invasi\u00f3n Compostela en Usme, para vender los lotes a otras personas.\u00a0 Un fiscal de la Estructura de Apoyo de Bogot\u00e1, en un [&hellip;]<\/p>\n","protected":false},"author":171,"featured_media":0,"comment_status":"closed","ping_status":"open","sticky":false,"template":"","format":"video","meta":{"tdm_status":"","tdm_grid_status":"","footnotes":""},"categories":[1,321,303,24099],"tags":[27833,98,686,27832,26963,4765,27834],"class_list":["post-224133","post","type-post","status-publish","format-video","category-noticias","category-seccional-bogota","category-seccionales","category-seguridad-territorial","tag-concierto-para-delinquir-agravado-con-fines-de-desplazamiento","tag-desplazamiento-forzado","tag-homicidio-agravado","tag-invasion-compostela","tag-localidad-de-usme","tag-porte-ilegal-de-armas-de-fuego","tag-uso-de-menores-en-la-comision-de-delitos-y-enriquecimiento-ilicito","post_format-post-format-video"],"yoast_head":"<!-- This site is optimized with the Yoast SEO plugin v24.3 - https:\/\/yoast.com\/wordpress\/plugins\/seo\/ -->\n<title>Fiscal\u00eda General de la Naci\u00f3n<\/title>\n<meta name=\"description\" content=\"P\u00e1gina oficial de la Fiscal\u00eda General de la Naci\u00f3n \u2013 Colombia. Garantizamos el acceso efectivo a la justicia, la verdad y la reparaci\u00f3n de las v\u00edctimas de los delitos.\" \/>\n<meta name=\"robots\" content=\"noindex, follow\" \/>\n<meta property=\"og:locale\" content=\"es_ES\" \/>\n<meta property=\"og:type\" content=\"article\" \/>\n<meta property=\"og:title\" content=\"Fiscal\u00eda General de la Naci\u00f3n\" \/>\n<meta property=\"og:description\" content=\"P\u00e1gina oficial de la Fiscal\u00eda General de la Naci\u00f3n \u2013 Colombia. Garantizamos el acceso efectivo a la justicia, la verdad y la reparaci\u00f3n de las v\u00edctimas de los delitos.\" \/>\n<meta property=\"og:url\" content=\"https:\/\/www.fiscalia.gov.co\/colombia\/noticias\/a-la-carcel-cuatro-presuntos-integrantes-del-grupo-delincuencial-quiron-en-el-sur-de-bogota\/\" \/>\n<meta property=\"og:site_name\" content=\"Fiscal\u00eda General de la Naci\u00f3n\" \/>\n<meta property=\"article:publisher\" content=\"https:\/\/www.facebook.com\/FiscaliaCol\" \/>\n<meta property=\"article:published_time\" content=\"2021-07-08T15:52:42+00:00\" \/>\n<meta property=\"article:modified_time\" content=\"2021-07-19T18:23:37+00:00\" \/>\n<meta name=\"author\" content=\"Ana Mar\u00eda Gomez\" \/>\n<meta name=\"twitter:card\" content=\"summary_large_image\" \/>\n<meta name=\"twitter:creator\" content=\"@FiscaliaCol\" \/>\n<meta name=\"twitter:site\" content=\"@FiscaliaCol\" \/>\n<meta name=\"twitter:label1\" content=\"Escrito por\" \/>\n\t<meta name=\"twitter:data1\" content=\"Ana Mar\u00eda Gomez\" \/>\n\t<meta name=\"twitter:label2\" content=\"Tiempo de lectura\" \/>\n\t<meta name=\"twitter:data2\" content=\"2 minutos\" \/>\n<script type=\"application\/ld+json\" class=\"yoast-schema-graph\">{\"@context\":\"https:\/\/schema.org\",\"@graph\":[{\"@type\":\"Article\",\"@id\":\"https:\/\/www.fiscalia.gov.co\/colombia\/noticias\/a-la-carcel-cuatro-presuntos-integrantes-del-grupo-delincuencial-quiron-en-el-sur-de-bogota\/#article\",\"isPartOf\":{\"@id\":\"https:\/\/www.fiscalia.gov.co\/colombia\/noticias\/a-la-carcel-cuatro-presuntos-integrantes-del-grupo-delincuencial-quiron-en-el-sur-de-bogota\/\"},\"author\":{\"name\":\"Ana Mar\u00eda Gomez\",\"@id\":\"https:\/\/www.fiscalia.gov.co\/colombia\/#\/schema\/person\/06aa2210fe4d79203f428ff671dee360\"},\"headline\":\"A la c\u00e1rcel cuatro presuntos integrantes del grupo delincuencial Quir\u00f3n en el sur de Bogot\u00e1\",\"datePublished\":\"2021-07-08T15:52:42+00:00\",\"dateModified\":\"2021-07-19T18:23:37+00:00\",\"mainEntityOfPage\":{\"@id\":\"https:\/\/www.fiscalia.gov.co\/colombia\/noticias\/a-la-carcel-cuatro-presuntos-integrantes-del-grupo-delincuencial-quiron-en-el-sur-de-bogota\/\"},\"wordCount\":488,\"publisher\":{\"@id\":\"https:\/\/www.fiscalia.gov.co\/colombia\/#organization\"},\"keywords\":[\"concierto para delinquir agravado con fines de desplazamiento\",\"Desplazamiento forzado\",\"Homicidio agravado\",\"Invasi\u00f3n Compostela\",\"localidad de Usme\",\"Porte ilegal de armas de fuego\",\"uso de menores en la comisi\u00f3n de delitos y enriquecimiento il\u00edcito.\"],\"articleSection\":[\"Noticias\",\"Seccional Bogot\u00e1\",\"Seccionales\",\"Seguridad territorial\"],\"inLanguage\":\"es-CO\"},{\"@type\":\"WebPage\",\"@id\":\"https:\/\/www.fiscalia.gov.co\/colombia\/noticias\/a-la-carcel-cuatro-presuntos-integrantes-del-grupo-delincuencial-quiron-en-el-sur-de-bogota\/\",\"url\":\"https:\/\/www.fiscalia.gov.co\/colombia\/noticias\/a-la-carcel-cuatro-presuntos-integrantes-del-grupo-delincuencial-quiron-en-el-sur-de-bogota\/\",\"name\":\"Fiscal\u00eda General de la Naci\u00f3n\",\"isPartOf\":{\"@id\":\"https:\/\/www.fiscalia.gov.co\/colombia\/#website\"},\"datePublished\":\"2021-07-08T15:52:42+00:00\",\"dateModified\":\"2021-07-19T18:23:37+00:00\",\"description\":\"P\u00e1gina oficial de la Fiscal\u00eda General de la Naci\u00f3n \u2013 Colombia. Garantizamos el acceso efectivo a la justicia, la verdad y la reparaci\u00f3n de las v\u00edctimas de los delitos.\",\"breadcrumb\":{\"@id\":\"https:\/\/www.fiscalia.gov.co\/colombia\/noticias\/a-la-carcel-cuatro-presuntos-integrantes-del-grupo-delincuencial-quiron-en-el-sur-de-bogota\/#breadcrumb\"},\"inLanguage\":\"es-CO\",\"potentialAction\":[{\"@type\":\"ReadAction\",\"target\":[\"https:\/\/www.fiscalia.gov.co\/colombia\/noticias\/a-la-carcel-cuatro-presuntos-integrantes-del-grupo-delincuencial-quiron-en-el-sur-de-bogota\/\"]}]},{\"@type\":\"BreadcrumbList\",\"@id\":\"https:\/\/www.fiscalia.gov.co\/colombia\/noticias\/a-la-carcel-cuatro-presuntos-integrantes-del-grupo-delincuencial-quiron-en-el-sur-de-bogota\/#breadcrumb\",\"itemListElement\":[{\"@type\":\"ListItem\",\"position\":1,\"name\":\"Home\",\"item\":\"https:\/\/www.fiscalia.gov.co\/colombia\/\"},{\"@type\":\"ListItem\",\"position\":2,\"name\":\"A la c\u00e1rcel cuatro presuntos integrantes del grupo delincuencial Quir\u00f3n en el sur de Bogot\u00e1\"}]},{\"@type\":\"WebSite\",\"@id\":\"https:\/\/www.fiscalia.gov.co\/colombia\/#website\",\"url\":\"https:\/\/www.fiscalia.gov.co\/colombia\/\",\"name\":\"Fiscal\u00eda General de la Naci\u00f3n\",\"description\":\"P\u00e1gina oficial de la Fiscal\u00eda General de la Naci\u00f3n \u2013 Colombia. Garantizamos el acceso efectivo a la justicia, la verdad y la reparaci\u00f3n de las v\u00edctimas de los delitos.\",\"publisher\":{\"@id\":\"https:\/\/www.fiscalia.gov.co\/colombia\/#organization\"},\"potentialAction\":[{\"@type\":\"SearchAction\",\"target\":{\"@type\":\"EntryPoint\",\"urlTemplate\":\"https:\/\/www.fiscalia.gov.co\/colombia\/?s={search_term_string}\"},\"query-input\":{\"@type\":\"PropertyValueSpecification\",\"valueRequired\":true,\"valueName\":\"search_term_string\"}}],\"inLanguage\":\"es-CO\"},{\"@type\":\"Organization\",\"@id\":\"https:\/\/www.fiscalia.gov.co\/colombia\/#organization\",\"name\":\"Fiscal\u00eda General de la Naci\u00f3n\",\"url\":\"https:\/\/www.fiscalia.gov.co\/colombia\/\",\"logo\":{\"@type\":\"ImageObject\",\"inLanguage\":\"es-CO\",\"@id\":\"https:\/\/www.fiscalia.gov.co\/colombia\/#\/schema\/logo\/image\/\",\"url\":\"https:\/\/www.fiscalia.gov.co\/colombia\/wp-content\/uploads\/LogoHorizontal_1.jpg\",\"contentUrl\":\"https:\/\/www.fiscalia.gov.co\/colombia\/wp-content\/uploads\/LogoHorizontal_1.jpg\",\"width\":300,\"height\":90,\"caption\":\"Fiscal\u00eda General de la Naci\u00f3n\"},\"image\":{\"@id\":\"https:\/\/www.fiscalia.gov.co\/colombia\/#\/schema\/logo\/image\/\"},\"sameAs\":[\"https:\/\/www.facebook.com\/FiscaliaCol\",\"https:\/\/x.com\/FiscaliaCol\",\"https:\/\/www.instagram.com\/fiscaliacol\",\"https:\/\/www.linkedin.com\/company\/fiscalia-general-de-la-naci-n\/\",\"https:\/\/youtube.com\/@fiscaliageneraldelanacion-4668?si=6nN79nyQICPU5iTh\"]},{\"@type\":\"Person\",\"@id\":\"https:\/\/www.fiscalia.gov.co\/colombia\/#\/schema\/person\/06aa2210fe4d79203f428ff671dee360\",\"name\":\"Ana Mar\u00eda Gomez\",\"image\":{\"@type\":\"ImageObject\",\"inLanguage\":\"es-CO\",\"@id\":\"https:\/\/www.fiscalia.gov.co\/colombia\/#\/schema\/person\/image\/\",\"url\":\"https:\/\/secure.gravatar.com\/avatar\/a38115d98a7f8a96cbb96af2b2c37a0b?s=96&d=mm&r=g\",\"contentUrl\":\"https:\/\/secure.gravatar.com\/avatar\/a38115d98a7f8a96cbb96af2b2c37a0b?s=96&d=mm&r=g\",\"caption\":\"Ana Mar\u00eda Gomez\"},\"url\":\"https:\/\/www.fiscalia.gov.co\/colombia\/author\/agomez\/\"}]}<\/script>\n<!-- \/ Yoast SEO plugin. -->","yoast_head_json":{"title":"Fiscal\u00eda General de la Naci\u00f3n","description":"P\u00e1gina oficial de la Fiscal\u00eda General de la Naci\u00f3n \u2013 Colombia. Garantizamos el acceso efectivo a la justicia, la verdad y la reparaci\u00f3n de las v\u00edctimas de los delitos.","robots":{"index":"noindex","follow":"follow"},"og_locale":"es_ES","og_type":"article","og_title":"Fiscal\u00eda General de la Naci\u00f3n","og_description":"P\u00e1gina oficial de la Fiscal\u00eda General de la Naci\u00f3n \u2013 Colombia. Garantizamos el acceso efectivo a la justicia, la verdad y la reparaci\u00f3n de las v\u00edctimas de los delitos.","og_url":"https:\/\/www.fiscalia.gov.co\/colombia\/noticias\/a-la-carcel-cuatro-presuntos-integrantes-del-grupo-delincuencial-quiron-en-el-sur-de-bogota\/","og_site_name":"Fiscal\u00eda General de la Naci\u00f3n","article_publisher":"https:\/\/www.facebook.com\/FiscaliaCol","article_published_time":"2021-07-08T15:52:42+00:00","article_modified_time":"2021-07-19T18:23:37+00:00","author":"Ana Mar\u00eda Gomez","twitter_card":"summary_large_image","twitter_creator":"@FiscaliaCol","twitter_site":"@FiscaliaCol","twitter_misc":{"Escrito por":"Ana Mar\u00eda Gomez","Tiempo de lectura":"2 minutos"},"schema":{"@context":"https:\/\/schema.org","@graph":[{"@type":"Article","@id":"https:\/\/www.fiscalia.gov.co\/colombia\/noticias\/a-la-carcel-cuatro-presuntos-integrantes-del-grupo-delincuencial-quiron-en-el-sur-de-bogota\/#article","isPartOf":{"@id":"https:\/\/www.fiscalia.gov.co\/colombia\/noticias\/a-la-carcel-cuatro-presuntos-integrantes-del-grupo-delincuencial-quiron-en-el-sur-de-bogota\/"},"author":{"name":"Ana Mar\u00eda Gomez","@id":"https:\/\/www.fiscalia.gov.co\/colombia\/#\/schema\/person\/06aa2210fe4d79203f428ff671dee360"},"headline":"A la c\u00e1rcel cuatro presuntos integrantes del grupo delincuencial Quir\u00f3n en el sur de Bogot\u00e1","datePublished":"2021-07-08T15:52:42+00:00","dateModified":"2021-07-19T18:23:37+00:00","mainEntityOfPage":{"@id":"https:\/\/www.fiscalia.gov.co\/colombia\/noticias\/a-la-carcel-cuatro-presuntos-integrantes-del-grupo-delincuencial-quiron-en-el-sur-de-bogota\/"},"wordCount":488,"publisher":{"@id":"https:\/\/www.fiscalia.gov.co\/colombia\/#organization"},"keywords":["concierto para delinquir agravado con fines de desplazamiento","Desplazamiento forzado","Homicidio agravado","Invasi\u00f3n Compostela","localidad de Usme","Porte ilegal de armas de fuego","uso de menores en la comisi\u00f3n de delitos y enriquecimiento il\u00edcito."],"articleSection":["Noticias","Seccional Bogot\u00e1","Seccionales","Seguridad territorial"],"inLanguage":"es-CO"},{"@type":"WebPage","@id":"https:\/\/www.fiscalia.gov.co\/colombia\/noticias\/a-la-carcel-cuatro-presuntos-integrantes-del-grupo-delincuencial-quiron-en-el-sur-de-bogota\/","url":"https:\/\/www.fiscalia.gov.co\/colombia\/noticias\/a-la-carcel-cuatro-presuntos-integrantes-del-grupo-delincuencial-quiron-en-el-sur-de-bogota\/","name":"Fiscal\u00eda General de la Naci\u00f3n","isPartOf":{"@id":"https:\/\/www.fiscalia.gov.co\/colombia\/#website"},"datePublished":"2021-07-08T15:52:42+00:00","dateModified":"2021-07-19T18:23:37+00:00","description":"P\u00e1gina oficial de la Fiscal\u00eda General de la Naci\u00f3n \u2013 Colombia. Garantizamos el acceso efectivo a la justicia, la verdad y la reparaci\u00f3n de las v\u00edctimas de los delitos.","breadcrumb":{"@id":"https:\/\/www.fiscalia.gov.co\/colombia\/noticias\/a-la-carcel-cuatro-presuntos-integrantes-del-grupo-delincuencial-quiron-en-el-sur-de-bogota\/#breadcrumb"},"inLanguage":"es-CO","potentialAction":[{"@type":"ReadAction","target":["https:\/\/www.fiscalia.gov.co\/colombia\/noticias\/a-la-carcel-cuatro-presuntos-integrantes-del-grupo-delincuencial-quiron-en-el-sur-de-bogota\/"]}]},{"@type":"BreadcrumbList","@id":"https:\/\/www.fiscalia.gov.co\/colombia\/noticias\/a-la-carcel-cuatro-presuntos-integrantes-del-grupo-delincuencial-quiron-en-el-sur-de-bogota\/#breadcrumb","itemListElement":[{"@type":"ListItem","position":1,"name":"Home","item":"https:\/\/www.fiscalia.gov.co\/colombia\/"},{"@type":"ListItem","position":2,"name":"A la c\u00e1rcel cuatro presuntos integrantes del grupo delincuencial Quir\u00f3n en el sur de Bogot\u00e1"}]},{"@type":"WebSite","@id":"https:\/\/www.fiscalia.gov.co\/colombia\/#website","url":"https:\/\/www.fiscalia.gov.co\/colombia\/","name":"Fiscal\u00eda General de la Naci\u00f3n","description":"P\u00e1gina oficial de la Fiscal\u00eda General de la Naci\u00f3n \u2013 Colombia. Garantizamos el acceso efectivo a la justicia, la verdad y la reparaci\u00f3n de las v\u00edctimas de los delitos.","publisher":{"@id":"https:\/\/www.fiscalia.gov.co\/colombia\/#organization"},"potentialAction":[{"@type":"SearchAction","target":{"@type":"EntryPoint","urlTemplate":"https:\/\/www.fiscalia.gov.co\/colombia\/?s={search_term_string}"},"query-input":{"@type":"PropertyValueSpecification","valueRequired":true,"valueName":"search_term_string"}}],"inLanguage":"es-CO"},{"@type":"Organization","@id":"https:\/\/www.fiscalia.gov.co\/colombia\/#organization","name":"Fiscal\u00eda General de la Naci\u00f3n","url":"https:\/\/www.fiscalia.gov.co\/colombia\/","logo":{"@type":"ImageObject","inLanguage":"es-CO","@id":"https:\/\/www.fiscalia.gov.co\/colombia\/#\/schema\/logo\/image\/","url":"https:\/\/www.fiscalia.gov.co\/colombia\/wp-content\/uploads\/LogoHorizontal_1.jpg","contentUrl":"https:\/\/www.fiscalia.gov.co\/colombia\/wp-content\/uploads\/LogoHorizontal_1.jpg","width":300,"height":90,"caption":"Fiscal\u00eda General de la Naci\u00f3n"},"image":{"@id":"https:\/\/www.fiscalia.gov.co\/colombia\/#\/schema\/logo\/image\/"},"sameAs":["https:\/\/www.facebook.com\/FiscaliaCol","https:\/\/x.com\/FiscaliaCol","https:\/\/www.instagram.com\/fiscaliacol","https:\/\/www.linkedin.com\/company\/fiscalia-general-de-la-naci-n\/","https:\/\/youtube.com\/@fiscaliageneraldelanacion-4668?si=6nN79nyQICPU5iTh"]},{"@type":"Person","@id":"https:\/\/www.fiscalia.gov.co\/colombia\/#\/schema\/person\/06aa2210fe4d79203f428ff671dee360","name":"Ana Mar\u00eda Gomez","image":{"@type":"ImageObject","inLanguage":"es-CO","@id":"https:\/\/www.fiscalia.gov.co\/colombia\/#\/schema\/person\/image\/","url":"https:\/\/secure.gravatar.com\/avatar\/a38115d98a7f8a96cbb96af2b2c37a0b?s=96&d=mm&r=g","contentUrl":"https:\/\/secure.gravatar.com\/avatar\/a38115d98a7f8a96cbb96af2b2c37a0b?s=96&d=mm&r=g","caption":"Ana Mar\u00eda Gomez"},"url":"https:\/\/www.fiscalia.gov.co\/colombia\/author\/agomez\/"}]}},"_links":{"self":[{"href":"https:\/\/www.fiscalia.gov.co\/colombia\/wp-json\/wp\/v2\/posts\/224133","targetHints":{"allow":["GET"]}}],"collection":[{"href":"https:\/\/www.fiscalia.gov.co\/colombia\/wp-json\/wp\/v2\/posts"}],"about":[{"href":"https:\/\/www.fiscalia.gov.co\/colombia\/wp-json\/wp\/v2\/types\/post"}],"author":[{"embeddable":true,"href":"https:\/\/www.fiscalia.gov.co\/colombia\/wp-json\/wp\/v2\/users\/171"}],"replies":[{"embeddable":true,"href":"https:\/\/www.fiscalia.gov.co\/colombia\/wp-json\/wp\/v2\/comments?post=224133"}],"version-history":[{"count":2,"href":"https:\/\/www.fiscalia.gov.co\/colombia\/wp-json\/wp\/v2\/posts\/224133\/revisions"}],"predecessor-version":[{"id":224136,"href":"https:\/\/www.fiscalia.gov.co\/colombia\/wp-json\/wp\/v2\/posts\/224133\/revisions\/224136"}],"wp:attachment":[{"href":"https:\/\/www.fiscalia.gov.co\/colombia\/wp-json\/wp\/v2\/media?parent=224133"}],"wp:term":[{"taxonomy":"category","embeddable":true,"href":"https:\/\/www.fiscalia.gov.co\/colombia\/wp-json\/wp\/v2\/categories?post=224133"},{"taxonomy":"post_tag","embeddable":true,"href":"https:\/\/www.fiscalia.gov.co\/colombia\/wp-json\/wp\/v2\/tags?post=224133"}],"curies":[{"name":"wp","href":"https:\/\/api.w.org\/{rel}","templated":true}]}}