{"id":223814,"date":"2020-02-13T14:47:22","date_gmt":"2020-02-13T19:47:22","guid":{"rendered":"https:\/\/www.fiscalia.gov.co\/colombia\/?p=223814"},"modified":"2021-07-05T08:42:50","modified_gmt":"2021-07-05T13:42:50","slug":"palabras-del-fiscal-general-de-la-nacion-francisco-barbosa-delgado-durante-ceremonia-de-posesion","status":"publish","type":"post","link":"https:\/\/www.fiscalia.gov.co\/colombia\/noticias\/palabras-del-fiscal-general-de-la-nacion-francisco-barbosa-delgado-durante-ceremonia-de-posesion\/","title":{"rendered":"Palabras del Fiscal General de la Naci\u00f3n, Francisco Barbosa Delgado, durante ceremonia de posesi\u00f3n"},"content":{"rendered":"<p>Se\u00f1or presidente de la Rep\u00fablica, doctor Iv\u00e1n Duque M\u00e1rquez, se\u00f1or expresidente de la Rep\u00fablica, doctor C\u00e9sar Gaviria Trujillo, se\u00f1ores embajadores jefes de misiones diplom\u00e1ticas acreditadas en Colombia; presidente de la Corte Constitucional, doctor Alberto Rojas, presidente del Consejo de Estado doctor \u00c1lvaro Nam\u00e9n Vargas, presidente de la C\u00e1mara de Representante, Carlos Alberto Chaux, presidenta de la Jurisdicci\u00f3n Especial para la Paz, Patricia Linares, estimado presidente de la Corte Suprema de Justicia, doctor Jos\u00e9 Francisco Acu\u00f1a y todos los miembros de la honorable Corte Suprema de Justicia que hoy honran este escenario, Ministros y funcionarios del Gobierno Nacional, organismos de control, altos mandos militares y de la Polic\u00eda Nacional, Presidentes y Directores de los diferentes partidos, los congresistas que nos acompa\u00f1an, todos los magistrados de las Altas Cortes,\u00a0 Exfiscales generales de la Naci\u00f3n, rectores de las diferentes universidades presentes el d\u00eda de hoy, medios de comunicaci\u00f3n, mi familia,\u00a0 Walfa, mi hija Sof\u00eda, mis padres y mis hermanos que se encuentran presentes el d\u00eda de hoy.<\/p>\n<p>Con una inmensa responsabilidad asumo el cargo de Fiscal General de la Naci\u00f3n, lo asumo como un desaf\u00edo no s\u00f3lo por ser el Fiscal General m\u00e1s joven de la historia del pa\u00eds, sino por haber sido elegido por unanimidad por la Corte Suprema de Justicia y por ser el \u00fanico Fiscal General de la Naci\u00f3n que antes de ocupar esta honrosa dignidad ya hab\u00eda ejercido como fiscal especializado.<\/p>\n<p>La elecci\u00f3n realizada por la Corte Suprema de Justicia demuestra que se pueden lograr consensos en torno a la pol\u00edtica criminal que este pa\u00eds requiere. Como Fiscal General de la naci\u00f3n quiero agradecerle al se\u00f1or Presidente de la Rep\u00fablica, doctor Iv\u00e1n Duque M\u00e1rquez por haber escogido mi nombre en la terna y a la honorable Corte Suprema de Justicia por la elecci\u00f3n un\u00e1nime. Su hist\u00f3rica decisi\u00f3n ser\u00e1 honrada por mi idea de justicia e imparcialidad que tendr\u00e9 en la rama judicial durante los pr\u00f3ximos cuatro a\u00f1os. Mi c\u00f3digo de acci\u00f3n y de conducta ser\u00e1 la aplicaci\u00f3n de la ley y la constituci\u00f3n, no ser\u00e9 melifluo ni vacilar\u00e9 ante la criminalidad, venga de donde venga.<\/p>\n<p>El reto de la Fiscal\u00eda no s\u00f3lo se encuentra en la direcci\u00f3n de m\u00e1s de 25,000 servidores p\u00fablicos entre ellos 5000 fiscales que con idoneidad han laborado en entidad, sino en elevar a esta instituci\u00f3n al lugar que le corresponde en este pa\u00eds. Es cierto que la Fiscal\u00eda ha vivido momentos complejos plagados de rupturas y discontinuidades, pero la llegada de una nueva generaci\u00f3n en la justicia de nuestro pa\u00eds hace surgir la esperanza de cambio para millones de colombianos.<\/p>\n<p>Los retos de esta Fiscal\u00eda, que es la Fiscal\u00eda de todos los colombianos se enfocar\u00e1n en 9 ejes. El primero de ellos tiene que ver con la ampliaci\u00f3n territorial de la Fiscal\u00eda en los territorios. En la actualidad existe una presencia de la entidad en 550 municipios, es necesario llegar a 200 municipios m\u00e1s, especialmente en territorios donde se desarrolla la reincorporaci\u00f3n de los desmovilizados. Llegando a los territorios con justicia no s\u00f3lo perseguiremos a las econom\u00edas criminales, sino que protegeremos a la ciudadan\u00eda y al medio ambiente este pa\u00eds. No podemos dejar al garete a departamentos como Guain\u00eda, como Cauca, Vichada, Vaup\u00e9s, Putumayo, Choc\u00f3 y Amazonas, entre otros, olvid\u00e1ndolos perdemos nuestro derecho a la justicia en los pr\u00f3ximos 50 a\u00f1os. El camino es dif\u00edcil, pero enfocando la acci\u00f3n de la Fiscal\u00eda desde los territorios y no desde el b\u00fanker lo podremos lograr.<\/p>\n<p>Un segundo punto ser\u00e1 la lucha contra la corrupci\u00f3n. Colombia no se puede dar el lujo de ser un \u00e1pice en este punto. Recursos de la salud, del medio ambiente, de la educaci\u00f3n y de la contrataci\u00f3n p\u00fablica ser\u00e1n una de las prioridades en mi administraci\u00f3n. Un tercer aspecto implicar\u00e1 el fortalecimiento de las unidades contra las personas que violan los derechos fundamentales de nuestros ni\u00f1os, ni\u00f1as y adolescentes, en especial contra los reclutadores y aquellos que usan y utilizan a nuestros menores. Perseguir\u00e9 los delitos cometidos contra nuestros ni\u00f1os sin excepci\u00f3n alguna. All\u00ed no habr\u00e1 titubeos ni privilegios, lugares como el Catatumbo, el Bajo Cauca, sur de C\u00f3rdoba y Bol\u00edvar o el sur de pa\u00eds ser\u00e1n monitoreados y visitados de forma permanente por el Fiscal General.<\/p>\n<p>Un cuarto t\u00f3pico tendr\u00e1 que ver con la lucha contra la criminalidad de nuestros l\u00edderes sociales, para ello la Unidad de Investigaci\u00f3n de la Fiscal\u00eda estar\u00e1 al frente de una tarea de coordinaci\u00f3n institucional entre su unidad y las delegadas de seguridad ciudadana y crimen organizado para lograr tasas de esclarecimiento mayores al 52% que actualmente posee la entidad. Como Fiscal General de la Naci\u00f3n, la lucha por los derechos humanos es un punto de honor.<\/p>\n<p>Un quinto punto est\u00e1 atado al fortalecimiento de la investigaci\u00f3n en el pa\u00eds. Es inaudito que en las regiones existan cuerpos de fiscales sin investigadores o en las ciudades, las Unidades de Reacci\u00f3n Inmediata no cumplan el papel misional de lograr una investigaci\u00f3n pronta para la ciudadan\u00eda. Hoy los delitos de bagatelas constituyen m\u00e1s del 60% de la totalidad de los hechos punibles que se cometen en Colombia. La Fiscal\u00eda no puede ser la entidad que resuelve inventarios de las noticias criminales que ocurrieron cuatro o cinco a\u00f1os antes.<\/p>\n<p>Un sexto aspecto implica que la Fiscal\u00eda desarrolle estrategias litigiosas en los casos priorizados, sin caer en la denominada justicia espect\u00e1culo que busca medidas privativas de la libertad en todos los casos, corriendo el riesgo de descubrir ante los jueces de garant\u00edas la evidencia probatoria y as\u00ed golpear el funcionamiento de los preacuerdos, esquilmar el principio de oportunidad e incluso correr el riesgo de perder los casos ante los jueces. Esos riesgos se suman a millonarias demandas por privaci\u00f3n injusta y la libertad que atiborran la jurisdicci\u00f3n de lo contencioso administrativo.<\/p>\n<p>En s\u00e9ptimo lugar, la Fiscal\u00eda incrementar\u00e1 su lucha contra el narcotr\u00e1fico y las estructuras criminales que alimentan ese infernal negocio. El da\u00f1o que produce esa actividad lleva no s\u00f3lo a la destrucci\u00f3n del tejido social sino produce un da\u00f1o ambiental sin igual. M\u00e1s de 200,000 hect\u00e1reas de coca lleva a ser imaginativos en la acci\u00f3n contra ese flagelo.<\/p>\n<p>En octavo lugar, esta ser\u00e1 una Fiscal\u00eda que pone a nuestras mujeres y nuestras minor\u00edas en el punto m\u00e1s alto de la protecci\u00f3n. No tolerar\u00e9 el feminicidio ni el trato discriminatorio contra nuestros pueblos ancestrales. La Fiscal\u00eda continuar\u00e1 en la tarea de esclarecimiento de esos cr\u00edmenes y en la b\u00fasqueda de la eficacia en la justicia.<\/p>\n<p>Por \u00faltimo, la Fiscal\u00eda General de la Naci\u00f3n mantendr\u00e1 una relaci\u00f3n arm\u00f3nica y sin estridencias con la Jurisdicci\u00f3n Especial para la Paz, en el entendido de qu\u00e9 est\u00e1 cumple una funci\u00f3n atada a la justicia transicional y la Fiscal\u00eda General mantendr\u00e1 sus estrictas competencias en el \u00e1mbito de la justicia ordinaria. La Jurisdicci\u00f3n Especial para la Paz deber\u00e1 seguir trabajando efectos de lograr la verdad, la justicia, la reparaci\u00f3n y las garant\u00edas de no repetici\u00f3n.<\/p>\n<p>Para lograr estos retos presentar\u00e9 durante el primer semestre de este a\u00f1o al Congreso de la Rep\u00fablica un proyecto de ley para restructurar la entidad y as\u00ed crear las capacidades t\u00e9cnicas investigativas y financieras que nos permitan avanzar en una mayor cobertura de la Fiscal\u00eda en los territorios. Fiscales y jueces itinerantes y permanentes deben ser una regla para obtener un servicio de justicia adecuado. Cumplir mi rol de Fiscal General implica hacerlo a tiempo completo, sin agendas dobles y con compromiso patri\u00f3tico, por esa raz\u00f3n invito al Contralor General de la Rep\u00fablica Carlos Felipe C\u00f3rdoba y al Procurador General de la naci\u00f3n Fernando Carrillo a que acompa\u00f1en la propuesta como lo hace hoy, el Fiscal General de la Naci\u00f3n de impulsar la inhabilidad temporal que se requiere establecer en nuestros cargos para evitar el af\u00e1n de iniciar campa\u00f1as presidenciales precoces en el marco de nuestras funciones.<\/p>\n<p>Las decisiones de la Fiscal\u00eda se tomar\u00e1n con acatamiento a la Constituci\u00f3n y la ley. La Fiscal\u00eda debe pasar la p\u00e1gina de una entidad fracturada por una justicia confiable justa. Soy el fiscal de todos los colombianos y de nuestros territorios. Muchas gracias.<\/p>\n\n<div class=\"twitter-share\"><a href=\"https:\/\/twitter.com\/intent\/tweet?via=fiscaliacol\" class=\"twitter-share-button\">Tweet<\/a><\/div>\n","protected":false},"excerpt":{"rendered":"<p>Se\u00f1or presidente de la Rep\u00fablica, doctor Iv\u00e1n Duque M\u00e1rquez, se\u00f1or expresidente de la Rep\u00fablica, doctor C\u00e9sar Gaviria Trujillo, se\u00f1ores embajadores jefes de misiones diplom\u00e1ticas acreditadas en Colombia; presidente de la Corte Constitucional, doctor Alberto Rojas, presidente del Consejo de Estado doctor \u00c1lvaro Nam\u00e9n Vargas, presidente de la C\u00e1mara de Representante, Carlos Alberto Chaux, presidenta de [&hellip;]<\/p>\n","protected":false},"author":171,"featured_media":0,"comment_status":"closed","ping_status":"open","sticky":false,"template":"","format":"video","meta":{"_price":"","_stock":"","_tribe_ticket_header":"","_tribe_default_ticket_provider":"","_tribe_ticket_capacity":"0","_ticket_start_date":"","_ticket_end_date":"","_tribe_ticket_show_description":"","_tribe_ticket_show_not_going":false,"_tribe_ticket_use_global_stock":"","_tribe_ticket_global_stock_level":"","_global_stock_mode":"","_global_stock_cap":"","_tribe_rsvp_for_event":"","_tribe_ticket_going_count":"","_tribe_ticket_not_going_count":"","_tribe_tickets_list":"[]","_tribe_ticket_has_attendee_info_fields":false,"tdm_status":"","tdm_grid_status":"","footnotes":""},"categories":[1],"tags":[],"class_list":{"0":"post-223814","1":"post","2":"type-post","3":"status-publish","4":"format-video","6":"category-noticias","7":"post_format-post-format-video"},"yoast_head":"<!-- This site is optimized with the Yoast SEO plugin v24.3 - https:\/\/yoast.com\/wordpress\/plugins\/seo\/ -->\n<title>Fiscal\u00eda General de la Naci\u00f3n<\/title>\n<meta name=\"description\" content=\"P\u00e1gina oficial de la Fiscal\u00eda General de la Naci\u00f3n \u2013 Colombia. Garantizamos el acceso efectivo a la justicia, la verdad y la reparaci\u00f3n de las v\u00edctimas de los delitos.\" \/>\n<meta name=\"robots\" content=\"noindex, follow\" \/>\n<meta property=\"og:locale\" content=\"es_ES\" \/>\n<meta property=\"og:type\" content=\"article\" \/>\n<meta property=\"og:title\" content=\"Fiscal\u00eda General de la Naci\u00f3n\" \/>\n<meta property=\"og:description\" content=\"P\u00e1gina oficial de la Fiscal\u00eda General de la Naci\u00f3n \u2013 Colombia. Garantizamos el acceso efectivo a la justicia, la verdad y la reparaci\u00f3n de las v\u00edctimas de los delitos.\" \/>\n<meta property=\"og:url\" content=\"https:\/\/www.fiscalia.gov.co\/colombia\/noticias\/palabras-del-fiscal-general-de-la-nacion-francisco-barbosa-delgado-durante-ceremonia-de-posesion\/\" \/>\n<meta property=\"og:site_name\" content=\"Fiscal\u00eda General de la Naci\u00f3n\" \/>\n<meta property=\"article:publisher\" content=\"https:\/\/www.facebook.com\/FiscaliaCol\" \/>\n<meta property=\"article:published_time\" content=\"2020-02-13T19:47:22+00:00\" \/>\n<meta property=\"article:modified_time\" content=\"2021-07-05T13:42:50+00:00\" \/>\n<meta name=\"author\" content=\"Ana Mar\u00eda Gomez\" \/>\n<meta name=\"twitter:card\" content=\"summary_large_image\" \/>\n<meta name=\"twitter:creator\" content=\"@FiscaliaCol\" \/>\n<meta name=\"twitter:site\" content=\"@FiscaliaCol\" \/>\n<meta name=\"twitter:label1\" content=\"Escrito por\" \/>\n\t<meta name=\"twitter:data1\" content=\"Ana Mar\u00eda Gomez\" \/>\n\t<meta name=\"twitter:label2\" content=\"Tiempo de lectura\" \/>\n\t<meta name=\"twitter:data2\" content=\"7 minutos\" \/>\n<script type=\"application\/ld+json\" class=\"yoast-schema-graph\">{\"@context\":\"https:\/\/schema.org\",\"@graph\":[{\"@type\":\"Article\",\"@id\":\"https:\/\/www.fiscalia.gov.co\/colombia\/noticias\/palabras-del-fiscal-general-de-la-nacion-francisco-barbosa-delgado-durante-ceremonia-de-posesion\/#article\",\"isPartOf\":{\"@id\":\"https:\/\/www.fiscalia.gov.co\/colombia\/noticias\/palabras-del-fiscal-general-de-la-nacion-francisco-barbosa-delgado-durante-ceremonia-de-posesion\/\"},\"author\":{\"name\":\"Ana Mar\u00eda Gomez\",\"@id\":\"https:\/\/www.fiscalia.gov.co\/colombia\/#\/schema\/person\/06aa2210fe4d79203f428ff671dee360\"},\"headline\":\"Palabras del Fiscal General de la Naci\u00f3n, Francisco Barbosa Delgado, durante ceremonia de posesi\u00f3n\",\"datePublished\":\"2020-02-13T19:47:22+00:00\",\"dateModified\":\"2021-07-05T13:42:50+00:00\",\"mainEntityOfPage\":{\"@id\":\"https:\/\/www.fiscalia.gov.co\/colombia\/noticias\/palabras-del-fiscal-general-de-la-nacion-francisco-barbosa-delgado-durante-ceremonia-de-posesion\/\"},\"wordCount\":1492,\"publisher\":{\"@id\":\"https:\/\/www.fiscalia.gov.co\/colombia\/#organization\"},\"articleSection\":[\"Noticias\"],\"inLanguage\":\"es-CO\"},{\"@type\":\"WebPage\",\"@id\":\"https:\/\/www.fiscalia.gov.co\/colombia\/noticias\/palabras-del-fiscal-general-de-la-nacion-francisco-barbosa-delgado-durante-ceremonia-de-posesion\/\",\"url\":\"https:\/\/www.fiscalia.gov.co\/colombia\/noticias\/palabras-del-fiscal-general-de-la-nacion-francisco-barbosa-delgado-durante-ceremonia-de-posesion\/\",\"name\":\"Fiscal\u00eda General de la Naci\u00f3n\",\"isPartOf\":{\"@id\":\"https:\/\/www.fiscalia.gov.co\/colombia\/#website\"},\"datePublished\":\"2020-02-13T19:47:22+00:00\",\"dateModified\":\"2021-07-05T13:42:50+00:00\",\"description\":\"P\u00e1gina oficial de la Fiscal\u00eda General de la Naci\u00f3n \u2013 Colombia. Garantizamos el acceso efectivo a la justicia, la verdad y la reparaci\u00f3n de las v\u00edctimas de los delitos.\",\"breadcrumb\":{\"@id\":\"https:\/\/www.fiscalia.gov.co\/colombia\/noticias\/palabras-del-fiscal-general-de-la-nacion-francisco-barbosa-delgado-durante-ceremonia-de-posesion\/#breadcrumb\"},\"inLanguage\":\"es-CO\",\"potentialAction\":[{\"@type\":\"ReadAction\",\"target\":[\"https:\/\/www.fiscalia.gov.co\/colombia\/noticias\/palabras-del-fiscal-general-de-la-nacion-francisco-barbosa-delgado-durante-ceremonia-de-posesion\/\"]}]},{\"@type\":\"BreadcrumbList\",\"@id\":\"https:\/\/www.fiscalia.gov.co\/colombia\/noticias\/palabras-del-fiscal-general-de-la-nacion-francisco-barbosa-delgado-durante-ceremonia-de-posesion\/#breadcrumb\",\"itemListElement\":[{\"@type\":\"ListItem\",\"position\":1,\"name\":\"Home\",\"item\":\"https:\/\/www.fiscalia.gov.co\/colombia\/\"},{\"@type\":\"ListItem\",\"position\":2,\"name\":\"Palabras del Fiscal General de la Naci\u00f3n, Francisco Barbosa Delgado, durante ceremonia de posesi\u00f3n\"}]},{\"@type\":\"WebSite\",\"@id\":\"https:\/\/www.fiscalia.gov.co\/colombia\/#website\",\"url\":\"https:\/\/www.fiscalia.gov.co\/colombia\/\",\"name\":\"Fiscal\u00eda General de la Naci\u00f3n\",\"description\":\"P\u00e1gina oficial de la Fiscal\u00eda General de la Naci\u00f3n \u2013 Colombia. Garantizamos el acceso efectivo a la justicia, la verdad y la reparaci\u00f3n de las v\u00edctimas de los delitos.\",\"publisher\":{\"@id\":\"https:\/\/www.fiscalia.gov.co\/colombia\/#organization\"},\"potentialAction\":[{\"@type\":\"SearchAction\",\"target\":{\"@type\":\"EntryPoint\",\"urlTemplate\":\"https:\/\/www.fiscalia.gov.co\/colombia\/?s={search_term_string}\"},\"query-input\":{\"@type\":\"PropertyValueSpecification\",\"valueRequired\":true,\"valueName\":\"search_term_string\"}}],\"inLanguage\":\"es-CO\"},{\"@type\":\"Organization\",\"@id\":\"https:\/\/www.fiscalia.gov.co\/colombia\/#organization\",\"name\":\"Fiscal\u00eda General de la Naci\u00f3n\",\"url\":\"https:\/\/www.fiscalia.gov.co\/colombia\/\",\"logo\":{\"@type\":\"ImageObject\",\"inLanguage\":\"es-CO\",\"@id\":\"https:\/\/www.fiscalia.gov.co\/colombia\/#\/schema\/logo\/image\/\",\"url\":\"https:\/\/www.fiscalia.gov.co\/colombia\/wp-content\/uploads\/LogoHorizontal_1.jpg\",\"contentUrl\":\"https:\/\/www.fiscalia.gov.co\/colombia\/wp-content\/uploads\/LogoHorizontal_1.jpg\",\"width\":300,\"height\":90,\"caption\":\"Fiscal\u00eda General de la Naci\u00f3n\"},\"image\":{\"@id\":\"https:\/\/www.fiscalia.gov.co\/colombia\/#\/schema\/logo\/image\/\"},\"sameAs\":[\"https:\/\/www.facebook.com\/FiscaliaCol\",\"https:\/\/x.com\/FiscaliaCol\",\"https:\/\/www.instagram.com\/fiscaliacol\",\"https:\/\/www.linkedin.com\/company\/fiscalia-general-de-la-naci-n\/\",\"https:\/\/youtube.com\/@fiscaliageneraldelanacion-4668?si=6nN79nyQICPU5iTh\"]},{\"@type\":\"Person\",\"@id\":\"https:\/\/www.fiscalia.gov.co\/colombia\/#\/schema\/person\/06aa2210fe4d79203f428ff671dee360\",\"name\":\"Ana Mar\u00eda Gomez\",\"image\":{\"@type\":\"ImageObject\",\"inLanguage\":\"es-CO\",\"@id\":\"https:\/\/www.fiscalia.gov.co\/colombia\/#\/schema\/person\/image\/\",\"url\":\"https:\/\/secure.gravatar.com\/avatar\/a38115d98a7f8a96cbb96af2b2c37a0b?s=96&d=mm&r=g\",\"contentUrl\":\"https:\/\/secure.gravatar.com\/avatar\/a38115d98a7f8a96cbb96af2b2c37a0b?s=96&d=mm&r=g\",\"caption\":\"Ana Mar\u00eda Gomez\"},\"url\":\"https:\/\/www.fiscalia.gov.co\/colombia\/author\/agomez\/\"}]}<\/script>\n<!-- \/ Yoast SEO plugin. -->","yoast_head_json":{"title":"Fiscal\u00eda General de la Naci\u00f3n","description":"P\u00e1gina oficial de la Fiscal\u00eda General de la Naci\u00f3n \u2013 Colombia. Garantizamos el acceso efectivo a la justicia, la verdad y la reparaci\u00f3n de las v\u00edctimas de los delitos.","robots":{"index":"noindex","follow":"follow"},"og_locale":"es_ES","og_type":"article","og_title":"Fiscal\u00eda General de la Naci\u00f3n","og_description":"P\u00e1gina oficial de la Fiscal\u00eda General de la Naci\u00f3n \u2013 Colombia. Garantizamos el acceso efectivo a la justicia, la verdad y la reparaci\u00f3n de las v\u00edctimas de los delitos.","og_url":"https:\/\/www.fiscalia.gov.co\/colombia\/noticias\/palabras-del-fiscal-general-de-la-nacion-francisco-barbosa-delgado-durante-ceremonia-de-posesion\/","og_site_name":"Fiscal\u00eda General de la Naci\u00f3n","article_publisher":"https:\/\/www.facebook.com\/FiscaliaCol","article_published_time":"2020-02-13T19:47:22+00:00","article_modified_time":"2021-07-05T13:42:50+00:00","author":"Ana Mar\u00eda Gomez","twitter_card":"summary_large_image","twitter_creator":"@FiscaliaCol","twitter_site":"@FiscaliaCol","twitter_misc":{"Escrito por":"Ana Mar\u00eda Gomez","Tiempo de lectura":"7 minutos"},"schema":{"@context":"https:\/\/schema.org","@graph":[{"@type":"Article","@id":"https:\/\/www.fiscalia.gov.co\/colombia\/noticias\/palabras-del-fiscal-general-de-la-nacion-francisco-barbosa-delgado-durante-ceremonia-de-posesion\/#article","isPartOf":{"@id":"https:\/\/www.fiscalia.gov.co\/colombia\/noticias\/palabras-del-fiscal-general-de-la-nacion-francisco-barbosa-delgado-durante-ceremonia-de-posesion\/"},"author":{"name":"Ana Mar\u00eda Gomez","@id":"https:\/\/www.fiscalia.gov.co\/colombia\/#\/schema\/person\/06aa2210fe4d79203f428ff671dee360"},"headline":"Palabras del Fiscal General de la Naci\u00f3n, Francisco Barbosa Delgado, durante ceremonia de posesi\u00f3n","datePublished":"2020-02-13T19:47:22+00:00","dateModified":"2021-07-05T13:42:50+00:00","mainEntityOfPage":{"@id":"https:\/\/www.fiscalia.gov.co\/colombia\/noticias\/palabras-del-fiscal-general-de-la-nacion-francisco-barbosa-delgado-durante-ceremonia-de-posesion\/"},"wordCount":1492,"publisher":{"@id":"https:\/\/www.fiscalia.gov.co\/colombia\/#organization"},"articleSection":["Noticias"],"inLanguage":"es-CO"},{"@type":"WebPage","@id":"https:\/\/www.fiscalia.gov.co\/colombia\/noticias\/palabras-del-fiscal-general-de-la-nacion-francisco-barbosa-delgado-durante-ceremonia-de-posesion\/","url":"https:\/\/www.fiscalia.gov.co\/colombia\/noticias\/palabras-del-fiscal-general-de-la-nacion-francisco-barbosa-delgado-durante-ceremonia-de-posesion\/","name":"Fiscal\u00eda General de la Naci\u00f3n","isPartOf":{"@id":"https:\/\/www.fiscalia.gov.co\/colombia\/#website"},"datePublished":"2020-02-13T19:47:22+00:00","dateModified":"2021-07-05T13:42:50+00:00","description":"P\u00e1gina oficial de la Fiscal\u00eda General de la Naci\u00f3n \u2013 Colombia. Garantizamos el acceso efectivo a la justicia, la verdad y la reparaci\u00f3n de las v\u00edctimas de los delitos.","breadcrumb":{"@id":"https:\/\/www.fiscalia.gov.co\/colombia\/noticias\/palabras-del-fiscal-general-de-la-nacion-francisco-barbosa-delgado-durante-ceremonia-de-posesion\/#breadcrumb"},"inLanguage":"es-CO","potentialAction":[{"@type":"ReadAction","target":["https:\/\/www.fiscalia.gov.co\/colombia\/noticias\/palabras-del-fiscal-general-de-la-nacion-francisco-barbosa-delgado-durante-ceremonia-de-posesion\/"]}]},{"@type":"BreadcrumbList","@id":"https:\/\/www.fiscalia.gov.co\/colombia\/noticias\/palabras-del-fiscal-general-de-la-nacion-francisco-barbosa-delgado-durante-ceremonia-de-posesion\/#breadcrumb","itemListElement":[{"@type":"ListItem","position":1,"name":"Home","item":"https:\/\/www.fiscalia.gov.co\/colombia\/"},{"@type":"ListItem","position":2,"name":"Palabras del Fiscal General de la Naci\u00f3n, Francisco Barbosa Delgado, durante ceremonia de posesi\u00f3n"}]},{"@type":"WebSite","@id":"https:\/\/www.fiscalia.gov.co\/colombia\/#website","url":"https:\/\/www.fiscalia.gov.co\/colombia\/","name":"Fiscal\u00eda General de la Naci\u00f3n","description":"P\u00e1gina oficial de la Fiscal\u00eda General de la Naci\u00f3n \u2013 Colombia. Garantizamos el acceso efectivo a la justicia, la verdad y la reparaci\u00f3n de las v\u00edctimas de los delitos.","publisher":{"@id":"https:\/\/www.fiscalia.gov.co\/colombia\/#organization"},"potentialAction":[{"@type":"SearchAction","target":{"@type":"EntryPoint","urlTemplate":"https:\/\/www.fiscalia.gov.co\/colombia\/?s={search_term_string}"},"query-input":{"@type":"PropertyValueSpecification","valueRequired":true,"valueName":"search_term_string"}}],"inLanguage":"es-CO"},{"@type":"Organization","@id":"https:\/\/www.fiscalia.gov.co\/colombia\/#organization","name":"Fiscal\u00eda General de la Naci\u00f3n","url":"https:\/\/www.fiscalia.gov.co\/colombia\/","logo":{"@type":"ImageObject","inLanguage":"es-CO","@id":"https:\/\/www.fiscalia.gov.co\/colombia\/#\/schema\/logo\/image\/","url":"https:\/\/www.fiscalia.gov.co\/colombia\/wp-content\/uploads\/LogoHorizontal_1.jpg","contentUrl":"https:\/\/www.fiscalia.gov.co\/colombia\/wp-content\/uploads\/LogoHorizontal_1.jpg","width":300,"height":90,"caption":"Fiscal\u00eda General de la Naci\u00f3n"},"image":{"@id":"https:\/\/www.fiscalia.gov.co\/colombia\/#\/schema\/logo\/image\/"},"sameAs":["https:\/\/www.facebook.com\/FiscaliaCol","https:\/\/x.com\/FiscaliaCol","https:\/\/www.instagram.com\/fiscaliacol","https:\/\/www.linkedin.com\/company\/fiscalia-general-de-la-naci-n\/","https:\/\/youtube.com\/@fiscaliageneraldelanacion-4668?si=6nN79nyQICPU5iTh"]},{"@type":"Person","@id":"https:\/\/www.fiscalia.gov.co\/colombia\/#\/schema\/person\/06aa2210fe4d79203f428ff671dee360","name":"Ana Mar\u00eda Gomez","image":{"@type":"ImageObject","inLanguage":"es-CO","@id":"https:\/\/www.fiscalia.gov.co\/colombia\/#\/schema\/person\/image\/","url":"https:\/\/secure.gravatar.com\/avatar\/a38115d98a7f8a96cbb96af2b2c37a0b?s=96&d=mm&r=g","contentUrl":"https:\/\/secure.gravatar.com\/avatar\/a38115d98a7f8a96cbb96af2b2c37a0b?s=96&d=mm&r=g","caption":"Ana Mar\u00eda Gomez"},"url":"https:\/\/www.fiscalia.gov.co\/colombia\/author\/agomez\/"}]}},"_links":{"self":[{"href":"https:\/\/www.fiscalia.gov.co\/colombia\/wp-json\/wp\/v2\/posts\/223814","targetHints":{"allow":["GET"]}}],"collection":[{"href":"https:\/\/www.fiscalia.gov.co\/colombia\/wp-json\/wp\/v2\/posts"}],"about":[{"href":"https:\/\/www.fiscalia.gov.co\/colombia\/wp-json\/wp\/v2\/types\/post"}],"author":[{"embeddable":true,"href":"https:\/\/www.fiscalia.gov.co\/colombia\/wp-json\/wp\/v2\/users\/171"}],"replies":[{"embeddable":true,"href":"https:\/\/www.fiscalia.gov.co\/colombia\/wp-json\/wp\/v2\/comments?post=223814"}],"version-history":[{"count":2,"href":"https:\/\/www.fiscalia.gov.co\/colombia\/wp-json\/wp\/v2\/posts\/223814\/revisions"}],"predecessor-version":[{"id":223823,"href":"https:\/\/www.fiscalia.gov.co\/colombia\/wp-json\/wp\/v2\/posts\/223814\/revisions\/223823"}],"wp:attachment":[{"href":"https:\/\/www.fiscalia.gov.co\/colombia\/wp-json\/wp\/v2\/media?parent=223814"}],"wp:term":[{"taxonomy":"category","embeddable":true,"href":"https:\/\/www.fiscalia.gov.co\/colombia\/wp-json\/wp\/v2\/categories?post=223814"},{"taxonomy":"post_tag","embeddable":true,"href":"https:\/\/www.fiscalia.gov.co\/colombia\/wp-json\/wp\/v2\/tags?post=223814"}],"curies":[{"name":"wp","href":"https:\/\/api.w.org\/{rel}","templated":true}]}}