{"id":223665,"date":"2021-07-02T07:47:46","date_gmt":"2021-07-02T12:47:46","guid":{"rendered":"https:\/\/www.fiscalia.gov.co\/colombia\/?p=223665"},"modified":"2021-07-09T10:42:21","modified_gmt":"2021-07-09T15:42:21","slug":"fiscalia-impacta-a-red-ilegal-senalada-de-obtener-medicamentos-de-hogares-geriatricos-y-entidades-de-salud-para-adulterarlos","status":"publish","type":"post","link":"https:\/\/www.fiscalia.gov.co\/colombia\/derechos-humanos\/fiscalia-impacta-a-red-ilegal-senalada-de-obtener-medicamentos-de-hogares-geriatricos-y-entidades-de-salud-para-adulterarlos\/","title":{"rendered":"Fiscal\u00eda impacta a red ilegal se\u00f1alada de obtener medicamentos de hogares geri\u00e1tricos y entidades de salud para adulterarlos"},"content":{"rendered":"<blockquote>\n<h4 style=\"text-align: left;\"><strong><em>Ocho personas fueron capturadas. M\u00e1s de una tonelada de medicamentos alterados, 300\u2019000.000 de pesos y 13.000 d\u00f3lares, entre otros elementos fueron incautados.<\/em><\/strong><\/h4>\n<\/blockquote>\n<p>La Fiscal\u00eda General de la Naci\u00f3n puso en evidencia una actividad il\u00edcita que representaba riesgo para la salud y la vida de pacientes con enfermedades de alto costo.<\/p>\n<p>Una red criminal, supuestamente, extra\u00eda medicamentos de uso institucional de hogares geri\u00e1tricos o los obten\u00eda en entidades de salud o de contrabando, en mal estado o vencidos. Al parecer, los alteraban, les borraban los registros de fabricaci\u00f3n, las fechas de vencimiento y otros mecanismos de identificaci\u00f3n para, posteriormente, ponerlos a la venta.<\/p>\n<p>El material de prueba indica que los productos farmac\u00e9uticos adulterados, presuntamente, eran enviados a cualquier ciudad del pa\u00eds en buses intermunicipales o como encomiendas, entre neveras de icopor y sin las medidas de conservaci\u00f3n. Tambi\u00e9n los comercializaban a menor precio en droguer\u00edas y a trav\u00e9s de distribuidores que los reingresaban al sistema de salud.<\/p>\n<p>Las actividades investigativas permitieron conocer que, en los centros de atenci\u00f3n para los adultos mayores, cambiaban medicamentos aut\u00e9nticos por productos falsos para enfermedades como c\u00e1ncer, diabetes, artritis, hipertensi\u00f3n, hemofilia y afectaciones respiratorias, cardiovasculares y psiqui\u00e1tricas, entre otras.<\/p>\n<p><strong><u>La ca\u00edda de la red<\/u><\/strong><\/p>\n<p>Gracias a la labor investigativa realizada y tres denuncias recibidas de personas que recibieron tratamientos para la leucemia alterados y que no generaron efectos adversos, la Fiscal\u00eda identific\u00f3 a los posibles articuladores de la red ilegal.<\/p>\n<p>Funcionarios del CTI de la Direcci\u00f3n Especializada contra las Violaciones a los Derechos Humanos, con apoyo del Ej\u00e9rcito Nacional y peritos de laboratorios farmac\u00e9uticos, capturaron a ocho presuntos integrantes de esta estructura, uno de ellos en situaci\u00f3n de flagrancia. Las diligencias se cumplieron en Palmira y Buga (Valle del Cauca), Pereira (Risaralda), Medell\u00edn (Antioquia) y Bucaramanga (Santander).<\/p>\n<p>En los procedimientos fue incautada m\u00e1s de una tonelada de medicamentos adulterados, cuyo valor podr\u00eda alcanzar los 25.000 millones de pesos. Adicionalmente, se encontraron $300\u2019000.000, 13.000 d\u00f3lares, discos de almacenamiento, tel\u00e9fonos celulares, documentos contables y otros elementos.<\/p>\n<p>Entre los detenidos est\u00e1 una enfermera de un hogar geri\u00e1trico en Palmira (Valle del Cauca), adem\u00e1s de los encargados de mantener contactos con las entidades de salud, los coordinadores de las actividades de adulteraci\u00f3n y los que distribuyen los medicamentos.<\/p>\n<p>Fiscales del Eje Tem\u00e1tico de Protecci\u00f3n a la Propiedad Intelectual de la Direcci\u00f3n Especializada contra las Violaciones a los Derechos Humanos les imputaron a los capturados delitos como: corrupci\u00f3n de alimentos, productos medicamentos o material profil\u00e1ctico; enajenaci\u00f3n ilegal de medicamentos; usurpaci\u00f3n de derechos de propiedad industrial; il\u00edcita explotaci\u00f3n comercial, y concierto para delinquir.<\/p>\n<p>Los procesados son:<\/p>\n<ul>\n<li>Luis Eduardo Aguirre Morantes.<\/li>\n<li>Blanca Stella Torres Hurtado.<\/li>\n<li>Martha Cecilia Palacios Mena.<\/li>\n<li>Melba Galvis L\u00f3pez (enfermera).<\/li>\n<li>Manuel Pantoja Beltr\u00e1n.<\/li>\n<li>Luis Antulio Maldonado C\u00e1ceres.<\/li>\n<li>Gabriel de Jes\u00fas Granada Taborda.<\/li>\n<li>Josel\u00edn Ararat Ospina (captura en flagrancia).<\/li>\n<\/ul>\n<p>La Fiscal\u00eda solicit\u00f3 a los jueces de control de garant\u00edas imponer a los procesados medidas de aseguramiento privativas de la libertad.<\/p>\n<p>JARG\/OALD\/DJR\/DECVDH\/MCRC.<\/p>\n<p><strong>La Fiscal\u00eda habla con resultados<\/strong><\/p>\n<p><i>La informaci\u00f3n contenida en este bolet\u00edn de prensa corresponde a la narraci\u00f3n de los hechos noticiosos objetivos, suministrados por los funcionarios encargados de adelantar las investigaciones penales al interior de la Fiscal\u00eda General de la Naci\u00f3n. Para el momento de la divulgaci\u00f3n de este comunicado, la situaci\u00f3n jur\u00eddica de la(s) persona(s) relacionada(s) se encuentra pendiente de resolver por la autoridad judicial competente, siempre bajo los preceptos de la presunci\u00f3n de inocencia, consagrados en el art\u00edculo 29 de la Constituci\u00f3n Pol\u00edtica y el art\u00edculo 7\u00ba de la Ley 906 de 2004.<\/i><\/p>\n<p>&nbsp;<\/p>\n\n<div class=\"twitter-share\"><a href=\"https:\/\/twitter.com\/intent\/tweet?via=fiscaliacol\" class=\"twitter-share-button\">Tweet<\/a><\/div>\n","protected":false},"excerpt":{"rendered":"<p>Ocho personas fueron capturadas. M\u00e1s de una tonelada de medicamentos alterados, 300\u2019000.000 de pesos y 13.000 d\u00f3lares, entre otros elementos fueron incautados. La Fiscal\u00eda General de la Naci\u00f3n puso en evidencia una actividad il\u00edcita que representaba riesgo para la salud y la vida de pacientes con enfermedades de alto costo. Una red criminal, supuestamente, extra\u00eda [&hellip;]<\/p>\n","protected":false},"author":171,"featured_media":0,"comment_status":"closed","ping_status":"open","sticky":false,"template":"","format":"video","meta":{"_price":"","_stock":"","_tribe_ticket_header":"","_tribe_default_ticket_provider":"","_tribe_ticket_capacity":"0","_ticket_start_date":"","_ticket_end_date":"","_tribe_ticket_show_description":"","_tribe_ticket_show_not_going":false,"_tribe_ticket_use_global_stock":"","_tribe_ticket_global_stock_level":"","_global_stock_mode":"","_global_stock_cap":"","_tribe_rsvp_for_event":"","_tribe_ticket_going_count":"","_tribe_ticket_not_going_count":"","_tribe_tickets_list":"[]","_tribe_ticket_has_attendee_info_fields":false,"tdm_status":"","tdm_grid_status":"","footnotes":""},"categories":[24102],"tags":[24185,4614],"class_list":{"0":"post-223665","1":"post","2":"type-post","3":"status-publish","4":"format-video","6":"category-derechos-humanos","7":"tag-fiscal-barbosa","8":"tag-fiscalia-2","9":"post_format-post-format-video"},"yoast_head":"<!-- This site is optimized with the Yoast SEO plugin v24.3 - https:\/\/yoast.com\/wordpress\/plugins\/seo\/ -->\n<title>Fiscal\u00eda General de la Naci\u00f3n<\/title>\n<meta name=\"description\" content=\"P\u00e1gina oficial de la Fiscal\u00eda General de la Naci\u00f3n \u2013 Colombia. Garantizamos el acceso efectivo a la justicia, la verdad y la reparaci\u00f3n de las v\u00edctimas de los delitos.\" \/>\n<meta name=\"robots\" content=\"noindex, follow\" \/>\n<meta property=\"og:locale\" content=\"es_ES\" \/>\n<meta property=\"og:type\" content=\"article\" \/>\n<meta property=\"og:title\" content=\"Fiscal\u00eda General de la Naci\u00f3n\" \/>\n<meta property=\"og:description\" content=\"P\u00e1gina oficial de la Fiscal\u00eda General de la Naci\u00f3n \u2013 Colombia. Garantizamos el acceso efectivo a la justicia, la verdad y la reparaci\u00f3n de las v\u00edctimas de los delitos.\" \/>\n<meta property=\"og:url\" content=\"https:\/\/www.fiscalia.gov.co\/colombia\/derechos-humanos\/fiscalia-impacta-a-red-ilegal-senalada-de-obtener-medicamentos-de-hogares-geriatricos-y-entidades-de-salud-para-adulterarlos\/\" \/>\n<meta property=\"og:site_name\" content=\"Fiscal\u00eda General de la Naci\u00f3n\" \/>\n<meta property=\"article:publisher\" content=\"https:\/\/www.facebook.com\/FiscaliaCol\" \/>\n<meta property=\"article:published_time\" content=\"2021-07-02T12:47:46+00:00\" \/>\n<meta property=\"article:modified_time\" content=\"2021-07-09T15:42:21+00:00\" \/>\n<meta name=\"author\" content=\"Ana Mar\u00eda Gomez\" \/>\n<meta name=\"twitter:card\" content=\"summary_large_image\" \/>\n<meta name=\"twitter:creator\" content=\"@FiscaliaCol\" \/>\n<meta name=\"twitter:site\" content=\"@FiscaliaCol\" \/>\n<meta name=\"twitter:label1\" content=\"Escrito por\" \/>\n\t<meta name=\"twitter:data1\" content=\"Ana Mar\u00eda Gomez\" \/>\n\t<meta name=\"twitter:label2\" content=\"Tiempo de lectura\" \/>\n\t<meta name=\"twitter:data2\" content=\"3 minutos\" \/>\n<script type=\"application\/ld+json\" class=\"yoast-schema-graph\">{\"@context\":\"https:\/\/schema.org\",\"@graph\":[{\"@type\":\"Article\",\"@id\":\"https:\/\/www.fiscalia.gov.co\/colombia\/derechos-humanos\/fiscalia-impacta-a-red-ilegal-senalada-de-obtener-medicamentos-de-hogares-geriatricos-y-entidades-de-salud-para-adulterarlos\/#article\",\"isPartOf\":{\"@id\":\"https:\/\/www.fiscalia.gov.co\/colombia\/derechos-humanos\/fiscalia-impacta-a-red-ilegal-senalada-de-obtener-medicamentos-de-hogares-geriatricos-y-entidades-de-salud-para-adulterarlos\/\"},\"author\":{\"name\":\"Ana Mar\u00eda Gomez\",\"@id\":\"https:\/\/www.fiscalia.gov.co\/colombia\/#\/schema\/person\/06aa2210fe4d79203f428ff671dee360\"},\"headline\":\"Fiscal\u00eda impacta a red ilegal se\u00f1alada de obtener medicamentos de hogares geri\u00e1tricos y entidades de salud para adulterarlos\",\"datePublished\":\"2021-07-02T12:47:46+00:00\",\"dateModified\":\"2021-07-09T15:42:21+00:00\",\"mainEntityOfPage\":{\"@id\":\"https:\/\/www.fiscalia.gov.co\/colombia\/derechos-humanos\/fiscalia-impacta-a-red-ilegal-senalada-de-obtener-medicamentos-de-hogares-geriatricos-y-entidades-de-salud-para-adulterarlos\/\"},\"wordCount\":660,\"publisher\":{\"@id\":\"https:\/\/www.fiscalia.gov.co\/colombia\/#organization\"},\"keywords\":[\"Fiscal Barbosa\",\"Fiscal\u00eda\"],\"articleSection\":[\"Derechos Humanos\"],\"inLanguage\":\"es-CO\"},{\"@type\":\"WebPage\",\"@id\":\"https:\/\/www.fiscalia.gov.co\/colombia\/derechos-humanos\/fiscalia-impacta-a-red-ilegal-senalada-de-obtener-medicamentos-de-hogares-geriatricos-y-entidades-de-salud-para-adulterarlos\/\",\"url\":\"https:\/\/www.fiscalia.gov.co\/colombia\/derechos-humanos\/fiscalia-impacta-a-red-ilegal-senalada-de-obtener-medicamentos-de-hogares-geriatricos-y-entidades-de-salud-para-adulterarlos\/\",\"name\":\"Fiscal\u00eda General de la Naci\u00f3n\",\"isPartOf\":{\"@id\":\"https:\/\/www.fiscalia.gov.co\/colombia\/#website\"},\"datePublished\":\"2021-07-02T12:47:46+00:00\",\"dateModified\":\"2021-07-09T15:42:21+00:00\",\"description\":\"P\u00e1gina oficial de la Fiscal\u00eda General de la Naci\u00f3n \u2013 Colombia. Garantizamos el acceso efectivo a la justicia, la verdad y la reparaci\u00f3n de las v\u00edctimas de los delitos.\",\"breadcrumb\":{\"@id\":\"https:\/\/www.fiscalia.gov.co\/colombia\/derechos-humanos\/fiscalia-impacta-a-red-ilegal-senalada-de-obtener-medicamentos-de-hogares-geriatricos-y-entidades-de-salud-para-adulterarlos\/#breadcrumb\"},\"inLanguage\":\"es-CO\",\"potentialAction\":[{\"@type\":\"ReadAction\",\"target\":[\"https:\/\/www.fiscalia.gov.co\/colombia\/derechos-humanos\/fiscalia-impacta-a-red-ilegal-senalada-de-obtener-medicamentos-de-hogares-geriatricos-y-entidades-de-salud-para-adulterarlos\/\"]}]},{\"@type\":\"BreadcrumbList\",\"@id\":\"https:\/\/www.fiscalia.gov.co\/colombia\/derechos-humanos\/fiscalia-impacta-a-red-ilegal-senalada-de-obtener-medicamentos-de-hogares-geriatricos-y-entidades-de-salud-para-adulterarlos\/#breadcrumb\",\"itemListElement\":[{\"@type\":\"ListItem\",\"position\":1,\"name\":\"Home\",\"item\":\"https:\/\/www.fiscalia.gov.co\/colombia\/\"},{\"@type\":\"ListItem\",\"position\":2,\"name\":\"Fiscal\u00eda impacta a red ilegal se\u00f1alada de obtener medicamentos de hogares geri\u00e1tricos y entidades de salud para adulterarlos\"}]},{\"@type\":\"WebSite\",\"@id\":\"https:\/\/www.fiscalia.gov.co\/colombia\/#website\",\"url\":\"https:\/\/www.fiscalia.gov.co\/colombia\/\",\"name\":\"Fiscal\u00eda General de la Naci\u00f3n\",\"description\":\"P\u00e1gina oficial de la Fiscal\u00eda General de la Naci\u00f3n \u2013 Colombia. Garantizamos el acceso efectivo a la justicia, la verdad y la reparaci\u00f3n de las v\u00edctimas de los delitos.\",\"publisher\":{\"@id\":\"https:\/\/www.fiscalia.gov.co\/colombia\/#organization\"},\"potentialAction\":[{\"@type\":\"SearchAction\",\"target\":{\"@type\":\"EntryPoint\",\"urlTemplate\":\"https:\/\/www.fiscalia.gov.co\/colombia\/?s={search_term_string}\"},\"query-input\":{\"@type\":\"PropertyValueSpecification\",\"valueRequired\":true,\"valueName\":\"search_term_string\"}}],\"inLanguage\":\"es-CO\"},{\"@type\":\"Organization\",\"@id\":\"https:\/\/www.fiscalia.gov.co\/colombia\/#organization\",\"name\":\"Fiscal\u00eda General de la Naci\u00f3n\",\"url\":\"https:\/\/www.fiscalia.gov.co\/colombia\/\",\"logo\":{\"@type\":\"ImageObject\",\"inLanguage\":\"es-CO\",\"@id\":\"https:\/\/www.fiscalia.gov.co\/colombia\/#\/schema\/logo\/image\/\",\"url\":\"https:\/\/www.fiscalia.gov.co\/colombia\/wp-content\/uploads\/LogoHorizontal_1.jpg\",\"contentUrl\":\"https:\/\/www.fiscalia.gov.co\/colombia\/wp-content\/uploads\/LogoHorizontal_1.jpg\",\"width\":300,\"height\":90,\"caption\":\"Fiscal\u00eda General de la Naci\u00f3n\"},\"image\":{\"@id\":\"https:\/\/www.fiscalia.gov.co\/colombia\/#\/schema\/logo\/image\/\"},\"sameAs\":[\"https:\/\/www.facebook.com\/FiscaliaCol\",\"https:\/\/x.com\/FiscaliaCol\",\"https:\/\/www.instagram.com\/fiscaliacol\",\"https:\/\/www.linkedin.com\/company\/fiscalia-general-de-la-naci-n\/\",\"https:\/\/youtube.com\/@fiscaliageneraldelanacion-4668?si=6nN79nyQICPU5iTh\"]},{\"@type\":\"Person\",\"@id\":\"https:\/\/www.fiscalia.gov.co\/colombia\/#\/schema\/person\/06aa2210fe4d79203f428ff671dee360\",\"name\":\"Ana Mar\u00eda Gomez\",\"image\":{\"@type\":\"ImageObject\",\"inLanguage\":\"es-CO\",\"@id\":\"https:\/\/www.fiscalia.gov.co\/colombia\/#\/schema\/person\/image\/\",\"url\":\"https:\/\/secure.gravatar.com\/avatar\/a38115d98a7f8a96cbb96af2b2c37a0b?s=96&d=mm&r=g\",\"contentUrl\":\"https:\/\/secure.gravatar.com\/avatar\/a38115d98a7f8a96cbb96af2b2c37a0b?s=96&d=mm&r=g\",\"caption\":\"Ana Mar\u00eda Gomez\"},\"url\":\"https:\/\/www.fiscalia.gov.co\/colombia\/author\/agomez\/\"}]}<\/script>\n<!-- \/ Yoast SEO plugin. -->","yoast_head_json":{"title":"Fiscal\u00eda General de la Naci\u00f3n","description":"P\u00e1gina oficial de la Fiscal\u00eda General de la Naci\u00f3n \u2013 Colombia. Garantizamos el acceso efectivo a la justicia, la verdad y la reparaci\u00f3n de las v\u00edctimas de los delitos.","robots":{"index":"noindex","follow":"follow"},"og_locale":"es_ES","og_type":"article","og_title":"Fiscal\u00eda General de la Naci\u00f3n","og_description":"P\u00e1gina oficial de la Fiscal\u00eda General de la Naci\u00f3n \u2013 Colombia. Garantizamos el acceso efectivo a la justicia, la verdad y la reparaci\u00f3n de las v\u00edctimas de los delitos.","og_url":"https:\/\/www.fiscalia.gov.co\/colombia\/derechos-humanos\/fiscalia-impacta-a-red-ilegal-senalada-de-obtener-medicamentos-de-hogares-geriatricos-y-entidades-de-salud-para-adulterarlos\/","og_site_name":"Fiscal\u00eda General de la Naci\u00f3n","article_publisher":"https:\/\/www.facebook.com\/FiscaliaCol","article_published_time":"2021-07-02T12:47:46+00:00","article_modified_time":"2021-07-09T15:42:21+00:00","author":"Ana Mar\u00eda Gomez","twitter_card":"summary_large_image","twitter_creator":"@FiscaliaCol","twitter_site":"@FiscaliaCol","twitter_misc":{"Escrito por":"Ana Mar\u00eda Gomez","Tiempo de lectura":"3 minutos"},"schema":{"@context":"https:\/\/schema.org","@graph":[{"@type":"Article","@id":"https:\/\/www.fiscalia.gov.co\/colombia\/derechos-humanos\/fiscalia-impacta-a-red-ilegal-senalada-de-obtener-medicamentos-de-hogares-geriatricos-y-entidades-de-salud-para-adulterarlos\/#article","isPartOf":{"@id":"https:\/\/www.fiscalia.gov.co\/colombia\/derechos-humanos\/fiscalia-impacta-a-red-ilegal-senalada-de-obtener-medicamentos-de-hogares-geriatricos-y-entidades-de-salud-para-adulterarlos\/"},"author":{"name":"Ana Mar\u00eda Gomez","@id":"https:\/\/www.fiscalia.gov.co\/colombia\/#\/schema\/person\/06aa2210fe4d79203f428ff671dee360"},"headline":"Fiscal\u00eda impacta a red ilegal se\u00f1alada de obtener medicamentos de hogares geri\u00e1tricos y entidades de salud para adulterarlos","datePublished":"2021-07-02T12:47:46+00:00","dateModified":"2021-07-09T15:42:21+00:00","mainEntityOfPage":{"@id":"https:\/\/www.fiscalia.gov.co\/colombia\/derechos-humanos\/fiscalia-impacta-a-red-ilegal-senalada-de-obtener-medicamentos-de-hogares-geriatricos-y-entidades-de-salud-para-adulterarlos\/"},"wordCount":660,"publisher":{"@id":"https:\/\/www.fiscalia.gov.co\/colombia\/#organization"},"keywords":["Fiscal Barbosa","Fiscal\u00eda"],"articleSection":["Derechos Humanos"],"inLanguage":"es-CO"},{"@type":"WebPage","@id":"https:\/\/www.fiscalia.gov.co\/colombia\/derechos-humanos\/fiscalia-impacta-a-red-ilegal-senalada-de-obtener-medicamentos-de-hogares-geriatricos-y-entidades-de-salud-para-adulterarlos\/","url":"https:\/\/www.fiscalia.gov.co\/colombia\/derechos-humanos\/fiscalia-impacta-a-red-ilegal-senalada-de-obtener-medicamentos-de-hogares-geriatricos-y-entidades-de-salud-para-adulterarlos\/","name":"Fiscal\u00eda General de la Naci\u00f3n","isPartOf":{"@id":"https:\/\/www.fiscalia.gov.co\/colombia\/#website"},"datePublished":"2021-07-02T12:47:46+00:00","dateModified":"2021-07-09T15:42:21+00:00","description":"P\u00e1gina oficial de la Fiscal\u00eda General de la Naci\u00f3n \u2013 Colombia. Garantizamos el acceso efectivo a la justicia, la verdad y la reparaci\u00f3n de las v\u00edctimas de los delitos.","breadcrumb":{"@id":"https:\/\/www.fiscalia.gov.co\/colombia\/derechos-humanos\/fiscalia-impacta-a-red-ilegal-senalada-de-obtener-medicamentos-de-hogares-geriatricos-y-entidades-de-salud-para-adulterarlos\/#breadcrumb"},"inLanguage":"es-CO","potentialAction":[{"@type":"ReadAction","target":["https:\/\/www.fiscalia.gov.co\/colombia\/derechos-humanos\/fiscalia-impacta-a-red-ilegal-senalada-de-obtener-medicamentos-de-hogares-geriatricos-y-entidades-de-salud-para-adulterarlos\/"]}]},{"@type":"BreadcrumbList","@id":"https:\/\/www.fiscalia.gov.co\/colombia\/derechos-humanos\/fiscalia-impacta-a-red-ilegal-senalada-de-obtener-medicamentos-de-hogares-geriatricos-y-entidades-de-salud-para-adulterarlos\/#breadcrumb","itemListElement":[{"@type":"ListItem","position":1,"name":"Home","item":"https:\/\/www.fiscalia.gov.co\/colombia\/"},{"@type":"ListItem","position":2,"name":"Fiscal\u00eda impacta a red ilegal se\u00f1alada de obtener medicamentos de hogares geri\u00e1tricos y entidades de salud para adulterarlos"}]},{"@type":"WebSite","@id":"https:\/\/www.fiscalia.gov.co\/colombia\/#website","url":"https:\/\/www.fiscalia.gov.co\/colombia\/","name":"Fiscal\u00eda General de la Naci\u00f3n","description":"P\u00e1gina oficial de la Fiscal\u00eda General de la Naci\u00f3n \u2013 Colombia. Garantizamos el acceso efectivo a la justicia, la verdad y la reparaci\u00f3n de las v\u00edctimas de los delitos.","publisher":{"@id":"https:\/\/www.fiscalia.gov.co\/colombia\/#organization"},"potentialAction":[{"@type":"SearchAction","target":{"@type":"EntryPoint","urlTemplate":"https:\/\/www.fiscalia.gov.co\/colombia\/?s={search_term_string}"},"query-input":{"@type":"PropertyValueSpecification","valueRequired":true,"valueName":"search_term_string"}}],"inLanguage":"es-CO"},{"@type":"Organization","@id":"https:\/\/www.fiscalia.gov.co\/colombia\/#organization","name":"Fiscal\u00eda General de la Naci\u00f3n","url":"https:\/\/www.fiscalia.gov.co\/colombia\/","logo":{"@type":"ImageObject","inLanguage":"es-CO","@id":"https:\/\/www.fiscalia.gov.co\/colombia\/#\/schema\/logo\/image\/","url":"https:\/\/www.fiscalia.gov.co\/colombia\/wp-content\/uploads\/LogoHorizontal_1.jpg","contentUrl":"https:\/\/www.fiscalia.gov.co\/colombia\/wp-content\/uploads\/LogoHorizontal_1.jpg","width":300,"height":90,"caption":"Fiscal\u00eda General de la Naci\u00f3n"},"image":{"@id":"https:\/\/www.fiscalia.gov.co\/colombia\/#\/schema\/logo\/image\/"},"sameAs":["https:\/\/www.facebook.com\/FiscaliaCol","https:\/\/x.com\/FiscaliaCol","https:\/\/www.instagram.com\/fiscaliacol","https:\/\/www.linkedin.com\/company\/fiscalia-general-de-la-naci-n\/","https:\/\/youtube.com\/@fiscaliageneraldelanacion-4668?si=6nN79nyQICPU5iTh"]},{"@type":"Person","@id":"https:\/\/www.fiscalia.gov.co\/colombia\/#\/schema\/person\/06aa2210fe4d79203f428ff671dee360","name":"Ana Mar\u00eda Gomez","image":{"@type":"ImageObject","inLanguage":"es-CO","@id":"https:\/\/www.fiscalia.gov.co\/colombia\/#\/schema\/person\/image\/","url":"https:\/\/secure.gravatar.com\/avatar\/a38115d98a7f8a96cbb96af2b2c37a0b?s=96&d=mm&r=g","contentUrl":"https:\/\/secure.gravatar.com\/avatar\/a38115d98a7f8a96cbb96af2b2c37a0b?s=96&d=mm&r=g","caption":"Ana Mar\u00eda Gomez"},"url":"https:\/\/www.fiscalia.gov.co\/colombia\/author\/agomez\/"}]}},"_links":{"self":[{"href":"https:\/\/www.fiscalia.gov.co\/colombia\/wp-json\/wp\/v2\/posts\/223665","targetHints":{"allow":["GET"]}}],"collection":[{"href":"https:\/\/www.fiscalia.gov.co\/colombia\/wp-json\/wp\/v2\/posts"}],"about":[{"href":"https:\/\/www.fiscalia.gov.co\/colombia\/wp-json\/wp\/v2\/types\/post"}],"author":[{"embeddable":true,"href":"https:\/\/www.fiscalia.gov.co\/colombia\/wp-json\/wp\/v2\/users\/171"}],"replies":[{"embeddable":true,"href":"https:\/\/www.fiscalia.gov.co\/colombia\/wp-json\/wp\/v2\/comments?post=223665"}],"version-history":[{"count":2,"href":"https:\/\/www.fiscalia.gov.co\/colombia\/wp-json\/wp\/v2\/posts\/223665\/revisions"}],"predecessor-version":[{"id":223667,"href":"https:\/\/www.fiscalia.gov.co\/colombia\/wp-json\/wp\/v2\/posts\/223665\/revisions\/223667"}],"wp:attachment":[{"href":"https:\/\/www.fiscalia.gov.co\/colombia\/wp-json\/wp\/v2\/media?parent=223665"}],"wp:term":[{"taxonomy":"category","embeddable":true,"href":"https:\/\/www.fiscalia.gov.co\/colombia\/wp-json\/wp\/v2\/categories?post=223665"},{"taxonomy":"post_tag","embeddable":true,"href":"https:\/\/www.fiscalia.gov.co\/colombia\/wp-json\/wp\/v2\/tags?post=223665"}],"curies":[{"name":"wp","href":"https:\/\/api.w.org\/{rel}","templated":true}]}}