{"id":223323,"date":"2021-06-29T10:55:53","date_gmt":"2021-06-29T15:55:53","guid":{"rendered":"https:\/\/www.fiscalia.gov.co\/colombia\/?p=223323"},"modified":"2021-06-29T11:08:51","modified_gmt":"2021-06-29T16:08:51","slug":"gigantesca-incautacion-de-cocaina-en-complejo-narcotraficante-del-eln-en-narino","status":"publish","type":"post","link":"https:\/\/www.fiscalia.gov.co\/colombia\/fiscal-general-de-la-nacion\/gigantesca-incautacion-de-cocaina-en-complejo-narcotraficante-del-eln-en-narino\/","title":{"rendered":"Gigantesca incautaci\u00f3n de coca\u00edna en complejo narcotraficante del ELN en Nari\u00f1o"},"content":{"rendered":"<blockquote>\n<h4 class=\"s7\" style=\"text-align: left;\"><em><strong><span class=\"s6\"><span class=\"bumpedFont15\">M\u00e1s de seis toneladas de clorhidrato de coca\u00edna estaban listas para ser embaladas y trasportadas.<\/span><\/span><\/strong><\/em><\/h4>\n<\/blockquote>\n<p class=\"s7\"><span class=\"s8\"><span class=\"bumpedFont15\">Desde Armenia (Quind\u00edo), el Fiscal General<\/span><\/span><span class=\"s8\"><span class=\"bumpedFont15\"> de la Naci\u00f3n, <\/span><\/span><span class=\"s8\"><span class=\"bumpedFont15\">Francisco Barbosa Delgado, anunci\u00f3 un importante resultado en la lucha contra el narcotr\u00e1fico <\/span><\/span><span class=\"s8\"><span class=\"bumpedFont15\">que se logr\u00f3 gracias <\/span><\/span><span class=\"s8\"><span class=\"bumpedFont15\">a labor investigativa contra las estructuras de crimen que delinquen en el suroccidente del pa\u00eds <\/span><\/span><span class=\"s8\"><span class=\"bumpedFont15\">y que <\/span><\/span><span class=\"s8\"><span class=\"bumpedFont15\">permiti\u00f3 identificar y ubicar un complejo narcotraficante, que ser\u00eda una de las mayores fuentes de financiaci\u00f3n del denominado frente Comuneros del Sur del ELN.<\/span><\/span><\/p>\n<p class=\"s7\"><span class=\"s8\"><span class=\"bumpedFont15\">Funcionarios del Grupo Especial de Investigaciones del CTI, en trabajo articulado con el Ej\u00e9rcito Nacional y la Fuerza A\u00e9rea Colombiana, y con el apoyo de la agencia estadounidense DEA, llegaron hasta el \u00e1rea referenciada, en zona selv\u00e1tica de Samaniego <\/span><\/span><span class=\"s8\"><span class=\"bumpedFont15\">(Nari\u00f1o), y encontraron un complejo de producci\u00f3n de coca\u00edna con tres laboratorios<\/span><\/span><span class=\"s8\"><span class=\"bumpedFont15\">rodeados de cultivos il\u00edcitos.<\/span><\/span><\/p>\n<p class=\"s7\"><span class=\"s8\"><span class=\"bumpedFont15\">Las estructuras r\u00fasticas, contrario a otras construcciones localizadas en anteriores oportunidades en la regi\u00f3n, ten\u00edan bases en concreto y una distribuci\u00f3n independiente de cada uno de los procesos il\u00edcitos. En las verif<\/span><\/span><span class=\"s8\"><span class=\"bumpedFont15\">icaciones fueron halladas<\/span><\/span><span class=\"s8\"><span class=\"bumpedFont15\"> seis toneladas<\/span><\/span><span class=\"s8\"><span class=\"bumpedFont15\"> y media<\/span><\/span><span class=\"s8\"><span class=\"bumpedFont15\"> de clorhidrato de coca\u00edna, adem\u00e1s de 443 kilogramos de pasta base de coca.<\/span><\/span><\/p>\n<p class=\"s7\"><span class=\"s8\"><span class=\"bumpedFont15\">El estupefaciente estaba listo para ser embalado y transportado hacia las costas del Pac\u00edfico colombiano y zona de frontera con Ecuador. Desde all\u00ed, al parecer, iba a ser enviado hasta Centroam\u00e9rica <\/span><\/span><span class=\"s8\"><span class=\"bumpedFont15\">donde <\/span><\/span><span class=\"s8\"><span class=\"bumpedFont15\">ser\u00eda <\/span><\/span><span class=\"s8\"><span class=\"bumpedFont15\">recibido por contactos de los carteles mexicanos. <\/span><\/span><\/p>\n<p class=\"s7\"><span class=\"s8\"><span class=\"bumpedFont15\">En el complejo <\/span><\/span><span class=\"s8\"><span class=\"bumpedFont15\">ilegal <\/span><\/span><span class=\"s8\"><span class=\"bumpedFont15\">tambi\u00e9n se incautaron cerca de dos toneladas de insumos s\u00f3lidos (cal, <\/span><\/span><span class=\"s8\"><span class=\"bumpedFont15\">soda caustica, permanganato de potasio, carb\u00f3n activado, cemento y <\/span><\/span><span class=\"s8\"><span class=\"bumpedFont15\">metalbisulfito<\/span><\/span><span class=\"s8\"><span class=\"bumpedFont15\">), algo m\u00e1s de 7.000 galones de precursores l\u00edquidos (<\/span><\/span><span class=\"s8\"><span class=\"bumpedFont15\">acetonas, \u00e1cido sulf\u00farico, cloroformo y \u00e1cido clorh\u00eddrico), moldes met\u00e1licos, marquillas pl\u00e1sticas adhesivas, rollos de cinta, <\/span><\/span><span class=\"s8\"><span class=\"bumpedFont15\">grameras<\/span><\/span><span class=\"s8\"><span class=\"bumpedFont15\">, extractores de aire, empacadoras al vac\u00edo y hornos microondas.<\/span><\/span><\/p>\n<figure id=\"attachment_223329\" aria-describedby=\"caption-attachment-223329\" style=\"width: 622px\" class=\"wp-caption aligncenter\"><img loading=\"lazy\" decoding=\"async\" class=\"size-full wp-image-223329\" src=\"https:\/\/www.fiscalia.gov.co\/colombia\/wp-content\/uploads\/Imagen1.jpg\" alt=\"\" width=\"622\" height=\"349\" srcset=\"https:\/\/www.fiscalia.gov.co\/colombia\/wp-content\/uploads\/Imagen1.jpg 622w, https:\/\/www.fiscalia.gov.co\/colombia\/wp-content\/uploads\/Imagen1-300x168.jpg 300w\" sizes=\"auto, (max-width: 622px) 100vw, 622px\" \/><figcaption id=\"caption-attachment-223329\" class=\"wp-caption-text\">En operativo conjunto con Ej\u00e9rcito Nacional, Fuerza A\u00e9rea y CTI fueron destruidas 6 toneladas de clorhidrato de coca\u00edna en el departamento de Nari\u00f1o..<\/figcaption><\/figure>\n<p class=\"s7\"><span class=\"s8\"><span class=\"bumpedFont15\">Este lugar ten\u00eda alojamientos para albergar 50 personas y 600 kilogramos de alimentos.<\/span><\/span><\/p>\n<p class=\"s7\"><span class=\"s8\"><span class=\"bumpedFont15\">La<\/span><\/span><span class=\"s8\"><span class=\"bumpedFont15\"> coca\u00edna, la maquinaria y otros elementos encontrados superar\u00edan<\/span><\/span><span class=\"s8\"><span class=\"bumpedFont15\"> en valor<\/span><\/span><span class=\"s8\"><span class=\"bumpedFont15\"> los <\/span><\/span><span class=\"s8\"><span class=\"bumpedFont15\">9<\/span><\/span><span class=\"s8\"><span class=\"bumpedFont15\"> millones <\/span><\/span><span class=\"s8\"><span class=\"bumpedFont15\">de d\u00f3lares. Los indicios dan cuenta <\/span><\/span><span class=\"s8\"><span class=\"bumpedFont15\">de <\/span><\/span><span class=\"s8\"><span class=\"bumpedFont15\">que la producci\u00f3n il\u00edcita estaba a cargo de alias <\/span><\/span><span class=\"s8\"><span class=\"bumpedFont15\">Fercho<\/span><\/span><span class=\"s8\"><span class=\"bumpedFont15\">, cabecilla de la compa\u00f1\u00eda Jaime To\u00f1o Obando del frente Comuneros del Sur del ELN.<\/span><\/span><\/p>\n<p class=\"s7\"><span class=\"s8\"><span class=\"bumpedFont15\">\u201cEste resultado hace parte de la estrategia de persecuci\u00f3n en los corredores regionales <\/span><\/span><span class=\"s8\"><span class=\"bumpedFont15\">de criminalidad con lo cual se ha logrado por parte de la Fiscal\u00eda General de la Naci\u00f3n y de la Polic\u00eda, un total de 137 toneladas de coca\u00edna y 138 de marihuana incautadas, obteniendo un total de 275 toneladas en incautaci\u00f3n y la destrucci\u00f3n de 214 laboratorios en lo corrido del a\u00f1o<\/span><\/span><span class=\"s8\"><span class=\"bumpedFont15\">\u201d<\/span><\/span><span class=\"s8\"><span class=\"bumpedFont15\">, puntualiz\u00f3 el Fiscal General de la Naci\u00f3n.<\/span><\/span><\/p>\n<p class=\"s7\"><span class=\"s8\"><span class=\"bumpedFont15\">Esta informaci\u00f3n se publica por razones de inter\u00e9s.<\/span><\/span><\/p>\n<p class=\"s9\"><span class=\"s10\"><span class=\"bumpedFont15\">La Fiscal\u00eda habla con resultados.<\/span><\/span><\/p>\n<p class=\"s7\"><span class=\"s11\"><span class=\"bumpedFont20\">LAGP\/JARG\/AAQ\/MCR.<\/span><\/span><\/p>\n<p><em>La informaci\u00f3n contenida en este bolet\u00edn de prensa corresponde a la narraci\u00f3n de los hechos noticiosos objetivos, suministrados por los funcionarios encargados de adelantar las investigaciones penales al interior de la Fiscal\u00eda General de la Naci\u00f3n. Para el momento de la divulgaci\u00f3n de este comunicado, la situaci\u00f3n jur\u00eddica de la(s) persona(s) relacionada(s) se encuentra pendiente de resolver por la autoridad judicial competente, siempre bajo los preceptos de la presunci\u00f3n de inocencia, consagrados en el art\u00edculo 29 de la Constituci\u00f3n Pol\u00edtica y el art\u00edculo 7\u00ba de la Ley 906 de 2004.<\/em><\/p>\n\n<div class=\"twitter-share\"><a href=\"https:\/\/twitter.com\/intent\/tweet?via=fiscaliacol\" class=\"twitter-share-button\">Tweet<\/a><\/div>\n","protected":false},"excerpt":{"rendered":"<p>M\u00e1s de seis toneladas de clorhidrato de coca\u00edna estaban listas para ser embaladas y trasportadas. Desde Armenia (Quind\u00edo), el Fiscal General de la Naci\u00f3n, Francisco Barbosa Delgado, anunci\u00f3 un importante [&hellip;]<\/p>\n","protected":false},"author":171,"featured_media":0,"comment_status":"closed","ping_status":"open","sticky":false,"template":"","format":"video","meta":{"tdm_status":"","tdm_grid_status":"","footnotes":""},"categories":[25128,24096],"tags":[24185,4614],"class_list":["post-223323","post","type-post","status-publish","format-video","category-el-fiscal-en-los-territorios","category-fiscal-general-de-la-nacion","tag-fiscal-barbosa","tag-fiscalia-2","post_format-post-format-video"],"yoast_head":"<!-- This site is optimized with the Yoast SEO plugin v24.3 - https:\/\/yoast.com\/wordpress\/plugins\/seo\/ -->\n<title>Fiscal\u00eda General de la Naci\u00f3n<\/title>\n<meta name=\"description\" content=\"P\u00e1gina oficial de la Fiscal\u00eda General de la Naci\u00f3n \u2013 Colombia. Garantizamos el acceso efectivo a la justicia, la verdad y la reparaci\u00f3n de las v\u00edctimas de los delitos.\" \/>\n<meta name=\"robots\" content=\"noindex, follow\" \/>\n<meta property=\"og:locale\" content=\"es_ES\" \/>\n<meta property=\"og:type\" content=\"article\" \/>\n<meta property=\"og:title\" content=\"Fiscal\u00eda General de la Naci\u00f3n\" \/>\n<meta property=\"og:description\" content=\"P\u00e1gina oficial de la Fiscal\u00eda General de la Naci\u00f3n \u2013 Colombia. Garantizamos el acceso efectivo a la justicia, la verdad y la reparaci\u00f3n de las v\u00edctimas de los delitos.\" \/>\n<meta property=\"og:url\" content=\"https:\/\/www.fiscalia.gov.co\/colombia\/fiscal-general-de-la-nacion\/gigantesca-incautacion-de-cocaina-en-complejo-narcotraficante-del-eln-en-narino\/\" \/>\n<meta property=\"og:site_name\" content=\"Fiscal\u00eda General de la Naci\u00f3n\" \/>\n<meta property=\"article:publisher\" content=\"https:\/\/www.facebook.com\/FiscaliaCol\" \/>\n<meta property=\"article:published_time\" content=\"2021-06-29T15:55:53+00:00\" \/>\n<meta property=\"article:modified_time\" content=\"2021-06-29T16:08:51+00:00\" \/>\n<meta property=\"og:image\" content=\"https:\/\/www.fiscalia.gov.co\/colombia\/wp-content\/uploads\/Imagen1.jpg\" \/>\n<meta name=\"author\" content=\"Ana Mar\u00eda Gomez\" \/>\n<meta name=\"twitter:card\" content=\"summary_large_image\" \/>\n<meta name=\"twitter:creator\" content=\"@FiscaliaCol\" \/>\n<meta name=\"twitter:site\" content=\"@FiscaliaCol\" \/>\n<meta name=\"twitter:label1\" content=\"Escrito por\" \/>\n\t<meta name=\"twitter:data1\" content=\"Ana Mar\u00eda Gomez\" \/>\n\t<meta name=\"twitter:label2\" content=\"Tiempo de lectura\" \/>\n\t<meta name=\"twitter:data2\" content=\"3 minutos\" \/>\n<script type=\"application\/ld+json\" class=\"yoast-schema-graph\">{\"@context\":\"https:\/\/schema.org\",\"@graph\":[{\"@type\":\"Article\",\"@id\":\"https:\/\/www.fiscalia.gov.co\/colombia\/fiscal-general-de-la-nacion\/gigantesca-incautacion-de-cocaina-en-complejo-narcotraficante-del-eln-en-narino\/#article\",\"isPartOf\":{\"@id\":\"https:\/\/www.fiscalia.gov.co\/colombia\/fiscal-general-de-la-nacion\/gigantesca-incautacion-de-cocaina-en-complejo-narcotraficante-del-eln-en-narino\/\"},\"author\":{\"name\":\"Ana Mar\u00eda Gomez\",\"@id\":\"https:\/\/www.fiscalia.gov.co\/colombia\/#\/schema\/person\/06aa2210fe4d79203f428ff671dee360\"},\"headline\":\"Gigantesca incautaci\u00f3n de coca\u00edna en complejo narcotraficante del ELN en Nari\u00f1o\",\"datePublished\":\"2021-06-29T15:55:53+00:00\",\"dateModified\":\"2021-06-29T16:08:51+00:00\",\"mainEntityOfPage\":{\"@id\":\"https:\/\/www.fiscalia.gov.co\/colombia\/fiscal-general-de-la-nacion\/gigantesca-incautacion-de-cocaina-en-complejo-narcotraficante-del-eln-en-narino\/\"},\"wordCount\":629,\"publisher\":{\"@id\":\"https:\/\/www.fiscalia.gov.co\/colombia\/#organization\"},\"image\":{\"@id\":\"https:\/\/www.fiscalia.gov.co\/colombia\/fiscal-general-de-la-nacion\/gigantesca-incautacion-de-cocaina-en-complejo-narcotraficante-del-eln-en-narino\/#primaryimage\"},\"thumbnailUrl\":\"https:\/\/www.fiscalia.gov.co\/colombia\/wp-content\/uploads\/Imagen1.jpg\",\"keywords\":[\"Fiscal Barbosa\",\"Fiscal\u00eda\"],\"articleSection\":[\"El Fiscal en los territorios\",\"Fiscal General de la Naci\u00f3n\"],\"inLanguage\":\"es-CO\"},{\"@type\":\"WebPage\",\"@id\":\"https:\/\/www.fiscalia.gov.co\/colombia\/fiscal-general-de-la-nacion\/gigantesca-incautacion-de-cocaina-en-complejo-narcotraficante-del-eln-en-narino\/\",\"url\":\"https:\/\/www.fiscalia.gov.co\/colombia\/fiscal-general-de-la-nacion\/gigantesca-incautacion-de-cocaina-en-complejo-narcotraficante-del-eln-en-narino\/\",\"name\":\"Fiscal\u00eda General de la Naci\u00f3n\",\"isPartOf\":{\"@id\":\"https:\/\/www.fiscalia.gov.co\/colombia\/#website\"},\"primaryImageOfPage\":{\"@id\":\"https:\/\/www.fiscalia.gov.co\/colombia\/fiscal-general-de-la-nacion\/gigantesca-incautacion-de-cocaina-en-complejo-narcotraficante-del-eln-en-narino\/#primaryimage\"},\"image\":{\"@id\":\"https:\/\/www.fiscalia.gov.co\/colombia\/fiscal-general-de-la-nacion\/gigantesca-incautacion-de-cocaina-en-complejo-narcotraficante-del-eln-en-narino\/#primaryimage\"},\"thumbnailUrl\":\"https:\/\/www.fiscalia.gov.co\/colombia\/wp-content\/uploads\/Imagen1.jpg\",\"datePublished\":\"2021-06-29T15:55:53+00:00\",\"dateModified\":\"2021-06-29T16:08:51+00:00\",\"description\":\"P\u00e1gina oficial de la Fiscal\u00eda General de la Naci\u00f3n \u2013 Colombia. Garantizamos el acceso efectivo a la justicia, la verdad y la reparaci\u00f3n de las v\u00edctimas de los delitos.\",\"breadcrumb\":{\"@id\":\"https:\/\/www.fiscalia.gov.co\/colombia\/fiscal-general-de-la-nacion\/gigantesca-incautacion-de-cocaina-en-complejo-narcotraficante-del-eln-en-narino\/#breadcrumb\"},\"inLanguage\":\"es-CO\",\"potentialAction\":[{\"@type\":\"ReadAction\",\"target\":[\"https:\/\/www.fiscalia.gov.co\/colombia\/fiscal-general-de-la-nacion\/gigantesca-incautacion-de-cocaina-en-complejo-narcotraficante-del-eln-en-narino\/\"]}]},{\"@type\":\"ImageObject\",\"inLanguage\":\"es-CO\",\"@id\":\"https:\/\/www.fiscalia.gov.co\/colombia\/fiscal-general-de-la-nacion\/gigantesca-incautacion-de-cocaina-en-complejo-narcotraficante-del-eln-en-narino\/#primaryimage\",\"url\":\"https:\/\/www.fiscalia.gov.co\/colombia\/wp-content\/uploads\/Imagen1.jpg\",\"contentUrl\":\"https:\/\/www.fiscalia.gov.co\/colombia\/wp-content\/uploads\/Imagen1.jpg\",\"width\":622,\"height\":349,\"caption\":\"En operativo conjunto con Ej\u00e9rcito Nacional, Fuerza A\u00e9rea y CTI fueron destruidas 6 toneladas de clorhidrato de coca\u00edna en el departamento de Nari\u00f1o..\"},{\"@type\":\"BreadcrumbList\",\"@id\":\"https:\/\/www.fiscalia.gov.co\/colombia\/fiscal-general-de-la-nacion\/gigantesca-incautacion-de-cocaina-en-complejo-narcotraficante-del-eln-en-narino\/#breadcrumb\",\"itemListElement\":[{\"@type\":\"ListItem\",\"position\":1,\"name\":\"Home\",\"item\":\"https:\/\/www.fiscalia.gov.co\/colombia\/\"},{\"@type\":\"ListItem\",\"position\":2,\"name\":\"Gigantesca incautaci\u00f3n de coca\u00edna en complejo narcotraficante del ELN en Nari\u00f1o\"}]},{\"@type\":\"WebSite\",\"@id\":\"https:\/\/www.fiscalia.gov.co\/colombia\/#website\",\"url\":\"https:\/\/www.fiscalia.gov.co\/colombia\/\",\"name\":\"Fiscal\u00eda General de la Naci\u00f3n\",\"description\":\"P\u00e1gina oficial de la Fiscal\u00eda General de la Naci\u00f3n \u2013 Colombia. Garantizamos el acceso efectivo a la justicia, la verdad y la reparaci\u00f3n de las v\u00edctimas de los delitos.\",\"publisher\":{\"@id\":\"https:\/\/www.fiscalia.gov.co\/colombia\/#organization\"},\"potentialAction\":[{\"@type\":\"SearchAction\",\"target\":{\"@type\":\"EntryPoint\",\"urlTemplate\":\"https:\/\/www.fiscalia.gov.co\/colombia\/?s={search_term_string}\"},\"query-input\":{\"@type\":\"PropertyValueSpecification\",\"valueRequired\":true,\"valueName\":\"search_term_string\"}}],\"inLanguage\":\"es-CO\"},{\"@type\":\"Organization\",\"@id\":\"https:\/\/www.fiscalia.gov.co\/colombia\/#organization\",\"name\":\"Fiscal\u00eda General de la Naci\u00f3n\",\"url\":\"https:\/\/www.fiscalia.gov.co\/colombia\/\",\"logo\":{\"@type\":\"ImageObject\",\"inLanguage\":\"es-CO\",\"@id\":\"https:\/\/www.fiscalia.gov.co\/colombia\/#\/schema\/logo\/image\/\",\"url\":\"https:\/\/www.fiscalia.gov.co\/colombia\/wp-content\/uploads\/LogoHorizontal_1.jpg\",\"contentUrl\":\"https:\/\/www.fiscalia.gov.co\/colombia\/wp-content\/uploads\/LogoHorizontal_1.jpg\",\"width\":300,\"height\":90,\"caption\":\"Fiscal\u00eda General de la Naci\u00f3n\"},\"image\":{\"@id\":\"https:\/\/www.fiscalia.gov.co\/colombia\/#\/schema\/logo\/image\/\"},\"sameAs\":[\"https:\/\/www.facebook.com\/FiscaliaCol\",\"https:\/\/x.com\/FiscaliaCol\",\"https:\/\/www.instagram.com\/fiscaliacol\",\"https:\/\/www.linkedin.com\/company\/fiscalia-general-de-la-naci-n\/\",\"https:\/\/youtube.com\/@fiscaliageneraldelanacion-4668?si=6nN79nyQICPU5iTh\"]},{\"@type\":\"Person\",\"@id\":\"https:\/\/www.fiscalia.gov.co\/colombia\/#\/schema\/person\/06aa2210fe4d79203f428ff671dee360\",\"name\":\"Ana Mar\u00eda Gomez\",\"image\":{\"@type\":\"ImageObject\",\"inLanguage\":\"es-CO\",\"@id\":\"https:\/\/www.fiscalia.gov.co\/colombia\/#\/schema\/person\/image\/\",\"url\":\"https:\/\/secure.gravatar.com\/avatar\/a38115d98a7f8a96cbb96af2b2c37a0b?s=96&d=mm&r=g\",\"contentUrl\":\"https:\/\/secure.gravatar.com\/avatar\/a38115d98a7f8a96cbb96af2b2c37a0b?s=96&d=mm&r=g\",\"caption\":\"Ana Mar\u00eda Gomez\"},\"url\":\"https:\/\/www.fiscalia.gov.co\/colombia\/author\/agomez\/\"}]}<\/script>\n<!-- \/ Yoast SEO plugin. -->","yoast_head_json":{"title":"Fiscal\u00eda General de la Naci\u00f3n","description":"P\u00e1gina oficial de la Fiscal\u00eda General de la Naci\u00f3n \u2013 Colombia. Garantizamos el acceso efectivo a la justicia, la verdad y la reparaci\u00f3n de las v\u00edctimas de los delitos.","robots":{"index":"noindex","follow":"follow"},"og_locale":"es_ES","og_type":"article","og_title":"Fiscal\u00eda General de la Naci\u00f3n","og_description":"P\u00e1gina oficial de la Fiscal\u00eda General de la Naci\u00f3n \u2013 Colombia. Garantizamos el acceso efectivo a la justicia, la verdad y la reparaci\u00f3n de las v\u00edctimas de los delitos.","og_url":"https:\/\/www.fiscalia.gov.co\/colombia\/fiscal-general-de-la-nacion\/gigantesca-incautacion-de-cocaina-en-complejo-narcotraficante-del-eln-en-narino\/","og_site_name":"Fiscal\u00eda General de la Naci\u00f3n","article_publisher":"https:\/\/www.facebook.com\/FiscaliaCol","article_published_time":"2021-06-29T15:55:53+00:00","article_modified_time":"2021-06-29T16:08:51+00:00","og_image":[{"url":"https:\/\/www.fiscalia.gov.co\/colombia\/wp-content\/uploads\/Imagen1.jpg","type":"","width":"","height":""}],"author":"Ana Mar\u00eda Gomez","twitter_card":"summary_large_image","twitter_creator":"@FiscaliaCol","twitter_site":"@FiscaliaCol","twitter_misc":{"Escrito por":"Ana Mar\u00eda Gomez","Tiempo de lectura":"3 minutos"},"schema":{"@context":"https:\/\/schema.org","@graph":[{"@type":"Article","@id":"https:\/\/www.fiscalia.gov.co\/colombia\/fiscal-general-de-la-nacion\/gigantesca-incautacion-de-cocaina-en-complejo-narcotraficante-del-eln-en-narino\/#article","isPartOf":{"@id":"https:\/\/www.fiscalia.gov.co\/colombia\/fiscal-general-de-la-nacion\/gigantesca-incautacion-de-cocaina-en-complejo-narcotraficante-del-eln-en-narino\/"},"author":{"name":"Ana Mar\u00eda Gomez","@id":"https:\/\/www.fiscalia.gov.co\/colombia\/#\/schema\/person\/06aa2210fe4d79203f428ff671dee360"},"headline":"Gigantesca incautaci\u00f3n de coca\u00edna en complejo narcotraficante del ELN en Nari\u00f1o","datePublished":"2021-06-29T15:55:53+00:00","dateModified":"2021-06-29T16:08:51+00:00","mainEntityOfPage":{"@id":"https:\/\/www.fiscalia.gov.co\/colombia\/fiscal-general-de-la-nacion\/gigantesca-incautacion-de-cocaina-en-complejo-narcotraficante-del-eln-en-narino\/"},"wordCount":629,"publisher":{"@id":"https:\/\/www.fiscalia.gov.co\/colombia\/#organization"},"image":{"@id":"https:\/\/www.fiscalia.gov.co\/colombia\/fiscal-general-de-la-nacion\/gigantesca-incautacion-de-cocaina-en-complejo-narcotraficante-del-eln-en-narino\/#primaryimage"},"thumbnailUrl":"https:\/\/www.fiscalia.gov.co\/colombia\/wp-content\/uploads\/Imagen1.jpg","keywords":["Fiscal Barbosa","Fiscal\u00eda"],"articleSection":["El Fiscal en los territorios","Fiscal General de la Naci\u00f3n"],"inLanguage":"es-CO"},{"@type":"WebPage","@id":"https:\/\/www.fiscalia.gov.co\/colombia\/fiscal-general-de-la-nacion\/gigantesca-incautacion-de-cocaina-en-complejo-narcotraficante-del-eln-en-narino\/","url":"https:\/\/www.fiscalia.gov.co\/colombia\/fiscal-general-de-la-nacion\/gigantesca-incautacion-de-cocaina-en-complejo-narcotraficante-del-eln-en-narino\/","name":"Fiscal\u00eda General de la Naci\u00f3n","isPartOf":{"@id":"https:\/\/www.fiscalia.gov.co\/colombia\/#website"},"primaryImageOfPage":{"@id":"https:\/\/www.fiscalia.gov.co\/colombia\/fiscal-general-de-la-nacion\/gigantesca-incautacion-de-cocaina-en-complejo-narcotraficante-del-eln-en-narino\/#primaryimage"},"image":{"@id":"https:\/\/www.fiscalia.gov.co\/colombia\/fiscal-general-de-la-nacion\/gigantesca-incautacion-de-cocaina-en-complejo-narcotraficante-del-eln-en-narino\/#primaryimage"},"thumbnailUrl":"https:\/\/www.fiscalia.gov.co\/colombia\/wp-content\/uploads\/Imagen1.jpg","datePublished":"2021-06-29T15:55:53+00:00","dateModified":"2021-06-29T16:08:51+00:00","description":"P\u00e1gina oficial de la Fiscal\u00eda General de la Naci\u00f3n \u2013 Colombia. Garantizamos el acceso efectivo a la justicia, la verdad y la reparaci\u00f3n de las v\u00edctimas de los delitos.","breadcrumb":{"@id":"https:\/\/www.fiscalia.gov.co\/colombia\/fiscal-general-de-la-nacion\/gigantesca-incautacion-de-cocaina-en-complejo-narcotraficante-del-eln-en-narino\/#breadcrumb"},"inLanguage":"es-CO","potentialAction":[{"@type":"ReadAction","target":["https:\/\/www.fiscalia.gov.co\/colombia\/fiscal-general-de-la-nacion\/gigantesca-incautacion-de-cocaina-en-complejo-narcotraficante-del-eln-en-narino\/"]}]},{"@type":"ImageObject","inLanguage":"es-CO","@id":"https:\/\/www.fiscalia.gov.co\/colombia\/fiscal-general-de-la-nacion\/gigantesca-incautacion-de-cocaina-en-complejo-narcotraficante-del-eln-en-narino\/#primaryimage","url":"https:\/\/www.fiscalia.gov.co\/colombia\/wp-content\/uploads\/Imagen1.jpg","contentUrl":"https:\/\/www.fiscalia.gov.co\/colombia\/wp-content\/uploads\/Imagen1.jpg","width":622,"height":349,"caption":"En operativo conjunto con Ej\u00e9rcito Nacional, Fuerza A\u00e9rea y CTI fueron destruidas 6 toneladas de clorhidrato de coca\u00edna en el departamento de Nari\u00f1o.."},{"@type":"BreadcrumbList","@id":"https:\/\/www.fiscalia.gov.co\/colombia\/fiscal-general-de-la-nacion\/gigantesca-incautacion-de-cocaina-en-complejo-narcotraficante-del-eln-en-narino\/#breadcrumb","itemListElement":[{"@type":"ListItem","position":1,"name":"Home","item":"https:\/\/www.fiscalia.gov.co\/colombia\/"},{"@type":"ListItem","position":2,"name":"Gigantesca incautaci\u00f3n de coca\u00edna en complejo narcotraficante del ELN en Nari\u00f1o"}]},{"@type":"WebSite","@id":"https:\/\/www.fiscalia.gov.co\/colombia\/#website","url":"https:\/\/www.fiscalia.gov.co\/colombia\/","name":"Fiscal\u00eda General de la Naci\u00f3n","description":"P\u00e1gina oficial de la Fiscal\u00eda General de la Naci\u00f3n \u2013 Colombia. Garantizamos el acceso efectivo a la justicia, la verdad y la reparaci\u00f3n de las v\u00edctimas de los delitos.","publisher":{"@id":"https:\/\/www.fiscalia.gov.co\/colombia\/#organization"},"potentialAction":[{"@type":"SearchAction","target":{"@type":"EntryPoint","urlTemplate":"https:\/\/www.fiscalia.gov.co\/colombia\/?s={search_term_string}"},"query-input":{"@type":"PropertyValueSpecification","valueRequired":true,"valueName":"search_term_string"}}],"inLanguage":"es-CO"},{"@type":"Organization","@id":"https:\/\/www.fiscalia.gov.co\/colombia\/#organization","name":"Fiscal\u00eda General de la Naci\u00f3n","url":"https:\/\/www.fiscalia.gov.co\/colombia\/","logo":{"@type":"ImageObject","inLanguage":"es-CO","@id":"https:\/\/www.fiscalia.gov.co\/colombia\/#\/schema\/logo\/image\/","url":"https:\/\/www.fiscalia.gov.co\/colombia\/wp-content\/uploads\/LogoHorizontal_1.jpg","contentUrl":"https:\/\/www.fiscalia.gov.co\/colombia\/wp-content\/uploads\/LogoHorizontal_1.jpg","width":300,"height":90,"caption":"Fiscal\u00eda General de la Naci\u00f3n"},"image":{"@id":"https:\/\/www.fiscalia.gov.co\/colombia\/#\/schema\/logo\/image\/"},"sameAs":["https:\/\/www.facebook.com\/FiscaliaCol","https:\/\/x.com\/FiscaliaCol","https:\/\/www.instagram.com\/fiscaliacol","https:\/\/www.linkedin.com\/company\/fiscalia-general-de-la-naci-n\/","https:\/\/youtube.com\/@fiscaliageneraldelanacion-4668?si=6nN79nyQICPU5iTh"]},{"@type":"Person","@id":"https:\/\/www.fiscalia.gov.co\/colombia\/#\/schema\/person\/06aa2210fe4d79203f428ff671dee360","name":"Ana Mar\u00eda Gomez","image":{"@type":"ImageObject","inLanguage":"es-CO","@id":"https:\/\/www.fiscalia.gov.co\/colombia\/#\/schema\/person\/image\/","url":"https:\/\/secure.gravatar.com\/avatar\/a38115d98a7f8a96cbb96af2b2c37a0b?s=96&d=mm&r=g","contentUrl":"https:\/\/secure.gravatar.com\/avatar\/a38115d98a7f8a96cbb96af2b2c37a0b?s=96&d=mm&r=g","caption":"Ana Mar\u00eda Gomez"},"url":"https:\/\/www.fiscalia.gov.co\/colombia\/author\/agomez\/"}]}},"_links":{"self":[{"href":"https:\/\/www.fiscalia.gov.co\/colombia\/wp-json\/wp\/v2\/posts\/223323","targetHints":{"allow":["GET"]}}],"collection":[{"href":"https:\/\/www.fiscalia.gov.co\/colombia\/wp-json\/wp\/v2\/posts"}],"about":[{"href":"https:\/\/www.fiscalia.gov.co\/colombia\/wp-json\/wp\/v2\/types\/post"}],"author":[{"embeddable":true,"href":"https:\/\/www.fiscalia.gov.co\/colombia\/wp-json\/wp\/v2\/users\/171"}],"replies":[{"embeddable":true,"href":"https:\/\/www.fiscalia.gov.co\/colombia\/wp-json\/wp\/v2\/comments?post=223323"}],"version-history":[{"count":4,"href":"https:\/\/www.fiscalia.gov.co\/colombia\/wp-json\/wp\/v2\/posts\/223323\/revisions"}],"predecessor-version":[{"id":223330,"href":"https:\/\/www.fiscalia.gov.co\/colombia\/wp-json\/wp\/v2\/posts\/223323\/revisions\/223330"}],"wp:attachment":[{"href":"https:\/\/www.fiscalia.gov.co\/colombia\/wp-json\/wp\/v2\/media?parent=223323"}],"wp:term":[{"taxonomy":"category","embeddable":true,"href":"https:\/\/www.fiscalia.gov.co\/colombia\/wp-json\/wp\/v2\/categories?post=223323"},{"taxonomy":"post_tag","embeddable":true,"href":"https:\/\/www.fiscalia.gov.co\/colombia\/wp-json\/wp\/v2\/tags?post=223323"}],"curies":[{"name":"wp","href":"https:\/\/api.w.org\/{rel}","templated":true}]}}