{"id":222946,"date":"2021-06-24T14:57:19","date_gmt":"2021-06-24T19:57:19","guid":{"rendered":"https:\/\/www.fiscalia.gov.co\/colombia\/?p=222946"},"modified":"2021-06-24T15:41:12","modified_gmt":"2021-06-24T20:41:12","slug":"fiscal-general-de-la-nacion-presenta-resultados-contra-la-delincuencia-y-la-criminalidad-organizada-en-choco","status":"publish","type":"post","link":"https:\/\/www.fiscalia.gov.co\/colombia\/fiscal-general-de-la-nacion\/fiscal-general-de-la-nacion-presenta-resultados-contra-la-delincuencia-y-la-criminalidad-organizada-en-choco\/","title":{"rendered":"Fiscal General de la Naci\u00f3n presenta resultados contra la delincuencia y la criminalidad organizada en Choc\u00f3"},"content":{"rendered":"<blockquote>\n<h4 style=\"text-align: left;\"><strong><em>Como parte del plan \u2018Quibd\u00f3 30 d\u00edas\u2019 han sido capturados y judicializados 66 presuntos integrantes de organizaciones ilegales como Los Mexicanos, el Clan del Golfo, Los Locos del Yam y Los Palme\u00f1os, entre otras.<\/em><\/strong><\/h4>\n<\/blockquote>\n<p>El Fiscal General de la Naci\u00f3n, Francisco Barbosa Delgado, en compa\u00f1\u00eda de su equipo directivo, se traslad\u00f3 a Quibd\u00f3 (Choc\u00f3) para verificar los resultados de las acciones investigativas adelantadas contra la criminalidad organizada y la delincuencia, como parte del \u00b4Plan Quibd\u00f3 30 d\u00edas\u00b4.<\/p>\n<p>\u201cPara la Fiscal\u00eda General de la Naci\u00f3n no existen lugares vedados en el pa\u00eds y no existen lugares del territorio que no centren nuestra atenci\u00f3n. Choc\u00f3 hace parte de la preocupaci\u00f3n de la Fiscal\u00eda General de la Naci\u00f3n y seguimos actuando en el marco de nuestras funciones misionales para darle justicia y seguridad a los ciudadanos de este departamento\u201d, indic\u00f3 el Fiscal General, Francisco Barbosa Delgado.<\/p>\n<p>A trav\u00e9s de esta estrategia, 66 personas han sido capturadas y presentadas ante jueces de control de garant\u00edas por delitos como: homicidio, secuestro, extorsi\u00f3n y uso de menores de edad, entre otros. 39 procesados ser\u00edan integrantes de la estructura ilegal Los Mexicanos, 7 del Clan del Golfo, 7 de Los Palme\u00f1os, 6 de Los Locos del Yam, 6 de Los Rapados y 1 de Los de Kennedy.<\/p>\n<p>La Fiscal\u00eda, con su polic\u00eda judicial CTI y con el apoyo de unidades de la Polic\u00eda Nacional, ha realizado 25 diligencias de registro y allanamiento, en las que se incautaron 22 rev\u00f3lveres, 3 fusiles de diferente calibre, 6 pistolas, 3 radios de comunicaci\u00f3n, 32 barras de explosivos, 9 celulares y 536 municiones.<\/p>\n<p>Estos son algunos de los resultados del plan \u2018Quibd\u00f3 30 d\u00edas\u2019:<\/p>\n<ul>\n<li><strong><u>Afectaciones a \u2018Los Mexicanos\u2019<\/u><\/strong><\/li>\n<\/ul>\n<p>Se logr\u00f3 la judicializaci\u00f3n de Enrique Alfonso Hurtado alias Siete o Macho Viejo, presunto cabecilla del grupo de delincuencial \u2018Los Mexicanos\u2019, que tiene injerencia en 26 barrios de Quibd\u00f3. Este hombre, al parecer, es el responsable de extorsiones contra empresas de giros, algunas de estas han sido objeto de ataques con armas de fuego para presionar el pago del dinero.<\/p>\n<p>Alias Siete recibi\u00f3 medida de aseguramiento en centro carcelario por el delito de extorsi\u00f3n agravada.<\/p>\n<ul>\n<li><strong><u>Capturados integrantes de \u2018Los Rapados\u2019<\/u><\/strong><\/li>\n<\/ul>\n<p>Por su presunta responsabilidad en los punibles de secuestro extorsivo agravado y uso de menores para la comisi\u00f3n de delitos, fueron asegurados en centro carcelario cinco personas que har\u00edan parte del grupo delincuencial \u2018Los Rapados\u2019.<\/p>\n<p>De acuerdo con los elementos de prueba, estas personas habr\u00edan participado en el secuestro de un empleado de una empresa antioque\u00f1a de frigor\u00edficos. La v\u00edctima, al parecer, fue citada a Quibd\u00f3 para cotizar la supuesta compra de equipos. Durante la falsa negociaci\u00f3n, supuestamente, fue retenida por varios hombres, quienes posteriormente habr\u00edan exigido dinero por la liberaci\u00f3n.<\/p>\n<p>Entre los judicializados en este caso est\u00e1 Natalio Andr\u00e9s Chaverra Moreno, alias Natalio, presunto cabecilla de la organizaci\u00f3n delincuencial.<\/p>\n<ul>\n<li><strong><u>C\u00e1rcel a integrantes del \u2018Clan del Golfo\u2019<\/u><\/strong><\/li>\n<\/ul>\n<p>Tres presuntos integrantes del \u2018Clan del Golfo\u2019 recibieron medida de aseguramiento en la c\u00e1rcel como supuestos responsables del asesinato con arma de fuego de un patrullero de la Polic\u00eda Nacional, quien estaba de vacaciones en Quibd\u00f3.<\/p>\n<p>Por estos hechos, ocurridos el 20 de abril del a\u00f1o en curso, Geisson Renter\u00eda Lagarejo, alias Ratica; Levinson Yair Renter\u00eda Lagarejo, alias Comanche; y Edinson Stiward C\u00f3rdoba Ibarguen, alias Pep\u00f3n, fueron imputados por el delito de homicidio agravado.<\/p>\n<p>Asimismo, otros dos hombres que estar\u00edan vinculados a la subestructura \u2018Carretera\u2019 del Clan del Golfo, conocidos con los alias de El Paisa y Asprilla, fueron judicializados por los delitos de homicidio agravado y concierto para delinquir.<\/p>\n<p>AMCJ\/JARG\/MRC\/<\/p>\n<p><strong>La Fiscal\u00eda habla con resultados<\/strong><\/p>\n\n<div class=\"twitter-share\"><a href=\"https:\/\/twitter.com\/intent\/tweet?via=fiscaliacol\" class=\"twitter-share-button\">Tweet<\/a><\/div>\n","protected":false},"excerpt":{"rendered":"<p>Como parte del plan \u2018Quibd\u00f3 30 d\u00edas\u2019 han sido capturados y judicializados 66 presuntos integrantes de organizaciones ilegales como Los Mexicanos, el Clan del Golfo, Los Locos del Yam y Los Palme\u00f1os, entre otras. El Fiscal General de la Naci\u00f3n, Francisco Barbosa Delgado, en compa\u00f1\u00eda de su equipo directivo, se traslad\u00f3 a Quibd\u00f3 (Choc\u00f3) para [&hellip;]<\/p>\n","protected":false},"author":171,"featured_media":0,"comment_status":"closed","ping_status":"open","sticky":false,"template":"","format":"video","meta":{"tdm_status":"","tdm_grid_status":"","footnotes":""},"categories":[25128,24096],"tags":[24185,4614],"class_list":{"0":"post-222946","1":"post","2":"type-post","3":"status-publish","4":"format-video","6":"category-el-fiscal-en-los-territorios","7":"category-fiscal-general-de-la-nacion","8":"tag-fiscal-barbosa","9":"tag-fiscalia-2","10":"post_format-post-format-video"},"yoast_head":"<!-- This site is optimized with the Yoast SEO plugin v24.3 - https:\/\/yoast.com\/wordpress\/plugins\/seo\/ -->\n<title>Fiscal\u00eda General de la Naci\u00f3n<\/title>\n<meta name=\"description\" content=\"P\u00e1gina oficial de la Fiscal\u00eda General de la Naci\u00f3n \u2013 Colombia. Garantizamos el acceso efectivo a la justicia, la verdad y la reparaci\u00f3n de las v\u00edctimas de los delitos.\" \/>\n<meta name=\"robots\" content=\"noindex, follow\" \/>\n<meta property=\"og:locale\" content=\"es_ES\" \/>\n<meta property=\"og:type\" content=\"article\" \/>\n<meta property=\"og:title\" content=\"Fiscal\u00eda General de la Naci\u00f3n\" \/>\n<meta property=\"og:description\" content=\"P\u00e1gina oficial de la Fiscal\u00eda General de la Naci\u00f3n \u2013 Colombia. Garantizamos el acceso efectivo a la justicia, la verdad y la reparaci\u00f3n de las v\u00edctimas de los delitos.\" \/>\n<meta property=\"og:url\" content=\"https:\/\/www.fiscalia.gov.co\/colombia\/fiscal-general-de-la-nacion\/fiscal-general-de-la-nacion-presenta-resultados-contra-la-delincuencia-y-la-criminalidad-organizada-en-choco\/\" \/>\n<meta property=\"og:site_name\" content=\"Fiscal\u00eda General de la Naci\u00f3n\" \/>\n<meta property=\"article:publisher\" content=\"https:\/\/www.facebook.com\/FiscaliaCol\" \/>\n<meta property=\"article:published_time\" content=\"2021-06-24T19:57:19+00:00\" \/>\n<meta property=\"article:modified_time\" content=\"2021-06-24T20:41:12+00:00\" \/>\n<meta name=\"author\" content=\"Ana Mar\u00eda Gomez\" \/>\n<meta name=\"twitter:card\" content=\"summary_large_image\" \/>\n<meta name=\"twitter:creator\" content=\"@FiscaliaCol\" \/>\n<meta name=\"twitter:site\" content=\"@FiscaliaCol\" \/>\n<meta name=\"twitter:label1\" content=\"Escrito por\" \/>\n\t<meta name=\"twitter:data1\" content=\"Ana Mar\u00eda Gomez\" \/>\n\t<meta name=\"twitter:label2\" content=\"Tiempo de lectura\" \/>\n\t<meta name=\"twitter:data2\" content=\"3 minutos\" \/>\n<script type=\"application\/ld+json\" class=\"yoast-schema-graph\">{\"@context\":\"https:\/\/schema.org\",\"@graph\":[{\"@type\":\"Article\",\"@id\":\"https:\/\/www.fiscalia.gov.co\/colombia\/fiscal-general-de-la-nacion\/fiscal-general-de-la-nacion-presenta-resultados-contra-la-delincuencia-y-la-criminalidad-organizada-en-choco\/#article\",\"isPartOf\":{\"@id\":\"https:\/\/www.fiscalia.gov.co\/colombia\/fiscal-general-de-la-nacion\/fiscal-general-de-la-nacion-presenta-resultados-contra-la-delincuencia-y-la-criminalidad-organizada-en-choco\/\"},\"author\":{\"name\":\"Ana Mar\u00eda Gomez\",\"@id\":\"https:\/\/www.fiscalia.gov.co\/colombia\/#\/schema\/person\/06aa2210fe4d79203f428ff671dee360\"},\"headline\":\"Fiscal General de la Naci\u00f3n presenta resultados contra la delincuencia y la criminalidad organizada en Choc\u00f3\",\"datePublished\":\"2021-06-24T19:57:19+00:00\",\"dateModified\":\"2021-06-24T20:41:12+00:00\",\"mainEntityOfPage\":{\"@id\":\"https:\/\/www.fiscalia.gov.co\/colombia\/fiscal-general-de-la-nacion\/fiscal-general-de-la-nacion-presenta-resultados-contra-la-delincuencia-y-la-criminalidad-organizada-en-choco\/\"},\"wordCount\":634,\"publisher\":{\"@id\":\"https:\/\/www.fiscalia.gov.co\/colombia\/#organization\"},\"keywords\":[\"Fiscal Barbosa\",\"Fiscal\u00eda\"],\"articleSection\":[\"El Fiscal en los territorios\",\"Fiscal General de la Naci\u00f3n\"],\"inLanguage\":\"es-CO\"},{\"@type\":\"WebPage\",\"@id\":\"https:\/\/www.fiscalia.gov.co\/colombia\/fiscal-general-de-la-nacion\/fiscal-general-de-la-nacion-presenta-resultados-contra-la-delincuencia-y-la-criminalidad-organizada-en-choco\/\",\"url\":\"https:\/\/www.fiscalia.gov.co\/colombia\/fiscal-general-de-la-nacion\/fiscal-general-de-la-nacion-presenta-resultados-contra-la-delincuencia-y-la-criminalidad-organizada-en-choco\/\",\"name\":\"Fiscal\u00eda General de la Naci\u00f3n\",\"isPartOf\":{\"@id\":\"https:\/\/www.fiscalia.gov.co\/colombia\/#website\"},\"datePublished\":\"2021-06-24T19:57:19+00:00\",\"dateModified\":\"2021-06-24T20:41:12+00:00\",\"description\":\"P\u00e1gina oficial de la Fiscal\u00eda General de la Naci\u00f3n \u2013 Colombia. Garantizamos el acceso efectivo a la justicia, la verdad y la reparaci\u00f3n de las v\u00edctimas de los delitos.\",\"breadcrumb\":{\"@id\":\"https:\/\/www.fiscalia.gov.co\/colombia\/fiscal-general-de-la-nacion\/fiscal-general-de-la-nacion-presenta-resultados-contra-la-delincuencia-y-la-criminalidad-organizada-en-choco\/#breadcrumb\"},\"inLanguage\":\"es-CO\",\"potentialAction\":[{\"@type\":\"ReadAction\",\"target\":[\"https:\/\/www.fiscalia.gov.co\/colombia\/fiscal-general-de-la-nacion\/fiscal-general-de-la-nacion-presenta-resultados-contra-la-delincuencia-y-la-criminalidad-organizada-en-choco\/\"]}]},{\"@type\":\"BreadcrumbList\",\"@id\":\"https:\/\/www.fiscalia.gov.co\/colombia\/fiscal-general-de-la-nacion\/fiscal-general-de-la-nacion-presenta-resultados-contra-la-delincuencia-y-la-criminalidad-organizada-en-choco\/#breadcrumb\",\"itemListElement\":[{\"@type\":\"ListItem\",\"position\":1,\"name\":\"Home\",\"item\":\"https:\/\/www.fiscalia.gov.co\/colombia\/\"},{\"@type\":\"ListItem\",\"position\":2,\"name\":\"Fiscal General de la Naci\u00f3n presenta resultados contra la delincuencia y la criminalidad organizada en Choc\u00f3\"}]},{\"@type\":\"WebSite\",\"@id\":\"https:\/\/www.fiscalia.gov.co\/colombia\/#website\",\"url\":\"https:\/\/www.fiscalia.gov.co\/colombia\/\",\"name\":\"Fiscal\u00eda General de la Naci\u00f3n\",\"description\":\"P\u00e1gina oficial de la Fiscal\u00eda General de la Naci\u00f3n \u2013 Colombia. Garantizamos el acceso efectivo a la justicia, la verdad y la reparaci\u00f3n de las v\u00edctimas de los delitos.\",\"publisher\":{\"@id\":\"https:\/\/www.fiscalia.gov.co\/colombia\/#organization\"},\"potentialAction\":[{\"@type\":\"SearchAction\",\"target\":{\"@type\":\"EntryPoint\",\"urlTemplate\":\"https:\/\/www.fiscalia.gov.co\/colombia\/?s={search_term_string}\"},\"query-input\":{\"@type\":\"PropertyValueSpecification\",\"valueRequired\":true,\"valueName\":\"search_term_string\"}}],\"inLanguage\":\"es-CO\"},{\"@type\":\"Organization\",\"@id\":\"https:\/\/www.fiscalia.gov.co\/colombia\/#organization\",\"name\":\"Fiscal\u00eda General de la Naci\u00f3n\",\"url\":\"https:\/\/www.fiscalia.gov.co\/colombia\/\",\"logo\":{\"@type\":\"ImageObject\",\"inLanguage\":\"es-CO\",\"@id\":\"https:\/\/www.fiscalia.gov.co\/colombia\/#\/schema\/logo\/image\/\",\"url\":\"https:\/\/www.fiscalia.gov.co\/colombia\/wp-content\/uploads\/LogoHorizontal_1.jpg\",\"contentUrl\":\"https:\/\/www.fiscalia.gov.co\/colombia\/wp-content\/uploads\/LogoHorizontal_1.jpg\",\"width\":300,\"height\":90,\"caption\":\"Fiscal\u00eda General de la Naci\u00f3n\"},\"image\":{\"@id\":\"https:\/\/www.fiscalia.gov.co\/colombia\/#\/schema\/logo\/image\/\"},\"sameAs\":[\"https:\/\/www.facebook.com\/FiscaliaCol\",\"https:\/\/x.com\/FiscaliaCol\",\"https:\/\/www.instagram.com\/fiscaliacol\",\"https:\/\/www.linkedin.com\/company\/fiscalia-general-de-la-naci-n\/\",\"https:\/\/youtube.com\/@fiscaliageneraldelanacion-4668?si=6nN79nyQICPU5iTh\"]},{\"@type\":\"Person\",\"@id\":\"https:\/\/www.fiscalia.gov.co\/colombia\/#\/schema\/person\/06aa2210fe4d79203f428ff671dee360\",\"name\":\"Ana Mar\u00eda Gomez\",\"image\":{\"@type\":\"ImageObject\",\"inLanguage\":\"es-CO\",\"@id\":\"https:\/\/www.fiscalia.gov.co\/colombia\/#\/schema\/person\/image\/\",\"url\":\"https:\/\/secure.gravatar.com\/avatar\/a38115d98a7f8a96cbb96af2b2c37a0b?s=96&d=mm&r=g\",\"contentUrl\":\"https:\/\/secure.gravatar.com\/avatar\/a38115d98a7f8a96cbb96af2b2c37a0b?s=96&d=mm&r=g\",\"caption\":\"Ana Mar\u00eda Gomez\"},\"url\":\"https:\/\/www.fiscalia.gov.co\/colombia\/author\/agomez\/\"}]}<\/script>\n<!-- \/ Yoast SEO plugin. -->","yoast_head_json":{"title":"Fiscal\u00eda General de la Naci\u00f3n","description":"P\u00e1gina oficial de la Fiscal\u00eda General de la Naci\u00f3n \u2013 Colombia. Garantizamos el acceso efectivo a la justicia, la verdad y la reparaci\u00f3n de las v\u00edctimas de los delitos.","robots":{"index":"noindex","follow":"follow"},"og_locale":"es_ES","og_type":"article","og_title":"Fiscal\u00eda General de la Naci\u00f3n","og_description":"P\u00e1gina oficial de la Fiscal\u00eda General de la Naci\u00f3n \u2013 Colombia. Garantizamos el acceso efectivo a la justicia, la verdad y la reparaci\u00f3n de las v\u00edctimas de los delitos.","og_url":"https:\/\/www.fiscalia.gov.co\/colombia\/fiscal-general-de-la-nacion\/fiscal-general-de-la-nacion-presenta-resultados-contra-la-delincuencia-y-la-criminalidad-organizada-en-choco\/","og_site_name":"Fiscal\u00eda General de la Naci\u00f3n","article_publisher":"https:\/\/www.facebook.com\/FiscaliaCol","article_published_time":"2021-06-24T19:57:19+00:00","article_modified_time":"2021-06-24T20:41:12+00:00","author":"Ana Mar\u00eda Gomez","twitter_card":"summary_large_image","twitter_creator":"@FiscaliaCol","twitter_site":"@FiscaliaCol","twitter_misc":{"Escrito por":"Ana Mar\u00eda Gomez","Tiempo de lectura":"3 minutos"},"schema":{"@context":"https:\/\/schema.org","@graph":[{"@type":"Article","@id":"https:\/\/www.fiscalia.gov.co\/colombia\/fiscal-general-de-la-nacion\/fiscal-general-de-la-nacion-presenta-resultados-contra-la-delincuencia-y-la-criminalidad-organizada-en-choco\/#article","isPartOf":{"@id":"https:\/\/www.fiscalia.gov.co\/colombia\/fiscal-general-de-la-nacion\/fiscal-general-de-la-nacion-presenta-resultados-contra-la-delincuencia-y-la-criminalidad-organizada-en-choco\/"},"author":{"name":"Ana Mar\u00eda Gomez","@id":"https:\/\/www.fiscalia.gov.co\/colombia\/#\/schema\/person\/06aa2210fe4d79203f428ff671dee360"},"headline":"Fiscal General de la Naci\u00f3n presenta resultados contra la delincuencia y la criminalidad organizada en Choc\u00f3","datePublished":"2021-06-24T19:57:19+00:00","dateModified":"2021-06-24T20:41:12+00:00","mainEntityOfPage":{"@id":"https:\/\/www.fiscalia.gov.co\/colombia\/fiscal-general-de-la-nacion\/fiscal-general-de-la-nacion-presenta-resultados-contra-la-delincuencia-y-la-criminalidad-organizada-en-choco\/"},"wordCount":634,"publisher":{"@id":"https:\/\/www.fiscalia.gov.co\/colombia\/#organization"},"keywords":["Fiscal Barbosa","Fiscal\u00eda"],"articleSection":["El Fiscal en los territorios","Fiscal General de la Naci\u00f3n"],"inLanguage":"es-CO"},{"@type":"WebPage","@id":"https:\/\/www.fiscalia.gov.co\/colombia\/fiscal-general-de-la-nacion\/fiscal-general-de-la-nacion-presenta-resultados-contra-la-delincuencia-y-la-criminalidad-organizada-en-choco\/","url":"https:\/\/www.fiscalia.gov.co\/colombia\/fiscal-general-de-la-nacion\/fiscal-general-de-la-nacion-presenta-resultados-contra-la-delincuencia-y-la-criminalidad-organizada-en-choco\/","name":"Fiscal\u00eda General de la Naci\u00f3n","isPartOf":{"@id":"https:\/\/www.fiscalia.gov.co\/colombia\/#website"},"datePublished":"2021-06-24T19:57:19+00:00","dateModified":"2021-06-24T20:41:12+00:00","description":"P\u00e1gina oficial de la Fiscal\u00eda General de la Naci\u00f3n \u2013 Colombia. Garantizamos el acceso efectivo a la justicia, la verdad y la reparaci\u00f3n de las v\u00edctimas de los delitos.","breadcrumb":{"@id":"https:\/\/www.fiscalia.gov.co\/colombia\/fiscal-general-de-la-nacion\/fiscal-general-de-la-nacion-presenta-resultados-contra-la-delincuencia-y-la-criminalidad-organizada-en-choco\/#breadcrumb"},"inLanguage":"es-CO","potentialAction":[{"@type":"ReadAction","target":["https:\/\/www.fiscalia.gov.co\/colombia\/fiscal-general-de-la-nacion\/fiscal-general-de-la-nacion-presenta-resultados-contra-la-delincuencia-y-la-criminalidad-organizada-en-choco\/"]}]},{"@type":"BreadcrumbList","@id":"https:\/\/www.fiscalia.gov.co\/colombia\/fiscal-general-de-la-nacion\/fiscal-general-de-la-nacion-presenta-resultados-contra-la-delincuencia-y-la-criminalidad-organizada-en-choco\/#breadcrumb","itemListElement":[{"@type":"ListItem","position":1,"name":"Home","item":"https:\/\/www.fiscalia.gov.co\/colombia\/"},{"@type":"ListItem","position":2,"name":"Fiscal General de la Naci\u00f3n presenta resultados contra la delincuencia y la criminalidad organizada en Choc\u00f3"}]},{"@type":"WebSite","@id":"https:\/\/www.fiscalia.gov.co\/colombia\/#website","url":"https:\/\/www.fiscalia.gov.co\/colombia\/","name":"Fiscal\u00eda General de la Naci\u00f3n","description":"P\u00e1gina oficial de la Fiscal\u00eda General de la Naci\u00f3n \u2013 Colombia. Garantizamos el acceso efectivo a la justicia, la verdad y la reparaci\u00f3n de las v\u00edctimas de los delitos.","publisher":{"@id":"https:\/\/www.fiscalia.gov.co\/colombia\/#organization"},"potentialAction":[{"@type":"SearchAction","target":{"@type":"EntryPoint","urlTemplate":"https:\/\/www.fiscalia.gov.co\/colombia\/?s={search_term_string}"},"query-input":{"@type":"PropertyValueSpecification","valueRequired":true,"valueName":"search_term_string"}}],"inLanguage":"es-CO"},{"@type":"Organization","@id":"https:\/\/www.fiscalia.gov.co\/colombia\/#organization","name":"Fiscal\u00eda General de la Naci\u00f3n","url":"https:\/\/www.fiscalia.gov.co\/colombia\/","logo":{"@type":"ImageObject","inLanguage":"es-CO","@id":"https:\/\/www.fiscalia.gov.co\/colombia\/#\/schema\/logo\/image\/","url":"https:\/\/www.fiscalia.gov.co\/colombia\/wp-content\/uploads\/LogoHorizontal_1.jpg","contentUrl":"https:\/\/www.fiscalia.gov.co\/colombia\/wp-content\/uploads\/LogoHorizontal_1.jpg","width":300,"height":90,"caption":"Fiscal\u00eda General de la Naci\u00f3n"},"image":{"@id":"https:\/\/www.fiscalia.gov.co\/colombia\/#\/schema\/logo\/image\/"},"sameAs":["https:\/\/www.facebook.com\/FiscaliaCol","https:\/\/x.com\/FiscaliaCol","https:\/\/www.instagram.com\/fiscaliacol","https:\/\/www.linkedin.com\/company\/fiscalia-general-de-la-naci-n\/","https:\/\/youtube.com\/@fiscaliageneraldelanacion-4668?si=6nN79nyQICPU5iTh"]},{"@type":"Person","@id":"https:\/\/www.fiscalia.gov.co\/colombia\/#\/schema\/person\/06aa2210fe4d79203f428ff671dee360","name":"Ana Mar\u00eda Gomez","image":{"@type":"ImageObject","inLanguage":"es-CO","@id":"https:\/\/www.fiscalia.gov.co\/colombia\/#\/schema\/person\/image\/","url":"https:\/\/secure.gravatar.com\/avatar\/a38115d98a7f8a96cbb96af2b2c37a0b?s=96&d=mm&r=g","contentUrl":"https:\/\/secure.gravatar.com\/avatar\/a38115d98a7f8a96cbb96af2b2c37a0b?s=96&d=mm&r=g","caption":"Ana Mar\u00eda Gomez"},"url":"https:\/\/www.fiscalia.gov.co\/colombia\/author\/agomez\/"}]}},"_links":{"self":[{"href":"https:\/\/www.fiscalia.gov.co\/colombia\/wp-json\/wp\/v2\/posts\/222946","targetHints":{"allow":["GET"]}}],"collection":[{"href":"https:\/\/www.fiscalia.gov.co\/colombia\/wp-json\/wp\/v2\/posts"}],"about":[{"href":"https:\/\/www.fiscalia.gov.co\/colombia\/wp-json\/wp\/v2\/types\/post"}],"author":[{"embeddable":true,"href":"https:\/\/www.fiscalia.gov.co\/colombia\/wp-json\/wp\/v2\/users\/171"}],"replies":[{"embeddable":true,"href":"https:\/\/www.fiscalia.gov.co\/colombia\/wp-json\/wp\/v2\/comments?post=222946"}],"version-history":[{"count":1,"href":"https:\/\/www.fiscalia.gov.co\/colombia\/wp-json\/wp\/v2\/posts\/222946\/revisions"}],"predecessor-version":[{"id":222947,"href":"https:\/\/www.fiscalia.gov.co\/colombia\/wp-json\/wp\/v2\/posts\/222946\/revisions\/222947"}],"wp:attachment":[{"href":"https:\/\/www.fiscalia.gov.co\/colombia\/wp-json\/wp\/v2\/media?parent=222946"}],"wp:term":[{"taxonomy":"category","embeddable":true,"href":"https:\/\/www.fiscalia.gov.co\/colombia\/wp-json\/wp\/v2\/categories?post=222946"},{"taxonomy":"post_tag","embeddable":true,"href":"https:\/\/www.fiscalia.gov.co\/colombia\/wp-json\/wp\/v2\/tags?post=222946"}],"curies":[{"name":"wp","href":"https:\/\/api.w.org\/{rel}","templated":true}]}}