{"id":222827,"date":"2021-06-23T13:23:27","date_gmt":"2021-06-23T18:23:27","guid":{"rendered":"https:\/\/www.fiscalia.gov.co\/colombia\/?p=222827"},"modified":"2021-06-23T13:26:54","modified_gmt":"2021-06-23T18:26:54","slug":"impactada-la-red-delincuencial-los-vigilantes-senalada-de-homicidio-extorsion-y-trafico-de-drogas-en-cali","status":"publish","type":"post","link":"https:\/\/www.fiscalia.gov.co\/colombia\/fiscal-general-de-la-nacion\/impactada-la-red-delincuencial-los-vigilantes-senalada-de-homicidio-extorsion-y-trafico-de-drogas-en-cali\/","title":{"rendered":"Impactada la red delincuencial Los Vigilantes, se\u00f1alada de homicidio, extorsi\u00f3n y tr\u00e1fico de drogas en Cali"},"content":{"rendered":"<div>\n<blockquote>\n<h4 style=\"text-align: left;\"><strong><i><span lang=\"ES\">10 de los presuntos integrantes fueron judicializados por su presunta participaci\u00f3n en distintas acciones il\u00edcitas en inmediaciones de\u00a0la plaza de mercado Santa Elena.\u00a0<\/span><\/i><\/strong><\/h4>\n<\/blockquote>\n<p><span lang=\"ES\">En Cali (Valle del Cauca), el Fiscal General de la Naci\u00f3n, Francisco Barbosa Delgado, en compa\u00f1\u00eda de su equipo directivo, realiz\u00f3 seguimiento a las estrategias investigativas en materia de seguridad ciudadana, y dio a conocer un importante resultado, relacionado con la desarticulaci\u00f3n de la estructura delincuencial Los Vigilantes en esa ciudad.<\/span><span lang=\"ES\">\u00a0<\/span><\/p>\n<figure id=\"attachment_222830\" aria-describedby=\"caption-attachment-222830\" style=\"width: 696px\" class=\"wp-caption aligncenter\"><img loading=\"lazy\" decoding=\"async\" class=\"size-large wp-image-222830\" src=\"https:\/\/www.fiscalia.gov.co\/colombia\/wp-content\/uploads\/Cali-Los-Vigilantes-homicidio-1024x485.jpeg\" alt=\"\" width=\"696\" height=\"330\" srcset=\"https:\/\/www.fiscalia.gov.co\/colombia\/wp-content\/uploads\/Cali-Los-Vigilantes-homicidio-1024x485.jpeg 1024w, https:\/\/www.fiscalia.gov.co\/colombia\/wp-content\/uploads\/Cali-Los-Vigilantes-homicidio-300x142.jpeg 300w, https:\/\/www.fiscalia.gov.co\/colombia\/wp-content\/uploads\/Cali-Los-Vigilantes-homicidio-768x364.jpeg 768w, https:\/\/www.fiscalia.gov.co\/colombia\/wp-content\/uploads\/Cali-Los-Vigilantes-homicidio-696x329.jpeg 696w, https:\/\/www.fiscalia.gov.co\/colombia\/wp-content\/uploads\/Cali-Los-Vigilantes-homicidio-1068x505.jpeg 1068w, https:\/\/www.fiscalia.gov.co\/colombia\/wp-content\/uploads\/Cali-Los-Vigilantes-homicidio-887x420.jpeg 887w, https:\/\/www.fiscalia.gov.co\/colombia\/wp-content\/uploads\/Cali-Los-Vigilantes-homicidio.jpeg 1274w\" sizes=\"auto, (max-width: 696px) 100vw, 696px\" \/><figcaption id=\"caption-attachment-222830\" class=\"wp-caption-text\">Banda delictiva Los Vigilantes, dedicada a la comisi\u00f3n de homicidios, extorsiones y tr\u00e1fico de estupefacientes en Cali.<\/figcaption><\/figure>\n<p><span lang=\"ES\">Luego de avalar la solicitud de la Fiscal\u00eda, un juez penal de control de garant\u00edas envi\u00f3 a la c\u00e1rcel a 10 presuntos integrantes de esa banda, quienes ser\u00edan los responsables de homicidios, extorsiones, tr\u00e1fico de armas y de estupefacientes en el sector de la plaza de mercado Santa Elena, en la comuna 10 de Cali.<\/span><span lang=\"ES\">\u00a0<\/span><\/p>\n<p><span lang=\"ES\">De acuerdo con la investigaci\u00f3n y las denuncias recibidas, estas personas habr\u00edan cobrado\u00a0<\/span><span lang=\"ES\"><b>extorsiones a los comerciantes<\/b><\/span><span lang=\"ES\">\u00a0de esta zona para permitirles trabajar y, supuestamente, controlaban la distribuci\u00f3n de coca\u00edna, marihuana y otras sustancias en el sector.\u00a0<\/span><span lang=\"ES\">\u00a0<\/span><\/p>\n<p><span lang=\"ES\">Adicionalmente, a esta organizaci\u00f3n ilegal se le atribuye un asesinato ocurrido el 27 de septiembre de 2020<\/span><span lang=\"ES\">, en la modalidad de sicariato.<\/span><span lang=\"ES\">\u00a0<\/span><span lang=\"ES\">\u00a0<\/span><\/p>\n<p><span lang=\"ES\">\u2018Los Vigilantes\u2019 fueron capturados en diligencias realizadas de manera articulada por la Fiscal\u00eda y el\u00a0<\/span><span lang=\"ES\"><b>Gaula de la Polic\u00eda<\/b><\/span><span lang=\"ES\">\u00a0Nacional en el oriente de Cali. En los procedimientos fueron incautados ocho kilogramos de coca\u00edna, 12 tel\u00e9fonos celulares, $5\u2019200.000 y seis dispositivos USB.<\/span><span lang=\"ES\">\u00a0<\/span><\/p>\n<p><span lang=\"ES\">Un fiscal especializado de la\u00a0<\/span><span lang=\"ES\"><b>Seccional Cali<\/b><\/span><span lang=\"ES\">\u00a0imput\u00f3 a los detenidos delitos como:\u00a0<\/span><span lang=\"ES\"><a href=\"https:\/\/www.fiscalia.gov.co\/colombia\/seccionales\/seccional-pasto\/medida-de-aseguramiento-para-alias-mano-negra-por-homicidio-agravado-en-tumaco\/\" target=\"_blank\" rel=\"noopener noreferrer\">homicidio agravado<\/a><\/span><span class=\"x_MsoHyperlink\"><span lang=\"ES\">,\u00a0<\/span><\/span><span lang=\"ES\">concierto para delinquir,\u00a0<\/span><span lang=\"ES\"><a href=\"https:\/\/www.fiscalia.gov.co\/colombia\/seccionales\/a-la-carcel-4-presuntos-integrantes-los-espartanos-por-extorsion-agravada\/\" target=\"_blank\" rel=\"noopener noreferrer\">extorsi\u00f3n agravada<\/a><\/span><span lang=\"ES\">; tr\u00e1fico, fabricaci\u00f3n y porte de armas de fuego, accesorios, partes y municiones; y tr\u00e1fico, fabricaci\u00f3n y porte de estupefacientes.\u00a0<\/span><span lang=\"ES\">\u00a0<\/span><\/p>\n<p><span lang=\"ES\">Los procesados no aceptaron los cargos. Nueve de ellos registran anotaciones judiciales por diferentes conductas delictivas.\u00a0<\/span><\/p>\n<p><span lang=\"ES\">\u201cQuiero decirle a la ciudadan\u00eda de Cali que la Fiscal\u00eda sigue estando presente, con resultados, trabajando en todas las investigaciones y por supuesto dici\u00e9ndoles que no est\u00e1n solos\u201d, se\u00f1al\u00f3 el fiscal Francisco Barbosa.<\/span><span lang=\"ES\">\u00a0<\/span><\/p>\n<p align=\"center\"><b><span lang=\"ES\">La Fiscal\u00eda habla con resultados.\u00a0<\/span><\/b><\/p>\n<p><span lang=\"ES\">JGPV\/JARG\/LFOG\/MCRC<\/span><span lang=\"ES\">\u00a0<\/span><b><\/b><\/p>\n<\/div>\n<div>\n<p class=\"x_xmsonormal\"><em><span lang=\"ES\">La informaci\u00f3n contenida en este bolet\u00edn de prensa corresponde a la narraci\u00f3n de los hechos noticiosos objetivos, suministrados por los funcionarios encargados de adelantar las investigaciones penales al interior de la Fiscal\u00eda General de la Naci\u00f3n. Para el momento de la divulgaci\u00f3n de este comunicado, la situaci\u00f3n jur\u00eddica de la(s) persona(s) relacionada(s) se encuentra pendiente de resolver por la autoridad judicial competente, siempre bajo los preceptos de la presunci\u00f3n de inocencia, consagrados en el art\u00edculo 29 de la Constituci\u00f3n Pol\u00edtica y el art\u00edculo 7\u00ba de la Ley 906 de 2004.<\/span><\/em><em><span lang=\"ES\">\u00a0\u00a0<\/span><\/em><span lang=\"ES\">\u00a0\u00a0<\/span><\/p>\n<\/div>\n\n<div class=\"twitter-share\"><a href=\"https:\/\/twitter.com\/intent\/tweet?via=fiscaliacol\" class=\"twitter-share-button\">Tweet<\/a><\/div>\n","protected":false},"excerpt":{"rendered":"<p>10 de los presuntos integrantes fueron judicializados por su presunta participaci\u00f3n en distintas acciones il\u00edcitas en inmediaciones de\u00a0la plaza de mercado Santa Elena.\u00a0 En Cali (Valle del Cauca), el Fiscal [&hellip;]<\/p>\n","protected":false},"author":171,"featured_media":0,"comment_status":"closed","ping_status":"open","sticky":false,"template":"","format":"video","meta":{"tdm_status":"","tdm_grid_status":"","footnotes":""},"categories":[25128,24096,24103],"tags":[27548,24561,24187,1047,27549,11101],"class_list":["post-222827","post","type-post","status-publish","format-video","category-el-fiscal-en-los-territorios","category-fiscal-general-de-la-nacion","category-trafico-de-estupefacientes","tag-banda-los-vigilantes","tag-extorsion-a-comerciantes","tag-fiscalia-colombia","tag-fiscalia-general-de-la-nacion","tag-plaza-de-mercado-santa-elena","tag-seguridad-ciudadana","post_format-post-format-video"],"yoast_head":"<!-- This site is optimized with the Yoast SEO plugin v24.3 - https:\/\/yoast.com\/wordpress\/plugins\/seo\/ -->\n<title>Fiscal\u00eda General de la Naci\u00f3n<\/title>\n<meta name=\"description\" content=\"P\u00e1gina oficial de la Fiscal\u00eda General de la Naci\u00f3n \u2013 Colombia. Garantizamos el acceso efectivo a la justicia, la verdad y la reparaci\u00f3n de las v\u00edctimas de los delitos.\" \/>\n<meta name=\"robots\" content=\"noindex, follow\" \/>\n<meta property=\"og:locale\" content=\"es_ES\" \/>\n<meta property=\"og:type\" content=\"article\" \/>\n<meta property=\"og:title\" content=\"Fiscal\u00eda General de la Naci\u00f3n\" \/>\n<meta property=\"og:description\" content=\"P\u00e1gina oficial de la Fiscal\u00eda General de la Naci\u00f3n \u2013 Colombia. Garantizamos el acceso efectivo a la justicia, la verdad y la reparaci\u00f3n de las v\u00edctimas de los delitos.\" \/>\n<meta property=\"og:url\" content=\"https:\/\/www.fiscalia.gov.co\/colombia\/fiscal-general-de-la-nacion\/impactada-la-red-delincuencial-los-vigilantes-senalada-de-homicidio-extorsion-y-trafico-de-drogas-en-cali\/\" \/>\n<meta property=\"og:site_name\" content=\"Fiscal\u00eda General de la Naci\u00f3n\" \/>\n<meta property=\"article:publisher\" content=\"https:\/\/www.facebook.com\/FiscaliaCol\" \/>\n<meta property=\"article:published_time\" content=\"2021-06-23T18:23:27+00:00\" \/>\n<meta property=\"article:modified_time\" content=\"2021-06-23T18:26:54+00:00\" \/>\n<meta property=\"og:image\" content=\"https:\/\/www.fiscalia.gov.co\/colombia\/wp-content\/uploads\/Cali-Los-Vigilantes-homicidio-1024x485.jpeg\" \/>\n<meta name=\"author\" content=\"Ana Mar\u00eda Gomez\" \/>\n<meta name=\"twitter:card\" content=\"summary_large_image\" \/>\n<meta name=\"twitter:creator\" content=\"@FiscaliaCol\" \/>\n<meta name=\"twitter:site\" content=\"@FiscaliaCol\" \/>\n<meta name=\"twitter:label1\" content=\"Escrito por\" \/>\n\t<meta name=\"twitter:data1\" content=\"Ana Mar\u00eda Gomez\" \/>\n\t<meta name=\"twitter:label2\" content=\"Tiempo de lectura\" \/>\n\t<meta name=\"twitter:data2\" content=\"2 minutos\" \/>\n<script type=\"application\/ld+json\" class=\"yoast-schema-graph\">{\"@context\":\"https:\/\/schema.org\",\"@graph\":[{\"@type\":\"Article\",\"@id\":\"https:\/\/www.fiscalia.gov.co\/colombia\/fiscal-general-de-la-nacion\/impactada-la-red-delincuencial-los-vigilantes-senalada-de-homicidio-extorsion-y-trafico-de-drogas-en-cali\/#article\",\"isPartOf\":{\"@id\":\"https:\/\/www.fiscalia.gov.co\/colombia\/fiscal-general-de-la-nacion\/impactada-la-red-delincuencial-los-vigilantes-senalada-de-homicidio-extorsion-y-trafico-de-drogas-en-cali\/\"},\"author\":{\"name\":\"Ana Mar\u00eda Gomez\",\"@id\":\"https:\/\/www.fiscalia.gov.co\/colombia\/#\/schema\/person\/06aa2210fe4d79203f428ff671dee360\"},\"headline\":\"Impactada la red delincuencial Los Vigilantes, se\u00f1alada de homicidio, extorsi\u00f3n y tr\u00e1fico de drogas en Cali\",\"datePublished\":\"2021-06-23T18:23:27+00:00\",\"dateModified\":\"2021-06-23T18:26:54+00:00\",\"mainEntityOfPage\":{\"@id\":\"https:\/\/www.fiscalia.gov.co\/colombia\/fiscal-general-de-la-nacion\/impactada-la-red-delincuencial-los-vigilantes-senalada-de-homicidio-extorsion-y-trafico-de-drogas-en-cali\/\"},\"wordCount\":498,\"publisher\":{\"@id\":\"https:\/\/www.fiscalia.gov.co\/colombia\/#organization\"},\"image\":{\"@id\":\"https:\/\/www.fiscalia.gov.co\/colombia\/fiscal-general-de-la-nacion\/impactada-la-red-delincuencial-los-vigilantes-senalada-de-homicidio-extorsion-y-trafico-de-drogas-en-cali\/#primaryimage\"},\"thumbnailUrl\":\"https:\/\/www.fiscalia.gov.co\/colombia\/wp-content\/uploads\/Cali-Los-Vigilantes-homicidio-1024x485.jpeg\",\"keywords\":[\"banda Los Vigilantes\",\"extorsi\u00f3n a comerciantes\",\"Fiscal\u00eda Colombia\",\"Fiscal\u00eda General de la Naci\u00f3n\",\"plaza de mercado Santa Elena\",\"Seguridad ciudadana\"],\"articleSection\":[\"El Fiscal en los territorios\",\"Fiscal General de la Naci\u00f3n\",\"Tr\u00e1fico de estupefacientes\"],\"inLanguage\":\"es-CO\"},{\"@type\":\"WebPage\",\"@id\":\"https:\/\/www.fiscalia.gov.co\/colombia\/fiscal-general-de-la-nacion\/impactada-la-red-delincuencial-los-vigilantes-senalada-de-homicidio-extorsion-y-trafico-de-drogas-en-cali\/\",\"url\":\"https:\/\/www.fiscalia.gov.co\/colombia\/fiscal-general-de-la-nacion\/impactada-la-red-delincuencial-los-vigilantes-senalada-de-homicidio-extorsion-y-trafico-de-drogas-en-cali\/\",\"name\":\"Fiscal\u00eda General de la Naci\u00f3n\",\"isPartOf\":{\"@id\":\"https:\/\/www.fiscalia.gov.co\/colombia\/#website\"},\"primaryImageOfPage\":{\"@id\":\"https:\/\/www.fiscalia.gov.co\/colombia\/fiscal-general-de-la-nacion\/impactada-la-red-delincuencial-los-vigilantes-senalada-de-homicidio-extorsion-y-trafico-de-drogas-en-cali\/#primaryimage\"},\"image\":{\"@id\":\"https:\/\/www.fiscalia.gov.co\/colombia\/fiscal-general-de-la-nacion\/impactada-la-red-delincuencial-los-vigilantes-senalada-de-homicidio-extorsion-y-trafico-de-drogas-en-cali\/#primaryimage\"},\"thumbnailUrl\":\"https:\/\/www.fiscalia.gov.co\/colombia\/wp-content\/uploads\/Cali-Los-Vigilantes-homicidio-1024x485.jpeg\",\"datePublished\":\"2021-06-23T18:23:27+00:00\",\"dateModified\":\"2021-06-23T18:26:54+00:00\",\"description\":\"P\u00e1gina oficial de la Fiscal\u00eda General de la Naci\u00f3n \u2013 Colombia. Garantizamos el acceso efectivo a la justicia, la verdad y la reparaci\u00f3n de las v\u00edctimas de los delitos.\",\"breadcrumb\":{\"@id\":\"https:\/\/www.fiscalia.gov.co\/colombia\/fiscal-general-de-la-nacion\/impactada-la-red-delincuencial-los-vigilantes-senalada-de-homicidio-extorsion-y-trafico-de-drogas-en-cali\/#breadcrumb\"},\"inLanguage\":\"es-CO\",\"potentialAction\":[{\"@type\":\"ReadAction\",\"target\":[\"https:\/\/www.fiscalia.gov.co\/colombia\/fiscal-general-de-la-nacion\/impactada-la-red-delincuencial-los-vigilantes-senalada-de-homicidio-extorsion-y-trafico-de-drogas-en-cali\/\"]}]},{\"@type\":\"ImageObject\",\"inLanguage\":\"es-CO\",\"@id\":\"https:\/\/www.fiscalia.gov.co\/colombia\/fiscal-general-de-la-nacion\/impactada-la-red-delincuencial-los-vigilantes-senalada-de-homicidio-extorsion-y-trafico-de-drogas-en-cali\/#primaryimage\",\"url\":\"https:\/\/www.fiscalia.gov.co\/colombia\/wp-content\/uploads\/Cali-Los-Vigilantes-homicidio-1024x485.jpeg\",\"contentUrl\":\"https:\/\/www.fiscalia.gov.co\/colombia\/wp-content\/uploads\/Cali-Los-Vigilantes-homicidio-1024x485.jpeg\"},{\"@type\":\"BreadcrumbList\",\"@id\":\"https:\/\/www.fiscalia.gov.co\/colombia\/fiscal-general-de-la-nacion\/impactada-la-red-delincuencial-los-vigilantes-senalada-de-homicidio-extorsion-y-trafico-de-drogas-en-cali\/#breadcrumb\",\"itemListElement\":[{\"@type\":\"ListItem\",\"position\":1,\"name\":\"Home\",\"item\":\"https:\/\/www.fiscalia.gov.co\/colombia\/\"},{\"@type\":\"ListItem\",\"position\":2,\"name\":\"Impactada la red delincuencial Los Vigilantes, se\u00f1alada de homicidio, extorsi\u00f3n y tr\u00e1fico de drogas en Cali\"}]},{\"@type\":\"WebSite\",\"@id\":\"https:\/\/www.fiscalia.gov.co\/colombia\/#website\",\"url\":\"https:\/\/www.fiscalia.gov.co\/colombia\/\",\"name\":\"Fiscal\u00eda General de la Naci\u00f3n\",\"description\":\"P\u00e1gina oficial de la Fiscal\u00eda General de la Naci\u00f3n \u2013 Colombia. Garantizamos el acceso efectivo a la justicia, la verdad y la reparaci\u00f3n de las v\u00edctimas de los delitos.\",\"publisher\":{\"@id\":\"https:\/\/www.fiscalia.gov.co\/colombia\/#organization\"},\"potentialAction\":[{\"@type\":\"SearchAction\",\"target\":{\"@type\":\"EntryPoint\",\"urlTemplate\":\"https:\/\/www.fiscalia.gov.co\/colombia\/?s={search_term_string}\"},\"query-input\":{\"@type\":\"PropertyValueSpecification\",\"valueRequired\":true,\"valueName\":\"search_term_string\"}}],\"inLanguage\":\"es-CO\"},{\"@type\":\"Organization\",\"@id\":\"https:\/\/www.fiscalia.gov.co\/colombia\/#organization\",\"name\":\"Fiscal\u00eda General de la Naci\u00f3n\",\"url\":\"https:\/\/www.fiscalia.gov.co\/colombia\/\",\"logo\":{\"@type\":\"ImageObject\",\"inLanguage\":\"es-CO\",\"@id\":\"https:\/\/www.fiscalia.gov.co\/colombia\/#\/schema\/logo\/image\/\",\"url\":\"https:\/\/www.fiscalia.gov.co\/colombia\/wp-content\/uploads\/LogoHorizontal_1.jpg\",\"contentUrl\":\"https:\/\/www.fiscalia.gov.co\/colombia\/wp-content\/uploads\/LogoHorizontal_1.jpg\",\"width\":300,\"height\":90,\"caption\":\"Fiscal\u00eda General de la Naci\u00f3n\"},\"image\":{\"@id\":\"https:\/\/www.fiscalia.gov.co\/colombia\/#\/schema\/logo\/image\/\"},\"sameAs\":[\"https:\/\/www.facebook.com\/FiscaliaCol\",\"https:\/\/x.com\/FiscaliaCol\",\"https:\/\/www.instagram.com\/fiscaliacol\",\"https:\/\/www.linkedin.com\/company\/fiscalia-general-de-la-naci-n\/\",\"https:\/\/youtube.com\/@fiscaliageneraldelanacion-4668?si=6nN79nyQICPU5iTh\"]},{\"@type\":\"Person\",\"@id\":\"https:\/\/www.fiscalia.gov.co\/colombia\/#\/schema\/person\/06aa2210fe4d79203f428ff671dee360\",\"name\":\"Ana Mar\u00eda Gomez\",\"image\":{\"@type\":\"ImageObject\",\"inLanguage\":\"es-CO\",\"@id\":\"https:\/\/www.fiscalia.gov.co\/colombia\/#\/schema\/person\/image\/\",\"url\":\"https:\/\/secure.gravatar.com\/avatar\/a38115d98a7f8a96cbb96af2b2c37a0b?s=96&d=mm&r=g\",\"contentUrl\":\"https:\/\/secure.gravatar.com\/avatar\/a38115d98a7f8a96cbb96af2b2c37a0b?s=96&d=mm&r=g\",\"caption\":\"Ana Mar\u00eda Gomez\"},\"url\":\"https:\/\/www.fiscalia.gov.co\/colombia\/author\/agomez\/\"}]}<\/script>\n<!-- \/ Yoast SEO plugin. -->","yoast_head_json":{"title":"Fiscal\u00eda General de la Naci\u00f3n","description":"P\u00e1gina oficial de la Fiscal\u00eda General de la Naci\u00f3n \u2013 Colombia. Garantizamos el acceso efectivo a la justicia, la verdad y la reparaci\u00f3n de las v\u00edctimas de los delitos.","robots":{"index":"noindex","follow":"follow"},"og_locale":"es_ES","og_type":"article","og_title":"Fiscal\u00eda General de la Naci\u00f3n","og_description":"P\u00e1gina oficial de la Fiscal\u00eda General de la Naci\u00f3n \u2013 Colombia. Garantizamos el acceso efectivo a la justicia, la verdad y la reparaci\u00f3n de las v\u00edctimas de los delitos.","og_url":"https:\/\/www.fiscalia.gov.co\/colombia\/fiscal-general-de-la-nacion\/impactada-la-red-delincuencial-los-vigilantes-senalada-de-homicidio-extorsion-y-trafico-de-drogas-en-cali\/","og_site_name":"Fiscal\u00eda General de la Naci\u00f3n","article_publisher":"https:\/\/www.facebook.com\/FiscaliaCol","article_published_time":"2021-06-23T18:23:27+00:00","article_modified_time":"2021-06-23T18:26:54+00:00","og_image":[{"url":"https:\/\/www.fiscalia.gov.co\/colombia\/wp-content\/uploads\/Cali-Los-Vigilantes-homicidio-1024x485.jpeg","type":"","width":"","height":""}],"author":"Ana Mar\u00eda Gomez","twitter_card":"summary_large_image","twitter_creator":"@FiscaliaCol","twitter_site":"@FiscaliaCol","twitter_misc":{"Escrito por":"Ana Mar\u00eda Gomez","Tiempo de lectura":"2 minutos"},"schema":{"@context":"https:\/\/schema.org","@graph":[{"@type":"Article","@id":"https:\/\/www.fiscalia.gov.co\/colombia\/fiscal-general-de-la-nacion\/impactada-la-red-delincuencial-los-vigilantes-senalada-de-homicidio-extorsion-y-trafico-de-drogas-en-cali\/#article","isPartOf":{"@id":"https:\/\/www.fiscalia.gov.co\/colombia\/fiscal-general-de-la-nacion\/impactada-la-red-delincuencial-los-vigilantes-senalada-de-homicidio-extorsion-y-trafico-de-drogas-en-cali\/"},"author":{"name":"Ana Mar\u00eda Gomez","@id":"https:\/\/www.fiscalia.gov.co\/colombia\/#\/schema\/person\/06aa2210fe4d79203f428ff671dee360"},"headline":"Impactada la red delincuencial Los Vigilantes, se\u00f1alada de homicidio, extorsi\u00f3n y tr\u00e1fico de drogas en Cali","datePublished":"2021-06-23T18:23:27+00:00","dateModified":"2021-06-23T18:26:54+00:00","mainEntityOfPage":{"@id":"https:\/\/www.fiscalia.gov.co\/colombia\/fiscal-general-de-la-nacion\/impactada-la-red-delincuencial-los-vigilantes-senalada-de-homicidio-extorsion-y-trafico-de-drogas-en-cali\/"},"wordCount":498,"publisher":{"@id":"https:\/\/www.fiscalia.gov.co\/colombia\/#organization"},"image":{"@id":"https:\/\/www.fiscalia.gov.co\/colombia\/fiscal-general-de-la-nacion\/impactada-la-red-delincuencial-los-vigilantes-senalada-de-homicidio-extorsion-y-trafico-de-drogas-en-cali\/#primaryimage"},"thumbnailUrl":"https:\/\/www.fiscalia.gov.co\/colombia\/wp-content\/uploads\/Cali-Los-Vigilantes-homicidio-1024x485.jpeg","keywords":["banda Los Vigilantes","extorsi\u00f3n a comerciantes","Fiscal\u00eda Colombia","Fiscal\u00eda General de la Naci\u00f3n","plaza de mercado Santa Elena","Seguridad ciudadana"],"articleSection":["El Fiscal en los territorios","Fiscal General de la Naci\u00f3n","Tr\u00e1fico de estupefacientes"],"inLanguage":"es-CO"},{"@type":"WebPage","@id":"https:\/\/www.fiscalia.gov.co\/colombia\/fiscal-general-de-la-nacion\/impactada-la-red-delincuencial-los-vigilantes-senalada-de-homicidio-extorsion-y-trafico-de-drogas-en-cali\/","url":"https:\/\/www.fiscalia.gov.co\/colombia\/fiscal-general-de-la-nacion\/impactada-la-red-delincuencial-los-vigilantes-senalada-de-homicidio-extorsion-y-trafico-de-drogas-en-cali\/","name":"Fiscal\u00eda General de la Naci\u00f3n","isPartOf":{"@id":"https:\/\/www.fiscalia.gov.co\/colombia\/#website"},"primaryImageOfPage":{"@id":"https:\/\/www.fiscalia.gov.co\/colombia\/fiscal-general-de-la-nacion\/impactada-la-red-delincuencial-los-vigilantes-senalada-de-homicidio-extorsion-y-trafico-de-drogas-en-cali\/#primaryimage"},"image":{"@id":"https:\/\/www.fiscalia.gov.co\/colombia\/fiscal-general-de-la-nacion\/impactada-la-red-delincuencial-los-vigilantes-senalada-de-homicidio-extorsion-y-trafico-de-drogas-en-cali\/#primaryimage"},"thumbnailUrl":"https:\/\/www.fiscalia.gov.co\/colombia\/wp-content\/uploads\/Cali-Los-Vigilantes-homicidio-1024x485.jpeg","datePublished":"2021-06-23T18:23:27+00:00","dateModified":"2021-06-23T18:26:54+00:00","description":"P\u00e1gina oficial de la Fiscal\u00eda General de la Naci\u00f3n \u2013 Colombia. Garantizamos el acceso efectivo a la justicia, la verdad y la reparaci\u00f3n de las v\u00edctimas de los delitos.","breadcrumb":{"@id":"https:\/\/www.fiscalia.gov.co\/colombia\/fiscal-general-de-la-nacion\/impactada-la-red-delincuencial-los-vigilantes-senalada-de-homicidio-extorsion-y-trafico-de-drogas-en-cali\/#breadcrumb"},"inLanguage":"es-CO","potentialAction":[{"@type":"ReadAction","target":["https:\/\/www.fiscalia.gov.co\/colombia\/fiscal-general-de-la-nacion\/impactada-la-red-delincuencial-los-vigilantes-senalada-de-homicidio-extorsion-y-trafico-de-drogas-en-cali\/"]}]},{"@type":"ImageObject","inLanguage":"es-CO","@id":"https:\/\/www.fiscalia.gov.co\/colombia\/fiscal-general-de-la-nacion\/impactada-la-red-delincuencial-los-vigilantes-senalada-de-homicidio-extorsion-y-trafico-de-drogas-en-cali\/#primaryimage","url":"https:\/\/www.fiscalia.gov.co\/colombia\/wp-content\/uploads\/Cali-Los-Vigilantes-homicidio-1024x485.jpeg","contentUrl":"https:\/\/www.fiscalia.gov.co\/colombia\/wp-content\/uploads\/Cali-Los-Vigilantes-homicidio-1024x485.jpeg"},{"@type":"BreadcrumbList","@id":"https:\/\/www.fiscalia.gov.co\/colombia\/fiscal-general-de-la-nacion\/impactada-la-red-delincuencial-los-vigilantes-senalada-de-homicidio-extorsion-y-trafico-de-drogas-en-cali\/#breadcrumb","itemListElement":[{"@type":"ListItem","position":1,"name":"Home","item":"https:\/\/www.fiscalia.gov.co\/colombia\/"},{"@type":"ListItem","position":2,"name":"Impactada la red delincuencial Los Vigilantes, se\u00f1alada de homicidio, extorsi\u00f3n y tr\u00e1fico de drogas en Cali"}]},{"@type":"WebSite","@id":"https:\/\/www.fiscalia.gov.co\/colombia\/#website","url":"https:\/\/www.fiscalia.gov.co\/colombia\/","name":"Fiscal\u00eda General de la Naci\u00f3n","description":"P\u00e1gina oficial de la Fiscal\u00eda General de la Naci\u00f3n \u2013 Colombia. Garantizamos el acceso efectivo a la justicia, la verdad y la reparaci\u00f3n de las v\u00edctimas de los delitos.","publisher":{"@id":"https:\/\/www.fiscalia.gov.co\/colombia\/#organization"},"potentialAction":[{"@type":"SearchAction","target":{"@type":"EntryPoint","urlTemplate":"https:\/\/www.fiscalia.gov.co\/colombia\/?s={search_term_string}"},"query-input":{"@type":"PropertyValueSpecification","valueRequired":true,"valueName":"search_term_string"}}],"inLanguage":"es-CO"},{"@type":"Organization","@id":"https:\/\/www.fiscalia.gov.co\/colombia\/#organization","name":"Fiscal\u00eda General de la Naci\u00f3n","url":"https:\/\/www.fiscalia.gov.co\/colombia\/","logo":{"@type":"ImageObject","inLanguage":"es-CO","@id":"https:\/\/www.fiscalia.gov.co\/colombia\/#\/schema\/logo\/image\/","url":"https:\/\/www.fiscalia.gov.co\/colombia\/wp-content\/uploads\/LogoHorizontal_1.jpg","contentUrl":"https:\/\/www.fiscalia.gov.co\/colombia\/wp-content\/uploads\/LogoHorizontal_1.jpg","width":300,"height":90,"caption":"Fiscal\u00eda General de la Naci\u00f3n"},"image":{"@id":"https:\/\/www.fiscalia.gov.co\/colombia\/#\/schema\/logo\/image\/"},"sameAs":["https:\/\/www.facebook.com\/FiscaliaCol","https:\/\/x.com\/FiscaliaCol","https:\/\/www.instagram.com\/fiscaliacol","https:\/\/www.linkedin.com\/company\/fiscalia-general-de-la-naci-n\/","https:\/\/youtube.com\/@fiscaliageneraldelanacion-4668?si=6nN79nyQICPU5iTh"]},{"@type":"Person","@id":"https:\/\/www.fiscalia.gov.co\/colombia\/#\/schema\/person\/06aa2210fe4d79203f428ff671dee360","name":"Ana Mar\u00eda Gomez","image":{"@type":"ImageObject","inLanguage":"es-CO","@id":"https:\/\/www.fiscalia.gov.co\/colombia\/#\/schema\/person\/image\/","url":"https:\/\/secure.gravatar.com\/avatar\/a38115d98a7f8a96cbb96af2b2c37a0b?s=96&d=mm&r=g","contentUrl":"https:\/\/secure.gravatar.com\/avatar\/a38115d98a7f8a96cbb96af2b2c37a0b?s=96&d=mm&r=g","caption":"Ana Mar\u00eda Gomez"},"url":"https:\/\/www.fiscalia.gov.co\/colombia\/author\/agomez\/"}]}},"_links":{"self":[{"href":"https:\/\/www.fiscalia.gov.co\/colombia\/wp-json\/wp\/v2\/posts\/222827","targetHints":{"allow":["GET"]}}],"collection":[{"href":"https:\/\/www.fiscalia.gov.co\/colombia\/wp-json\/wp\/v2\/posts"}],"about":[{"href":"https:\/\/www.fiscalia.gov.co\/colombia\/wp-json\/wp\/v2\/types\/post"}],"author":[{"embeddable":true,"href":"https:\/\/www.fiscalia.gov.co\/colombia\/wp-json\/wp\/v2\/users\/171"}],"replies":[{"embeddable":true,"href":"https:\/\/www.fiscalia.gov.co\/colombia\/wp-json\/wp\/v2\/comments?post=222827"}],"version-history":[{"count":3,"href":"https:\/\/www.fiscalia.gov.co\/colombia\/wp-json\/wp\/v2\/posts\/222827\/revisions"}],"predecessor-version":[{"id":222831,"href":"https:\/\/www.fiscalia.gov.co\/colombia\/wp-json\/wp\/v2\/posts\/222827\/revisions\/222831"}],"wp:attachment":[{"href":"https:\/\/www.fiscalia.gov.co\/colombia\/wp-json\/wp\/v2\/media?parent=222827"}],"wp:term":[{"taxonomy":"category","embeddable":true,"href":"https:\/\/www.fiscalia.gov.co\/colombia\/wp-json\/wp\/v2\/categories?post=222827"},{"taxonomy":"post_tag","embeddable":true,"href":"https:\/\/www.fiscalia.gov.co\/colombia\/wp-json\/wp\/v2\/tags?post=222827"}],"curies":[{"name":"wp","href":"https:\/\/api.w.org\/{rel}","templated":true}]}}