{"id":222800,"date":"2021-06-23T10:56:20","date_gmt":"2021-06-23T15:56:20","guid":{"rendered":"https:\/\/www.fiscalia.gov.co\/colombia\/?p=222800"},"modified":"2021-06-25T15:28:35","modified_gmt":"2021-06-25T20:28:35","slug":"un-hombre-fue-enviado-a-la-carcel-por-ser-el-presunto-responsable-del-secuestro-de-su-ex-pareja-sentimental-en-ibague-tolima","status":"publish","type":"post","link":"https:\/\/www.fiscalia.gov.co\/colombia\/seccionales\/un-hombre-fue-enviado-a-la-carcel-por-ser-el-presunto-responsable-del-secuestro-de-su-ex-pareja-sentimental-en-ibague-tolima\/","title":{"rendered":"Un hombre fue enviado a la c\u00e1rcel por ser el presunto responsable del secuestro de su ex pareja sentimental en Ibagu\u00e9 (Tolima)"},"content":{"rendered":"<blockquote>\n<h4 class=\"x_x_xmsonormal\" style=\"text-align: left;\"><strong><i>Seg\u00fan la denuncia, la mujer fue retenida en contra de su voluntad por cuatro d\u00edas en la casa del procesado. Los maltratos vendr\u00edan desde tiempo atr\u00e1s.<\/i><\/strong><\/h4>\n<\/blockquote>\n<p class=\"x_x_xmsonormal\">Un hombre de 30 a\u00f1os fue enviado a un centro carcelario de Ibagu\u00e9 (Tolima), por su presunta participaci\u00f3n en los\u00a0<a href=\"https:\/\/www.fiscalia.gov.co\/colombia\/seccionales\/por-secuestro-y-abuso-sexual-de-una-menor-envian-a-la-carcel-al-presunto-responsable\/\" target=\"_blank\" rel=\"noopener noreferrer\">delitos de secuestro simple en concurso heterog\u00e9neo con violencia \u00a0intrafamiliar en concurso homog\u00e9neo<\/a>\u00a0de los que fue v\u00edctima su ex\u00a0pareja sentimental.<\/p>\n<figure id=\"attachment_222803\" aria-describedby=\"caption-attachment-222803\" style=\"width: 963px\" class=\"wp-caption aligncenter\"><img loading=\"lazy\" decoding=\"async\" class=\"size-full wp-image-222803\" src=\"https:\/\/www.fiscalia.gov.co\/colombia\/wp-content\/uploads\/Cristian-Camilo-Otero-G\u00f3mez-asegurado-por-secuestro-violencia-intrafamiliar-ibague.jpeg\" alt=\"\" width=\"963\" height=\"722\" srcset=\"https:\/\/www.fiscalia.gov.co\/colombia\/wp-content\/uploads\/Cristian-Camilo-Otero-G\u00f3mez-asegurado-por-secuestro-violencia-intrafamiliar-ibague.jpeg 963w, https:\/\/www.fiscalia.gov.co\/colombia\/wp-content\/uploads\/Cristian-Camilo-Otero-G\u00f3mez-asegurado-por-secuestro-violencia-intrafamiliar-ibague-300x225.jpeg 300w, https:\/\/www.fiscalia.gov.co\/colombia\/wp-content\/uploads\/Cristian-Camilo-Otero-G\u00f3mez-asegurado-por-secuestro-violencia-intrafamiliar-ibague-768x576.jpeg 768w, https:\/\/www.fiscalia.gov.co\/colombia\/wp-content\/uploads\/Cristian-Camilo-Otero-G\u00f3mez-asegurado-por-secuestro-violencia-intrafamiliar-ibague-696x522.jpeg 696w, https:\/\/www.fiscalia.gov.co\/colombia\/wp-content\/uploads\/Cristian-Camilo-Otero-G\u00f3mez-asegurado-por-secuestro-violencia-intrafamiliar-ibague-560x420.jpeg 560w, https:\/\/www.fiscalia.gov.co\/colombia\/wp-content\/uploads\/Cristian-Camilo-Otero-G\u00f3mez-asegurado-por-secuestro-violencia-intrafamiliar-ibague-80x60.jpeg 80w, https:\/\/www.fiscalia.gov.co\/colombia\/wp-content\/uploads\/Cristian-Camilo-Otero-G\u00f3mez-asegurado-por-secuestro-violencia-intrafamiliar-ibague-265x198.jpeg 265w\" sizes=\"auto, (max-width: 963px) 100vw, 963px\" \/><figcaption id=\"caption-attachment-222803\" class=\"wp-caption-text\">Cristian Camilo Otero G\u00f3mez fue detenido por los delitos de secuestro simple en concurso con violencias intrafamiliar agravada. Fue enviado como medida de aseguramiento a la c\u00e1rcel Picale\u00f1a de Ibagu\u00e9.<\/figcaption><\/figure>\n<p class=\"x_x_xmsonormal\"><b>Personal del Cuerpo T\u00e9cnico de Investigaci\u00f3n (CTI)<\/b>\u00a0adscrito a la unidad Cavif, en coordinaci\u00f3n con el grupo operativo y de capturas de la Seccional Tolima, y con el acompa\u00f1amiento del Ej\u00e9rcito Nacional, materializaron la captura de Cristian Camilo Otero G\u00f3mez en la capital tolimense.<\/p>\n<p class=\"x_x_xmsonormal\">La joven de 29 a\u00f1os, en tres oportunidades puso en conocimiento de las autoridades los vej\u00e1menes de los que, al parecer, ven\u00eda siendo v\u00edctima y por los cuales la<b>\u00a0Fiscal\u00eda General de la Naci\u00f3n\u00a0<\/b>solicit\u00f3 al juzgado con funciones de control de garant\u00edas que conoci\u00f3 el caso, lo privar\u00e1 de la libertad.<\/p>\n<p class=\"x_x_xmsonormal\"><b>Los hechos<\/b><\/p>\n<p class=\"x_x_xmsonormal\">Seg\u00fan las investigaciones, la pareja llevaba seis a\u00f1os de relaci\u00f3n y\u00a0un\u00a0mes conviviendo. Se presume que, durante este tiempo, la mujer habr\u00eda sido v\u00edctima de m\u00faltiples agresiones f\u00edsicas y psicol\u00f3gicas.<\/p>\n<p class=\"x_x_xmsonormal\">En la primera denuncia, la mujer se\u00f1al\u00f3 que le pidi\u00f3 al hoy procesado que fueran a casa de su padre, lo cual no le agrad\u00f3 y por ello la habr\u00eda lanzado al piso e intentado asfixiar. Durante el il\u00edcito intervino la madre del hombre. Los\u00a0hechos ocurrieron entre el 3 y el 6 de mayo reciente.\u00a0Adem\u00e1s, al parecer\u00a0fue maltratada por negarse a sostener relaciones sexuales con \u00e9l y amedrentada con una navaja.<\/p>\n<p class=\"x_x_xmsonormal\">D\u00edas despu\u00e9s, la v\u00edctima se arriesg\u00f3 de nuevo a pedirle a su compa\u00f1ero que le permitiera ir a la casa de su progenitor, a lo que este accedi\u00f3, y es cuando ella aprovecha para no volver a vivir con \u00e9l.\u00a0Esto provocar\u00eda que el hombre se enfureciera y supuestamente empezara a amenazar a sus parientes v\u00eda telef\u00f3nica. Se presume que les env\u00edo fotos de las pertenencias quemadas de ella.<\/p>\n<p class=\"x_x_xmsonormal\">Asimismo, en la segunda denuncia,\u00a0la ex pareja sentimental del hoy procesado\u00a0narr\u00f3 que habr\u00eda sido v\u00edctima de\u00a0una serie de mensajes insultantes en las redes sociales por parte de \u00e9l.\u00a0\u00a0De igual manera, la afectada asegur\u00f3 que supuestamente \u00e9l ingres\u00f3 a su plataforma de estudio e hizo una serie de comentarios que fueron objeto de llamados de atenci\u00f3n por parte de\u00a0sus docentes.<\/p>\n<p class=\"x_x_xmsonormal\">Tambi\u00e9n, consta en el informe policial que el hombre,\u00a0al parecer,\u00a0bajo enga\u00f1os la llev\u00f3\u00a0hasta la residencia donde viv\u00eda con su madre y hermana menor de edad. All\u00ed<span style=\"color: #1f497d;\">\u00a0la habr\u00eda encerrado<\/span>\u00a0bajo llave, la mantuvo sin acceso al tel\u00e9fono y la posibilidad de cambiarse de ropa.<\/p>\n<p class=\"x_x_xmsonormal\">Se presume que, durante este lapso de tiempo, la maltrat\u00f3 con pu\u00f1os, patadas y todo tipo de golpes que la pon\u00edan en estado de indefensi\u00f3n. Tambi\u00e9n reposa en el expediente que, debido a un pu\u00f1etazo que le habr\u00eda propinado, le fractur\u00f3 una pieza dental, le revent\u00f3 la boca e igualmente la tratar\u00eda de asfixiar, acto que fue interrumpido por una de las parientes de \u00e9l.<\/p>\n<p class=\"x_x_xmsonormal\">Gracias a que la madre de Otero G\u00f3mez dej\u00f3 la puerta abierta, ella logr\u00f3 huir del lugar y pedir ayuda, siendo auxiliada por un vigilante del conjunto quien posteriormente llam\u00f3 a la\u00a0<b>Polic\u00eda<\/b>\u00a0logrando rescatar a la mujer que estaba descalza, vistiendo ropa de hombre y visiblemente maltratada.<\/p>\n<p class=\"x_x_xmsonormal\">El hombre, quien fue capturado por uniformados de la Polic\u00eda Nacional no acept\u00f3 los cargos imputados por el ente acusador.<\/p>\n<p class=\"x_x_xmsonormal\">La Fiscal\u00eda habla con resultados.<\/p>\n<p class=\"x_x_xmsonormal\">PAAM\/MG\/PAOG<\/p>\n<p><i>La informaci\u00f3n contenida en este bolet\u00edn de prensa corresponde a la narraci\u00f3n de los hechos noticiosos objetivos, suministrados por los funcionarios encargados de adelantar las investigaciones penales al interior de la Fiscal\u00eda General de la Naci\u00f3n. Para el momento de la divulgaci\u00f3n de este comunicado, la situaci\u00f3n jur\u00eddica de la(s) persona(s) relacionada(s) se encuentra pendiente de resolver por la autoridad judicial competente, siempre bajo los preceptos de la presunci\u00f3n de inocencia, consagrados en el art\u00edculo 29 de la Constituci\u00f3n Pol\u00edtica y el art\u00edculo 7\u00ba de la Ley 906 de 2004.<\/i><\/p>\n\n<div class=\"twitter-share\"><a href=\"https:\/\/twitter.com\/intent\/tweet?via=fiscaliacol\" class=\"twitter-share-button\">Tweet<\/a><\/div>\n","protected":false},"excerpt":{"rendered":"<p>Seg\u00fan la denuncia, la mujer fue retenida en contra de su voluntad por cuatro d\u00edas en la casa del procesado. Los maltratos vendr\u00edan desde tiempo atr\u00e1s. Un hombre de 30 [&hellip;]<\/p>\n","protected":false},"author":171,"featured_media":0,"comment_status":"closed","ping_status":"open","sticky":false,"template":"","format":"video","meta":{"tdm_status":"","tdm_grid_status":"","footnotes":""},"categories":[329,303,24127],"tags":[13065,1047,23838,26938,17503,27196,24211,2164,12189,1176,682],"class_list":["post-222800","post","type-post","status-publish","format-video","category-seccional-ibague","category-seccionales","category-violencia-sexual-e-intrafamiliar","tag-expareja","tag-fiscalia-general-de-la-nacion","tag-ibague","tag-maltrato-continuado","tag-maltrato-fisico","tag-maltrato-psicologico","tag-seccional-tolima","tag-secuestro-simple","tag-tolima","tag-violencia-de-genero","tag-violencia-intrafamiliar","post_format-post-format-video"],"yoast_head":"<!-- This site is optimized with the Yoast SEO plugin v24.3 - https:\/\/yoast.com\/wordpress\/plugins\/seo\/ -->\n<title>Fiscal\u00eda General de la Naci\u00f3n<\/title>\n<meta name=\"description\" content=\"P\u00e1gina oficial de la Fiscal\u00eda General de la Naci\u00f3n \u2013 Colombia. Garantizamos el acceso efectivo a la justicia, la verdad y la reparaci\u00f3n de las v\u00edctimas de los delitos.\" \/>\n<meta name=\"robots\" content=\"noindex, follow\" \/>\n<meta property=\"og:locale\" content=\"es_ES\" \/>\n<meta property=\"og:type\" content=\"article\" \/>\n<meta property=\"og:title\" content=\"Fiscal\u00eda General de la Naci\u00f3n\" \/>\n<meta property=\"og:description\" content=\"P\u00e1gina oficial de la Fiscal\u00eda General de la Naci\u00f3n \u2013 Colombia. Garantizamos el acceso efectivo a la justicia, la verdad y la reparaci\u00f3n de las v\u00edctimas de los delitos.\" \/>\n<meta property=\"og:url\" content=\"https:\/\/www.fiscalia.gov.co\/colombia\/seccionales\/un-hombre-fue-enviado-a-la-carcel-por-ser-el-presunto-responsable-del-secuestro-de-su-ex-pareja-sentimental-en-ibague-tolima\/\" \/>\n<meta property=\"og:site_name\" content=\"Fiscal\u00eda General de la Naci\u00f3n\" \/>\n<meta property=\"article:publisher\" content=\"https:\/\/www.facebook.com\/FiscaliaCol\" \/>\n<meta property=\"article:published_time\" content=\"2021-06-23T15:56:20+00:00\" \/>\n<meta property=\"article:modified_time\" content=\"2021-06-25T20:28:35+00:00\" \/>\n<meta name=\"author\" content=\"Ana Mar\u00eda Gomez\" \/>\n<meta name=\"twitter:card\" content=\"summary_large_image\" \/>\n<meta name=\"twitter:creator\" content=\"@FiscaliaCol\" \/>\n<meta name=\"twitter:site\" content=\"@FiscaliaCol\" \/>\n<meta name=\"twitter:label1\" content=\"Escrito por\" \/>\n\t<meta name=\"twitter:data1\" content=\"Ana Mar\u00eda Gomez\" \/>\n\t<meta name=\"twitter:label2\" content=\"Tiempo de lectura\" \/>\n\t<meta name=\"twitter:data2\" content=\"4 minutos\" \/>\n<script type=\"application\/ld+json\" class=\"yoast-schema-graph\">{\"@context\":\"https:\/\/schema.org\",\"@graph\":[{\"@type\":\"Article\",\"@id\":\"https:\/\/www.fiscalia.gov.co\/colombia\/seccionales\/un-hombre-fue-enviado-a-la-carcel-por-ser-el-presunto-responsable-del-secuestro-de-su-ex-pareja-sentimental-en-ibague-tolima\/#article\",\"isPartOf\":{\"@id\":\"https:\/\/www.fiscalia.gov.co\/colombia\/seccionales\/un-hombre-fue-enviado-a-la-carcel-por-ser-el-presunto-responsable-del-secuestro-de-su-ex-pareja-sentimental-en-ibague-tolima\/\"},\"author\":{\"name\":\"Ana Mar\u00eda Gomez\",\"@id\":\"https:\/\/www.fiscalia.gov.co\/colombia\/#\/schema\/person\/06aa2210fe4d79203f428ff671dee360\"},\"headline\":\"Un hombre fue enviado a la c\u00e1rcel por ser el presunto responsable del secuestro de su ex pareja sentimental en Ibagu\u00e9 (Tolima)\",\"datePublished\":\"2021-06-23T15:56:20+00:00\",\"dateModified\":\"2021-06-25T20:28:35+00:00\",\"mainEntityOfPage\":{\"@id\":\"https:\/\/www.fiscalia.gov.co\/colombia\/seccionales\/un-hombre-fue-enviado-a-la-carcel-por-ser-el-presunto-responsable-del-secuestro-de-su-ex-pareja-sentimental-en-ibague-tolima\/\"},\"wordCount\":814,\"publisher\":{\"@id\":\"https:\/\/www.fiscalia.gov.co\/colombia\/#organization\"},\"keywords\":[\"Expareja\",\"Fiscal\u00eda General de la Naci\u00f3n\",\"Ibagu\u00e9\",\"maltrato continuado\",\"Maltrato f\u00edsico\",\"maltrato psicol\u00f3gico\",\"Seccional Tolima\",\"Secuestro simple\",\"Tolima\",\"Violencia de g\u00e9nero\",\"Violencia intrafamiliar\"],\"articleSection\":[\"Seccional Ibagu\u00e9\",\"Seccionales\",\"Violencia sexual e intrafamiliar\"],\"inLanguage\":\"es-CO\"},{\"@type\":\"WebPage\",\"@id\":\"https:\/\/www.fiscalia.gov.co\/colombia\/seccionales\/un-hombre-fue-enviado-a-la-carcel-por-ser-el-presunto-responsable-del-secuestro-de-su-ex-pareja-sentimental-en-ibague-tolima\/\",\"url\":\"https:\/\/www.fiscalia.gov.co\/colombia\/seccionales\/un-hombre-fue-enviado-a-la-carcel-por-ser-el-presunto-responsable-del-secuestro-de-su-ex-pareja-sentimental-en-ibague-tolima\/\",\"name\":\"Fiscal\u00eda General de la Naci\u00f3n\",\"isPartOf\":{\"@id\":\"https:\/\/www.fiscalia.gov.co\/colombia\/#website\"},\"datePublished\":\"2021-06-23T15:56:20+00:00\",\"dateModified\":\"2021-06-25T20:28:35+00:00\",\"description\":\"P\u00e1gina oficial de la Fiscal\u00eda General de la Naci\u00f3n \u2013 Colombia. Garantizamos el acceso efectivo a la justicia, la verdad y la reparaci\u00f3n de las v\u00edctimas de los delitos.\",\"breadcrumb\":{\"@id\":\"https:\/\/www.fiscalia.gov.co\/colombia\/seccionales\/un-hombre-fue-enviado-a-la-carcel-por-ser-el-presunto-responsable-del-secuestro-de-su-ex-pareja-sentimental-en-ibague-tolima\/#breadcrumb\"},\"inLanguage\":\"es-CO\",\"potentialAction\":[{\"@type\":\"ReadAction\",\"target\":[\"https:\/\/www.fiscalia.gov.co\/colombia\/seccionales\/un-hombre-fue-enviado-a-la-carcel-por-ser-el-presunto-responsable-del-secuestro-de-su-ex-pareja-sentimental-en-ibague-tolima\/\"]}]},{\"@type\":\"BreadcrumbList\",\"@id\":\"https:\/\/www.fiscalia.gov.co\/colombia\/seccionales\/un-hombre-fue-enviado-a-la-carcel-por-ser-el-presunto-responsable-del-secuestro-de-su-ex-pareja-sentimental-en-ibague-tolima\/#breadcrumb\",\"itemListElement\":[{\"@type\":\"ListItem\",\"position\":1,\"name\":\"Home\",\"item\":\"https:\/\/www.fiscalia.gov.co\/colombia\/\"},{\"@type\":\"ListItem\",\"position\":2,\"name\":\"Un hombre fue enviado a la c\u00e1rcel por ser el presunto responsable del secuestro de su ex pareja sentimental en Ibagu\u00e9 (Tolima)\"}]},{\"@type\":\"WebSite\",\"@id\":\"https:\/\/www.fiscalia.gov.co\/colombia\/#website\",\"url\":\"https:\/\/www.fiscalia.gov.co\/colombia\/\",\"name\":\"Fiscal\u00eda General de la Naci\u00f3n\",\"description\":\"P\u00e1gina oficial de la Fiscal\u00eda General de la Naci\u00f3n \u2013 Colombia. Garantizamos el acceso efectivo a la justicia, la verdad y la reparaci\u00f3n de las v\u00edctimas de los delitos.\",\"publisher\":{\"@id\":\"https:\/\/www.fiscalia.gov.co\/colombia\/#organization\"},\"potentialAction\":[{\"@type\":\"SearchAction\",\"target\":{\"@type\":\"EntryPoint\",\"urlTemplate\":\"https:\/\/www.fiscalia.gov.co\/colombia\/?s={search_term_string}\"},\"query-input\":{\"@type\":\"PropertyValueSpecification\",\"valueRequired\":true,\"valueName\":\"search_term_string\"}}],\"inLanguage\":\"es-CO\"},{\"@type\":\"Organization\",\"@id\":\"https:\/\/www.fiscalia.gov.co\/colombia\/#organization\",\"name\":\"Fiscal\u00eda General de la Naci\u00f3n\",\"url\":\"https:\/\/www.fiscalia.gov.co\/colombia\/\",\"logo\":{\"@type\":\"ImageObject\",\"inLanguage\":\"es-CO\",\"@id\":\"https:\/\/www.fiscalia.gov.co\/colombia\/#\/schema\/logo\/image\/\",\"url\":\"https:\/\/www.fiscalia.gov.co\/colombia\/wp-content\/uploads\/LogoHorizontal_1.jpg\",\"contentUrl\":\"https:\/\/www.fiscalia.gov.co\/colombia\/wp-content\/uploads\/LogoHorizontal_1.jpg\",\"width\":300,\"height\":90,\"caption\":\"Fiscal\u00eda General de la Naci\u00f3n\"},\"image\":{\"@id\":\"https:\/\/www.fiscalia.gov.co\/colombia\/#\/schema\/logo\/image\/\"},\"sameAs\":[\"https:\/\/www.facebook.com\/FiscaliaCol\",\"https:\/\/x.com\/FiscaliaCol\",\"https:\/\/www.instagram.com\/fiscaliacol\",\"https:\/\/www.linkedin.com\/company\/fiscalia-general-de-la-naci-n\/\",\"https:\/\/youtube.com\/@fiscaliageneraldelanacion-4668?si=6nN79nyQICPU5iTh\"]},{\"@type\":\"Person\",\"@id\":\"https:\/\/www.fiscalia.gov.co\/colombia\/#\/schema\/person\/06aa2210fe4d79203f428ff671dee360\",\"name\":\"Ana Mar\u00eda Gomez\",\"image\":{\"@type\":\"ImageObject\",\"inLanguage\":\"es-CO\",\"@id\":\"https:\/\/www.fiscalia.gov.co\/colombia\/#\/schema\/person\/image\/\",\"url\":\"https:\/\/secure.gravatar.com\/avatar\/a38115d98a7f8a96cbb96af2b2c37a0b?s=96&d=mm&r=g\",\"contentUrl\":\"https:\/\/secure.gravatar.com\/avatar\/a38115d98a7f8a96cbb96af2b2c37a0b?s=96&d=mm&r=g\",\"caption\":\"Ana Mar\u00eda Gomez\"},\"url\":\"https:\/\/www.fiscalia.gov.co\/colombia\/author\/agomez\/\"}]}<\/script>\n<!-- \/ Yoast SEO plugin. -->","yoast_head_json":{"title":"Fiscal\u00eda General de la Naci\u00f3n","description":"P\u00e1gina oficial de la Fiscal\u00eda General de la Naci\u00f3n \u2013 Colombia. Garantizamos el acceso efectivo a la justicia, la verdad y la reparaci\u00f3n de las v\u00edctimas de los delitos.","robots":{"index":"noindex","follow":"follow"},"og_locale":"es_ES","og_type":"article","og_title":"Fiscal\u00eda General de la Naci\u00f3n","og_description":"P\u00e1gina oficial de la Fiscal\u00eda General de la Naci\u00f3n \u2013 Colombia. Garantizamos el acceso efectivo a la justicia, la verdad y la reparaci\u00f3n de las v\u00edctimas de los delitos.","og_url":"https:\/\/www.fiscalia.gov.co\/colombia\/seccionales\/un-hombre-fue-enviado-a-la-carcel-por-ser-el-presunto-responsable-del-secuestro-de-su-ex-pareja-sentimental-en-ibague-tolima\/","og_site_name":"Fiscal\u00eda General de la Naci\u00f3n","article_publisher":"https:\/\/www.facebook.com\/FiscaliaCol","article_published_time":"2021-06-23T15:56:20+00:00","article_modified_time":"2021-06-25T20:28:35+00:00","author":"Ana Mar\u00eda Gomez","twitter_card":"summary_large_image","twitter_creator":"@FiscaliaCol","twitter_site":"@FiscaliaCol","twitter_misc":{"Escrito por":"Ana Mar\u00eda Gomez","Tiempo de lectura":"4 minutos"},"schema":{"@context":"https:\/\/schema.org","@graph":[{"@type":"Article","@id":"https:\/\/www.fiscalia.gov.co\/colombia\/seccionales\/un-hombre-fue-enviado-a-la-carcel-por-ser-el-presunto-responsable-del-secuestro-de-su-ex-pareja-sentimental-en-ibague-tolima\/#article","isPartOf":{"@id":"https:\/\/www.fiscalia.gov.co\/colombia\/seccionales\/un-hombre-fue-enviado-a-la-carcel-por-ser-el-presunto-responsable-del-secuestro-de-su-ex-pareja-sentimental-en-ibague-tolima\/"},"author":{"name":"Ana Mar\u00eda Gomez","@id":"https:\/\/www.fiscalia.gov.co\/colombia\/#\/schema\/person\/06aa2210fe4d79203f428ff671dee360"},"headline":"Un hombre fue enviado a la c\u00e1rcel por ser el presunto responsable del secuestro de su ex pareja sentimental en Ibagu\u00e9 (Tolima)","datePublished":"2021-06-23T15:56:20+00:00","dateModified":"2021-06-25T20:28:35+00:00","mainEntityOfPage":{"@id":"https:\/\/www.fiscalia.gov.co\/colombia\/seccionales\/un-hombre-fue-enviado-a-la-carcel-por-ser-el-presunto-responsable-del-secuestro-de-su-ex-pareja-sentimental-en-ibague-tolima\/"},"wordCount":814,"publisher":{"@id":"https:\/\/www.fiscalia.gov.co\/colombia\/#organization"},"keywords":["Expareja","Fiscal\u00eda General de la Naci\u00f3n","Ibagu\u00e9","maltrato continuado","Maltrato f\u00edsico","maltrato psicol\u00f3gico","Seccional Tolima","Secuestro simple","Tolima","Violencia de g\u00e9nero","Violencia intrafamiliar"],"articleSection":["Seccional Ibagu\u00e9","Seccionales","Violencia sexual e intrafamiliar"],"inLanguage":"es-CO"},{"@type":"WebPage","@id":"https:\/\/www.fiscalia.gov.co\/colombia\/seccionales\/un-hombre-fue-enviado-a-la-carcel-por-ser-el-presunto-responsable-del-secuestro-de-su-ex-pareja-sentimental-en-ibague-tolima\/","url":"https:\/\/www.fiscalia.gov.co\/colombia\/seccionales\/un-hombre-fue-enviado-a-la-carcel-por-ser-el-presunto-responsable-del-secuestro-de-su-ex-pareja-sentimental-en-ibague-tolima\/","name":"Fiscal\u00eda General de la Naci\u00f3n","isPartOf":{"@id":"https:\/\/www.fiscalia.gov.co\/colombia\/#website"},"datePublished":"2021-06-23T15:56:20+00:00","dateModified":"2021-06-25T20:28:35+00:00","description":"P\u00e1gina oficial de la Fiscal\u00eda General de la Naci\u00f3n \u2013 Colombia. Garantizamos el acceso efectivo a la justicia, la verdad y la reparaci\u00f3n de las v\u00edctimas de los delitos.","breadcrumb":{"@id":"https:\/\/www.fiscalia.gov.co\/colombia\/seccionales\/un-hombre-fue-enviado-a-la-carcel-por-ser-el-presunto-responsable-del-secuestro-de-su-ex-pareja-sentimental-en-ibague-tolima\/#breadcrumb"},"inLanguage":"es-CO","potentialAction":[{"@type":"ReadAction","target":["https:\/\/www.fiscalia.gov.co\/colombia\/seccionales\/un-hombre-fue-enviado-a-la-carcel-por-ser-el-presunto-responsable-del-secuestro-de-su-ex-pareja-sentimental-en-ibague-tolima\/"]}]},{"@type":"BreadcrumbList","@id":"https:\/\/www.fiscalia.gov.co\/colombia\/seccionales\/un-hombre-fue-enviado-a-la-carcel-por-ser-el-presunto-responsable-del-secuestro-de-su-ex-pareja-sentimental-en-ibague-tolima\/#breadcrumb","itemListElement":[{"@type":"ListItem","position":1,"name":"Home","item":"https:\/\/www.fiscalia.gov.co\/colombia\/"},{"@type":"ListItem","position":2,"name":"Un hombre fue enviado a la c\u00e1rcel por ser el presunto responsable del secuestro de su ex pareja sentimental en Ibagu\u00e9 (Tolima)"}]},{"@type":"WebSite","@id":"https:\/\/www.fiscalia.gov.co\/colombia\/#website","url":"https:\/\/www.fiscalia.gov.co\/colombia\/","name":"Fiscal\u00eda General de la Naci\u00f3n","description":"P\u00e1gina oficial de la Fiscal\u00eda General de la Naci\u00f3n \u2013 Colombia. Garantizamos el acceso efectivo a la justicia, la verdad y la reparaci\u00f3n de las v\u00edctimas de los delitos.","publisher":{"@id":"https:\/\/www.fiscalia.gov.co\/colombia\/#organization"},"potentialAction":[{"@type":"SearchAction","target":{"@type":"EntryPoint","urlTemplate":"https:\/\/www.fiscalia.gov.co\/colombia\/?s={search_term_string}"},"query-input":{"@type":"PropertyValueSpecification","valueRequired":true,"valueName":"search_term_string"}}],"inLanguage":"es-CO"},{"@type":"Organization","@id":"https:\/\/www.fiscalia.gov.co\/colombia\/#organization","name":"Fiscal\u00eda General de la Naci\u00f3n","url":"https:\/\/www.fiscalia.gov.co\/colombia\/","logo":{"@type":"ImageObject","inLanguage":"es-CO","@id":"https:\/\/www.fiscalia.gov.co\/colombia\/#\/schema\/logo\/image\/","url":"https:\/\/www.fiscalia.gov.co\/colombia\/wp-content\/uploads\/LogoHorizontal_1.jpg","contentUrl":"https:\/\/www.fiscalia.gov.co\/colombia\/wp-content\/uploads\/LogoHorizontal_1.jpg","width":300,"height":90,"caption":"Fiscal\u00eda General de la Naci\u00f3n"},"image":{"@id":"https:\/\/www.fiscalia.gov.co\/colombia\/#\/schema\/logo\/image\/"},"sameAs":["https:\/\/www.facebook.com\/FiscaliaCol","https:\/\/x.com\/FiscaliaCol","https:\/\/www.instagram.com\/fiscaliacol","https:\/\/www.linkedin.com\/company\/fiscalia-general-de-la-naci-n\/","https:\/\/youtube.com\/@fiscaliageneraldelanacion-4668?si=6nN79nyQICPU5iTh"]},{"@type":"Person","@id":"https:\/\/www.fiscalia.gov.co\/colombia\/#\/schema\/person\/06aa2210fe4d79203f428ff671dee360","name":"Ana Mar\u00eda Gomez","image":{"@type":"ImageObject","inLanguage":"es-CO","@id":"https:\/\/www.fiscalia.gov.co\/colombia\/#\/schema\/person\/image\/","url":"https:\/\/secure.gravatar.com\/avatar\/a38115d98a7f8a96cbb96af2b2c37a0b?s=96&d=mm&r=g","contentUrl":"https:\/\/secure.gravatar.com\/avatar\/a38115d98a7f8a96cbb96af2b2c37a0b?s=96&d=mm&r=g","caption":"Ana Mar\u00eda Gomez"},"url":"https:\/\/www.fiscalia.gov.co\/colombia\/author\/agomez\/"}]}},"_links":{"self":[{"href":"https:\/\/www.fiscalia.gov.co\/colombia\/wp-json\/wp\/v2\/posts\/222800","targetHints":{"allow":["GET"]}}],"collection":[{"href":"https:\/\/www.fiscalia.gov.co\/colombia\/wp-json\/wp\/v2\/posts"}],"about":[{"href":"https:\/\/www.fiscalia.gov.co\/colombia\/wp-json\/wp\/v2\/types\/post"}],"author":[{"embeddable":true,"href":"https:\/\/www.fiscalia.gov.co\/colombia\/wp-json\/wp\/v2\/users\/171"}],"replies":[{"embeddable":true,"href":"https:\/\/www.fiscalia.gov.co\/colombia\/wp-json\/wp\/v2\/comments?post=222800"}],"version-history":[{"count":3,"href":"https:\/\/www.fiscalia.gov.co\/colombia\/wp-json\/wp\/v2\/posts\/222800\/revisions"}],"predecessor-version":[{"id":222804,"href":"https:\/\/www.fiscalia.gov.co\/colombia\/wp-json\/wp\/v2\/posts\/222800\/revisions\/222804"}],"wp:attachment":[{"href":"https:\/\/www.fiscalia.gov.co\/colombia\/wp-json\/wp\/v2\/media?parent=222800"}],"wp:term":[{"taxonomy":"category","embeddable":true,"href":"https:\/\/www.fiscalia.gov.co\/colombia\/wp-json\/wp\/v2\/categories?post=222800"},{"taxonomy":"post_tag","embeddable":true,"href":"https:\/\/www.fiscalia.gov.co\/colombia\/wp-json\/wp\/v2\/tags?post=222800"}],"curies":[{"name":"wp","href":"https:\/\/api.w.org\/{rel}","templated":true}]}}