{"id":222773,"date":"2021-06-23T09:29:49","date_gmt":"2021-06-23T14:29:49","guid":{"rendered":"https:\/\/www.fiscalia.gov.co\/colombia\/?p=222773"},"modified":"2021-06-23T09:33:20","modified_gmt":"2021-06-23T14:33:20","slug":"carcel-para-un-hombre-que-al-parecer-provoco-la-muerte-de-un-ciudadano-y-dejo-gravemente-herido-a-otro-en-zarzal-valle-del-cauca","status":"publish","type":"post","link":"https:\/\/www.fiscalia.gov.co\/colombia\/seccionales\/carcel-para-un-hombre-que-al-parecer-provoco-la-muerte-de-un-ciudadano-y-dejo-gravemente-herido-a-otro-en-zarzal-valle-del-cauca\/","title":{"rendered":"C\u00e1rcel para un hombre que al parecer provoc\u00f3 la muerte de un ciudadano y dej\u00f3 gravemente herido a otro  en Zarzal (Valle del Cauca)"},"content":{"rendered":"<p class=\"x_x_MsoNormal\">Un juez de control de garant\u00edas acogi\u00f3 la solicitud de la<b>\u00a0Fiscal\u00eda General de la Naci\u00f3n<\/b>\u00a0y priv\u00f3 de la libertad a Daimer Ibarg\u00fcen Ibarg\u00fcen, alias\u00a0El Negro, presunto responsable del homicidio de un hombre y la tentativa de homicidio de otro, en el municipio de Zarzal (Valle del Cauca).<\/p>\n<figure id=\"attachment_222775\" aria-describedby=\"caption-attachment-222775\" style=\"width: 350px\" class=\"wp-caption alignleft\"><img loading=\"lazy\" decoding=\"async\" class=\"wp-image-222775\" src=\"https:\/\/www.fiscalia.gov.co\/colombia\/wp-content\/uploads\/Daimer-Ibarg\u00fcen-Ibarg\u00fcen-alias-\u2018El-Negro\u2019-privado-de-la-libertad-como-presunto-responsable-de-atacar-con-arma-de-fuego-a-dos-hombres-uno-de-ellos-falleci\u00f3-en-Zarzal-Valle.-865x1024.jpg\" alt=\"\" width=\"350\" height=\"414\" srcset=\"https:\/\/www.fiscalia.gov.co\/colombia\/wp-content\/uploads\/Daimer-Ibarg\u00fcen-Ibarg\u00fcen-alias-\u2018El-Negro\u2019-privado-de-la-libertad-como-presunto-responsable-de-atacar-con-arma-de-fuego-a-dos-hombres-uno-de-ellos-falleci\u00f3-en-Zarzal-Valle.-865x1024.jpg 865w, https:\/\/www.fiscalia.gov.co\/colombia\/wp-content\/uploads\/Daimer-Ibarg\u00fcen-Ibarg\u00fcen-alias-\u2018El-Negro\u2019-privado-de-la-libertad-como-presunto-responsable-de-atacar-con-arma-de-fuego-a-dos-hombres-uno-de-ellos-falleci\u00f3-en-Zarzal-Valle.-253x300.jpg 253w, https:\/\/www.fiscalia.gov.co\/colombia\/wp-content\/uploads\/Daimer-Ibarg\u00fcen-Ibarg\u00fcen-alias-\u2018El-Negro\u2019-privado-de-la-libertad-como-presunto-responsable-de-atacar-con-arma-de-fuego-a-dos-hombres-uno-de-ellos-falleci\u00f3-en-Zarzal-Valle.-768x909.jpg 768w, https:\/\/www.fiscalia.gov.co\/colombia\/wp-content\/uploads\/Daimer-Ibarg\u00fcen-Ibarg\u00fcen-alias-\u2018El-Negro\u2019-privado-de-la-libertad-como-presunto-responsable-de-atacar-con-arma-de-fuego-a-dos-hombres-uno-de-ellos-falleci\u00f3-en-Zarzal-Valle.-696x824.jpg 696w, https:\/\/www.fiscalia.gov.co\/colombia\/wp-content\/uploads\/Daimer-Ibarg\u00fcen-Ibarg\u00fcen-alias-\u2018El-Negro\u2019-privado-de-la-libertad-como-presunto-responsable-de-atacar-con-arma-de-fuego-a-dos-hombres-uno-de-ellos-falleci\u00f3-en-Zarzal-Valle.-1068x1265.jpg 1068w, https:\/\/www.fiscalia.gov.co\/colombia\/wp-content\/uploads\/Daimer-Ibarg\u00fcen-Ibarg\u00fcen-alias-\u2018El-Negro\u2019-privado-de-la-libertad-como-presunto-responsable-de-atacar-con-arma-de-fuego-a-dos-hombres-uno-de-ellos-falleci\u00f3-en-Zarzal-Valle.-355x420.jpg 355w, https:\/\/www.fiscalia.gov.co\/colombia\/wp-content\/uploads\/Daimer-Ibarg\u00fcen-Ibarg\u00fcen-alias-\u2018El-Negro\u2019-privado-de-la-libertad-como-presunto-responsable-de-atacar-con-arma-de-fuego-a-dos-hombres-uno-de-ellos-falleci\u00f3-en-Zarzal-Valle..jpg 1081w\" sizes=\"auto, (max-width: 350px) 100vw, 350px\" \/><figcaption id=\"caption-attachment-222775\" class=\"wp-caption-text\">Daimer Ibarg\u00fcen Ibarg\u00fcen, alias El Negro, presunto responsable del homicidio de un hombre y la tentativa de homicidio de otro.<\/figcaption><\/figure>\n<p class=\"x_x_MsoNormal\">Seg\u00fan la Fiscal\u00eda, el il\u00edcito ocurri\u00f3 el pasado 7 de marzo, en el coliseo cubierto del municipio en menci\u00f3n, donde presuntamente el hoy imputado en compa\u00f1\u00eda de otro hombre, habr\u00eda\u00a0atacado con arma de fuego a dos personas, resultando muerto el ciudadano Luis Alberto Gonz\u00e1lez y otra persona m\u00e1s herida.<\/p>\n<p class=\"x_x_MsoNormal\">Las labores investigativas coordinadas por un fiscal adscrito a la<b>\u00a0Estructura de Apoyo (EDA),<\/b>\u00a0de la Seccional Valle del Cauca, permitieron establecer la plena identidad de uno de los presuntos agresores, por lo que solicit\u00f3 orden de captura en su contra, la cual se materializ\u00f3 el pasado fin de semana por personal de la\u00a0<b>Sij\u00edn de la Polic\u00eda Nacional.<\/b><\/p>\n<p class=\"x_x_MsoNormal\">En desarrollo de las audiencias concentradas la Fiscal\u00eda le formul\u00f3 imputaci\u00f3n de cargos por los delitos de\u00a0<a href=\"https:\/\/www.fiscalia.gov.co\/colombia\/seccionales\/judicializado-presunto-responsable-de-homicidio-agravado-en-el-tolima\/\" target=\"_blank\" rel=\"noopener noreferrer\">homicidio agravado<\/a>, homicidio agravado en grado de tentativa y fabricaci\u00f3n, tr\u00e1fico y porte o tenencia de armas de fuego, accesorios, partes o municiones.<\/p>\n<p class=\"x_x_MsoNormal\">Por decisi\u00f3n del juez, el presunto implicado, quien no acept\u00f3 cargos, debe cumplir la medida de aseguramiento en centro carcelario.<\/p>\n<p class=\"x_x_MsoNormal\">MAP\/SMLR\/MG<\/p>\n<p class=\"x_x_MsoNormal\"><i>La informaci\u00f3n contenida en este bolet\u00edn de prensa corresponde a la narraci\u00f3n de los hechos noticiosos objetivos, suministrados por los funcionarios encargados de adelantar las investigaciones penales al interior de la Fiscal\u00eda General de la Naci\u00f3n. Para el momento de la divulgaci\u00f3n de este comunicado, la situaci\u00f3n jur\u00eddica de la(s) persona(s) relacionada(s) se encuentra pendiente de resolver por la autoridad judicial competente, siempre bajo los preceptos de la presunci\u00f3n de inocencia, consagrados en el art\u00edculo 29 de la Constituci\u00f3n Pol\u00edtica y el art\u00edculo 7\u00ba de la Ley 906 de 2004.<\/i><\/p>\n\n<div class=\"twitter-share\"><a href=\"https:\/\/twitter.com\/intent\/tweet?via=fiscaliacol\" class=\"twitter-share-button\">Tweet<\/a><\/div>\n","protected":false},"excerpt":{"rendered":"<p>Un juez de control de garant\u00edas acogi\u00f3 la solicitud de la\u00a0Fiscal\u00eda General de la Naci\u00f3n\u00a0y priv\u00f3 de la libertad a Daimer Ibarg\u00fcen Ibarg\u00fcen, alias\u00a0El Negro, presunto responsable del homicidio de [&hellip;]<\/p>\n","protected":false},"author":171,"featured_media":0,"comment_status":"closed","ping_status":"open","sticky":false,"template":"","format":"standard","meta":{"tdm_status":"","tdm_grid_status":"","footnotes":""},"categories":[324,303,24099],"tags":[25146,924,24551,78,24187,686,27526,24549,26200,24290,27527],"class_list":["post-222773","post","type-post","status-publish","format-standard","category-seccional-cali","category-seccionales","category-seguridad-territorial","tag-accesorios","tag-captura","tag-centro-carcelario","tag-fiscal-general-de-la-nacion","tag-fiscalia-colombia","tag-homicidio-agravado","tag-homicidio-agravado-en-grado-de-tentativa-y-fabricacion","tag-orden-judicial","tag-partes-o-municiones","tag-privo-de-la-libertad","tag-trafico-y-porte-o-tenencia-de-armas-de-fuego"],"yoast_head":"<!-- This site is optimized with the Yoast SEO plugin v24.3 - https:\/\/yoast.com\/wordpress\/plugins\/seo\/ -->\n<title>Fiscal\u00eda General de la Naci\u00f3n<\/title>\n<meta name=\"description\" content=\"P\u00e1gina oficial de la Fiscal\u00eda General de la Naci\u00f3n \u2013 Colombia. Garantizamos el acceso efectivo a la justicia, la verdad y la reparaci\u00f3n de las v\u00edctimas de los delitos.\" \/>\n<meta name=\"robots\" content=\"noindex, follow\" \/>\n<meta property=\"og:locale\" content=\"es_ES\" \/>\n<meta property=\"og:type\" content=\"article\" \/>\n<meta property=\"og:title\" content=\"Fiscal\u00eda General de la Naci\u00f3n\" \/>\n<meta property=\"og:description\" content=\"P\u00e1gina oficial de la Fiscal\u00eda General de la Naci\u00f3n \u2013 Colombia. Garantizamos el acceso efectivo a la justicia, la verdad y la reparaci\u00f3n de las v\u00edctimas de los delitos.\" \/>\n<meta property=\"og:url\" content=\"https:\/\/www.fiscalia.gov.co\/colombia\/seccionales\/carcel-para-un-hombre-que-al-parecer-provoco-la-muerte-de-un-ciudadano-y-dejo-gravemente-herido-a-otro-en-zarzal-valle-del-cauca\/\" \/>\n<meta property=\"og:site_name\" content=\"Fiscal\u00eda General de la Naci\u00f3n\" \/>\n<meta property=\"article:publisher\" content=\"https:\/\/www.facebook.com\/FiscaliaCol\" \/>\n<meta property=\"article:published_time\" content=\"2021-06-23T14:29:49+00:00\" \/>\n<meta property=\"article:modified_time\" content=\"2021-06-23T14:33:20+00:00\" \/>\n<meta name=\"author\" content=\"Ana Mar\u00eda Gomez\" \/>\n<meta name=\"twitter:card\" content=\"summary_large_image\" \/>\n<meta name=\"twitter:creator\" content=\"@FiscaliaCol\" \/>\n<meta name=\"twitter:site\" content=\"@FiscaliaCol\" \/>\n<meta name=\"twitter:label1\" content=\"Escrito por\" \/>\n\t<meta name=\"twitter:data1\" content=\"Ana Mar\u00eda Gomez\" \/>\n\t<meta name=\"twitter:label2\" content=\"Tiempo de lectura\" \/>\n\t<meta name=\"twitter:data2\" content=\"2 minutos\" \/>\n<script type=\"application\/ld+json\" class=\"yoast-schema-graph\">{\"@context\":\"https:\/\/schema.org\",\"@graph\":[{\"@type\":\"Article\",\"@id\":\"https:\/\/www.fiscalia.gov.co\/colombia\/seccionales\/carcel-para-un-hombre-que-al-parecer-provoco-la-muerte-de-un-ciudadano-y-dejo-gravemente-herido-a-otro-en-zarzal-valle-del-cauca\/#article\",\"isPartOf\":{\"@id\":\"https:\/\/www.fiscalia.gov.co\/colombia\/seccionales\/carcel-para-un-hombre-que-al-parecer-provoco-la-muerte-de-un-ciudadano-y-dejo-gravemente-herido-a-otro-en-zarzal-valle-del-cauca\/\"},\"author\":{\"name\":\"Ana Mar\u00eda Gomez\",\"@id\":\"https:\/\/www.fiscalia.gov.co\/colombia\/#\/schema\/person\/06aa2210fe4d79203f428ff671dee360\"},\"headline\":\"C\u00e1rcel para un hombre que al parecer provoc\u00f3 la muerte de un ciudadano y dej\u00f3 gravemente herido a otro en Zarzal (Valle del Cauca)\",\"datePublished\":\"2021-06-23T14:29:49+00:00\",\"dateModified\":\"2021-06-23T14:33:20+00:00\",\"mainEntityOfPage\":{\"@id\":\"https:\/\/www.fiscalia.gov.co\/colombia\/seccionales\/carcel-para-un-hombre-que-al-parecer-provoco-la-muerte-de-un-ciudadano-y-dejo-gravemente-herido-a-otro-en-zarzal-valle-del-cauca\/\"},\"wordCount\":397,\"publisher\":{\"@id\":\"https:\/\/www.fiscalia.gov.co\/colombia\/#organization\"},\"keywords\":[\"accesorios\",\"Captura\",\"centro carcelario\",\"Fiscal General de la Naci\u00f3n\",\"Fiscal\u00eda Colombia\",\"Homicidio agravado\",\"homicidio agravado en grado de tentativa y fabricaci\u00f3n\",\"orden judicial\",\"partes o municiones.\",\"priv\u00f3 de la libertad\",\"tr\u00e1fico y porte o tenencia de armas de fuego\"],\"articleSection\":[\"Seccional Cali\",\"Seccionales\",\"Seguridad territorial\"],\"inLanguage\":\"es-CO\"},{\"@type\":\"WebPage\",\"@id\":\"https:\/\/www.fiscalia.gov.co\/colombia\/seccionales\/carcel-para-un-hombre-que-al-parecer-provoco-la-muerte-de-un-ciudadano-y-dejo-gravemente-herido-a-otro-en-zarzal-valle-del-cauca\/\",\"url\":\"https:\/\/www.fiscalia.gov.co\/colombia\/seccionales\/carcel-para-un-hombre-que-al-parecer-provoco-la-muerte-de-un-ciudadano-y-dejo-gravemente-herido-a-otro-en-zarzal-valle-del-cauca\/\",\"name\":\"Fiscal\u00eda General de la Naci\u00f3n\",\"isPartOf\":{\"@id\":\"https:\/\/www.fiscalia.gov.co\/colombia\/#website\"},\"datePublished\":\"2021-06-23T14:29:49+00:00\",\"dateModified\":\"2021-06-23T14:33:20+00:00\",\"description\":\"P\u00e1gina oficial de la Fiscal\u00eda General de la Naci\u00f3n \u2013 Colombia. Garantizamos el acceso efectivo a la justicia, la verdad y la reparaci\u00f3n de las v\u00edctimas de los delitos.\",\"breadcrumb\":{\"@id\":\"https:\/\/www.fiscalia.gov.co\/colombia\/seccionales\/carcel-para-un-hombre-que-al-parecer-provoco-la-muerte-de-un-ciudadano-y-dejo-gravemente-herido-a-otro-en-zarzal-valle-del-cauca\/#breadcrumb\"},\"inLanguage\":\"es-CO\",\"potentialAction\":[{\"@type\":\"ReadAction\",\"target\":[\"https:\/\/www.fiscalia.gov.co\/colombia\/seccionales\/carcel-para-un-hombre-que-al-parecer-provoco-la-muerte-de-un-ciudadano-y-dejo-gravemente-herido-a-otro-en-zarzal-valle-del-cauca\/\"]}]},{\"@type\":\"BreadcrumbList\",\"@id\":\"https:\/\/www.fiscalia.gov.co\/colombia\/seccionales\/carcel-para-un-hombre-que-al-parecer-provoco-la-muerte-de-un-ciudadano-y-dejo-gravemente-herido-a-otro-en-zarzal-valle-del-cauca\/#breadcrumb\",\"itemListElement\":[{\"@type\":\"ListItem\",\"position\":1,\"name\":\"Home\",\"item\":\"https:\/\/www.fiscalia.gov.co\/colombia\/\"},{\"@type\":\"ListItem\",\"position\":2,\"name\":\"C\u00e1rcel para un hombre que al parecer provoc\u00f3 la muerte de un ciudadano y dej\u00f3 gravemente herido a otro en Zarzal (Valle del Cauca)\"}]},{\"@type\":\"WebSite\",\"@id\":\"https:\/\/www.fiscalia.gov.co\/colombia\/#website\",\"url\":\"https:\/\/www.fiscalia.gov.co\/colombia\/\",\"name\":\"Fiscal\u00eda General de la Naci\u00f3n\",\"description\":\"P\u00e1gina oficial de la Fiscal\u00eda General de la Naci\u00f3n \u2013 Colombia. Garantizamos el acceso efectivo a la justicia, la verdad y la reparaci\u00f3n de las v\u00edctimas de los delitos.\",\"publisher\":{\"@id\":\"https:\/\/www.fiscalia.gov.co\/colombia\/#organization\"},\"potentialAction\":[{\"@type\":\"SearchAction\",\"target\":{\"@type\":\"EntryPoint\",\"urlTemplate\":\"https:\/\/www.fiscalia.gov.co\/colombia\/?s={search_term_string}\"},\"query-input\":{\"@type\":\"PropertyValueSpecification\",\"valueRequired\":true,\"valueName\":\"search_term_string\"}}],\"inLanguage\":\"es-CO\"},{\"@type\":\"Organization\",\"@id\":\"https:\/\/www.fiscalia.gov.co\/colombia\/#organization\",\"name\":\"Fiscal\u00eda General de la Naci\u00f3n\",\"url\":\"https:\/\/www.fiscalia.gov.co\/colombia\/\",\"logo\":{\"@type\":\"ImageObject\",\"inLanguage\":\"es-CO\",\"@id\":\"https:\/\/www.fiscalia.gov.co\/colombia\/#\/schema\/logo\/image\/\",\"url\":\"https:\/\/www.fiscalia.gov.co\/colombia\/wp-content\/uploads\/LogoHorizontal_1.jpg\",\"contentUrl\":\"https:\/\/www.fiscalia.gov.co\/colombia\/wp-content\/uploads\/LogoHorizontal_1.jpg\",\"width\":300,\"height\":90,\"caption\":\"Fiscal\u00eda General de la Naci\u00f3n\"},\"image\":{\"@id\":\"https:\/\/www.fiscalia.gov.co\/colombia\/#\/schema\/logo\/image\/\"},\"sameAs\":[\"https:\/\/www.facebook.com\/FiscaliaCol\",\"https:\/\/x.com\/FiscaliaCol\",\"https:\/\/www.instagram.com\/fiscaliacol\",\"https:\/\/www.linkedin.com\/company\/fiscalia-general-de-la-naci-n\/\",\"https:\/\/youtube.com\/@fiscaliageneraldelanacion-4668?si=6nN79nyQICPU5iTh\"]},{\"@type\":\"Person\",\"@id\":\"https:\/\/www.fiscalia.gov.co\/colombia\/#\/schema\/person\/06aa2210fe4d79203f428ff671dee360\",\"name\":\"Ana Mar\u00eda Gomez\",\"image\":{\"@type\":\"ImageObject\",\"inLanguage\":\"es-CO\",\"@id\":\"https:\/\/www.fiscalia.gov.co\/colombia\/#\/schema\/person\/image\/\",\"url\":\"https:\/\/secure.gravatar.com\/avatar\/a38115d98a7f8a96cbb96af2b2c37a0b?s=96&d=mm&r=g\",\"contentUrl\":\"https:\/\/secure.gravatar.com\/avatar\/a38115d98a7f8a96cbb96af2b2c37a0b?s=96&d=mm&r=g\",\"caption\":\"Ana Mar\u00eda Gomez\"},\"url\":\"https:\/\/www.fiscalia.gov.co\/colombia\/author\/agomez\/\"}]}<\/script>\n<!-- \/ Yoast SEO plugin. -->","yoast_head_json":{"title":"Fiscal\u00eda General de la Naci\u00f3n","description":"P\u00e1gina oficial de la Fiscal\u00eda General de la Naci\u00f3n \u2013 Colombia. Garantizamos el acceso efectivo a la justicia, la verdad y la reparaci\u00f3n de las v\u00edctimas de los delitos.","robots":{"index":"noindex","follow":"follow"},"og_locale":"es_ES","og_type":"article","og_title":"Fiscal\u00eda General de la Naci\u00f3n","og_description":"P\u00e1gina oficial de la Fiscal\u00eda General de la Naci\u00f3n \u2013 Colombia. Garantizamos el acceso efectivo a la justicia, la verdad y la reparaci\u00f3n de las v\u00edctimas de los delitos.","og_url":"https:\/\/www.fiscalia.gov.co\/colombia\/seccionales\/carcel-para-un-hombre-que-al-parecer-provoco-la-muerte-de-un-ciudadano-y-dejo-gravemente-herido-a-otro-en-zarzal-valle-del-cauca\/","og_site_name":"Fiscal\u00eda General de la Naci\u00f3n","article_publisher":"https:\/\/www.facebook.com\/FiscaliaCol","article_published_time":"2021-06-23T14:29:49+00:00","article_modified_time":"2021-06-23T14:33:20+00:00","author":"Ana Mar\u00eda Gomez","twitter_card":"summary_large_image","twitter_creator":"@FiscaliaCol","twitter_site":"@FiscaliaCol","twitter_misc":{"Escrito por":"Ana Mar\u00eda Gomez","Tiempo de lectura":"2 minutos"},"schema":{"@context":"https:\/\/schema.org","@graph":[{"@type":"Article","@id":"https:\/\/www.fiscalia.gov.co\/colombia\/seccionales\/carcel-para-un-hombre-que-al-parecer-provoco-la-muerte-de-un-ciudadano-y-dejo-gravemente-herido-a-otro-en-zarzal-valle-del-cauca\/#article","isPartOf":{"@id":"https:\/\/www.fiscalia.gov.co\/colombia\/seccionales\/carcel-para-un-hombre-que-al-parecer-provoco-la-muerte-de-un-ciudadano-y-dejo-gravemente-herido-a-otro-en-zarzal-valle-del-cauca\/"},"author":{"name":"Ana Mar\u00eda Gomez","@id":"https:\/\/www.fiscalia.gov.co\/colombia\/#\/schema\/person\/06aa2210fe4d79203f428ff671dee360"},"headline":"C\u00e1rcel para un hombre que al parecer provoc\u00f3 la muerte de un ciudadano y dej\u00f3 gravemente herido a otro en Zarzal (Valle del Cauca)","datePublished":"2021-06-23T14:29:49+00:00","dateModified":"2021-06-23T14:33:20+00:00","mainEntityOfPage":{"@id":"https:\/\/www.fiscalia.gov.co\/colombia\/seccionales\/carcel-para-un-hombre-que-al-parecer-provoco-la-muerte-de-un-ciudadano-y-dejo-gravemente-herido-a-otro-en-zarzal-valle-del-cauca\/"},"wordCount":397,"publisher":{"@id":"https:\/\/www.fiscalia.gov.co\/colombia\/#organization"},"keywords":["accesorios","Captura","centro carcelario","Fiscal General de la Naci\u00f3n","Fiscal\u00eda Colombia","Homicidio agravado","homicidio agravado en grado de tentativa y fabricaci\u00f3n","orden judicial","partes o municiones.","priv\u00f3 de la libertad","tr\u00e1fico y porte o tenencia de armas de fuego"],"articleSection":["Seccional Cali","Seccionales","Seguridad territorial"],"inLanguage":"es-CO"},{"@type":"WebPage","@id":"https:\/\/www.fiscalia.gov.co\/colombia\/seccionales\/carcel-para-un-hombre-que-al-parecer-provoco-la-muerte-de-un-ciudadano-y-dejo-gravemente-herido-a-otro-en-zarzal-valle-del-cauca\/","url":"https:\/\/www.fiscalia.gov.co\/colombia\/seccionales\/carcel-para-un-hombre-que-al-parecer-provoco-la-muerte-de-un-ciudadano-y-dejo-gravemente-herido-a-otro-en-zarzal-valle-del-cauca\/","name":"Fiscal\u00eda General de la Naci\u00f3n","isPartOf":{"@id":"https:\/\/www.fiscalia.gov.co\/colombia\/#website"},"datePublished":"2021-06-23T14:29:49+00:00","dateModified":"2021-06-23T14:33:20+00:00","description":"P\u00e1gina oficial de la Fiscal\u00eda General de la Naci\u00f3n \u2013 Colombia. Garantizamos el acceso efectivo a la justicia, la verdad y la reparaci\u00f3n de las v\u00edctimas de los delitos.","breadcrumb":{"@id":"https:\/\/www.fiscalia.gov.co\/colombia\/seccionales\/carcel-para-un-hombre-que-al-parecer-provoco-la-muerte-de-un-ciudadano-y-dejo-gravemente-herido-a-otro-en-zarzal-valle-del-cauca\/#breadcrumb"},"inLanguage":"es-CO","potentialAction":[{"@type":"ReadAction","target":["https:\/\/www.fiscalia.gov.co\/colombia\/seccionales\/carcel-para-un-hombre-que-al-parecer-provoco-la-muerte-de-un-ciudadano-y-dejo-gravemente-herido-a-otro-en-zarzal-valle-del-cauca\/"]}]},{"@type":"BreadcrumbList","@id":"https:\/\/www.fiscalia.gov.co\/colombia\/seccionales\/carcel-para-un-hombre-que-al-parecer-provoco-la-muerte-de-un-ciudadano-y-dejo-gravemente-herido-a-otro-en-zarzal-valle-del-cauca\/#breadcrumb","itemListElement":[{"@type":"ListItem","position":1,"name":"Home","item":"https:\/\/www.fiscalia.gov.co\/colombia\/"},{"@type":"ListItem","position":2,"name":"C\u00e1rcel para un hombre que al parecer provoc\u00f3 la muerte de un ciudadano y dej\u00f3 gravemente herido a otro en Zarzal (Valle del Cauca)"}]},{"@type":"WebSite","@id":"https:\/\/www.fiscalia.gov.co\/colombia\/#website","url":"https:\/\/www.fiscalia.gov.co\/colombia\/","name":"Fiscal\u00eda General de la Naci\u00f3n","description":"P\u00e1gina oficial de la Fiscal\u00eda General de la Naci\u00f3n \u2013 Colombia. Garantizamos el acceso efectivo a la justicia, la verdad y la reparaci\u00f3n de las v\u00edctimas de los delitos.","publisher":{"@id":"https:\/\/www.fiscalia.gov.co\/colombia\/#organization"},"potentialAction":[{"@type":"SearchAction","target":{"@type":"EntryPoint","urlTemplate":"https:\/\/www.fiscalia.gov.co\/colombia\/?s={search_term_string}"},"query-input":{"@type":"PropertyValueSpecification","valueRequired":true,"valueName":"search_term_string"}}],"inLanguage":"es-CO"},{"@type":"Organization","@id":"https:\/\/www.fiscalia.gov.co\/colombia\/#organization","name":"Fiscal\u00eda General de la Naci\u00f3n","url":"https:\/\/www.fiscalia.gov.co\/colombia\/","logo":{"@type":"ImageObject","inLanguage":"es-CO","@id":"https:\/\/www.fiscalia.gov.co\/colombia\/#\/schema\/logo\/image\/","url":"https:\/\/www.fiscalia.gov.co\/colombia\/wp-content\/uploads\/LogoHorizontal_1.jpg","contentUrl":"https:\/\/www.fiscalia.gov.co\/colombia\/wp-content\/uploads\/LogoHorizontal_1.jpg","width":300,"height":90,"caption":"Fiscal\u00eda General de la Naci\u00f3n"},"image":{"@id":"https:\/\/www.fiscalia.gov.co\/colombia\/#\/schema\/logo\/image\/"},"sameAs":["https:\/\/www.facebook.com\/FiscaliaCol","https:\/\/x.com\/FiscaliaCol","https:\/\/www.instagram.com\/fiscaliacol","https:\/\/www.linkedin.com\/company\/fiscalia-general-de-la-naci-n\/","https:\/\/youtube.com\/@fiscaliageneraldelanacion-4668?si=6nN79nyQICPU5iTh"]},{"@type":"Person","@id":"https:\/\/www.fiscalia.gov.co\/colombia\/#\/schema\/person\/06aa2210fe4d79203f428ff671dee360","name":"Ana Mar\u00eda Gomez","image":{"@type":"ImageObject","inLanguage":"es-CO","@id":"https:\/\/www.fiscalia.gov.co\/colombia\/#\/schema\/person\/image\/","url":"https:\/\/secure.gravatar.com\/avatar\/a38115d98a7f8a96cbb96af2b2c37a0b?s=96&d=mm&r=g","contentUrl":"https:\/\/secure.gravatar.com\/avatar\/a38115d98a7f8a96cbb96af2b2c37a0b?s=96&d=mm&r=g","caption":"Ana Mar\u00eda Gomez"},"url":"https:\/\/www.fiscalia.gov.co\/colombia\/author\/agomez\/"}]}},"_links":{"self":[{"href":"https:\/\/www.fiscalia.gov.co\/colombia\/wp-json\/wp\/v2\/posts\/222773","targetHints":{"allow":["GET"]}}],"collection":[{"href":"https:\/\/www.fiscalia.gov.co\/colombia\/wp-json\/wp\/v2\/posts"}],"about":[{"href":"https:\/\/www.fiscalia.gov.co\/colombia\/wp-json\/wp\/v2\/types\/post"}],"author":[{"embeddable":true,"href":"https:\/\/www.fiscalia.gov.co\/colombia\/wp-json\/wp\/v2\/users\/171"}],"replies":[{"embeddable":true,"href":"https:\/\/www.fiscalia.gov.co\/colombia\/wp-json\/wp\/v2\/comments?post=222773"}],"version-history":[{"count":3,"href":"https:\/\/www.fiscalia.gov.co\/colombia\/wp-json\/wp\/v2\/posts\/222773\/revisions"}],"predecessor-version":[{"id":222777,"href":"https:\/\/www.fiscalia.gov.co\/colombia\/wp-json\/wp\/v2\/posts\/222773\/revisions\/222777"}],"wp:attachment":[{"href":"https:\/\/www.fiscalia.gov.co\/colombia\/wp-json\/wp\/v2\/media?parent=222773"}],"wp:term":[{"taxonomy":"category","embeddable":true,"href":"https:\/\/www.fiscalia.gov.co\/colombia\/wp-json\/wp\/v2\/categories?post=222773"},{"taxonomy":"post_tag","embeddable":true,"href":"https:\/\/www.fiscalia.gov.co\/colombia\/wp-json\/wp\/v2\/tags?post=222773"}],"curies":[{"name":"wp","href":"https:\/\/api.w.org\/{rel}","templated":true}]}}