{"id":222761,"date":"2021-06-23T09:20:23","date_gmt":"2021-06-23T14:20:23","guid":{"rendered":"https:\/\/www.fiscalia.gov.co\/colombia\/?p=222761"},"modified":"2021-06-23T09:21:03","modified_gmt":"2021-06-23T14:21:03","slug":"fiscalia-judicializo-a-cuatro-presuntos-integrantes-de-los-de-boca-banda-dedicada-a-la-extorsion-en-barbacoas-narino","status":"publish","type":"post","link":"https:\/\/www.fiscalia.gov.co\/colombia\/seccionales\/fiscalia-judicializo-a-cuatro-presuntos-integrantes-de-los-de-boca-banda-dedicada-a-la-extorsion-en-barbacoas-narino\/","title":{"rendered":"Fiscal\u00eda judicializ\u00f3 a cuatro presuntos integrantes de \u2018Los de Boca\u2019, banda dedicada a la extorsi\u00f3n en Barbacoas (Nari\u00f1o)"},"content":{"rendered":"<p class=\"x_x_x_MsoNormal\"><span lang=\"ES\">Los procesados Andr\u00e9s David Buenas Land\u00e1zuri, Eder Gersa\u00edn Estacio Valencia, Jos\u00e9 Harold Delgado Cort\u00e9s y Cristian Fernando Cort\u00e9s, presuntos miembros de la banda delincuencial\u00a0<b>Los de Boca,<\/b>\u00a0fueron privados de la libertad en\u00a0<b>centro carcelario<\/b>\u00a0por la juez segunda penal ambulante municipal de Barbacoas (Nari\u00f1o), a petici\u00f3n de la Fiscal\u00eda.\u00a0<\/span><\/p>\n<p class=\"x_x_x_MsoNormal\"><span lang=\"ES\">El ente acusador les formul\u00f3 cargos a todos como presuntos coautores del delito de\u00a0<\/span><a href=\"https:\/\/www.fiscalia.gov.co\/colombia\/seguridad-ciudadana\/a-la-carcel-presunto-cabecilla-del-grupo-delincuencial-curazao-por-concierto-para-delinquir-agravado-y-otros-delitos\/\" target=\"_blank\" rel=\"noopener noreferrer\"><span lang=\"ES\">concierto para delinquir<\/span><\/a><span lang=\"ES\">\u00a0agravado por darse para\u00a0<\/span><a href=\"https:\/\/www.fiscalia.gov.co\/colombia\/seccionales\/detencion-carcelaria-para-tres-hombres-que-habrian-extorsionado-a-un-comerciante-de-frutas-en-cali\/\" target=\"_blank\" rel=\"noopener noreferrer\"><span lang=\"ES\">extorsi\u00f3n.<\/span><\/a> <span lang=\"ES\">\u00a0<\/span><\/p>\n<figure id=\"attachment_222763\" aria-describedby=\"caption-attachment-222763\" style=\"width: 696px\" class=\"wp-caption aligncenter\"><img loading=\"lazy\" decoding=\"async\" class=\"size-large wp-image-222763\" src=\"https:\/\/www.fiscalia.gov.co\/colombia\/wp-content\/uploads\/Outlook-Image-1024x576.png\" alt=\"\" width=\"696\" height=\"392\" srcset=\"https:\/\/www.fiscalia.gov.co\/colombia\/wp-content\/uploads\/Outlook-Image-1024x576.png 1024w, https:\/\/www.fiscalia.gov.co\/colombia\/wp-content\/uploads\/Outlook-Image-300x169.png 300w, https:\/\/www.fiscalia.gov.co\/colombia\/wp-content\/uploads\/Outlook-Image-768x432.png 768w, https:\/\/www.fiscalia.gov.co\/colombia\/wp-content\/uploads\/Outlook-Image-696x392.png 696w, https:\/\/www.fiscalia.gov.co\/colombia\/wp-content\/uploads\/Outlook-Image-1068x601.png 1068w, https:\/\/www.fiscalia.gov.co\/colombia\/wp-content\/uploads\/Outlook-Image-747x420.png 747w, https:\/\/www.fiscalia.gov.co\/colombia\/wp-content\/uploads\/Outlook-Image.png 1280w\" sizes=\"auto, (max-width: 696px) 100vw, 696px\" \/><figcaption id=\"caption-attachment-222763\" class=\"wp-caption-text\">Andr\u00e9s David Buenas Land\u00e1zuri, Eder Gersa\u00edn Estacio Valencia, Jos\u00e9 Harold Delgado Cort\u00e9s y Cristian Fernando Cort\u00e9s, presuntos miembros de la banda delincuencial Los de Boca.<\/figcaption><\/figure>\n<p class=\"x_x_x_MsoNormal\"><span lang=\"ES\">Agentes de Sij\u00edn de la Polic\u00eda Nacional capturaron mediante orden judicial a los investigados entre el 17 y el 18 de junio \u00faltimo, durante operativos realizados en ese municipio nari\u00f1ense.\u00a0<\/span><\/p>\n<p class=\"x_x_x_MsoNormal\"><span lang=\"ES\">De acuerdo con la investigaci\u00f3n, los hoy asegurados al parecer ten\u00edan como centro de operaciones el corredor vial Jun\u00edn \u2013 Barbacoas, donde supuestamente, bajo amenazas con armas de fuego, exig\u00edan el pago de\u00a0<b>extorsiones a transportadores, comerciantes y habitantes<\/b>, para dejarlos transitar por la carretera.\u00a0<\/span><\/p>\n<p class=\"x_x_x_MsoNormal\"><span lang=\"ES\">Los presuntos extorsionistas\u00a0<b>ped\u00edan entre $200.000 y $300.000<\/b>\u00a0a los propietarios de cada veh\u00edculo, asegur\u00e1ndoles que si no cancelaban las sumas se convert\u00edan en objetivo militar.\u00a0\u00a0<\/span><\/p>\n<p class=\"x_x_x_MsoNormal\"><span lang=\"ES\">Los investigadores establecieron que esta organizaci\u00f3n ven\u00eda desarrollando su accionar delictivo desde enero pasado y que lo hab\u00eda incrementado en mayo pasado.\u00a0<\/span><\/p>\n<p class=\"x_x_x_MsoNormal\"><span lang=\"ES\">Las labores de polic\u00eda judicial, entre ellas la interceptaci\u00f3n de l\u00edneas telef\u00f3nicas, permitieron la individualizaci\u00f3n de los supuestos integrantes de Los de Boca y establecer su posible participaci\u00f3n en la conducta que se les endilg\u00f3.<\/span><\/p>\n<p class=\"x_x_x_MsoNormal\"><span lang=\"ES\">Durante la imputaci\u00f3n del ente investigador, todos los investigados\u00a0<b>aceptaron su responsabilidad<\/b>\u00a0y fueron trasladados a un centro de reclusi\u00f3n para cumplir la medida impuesta.\u00a0<\/span><\/p>\n<p class=\"x_x_x_MsoNormal\"><span lang=\"ES\">Esta informaci\u00f3n se publica por\u00a0<\/span><span lang=\"ES\">considerarla de inter\u00e9s general.<\/span><span lang=\"ES\">\u00a0\u00a0<\/span><\/p>\n<p class=\"x_x_x_MsoNormal\"><span lang=\"ES\">La Fiscal\u00eda General de la Naci\u00f3n habla con resultados.\u00a0<\/span><\/p>\n<p class=\"x_x_x_MsoNormal\"><span lang=\"ES\">JGPV\/JPC\/DLBM\u00a0<\/span><span lang=\"ES\">\u00a0<\/span><\/p>\n<p class=\"x_x_x_MsoNormal\"><b><span lang=\"ES\">Le puede interesar:\u00a0<\/span><\/b><span lang=\"ES\"><a href=\"https:\/\/www.fiscalia.gov.co\/colombia\/seccionales\/asegurados-5-presuntos-miembros-de-la-banda-los-biker-por-hurto-y-concierto-para-delinquir\/\" target=\"_blank\" rel=\"noopener noreferrer\">Asegurados 5 presuntos miembros de la banda Los Biker por hurto y concierto para delinquir<\/a><\/span><span lang=\"ES\">\u00a0\u00a0<\/span><\/p>\n<p class=\"x_x_x_MsoNormal\"><i><span lang=\"ES\">La informaci\u00f3n contenida en este bolet\u00edn de prensa corresponde a la narraci\u00f3n de los hechos noticiosos objetivos, suministrados por los funcionarios encargados de adelantar las\u00a0investigaciones penales al interior de la Fiscal\u00eda General de la Naci\u00f3n. Para el momento de la divulgaci\u00f3n de este comunicado, la situaci\u00f3n jur\u00eddica de la(s) persona(s) relacionada(s) se encuentra pendiente de resolver por la autoridad judicial competente, siempre bajo los preceptos de la presunci\u00f3n de inocencia, consagrados en el art\u00edculo 29 de la Constituci\u00f3n Pol\u00edtica y el art\u00edculo 7\u00ba de la Ley 906 de 2004.<\/span><\/i><span lang=\"ES\">\u00a0 \u00a0<\/span><span lang=\"ES\">\u00a0<\/span><\/p>\n\n<div class=\"twitter-share\"><a href=\"https:\/\/twitter.com\/intent\/tweet?via=fiscaliacol\" class=\"twitter-share-button\">Tweet<\/a><\/div>\n","protected":false},"excerpt":{"rendered":"<p>Los procesados Andr\u00e9s David Buenas Land\u00e1zuri, Eder Gersa\u00edn Estacio Valencia, Jos\u00e9 Harold Delgado Cort\u00e9s y Cristian Fernando Cort\u00e9s, presuntos miembros de la banda delincuencial\u00a0Los de Boca,\u00a0fueron privados de la libertad [&hellip;]<\/p>\n","protected":false},"author":171,"featured_media":0,"comment_status":"closed","ping_status":"open","sticky":false,"template":"","format":"standard","meta":{"tdm_status":"","tdm_grid_status":"","footnotes":""},"categories":[334,303,24099],"tags":[83,871,24526,24481,1047,11101],"class_list":["post-222761","post","type-post","status-publish","format-standard","category-seccional-pasto","category-seccionales","category-seguridad-territorial","tag-concierto-para-delinquir","tag-extorion","tag-fiscal-general-francisco-barbosa-delgado","tag-fiscalia-de-colombia","tag-fiscalia-general-de-la-nacion","tag-seguridad-ciudadana"],"yoast_head":"<!-- This site is optimized with the Yoast SEO plugin v24.3 - https:\/\/yoast.com\/wordpress\/plugins\/seo\/ -->\n<title>Fiscal\u00eda General de la Naci\u00f3n<\/title>\n<meta name=\"description\" content=\"P\u00e1gina oficial de la Fiscal\u00eda General de la Naci\u00f3n \u2013 Colombia. Garantizamos el acceso efectivo a la justicia, la verdad y la reparaci\u00f3n de las v\u00edctimas de los delitos.\" \/>\n<meta name=\"robots\" content=\"noindex, follow\" \/>\n<meta property=\"og:locale\" content=\"es_ES\" \/>\n<meta property=\"og:type\" content=\"article\" \/>\n<meta property=\"og:title\" content=\"Fiscal\u00eda General de la Naci\u00f3n\" \/>\n<meta property=\"og:description\" content=\"P\u00e1gina oficial de la Fiscal\u00eda General de la Naci\u00f3n \u2013 Colombia. Garantizamos el acceso efectivo a la justicia, la verdad y la reparaci\u00f3n de las v\u00edctimas de los delitos.\" \/>\n<meta property=\"og:url\" content=\"https:\/\/www.fiscalia.gov.co\/colombia\/seccionales\/fiscalia-judicializo-a-cuatro-presuntos-integrantes-de-los-de-boca-banda-dedicada-a-la-extorsion-en-barbacoas-narino\/\" \/>\n<meta property=\"og:site_name\" content=\"Fiscal\u00eda General de la Naci\u00f3n\" \/>\n<meta property=\"article:publisher\" content=\"https:\/\/www.facebook.com\/FiscaliaCol\" \/>\n<meta property=\"article:published_time\" content=\"2021-06-23T14:20:23+00:00\" \/>\n<meta property=\"article:modified_time\" content=\"2021-06-23T14:21:03+00:00\" \/>\n<meta property=\"og:image\" content=\"https:\/\/www.fiscalia.gov.co\/colombia\/wp-content\/uploads\/Outlook-Image-1024x576.png\" \/>\n<meta name=\"author\" content=\"Ana Mar\u00eda Gomez\" \/>\n<meta name=\"twitter:card\" content=\"summary_large_image\" \/>\n<meta name=\"twitter:creator\" content=\"@FiscaliaCol\" \/>\n<meta name=\"twitter:site\" content=\"@FiscaliaCol\" \/>\n<meta name=\"twitter:label1\" content=\"Escrito por\" \/>\n\t<meta name=\"twitter:data1\" content=\"Ana Mar\u00eda Gomez\" \/>\n\t<meta name=\"twitter:label2\" content=\"Tiempo de lectura\" \/>\n\t<meta name=\"twitter:data2\" content=\"2 minutos\" \/>\n<script type=\"application\/ld+json\" class=\"yoast-schema-graph\">{\"@context\":\"https:\/\/schema.org\",\"@graph\":[{\"@type\":\"Article\",\"@id\":\"https:\/\/www.fiscalia.gov.co\/colombia\/seccionales\/fiscalia-judicializo-a-cuatro-presuntos-integrantes-de-los-de-boca-banda-dedicada-a-la-extorsion-en-barbacoas-narino\/#article\",\"isPartOf\":{\"@id\":\"https:\/\/www.fiscalia.gov.co\/colombia\/seccionales\/fiscalia-judicializo-a-cuatro-presuntos-integrantes-de-los-de-boca-banda-dedicada-a-la-extorsion-en-barbacoas-narino\/\"},\"author\":{\"name\":\"Ana Mar\u00eda Gomez\",\"@id\":\"https:\/\/www.fiscalia.gov.co\/colombia\/#\/schema\/person\/06aa2210fe4d79203f428ff671dee360\"},\"headline\":\"Fiscal\u00eda judicializ\u00f3 a cuatro presuntos integrantes de \u2018Los de Boca\u2019, banda dedicada a la extorsi\u00f3n en Barbacoas (Nari\u00f1o)\",\"datePublished\":\"2021-06-23T14:20:23+00:00\",\"dateModified\":\"2021-06-23T14:21:03+00:00\",\"mainEntityOfPage\":{\"@id\":\"https:\/\/www.fiscalia.gov.co\/colombia\/seccionales\/fiscalia-judicializo-a-cuatro-presuntos-integrantes-de-los-de-boca-banda-dedicada-a-la-extorsion-en-barbacoas-narino\/\"},\"wordCount\":483,\"publisher\":{\"@id\":\"https:\/\/www.fiscalia.gov.co\/colombia\/#organization\"},\"image\":{\"@id\":\"https:\/\/www.fiscalia.gov.co\/colombia\/seccionales\/fiscalia-judicializo-a-cuatro-presuntos-integrantes-de-los-de-boca-banda-dedicada-a-la-extorsion-en-barbacoas-narino\/#primaryimage\"},\"thumbnailUrl\":\"https:\/\/www.fiscalia.gov.co\/colombia\/wp-content\/uploads\/Outlook-Image-1024x576.png\",\"keywords\":[\"Concierto para delinquir\",\"Extorsi\u00f3n\",\"Fiscal General Francisco Barbosa Delgado\",\"Fiscal\u00eda de Colombia\",\"Fiscal\u00eda General de la Naci\u00f3n\",\"Seguridad ciudadana\"],\"articleSection\":[\"Seccional Pasto\",\"Seccionales\",\"Seguridad territorial\"],\"inLanguage\":\"es-CO\"},{\"@type\":\"WebPage\",\"@id\":\"https:\/\/www.fiscalia.gov.co\/colombia\/seccionales\/fiscalia-judicializo-a-cuatro-presuntos-integrantes-de-los-de-boca-banda-dedicada-a-la-extorsion-en-barbacoas-narino\/\",\"url\":\"https:\/\/www.fiscalia.gov.co\/colombia\/seccionales\/fiscalia-judicializo-a-cuatro-presuntos-integrantes-de-los-de-boca-banda-dedicada-a-la-extorsion-en-barbacoas-narino\/\",\"name\":\"Fiscal\u00eda General de la Naci\u00f3n\",\"isPartOf\":{\"@id\":\"https:\/\/www.fiscalia.gov.co\/colombia\/#website\"},\"primaryImageOfPage\":{\"@id\":\"https:\/\/www.fiscalia.gov.co\/colombia\/seccionales\/fiscalia-judicializo-a-cuatro-presuntos-integrantes-de-los-de-boca-banda-dedicada-a-la-extorsion-en-barbacoas-narino\/#primaryimage\"},\"image\":{\"@id\":\"https:\/\/www.fiscalia.gov.co\/colombia\/seccionales\/fiscalia-judicializo-a-cuatro-presuntos-integrantes-de-los-de-boca-banda-dedicada-a-la-extorsion-en-barbacoas-narino\/#primaryimage\"},\"thumbnailUrl\":\"https:\/\/www.fiscalia.gov.co\/colombia\/wp-content\/uploads\/Outlook-Image-1024x576.png\",\"datePublished\":\"2021-06-23T14:20:23+00:00\",\"dateModified\":\"2021-06-23T14:21:03+00:00\",\"description\":\"P\u00e1gina oficial de la Fiscal\u00eda General de la Naci\u00f3n \u2013 Colombia. Garantizamos el acceso efectivo a la justicia, la verdad y la reparaci\u00f3n de las v\u00edctimas de los delitos.\",\"breadcrumb\":{\"@id\":\"https:\/\/www.fiscalia.gov.co\/colombia\/seccionales\/fiscalia-judicializo-a-cuatro-presuntos-integrantes-de-los-de-boca-banda-dedicada-a-la-extorsion-en-barbacoas-narino\/#breadcrumb\"},\"inLanguage\":\"es-CO\",\"potentialAction\":[{\"@type\":\"ReadAction\",\"target\":[\"https:\/\/www.fiscalia.gov.co\/colombia\/seccionales\/fiscalia-judicializo-a-cuatro-presuntos-integrantes-de-los-de-boca-banda-dedicada-a-la-extorsion-en-barbacoas-narino\/\"]}]},{\"@type\":\"ImageObject\",\"inLanguage\":\"es-CO\",\"@id\":\"https:\/\/www.fiscalia.gov.co\/colombia\/seccionales\/fiscalia-judicializo-a-cuatro-presuntos-integrantes-de-los-de-boca-banda-dedicada-a-la-extorsion-en-barbacoas-narino\/#primaryimage\",\"url\":\"https:\/\/www.fiscalia.gov.co\/colombia\/wp-content\/uploads\/Outlook-Image.png\",\"contentUrl\":\"https:\/\/www.fiscalia.gov.co\/colombia\/wp-content\/uploads\/Outlook-Image.png\",\"width\":1280,\"height\":720,\"caption\":\"Andr\u00e9s David Buenas Land\u00e1zuri, Eder Gersa\u00edn Estacio Valencia, Jos\u00e9 Harold Delgado Cort\u00e9s y Cristian Fernando Cort\u00e9s, presuntos miembros de la banda delincuencial Los de Boca.\"},{\"@type\":\"BreadcrumbList\",\"@id\":\"https:\/\/www.fiscalia.gov.co\/colombia\/seccionales\/fiscalia-judicializo-a-cuatro-presuntos-integrantes-de-los-de-boca-banda-dedicada-a-la-extorsion-en-barbacoas-narino\/#breadcrumb\",\"itemListElement\":[{\"@type\":\"ListItem\",\"position\":1,\"name\":\"Home\",\"item\":\"https:\/\/www.fiscalia.gov.co\/colombia\/\"},{\"@type\":\"ListItem\",\"position\":2,\"name\":\"Fiscal\u00eda judicializ\u00f3 a cuatro presuntos integrantes de \u2018Los de Boca\u2019, banda dedicada a la extorsi\u00f3n en Barbacoas (Nari\u00f1o)\"}]},{\"@type\":\"WebSite\",\"@id\":\"https:\/\/www.fiscalia.gov.co\/colombia\/#website\",\"url\":\"https:\/\/www.fiscalia.gov.co\/colombia\/\",\"name\":\"Fiscal\u00eda General de la Naci\u00f3n\",\"description\":\"P\u00e1gina oficial de la Fiscal\u00eda General de la Naci\u00f3n \u2013 Colombia. Garantizamos el acceso efectivo a la justicia, la verdad y la reparaci\u00f3n de las v\u00edctimas de los delitos.\",\"publisher\":{\"@id\":\"https:\/\/www.fiscalia.gov.co\/colombia\/#organization\"},\"potentialAction\":[{\"@type\":\"SearchAction\",\"target\":{\"@type\":\"EntryPoint\",\"urlTemplate\":\"https:\/\/www.fiscalia.gov.co\/colombia\/?s={search_term_string}\"},\"query-input\":{\"@type\":\"PropertyValueSpecification\",\"valueRequired\":true,\"valueName\":\"search_term_string\"}}],\"inLanguage\":\"es-CO\"},{\"@type\":\"Organization\",\"@id\":\"https:\/\/www.fiscalia.gov.co\/colombia\/#organization\",\"name\":\"Fiscal\u00eda General de la Naci\u00f3n\",\"url\":\"https:\/\/www.fiscalia.gov.co\/colombia\/\",\"logo\":{\"@type\":\"ImageObject\",\"inLanguage\":\"es-CO\",\"@id\":\"https:\/\/www.fiscalia.gov.co\/colombia\/#\/schema\/logo\/image\/\",\"url\":\"https:\/\/www.fiscalia.gov.co\/colombia\/wp-content\/uploads\/LogoHorizontal_1.jpg\",\"contentUrl\":\"https:\/\/www.fiscalia.gov.co\/colombia\/wp-content\/uploads\/LogoHorizontal_1.jpg\",\"width\":300,\"height\":90,\"caption\":\"Fiscal\u00eda General de la Naci\u00f3n\"},\"image\":{\"@id\":\"https:\/\/www.fiscalia.gov.co\/colombia\/#\/schema\/logo\/image\/\"},\"sameAs\":[\"https:\/\/www.facebook.com\/FiscaliaCol\",\"https:\/\/x.com\/FiscaliaCol\",\"https:\/\/www.instagram.com\/fiscaliacol\",\"https:\/\/www.linkedin.com\/company\/fiscalia-general-de-la-naci-n\/\",\"https:\/\/youtube.com\/@fiscaliageneraldelanacion-4668?si=6nN79nyQICPU5iTh\"]},{\"@type\":\"Person\",\"@id\":\"https:\/\/www.fiscalia.gov.co\/colombia\/#\/schema\/person\/06aa2210fe4d79203f428ff671dee360\",\"name\":\"Ana Mar\u00eda Gomez\",\"image\":{\"@type\":\"ImageObject\",\"inLanguage\":\"es-CO\",\"@id\":\"https:\/\/www.fiscalia.gov.co\/colombia\/#\/schema\/person\/image\/\",\"url\":\"https:\/\/secure.gravatar.com\/avatar\/a38115d98a7f8a96cbb96af2b2c37a0b?s=96&d=mm&r=g\",\"contentUrl\":\"https:\/\/secure.gravatar.com\/avatar\/a38115d98a7f8a96cbb96af2b2c37a0b?s=96&d=mm&r=g\",\"caption\":\"Ana Mar\u00eda Gomez\"},\"url\":\"https:\/\/www.fiscalia.gov.co\/colombia\/author\/agomez\/\"}]}<\/script>\n<!-- \/ Yoast SEO plugin. -->","yoast_head_json":{"title":"Fiscal\u00eda General de la Naci\u00f3n","description":"P\u00e1gina oficial de la Fiscal\u00eda General de la Naci\u00f3n \u2013 Colombia. Garantizamos el acceso efectivo a la justicia, la verdad y la reparaci\u00f3n de las v\u00edctimas de los delitos.","robots":{"index":"noindex","follow":"follow"},"og_locale":"es_ES","og_type":"article","og_title":"Fiscal\u00eda General de la Naci\u00f3n","og_description":"P\u00e1gina oficial de la Fiscal\u00eda General de la Naci\u00f3n \u2013 Colombia. Garantizamos el acceso efectivo a la justicia, la verdad y la reparaci\u00f3n de las v\u00edctimas de los delitos.","og_url":"https:\/\/www.fiscalia.gov.co\/colombia\/seccionales\/fiscalia-judicializo-a-cuatro-presuntos-integrantes-de-los-de-boca-banda-dedicada-a-la-extorsion-en-barbacoas-narino\/","og_site_name":"Fiscal\u00eda General de la Naci\u00f3n","article_publisher":"https:\/\/www.facebook.com\/FiscaliaCol","article_published_time":"2021-06-23T14:20:23+00:00","article_modified_time":"2021-06-23T14:21:03+00:00","og_image":[{"url":"https:\/\/www.fiscalia.gov.co\/colombia\/wp-content\/uploads\/Outlook-Image-1024x576.png","type":"","width":"","height":""}],"author":"Ana Mar\u00eda Gomez","twitter_card":"summary_large_image","twitter_creator":"@FiscaliaCol","twitter_site":"@FiscaliaCol","twitter_misc":{"Escrito por":"Ana Mar\u00eda Gomez","Tiempo de lectura":"2 minutos"},"schema":{"@context":"https:\/\/schema.org","@graph":[{"@type":"Article","@id":"https:\/\/www.fiscalia.gov.co\/colombia\/seccionales\/fiscalia-judicializo-a-cuatro-presuntos-integrantes-de-los-de-boca-banda-dedicada-a-la-extorsion-en-barbacoas-narino\/#article","isPartOf":{"@id":"https:\/\/www.fiscalia.gov.co\/colombia\/seccionales\/fiscalia-judicializo-a-cuatro-presuntos-integrantes-de-los-de-boca-banda-dedicada-a-la-extorsion-en-barbacoas-narino\/"},"author":{"name":"Ana Mar\u00eda Gomez","@id":"https:\/\/www.fiscalia.gov.co\/colombia\/#\/schema\/person\/06aa2210fe4d79203f428ff671dee360"},"headline":"Fiscal\u00eda judicializ\u00f3 a cuatro presuntos integrantes de \u2018Los de Boca\u2019, banda dedicada a la extorsi\u00f3n en Barbacoas (Nari\u00f1o)","datePublished":"2021-06-23T14:20:23+00:00","dateModified":"2021-06-23T14:21:03+00:00","mainEntityOfPage":{"@id":"https:\/\/www.fiscalia.gov.co\/colombia\/seccionales\/fiscalia-judicializo-a-cuatro-presuntos-integrantes-de-los-de-boca-banda-dedicada-a-la-extorsion-en-barbacoas-narino\/"},"wordCount":483,"publisher":{"@id":"https:\/\/www.fiscalia.gov.co\/colombia\/#organization"},"image":{"@id":"https:\/\/www.fiscalia.gov.co\/colombia\/seccionales\/fiscalia-judicializo-a-cuatro-presuntos-integrantes-de-los-de-boca-banda-dedicada-a-la-extorsion-en-barbacoas-narino\/#primaryimage"},"thumbnailUrl":"https:\/\/www.fiscalia.gov.co\/colombia\/wp-content\/uploads\/Outlook-Image-1024x576.png","keywords":["Concierto para delinquir","Extorsi\u00f3n","Fiscal General Francisco Barbosa Delgado","Fiscal\u00eda de Colombia","Fiscal\u00eda General de la Naci\u00f3n","Seguridad ciudadana"],"articleSection":["Seccional Pasto","Seccionales","Seguridad territorial"],"inLanguage":"es-CO"},{"@type":"WebPage","@id":"https:\/\/www.fiscalia.gov.co\/colombia\/seccionales\/fiscalia-judicializo-a-cuatro-presuntos-integrantes-de-los-de-boca-banda-dedicada-a-la-extorsion-en-barbacoas-narino\/","url":"https:\/\/www.fiscalia.gov.co\/colombia\/seccionales\/fiscalia-judicializo-a-cuatro-presuntos-integrantes-de-los-de-boca-banda-dedicada-a-la-extorsion-en-barbacoas-narino\/","name":"Fiscal\u00eda General de la Naci\u00f3n","isPartOf":{"@id":"https:\/\/www.fiscalia.gov.co\/colombia\/#website"},"primaryImageOfPage":{"@id":"https:\/\/www.fiscalia.gov.co\/colombia\/seccionales\/fiscalia-judicializo-a-cuatro-presuntos-integrantes-de-los-de-boca-banda-dedicada-a-la-extorsion-en-barbacoas-narino\/#primaryimage"},"image":{"@id":"https:\/\/www.fiscalia.gov.co\/colombia\/seccionales\/fiscalia-judicializo-a-cuatro-presuntos-integrantes-de-los-de-boca-banda-dedicada-a-la-extorsion-en-barbacoas-narino\/#primaryimage"},"thumbnailUrl":"https:\/\/www.fiscalia.gov.co\/colombia\/wp-content\/uploads\/Outlook-Image-1024x576.png","datePublished":"2021-06-23T14:20:23+00:00","dateModified":"2021-06-23T14:21:03+00:00","description":"P\u00e1gina oficial de la Fiscal\u00eda General de la Naci\u00f3n \u2013 Colombia. Garantizamos el acceso efectivo a la justicia, la verdad y la reparaci\u00f3n de las v\u00edctimas de los delitos.","breadcrumb":{"@id":"https:\/\/www.fiscalia.gov.co\/colombia\/seccionales\/fiscalia-judicializo-a-cuatro-presuntos-integrantes-de-los-de-boca-banda-dedicada-a-la-extorsion-en-barbacoas-narino\/#breadcrumb"},"inLanguage":"es-CO","potentialAction":[{"@type":"ReadAction","target":["https:\/\/www.fiscalia.gov.co\/colombia\/seccionales\/fiscalia-judicializo-a-cuatro-presuntos-integrantes-de-los-de-boca-banda-dedicada-a-la-extorsion-en-barbacoas-narino\/"]}]},{"@type":"ImageObject","inLanguage":"es-CO","@id":"https:\/\/www.fiscalia.gov.co\/colombia\/seccionales\/fiscalia-judicializo-a-cuatro-presuntos-integrantes-de-los-de-boca-banda-dedicada-a-la-extorsion-en-barbacoas-narino\/#primaryimage","url":"https:\/\/www.fiscalia.gov.co\/colombia\/wp-content\/uploads\/Outlook-Image.png","contentUrl":"https:\/\/www.fiscalia.gov.co\/colombia\/wp-content\/uploads\/Outlook-Image.png","width":1280,"height":720,"caption":"Andr\u00e9s David Buenas Land\u00e1zuri, Eder Gersa\u00edn Estacio Valencia, Jos\u00e9 Harold Delgado Cort\u00e9s y Cristian Fernando Cort\u00e9s, presuntos miembros de la banda delincuencial Los de Boca."},{"@type":"BreadcrumbList","@id":"https:\/\/www.fiscalia.gov.co\/colombia\/seccionales\/fiscalia-judicializo-a-cuatro-presuntos-integrantes-de-los-de-boca-banda-dedicada-a-la-extorsion-en-barbacoas-narino\/#breadcrumb","itemListElement":[{"@type":"ListItem","position":1,"name":"Home","item":"https:\/\/www.fiscalia.gov.co\/colombia\/"},{"@type":"ListItem","position":2,"name":"Fiscal\u00eda judicializ\u00f3 a cuatro presuntos integrantes de \u2018Los de Boca\u2019, banda dedicada a la extorsi\u00f3n en Barbacoas (Nari\u00f1o)"}]},{"@type":"WebSite","@id":"https:\/\/www.fiscalia.gov.co\/colombia\/#website","url":"https:\/\/www.fiscalia.gov.co\/colombia\/","name":"Fiscal\u00eda General de la Naci\u00f3n","description":"P\u00e1gina oficial de la Fiscal\u00eda General de la Naci\u00f3n \u2013 Colombia. Garantizamos el acceso efectivo a la justicia, la verdad y la reparaci\u00f3n de las v\u00edctimas de los delitos.","publisher":{"@id":"https:\/\/www.fiscalia.gov.co\/colombia\/#organization"},"potentialAction":[{"@type":"SearchAction","target":{"@type":"EntryPoint","urlTemplate":"https:\/\/www.fiscalia.gov.co\/colombia\/?s={search_term_string}"},"query-input":{"@type":"PropertyValueSpecification","valueRequired":true,"valueName":"search_term_string"}}],"inLanguage":"es-CO"},{"@type":"Organization","@id":"https:\/\/www.fiscalia.gov.co\/colombia\/#organization","name":"Fiscal\u00eda General de la Naci\u00f3n","url":"https:\/\/www.fiscalia.gov.co\/colombia\/","logo":{"@type":"ImageObject","inLanguage":"es-CO","@id":"https:\/\/www.fiscalia.gov.co\/colombia\/#\/schema\/logo\/image\/","url":"https:\/\/www.fiscalia.gov.co\/colombia\/wp-content\/uploads\/LogoHorizontal_1.jpg","contentUrl":"https:\/\/www.fiscalia.gov.co\/colombia\/wp-content\/uploads\/LogoHorizontal_1.jpg","width":300,"height":90,"caption":"Fiscal\u00eda General de la Naci\u00f3n"},"image":{"@id":"https:\/\/www.fiscalia.gov.co\/colombia\/#\/schema\/logo\/image\/"},"sameAs":["https:\/\/www.facebook.com\/FiscaliaCol","https:\/\/x.com\/FiscaliaCol","https:\/\/www.instagram.com\/fiscaliacol","https:\/\/www.linkedin.com\/company\/fiscalia-general-de-la-naci-n\/","https:\/\/youtube.com\/@fiscaliageneraldelanacion-4668?si=6nN79nyQICPU5iTh"]},{"@type":"Person","@id":"https:\/\/www.fiscalia.gov.co\/colombia\/#\/schema\/person\/06aa2210fe4d79203f428ff671dee360","name":"Ana Mar\u00eda Gomez","image":{"@type":"ImageObject","inLanguage":"es-CO","@id":"https:\/\/www.fiscalia.gov.co\/colombia\/#\/schema\/person\/image\/","url":"https:\/\/secure.gravatar.com\/avatar\/a38115d98a7f8a96cbb96af2b2c37a0b?s=96&d=mm&r=g","contentUrl":"https:\/\/secure.gravatar.com\/avatar\/a38115d98a7f8a96cbb96af2b2c37a0b?s=96&d=mm&r=g","caption":"Ana Mar\u00eda Gomez"},"url":"https:\/\/www.fiscalia.gov.co\/colombia\/author\/agomez\/"}]}},"_links":{"self":[{"href":"https:\/\/www.fiscalia.gov.co\/colombia\/wp-json\/wp\/v2\/posts\/222761","targetHints":{"allow":["GET"]}}],"collection":[{"href":"https:\/\/www.fiscalia.gov.co\/colombia\/wp-json\/wp\/v2\/posts"}],"about":[{"href":"https:\/\/www.fiscalia.gov.co\/colombia\/wp-json\/wp\/v2\/types\/post"}],"author":[{"embeddable":true,"href":"https:\/\/www.fiscalia.gov.co\/colombia\/wp-json\/wp\/v2\/users\/171"}],"replies":[{"embeddable":true,"href":"https:\/\/www.fiscalia.gov.co\/colombia\/wp-json\/wp\/v2\/comments?post=222761"}],"version-history":[{"count":2,"href":"https:\/\/www.fiscalia.gov.co\/colombia\/wp-json\/wp\/v2\/posts\/222761\/revisions"}],"predecessor-version":[{"id":222764,"href":"https:\/\/www.fiscalia.gov.co\/colombia\/wp-json\/wp\/v2\/posts\/222761\/revisions\/222764"}],"wp:attachment":[{"href":"https:\/\/www.fiscalia.gov.co\/colombia\/wp-json\/wp\/v2\/media?parent=222761"}],"wp:term":[{"taxonomy":"category","embeddable":true,"href":"https:\/\/www.fiscalia.gov.co\/colombia\/wp-json\/wp\/v2\/categories?post=222761"},{"taxonomy":"post_tag","embeddable":true,"href":"https:\/\/www.fiscalia.gov.co\/colombia\/wp-json\/wp\/v2\/tags?post=222761"}],"curies":[{"name":"wp","href":"https:\/\/api.w.org\/{rel}","templated":true}]}}