{"id":222755,"date":"2021-06-23T09:15:45","date_gmt":"2021-06-23T14:15:45","guid":{"rendered":"https:\/\/www.fiscalia.gov.co\/colombia\/?p=222755"},"modified":"2021-06-23T09:15:45","modified_gmt":"2021-06-23T14:15:45","slug":"asegurados-un-hombre-y-una-mujer-que-presuntamente-atacaron-a-dos-hermanos-con-arma-cortopunzante-para-hurtarles-sus-pertenencias","status":"publish","type":"post","link":"https:\/\/www.fiscalia.gov.co\/colombia\/seccionales\/asegurados-un-hombre-y-una-mujer-que-presuntamente-atacaron-a-dos-hermanos-con-arma-cortopunzante-para-hurtarles-sus-pertenencias\/","title":{"rendered":"Asegurados un hombre y una mujer que presuntamente atacaron a dos hermanos con arma cortopunzante para hurtarles sus pertenencias"},"content":{"rendered":"<p class=\"x_x_xmsonormal\"><span lang=\"ES\">Por su presunta responsabilidad en los delitos de\u00a0<b>homicidio agravado en grado de tentativa, lesiones personales y hurto calificado y agravado<\/b>\u00a0que les imput\u00f3 la Fiscal\u00eda, Mar\u00eda Alejandra Bello Su\u00e1rez y Jaime Alberto Corrales Bland\u00f3n fueron afectados con medida de aseguramiento en centro de reclusi\u00f3n por un juez de control de garant\u00edas.\u00a0<\/span><\/p>\n<p class=\"x_x_xmsonormal\"><span lang=\"ES\">Los hechos materia de investigaci\u00f3n ocurrieron el\u00a0<b>14 de marzo de 2021<\/b>, en v\u00eda p\u00fablica del\u00a0<b>barrio Suba Lisboa de la localidad de Suba<\/b>, en Bogot\u00e1, donde la pareja procesada al parecer abord\u00f3 a las v\u00edctimas, dos hermanos entre s\u00ed, cuando estos sal\u00eda de una reuni\u00f3n social en horas de la madrugada. Presuntamente, con un arma cortopunzante Bello y Corrales los intimidaron, exigiendo que les entregaran el celular y otras pertenencias.<br \/>\n<\/span><\/p>\n<p class=\"x_x_xmsonormal\"><span lang=\"ES\">Aunque las v\u00edctimas intentaron escapar, los presuntos asaltantes los alcanzaron. Fue entonces cuando supuestamente la mujer las atac\u00f3 y les caus\u00f3 varias heridas de consideraci\u00f3n.\u00a0<\/span><\/p>\n<p class=\"x_x_xmsonormal\"><span lang=\"ES\">Los procesados fueron capturados por la Polic\u00eda Nacional, mediante orden judicial, el pasado 17 de junio en el\u00a0<b>barrio Tibabuyes Occidental<\/b>\u00a0de la misma localidad de Suba.\u00a0<\/span><\/p>\n<p class=\"x_x_xmsonormal\"><span lang=\"ES\">Cabe anotar que Mar\u00eda Alejandra Bello Su\u00e1rez estaba cumpliendo una sentencia en su domicilio, por el delito de fabricaci\u00f3n, tr\u00e1fico o porte ilegal de armas. \u00a0\u00a0<\/span><\/p>\n<p class=\"x_x_xmsonormal\"><span lang=\"ES\">En audiencias preliminares la Fiscal\u00eda formul\u00f3 la imputaci\u00f3n, cuyos\u00a0<b>cargos no fueron aceptados por ninguno de los procesados.\u00a0<\/b>\u00a0<\/span><\/p>\n<p class=\"x_x_xmsonormal\"><span lang=\"ES\">La Fiscal\u00eda General de la Naci\u00f3n habla con resultados.\u00a0\u00a0<\/span><\/p>\n<p class=\"x_x_xmsonormal\"><span lang=\"ES\">LMFO\/SJBO\/DLBM\u00a0\u00a0<\/span><\/p>\n<p class=\"x_x_xmsonormal\"><b><span lang=\"ES\">Noticias Relacionadas:\u00a0<\/span><\/b><span lang=\"ES\">\u00a0<\/span><\/p>\n<p class=\"x_x_xmsonormal\"><a href=\"https:\/\/www.fiscalia.gov.co\/colombia\/seccionales\/detencion-carcelaria-para-presuntos-responsables-de-homicidio-de-un-joven-en-medio-de-hurto-en-ciudad-bolivar\/\" target=\"_blank\" rel=\"noopener noreferrer\"><span lang=\"ES\">Detenci\u00f3n carcelaria para presuntos responsables de homicidio de un joven en medio de hurto en Ciudad Bol\u00edvar<\/span><\/a><span lang=\"ES\">\u00a0<\/span><span lang=\"ES\">\u00a0<\/span><\/p>\n<p class=\"x_x_xmsonormal\"><a href=\"https:\/\/www.fiscalia.gov.co\/colombia\/seccionales\/condenado-hombre-que-al-asaltar-un-supermercado-le-disparo-a-una-empleada-y-a-un-funcionario-del-cti-que-intervino-para-evitar-el-hecho\/\" target=\"_blank\" rel=\"noopener noreferrer\"><span lang=\"ES\">Condenado hombre que al asaltar un supermercado le dispar\u00f3 a una empleada y a un funcionario del CTI que intervino para evitar el hecho<\/span><\/a><span lang=\"ES\">\u00a0<\/span><span lang=\"ES\">\u00a0<\/span><\/p>\n<p class=\"x_x_xmsonormal\"><i><span lang=\"ES\">La informaci\u00f3n contenida en este bolet\u00edn de prensa corresponde a la narraci\u00f3n de los hechos noticiosos objetivos, suministrados por los funcionarios encargados de adelantar las investigaciones penales al interior de la Fiscal\u00eda General de la Naci\u00f3n. Para el momento de la divulgaci\u00f3n de este comunicado, la situaci\u00f3n jur\u00eddica de la(s) persona(s) relacionada(s) se encuentra pendiente de resolver por la autoridad judicial competente, siempre bajo los preceptos de la presunci\u00f3n de inocencia, consagrados en el art\u00edculo 29 de la Constituci\u00f3n Pol\u00edtica y el art\u00edculo 7\u00ba de la Ley 906 de 2004.<\/span><\/i><span lang=\"ES\">\u00a0<\/span><b><span lang=\"ES\">\u00a0<\/span><\/b><\/p>\n\n<div class=\"twitter-share\"><a href=\"https:\/\/twitter.com\/intent\/tweet?via=fiscaliacol\" class=\"twitter-share-button\">Tweet<\/a><\/div>\n","protected":false},"excerpt":{"rendered":"<p>Por su presunta responsabilidad en los delitos de\u00a0homicidio agravado en grado de tentativa, lesiones personales y hurto calificado y agravado\u00a0que les imput\u00f3 la Fiscal\u00eda, Mar\u00eda Alejandra Bello Su\u00e1rez y Jaime [&hellip;]<\/p>\n","protected":false},"author":171,"featured_media":0,"comment_status":"closed","ping_status":"open","sticky":false,"template":"","format":"standard","meta":{"tdm_status":"","tdm_grid_status":"","footnotes":""},"categories":[321,303,24099],"tags":[24257,24187,1047,11524,23960,27524,27523,27522],"class_list":["post-222755","post","type-post","status-publish","format-standard","category-seccional-bogota","category-seccionales","category-seguridad-territorial","tag-arma-cortopunzante","tag-fiscalia-colombia","tag-fiscalia-general-de-la-nacion","tag-homicidio-agravado-en-grado-de-tentativa","tag-hurto","tag-lesiones-personales-y-hurto-calificado-y-agravado","tag-localidad-de-suba","tag-suba-lisboa"],"yoast_head":"<!-- This site is optimized with the Yoast SEO plugin v24.3 - https:\/\/yoast.com\/wordpress\/plugins\/seo\/ -->\n<title>Fiscal\u00eda General de la Naci\u00f3n<\/title>\n<meta name=\"description\" content=\"P\u00e1gina oficial de la Fiscal\u00eda General de la Naci\u00f3n \u2013 Colombia. Garantizamos el acceso efectivo a la justicia, la verdad y la reparaci\u00f3n de las v\u00edctimas de los delitos.\" \/>\n<meta name=\"robots\" content=\"noindex, follow\" \/>\n<meta property=\"og:locale\" content=\"es_ES\" \/>\n<meta property=\"og:type\" content=\"article\" \/>\n<meta property=\"og:title\" content=\"Fiscal\u00eda General de la Naci\u00f3n\" \/>\n<meta property=\"og:description\" content=\"P\u00e1gina oficial de la Fiscal\u00eda General de la Naci\u00f3n \u2013 Colombia. Garantizamos el acceso efectivo a la justicia, la verdad y la reparaci\u00f3n de las v\u00edctimas de los delitos.\" \/>\n<meta property=\"og:url\" content=\"https:\/\/www.fiscalia.gov.co\/colombia\/seccionales\/asegurados-un-hombre-y-una-mujer-que-presuntamente-atacaron-a-dos-hermanos-con-arma-cortopunzante-para-hurtarles-sus-pertenencias\/\" \/>\n<meta property=\"og:site_name\" content=\"Fiscal\u00eda General de la Naci\u00f3n\" \/>\n<meta property=\"article:publisher\" content=\"https:\/\/www.facebook.com\/FiscaliaCol\" \/>\n<meta property=\"article:published_time\" content=\"2021-06-23T14:15:45+00:00\" \/>\n<meta name=\"author\" content=\"Ana Mar\u00eda Gomez\" \/>\n<meta name=\"twitter:card\" content=\"summary_large_image\" \/>\n<meta name=\"twitter:creator\" content=\"@FiscaliaCol\" \/>\n<meta name=\"twitter:site\" content=\"@FiscaliaCol\" \/>\n<meta name=\"twitter:label1\" content=\"Escrito por\" \/>\n\t<meta name=\"twitter:data1\" content=\"Ana Mar\u00eda Gomez\" \/>\n\t<meta name=\"twitter:label2\" content=\"Tiempo de lectura\" \/>\n\t<meta name=\"twitter:data2\" content=\"2 minutos\" \/>\n<script type=\"application\/ld+json\" class=\"yoast-schema-graph\">{\"@context\":\"https:\/\/schema.org\",\"@graph\":[{\"@type\":\"Article\",\"@id\":\"https:\/\/www.fiscalia.gov.co\/colombia\/seccionales\/asegurados-un-hombre-y-una-mujer-que-presuntamente-atacaron-a-dos-hermanos-con-arma-cortopunzante-para-hurtarles-sus-pertenencias\/#article\",\"isPartOf\":{\"@id\":\"https:\/\/www.fiscalia.gov.co\/colombia\/seccionales\/asegurados-un-hombre-y-una-mujer-que-presuntamente-atacaron-a-dos-hermanos-con-arma-cortopunzante-para-hurtarles-sus-pertenencias\/\"},\"author\":{\"name\":\"Ana Mar\u00eda Gomez\",\"@id\":\"https:\/\/www.fiscalia.gov.co\/colombia\/#\/schema\/person\/06aa2210fe4d79203f428ff671dee360\"},\"headline\":\"Asegurados un hombre y una mujer que presuntamente atacaron a dos hermanos con arma cortopunzante para hurtarles sus pertenencias\",\"datePublished\":\"2021-06-23T14:15:45+00:00\",\"dateModified\":\"2021-06-23T14:15:45+00:00\",\"mainEntityOfPage\":{\"@id\":\"https:\/\/www.fiscalia.gov.co\/colombia\/seccionales\/asegurados-un-hombre-y-una-mujer-que-presuntamente-atacaron-a-dos-hermanos-con-arma-cortopunzante-para-hurtarles-sus-pertenencias\/\"},\"wordCount\":416,\"publisher\":{\"@id\":\"https:\/\/www.fiscalia.gov.co\/colombia\/#organization\"},\"keywords\":[\"arma cortopunzante\",\"Fiscal\u00eda Colombia\",\"Fiscal\u00eda General de la Naci\u00f3n\",\"homicidio agravado en grado de tentativa\",\"Hurto\",\"lesiones personales y hurto calificado y agravado\",\"localidad de suba\",\"Suba Lisboa\"],\"articleSection\":[\"Seccional Bogot\u00e1\",\"Seccionales\",\"Seguridad territorial\"],\"inLanguage\":\"es-CO\"},{\"@type\":\"WebPage\",\"@id\":\"https:\/\/www.fiscalia.gov.co\/colombia\/seccionales\/asegurados-un-hombre-y-una-mujer-que-presuntamente-atacaron-a-dos-hermanos-con-arma-cortopunzante-para-hurtarles-sus-pertenencias\/\",\"url\":\"https:\/\/www.fiscalia.gov.co\/colombia\/seccionales\/asegurados-un-hombre-y-una-mujer-que-presuntamente-atacaron-a-dos-hermanos-con-arma-cortopunzante-para-hurtarles-sus-pertenencias\/\",\"name\":\"Fiscal\u00eda General de la Naci\u00f3n\",\"isPartOf\":{\"@id\":\"https:\/\/www.fiscalia.gov.co\/colombia\/#website\"},\"datePublished\":\"2021-06-23T14:15:45+00:00\",\"dateModified\":\"2021-06-23T14:15:45+00:00\",\"description\":\"P\u00e1gina oficial de la Fiscal\u00eda General de la Naci\u00f3n \u2013 Colombia. Garantizamos el acceso efectivo a la justicia, la verdad y la reparaci\u00f3n de las v\u00edctimas de los delitos.\",\"breadcrumb\":{\"@id\":\"https:\/\/www.fiscalia.gov.co\/colombia\/seccionales\/asegurados-un-hombre-y-una-mujer-que-presuntamente-atacaron-a-dos-hermanos-con-arma-cortopunzante-para-hurtarles-sus-pertenencias\/#breadcrumb\"},\"inLanguage\":\"es-CO\",\"potentialAction\":[{\"@type\":\"ReadAction\",\"target\":[\"https:\/\/www.fiscalia.gov.co\/colombia\/seccionales\/asegurados-un-hombre-y-una-mujer-que-presuntamente-atacaron-a-dos-hermanos-con-arma-cortopunzante-para-hurtarles-sus-pertenencias\/\"]}]},{\"@type\":\"BreadcrumbList\",\"@id\":\"https:\/\/www.fiscalia.gov.co\/colombia\/seccionales\/asegurados-un-hombre-y-una-mujer-que-presuntamente-atacaron-a-dos-hermanos-con-arma-cortopunzante-para-hurtarles-sus-pertenencias\/#breadcrumb\",\"itemListElement\":[{\"@type\":\"ListItem\",\"position\":1,\"name\":\"Home\",\"item\":\"https:\/\/www.fiscalia.gov.co\/colombia\/\"},{\"@type\":\"ListItem\",\"position\":2,\"name\":\"Asegurados un hombre y una mujer que presuntamente atacaron a dos hermanos con arma cortopunzante para hurtarles sus pertenencias\"}]},{\"@type\":\"WebSite\",\"@id\":\"https:\/\/www.fiscalia.gov.co\/colombia\/#website\",\"url\":\"https:\/\/www.fiscalia.gov.co\/colombia\/\",\"name\":\"Fiscal\u00eda General de la Naci\u00f3n\",\"description\":\"P\u00e1gina oficial de la Fiscal\u00eda General de la Naci\u00f3n \u2013 Colombia. Garantizamos el acceso efectivo a la justicia, la verdad y la reparaci\u00f3n de las v\u00edctimas de los delitos.\",\"publisher\":{\"@id\":\"https:\/\/www.fiscalia.gov.co\/colombia\/#organization\"},\"potentialAction\":[{\"@type\":\"SearchAction\",\"target\":{\"@type\":\"EntryPoint\",\"urlTemplate\":\"https:\/\/www.fiscalia.gov.co\/colombia\/?s={search_term_string}\"},\"query-input\":{\"@type\":\"PropertyValueSpecification\",\"valueRequired\":true,\"valueName\":\"search_term_string\"}}],\"inLanguage\":\"es-CO\"},{\"@type\":\"Organization\",\"@id\":\"https:\/\/www.fiscalia.gov.co\/colombia\/#organization\",\"name\":\"Fiscal\u00eda General de la Naci\u00f3n\",\"url\":\"https:\/\/www.fiscalia.gov.co\/colombia\/\",\"logo\":{\"@type\":\"ImageObject\",\"inLanguage\":\"es-CO\",\"@id\":\"https:\/\/www.fiscalia.gov.co\/colombia\/#\/schema\/logo\/image\/\",\"url\":\"https:\/\/www.fiscalia.gov.co\/colombia\/wp-content\/uploads\/LogoHorizontal_1.jpg\",\"contentUrl\":\"https:\/\/www.fiscalia.gov.co\/colombia\/wp-content\/uploads\/LogoHorizontal_1.jpg\",\"width\":300,\"height\":90,\"caption\":\"Fiscal\u00eda General de la Naci\u00f3n\"},\"image\":{\"@id\":\"https:\/\/www.fiscalia.gov.co\/colombia\/#\/schema\/logo\/image\/\"},\"sameAs\":[\"https:\/\/www.facebook.com\/FiscaliaCol\",\"https:\/\/x.com\/FiscaliaCol\",\"https:\/\/www.instagram.com\/fiscaliacol\",\"https:\/\/www.linkedin.com\/company\/fiscalia-general-de-la-naci-n\/\",\"https:\/\/youtube.com\/@fiscaliageneraldelanacion-4668?si=6nN79nyQICPU5iTh\"]},{\"@type\":\"Person\",\"@id\":\"https:\/\/www.fiscalia.gov.co\/colombia\/#\/schema\/person\/06aa2210fe4d79203f428ff671dee360\",\"name\":\"Ana Mar\u00eda Gomez\",\"image\":{\"@type\":\"ImageObject\",\"inLanguage\":\"es-CO\",\"@id\":\"https:\/\/www.fiscalia.gov.co\/colombia\/#\/schema\/person\/image\/\",\"url\":\"https:\/\/secure.gravatar.com\/avatar\/a38115d98a7f8a96cbb96af2b2c37a0b?s=96&d=mm&r=g\",\"contentUrl\":\"https:\/\/secure.gravatar.com\/avatar\/a38115d98a7f8a96cbb96af2b2c37a0b?s=96&d=mm&r=g\",\"caption\":\"Ana Mar\u00eda Gomez\"},\"url\":\"https:\/\/www.fiscalia.gov.co\/colombia\/author\/agomez\/\"}]}<\/script>\n<!-- \/ Yoast SEO plugin. -->","yoast_head_json":{"title":"Fiscal\u00eda General de la Naci\u00f3n","description":"P\u00e1gina oficial de la Fiscal\u00eda General de la Naci\u00f3n \u2013 Colombia. Garantizamos el acceso efectivo a la justicia, la verdad y la reparaci\u00f3n de las v\u00edctimas de los delitos.","robots":{"index":"noindex","follow":"follow"},"og_locale":"es_ES","og_type":"article","og_title":"Fiscal\u00eda General de la Naci\u00f3n","og_description":"P\u00e1gina oficial de la Fiscal\u00eda General de la Naci\u00f3n \u2013 Colombia. Garantizamos el acceso efectivo a la justicia, la verdad y la reparaci\u00f3n de las v\u00edctimas de los delitos.","og_url":"https:\/\/www.fiscalia.gov.co\/colombia\/seccionales\/asegurados-un-hombre-y-una-mujer-que-presuntamente-atacaron-a-dos-hermanos-con-arma-cortopunzante-para-hurtarles-sus-pertenencias\/","og_site_name":"Fiscal\u00eda General de la Naci\u00f3n","article_publisher":"https:\/\/www.facebook.com\/FiscaliaCol","article_published_time":"2021-06-23T14:15:45+00:00","author":"Ana Mar\u00eda Gomez","twitter_card":"summary_large_image","twitter_creator":"@FiscaliaCol","twitter_site":"@FiscaliaCol","twitter_misc":{"Escrito por":"Ana Mar\u00eda Gomez","Tiempo de lectura":"2 minutos"},"schema":{"@context":"https:\/\/schema.org","@graph":[{"@type":"Article","@id":"https:\/\/www.fiscalia.gov.co\/colombia\/seccionales\/asegurados-un-hombre-y-una-mujer-que-presuntamente-atacaron-a-dos-hermanos-con-arma-cortopunzante-para-hurtarles-sus-pertenencias\/#article","isPartOf":{"@id":"https:\/\/www.fiscalia.gov.co\/colombia\/seccionales\/asegurados-un-hombre-y-una-mujer-que-presuntamente-atacaron-a-dos-hermanos-con-arma-cortopunzante-para-hurtarles-sus-pertenencias\/"},"author":{"name":"Ana Mar\u00eda Gomez","@id":"https:\/\/www.fiscalia.gov.co\/colombia\/#\/schema\/person\/06aa2210fe4d79203f428ff671dee360"},"headline":"Asegurados un hombre y una mujer que presuntamente atacaron a dos hermanos con arma cortopunzante para hurtarles sus pertenencias","datePublished":"2021-06-23T14:15:45+00:00","dateModified":"2021-06-23T14:15:45+00:00","mainEntityOfPage":{"@id":"https:\/\/www.fiscalia.gov.co\/colombia\/seccionales\/asegurados-un-hombre-y-una-mujer-que-presuntamente-atacaron-a-dos-hermanos-con-arma-cortopunzante-para-hurtarles-sus-pertenencias\/"},"wordCount":416,"publisher":{"@id":"https:\/\/www.fiscalia.gov.co\/colombia\/#organization"},"keywords":["arma cortopunzante","Fiscal\u00eda Colombia","Fiscal\u00eda General de la Naci\u00f3n","homicidio agravado en grado de tentativa","Hurto","lesiones personales y hurto calificado y agravado","localidad de suba","Suba Lisboa"],"articleSection":["Seccional Bogot\u00e1","Seccionales","Seguridad territorial"],"inLanguage":"es-CO"},{"@type":"WebPage","@id":"https:\/\/www.fiscalia.gov.co\/colombia\/seccionales\/asegurados-un-hombre-y-una-mujer-que-presuntamente-atacaron-a-dos-hermanos-con-arma-cortopunzante-para-hurtarles-sus-pertenencias\/","url":"https:\/\/www.fiscalia.gov.co\/colombia\/seccionales\/asegurados-un-hombre-y-una-mujer-que-presuntamente-atacaron-a-dos-hermanos-con-arma-cortopunzante-para-hurtarles-sus-pertenencias\/","name":"Fiscal\u00eda General de la Naci\u00f3n","isPartOf":{"@id":"https:\/\/www.fiscalia.gov.co\/colombia\/#website"},"datePublished":"2021-06-23T14:15:45+00:00","dateModified":"2021-06-23T14:15:45+00:00","description":"P\u00e1gina oficial de la Fiscal\u00eda General de la Naci\u00f3n \u2013 Colombia. Garantizamos el acceso efectivo a la justicia, la verdad y la reparaci\u00f3n de las v\u00edctimas de los delitos.","breadcrumb":{"@id":"https:\/\/www.fiscalia.gov.co\/colombia\/seccionales\/asegurados-un-hombre-y-una-mujer-que-presuntamente-atacaron-a-dos-hermanos-con-arma-cortopunzante-para-hurtarles-sus-pertenencias\/#breadcrumb"},"inLanguage":"es-CO","potentialAction":[{"@type":"ReadAction","target":["https:\/\/www.fiscalia.gov.co\/colombia\/seccionales\/asegurados-un-hombre-y-una-mujer-que-presuntamente-atacaron-a-dos-hermanos-con-arma-cortopunzante-para-hurtarles-sus-pertenencias\/"]}]},{"@type":"BreadcrumbList","@id":"https:\/\/www.fiscalia.gov.co\/colombia\/seccionales\/asegurados-un-hombre-y-una-mujer-que-presuntamente-atacaron-a-dos-hermanos-con-arma-cortopunzante-para-hurtarles-sus-pertenencias\/#breadcrumb","itemListElement":[{"@type":"ListItem","position":1,"name":"Home","item":"https:\/\/www.fiscalia.gov.co\/colombia\/"},{"@type":"ListItem","position":2,"name":"Asegurados un hombre y una mujer que presuntamente atacaron a dos hermanos con arma cortopunzante para hurtarles sus pertenencias"}]},{"@type":"WebSite","@id":"https:\/\/www.fiscalia.gov.co\/colombia\/#website","url":"https:\/\/www.fiscalia.gov.co\/colombia\/","name":"Fiscal\u00eda General de la Naci\u00f3n","description":"P\u00e1gina oficial de la Fiscal\u00eda General de la Naci\u00f3n \u2013 Colombia. Garantizamos el acceso efectivo a la justicia, la verdad y la reparaci\u00f3n de las v\u00edctimas de los delitos.","publisher":{"@id":"https:\/\/www.fiscalia.gov.co\/colombia\/#organization"},"potentialAction":[{"@type":"SearchAction","target":{"@type":"EntryPoint","urlTemplate":"https:\/\/www.fiscalia.gov.co\/colombia\/?s={search_term_string}"},"query-input":{"@type":"PropertyValueSpecification","valueRequired":true,"valueName":"search_term_string"}}],"inLanguage":"es-CO"},{"@type":"Organization","@id":"https:\/\/www.fiscalia.gov.co\/colombia\/#organization","name":"Fiscal\u00eda General de la Naci\u00f3n","url":"https:\/\/www.fiscalia.gov.co\/colombia\/","logo":{"@type":"ImageObject","inLanguage":"es-CO","@id":"https:\/\/www.fiscalia.gov.co\/colombia\/#\/schema\/logo\/image\/","url":"https:\/\/www.fiscalia.gov.co\/colombia\/wp-content\/uploads\/LogoHorizontal_1.jpg","contentUrl":"https:\/\/www.fiscalia.gov.co\/colombia\/wp-content\/uploads\/LogoHorizontal_1.jpg","width":300,"height":90,"caption":"Fiscal\u00eda General de la Naci\u00f3n"},"image":{"@id":"https:\/\/www.fiscalia.gov.co\/colombia\/#\/schema\/logo\/image\/"},"sameAs":["https:\/\/www.facebook.com\/FiscaliaCol","https:\/\/x.com\/FiscaliaCol","https:\/\/www.instagram.com\/fiscaliacol","https:\/\/www.linkedin.com\/company\/fiscalia-general-de-la-naci-n\/","https:\/\/youtube.com\/@fiscaliageneraldelanacion-4668?si=6nN79nyQICPU5iTh"]},{"@type":"Person","@id":"https:\/\/www.fiscalia.gov.co\/colombia\/#\/schema\/person\/06aa2210fe4d79203f428ff671dee360","name":"Ana Mar\u00eda Gomez","image":{"@type":"ImageObject","inLanguage":"es-CO","@id":"https:\/\/www.fiscalia.gov.co\/colombia\/#\/schema\/person\/image\/","url":"https:\/\/secure.gravatar.com\/avatar\/a38115d98a7f8a96cbb96af2b2c37a0b?s=96&d=mm&r=g","contentUrl":"https:\/\/secure.gravatar.com\/avatar\/a38115d98a7f8a96cbb96af2b2c37a0b?s=96&d=mm&r=g","caption":"Ana Mar\u00eda Gomez"},"url":"https:\/\/www.fiscalia.gov.co\/colombia\/author\/agomez\/"}]}},"_links":{"self":[{"href":"https:\/\/www.fiscalia.gov.co\/colombia\/wp-json\/wp\/v2\/posts\/222755","targetHints":{"allow":["GET"]}}],"collection":[{"href":"https:\/\/www.fiscalia.gov.co\/colombia\/wp-json\/wp\/v2\/posts"}],"about":[{"href":"https:\/\/www.fiscalia.gov.co\/colombia\/wp-json\/wp\/v2\/types\/post"}],"author":[{"embeddable":true,"href":"https:\/\/www.fiscalia.gov.co\/colombia\/wp-json\/wp\/v2\/users\/171"}],"replies":[{"embeddable":true,"href":"https:\/\/www.fiscalia.gov.co\/colombia\/wp-json\/wp\/v2\/comments?post=222755"}],"version-history":[{"count":1,"href":"https:\/\/www.fiscalia.gov.co\/colombia\/wp-json\/wp\/v2\/posts\/222755\/revisions"}],"predecessor-version":[{"id":222756,"href":"https:\/\/www.fiscalia.gov.co\/colombia\/wp-json\/wp\/v2\/posts\/222755\/revisions\/222756"}],"wp:attachment":[{"href":"https:\/\/www.fiscalia.gov.co\/colombia\/wp-json\/wp\/v2\/media?parent=222755"}],"wp:term":[{"taxonomy":"category","embeddable":true,"href":"https:\/\/www.fiscalia.gov.co\/colombia\/wp-json\/wp\/v2\/categories?post=222755"},{"taxonomy":"post_tag","embeddable":true,"href":"https:\/\/www.fiscalia.gov.co\/colombia\/wp-json\/wp\/v2\/tags?post=222755"}],"curies":[{"name":"wp","href":"https:\/\/api.w.org\/{rel}","templated":true}]}}