{"id":222581,"date":"2021-06-21T12:42:12","date_gmt":"2021-06-21T17:42:12","guid":{"rendered":"https:\/\/www.fiscalia.gov.co\/colombia\/?p=222581"},"modified":"2021-06-21T12:42:12","modified_gmt":"2021-06-21T17:42:12","slug":"carcel-para-dos-presuntos-integrantes-de-un-grupo-delictivo-dedicado-a-la-extorsion-y-otros-ilicitos-en-el-norte-del-valle-del-cauca","status":"publish","type":"post","link":"https:\/\/www.fiscalia.gov.co\/colombia\/seccionales\/carcel-para-dos-presuntos-integrantes-de-un-grupo-delictivo-dedicado-a-la-extorsion-y-otros-ilicitos-en-el-norte-del-valle-del-cauca\/","title":{"rendered":"C\u00e1rcel para dos presuntos integrantes de un grupo delictivo, dedicado a la extorsi\u00f3n y otros il\u00edcitos en el Norte del Valle del Cauca"},"content":{"rendered":"<blockquote>\n<h4 class=\"x_x_MsoNormal\" style=\"text-align: left;\"><strong><i>Los hoy imputados ser\u00edan las personas que cobraban los dineros producto de extorsiones y\/o secuestros a comerciantes del norte del Valle del Cauca, mediante la modalidad de giros realizados por las v\u00edctimas.<\/i><\/strong><\/h4>\n<\/blockquote>\n<p class=\"x_x_MsoNormal\">Con medida de aseguramiento privativa de la libertad fueron cobijados Luz Ninfa Forero Linares y Duv\u00e1n Andr\u00e9s G\u00f3mez L\u00f3pez, como presuntos responsables de extorsionar e integrar un grupo delictivo organizado para dichos fines, en el municipio de Sevilla (Valle del Cauca).<\/p>\n<p class=\"x_x_MsoNormal\">As\u00ed fue la decisi\u00f3n de un juez de control de garant\u00edas, luego de acoger la solicitud de la\u00a0<b>Fiscal\u00eda General de la Naci\u00f3n.<\/b><\/p>\n<p class=\"x_x_MsoNormal\">Los hechos materia de investigaci\u00f3n ocurrieron en el primer semestre del a\u00f1o 2020, cuando al parecer desde la c\u00e1rcel de C\u00f3mbita (Boyac\u00e1) se habr\u00eda organizado un grupo delictivo para la comisi\u00f3n de il\u00edcitos como: secuestro de personas,\u00a0<a href=\"https:\/\/www.fiscalia.gov.co\/colombia\/seccionales\/judicializados-cinco-presuntos-integrantes-de-la-banda-delictiva-los-del-dorado-por-supuestas-extorsiones-carcelarias\/\" target=\"_blank\" rel=\"noopener noreferrer\">extorsiones<\/a>, hurtos, entre otros, utilizando armas de fuego y armas blancas para intimidar a sus v\u00edctimas.<\/p>\n<p class=\"x_x_MsoNormal\">Las labores de polic\u00eda judicial permitieron a la Fiscal\u00eda establecer que dicho grupo delictivo ten\u00eda un contacto en el departamento del Valle del Cauca, el cual era el encargado de reclutar hombres y mujeres para ense\u00f1arles a seleccionar v\u00edctimas, en especial a comerciantes, a quienes al parecer mediante enga\u00f1os los llevaban a\u00a0zonas rurales, donde las amordazaban y amenazaban, y luego obten\u00edan los n\u00fameros celulares de los sus familiares o amigos\u00a0 para exigirles dinero, a cambio de su liberaci\u00f3n.<\/p>\n<p class=\"x_x_MsoNormal\">Seg\u00fan la Fiscal\u00eda, los hoy imputados al parecer ten\u00edan como funci\u00f3n el cobro de los dineros exigidos producto de las extorsiones y\/o secuestros, mediante giros, el cual era entregado a los l\u00edderes del grupo delictivo. Adem\u00e1s, se pudo establecer que habr\u00edan participado en al menos 5 il\u00edcitos.<\/p>\n<p class=\"x_x_MsoNormal\">Personal del<b>\u00a0Gaula de la Polic\u00eda Nacional<\/b>, capturaron con orden judicial, el pasado fin de semana, a Forero Linares y G\u00f3mez L\u00f3pez, a quienes la Fiscal\u00eda les formul\u00f3 imputaci\u00f3n de cargos por los delitos de concierto para delinquir agravado, secuestro extorsivo, hurto calificado y agravado y fabricaci\u00f3n, tr\u00e1fico, porte o tenencia de armas de fuego, accesorios, partes o municiones.<\/p>\n<p class=\"x_x_MsoNormal\">Por decisi\u00f3n del juez, los dos presuntos implicados, quienes no aceptaron cargos, deben cumplir la medida de aseguramiento en centro carcelario.<\/p>\n<p class=\"x_x_MsoNormal\">MAP\/SMLR\/MG<\/p>\n<p class=\"x_x_MsoNormal\"><i>La informaci\u00f3n contenida en este bolet\u00edn de prensa corresponde a la narraci\u00f3n de los hechos noticiosos objetivos, suministrados por los funcionarios encargados de adelantar las investigaciones penales al interior de la Fiscal\u00eda General de la Naci\u00f3n. Para el momento de la divulgaci\u00f3n de este comunicado, la situaci\u00f3n jur\u00eddica de la(s) persona(s) relacionada(s) se encuentra pendiente de resolver por la autoridad judicial competente, siempre bajo los preceptos de la presunci\u00f3n de inocencia, consagrados en el art\u00edculo 29 de la Constituci\u00f3n Pol\u00edtica y el art\u00edculo 7\u00ba de la Ley 906 de 2004.<\/i><\/p>\n<p class=\"x_x_MsoNormal\">\n\n<div class=\"twitter-share\"><a href=\"https:\/\/twitter.com\/intent\/tweet?via=fiscaliacol\" class=\"twitter-share-button\">Tweet<\/a><\/div>\n","protected":false},"excerpt":{"rendered":"<p>Los hoy imputados ser\u00edan las personas que cobraban los dineros producto de extorsiones y\/o secuestros a comerciantes del norte del Valle del Cauca, mediante la modalidad de giros realizados por [&hellip;]<\/p>\n","protected":false},"author":171,"featured_media":0,"comment_status":"closed","ping_status":"open","sticky":false,"template":"","format":"standard","meta":{"tdm_status":"","tdm_grid_status":"","footnotes":""},"categories":[324,303,24099],"tags":[25146,14550,24551,7336,78,24187,27491,1185,24549,27490,14817,80,916],"class_list":["post-222581","post","type-post","status-publish","format-standard","category-seccional-cali","category-seccionales","category-seguridad-territorial","tag-accesorios","tag-carcel","tag-centro-carcelario","tag-concierto-para-delinquir-agravado","tag-fiscal-general-de-la-nacion","tag-fiscalia-colombia","tag-hurto-calificado-y-agravado-y-fabricacion","tag-medida-de-aseguramiento","tag-orden-judicial","tag-partes-o-municiones-capturados","tag-porte-o-tenencia-de-armas-de-fuego","tag-secuestro-extorsivo","tag-trafico"],"yoast_head":"<!-- This site is optimized with the Yoast SEO plugin v24.3 - https:\/\/yoast.com\/wordpress\/plugins\/seo\/ -->\n<title>Fiscal\u00eda General de la Naci\u00f3n<\/title>\n<meta name=\"description\" content=\"P\u00e1gina oficial de la Fiscal\u00eda General de la Naci\u00f3n \u2013 Colombia. Garantizamos el acceso efectivo a la justicia, la verdad y la reparaci\u00f3n de las v\u00edctimas de los delitos.\" \/>\n<meta name=\"robots\" content=\"noindex, follow\" \/>\n<meta property=\"og:locale\" content=\"es_ES\" \/>\n<meta property=\"og:type\" content=\"article\" \/>\n<meta property=\"og:title\" content=\"Fiscal\u00eda General de la Naci\u00f3n\" \/>\n<meta property=\"og:description\" content=\"P\u00e1gina oficial de la Fiscal\u00eda General de la Naci\u00f3n \u2013 Colombia. Garantizamos el acceso efectivo a la justicia, la verdad y la reparaci\u00f3n de las v\u00edctimas de los delitos.\" \/>\n<meta property=\"og:url\" content=\"https:\/\/www.fiscalia.gov.co\/colombia\/seccionales\/carcel-para-dos-presuntos-integrantes-de-un-grupo-delictivo-dedicado-a-la-extorsion-y-otros-ilicitos-en-el-norte-del-valle-del-cauca\/\" \/>\n<meta property=\"og:site_name\" content=\"Fiscal\u00eda General de la Naci\u00f3n\" \/>\n<meta property=\"article:publisher\" content=\"https:\/\/www.facebook.com\/FiscaliaCol\" \/>\n<meta property=\"article:published_time\" content=\"2021-06-21T17:42:12+00:00\" \/>\n<meta name=\"author\" content=\"Ana Mar\u00eda Gomez\" \/>\n<meta name=\"twitter:card\" content=\"summary_large_image\" \/>\n<meta name=\"twitter:creator\" content=\"@FiscaliaCol\" \/>\n<meta name=\"twitter:site\" content=\"@FiscaliaCol\" \/>\n<meta name=\"twitter:label1\" content=\"Escrito por\" \/>\n\t<meta name=\"twitter:data1\" content=\"Ana Mar\u00eda Gomez\" \/>\n\t<meta name=\"twitter:label2\" content=\"Tiempo de lectura\" \/>\n\t<meta name=\"twitter:data2\" content=\"3 minutos\" \/>\n<script type=\"application\/ld+json\" class=\"yoast-schema-graph\">{\"@context\":\"https:\/\/schema.org\",\"@graph\":[{\"@type\":\"Article\",\"@id\":\"https:\/\/www.fiscalia.gov.co\/colombia\/seccionales\/carcel-para-dos-presuntos-integrantes-de-un-grupo-delictivo-dedicado-a-la-extorsion-y-otros-ilicitos-en-el-norte-del-valle-del-cauca\/#article\",\"isPartOf\":{\"@id\":\"https:\/\/www.fiscalia.gov.co\/colombia\/seccionales\/carcel-para-dos-presuntos-integrantes-de-un-grupo-delictivo-dedicado-a-la-extorsion-y-otros-ilicitos-en-el-norte-del-valle-del-cauca\/\"},\"author\":{\"name\":\"Ana Mar\u00eda Gomez\",\"@id\":\"https:\/\/www.fiscalia.gov.co\/colombia\/#\/schema\/person\/06aa2210fe4d79203f428ff671dee360\"},\"headline\":\"C\u00e1rcel para dos presuntos integrantes de un grupo delictivo, dedicado a la extorsi\u00f3n y otros il\u00edcitos en el Norte del Valle del Cauca\",\"datePublished\":\"2021-06-21T17:42:12+00:00\",\"dateModified\":\"2021-06-21T17:42:12+00:00\",\"mainEntityOfPage\":{\"@id\":\"https:\/\/www.fiscalia.gov.co\/colombia\/seccionales\/carcel-para-dos-presuntos-integrantes-de-un-grupo-delictivo-dedicado-a-la-extorsion-y-otros-ilicitos-en-el-norte-del-valle-del-cauca\/\"},\"wordCount\":529,\"publisher\":{\"@id\":\"https:\/\/www.fiscalia.gov.co\/colombia\/#organization\"},\"keywords\":[\"accesorios\",\"C\u00e1rcel\",\"centro carcelario\",\"Concierto para delinquir agravado\",\"Fiscal General de la Naci\u00f3n\",\"Fiscal\u00eda Colombia\",\"hurto calificado y agravado y fabricaci\u00f3n\",\"Medida de aseguramiento\",\"orden judicial\",\"partes o municiones; capturados\",\"porte o tenencia de armas de fuego\",\"Secuestro extorsivo\",\"Tr\u00e1fico\"],\"articleSection\":[\"Seccional Cali\",\"Seccionales\",\"Seguridad territorial\"],\"inLanguage\":\"es-CO\"},{\"@type\":\"WebPage\",\"@id\":\"https:\/\/www.fiscalia.gov.co\/colombia\/seccionales\/carcel-para-dos-presuntos-integrantes-de-un-grupo-delictivo-dedicado-a-la-extorsion-y-otros-ilicitos-en-el-norte-del-valle-del-cauca\/\",\"url\":\"https:\/\/www.fiscalia.gov.co\/colombia\/seccionales\/carcel-para-dos-presuntos-integrantes-de-un-grupo-delictivo-dedicado-a-la-extorsion-y-otros-ilicitos-en-el-norte-del-valle-del-cauca\/\",\"name\":\"Fiscal\u00eda General de la Naci\u00f3n\",\"isPartOf\":{\"@id\":\"https:\/\/www.fiscalia.gov.co\/colombia\/#website\"},\"datePublished\":\"2021-06-21T17:42:12+00:00\",\"dateModified\":\"2021-06-21T17:42:12+00:00\",\"description\":\"P\u00e1gina oficial de la Fiscal\u00eda General de la Naci\u00f3n \u2013 Colombia. Garantizamos el acceso efectivo a la justicia, la verdad y la reparaci\u00f3n de las v\u00edctimas de los delitos.\",\"breadcrumb\":{\"@id\":\"https:\/\/www.fiscalia.gov.co\/colombia\/seccionales\/carcel-para-dos-presuntos-integrantes-de-un-grupo-delictivo-dedicado-a-la-extorsion-y-otros-ilicitos-en-el-norte-del-valle-del-cauca\/#breadcrumb\"},\"inLanguage\":\"es-CO\",\"potentialAction\":[{\"@type\":\"ReadAction\",\"target\":[\"https:\/\/www.fiscalia.gov.co\/colombia\/seccionales\/carcel-para-dos-presuntos-integrantes-de-un-grupo-delictivo-dedicado-a-la-extorsion-y-otros-ilicitos-en-el-norte-del-valle-del-cauca\/\"]}]},{\"@type\":\"BreadcrumbList\",\"@id\":\"https:\/\/www.fiscalia.gov.co\/colombia\/seccionales\/carcel-para-dos-presuntos-integrantes-de-un-grupo-delictivo-dedicado-a-la-extorsion-y-otros-ilicitos-en-el-norte-del-valle-del-cauca\/#breadcrumb\",\"itemListElement\":[{\"@type\":\"ListItem\",\"position\":1,\"name\":\"Home\",\"item\":\"https:\/\/www.fiscalia.gov.co\/colombia\/\"},{\"@type\":\"ListItem\",\"position\":2,\"name\":\"C\u00e1rcel para dos presuntos integrantes de un grupo delictivo, dedicado a la extorsi\u00f3n y otros il\u00edcitos en el Norte del Valle del Cauca\"}]},{\"@type\":\"WebSite\",\"@id\":\"https:\/\/www.fiscalia.gov.co\/colombia\/#website\",\"url\":\"https:\/\/www.fiscalia.gov.co\/colombia\/\",\"name\":\"Fiscal\u00eda General de la Naci\u00f3n\",\"description\":\"P\u00e1gina oficial de la Fiscal\u00eda General de la Naci\u00f3n \u2013 Colombia. Garantizamos el acceso efectivo a la justicia, la verdad y la reparaci\u00f3n de las v\u00edctimas de los delitos.\",\"publisher\":{\"@id\":\"https:\/\/www.fiscalia.gov.co\/colombia\/#organization\"},\"potentialAction\":[{\"@type\":\"SearchAction\",\"target\":{\"@type\":\"EntryPoint\",\"urlTemplate\":\"https:\/\/www.fiscalia.gov.co\/colombia\/?s={search_term_string}\"},\"query-input\":{\"@type\":\"PropertyValueSpecification\",\"valueRequired\":true,\"valueName\":\"search_term_string\"}}],\"inLanguage\":\"es-CO\"},{\"@type\":\"Organization\",\"@id\":\"https:\/\/www.fiscalia.gov.co\/colombia\/#organization\",\"name\":\"Fiscal\u00eda General de la Naci\u00f3n\",\"url\":\"https:\/\/www.fiscalia.gov.co\/colombia\/\",\"logo\":{\"@type\":\"ImageObject\",\"inLanguage\":\"es-CO\",\"@id\":\"https:\/\/www.fiscalia.gov.co\/colombia\/#\/schema\/logo\/image\/\",\"url\":\"https:\/\/www.fiscalia.gov.co\/colombia\/wp-content\/uploads\/LogoHorizontal_1.jpg\",\"contentUrl\":\"https:\/\/www.fiscalia.gov.co\/colombia\/wp-content\/uploads\/LogoHorizontal_1.jpg\",\"width\":300,\"height\":90,\"caption\":\"Fiscal\u00eda General de la Naci\u00f3n\"},\"image\":{\"@id\":\"https:\/\/www.fiscalia.gov.co\/colombia\/#\/schema\/logo\/image\/\"},\"sameAs\":[\"https:\/\/www.facebook.com\/FiscaliaCol\",\"https:\/\/x.com\/FiscaliaCol\",\"https:\/\/www.instagram.com\/fiscaliacol\",\"https:\/\/www.linkedin.com\/company\/fiscalia-general-de-la-naci-n\/\",\"https:\/\/youtube.com\/@fiscaliageneraldelanacion-4668?si=6nN79nyQICPU5iTh\"]},{\"@type\":\"Person\",\"@id\":\"https:\/\/www.fiscalia.gov.co\/colombia\/#\/schema\/person\/06aa2210fe4d79203f428ff671dee360\",\"name\":\"Ana Mar\u00eda Gomez\",\"image\":{\"@type\":\"ImageObject\",\"inLanguage\":\"es-CO\",\"@id\":\"https:\/\/www.fiscalia.gov.co\/colombia\/#\/schema\/person\/image\/\",\"url\":\"https:\/\/secure.gravatar.com\/avatar\/a38115d98a7f8a96cbb96af2b2c37a0b?s=96&d=mm&r=g\",\"contentUrl\":\"https:\/\/secure.gravatar.com\/avatar\/a38115d98a7f8a96cbb96af2b2c37a0b?s=96&d=mm&r=g\",\"caption\":\"Ana Mar\u00eda Gomez\"},\"url\":\"https:\/\/www.fiscalia.gov.co\/colombia\/author\/agomez\/\"}]}<\/script>\n<!-- \/ Yoast SEO plugin. -->","yoast_head_json":{"title":"Fiscal\u00eda General de la Naci\u00f3n","description":"P\u00e1gina oficial de la Fiscal\u00eda General de la Naci\u00f3n \u2013 Colombia. Garantizamos el acceso efectivo a la justicia, la verdad y la reparaci\u00f3n de las v\u00edctimas de los delitos.","robots":{"index":"noindex","follow":"follow"},"og_locale":"es_ES","og_type":"article","og_title":"Fiscal\u00eda General de la Naci\u00f3n","og_description":"P\u00e1gina oficial de la Fiscal\u00eda General de la Naci\u00f3n \u2013 Colombia. Garantizamos el acceso efectivo a la justicia, la verdad y la reparaci\u00f3n de las v\u00edctimas de los delitos.","og_url":"https:\/\/www.fiscalia.gov.co\/colombia\/seccionales\/carcel-para-dos-presuntos-integrantes-de-un-grupo-delictivo-dedicado-a-la-extorsion-y-otros-ilicitos-en-el-norte-del-valle-del-cauca\/","og_site_name":"Fiscal\u00eda General de la Naci\u00f3n","article_publisher":"https:\/\/www.facebook.com\/FiscaliaCol","article_published_time":"2021-06-21T17:42:12+00:00","author":"Ana Mar\u00eda Gomez","twitter_card":"summary_large_image","twitter_creator":"@FiscaliaCol","twitter_site":"@FiscaliaCol","twitter_misc":{"Escrito por":"Ana Mar\u00eda Gomez","Tiempo de lectura":"3 minutos"},"schema":{"@context":"https:\/\/schema.org","@graph":[{"@type":"Article","@id":"https:\/\/www.fiscalia.gov.co\/colombia\/seccionales\/carcel-para-dos-presuntos-integrantes-de-un-grupo-delictivo-dedicado-a-la-extorsion-y-otros-ilicitos-en-el-norte-del-valle-del-cauca\/#article","isPartOf":{"@id":"https:\/\/www.fiscalia.gov.co\/colombia\/seccionales\/carcel-para-dos-presuntos-integrantes-de-un-grupo-delictivo-dedicado-a-la-extorsion-y-otros-ilicitos-en-el-norte-del-valle-del-cauca\/"},"author":{"name":"Ana Mar\u00eda Gomez","@id":"https:\/\/www.fiscalia.gov.co\/colombia\/#\/schema\/person\/06aa2210fe4d79203f428ff671dee360"},"headline":"C\u00e1rcel para dos presuntos integrantes de un grupo delictivo, dedicado a la extorsi\u00f3n y otros il\u00edcitos en el Norte del Valle del Cauca","datePublished":"2021-06-21T17:42:12+00:00","dateModified":"2021-06-21T17:42:12+00:00","mainEntityOfPage":{"@id":"https:\/\/www.fiscalia.gov.co\/colombia\/seccionales\/carcel-para-dos-presuntos-integrantes-de-un-grupo-delictivo-dedicado-a-la-extorsion-y-otros-ilicitos-en-el-norte-del-valle-del-cauca\/"},"wordCount":529,"publisher":{"@id":"https:\/\/www.fiscalia.gov.co\/colombia\/#organization"},"keywords":["accesorios","C\u00e1rcel","centro carcelario","Concierto para delinquir agravado","Fiscal General de la Naci\u00f3n","Fiscal\u00eda Colombia","hurto calificado y agravado y fabricaci\u00f3n","Medida de aseguramiento","orden judicial","partes o municiones; capturados","porte o tenencia de armas de fuego","Secuestro extorsivo","Tr\u00e1fico"],"articleSection":["Seccional Cali","Seccionales","Seguridad territorial"],"inLanguage":"es-CO"},{"@type":"WebPage","@id":"https:\/\/www.fiscalia.gov.co\/colombia\/seccionales\/carcel-para-dos-presuntos-integrantes-de-un-grupo-delictivo-dedicado-a-la-extorsion-y-otros-ilicitos-en-el-norte-del-valle-del-cauca\/","url":"https:\/\/www.fiscalia.gov.co\/colombia\/seccionales\/carcel-para-dos-presuntos-integrantes-de-un-grupo-delictivo-dedicado-a-la-extorsion-y-otros-ilicitos-en-el-norte-del-valle-del-cauca\/","name":"Fiscal\u00eda General de la Naci\u00f3n","isPartOf":{"@id":"https:\/\/www.fiscalia.gov.co\/colombia\/#website"},"datePublished":"2021-06-21T17:42:12+00:00","dateModified":"2021-06-21T17:42:12+00:00","description":"P\u00e1gina oficial de la Fiscal\u00eda General de la Naci\u00f3n \u2013 Colombia. Garantizamos el acceso efectivo a la justicia, la verdad y la reparaci\u00f3n de las v\u00edctimas de los delitos.","breadcrumb":{"@id":"https:\/\/www.fiscalia.gov.co\/colombia\/seccionales\/carcel-para-dos-presuntos-integrantes-de-un-grupo-delictivo-dedicado-a-la-extorsion-y-otros-ilicitos-en-el-norte-del-valle-del-cauca\/#breadcrumb"},"inLanguage":"es-CO","potentialAction":[{"@type":"ReadAction","target":["https:\/\/www.fiscalia.gov.co\/colombia\/seccionales\/carcel-para-dos-presuntos-integrantes-de-un-grupo-delictivo-dedicado-a-la-extorsion-y-otros-ilicitos-en-el-norte-del-valle-del-cauca\/"]}]},{"@type":"BreadcrumbList","@id":"https:\/\/www.fiscalia.gov.co\/colombia\/seccionales\/carcel-para-dos-presuntos-integrantes-de-un-grupo-delictivo-dedicado-a-la-extorsion-y-otros-ilicitos-en-el-norte-del-valle-del-cauca\/#breadcrumb","itemListElement":[{"@type":"ListItem","position":1,"name":"Home","item":"https:\/\/www.fiscalia.gov.co\/colombia\/"},{"@type":"ListItem","position":2,"name":"C\u00e1rcel para dos presuntos integrantes de un grupo delictivo, dedicado a la extorsi\u00f3n y otros il\u00edcitos en el Norte del Valle del Cauca"}]},{"@type":"WebSite","@id":"https:\/\/www.fiscalia.gov.co\/colombia\/#website","url":"https:\/\/www.fiscalia.gov.co\/colombia\/","name":"Fiscal\u00eda General de la Naci\u00f3n","description":"P\u00e1gina oficial de la Fiscal\u00eda General de la Naci\u00f3n \u2013 Colombia. Garantizamos el acceso efectivo a la justicia, la verdad y la reparaci\u00f3n de las v\u00edctimas de los delitos.","publisher":{"@id":"https:\/\/www.fiscalia.gov.co\/colombia\/#organization"},"potentialAction":[{"@type":"SearchAction","target":{"@type":"EntryPoint","urlTemplate":"https:\/\/www.fiscalia.gov.co\/colombia\/?s={search_term_string}"},"query-input":{"@type":"PropertyValueSpecification","valueRequired":true,"valueName":"search_term_string"}}],"inLanguage":"es-CO"},{"@type":"Organization","@id":"https:\/\/www.fiscalia.gov.co\/colombia\/#organization","name":"Fiscal\u00eda General de la Naci\u00f3n","url":"https:\/\/www.fiscalia.gov.co\/colombia\/","logo":{"@type":"ImageObject","inLanguage":"es-CO","@id":"https:\/\/www.fiscalia.gov.co\/colombia\/#\/schema\/logo\/image\/","url":"https:\/\/www.fiscalia.gov.co\/colombia\/wp-content\/uploads\/LogoHorizontal_1.jpg","contentUrl":"https:\/\/www.fiscalia.gov.co\/colombia\/wp-content\/uploads\/LogoHorizontal_1.jpg","width":300,"height":90,"caption":"Fiscal\u00eda General de la Naci\u00f3n"},"image":{"@id":"https:\/\/www.fiscalia.gov.co\/colombia\/#\/schema\/logo\/image\/"},"sameAs":["https:\/\/www.facebook.com\/FiscaliaCol","https:\/\/x.com\/FiscaliaCol","https:\/\/www.instagram.com\/fiscaliacol","https:\/\/www.linkedin.com\/company\/fiscalia-general-de-la-naci-n\/","https:\/\/youtube.com\/@fiscaliageneraldelanacion-4668?si=6nN79nyQICPU5iTh"]},{"@type":"Person","@id":"https:\/\/www.fiscalia.gov.co\/colombia\/#\/schema\/person\/06aa2210fe4d79203f428ff671dee360","name":"Ana Mar\u00eda Gomez","image":{"@type":"ImageObject","inLanguage":"es-CO","@id":"https:\/\/www.fiscalia.gov.co\/colombia\/#\/schema\/person\/image\/","url":"https:\/\/secure.gravatar.com\/avatar\/a38115d98a7f8a96cbb96af2b2c37a0b?s=96&d=mm&r=g","contentUrl":"https:\/\/secure.gravatar.com\/avatar\/a38115d98a7f8a96cbb96af2b2c37a0b?s=96&d=mm&r=g","caption":"Ana Mar\u00eda Gomez"},"url":"https:\/\/www.fiscalia.gov.co\/colombia\/author\/agomez\/"}]}},"_links":{"self":[{"href":"https:\/\/www.fiscalia.gov.co\/colombia\/wp-json\/wp\/v2\/posts\/222581","targetHints":{"allow":["GET"]}}],"collection":[{"href":"https:\/\/www.fiscalia.gov.co\/colombia\/wp-json\/wp\/v2\/posts"}],"about":[{"href":"https:\/\/www.fiscalia.gov.co\/colombia\/wp-json\/wp\/v2\/types\/post"}],"author":[{"embeddable":true,"href":"https:\/\/www.fiscalia.gov.co\/colombia\/wp-json\/wp\/v2\/users\/171"}],"replies":[{"embeddable":true,"href":"https:\/\/www.fiscalia.gov.co\/colombia\/wp-json\/wp\/v2\/comments?post=222581"}],"version-history":[{"count":1,"href":"https:\/\/www.fiscalia.gov.co\/colombia\/wp-json\/wp\/v2\/posts\/222581\/revisions"}],"predecessor-version":[{"id":222582,"href":"https:\/\/www.fiscalia.gov.co\/colombia\/wp-json\/wp\/v2\/posts\/222581\/revisions\/222582"}],"wp:attachment":[{"href":"https:\/\/www.fiscalia.gov.co\/colombia\/wp-json\/wp\/v2\/media?parent=222581"}],"wp:term":[{"taxonomy":"category","embeddable":true,"href":"https:\/\/www.fiscalia.gov.co\/colombia\/wp-json\/wp\/v2\/categories?post=222581"},{"taxonomy":"post_tag","embeddable":true,"href":"https:\/\/www.fiscalia.gov.co\/colombia\/wp-json\/wp\/v2\/tags?post=222581"}],"curies":[{"name":"wp","href":"https:\/\/api.w.org\/{rel}","templated":true}]}}