{"id":222518,"date":"2021-06-19T11:23:20","date_gmt":"2021-06-19T16:23:20","guid":{"rendered":"https:\/\/www.fiscalia.gov.co\/colombia\/?p=222518"},"modified":"2021-06-25T10:54:25","modified_gmt":"2021-06-25T15:54:25","slug":"aseguradas-cinco-personas-que-presuntamente-extorsionaban-a-sus-victimas-suplantando-a-familiares-que-enviaban-falsas-encomiendas-desde-el-exterior","status":"publish","type":"post","link":"https:\/\/www.fiscalia.gov.co\/colombia\/seccionales\/aseguradas-cinco-personas-que-presuntamente-extorsionaban-a-sus-victimas-suplantando-a-familiares-que-enviaban-falsas-encomiendas-desde-el-exterior\/","title":{"rendered":"Aseguradas cinco personas que presuntamente extorsionaban a sus v\u00edctimas suplantando a familiares que enviaban falsas encomiendas desde el exterior"},"content":{"rendered":"<p>Ante un juez de control de garant\u00edas, un fiscal de la Estructura de Apoyo de Bogot\u00e1 imput\u00f3 a\u00a0cinco presuntos<strong>\u00a0<\/strong>integrantes del\u00a0<strong>grupo delincuencial Los Cuatreros<\/strong>, por el delito de\u00a0<strong>extorsi\u00f3n agravada<\/strong>.<\/p>\n<p>Dicha red al parecer extorsiona a trav\u00e9s de\u00a0<strong>llamadas telef\u00f3nicas<\/strong>, realizadas desde la\u00a0<strong>C\u00e1rcel Picota de Bogot\u00e1<\/strong>, en las cuales los integrantes suplantan a familiares o conocidos de las v\u00edctimas, que viv\u00edan en el exterior y supuestamente\u00a0<strong>enviaban una encomienda<\/strong>\u00a0para que se la reciban. Seg\u00fan las investigaciones, luego, un supuesto funcionario de una empresa de env\u00edos llamaba a la v\u00edctima y le indicaba que el paquete ten\u00eda sobrepeso y se deb\u00eda cancelar un excedente.<\/p>\n<p>Posteriormente, las llamadas continuaban y en ellas les se\u00f1alaban a los afectados que dentro de la encomienda ven\u00edan d\u00f3lares o euros. As\u00ed, por tratarse de un delito, les exig\u00edan dinero con el fin de evitar una supuesta judicializaci\u00f3n. Se conoci\u00f3 adem\u00e1s que tales exigencias segu\u00edan, luego de manifestarles a las v\u00edctimas que un superior se hab\u00eda enterado de lo ocurrido y por ello se librar\u00edan \u00f3rdenes de captura en contra de los afectados.<\/p>\n<p>En un operativo realizado por la Polic\u00eda Judicial Gaula el pasado 11 de junio, se hicieron efectivas las \u00f3rdenes de captura en contra de\u00a0Luis Alejandro S\u00e1enz Acevedo, Libardo Andr\u00e9s Hern\u00e1ndez Salcedo, Maricel Moreno Parra, Wilmer Fernando S\u00e1nchez \u00c1vila y Yeimy Katherine Pinto Leiva, quienes tendr\u00edan por lo menos\u00a0<strong>10 v\u00edctimas, a quienes los habr\u00edan afectado patrimonialmente en aproximadamente $126\u2019000.000.\u00a0\u00a0<\/strong><\/p>\n<p>En audiencias preliminares la Fiscal\u00eda formul\u00f3 la imputaci\u00f3n, cuyo\u00a0<strong>cargo no fue aceptado<\/strong>\u00a0por los procesados.\u00a0Por su parte, el juez 29 penal municipal con funci\u00f3n de control de garant\u00edas les impuso medida de aseguramiento privativa de la libertad.<\/p>\n<p><strong>La Fiscal\u00eda General de la Naci\u00f3n habla con resultados.<\/strong><\/p>\n<p>LMFO\/GRA\/DLBM\/MCRC<\/p>\n<p><em>La informaci\u00f3n contenida en este bolet\u00edn de prensa corresponde a la narraci\u00f3n de los hechos noticiosos objetivos, suministrados por los funcionarios encargados de adelantar las investigaciones penales al interior de la Fiscal\u00eda General de la Naci\u00f3n. Para el momento de la divulgaci\u00f3n de este comunicado, la situaci\u00f3n jur\u00eddica de la(s) persona(s) relacionada(s) se encuentra pendiente de resolver por la autoridad judicial competente, siempre bajo los preceptos de la presunci\u00f3n de inocencia, consagrados en el art\u00edculo 29 de la Constituci\u00f3n Pol\u00edtica y el art\u00edculo 7\u00ba de la Ley 906 de 2004.<\/em><\/p>\n\n<div class=\"twitter-share\"><a href=\"https:\/\/twitter.com\/intent\/tweet?via=fiscaliacol\" class=\"twitter-share-button\">Tweet<\/a><\/div>\n","protected":false},"excerpt":{"rendered":"<p>Ante un juez de control de garant\u00edas, un fiscal de la Estructura de Apoyo de Bogot\u00e1 imput\u00f3 a\u00a0cinco presuntos\u00a0integrantes del\u00a0grupo delincuencial Los Cuatreros, por el delito de\u00a0extorsi\u00f3n agravada. Dicha red [&hellip;]<\/p>\n","protected":false},"author":171,"featured_media":0,"comment_status":"closed","ping_status":"open","sticky":false,"template":"","format":"video","meta":{"tdm_status":"","tdm_grid_status":"","footnotes":""},"categories":[321,303,24099],"tags":[24185,4614],"class_list":["post-222518","post","type-post","status-publish","format-video","category-seccional-bogota","category-seccionales","category-seguridad-territorial","tag-fiscal-barbosa","tag-fiscalia-2","post_format-post-format-video"],"yoast_head":"<!-- This site is optimized with the Yoast SEO plugin v24.3 - https:\/\/yoast.com\/wordpress\/plugins\/seo\/ -->\n<title>Fiscal\u00eda General de la Naci\u00f3n<\/title>\n<meta name=\"description\" content=\"P\u00e1gina oficial de la Fiscal\u00eda General de la Naci\u00f3n \u2013 Colombia. Garantizamos el acceso efectivo a la justicia, la verdad y la reparaci\u00f3n de las v\u00edctimas de los delitos.\" \/>\n<meta name=\"robots\" content=\"noindex, follow\" \/>\n<meta property=\"og:locale\" content=\"es_ES\" \/>\n<meta property=\"og:type\" content=\"article\" \/>\n<meta property=\"og:title\" content=\"Fiscal\u00eda General de la Naci\u00f3n\" \/>\n<meta property=\"og:description\" content=\"P\u00e1gina oficial de la Fiscal\u00eda General de la Naci\u00f3n \u2013 Colombia. Garantizamos el acceso efectivo a la justicia, la verdad y la reparaci\u00f3n de las v\u00edctimas de los delitos.\" \/>\n<meta property=\"og:url\" content=\"https:\/\/www.fiscalia.gov.co\/colombia\/seccionales\/aseguradas-cinco-personas-que-presuntamente-extorsionaban-a-sus-victimas-suplantando-a-familiares-que-enviaban-falsas-encomiendas-desde-el-exterior\/\" \/>\n<meta property=\"og:site_name\" content=\"Fiscal\u00eda General de la Naci\u00f3n\" \/>\n<meta property=\"article:publisher\" content=\"https:\/\/www.facebook.com\/FiscaliaCol\" \/>\n<meta property=\"article:published_time\" content=\"2021-06-19T16:23:20+00:00\" \/>\n<meta property=\"article:modified_time\" content=\"2021-06-25T15:54:25+00:00\" \/>\n<meta name=\"author\" content=\"Ana Mar\u00eda Gomez\" \/>\n<meta name=\"twitter:card\" content=\"summary_large_image\" \/>\n<meta name=\"twitter:creator\" content=\"@FiscaliaCol\" \/>\n<meta name=\"twitter:site\" content=\"@FiscaliaCol\" \/>\n<meta name=\"twitter:label1\" content=\"Escrito por\" \/>\n\t<meta name=\"twitter:data1\" content=\"Ana Mar\u00eda Gomez\" \/>\n\t<meta name=\"twitter:label2\" content=\"Tiempo de lectura\" \/>\n\t<meta name=\"twitter:data2\" content=\"2 minutos\" \/>\n<script type=\"application\/ld+json\" class=\"yoast-schema-graph\">{\"@context\":\"https:\/\/schema.org\",\"@graph\":[{\"@type\":\"Article\",\"@id\":\"https:\/\/www.fiscalia.gov.co\/colombia\/seccionales\/aseguradas-cinco-personas-que-presuntamente-extorsionaban-a-sus-victimas-suplantando-a-familiares-que-enviaban-falsas-encomiendas-desde-el-exterior\/#article\",\"isPartOf\":{\"@id\":\"https:\/\/www.fiscalia.gov.co\/colombia\/seccionales\/aseguradas-cinco-personas-que-presuntamente-extorsionaban-a-sus-victimas-suplantando-a-familiares-que-enviaban-falsas-encomiendas-desde-el-exterior\/\"},\"author\":{\"name\":\"Ana Mar\u00eda Gomez\",\"@id\":\"https:\/\/www.fiscalia.gov.co\/colombia\/#\/schema\/person\/06aa2210fe4d79203f428ff671dee360\"},\"headline\":\"Aseguradas cinco personas que presuntamente extorsionaban a sus v\u00edctimas suplantando a familiares que enviaban falsas encomiendas desde el exterior\",\"datePublished\":\"2021-06-19T16:23:20+00:00\",\"dateModified\":\"2021-06-25T15:54:25+00:00\",\"mainEntityOfPage\":{\"@id\":\"https:\/\/www.fiscalia.gov.co\/colombia\/seccionales\/aseguradas-cinco-personas-que-presuntamente-extorsionaban-a-sus-victimas-suplantando-a-familiares-que-enviaban-falsas-encomiendas-desde-el-exterior\/\"},\"wordCount\":446,\"publisher\":{\"@id\":\"https:\/\/www.fiscalia.gov.co\/colombia\/#organization\"},\"keywords\":[\"Fiscal Barbosa\",\"Fiscal\u00eda\"],\"articleSection\":[\"Seccional Bogot\u00e1\",\"Seccionales\",\"Seguridad territorial\"],\"inLanguage\":\"es-CO\"},{\"@type\":\"WebPage\",\"@id\":\"https:\/\/www.fiscalia.gov.co\/colombia\/seccionales\/aseguradas-cinco-personas-que-presuntamente-extorsionaban-a-sus-victimas-suplantando-a-familiares-que-enviaban-falsas-encomiendas-desde-el-exterior\/\",\"url\":\"https:\/\/www.fiscalia.gov.co\/colombia\/seccionales\/aseguradas-cinco-personas-que-presuntamente-extorsionaban-a-sus-victimas-suplantando-a-familiares-que-enviaban-falsas-encomiendas-desde-el-exterior\/\",\"name\":\"Fiscal\u00eda General de la Naci\u00f3n\",\"isPartOf\":{\"@id\":\"https:\/\/www.fiscalia.gov.co\/colombia\/#website\"},\"datePublished\":\"2021-06-19T16:23:20+00:00\",\"dateModified\":\"2021-06-25T15:54:25+00:00\",\"description\":\"P\u00e1gina oficial de la Fiscal\u00eda General de la Naci\u00f3n \u2013 Colombia. Garantizamos el acceso efectivo a la justicia, la verdad y la reparaci\u00f3n de las v\u00edctimas de los delitos.\",\"breadcrumb\":{\"@id\":\"https:\/\/www.fiscalia.gov.co\/colombia\/seccionales\/aseguradas-cinco-personas-que-presuntamente-extorsionaban-a-sus-victimas-suplantando-a-familiares-que-enviaban-falsas-encomiendas-desde-el-exterior\/#breadcrumb\"},\"inLanguage\":\"es-CO\",\"potentialAction\":[{\"@type\":\"ReadAction\",\"target\":[\"https:\/\/www.fiscalia.gov.co\/colombia\/seccionales\/aseguradas-cinco-personas-que-presuntamente-extorsionaban-a-sus-victimas-suplantando-a-familiares-que-enviaban-falsas-encomiendas-desde-el-exterior\/\"]}]},{\"@type\":\"BreadcrumbList\",\"@id\":\"https:\/\/www.fiscalia.gov.co\/colombia\/seccionales\/aseguradas-cinco-personas-que-presuntamente-extorsionaban-a-sus-victimas-suplantando-a-familiares-que-enviaban-falsas-encomiendas-desde-el-exterior\/#breadcrumb\",\"itemListElement\":[{\"@type\":\"ListItem\",\"position\":1,\"name\":\"Home\",\"item\":\"https:\/\/www.fiscalia.gov.co\/colombia\/\"},{\"@type\":\"ListItem\",\"position\":2,\"name\":\"Aseguradas cinco personas que presuntamente extorsionaban a sus v\u00edctimas suplantando a familiares que enviaban falsas encomiendas desde el exterior\"}]},{\"@type\":\"WebSite\",\"@id\":\"https:\/\/www.fiscalia.gov.co\/colombia\/#website\",\"url\":\"https:\/\/www.fiscalia.gov.co\/colombia\/\",\"name\":\"Fiscal\u00eda General de la Naci\u00f3n\",\"description\":\"P\u00e1gina oficial de la Fiscal\u00eda General de la Naci\u00f3n \u2013 Colombia. Garantizamos el acceso efectivo a la justicia, la verdad y la reparaci\u00f3n de las v\u00edctimas de los delitos.\",\"publisher\":{\"@id\":\"https:\/\/www.fiscalia.gov.co\/colombia\/#organization\"},\"potentialAction\":[{\"@type\":\"SearchAction\",\"target\":{\"@type\":\"EntryPoint\",\"urlTemplate\":\"https:\/\/www.fiscalia.gov.co\/colombia\/?s={search_term_string}\"},\"query-input\":{\"@type\":\"PropertyValueSpecification\",\"valueRequired\":true,\"valueName\":\"search_term_string\"}}],\"inLanguage\":\"es-CO\"},{\"@type\":\"Organization\",\"@id\":\"https:\/\/www.fiscalia.gov.co\/colombia\/#organization\",\"name\":\"Fiscal\u00eda General de la Naci\u00f3n\",\"url\":\"https:\/\/www.fiscalia.gov.co\/colombia\/\",\"logo\":{\"@type\":\"ImageObject\",\"inLanguage\":\"es-CO\",\"@id\":\"https:\/\/www.fiscalia.gov.co\/colombia\/#\/schema\/logo\/image\/\",\"url\":\"https:\/\/www.fiscalia.gov.co\/colombia\/wp-content\/uploads\/LogoHorizontal_1.jpg\",\"contentUrl\":\"https:\/\/www.fiscalia.gov.co\/colombia\/wp-content\/uploads\/LogoHorizontal_1.jpg\",\"width\":300,\"height\":90,\"caption\":\"Fiscal\u00eda General de la Naci\u00f3n\"},\"image\":{\"@id\":\"https:\/\/www.fiscalia.gov.co\/colombia\/#\/schema\/logo\/image\/\"},\"sameAs\":[\"https:\/\/www.facebook.com\/FiscaliaCol\",\"https:\/\/x.com\/FiscaliaCol\",\"https:\/\/www.instagram.com\/fiscaliacol\",\"https:\/\/www.linkedin.com\/company\/fiscalia-general-de-la-naci-n\/\",\"https:\/\/youtube.com\/@fiscaliageneraldelanacion-4668?si=6nN79nyQICPU5iTh\"]},{\"@type\":\"Person\",\"@id\":\"https:\/\/www.fiscalia.gov.co\/colombia\/#\/schema\/person\/06aa2210fe4d79203f428ff671dee360\",\"name\":\"Ana Mar\u00eda Gomez\",\"image\":{\"@type\":\"ImageObject\",\"inLanguage\":\"es-CO\",\"@id\":\"https:\/\/www.fiscalia.gov.co\/colombia\/#\/schema\/person\/image\/\",\"url\":\"https:\/\/secure.gravatar.com\/avatar\/a38115d98a7f8a96cbb96af2b2c37a0b?s=96&d=mm&r=g\",\"contentUrl\":\"https:\/\/secure.gravatar.com\/avatar\/a38115d98a7f8a96cbb96af2b2c37a0b?s=96&d=mm&r=g\",\"caption\":\"Ana Mar\u00eda Gomez\"},\"url\":\"https:\/\/www.fiscalia.gov.co\/colombia\/author\/agomez\/\"}]}<\/script>\n<!-- \/ Yoast SEO plugin. -->","yoast_head_json":{"title":"Fiscal\u00eda General de la Naci\u00f3n","description":"P\u00e1gina oficial de la Fiscal\u00eda General de la Naci\u00f3n \u2013 Colombia. Garantizamos el acceso efectivo a la justicia, la verdad y la reparaci\u00f3n de las v\u00edctimas de los delitos.","robots":{"index":"noindex","follow":"follow"},"og_locale":"es_ES","og_type":"article","og_title":"Fiscal\u00eda General de la Naci\u00f3n","og_description":"P\u00e1gina oficial de la Fiscal\u00eda General de la Naci\u00f3n \u2013 Colombia. Garantizamos el acceso efectivo a la justicia, la verdad y la reparaci\u00f3n de las v\u00edctimas de los delitos.","og_url":"https:\/\/www.fiscalia.gov.co\/colombia\/seccionales\/aseguradas-cinco-personas-que-presuntamente-extorsionaban-a-sus-victimas-suplantando-a-familiares-que-enviaban-falsas-encomiendas-desde-el-exterior\/","og_site_name":"Fiscal\u00eda General de la Naci\u00f3n","article_publisher":"https:\/\/www.facebook.com\/FiscaliaCol","article_published_time":"2021-06-19T16:23:20+00:00","article_modified_time":"2021-06-25T15:54:25+00:00","author":"Ana Mar\u00eda Gomez","twitter_card":"summary_large_image","twitter_creator":"@FiscaliaCol","twitter_site":"@FiscaliaCol","twitter_misc":{"Escrito por":"Ana Mar\u00eda Gomez","Tiempo de lectura":"2 minutos"},"schema":{"@context":"https:\/\/schema.org","@graph":[{"@type":"Article","@id":"https:\/\/www.fiscalia.gov.co\/colombia\/seccionales\/aseguradas-cinco-personas-que-presuntamente-extorsionaban-a-sus-victimas-suplantando-a-familiares-que-enviaban-falsas-encomiendas-desde-el-exterior\/#article","isPartOf":{"@id":"https:\/\/www.fiscalia.gov.co\/colombia\/seccionales\/aseguradas-cinco-personas-que-presuntamente-extorsionaban-a-sus-victimas-suplantando-a-familiares-que-enviaban-falsas-encomiendas-desde-el-exterior\/"},"author":{"name":"Ana Mar\u00eda Gomez","@id":"https:\/\/www.fiscalia.gov.co\/colombia\/#\/schema\/person\/06aa2210fe4d79203f428ff671dee360"},"headline":"Aseguradas cinco personas que presuntamente extorsionaban a sus v\u00edctimas suplantando a familiares que enviaban falsas encomiendas desde el exterior","datePublished":"2021-06-19T16:23:20+00:00","dateModified":"2021-06-25T15:54:25+00:00","mainEntityOfPage":{"@id":"https:\/\/www.fiscalia.gov.co\/colombia\/seccionales\/aseguradas-cinco-personas-que-presuntamente-extorsionaban-a-sus-victimas-suplantando-a-familiares-que-enviaban-falsas-encomiendas-desde-el-exterior\/"},"wordCount":446,"publisher":{"@id":"https:\/\/www.fiscalia.gov.co\/colombia\/#organization"},"keywords":["Fiscal Barbosa","Fiscal\u00eda"],"articleSection":["Seccional Bogot\u00e1","Seccionales","Seguridad territorial"],"inLanguage":"es-CO"},{"@type":"WebPage","@id":"https:\/\/www.fiscalia.gov.co\/colombia\/seccionales\/aseguradas-cinco-personas-que-presuntamente-extorsionaban-a-sus-victimas-suplantando-a-familiares-que-enviaban-falsas-encomiendas-desde-el-exterior\/","url":"https:\/\/www.fiscalia.gov.co\/colombia\/seccionales\/aseguradas-cinco-personas-que-presuntamente-extorsionaban-a-sus-victimas-suplantando-a-familiares-que-enviaban-falsas-encomiendas-desde-el-exterior\/","name":"Fiscal\u00eda General de la Naci\u00f3n","isPartOf":{"@id":"https:\/\/www.fiscalia.gov.co\/colombia\/#website"},"datePublished":"2021-06-19T16:23:20+00:00","dateModified":"2021-06-25T15:54:25+00:00","description":"P\u00e1gina oficial de la Fiscal\u00eda General de la Naci\u00f3n \u2013 Colombia. Garantizamos el acceso efectivo a la justicia, la verdad y la reparaci\u00f3n de las v\u00edctimas de los delitos.","breadcrumb":{"@id":"https:\/\/www.fiscalia.gov.co\/colombia\/seccionales\/aseguradas-cinco-personas-que-presuntamente-extorsionaban-a-sus-victimas-suplantando-a-familiares-que-enviaban-falsas-encomiendas-desde-el-exterior\/#breadcrumb"},"inLanguage":"es-CO","potentialAction":[{"@type":"ReadAction","target":["https:\/\/www.fiscalia.gov.co\/colombia\/seccionales\/aseguradas-cinco-personas-que-presuntamente-extorsionaban-a-sus-victimas-suplantando-a-familiares-que-enviaban-falsas-encomiendas-desde-el-exterior\/"]}]},{"@type":"BreadcrumbList","@id":"https:\/\/www.fiscalia.gov.co\/colombia\/seccionales\/aseguradas-cinco-personas-que-presuntamente-extorsionaban-a-sus-victimas-suplantando-a-familiares-que-enviaban-falsas-encomiendas-desde-el-exterior\/#breadcrumb","itemListElement":[{"@type":"ListItem","position":1,"name":"Home","item":"https:\/\/www.fiscalia.gov.co\/colombia\/"},{"@type":"ListItem","position":2,"name":"Aseguradas cinco personas que presuntamente extorsionaban a sus v\u00edctimas suplantando a familiares que enviaban falsas encomiendas desde el exterior"}]},{"@type":"WebSite","@id":"https:\/\/www.fiscalia.gov.co\/colombia\/#website","url":"https:\/\/www.fiscalia.gov.co\/colombia\/","name":"Fiscal\u00eda General de la Naci\u00f3n","description":"P\u00e1gina oficial de la Fiscal\u00eda General de la Naci\u00f3n \u2013 Colombia. Garantizamos el acceso efectivo a la justicia, la verdad y la reparaci\u00f3n de las v\u00edctimas de los delitos.","publisher":{"@id":"https:\/\/www.fiscalia.gov.co\/colombia\/#organization"},"potentialAction":[{"@type":"SearchAction","target":{"@type":"EntryPoint","urlTemplate":"https:\/\/www.fiscalia.gov.co\/colombia\/?s={search_term_string}"},"query-input":{"@type":"PropertyValueSpecification","valueRequired":true,"valueName":"search_term_string"}}],"inLanguage":"es-CO"},{"@type":"Organization","@id":"https:\/\/www.fiscalia.gov.co\/colombia\/#organization","name":"Fiscal\u00eda General de la Naci\u00f3n","url":"https:\/\/www.fiscalia.gov.co\/colombia\/","logo":{"@type":"ImageObject","inLanguage":"es-CO","@id":"https:\/\/www.fiscalia.gov.co\/colombia\/#\/schema\/logo\/image\/","url":"https:\/\/www.fiscalia.gov.co\/colombia\/wp-content\/uploads\/LogoHorizontal_1.jpg","contentUrl":"https:\/\/www.fiscalia.gov.co\/colombia\/wp-content\/uploads\/LogoHorizontal_1.jpg","width":300,"height":90,"caption":"Fiscal\u00eda General de la Naci\u00f3n"},"image":{"@id":"https:\/\/www.fiscalia.gov.co\/colombia\/#\/schema\/logo\/image\/"},"sameAs":["https:\/\/www.facebook.com\/FiscaliaCol","https:\/\/x.com\/FiscaliaCol","https:\/\/www.instagram.com\/fiscaliacol","https:\/\/www.linkedin.com\/company\/fiscalia-general-de-la-naci-n\/","https:\/\/youtube.com\/@fiscaliageneraldelanacion-4668?si=6nN79nyQICPU5iTh"]},{"@type":"Person","@id":"https:\/\/www.fiscalia.gov.co\/colombia\/#\/schema\/person\/06aa2210fe4d79203f428ff671dee360","name":"Ana Mar\u00eda Gomez","image":{"@type":"ImageObject","inLanguage":"es-CO","@id":"https:\/\/www.fiscalia.gov.co\/colombia\/#\/schema\/person\/image\/","url":"https:\/\/secure.gravatar.com\/avatar\/a38115d98a7f8a96cbb96af2b2c37a0b?s=96&d=mm&r=g","contentUrl":"https:\/\/secure.gravatar.com\/avatar\/a38115d98a7f8a96cbb96af2b2c37a0b?s=96&d=mm&r=g","caption":"Ana Mar\u00eda Gomez"},"url":"https:\/\/www.fiscalia.gov.co\/colombia\/author\/agomez\/"}]}},"_links":{"self":[{"href":"https:\/\/www.fiscalia.gov.co\/colombia\/wp-json\/wp\/v2\/posts\/222518","targetHints":{"allow":["GET"]}}],"collection":[{"href":"https:\/\/www.fiscalia.gov.co\/colombia\/wp-json\/wp\/v2\/posts"}],"about":[{"href":"https:\/\/www.fiscalia.gov.co\/colombia\/wp-json\/wp\/v2\/types\/post"}],"author":[{"embeddable":true,"href":"https:\/\/www.fiscalia.gov.co\/colombia\/wp-json\/wp\/v2\/users\/171"}],"replies":[{"embeddable":true,"href":"https:\/\/www.fiscalia.gov.co\/colombia\/wp-json\/wp\/v2\/comments?post=222518"}],"version-history":[{"count":1,"href":"https:\/\/www.fiscalia.gov.co\/colombia\/wp-json\/wp\/v2\/posts\/222518\/revisions"}],"predecessor-version":[{"id":222519,"href":"https:\/\/www.fiscalia.gov.co\/colombia\/wp-json\/wp\/v2\/posts\/222518\/revisions\/222519"}],"wp:attachment":[{"href":"https:\/\/www.fiscalia.gov.co\/colombia\/wp-json\/wp\/v2\/media?parent=222518"}],"wp:term":[{"taxonomy":"category","embeddable":true,"href":"https:\/\/www.fiscalia.gov.co\/colombia\/wp-json\/wp\/v2\/categories?post=222518"},{"taxonomy":"post_tag","embeddable":true,"href":"https:\/\/www.fiscalia.gov.co\/colombia\/wp-json\/wp\/v2\/tags?post=222518"}],"curies":[{"name":"wp","href":"https:\/\/api.w.org\/{rel}","templated":true}]}}