{"id":222246,"date":"2021-06-16T09:45:05","date_gmt":"2021-06-16T14:45:05","guid":{"rendered":"https:\/\/www.fiscalia.gov.co\/colombia\/?p=222246"},"modified":"2021-06-21T11:02:25","modified_gmt":"2021-06-21T16:02:25","slug":"desmantelada-organizacion-delincuencial-presuntamente-dedicada-al-hurto-y-comercializacion-de-motos","status":"publish","type":"post","link":"https:\/\/www.fiscalia.gov.co\/colombia\/seguridad-territorial\/desmantelada-organizacion-delincuencial-presuntamente-dedicada-al-hurto-y-comercializacion-de-motos\/","title":{"rendered":"Desmantelada organizaci\u00f3n delincuencial, presuntamente, dedicada al hurto y comercializaci\u00f3n de motos"},"content":{"rendered":"<blockquote>\n<h4 style=\"text-align: left;\"><strong><em>Esta es la segunda estructura delincuencial dedicada al hurto de motocicletas desmantelada por la Fiscal\u00eda en Boyac\u00e1, en una semana.<\/em><\/strong><\/h4>\n<\/blockquote>\n<p>Un fiscal de la\u00a0<strong>Seccional Boyac\u00e1 lider\u00f3 la operaci\u00f3n que desmantel\u00f3 una organizaci\u00f3n<\/strong>\u00a0delincuencial conocida como\u00a0<strong>Los Jibaros<\/strong>, presuntamente, dedicada a la comercializaci\u00f3n de motocicletas hurtadas y al expendio de sustancia alucin\u00f3genas en varios municipios de Boyac\u00e1.<\/p>\n<figure id=\"attachment_222248\" aria-describedby=\"caption-attachment-222248\" style=\"width: 696px\" class=\"wp-caption aligncenter\"><img loading=\"lazy\" decoding=\"async\" class=\"size-large wp-image-222248\" src=\"https:\/\/www.fiscalia.gov.co\/colombia\/wp-content\/uploads\/LOS-JIBAROS-1024x576.jpeg\" alt=\"\" width=\"696\" height=\"392\" srcset=\"https:\/\/www.fiscalia.gov.co\/colombia\/wp-content\/uploads\/LOS-JIBAROS-1024x576.jpeg 1024w, https:\/\/www.fiscalia.gov.co\/colombia\/wp-content\/uploads\/LOS-JIBAROS-300x169.jpeg 300w, https:\/\/www.fiscalia.gov.co\/colombia\/wp-content\/uploads\/LOS-JIBAROS-768x432.jpeg 768w, https:\/\/www.fiscalia.gov.co\/colombia\/wp-content\/uploads\/LOS-JIBAROS-696x392.jpeg 696w, https:\/\/www.fiscalia.gov.co\/colombia\/wp-content\/uploads\/LOS-JIBAROS-1068x601.jpeg 1068w, https:\/\/www.fiscalia.gov.co\/colombia\/wp-content\/uploads\/LOS-JIBAROS-747x420.jpeg 747w, https:\/\/www.fiscalia.gov.co\/colombia\/wp-content\/uploads\/LOS-JIBAROS.jpeg 1280w\" sizes=\"auto, (max-width: 696px) 100vw, 696px\" \/><figcaption id=\"caption-attachment-222248\" class=\"wp-caption-text\">Los Jibaros habr\u00edan iniciado su actuar delictivo con la comercializaci\u00f3n de estupefacientes.<\/figcaption><\/figure>\n<p>El grupo delictivo estar\u00eda compuesto por cinco hombres, capturados mediante orden judicial, y que fueron\u00a0presentados ante un juez de control\u00a0de garant\u00edas quien imparti\u00f3 en su contra\u00a0medida de aseguramiento en la c\u00e1rcel de Tunja Boyac\u00e1.<\/p>\n<p><strong>Se trata de:<\/strong><\/p>\n<p><strong>Elkin Fernando Brice\u00f1o Vargas,\u00a0<\/strong><strong>Yuber Fernando Mill\u00e1n Contreras,\u00a0<\/strong><strong>Milton Fernando Corredor Buitrago, Wilmar P\u00e1rraga Ram\u00edrez<\/strong>\u00a0y\u00a0<strong>\u00c9dison Fabi\u00e1n Mu\u00f1oz Ot\u00e1lora\u00a0<\/strong>a quienes la Fiscal\u00eda imput\u00f3 como presuntos responsables, seg\u00fan sus responsabilidades, de delitos como: concierto para delinquir, hurto calificado agravado, porte ilegal de armas de fuego, receptaci\u00f3n, tr\u00e1fico, fabricaci\u00f3n o porte de estupefacientes.\u00a0<strong>Ninguno de los judicializados acept\u00f3<\/strong>\u00a0su responsabilidad.<\/p>\n<p><strong>La investigaci\u00f3n<\/strong><\/p>\n<p>En junio de 2020 iniciaron las indagaciones para identificar e individualizar a los\u00a0<strong>posibles autore<\/strong>s de la\u00a0<strong>comercializaci\u00f3n de alucin\u00f3genos<\/strong>\u00a0en el municipio de Ventaquemada Boyac\u00e1.<\/p>\n<p>De acuerdo con la informaci\u00f3n recaudada por la polic\u00eda judicial de la Sijin de Tunja, los integrantes de esta organizaci\u00f3n\u00a0<strong>no solamente estar\u00edan comercializando estupefacientes<\/strong>\u00a0como marihuana,\u00a0<strong>sino que tambi\u00e9n hurtaban motocicleta que luego eran comercializadas.<\/strong><\/p>\n<p>Los procesados habr\u00edan participado en, por lo menos, cuatro eventos de hurto de motos denunciados, por lo que se realiz\u00f3 la asociaci\u00f3n de casos que dio como resultado la identificaci\u00f3n de los hoy judicializados.<\/p>\n<p>En este caso se logr\u00f3 establecer que\u00a0<strong>Los Jibaros delinquir\u00edan\u00a0<\/strong>en los municipios boyacenses de Tunja, Ventaquemada, Samac\u00e1, Villa Pinz\u00f3n y Chocont\u00e1.<\/p>\n<p>Durante el\u00a0<strong>operativo de captura se hallaron<\/strong>\u00a0<strong>dos motos reportadas como hurtadas que estar\u00edan\u00a0<\/strong>listas a ser vendidas. Dichos veh\u00edculos ten\u00edan placas adulteradas<strong>\u00a0<\/strong>y documentos de compra y venta de venta.<\/p>\n<p>Esta es la\u00a0<strong>segunda estructura de hurto de motos que es desmantelada por la Fiscal\u00eda\u00a0<\/strong>en Boyac\u00e1,\u00a0<strong>en una semana<\/strong>. La primera se denominaba\u00a0<a href=\"https:\/\/www.fiscalia.gov.co\/colombia\/crimen-organizado\/judicializados-presuntos-integrantes-de-una-organizacion-delictiva-dedicada-al-hurto-de-motos-en-boyaca\/\">Los Guasones<\/a>\u00a0y estaba compuesta por cinco personas<strong>.<\/strong><\/p>\n<p>La Fiscal\u00eda habla con resultados.<\/p>\n<p>MRB\/MAGA\/MC<\/p>\n<p><em>La informaci\u00f3n contenida en este bolet\u00edn de prensa corresponde a la narraci\u00f3n de los hechos noticiosos objetivos, suministrados por los funcionarios encargados de adelantar las investigaciones penales al interior de la Fiscal\u00eda General de la Naci\u00f3n. Para el momento de la divulgaci\u00f3n de este comunicado, la situaci\u00f3n jur\u00eddica de la(s) persona(s) relacionada(s) se encuentra pendiente de resolver por la autoridad judicial competente, siempre bajo los preceptos de la presunci\u00f3n de inocencia, consagrados en el art\u00edculo 29 de la Constituci\u00f3n Pol\u00edtica y el art\u00edculo 7\u00ba de la Ley 906 de 2004.<\/em><\/p>\n<p>&nbsp;<\/p>\n\n<div class=\"twitter-share\"><a href=\"https:\/\/twitter.com\/intent\/tweet?via=fiscaliacol\" class=\"twitter-share-button\">Tweet<\/a><\/div>\n","protected":false},"excerpt":{"rendered":"<p>Esta es la segunda estructura delincuencial dedicada al hurto de motocicletas desmantelada por la Fiscal\u00eda en Boyac\u00e1, en una semana. Un fiscal de la\u00a0Seccional Boyac\u00e1 lider\u00f3 la operaci\u00f3n que desmantel\u00f3 [&hellip;]<\/p>\n","protected":false},"author":171,"featured_media":0,"comment_status":"closed","ping_status":"open","sticky":false,"template":"","format":"video","meta":{"tdm_status":"","tdm_grid_status":"","footnotes":""},"categories":[341,303,24099],"tags":[83,2408,24465],"class_list":["post-222246","post","type-post","status-publish","format-video","category-seccional-tunja","category-seccionales","category-seguridad-territorial","tag-concierto-para-delinquir","tag-hurto-calificado","tag-seccional-boyaca","post_format-post-format-video"],"yoast_head":"<!-- This site is optimized with the Yoast SEO plugin v24.3 - https:\/\/yoast.com\/wordpress\/plugins\/seo\/ -->\n<title>Fiscal\u00eda General de la Naci\u00f3n<\/title>\n<meta name=\"description\" content=\"P\u00e1gina oficial de la Fiscal\u00eda General de la Naci\u00f3n \u2013 Colombia. Garantizamos el acceso efectivo a la justicia, la verdad y la reparaci\u00f3n de las v\u00edctimas de los delitos.\" \/>\n<meta name=\"robots\" content=\"noindex, follow\" \/>\n<meta property=\"og:locale\" content=\"es_ES\" \/>\n<meta property=\"og:type\" content=\"article\" \/>\n<meta property=\"og:title\" content=\"Fiscal\u00eda General de la Naci\u00f3n\" \/>\n<meta property=\"og:description\" content=\"P\u00e1gina oficial de la Fiscal\u00eda General de la Naci\u00f3n \u2013 Colombia. Garantizamos el acceso efectivo a la justicia, la verdad y la reparaci\u00f3n de las v\u00edctimas de los delitos.\" \/>\n<meta property=\"og:url\" content=\"https:\/\/www.fiscalia.gov.co\/colombia\/seguridad-territorial\/desmantelada-organizacion-delincuencial-presuntamente-dedicada-al-hurto-y-comercializacion-de-motos\/\" \/>\n<meta property=\"og:site_name\" content=\"Fiscal\u00eda General de la Naci\u00f3n\" \/>\n<meta property=\"article:publisher\" content=\"https:\/\/www.facebook.com\/FiscaliaCol\" \/>\n<meta property=\"article:published_time\" content=\"2021-06-16T14:45:05+00:00\" \/>\n<meta property=\"article:modified_time\" content=\"2021-06-21T16:02:25+00:00\" \/>\n<meta property=\"og:image\" content=\"https:\/\/www.fiscalia.gov.co\/colombia\/wp-content\/uploads\/LOS-JIBAROS-1024x576.jpeg\" \/>\n<meta name=\"author\" content=\"Ana Mar\u00eda Gomez\" \/>\n<meta name=\"twitter:card\" content=\"summary_large_image\" \/>\n<meta name=\"twitter:creator\" content=\"@FiscaliaCol\" \/>\n<meta name=\"twitter:site\" content=\"@FiscaliaCol\" \/>\n<meta name=\"twitter:label1\" content=\"Escrito por\" \/>\n\t<meta name=\"twitter:data1\" content=\"Ana Mar\u00eda Gomez\" \/>\n\t<meta name=\"twitter:label2\" content=\"Tiempo de lectura\" \/>\n\t<meta name=\"twitter:data2\" content=\"3 minutos\" \/>\n<script type=\"application\/ld+json\" class=\"yoast-schema-graph\">{\"@context\":\"https:\/\/schema.org\",\"@graph\":[{\"@type\":\"Article\",\"@id\":\"https:\/\/www.fiscalia.gov.co\/colombia\/seguridad-territorial\/desmantelada-organizacion-delincuencial-presuntamente-dedicada-al-hurto-y-comercializacion-de-motos\/#article\",\"isPartOf\":{\"@id\":\"https:\/\/www.fiscalia.gov.co\/colombia\/seguridad-territorial\/desmantelada-organizacion-delincuencial-presuntamente-dedicada-al-hurto-y-comercializacion-de-motos\/\"},\"author\":{\"name\":\"Ana Mar\u00eda Gomez\",\"@id\":\"https:\/\/www.fiscalia.gov.co\/colombia\/#\/schema\/person\/06aa2210fe4d79203f428ff671dee360\"},\"headline\":\"Desmantelada organizaci\u00f3n delincuencial, presuntamente, dedicada al hurto y comercializaci\u00f3n de motos\",\"datePublished\":\"2021-06-16T14:45:05+00:00\",\"dateModified\":\"2021-06-21T16:02:25+00:00\",\"mainEntityOfPage\":{\"@id\":\"https:\/\/www.fiscalia.gov.co\/colombia\/seguridad-territorial\/desmantelada-organizacion-delincuencial-presuntamente-dedicada-al-hurto-y-comercializacion-de-motos\/\"},\"wordCount\":522,\"publisher\":{\"@id\":\"https:\/\/www.fiscalia.gov.co\/colombia\/#organization\"},\"image\":{\"@id\":\"https:\/\/www.fiscalia.gov.co\/colombia\/seguridad-territorial\/desmantelada-organizacion-delincuencial-presuntamente-dedicada-al-hurto-y-comercializacion-de-motos\/#primaryimage\"},\"thumbnailUrl\":\"https:\/\/www.fiscalia.gov.co\/colombia\/wp-content\/uploads\/LOS-JIBAROS-1024x576.jpeg\",\"keywords\":[\"Concierto para delinquir\",\"Hurto calificado\",\"Seccional Boyac\u00e1\"],\"articleSection\":[\"Seccional Tunja\",\"Seccionales\",\"Seguridad territorial\"],\"inLanguage\":\"es-CO\"},{\"@type\":\"WebPage\",\"@id\":\"https:\/\/www.fiscalia.gov.co\/colombia\/seguridad-territorial\/desmantelada-organizacion-delincuencial-presuntamente-dedicada-al-hurto-y-comercializacion-de-motos\/\",\"url\":\"https:\/\/www.fiscalia.gov.co\/colombia\/seguridad-territorial\/desmantelada-organizacion-delincuencial-presuntamente-dedicada-al-hurto-y-comercializacion-de-motos\/\",\"name\":\"Fiscal\u00eda General de la Naci\u00f3n\",\"isPartOf\":{\"@id\":\"https:\/\/www.fiscalia.gov.co\/colombia\/#website\"},\"primaryImageOfPage\":{\"@id\":\"https:\/\/www.fiscalia.gov.co\/colombia\/seguridad-territorial\/desmantelada-organizacion-delincuencial-presuntamente-dedicada-al-hurto-y-comercializacion-de-motos\/#primaryimage\"},\"image\":{\"@id\":\"https:\/\/www.fiscalia.gov.co\/colombia\/seguridad-territorial\/desmantelada-organizacion-delincuencial-presuntamente-dedicada-al-hurto-y-comercializacion-de-motos\/#primaryimage\"},\"thumbnailUrl\":\"https:\/\/www.fiscalia.gov.co\/colombia\/wp-content\/uploads\/LOS-JIBAROS-1024x576.jpeg\",\"datePublished\":\"2021-06-16T14:45:05+00:00\",\"dateModified\":\"2021-06-21T16:02:25+00:00\",\"description\":\"P\u00e1gina oficial de la Fiscal\u00eda General de la Naci\u00f3n \u2013 Colombia. Garantizamos el acceso efectivo a la justicia, la verdad y la reparaci\u00f3n de las v\u00edctimas de los delitos.\",\"breadcrumb\":{\"@id\":\"https:\/\/www.fiscalia.gov.co\/colombia\/seguridad-territorial\/desmantelada-organizacion-delincuencial-presuntamente-dedicada-al-hurto-y-comercializacion-de-motos\/#breadcrumb\"},\"inLanguage\":\"es-CO\",\"potentialAction\":[{\"@type\":\"ReadAction\",\"target\":[\"https:\/\/www.fiscalia.gov.co\/colombia\/seguridad-territorial\/desmantelada-organizacion-delincuencial-presuntamente-dedicada-al-hurto-y-comercializacion-de-motos\/\"]}]},{\"@type\":\"ImageObject\",\"inLanguage\":\"es-CO\",\"@id\":\"https:\/\/www.fiscalia.gov.co\/colombia\/seguridad-territorial\/desmantelada-organizacion-delincuencial-presuntamente-dedicada-al-hurto-y-comercializacion-de-motos\/#primaryimage\",\"url\":\"https:\/\/www.fiscalia.gov.co\/colombia\/wp-content\/uploads\/LOS-JIBAROS-1024x576.jpeg\",\"contentUrl\":\"https:\/\/www.fiscalia.gov.co\/colombia\/wp-content\/uploads\/LOS-JIBAROS-1024x576.jpeg\"},{\"@type\":\"BreadcrumbList\",\"@id\":\"https:\/\/www.fiscalia.gov.co\/colombia\/seguridad-territorial\/desmantelada-organizacion-delincuencial-presuntamente-dedicada-al-hurto-y-comercializacion-de-motos\/#breadcrumb\",\"itemListElement\":[{\"@type\":\"ListItem\",\"position\":1,\"name\":\"Home\",\"item\":\"https:\/\/www.fiscalia.gov.co\/colombia\/\"},{\"@type\":\"ListItem\",\"position\":2,\"name\":\"Desmantelada organizaci\u00f3n delincuencial, presuntamente, dedicada al hurto y comercializaci\u00f3n de motos\"}]},{\"@type\":\"WebSite\",\"@id\":\"https:\/\/www.fiscalia.gov.co\/colombia\/#website\",\"url\":\"https:\/\/www.fiscalia.gov.co\/colombia\/\",\"name\":\"Fiscal\u00eda General de la Naci\u00f3n\",\"description\":\"P\u00e1gina oficial de la Fiscal\u00eda General de la Naci\u00f3n \u2013 Colombia. Garantizamos el acceso efectivo a la justicia, la verdad y la reparaci\u00f3n de las v\u00edctimas de los delitos.\",\"publisher\":{\"@id\":\"https:\/\/www.fiscalia.gov.co\/colombia\/#organization\"},\"potentialAction\":[{\"@type\":\"SearchAction\",\"target\":{\"@type\":\"EntryPoint\",\"urlTemplate\":\"https:\/\/www.fiscalia.gov.co\/colombia\/?s={search_term_string}\"},\"query-input\":{\"@type\":\"PropertyValueSpecification\",\"valueRequired\":true,\"valueName\":\"search_term_string\"}}],\"inLanguage\":\"es-CO\"},{\"@type\":\"Organization\",\"@id\":\"https:\/\/www.fiscalia.gov.co\/colombia\/#organization\",\"name\":\"Fiscal\u00eda General de la Naci\u00f3n\",\"url\":\"https:\/\/www.fiscalia.gov.co\/colombia\/\",\"logo\":{\"@type\":\"ImageObject\",\"inLanguage\":\"es-CO\",\"@id\":\"https:\/\/www.fiscalia.gov.co\/colombia\/#\/schema\/logo\/image\/\",\"url\":\"https:\/\/www.fiscalia.gov.co\/colombia\/wp-content\/uploads\/LogoHorizontal_1.jpg\",\"contentUrl\":\"https:\/\/www.fiscalia.gov.co\/colombia\/wp-content\/uploads\/LogoHorizontal_1.jpg\",\"width\":300,\"height\":90,\"caption\":\"Fiscal\u00eda General de la Naci\u00f3n\"},\"image\":{\"@id\":\"https:\/\/www.fiscalia.gov.co\/colombia\/#\/schema\/logo\/image\/\"},\"sameAs\":[\"https:\/\/www.facebook.com\/FiscaliaCol\",\"https:\/\/x.com\/FiscaliaCol\",\"https:\/\/www.instagram.com\/fiscaliacol\",\"https:\/\/www.linkedin.com\/company\/fiscalia-general-de-la-naci-n\/\",\"https:\/\/youtube.com\/@fiscaliageneraldelanacion-4668?si=6nN79nyQICPU5iTh\"]},{\"@type\":\"Person\",\"@id\":\"https:\/\/www.fiscalia.gov.co\/colombia\/#\/schema\/person\/06aa2210fe4d79203f428ff671dee360\",\"name\":\"Ana Mar\u00eda Gomez\",\"image\":{\"@type\":\"ImageObject\",\"inLanguage\":\"es-CO\",\"@id\":\"https:\/\/www.fiscalia.gov.co\/colombia\/#\/schema\/person\/image\/\",\"url\":\"https:\/\/secure.gravatar.com\/avatar\/a38115d98a7f8a96cbb96af2b2c37a0b?s=96&d=mm&r=g\",\"contentUrl\":\"https:\/\/secure.gravatar.com\/avatar\/a38115d98a7f8a96cbb96af2b2c37a0b?s=96&d=mm&r=g\",\"caption\":\"Ana Mar\u00eda Gomez\"},\"url\":\"https:\/\/www.fiscalia.gov.co\/colombia\/author\/agomez\/\"}]}<\/script>\n<!-- \/ Yoast SEO plugin. -->","yoast_head_json":{"title":"Fiscal\u00eda General de la Naci\u00f3n","description":"P\u00e1gina oficial de la Fiscal\u00eda General de la Naci\u00f3n \u2013 Colombia. Garantizamos el acceso efectivo a la justicia, la verdad y la reparaci\u00f3n de las v\u00edctimas de los delitos.","robots":{"index":"noindex","follow":"follow"},"og_locale":"es_ES","og_type":"article","og_title":"Fiscal\u00eda General de la Naci\u00f3n","og_description":"P\u00e1gina oficial de la Fiscal\u00eda General de la Naci\u00f3n \u2013 Colombia. Garantizamos el acceso efectivo a la justicia, la verdad y la reparaci\u00f3n de las v\u00edctimas de los delitos.","og_url":"https:\/\/www.fiscalia.gov.co\/colombia\/seguridad-territorial\/desmantelada-organizacion-delincuencial-presuntamente-dedicada-al-hurto-y-comercializacion-de-motos\/","og_site_name":"Fiscal\u00eda General de la Naci\u00f3n","article_publisher":"https:\/\/www.facebook.com\/FiscaliaCol","article_published_time":"2021-06-16T14:45:05+00:00","article_modified_time":"2021-06-21T16:02:25+00:00","og_image":[{"url":"https:\/\/www.fiscalia.gov.co\/colombia\/wp-content\/uploads\/LOS-JIBAROS-1024x576.jpeg","type":"","width":"","height":""}],"author":"Ana Mar\u00eda Gomez","twitter_card":"summary_large_image","twitter_creator":"@FiscaliaCol","twitter_site":"@FiscaliaCol","twitter_misc":{"Escrito por":"Ana Mar\u00eda Gomez","Tiempo de lectura":"3 minutos"},"schema":{"@context":"https:\/\/schema.org","@graph":[{"@type":"Article","@id":"https:\/\/www.fiscalia.gov.co\/colombia\/seguridad-territorial\/desmantelada-organizacion-delincuencial-presuntamente-dedicada-al-hurto-y-comercializacion-de-motos\/#article","isPartOf":{"@id":"https:\/\/www.fiscalia.gov.co\/colombia\/seguridad-territorial\/desmantelada-organizacion-delincuencial-presuntamente-dedicada-al-hurto-y-comercializacion-de-motos\/"},"author":{"name":"Ana Mar\u00eda Gomez","@id":"https:\/\/www.fiscalia.gov.co\/colombia\/#\/schema\/person\/06aa2210fe4d79203f428ff671dee360"},"headline":"Desmantelada organizaci\u00f3n delincuencial, presuntamente, dedicada al hurto y comercializaci\u00f3n de motos","datePublished":"2021-06-16T14:45:05+00:00","dateModified":"2021-06-21T16:02:25+00:00","mainEntityOfPage":{"@id":"https:\/\/www.fiscalia.gov.co\/colombia\/seguridad-territorial\/desmantelada-organizacion-delincuencial-presuntamente-dedicada-al-hurto-y-comercializacion-de-motos\/"},"wordCount":522,"publisher":{"@id":"https:\/\/www.fiscalia.gov.co\/colombia\/#organization"},"image":{"@id":"https:\/\/www.fiscalia.gov.co\/colombia\/seguridad-territorial\/desmantelada-organizacion-delincuencial-presuntamente-dedicada-al-hurto-y-comercializacion-de-motos\/#primaryimage"},"thumbnailUrl":"https:\/\/www.fiscalia.gov.co\/colombia\/wp-content\/uploads\/LOS-JIBAROS-1024x576.jpeg","keywords":["Concierto para delinquir","Hurto calificado","Seccional Boyac\u00e1"],"articleSection":["Seccional Tunja","Seccionales","Seguridad territorial"],"inLanguage":"es-CO"},{"@type":"WebPage","@id":"https:\/\/www.fiscalia.gov.co\/colombia\/seguridad-territorial\/desmantelada-organizacion-delincuencial-presuntamente-dedicada-al-hurto-y-comercializacion-de-motos\/","url":"https:\/\/www.fiscalia.gov.co\/colombia\/seguridad-territorial\/desmantelada-organizacion-delincuencial-presuntamente-dedicada-al-hurto-y-comercializacion-de-motos\/","name":"Fiscal\u00eda General de la Naci\u00f3n","isPartOf":{"@id":"https:\/\/www.fiscalia.gov.co\/colombia\/#website"},"primaryImageOfPage":{"@id":"https:\/\/www.fiscalia.gov.co\/colombia\/seguridad-territorial\/desmantelada-organizacion-delincuencial-presuntamente-dedicada-al-hurto-y-comercializacion-de-motos\/#primaryimage"},"image":{"@id":"https:\/\/www.fiscalia.gov.co\/colombia\/seguridad-territorial\/desmantelada-organizacion-delincuencial-presuntamente-dedicada-al-hurto-y-comercializacion-de-motos\/#primaryimage"},"thumbnailUrl":"https:\/\/www.fiscalia.gov.co\/colombia\/wp-content\/uploads\/LOS-JIBAROS-1024x576.jpeg","datePublished":"2021-06-16T14:45:05+00:00","dateModified":"2021-06-21T16:02:25+00:00","description":"P\u00e1gina oficial de la Fiscal\u00eda General de la Naci\u00f3n \u2013 Colombia. Garantizamos el acceso efectivo a la justicia, la verdad y la reparaci\u00f3n de las v\u00edctimas de los delitos.","breadcrumb":{"@id":"https:\/\/www.fiscalia.gov.co\/colombia\/seguridad-territorial\/desmantelada-organizacion-delincuencial-presuntamente-dedicada-al-hurto-y-comercializacion-de-motos\/#breadcrumb"},"inLanguage":"es-CO","potentialAction":[{"@type":"ReadAction","target":["https:\/\/www.fiscalia.gov.co\/colombia\/seguridad-territorial\/desmantelada-organizacion-delincuencial-presuntamente-dedicada-al-hurto-y-comercializacion-de-motos\/"]}]},{"@type":"ImageObject","inLanguage":"es-CO","@id":"https:\/\/www.fiscalia.gov.co\/colombia\/seguridad-territorial\/desmantelada-organizacion-delincuencial-presuntamente-dedicada-al-hurto-y-comercializacion-de-motos\/#primaryimage","url":"https:\/\/www.fiscalia.gov.co\/colombia\/wp-content\/uploads\/LOS-JIBAROS-1024x576.jpeg","contentUrl":"https:\/\/www.fiscalia.gov.co\/colombia\/wp-content\/uploads\/LOS-JIBAROS-1024x576.jpeg"},{"@type":"BreadcrumbList","@id":"https:\/\/www.fiscalia.gov.co\/colombia\/seguridad-territorial\/desmantelada-organizacion-delincuencial-presuntamente-dedicada-al-hurto-y-comercializacion-de-motos\/#breadcrumb","itemListElement":[{"@type":"ListItem","position":1,"name":"Home","item":"https:\/\/www.fiscalia.gov.co\/colombia\/"},{"@type":"ListItem","position":2,"name":"Desmantelada organizaci\u00f3n delincuencial, presuntamente, dedicada al hurto y comercializaci\u00f3n de motos"}]},{"@type":"WebSite","@id":"https:\/\/www.fiscalia.gov.co\/colombia\/#website","url":"https:\/\/www.fiscalia.gov.co\/colombia\/","name":"Fiscal\u00eda General de la Naci\u00f3n","description":"P\u00e1gina oficial de la Fiscal\u00eda General de la Naci\u00f3n \u2013 Colombia. Garantizamos el acceso efectivo a la justicia, la verdad y la reparaci\u00f3n de las v\u00edctimas de los delitos.","publisher":{"@id":"https:\/\/www.fiscalia.gov.co\/colombia\/#organization"},"potentialAction":[{"@type":"SearchAction","target":{"@type":"EntryPoint","urlTemplate":"https:\/\/www.fiscalia.gov.co\/colombia\/?s={search_term_string}"},"query-input":{"@type":"PropertyValueSpecification","valueRequired":true,"valueName":"search_term_string"}}],"inLanguage":"es-CO"},{"@type":"Organization","@id":"https:\/\/www.fiscalia.gov.co\/colombia\/#organization","name":"Fiscal\u00eda General de la Naci\u00f3n","url":"https:\/\/www.fiscalia.gov.co\/colombia\/","logo":{"@type":"ImageObject","inLanguage":"es-CO","@id":"https:\/\/www.fiscalia.gov.co\/colombia\/#\/schema\/logo\/image\/","url":"https:\/\/www.fiscalia.gov.co\/colombia\/wp-content\/uploads\/LogoHorizontal_1.jpg","contentUrl":"https:\/\/www.fiscalia.gov.co\/colombia\/wp-content\/uploads\/LogoHorizontal_1.jpg","width":300,"height":90,"caption":"Fiscal\u00eda General de la Naci\u00f3n"},"image":{"@id":"https:\/\/www.fiscalia.gov.co\/colombia\/#\/schema\/logo\/image\/"},"sameAs":["https:\/\/www.facebook.com\/FiscaliaCol","https:\/\/x.com\/FiscaliaCol","https:\/\/www.instagram.com\/fiscaliacol","https:\/\/www.linkedin.com\/company\/fiscalia-general-de-la-naci-n\/","https:\/\/youtube.com\/@fiscaliageneraldelanacion-4668?si=6nN79nyQICPU5iTh"]},{"@type":"Person","@id":"https:\/\/www.fiscalia.gov.co\/colombia\/#\/schema\/person\/06aa2210fe4d79203f428ff671dee360","name":"Ana Mar\u00eda Gomez","image":{"@type":"ImageObject","inLanguage":"es-CO","@id":"https:\/\/www.fiscalia.gov.co\/colombia\/#\/schema\/person\/image\/","url":"https:\/\/secure.gravatar.com\/avatar\/a38115d98a7f8a96cbb96af2b2c37a0b?s=96&d=mm&r=g","contentUrl":"https:\/\/secure.gravatar.com\/avatar\/a38115d98a7f8a96cbb96af2b2c37a0b?s=96&d=mm&r=g","caption":"Ana Mar\u00eda Gomez"},"url":"https:\/\/www.fiscalia.gov.co\/colombia\/author\/agomez\/"}]}},"_links":{"self":[{"href":"https:\/\/www.fiscalia.gov.co\/colombia\/wp-json\/wp\/v2\/posts\/222246","targetHints":{"allow":["GET"]}}],"collection":[{"href":"https:\/\/www.fiscalia.gov.co\/colombia\/wp-json\/wp\/v2\/posts"}],"about":[{"href":"https:\/\/www.fiscalia.gov.co\/colombia\/wp-json\/wp\/v2\/types\/post"}],"author":[{"embeddable":true,"href":"https:\/\/www.fiscalia.gov.co\/colombia\/wp-json\/wp\/v2\/users\/171"}],"replies":[{"embeddable":true,"href":"https:\/\/www.fiscalia.gov.co\/colombia\/wp-json\/wp\/v2\/comments?post=222246"}],"version-history":[{"count":2,"href":"https:\/\/www.fiscalia.gov.co\/colombia\/wp-json\/wp\/v2\/posts\/222246\/revisions"}],"predecessor-version":[{"id":222249,"href":"https:\/\/www.fiscalia.gov.co\/colombia\/wp-json\/wp\/v2\/posts\/222246\/revisions\/222249"}],"wp:attachment":[{"href":"https:\/\/www.fiscalia.gov.co\/colombia\/wp-json\/wp\/v2\/media?parent=222246"}],"wp:term":[{"taxonomy":"category","embeddable":true,"href":"https:\/\/www.fiscalia.gov.co\/colombia\/wp-json\/wp\/v2\/categories?post=222246"},{"taxonomy":"post_tag","embeddable":true,"href":"https:\/\/www.fiscalia.gov.co\/colombia\/wp-json\/wp\/v2\/tags?post=222246"}],"curies":[{"name":"wp","href":"https:\/\/api.w.org\/{rel}","templated":true}]}}